{"id":2480,"date":"2024-01-04T01:12:24","date_gmt":"2024-01-04T01:12:24","guid":{"rendered":"https:\/\/blogdobispo.com.br\/?p=2480"},"modified":"2024-01-04T01:12:24","modified_gmt":"2024-01-04T01:12:24","slug":"lista-de-rodizio-de-pastores-ieadern-2024","status":"publish","type":"post","link":"https:\/\/blogdobispo.com.br\/?p=2480","title":{"rendered":"Lista de rod\u00edzio de pastores IEADERN 2024"},"content":{"rendered":"\n<p>Filtre por setor, congrega\u00e7\u00e3o ou dirigente<\/p>\n\n\n\n<h2 class=\"wp-block-heading\">\u00c1rea 1<\/h2>\n\n\n\n<h2 class=\"wp-block-heading\">Setor 1<\/h2>\n\n\n\n<figure class=\"wp-block-image\"><img data-recalc-dims=\"1\" decoding=\"async\" src=\"https:\/\/i0.wp.com\/s3-propozzito.s3.amazonaws.com\/membros\/storage\/app\/public\/membros\/Fotos\/5204_medium.jpg?w=800&#038;ssl=1\" alt=\"\"\/><\/figure>\n\n\n\n<h3 class=\"wp-block-heading\">PTE. BANDEIRA<\/h3>\n\n\n\n<p>Ev. Paulo Roberto de Souza<\/p>\n\n\n\n<figure class=\"wp-block-image\"><img data-recalc-dims=\"1\" decoding=\"async\" src=\"https:\/\/i0.wp.com\/s3-propozzito.s3.amazonaws.com\/membros\/storage\/app\/public\/membros\/August2023\/MA1ANCfvAP7PjJw8J3ql_medium.jpg?w=800&#038;ssl=1\" alt=\"\"\/><\/figure>\n\n\n\n<h3 class=\"wp-block-heading\">Cidade Alta<\/h3>\n\n\n\n<p>Pb. Martim Fernandes da Silva<\/p>\n\n\n\n<figure class=\"wp-block-image\"><img data-recalc-dims=\"1\" decoding=\"async\" src=\"https:\/\/i0.wp.com\/s3-propozzito.s3.amazonaws.com\/membros\/storage\/app\/public\/membros\/Fotos\/12817_medium.jpg?w=800&#038;ssl=1\" alt=\"\"\/><\/figure>\n\n\n\n<h3 class=\"wp-block-heading\">Nova Galil\u00e9ia<\/h3>\n\n\n\n<p>Pb. Iranildo Jos\u00e9 da Silva Costa<\/p>\n\n\n\n<figure class=\"wp-block-image\"><img data-recalc-dims=\"1\" decoding=\"async\" src=\"https:\/\/i0.wp.com\/s3-propozzito.s3.amazonaws.com\/membros\/storage\/app\/public\/membros\/June2021\/GzRHWnf8d52g7m91jzZd_medium.jpg?w=800&#038;ssl=1\" alt=\"\"\/><\/figure>\n\n\n\n<h3 class=\"wp-block-heading\">Novo Viver<\/h3>\n\n\n\n<p>Pb. Elias Trajano de Morais<\/p>\n\n\n\n<figure class=\"wp-block-image\"><img data-recalc-dims=\"1\" decoding=\"async\" src=\"https:\/\/i0.wp.com\/s3-propozzito.s3.amazonaws.com\/membros\/storage\/app\/public\/users\/default.png?w=800&#038;ssl=1\" alt=\"\"\/><\/figure>\n\n\n\n<h3 class=\"wp-block-heading\">Passo da P\u00e1tria<\/h3>\n\n\n\n<p>Pb. Frank Williams Azevedo C\u00e2mara<\/p>\n\n\n\n<figure class=\"wp-block-image\"><img data-recalc-dims=\"1\" decoding=\"async\" src=\"https:\/\/i0.wp.com\/s3-propozzito.s3.amazonaws.com\/membros\/storage\/app\/public\/membros\/Fotos\/1770_medium.jpg?w=800&#038;ssl=1\" alt=\"\"\/><\/figure>\n\n\n\n<h3 class=\"wp-block-heading\">Rosa de Sarom<\/h3>\n\n\n\n<p>Ev. Francisco Pereira Barbosa<\/p>\n\n\n\n<h2 class=\"wp-block-heading\">\u00c1rea 1<\/h2>\n\n\n\n<h2 class=\"wp-block-heading\">Setor 6<\/h2>\n\n\n\n<figure class=\"wp-block-image\"><img data-recalc-dims=\"1\" decoding=\"async\" src=\"https:\/\/i0.wp.com\/s3-propozzito.s3.amazonaws.com\/membros\/storage\/app\/public\/membros\/Fotos\/10985_medium.jpg?w=800&#038;ssl=1\" alt=\"\"\/><\/figure>\n\n\n\n<h3 class=\"wp-block-heading\">LAGOA SECA<\/h3>\n\n\n\n<p>Ev. Marcondes Souza de Ara\u00fajo<\/p>\n\n\n\n<figure class=\"wp-block-image\"><img data-recalc-dims=\"1\" decoding=\"async\" src=\"https:\/\/i0.wp.com\/s3-propozzito.s3.amazonaws.com\/membros\/storage\/app\/public\/membros\/Fotos\/7196_medium.jpg?w=800&#038;ssl=1\" alt=\"\"\/><\/figure>\n\n\n\n<h3 class=\"wp-block-heading\">Barro Vermelho<\/h3>\n\n\n\n<p>Pb. Mizael de Melo Lira<\/p>\n\n\n\n<figure class=\"wp-block-image\"><img data-recalc-dims=\"1\" decoding=\"async\" src=\"https:\/\/i0.wp.com\/s3-propozzito.s3.amazonaws.com\/membros\/storage\/app\/public\/membros\/Fotos\/3595_medium.jpg?w=800&#038;ssl=1\" alt=\"\"\/><\/figure>\n\n\n\n<h3 class=\"wp-block-heading\">Morro Branco<\/h3>\n\n\n\n<p>Pb. Salatiel Jer\u00f4nimo Oleg\u00e1rio<\/p>\n\n\n\n<figure class=\"wp-block-image\"><img data-recalc-dims=\"1\" decoding=\"async\" src=\"https:\/\/i0.wp.com\/s3-propozzito.s3.amazonaws.com\/membros\/storage\/app\/public\/membros\/September2023\/KocxIjHHAvNCcNBW5A8Y_medium.jpg?w=800&#038;ssl=1\" alt=\"\"\/><\/figure>\n\n\n\n<h3 class=\"wp-block-heading\">Novo Alvorecer<\/h3>\n\n\n\n<p>Pb. Jo\u00e3o Maria Sobrinho<\/p>\n\n\n\n<figure class=\"wp-block-image\"><img data-recalc-dims=\"1\" decoding=\"async\" src=\"https:\/\/i0.wp.com\/s3-propozzito.s3.amazonaws.com\/membros\/storage\/app\/public\/membros\/March2022\/nIANV6hlsVUBni69PGgQ_medium.jpg?w=800&#038;ssl=1\" alt=\"\"\/><\/figure>\n\n\n\n<h3 class=\"wp-block-heading\">Tirol<\/h3>\n\n\n\n<p>Pb. Adelmares Rocha Dantas<\/p>\n\n\n\n<h2 class=\"wp-block-heading\">\u00c1rea 1<\/h2>\n\n\n\n<h2 class=\"wp-block-heading\">Setor 7<\/h2>\n\n\n\n<figure class=\"wp-block-image\"><img data-recalc-dims=\"1\" decoding=\"async\" src=\"https:\/\/i0.wp.com\/s3-propozzito.s3.amazonaws.com\/membros\/storage\/app\/public\/membros\/Fotos\/33605_medium.jpg?w=800&#038;ssl=1\" alt=\"\"\/><\/figure>\n\n\n\n<h3 class=\"wp-block-heading\">DIX-SEPT ROSADO<\/h3>\n\n\n\n<p>Pr. Di\u00f3genes Lopes da Silva<\/p>\n\n\n\n<figure class=\"wp-block-image\"><img data-recalc-dims=\"1\" decoding=\"async\" src=\"https:\/\/i0.wp.com\/s3-propozzito.s3.amazonaws.com\/membros\/storage\/app\/public\/membros\/June2021\/qgsoLegXGnBFwuIgSrEW_medium.jpg?w=800&#038;ssl=1\" alt=\"\"\/><\/figure>\n\n\n\n<h3 class=\"wp-block-heading\">Fonte de Refrig\u00e9rio<\/h3>\n\n\n\n<p>Pb. Marcos Ferreira Furtado Junior<\/p>\n\n\n\n<figure class=\"wp-block-image\"><img data-recalc-dims=\"1\" decoding=\"async\" src=\"https:\/\/i0.wp.com\/s3-propozzito.s3.amazonaws.com\/membros\/storage\/app\/public\/membros\/Fotos\/3823_medium.jpg?w=800&#038;ssl=1\" alt=\"\"\/><\/figure>\n\n\n\n<h3 class=\"wp-block-heading\">Nascidos em Cristo<\/h3>\n\n\n\n<p>Pb. Jo\u00e3o Em\u00eddio Soares<\/p>\n\n\n\n<figure class=\"wp-block-image\"><img data-recalc-dims=\"1\" decoding=\"async\" src=\"https:\/\/i0.wp.com\/s3-propozzito.s3.amazonaws.com\/membros\/storage\/app\/public\/membros\/Fotos\/35402_medium.jpg?w=800&#038;ssl=1\" alt=\"\"\/><\/figure>\n\n\n\n<h3 class=\"wp-block-heading\">Nova Vida<\/h3>\n\n\n\n<p>Pb. Dorn\u00e9lio Bandeira de Souza<\/p>\n\n\n\n<figure class=\"wp-block-image\"><img data-recalc-dims=\"1\" decoding=\"async\" src=\"https:\/\/i0.wp.com\/s3-propozzito.s3.amazonaws.com\/membros\/storage\/app\/public\/membros\/Fotos\/97111_medium.jpg?w=800&#038;ssl=1\" alt=\"\"\/><\/figure>\n\n\n\n<h3 class=\"wp-block-heading\">Novo Horizonte<\/h3>\n\n\n\n<p>Pb. Aldenilson Albino das Neves<\/p>\n\n\n\n<h2 class=\"wp-block-heading\">\u00c1rea 1<\/h2>\n\n\n\n<h2 class=\"wp-block-heading\">Setor 15<\/h2>\n\n\n\n<figure class=\"wp-block-image\"><img data-recalc-dims=\"1\" decoding=\"async\" src=\"https:\/\/i0.wp.com\/s3-propozzito.s3.amazonaws.com\/membros\/storage\/app\/public\/membros\/Fotos\/9512_medium.jpg?w=800&#038;ssl=1\" alt=\"\"\/><\/figure>\n\n\n\n<h3 class=\"wp-block-heading\">ROCAS<\/h3>\n\n\n\n<p>Pr. Jos\u00e9 Haroldo dos Santos<\/p>\n\n\n\n<figure class=\"wp-block-image\"><img data-recalc-dims=\"1\" decoding=\"async\" src=\"https:\/\/i0.wp.com\/s3-propozzito.s3.amazonaws.com\/membros\/storage\/app\/public\/membros\/Fotos\/13216_medium.jpg?w=800&#038;ssl=1\" alt=\"\"\/><\/figure>\n\n\n\n<h3 class=\"wp-block-heading\">Beth Shalom<\/h3>\n\n\n\n<p>Pb. Janilson Luiz Bezerra<\/p>\n\n\n\n<figure class=\"wp-block-image\"><img data-recalc-dims=\"1\" decoding=\"async\" src=\"https:\/\/i0.wp.com\/s3-propozzito.s3.amazonaws.com\/membros\/storage\/app\/public\/membros\/March2022\/FmAWaOfc6LsCEvPz0RLD_medium.png?w=800&#038;ssl=1\" alt=\"\"\/><\/figure>\n\n\n\n<h3 class=\"wp-block-heading\">Farol I<\/h3>\n\n\n\n<p>Ev. H\u00e9lio Teod\u00f3sio de Melo<\/p>\n\n\n\n<figure class=\"wp-block-image\"><img data-recalc-dims=\"1\" decoding=\"async\" src=\"https:\/\/i0.wp.com\/s3-propozzito.s3.amazonaws.com\/membros\/storage\/app\/public\/membros\/Fotos\/11034_medium.jpg?w=800&#038;ssl=1\" alt=\"\"\/><\/figure>\n\n\n\n<h3 class=\"wp-block-heading\">Farol II<\/h3>\n\n\n\n<p>Ev. Jo\u00e3o Maria Alves da Silva<\/p>\n\n\n\n<figure class=\"wp-block-image\"><img data-recalc-dims=\"1\" decoding=\"async\" src=\"https:\/\/i0.wp.com\/s3-propozzito.s3.amazonaws.com\/membros\/storage\/app\/public\/membros\/Fotos\/4359_medium.jpg?w=800&#038;ssl=1\" alt=\"\"\/><\/figure>\n\n\n\n<h3 class=\"wp-block-heading\">Liberdade<\/h3>\n\n\n\n<p>Pb. Jos\u00e9 Carlos de Alc\u00e2ntara<\/p>\n\n\n\n<figure class=\"wp-block-image\"><img data-recalc-dims=\"1\" decoding=\"async\" src=\"https:\/\/i0.wp.com\/s3-propozzito.s3.amazonaws.com\/membros\/storage\/app\/public\/membros\/Fotos\/31069_medium.jpg?w=800&#038;ssl=1\" alt=\"\"\/><\/figure>\n\n\n\n<h3 class=\"wp-block-heading\">M\u00e3e Luiza<\/h3>\n\n\n\n<p>Pb. Leandro Heber da Silva Santos<\/p>\n\n\n\n<figure class=\"wp-block-image\"><img data-recalc-dims=\"1\" decoding=\"async\" src=\"https:\/\/i0.wp.com\/s3-propozzito.s3.amazonaws.com\/membros\/storage\/app\/public\/membros\/Fotos\/18725_medium.jpg?w=800&#038;ssl=1\" alt=\"\"\/><\/figure>\n\n\n\n<h3 class=\"wp-block-heading\">Petr\u00f3polis<\/h3>\n\n\n\n<p>Pb. Raul Soares da Silva<\/p>\n\n\n\n<h2 class=\"wp-block-heading\">\u00c1rea 1<\/h2>\n\n\n\n<h2 class=\"wp-block-heading\">Setor 24<\/h2>\n\n\n\n<figure class=\"wp-block-image\"><img data-recalc-dims=\"1\" decoding=\"async\" src=\"https:\/\/i0.wp.com\/s3-propozzito.s3.amazonaws.com\/membros\/storage\/app\/public\/membros\/Fotos\/5068_medium.jpg?w=800&#038;ssl=1\" alt=\"\"\/><\/figure>\n\n\n\n<h3 class=\"wp-block-heading\">EBEN\u00c9ZER<\/h3>\n\n\n\n<p>Ev. Jos\u00e9 Nildo Rocha<\/p>\n\n\n\n<figure class=\"wp-block-image\"><img data-recalc-dims=\"1\" decoding=\"async\" src=\"https:\/\/i0.wp.com\/s3-propozzito.s3.amazonaws.com\/membros\/storage\/app\/public\/membros\/Fotos\/16573_medium.jpg?w=800&#038;ssl=1\" alt=\"\"\/><\/figure>\n\n\n\n<h3 class=\"wp-block-heading\">Aprisco das Ovelhas<\/h3>\n\n\n\n<p>Pb. Mois\u00e9s Barboza da Silva<\/p>\n\n\n\n<figure class=\"wp-block-image\"><img data-recalc-dims=\"1\" decoding=\"async\" src=\"https:\/\/i0.wp.com\/s3-propozzito.s3.amazonaws.com\/membros\/storage\/app\/public\/membros\/Fotos\/42022_medium.jpg?w=800&#038;ssl=1\" alt=\"\"\/><\/figure>\n\n\n\n<h3 class=\"wp-block-heading\">Betel<\/h3>\n\n\n\n<p>Pb. Li\u00eanio Carlos Marques<\/p>\n\n\n\n<figure class=\"wp-block-image\"><img data-recalc-dims=\"1\" decoding=\"async\" src=\"https:\/\/i0.wp.com\/s3-propozzito.s3.amazonaws.com\/membros\/storage\/app\/public\/membros\/June2021\/tIZhSxV6f2kFMH6lxGn8_medium.jpg?w=800&#038;ssl=1\" alt=\"\"\/><\/figure>\n\n\n\n<h3 class=\"wp-block-heading\">Chama Viva<\/h3>\n\n\n\n<p>Pb. Jos\u00e9 Leonardo dos Santos<\/p>\n\n\n\n<figure class=\"wp-block-image\"><img data-recalc-dims=\"1\" decoding=\"async\" src=\"https:\/\/i0.wp.com\/s3-propozzito.s3.amazonaws.com\/membros\/storage\/app\/public\/membros\/aplicativo\/nteuSVrKd6F5Yp87mN1gtR3tcfAa58wDsF5J4hM5_medium.jpg?w=800&#038;ssl=1\" alt=\"\"\/><\/figure>\n\n\n\n<h3 class=\"wp-block-heading\">Rio Potengi<\/h3>\n\n\n\n<p>Ev. Dan\u00fabio Gomes da Silva<\/p>\n\n\n\n<h2 class=\"wp-block-heading\">\u00c1rea 1<\/h2>\n\n\n\n<h2 class=\"wp-block-heading\">Setor 38<\/h2>\n\n\n\n<figure class=\"wp-block-image\"><img data-recalc-dims=\"1\" decoding=\"async\" src=\"https:\/\/i0.wp.com\/s3-propozzito.s3.amazonaws.com\/membros\/storage\/app\/public\/membros\/aplicativo\/ckKqTdsTi4djJKw32tWMmwfgxis41qkC5Y5EBozM_medium.jpg?w=800&#038;ssl=1\" alt=\"\"\/><\/figure>\n\n\n\n<h3 class=\"wp-block-heading\">BELA VISTA<\/h3>\n\n\n\n<p>Ev. Rivaldo Felipe de Souza<\/p>\n\n\n\n<figure class=\"wp-block-image\"><img data-recalc-dims=\"1\" decoding=\"async\" src=\"https:\/\/i0.wp.com\/s3-propozzito.s3.amazonaws.com\/membros\/storage\/app\/public\/membros\/Fotos\/54379_medium.jpg?w=800&#038;ssl=1\" alt=\"\"\/><\/figure>\n\n\n\n<h3 class=\"wp-block-heading\">Bela Vista II<\/h3>\n\n\n\n<p>Pb. Diego Ant\u00f4nio Garcia da Costa<\/p>\n\n\n\n<figure class=\"wp-block-image\"><img data-recalc-dims=\"1\" decoding=\"async\" src=\"https:\/\/i0.wp.com\/s3-propozzito.s3.amazonaws.com\/membros\/storage\/app\/public\/membros\/aplicativo\/J3lTYLteYhwLCEJGuMKvMQbnCoswErI3d3uTBjT9_medium.png?w=800&#038;ssl=1\" alt=\"\"\/><\/figure>\n\n\n\n<h3 class=\"wp-block-heading\">Filad\u00e9lfia<\/h3>\n\n\n\n<p>Pb. Jos\u00e9 Gomes da Silva<\/p>\n\n\n\n<figure class=\"wp-block-image\"><img data-recalc-dims=\"1\" decoding=\"async\" src=\"https:\/\/i0.wp.com\/s3-propozzito.s3.amazonaws.com\/membros\/storage\/app\/public\/membros\/February2023\/qmQUxzsmGKXwJBsU5pDP_medium.jpg?w=800&#038;ssl=1\" alt=\"\"\/><\/figure>\n\n\n\n<h3 class=\"wp-block-heading\">Le\u00e3o de Jud\u00e1<\/h3>\n\n\n\n<p>Ev. Gilson Martins das Chagas<\/p>\n\n\n\n<figure class=\"wp-block-image\"><img data-recalc-dims=\"1\" decoding=\"async\" src=\"https:\/\/i0.wp.com\/s3-propozzito.s3.amazonaws.com\/membros\/storage\/app\/public\/membros\/Fotos\/14957_medium.jpg?w=800&#038;ssl=1\" alt=\"\"\/><\/figure>\n\n\n\n<h3 class=\"wp-block-heading\">M\u00e1rio Lira<\/h3>\n\n\n\n<p>Pb. Henrique Coelho Linhares<\/p>\n\n\n\n<figure class=\"wp-block-image\"><img data-recalc-dims=\"1\" decoding=\"async\" src=\"https:\/\/i0.wp.com\/s3-propozzito.s3.amazonaws.com\/membros\/storage\/app\/public\/membros\/Fotos\/26911_medium.jpg?w=800&#038;ssl=1\" alt=\"\"\/><\/figure>\n\n\n\n<h3 class=\"wp-block-heading\">M\u00e1rio Lira II<\/h3>\n\n\n\n<p>Pb. Walfran Lucas de Souza<\/p>\n\n\n\n<h2 class=\"wp-block-heading\">\u00c1rea 1<\/h2>\n\n\n\n<h2 class=\"wp-block-heading\">Setor 40<\/h2>\n\n\n\n<figure class=\"wp-block-image\"><img data-recalc-dims=\"1\" decoding=\"async\" src=\"https:\/\/i0.wp.com\/s3-propozzito.s3.amazonaws.com\/membros\/storage\/app\/public\/membros\/Fotos\/43072_medium.jpg?w=800&#038;ssl=1\" alt=\"\"\/><\/figure>\n\n\n\n<h3 class=\"wp-block-heading\">NOVA DESCOBERTA<\/h3>\n\n\n\n<p>Ev. Orivaldo Ferreira da Silva<\/p>\n\n\n\n<figure class=\"wp-block-image\"><img data-recalc-dims=\"1\" decoding=\"async\" src=\"https:\/\/i0.wp.com\/s3-propozzito.s3.amazonaws.com\/membros\/storage\/app\/public\/membros\/Fotos\/7030_medium.jpg?w=800&#038;ssl=1\" alt=\"\"\/><\/figure>\n\n\n\n<h3 class=\"wp-block-heading\">Lagoa Nova<\/h3>\n\n\n\n<p>Pb. Samuel Rodrigues Viana<\/p>\n\n\n\n<figure class=\"wp-block-image\"><img data-recalc-dims=\"1\" decoding=\"async\" src=\"https:\/\/i0.wp.com\/s3-propozzito.s3.amazonaws.com\/membros\/storage\/app\/public\/membros\/Fotos\/5377_medium.jpg?w=800&#038;ssl=1\" alt=\"\"\/><\/figure>\n\n\n\n<h3 class=\"wp-block-heading\">Monte Tabor<\/h3>\n\n\n\n<p>Ev. Valnei Almeida de Oliveira<\/p>\n\n\n\n<figure class=\"wp-block-image\"><img data-recalc-dims=\"1\" decoding=\"async\" src=\"https:\/\/i0.wp.com\/s3-propozzito.s3.amazonaws.com\/membros\/storage\/app\/public\/membros\/Fotos\/2972_medium.jpg?w=800&#038;ssl=1\" alt=\"\"\/><\/figure>\n\n\n\n<h3 class=\"wp-block-heading\">Nova Descoberta II<\/h3>\n\n\n\n<p>Ev. Maur\u00edcio Faustino Gomes<\/p>\n\n\n\n<figure class=\"wp-block-image\"><img data-recalc-dims=\"1\" decoding=\"async\" src=\"https:\/\/i0.wp.com\/s3-propozzito.s3.amazonaws.com\/membros\/storage\/app\/public\/membros\/Fotos\/32803_medium.jpg?w=800&#038;ssl=1\" alt=\"\"\/><\/figure>\n\n\n\n<h3 class=\"wp-block-heading\">Potil\u00e2ndia<\/h3>\n\n\n\n<p>Pb. Jo\u00e3o Paulo Soares de Ara\u00fajo<\/p>\n\n\n\n<h2 class=\"wp-block-heading\">\u00c1rea 1<\/h2>\n\n\n\n<h2 class=\"wp-block-heading\">Setor 41<\/h2>\n\n\n\n<figure class=\"wp-block-image\"><img data-recalc-dims=\"1\" decoding=\"async\" src=\"https:\/\/i0.wp.com\/s3-propozzito.s3.amazonaws.com\/membros\/storage\/app\/public\/membros\/Fotos\/5502_medium.jpg?w=800&#038;ssl=1\" alt=\"\"\/><\/figure>\n\n\n\n<h3 class=\"wp-block-heading\">QUINTAS<\/h3>\n\n\n\n<p>Ev. Adriano Silva Freire<\/p>\n\n\n\n<figure class=\"wp-block-image\"><img data-recalc-dims=\"1\" decoding=\"async\" src=\"https:\/\/i0.wp.com\/s3-propozzito.s3.amazonaws.com\/membros\/storage\/app\/public\/membros\/Fotos\/4628_medium.jpg?w=800&#038;ssl=1\" alt=\"\"\/><\/figure>\n\n\n\n<h3 class=\"wp-block-heading\">Bel\u00e9m Efr\u00e1ta<\/h3>\n\n\n\n<p>Pb. Manoel Nascimento de Melo<\/p>\n\n\n\n<figure class=\"wp-block-image\"><img data-recalc-dims=\"1\" decoding=\"async\" src=\"https:\/\/i0.wp.com\/s3-propozzito.s3.amazonaws.com\/membros\/storage\/app\/public\/membros\/June2021\/dr5r3eomvK71VYg6XuVe_medium.jpg?w=800&#038;ssl=1\" alt=\"\"\/><\/figure>\n\n\n\n<h3 class=\"wp-block-heading\">Nova Jerusal\u00e9m<\/h3>\n\n\n\n<p>Pb. Jos\u00e9 de Campos de Oliveira Costa<\/p>\n\n\n\n<figure class=\"wp-block-image\"><img data-recalc-dims=\"1\" decoding=\"async\" src=\"https:\/\/i0.wp.com\/s3-propozzito.s3.amazonaws.com\/membros\/storage\/app\/public\/membros\/Fotos\/11859_medium.jpg?w=800&#038;ssl=1\" alt=\"\"\/><\/figure>\n\n\n\n<h3 class=\"wp-block-heading\">Porta da Salva\u00e7\u00e3o<\/h3>\n\n\n\n<p>Pb. Mois\u00e9s da Silva Lintro<\/p>\n\n\n\n<figure class=\"wp-block-image\"><img data-recalc-dims=\"1\" decoding=\"async\" src=\"https:\/\/i0.wp.com\/s3-propozzito.s3.amazonaws.com\/membros\/storage\/app\/public\/membros\/Fotos\/18727_medium.jpg?w=800&#038;ssl=1\" alt=\"\"\/><\/figure>\n\n\n\n<h3 class=\"wp-block-heading\">Vau de Jaboque<\/h3>\n\n\n\n<p>Pb. Ronaldo Varela de Ara\u00fajo<\/p>\n\n\n\n<h2 class=\"wp-block-heading\">\u00c1rea 2<\/h2>\n\n\n\n<h2 class=\"wp-block-heading\">Setor 5<\/h2>\n\n\n\n<figure class=\"wp-block-image\"><img data-recalc-dims=\"1\" decoding=\"async\" src=\"https:\/\/i0.wp.com\/s3-propozzito.s3.amazonaws.com\/membros\/storage\/app\/public\/membros\/June2022\/eJwwmC3r0hjSeHOnSOqo_medium.jpg?w=800&#038;ssl=1\" alt=\"\"\/><\/figure>\n\n\n\n<h3 class=\"wp-block-heading\">CANDEL\u00c1RIA<\/h3>\n\n\n\n<p>Pr. Eliezer de Souza<\/p>\n\n\n\n<figure class=\"wp-block-image\"><img data-recalc-dims=\"1\" decoding=\"async\" src=\"https:\/\/i0.wp.com\/s3-propozzito.s3.amazonaws.com\/membros\/storage\/app\/public\/membros\/Fotos\/11039_medium.jpg?w=800&#038;ssl=1\" alt=\"\"\/><\/figure>\n\n\n\n<h3 class=\"wp-block-heading\">Fonte de Vida<\/h3>\n\n\n\n<p>Pb. Vanei Alexandre da Silva<\/p>\n\n\n\n<figure class=\"wp-block-image\"><img data-recalc-dims=\"1\" decoding=\"async\" src=\"https:\/\/i0.wp.com\/s3-propozzito.s3.amazonaws.com\/membros\/storage\/app\/public\/membros\/Fotos\/12847_medium.jpg?w=800&#038;ssl=1\" alt=\"\"\/><\/figure>\n\n\n\n<h3 class=\"wp-block-heading\">Mirassol<\/h3>\n\n\n\n<p>Ev. Eric C\u00e9sar Gomes<\/p>\n\n\n\n<figure class=\"wp-block-image\"><img data-recalc-dims=\"1\" decoding=\"async\" src=\"https:\/\/i0.wp.com\/s3-propozzito.s3.amazonaws.com\/membros\/storage\/app\/public\/membros\/Fotos\/7283_medium.jpg?w=800&#038;ssl=1\" alt=\"\"\/><\/figure>\n\n\n\n<h3 class=\"wp-block-heading\">Nova Cidade<\/h3>\n\n\n\n<p>Ev. Jailton Lopes dos Santos<\/p>\n\n\n\n<h2 class=\"wp-block-heading\">\u00c1rea 2<\/h2>\n\n\n\n<h2 class=\"wp-block-heading\">Setor 8<\/h2>\n\n\n\n<figure class=\"wp-block-image\"><img data-recalc-dims=\"1\" decoding=\"async\" src=\"https:\/\/i0.wp.com\/s3-propozzito.s3.amazonaws.com\/membros\/storage\/app\/public\/membros\/Fotos\/3123_medium.jpg?w=800&#038;ssl=1\" alt=\"\"\/><\/figure>\n\n\n\n<h3 class=\"wp-block-heading\">PIRANGI<\/h3>\n\n\n\n<p>Pr. Arnon Lima de Santana J\u00fanior<\/p>\n\n\n\n<figure class=\"wp-block-image\"><img data-recalc-dims=\"1\" decoding=\"async\" src=\"https:\/\/i0.wp.com\/s3-propozzito.s3.amazonaws.com\/membros\/storage\/app\/public\/membros\/Fotos\/30252_medium.jpg?w=800&#038;ssl=1\" alt=\"\"\/><\/figure>\n\n\n\n<h3 class=\"wp-block-heading\">Jardim das Ac\u00e1cias<\/h3>\n\n\n\n<p>Pb. Jo\u00e3o Filomeno Silva Filho<\/p>\n\n\n\n<figure class=\"wp-block-image\"><img data-recalc-dims=\"1\" decoding=\"async\" src=\"https:\/\/i0.wp.com\/s3-propozzito.s3.amazonaws.com\/membros\/storage\/app\/public\/membros\/Fotos\/83389_medium.jpg?w=800&#038;ssl=1\" alt=\"\"\/><\/figure>\n\n\n\n<h3 class=\"wp-block-heading\">Monte Gerezim<\/h3>\n\n\n\n<p>Pb. Eliabi C\u00e9sar Dantas da Silva<\/p>\n\n\n\n<figure class=\"wp-block-image\"><img data-recalc-dims=\"1\" decoding=\"async\" src=\"https:\/\/i0.wp.com\/s3-propozzito.s3.amazonaws.com\/membros\/storage\/app\/public\/membros\/Fotos\/2917_medium.jpg?w=800&#038;ssl=1\" alt=\"\"\/><\/figure>\n\n\n\n<h3 class=\"wp-block-heading\">Nova Parnamirim<\/h3>\n\n\n\n<p>Ev. Jos\u00e9 Ribamar da Silva<\/p>\n\n\n\n<figure class=\"wp-block-image\"><img data-recalc-dims=\"1\" decoding=\"async\" src=\"https:\/\/i0.wp.com\/s3-propozzito.s3.amazonaws.com\/membros\/storage\/app\/public\/membros\/Fotos\/31236_medium.jpg?w=800&#038;ssl=1\" alt=\"\"\/><\/figure>\n\n\n\n<h3 class=\"wp-block-heading\">Portal do Jiqui<\/h3>\n\n\n\n<p>Ev. Miguel Arcanjo Neto<\/p>\n\n\n\n<figure class=\"wp-block-image\"><img data-recalc-dims=\"1\" decoding=\"async\" src=\"https:\/\/i0.wp.com\/s3-propozzito.s3.amazonaws.com\/membros\/storage\/app\/public\/membros\/Fotos\/23653_medium.jpg?w=800&#038;ssl=1\" alt=\"\"\/><\/figure>\n\n\n\n<h3 class=\"wp-block-heading\">Vale do Renovo<\/h3>\n\n\n\n<p>Pb. Josenilton Barbosa da Silva<\/p>\n\n\n\n<h2 class=\"wp-block-heading\">\u00c1rea 2<\/h2>\n\n\n\n<h2 class=\"wp-block-heading\">Setor 16<\/h2>\n\n\n\n<figure class=\"wp-block-image\"><img data-recalc-dims=\"1\" decoding=\"async\" src=\"https:\/\/i0.wp.com\/s3-propozzito.s3.amazonaws.com\/membros\/storage\/app\/public\/membros\/February2022\/zjysfe2DxN8tVEVd5ZXE_medium.png?w=800&#038;ssl=1\" alt=\"\"\/><\/figure>\n\n\n\n<h3 class=\"wp-block-heading\">CIDADE SAT\u00c9LITE<\/h3>\n\n\n\n<p>Ev. Luiz Gonzaga de Ara\u00fajo J\u00fanior<\/p>\n\n\n\n<figure class=\"wp-block-image\"><img data-recalc-dims=\"1\" decoding=\"async\" src=\"https:\/\/i0.wp.com\/s3-propozzito.s3.amazonaws.com\/membros\/storage\/app\/public\/membros\/Fotos\/14837_medium.jpg?w=800&#038;ssl=1\" alt=\"\"\/><\/figure>\n\n\n\n<h3 class=\"wp-block-heading\">Conj. dos Banc\u00e1rios<\/h3>\n\n\n\n<p>Pb. Wattson de Medeiros de Souza<\/p>\n\n\n\n<figure class=\"wp-block-image\"><img data-recalc-dims=\"1\" decoding=\"async\" src=\"https:\/\/i0.wp.com\/s3-propozzito.s3.amazonaws.com\/membros\/storage\/app\/public\/membros\/Fotos\/6799_medium.jpg?w=800&#038;ssl=1\" alt=\"\"\/><\/figure>\n\n\n\n<h3 class=\"wp-block-heading\">L\u00edrio das Serras<\/h3>\n\n\n\n<p>Pb. Jos\u00e9 Nilson Alc\u00e2ntara<\/p>\n\n\n\n<figure class=\"wp-block-image\"><img data-recalc-dims=\"1\" decoding=\"async\" src=\"https:\/\/i0.wp.com\/s3-propozzito.s3.amazonaws.com\/membros\/storage\/app\/public\/membros\/Fotos\/7183_medium.jpg?w=800&#038;ssl=1\" alt=\"\"\/><\/figure>\n\n\n\n<h3 class=\"wp-block-heading\">Parque do Horto<\/h3>\n\n\n\n<p>Ev. Luzenildo Rocha da Silva<\/p>\n\n\n\n<figure class=\"wp-block-image\"><img data-recalc-dims=\"1\" decoding=\"async\" src=\"https:\/\/i0.wp.com\/s3-propozzito.s3.amazonaws.com\/membros\/storage\/app\/public\/membros\/Fotos\/3293_medium.jpg?w=800&#038;ssl=1\" alt=\"\"\/><\/figure>\n\n\n\n<h3 class=\"wp-block-heading\">Pitimb\u00fa<\/h3>\n\n\n\n<p>Ev. Jos\u00e9 Salviano da Silva<\/p>\n\n\n\n<figure class=\"wp-block-image\"><img data-recalc-dims=\"1\" decoding=\"async\" src=\"https:\/\/i0.wp.com\/s3-propozzito.s3.amazonaws.com\/membros\/storage\/app\/public\/membros\/February2023\/z3agNBSCA3o2ihsbgNUV_medium.JPG?w=800&#038;ssl=1\" alt=\"\"\/><\/figure>\n\n\n\n<h3 class=\"wp-block-heading\">Semente da F\u00e9<\/h3>\n\n\n\n<p>Ev. Aldefran Carvalho Feitosa<\/p>\n\n\n\n<h2 class=\"wp-block-heading\">\u00c1rea 2<\/h2>\n\n\n\n<h2 class=\"wp-block-heading\">Setor 22<\/h2>\n\n\n\n<figure class=\"wp-block-image\"><img data-recalc-dims=\"1\" decoding=\"async\" src=\"https:\/\/i0.wp.com\/s3-propozzito.s3.amazonaws.com\/membros\/storage\/app\/public\/membros\/Fotos\/56056_medium.jpg?w=800&#038;ssl=1\" alt=\"\"\/><\/figure>\n\n\n\n<h3 class=\"wp-block-heading\">PLANALTO<\/h3>\n\n\n\n<p>Pr. Joacy Marcos de Castro Varela<\/p>\n\n\n\n<figure class=\"wp-block-image\"><img data-recalc-dims=\"1\" decoding=\"async\" src=\"https:\/\/i0.wp.com\/s3-propozzito.s3.amazonaws.com\/membros\/storage\/app\/public\/membros\/Fotos\/13506_medium.jpg?w=800&#038;ssl=1\" alt=\"\"\/><\/figure>\n\n\n\n<h3 class=\"wp-block-heading\">Jardim do \u00c9den<\/h3>\n\n\n\n<p>Pb. Apr\u00edgio Francisco Trindade J\u00fanior<\/p>\n\n\n\n<figure class=\"wp-block-image\"><img data-recalc-dims=\"1\" decoding=\"async\" src=\"https:\/\/i0.wp.com\/s3-propozzito.s3.amazonaws.com\/membros\/storage\/app\/public\/membros\/Fotos\/8787_medium.jpg?w=800&#038;ssl=1\" alt=\"\"\/><\/figure>\n\n\n\n<h3 class=\"wp-block-heading\">Monte Hebrom<\/h3>\n\n\n\n<p>Ev. M\u00e1rcio Souza de Oliveira<\/p>\n\n\n\n<figure class=\"wp-block-image\"><img data-recalc-dims=\"1\" decoding=\"async\" src=\"https:\/\/i0.wp.com\/s3-propozzito.s3.amazonaws.com\/membros\/storage\/app\/public\/membros\/Fotos\/40546_medium.jpg?w=800&#038;ssl=1\" alt=\"\"\/><\/figure>\n\n\n\n<h3 class=\"wp-block-heading\">Monte Hermom<\/h3>\n\n\n\n<p>Pb. Elias Celestino da Silva<\/p>\n\n\n\n<figure class=\"wp-block-image\"><img data-recalc-dims=\"1\" decoding=\"async\" src=\"https:\/\/i0.wp.com\/s3-propozzito.s3.amazonaws.com\/membros\/storage\/app\/public\/membros\/June2021\/9clrsdpPmscW6p5omNR3_medium.jpg?w=800&#038;ssl=1\" alt=\"\"\/><\/figure>\n\n\n\n<h3 class=\"wp-block-heading\">Monte Si\u00e3o<\/h3>\n\n\n\n<p>Pb. \u00cdtalo Emanuel Ferreira de Souza<\/p>\n\n\n\n<figure class=\"wp-block-image\"><img data-recalc-dims=\"1\" decoding=\"async\" src=\"https:\/\/i0.wp.com\/s3-propozzito.s3.amazonaws.com\/membros\/storage\/app\/public\/membros\/Fotos\/13321_medium.jpg?w=800&#038;ssl=1\" alt=\"\"\/><\/figure>\n\n\n\n<h3 class=\"wp-block-heading\">Portal do Alvorecer<\/h3>\n\n\n\n<p>Pb. Alison Pereira da Silva<\/p>\n\n\n\n<h2 class=\"wp-block-heading\">\u00c1rea 2<\/h2>\n\n\n\n<h2 class=\"wp-block-heading\">Setor 23<\/h2>\n\n\n\n<figure class=\"wp-block-image\"><img data-recalc-dims=\"1\" decoding=\"async\" src=\"https:\/\/i0.wp.com\/s3-propozzito.s3.amazonaws.com\/membros\/storage\/app\/public\/membros\/Fotos\/43090_medium.jpg?w=800&#038;ssl=1\" alt=\"\"\/><\/figure>\n\n\n\n<h3 class=\"wp-block-heading\">CONJ. PONTA NEGRA<\/h3>\n\n\n\n<p>Ev. Abel Moreno das Chagas Filho<\/p>\n\n\n\n<figure class=\"wp-block-image\"><img data-recalc-dims=\"1\" decoding=\"async\" src=\"https:\/\/i0.wp.com\/s3-propozzito.s3.amazonaws.com\/membros\/storage\/app\/public\/membros\/Fotos\/12798_medium.jpg?w=800&#038;ssl=1\" alt=\"\"\/><\/figure>\n\n\n\n<h3 class=\"wp-block-heading\">Boa Vista<\/h3>\n\n\n\n<p>Pb. Jos\u00e9 Erivan Silva<\/p>\n\n\n\n<figure class=\"wp-block-image\"><img data-recalc-dims=\"1\" decoding=\"async\" src=\"https:\/\/i0.wp.com\/s3-propozzito.s3.amazonaws.com\/membros\/storage\/app\/public\/membros\/May2022\/WSNSuDWkCIPwoCMekc8O_medium.jpeg?w=800&#038;ssl=1\" alt=\"\"\/><\/figure>\n\n\n\n<h3 class=\"wp-block-heading\">Capim Macio<\/h3>\n\n\n\n<p>Pb. Nailton Rodrigues do Nascimento<\/p>\n\n\n\n<figure class=\"wp-block-image\"><img data-recalc-dims=\"1\" decoding=\"async\" src=\"https:\/\/i0.wp.com\/s3-propozzito.s3.amazonaws.com\/membros\/storage\/app\/public\/membros\/Fotos\/16825_medium.jpg?w=800&#038;ssl=1\" alt=\"\"\/><\/figure>\n\n\n\n<h3 class=\"wp-block-heading\">Morro do Careca<\/h3>\n\n\n\n<p>Pb. Erivanildo Martins da Silva<\/p>\n\n\n\n<figure class=\"wp-block-image\"><img data-recalc-dims=\"1\" decoding=\"async\" src=\"https:\/\/i0.wp.com\/s3-propozzito.s3.amazonaws.com\/membros\/storage\/app\/public\/membros\/Fotos\/33897_medium.jpg?w=800&#038;ssl=1\" alt=\"\"\/><\/figure>\n\n\n\n<h3 class=\"wp-block-heading\">Ne\u00f3polis<\/h3>\n\n\n\n<p>Pb. Josenil Barbosa de Ara\u00fajo J\u00fanior<\/p>\n\n\n\n<figure class=\"wp-block-image\"><img data-recalc-dims=\"1\" decoding=\"async\" src=\"https:\/\/i0.wp.com\/s3-propozzito.s3.amazonaws.com\/membros\/storage\/app\/public\/membros\/Fotos\/14566_medium.jpg?w=800&#038;ssl=1\" alt=\"\"\/><\/figure>\n\n\n\n<h3 class=\"wp-block-heading\">Vila de Ponta Negra<\/h3>\n\n\n\n<p>Ev. Elesb\u00e3o Torres Neto<\/p>\n\n\n\n<h2 class=\"wp-block-heading\">\u00c1rea 2<\/h2>\n\n\n\n<h2 class=\"wp-block-heading\">Setor 25<\/h2>\n\n\n\n<figure class=\"wp-block-image\"><img data-recalc-dims=\"1\" decoding=\"async\" src=\"https:\/\/i0.wp.com\/s3-propozzito.s3.amazonaws.com\/membros\/storage\/app\/public\/membros\/Fotos\/5177_medium.jpg?w=800&#038;ssl=1\" alt=\"\"\/><\/figure>\n\n\n\n<h3 class=\"wp-block-heading\">PARQUE DOS EUCALIPTOS<\/h3>\n\n\n\n<p>Pr. Oaldo Raimundo Dantas<\/p>\n\n\n\n<figure class=\"wp-block-image\"><img data-recalc-dims=\"1\" decoding=\"async\" src=\"https:\/\/i0.wp.com\/s3-propozzito.s3.amazonaws.com\/membros\/storage\/app\/public\/membros\/aplicativo\/98y4i1ViSmpxTaZtBYhVWvMLPW7oSFtz5qDJgeBh_medium.jpg?w=800&#038;ssl=1\" alt=\"\"\/><\/figure>\n\n\n\n<h3 class=\"wp-block-heading\">Cafarnaum<\/h3>\n\n\n\n<p>Ev. Francisco Varela de Souza J\u00fanior<\/p>\n\n\n\n<figure class=\"wp-block-image\"><img data-recalc-dims=\"1\" decoding=\"async\" src=\"https:\/\/i0.wp.com\/s3-propozzito.s3.amazonaws.com\/membros\/storage\/app\/public\/membros\/Fotos\/30066_medium.jpg?w=800&#038;ssl=1\" alt=\"\"\/><\/figure>\n\n\n\n<h3 class=\"wp-block-heading\">Cidade Verde<\/h3>\n\n\n\n<p>Pb. Ailton Carlos de Lima<\/p>\n\n\n\n<figure class=\"wp-block-image\"><img data-recalc-dims=\"1\" decoding=\"async\" src=\"https:\/\/i0.wp.com\/s3-propozzito.s3.amazonaws.com\/membros\/storage\/app\/public\/membros\/Fotos\/28439_medium.jpg?w=800&#038;ssl=1\" alt=\"\"\/><\/figure>\n\n\n\n<h3 class=\"wp-block-heading\">Colina do Jiqui<\/h3>\n\n\n\n<p>Pb. Carlos Henrique da Fonseca Campos<\/p>\n\n\n\n<figure class=\"wp-block-image\"><img data-recalc-dims=\"1\" decoding=\"async\" src=\"https:\/\/i0.wp.com\/s3-propozzito.s3.amazonaws.com\/membros\/storage\/app\/public\/membros\/January2021\/NkVDRQ46cR6pBO5J6VEz_medium.jpg?w=800&#038;ssl=1\" alt=\"\"\/><\/figure>\n\n\n\n<h3 class=\"wp-block-heading\">Parque das \u00c1rvores<\/h3>\n\n\n\n<p>Pb. Roberto Nazareno dos Santos Gon\u00e7alves<\/p>\n\n\n\n<figure class=\"wp-block-image\"><img data-recalc-dims=\"1\" decoding=\"async\" src=\"https:\/\/i0.wp.com\/s3-propozzito.s3.amazonaws.com\/membros\/storage\/app\/public\/membros\/Fotos\/4115_medium.jpg?w=800&#038;ssl=1\" alt=\"\"\/><\/figure>\n\n\n\n<h3 class=\"wp-block-heading\">Parque do Jiqui<\/h3>\n\n\n\n<p>Pb. Bo\u00e1s Cavalcante Antunes<\/p>\n\n\n\n<h2 class=\"wp-block-heading\">\u00c1rea 2<\/h2>\n\n\n\n<h2 class=\"wp-block-heading\">Setor 29<\/h2>\n\n\n\n<figure class=\"wp-block-image\"><img data-recalc-dims=\"1\" decoding=\"async\" src=\"https:\/\/i0.wp.com\/s3-propozzito.s3.amazonaws.com\/membros\/storage\/app\/public\/membros\/Fotos\/10023_medium.jpg?w=800&#038;ssl=1\" alt=\"\"\/><\/figure>\n\n\n\n<h3 class=\"wp-block-heading\">BETFAG\u00c9<\/h3>\n\n\n\n<p>Pr. Manass\u00e9s Soares Dias<\/p>\n\n\n\n<figure class=\"wp-block-image\"><img data-recalc-dims=\"1\" decoding=\"async\" src=\"https:\/\/i0.wp.com\/s3-propozzito.s3.amazonaws.com\/membros\/storage\/app\/public\/membros\/Fotos\/4303_medium.jpg?w=800&#038;ssl=1\" alt=\"\"\/><\/figure>\n\n\n\n<h3 class=\"wp-block-heading\">Boas Novas do Planalto<\/h3>\n\n\n\n<p>Pb. Vanildo Calixto Soares<\/p>\n\n\n\n<figure class=\"wp-block-image\"><img data-recalc-dims=\"1\" decoding=\"async\" src=\"https:\/\/i0.wp.com\/s3-propozzito.s3.amazonaws.com\/membros\/storage\/app\/public\/membros\/Fotos\/40824_medium.jpg?w=800&#038;ssl=1\" alt=\"\"\/><\/figure>\n\n\n\n<h3 class=\"wp-block-heading\">Cana\u00e3 de Deus<\/h3>\n\n\n\n<p>Pb. Bruno Wanderclayson Alves Campos<\/p>\n\n\n\n<figure class=\"wp-block-image\"><img data-recalc-dims=\"1\" decoding=\"async\" src=\"https:\/\/i0.wp.com\/s3-propozzito.s3.amazonaws.com\/membros\/storage\/app\/public\/membros\/Fotos\/11919_medium.jpg?w=800&#038;ssl=1\" alt=\"\"\/><\/figure>\n\n\n\n<h3 class=\"wp-block-heading\">Gera\u00e7\u00e3o Eleita<\/h3>\n\n\n\n<p>Pb. Edilson Santino da Silva<\/p>\n\n\n\n<figure class=\"wp-block-image\"><img data-recalc-dims=\"1\" decoding=\"async\" src=\"https:\/\/i0.wp.com\/s3-propozzito.s3.amazonaws.com\/membros\/storage\/app\/public\/membros\/Fotos\/5960_medium.jpg?w=800&#038;ssl=1\" alt=\"\"\/><\/figure>\n\n\n\n<h3 class=\"wp-block-heading\">Manancial de B\u00ean\u00e7\u00e3os<\/h3>\n\n\n\n<p>Pb. Cla\u00fadio Rafael Diniz Ramos<\/p>\n\n\n\n<figure class=\"wp-block-image\"><img data-recalc-dims=\"1\" decoding=\"async\" src=\"https:\/\/i0.wp.com\/s3-propozzito.s3.amazonaws.com\/membros\/storage\/app\/public\/membros\/Fotos\/7977_medium.jpg?w=800&#038;ssl=1\" alt=\"\"\/><\/figure>\n\n\n\n<h3 class=\"wp-block-heading\">Prim\u00edcias de Cristo<\/h3>\n\n\n\n<p>Ev. S\u00e9rgio Domingos da Silva<\/p>\n\n\n\n<figure class=\"wp-block-image\"><img data-recalc-dims=\"1\" decoding=\"async\" src=\"https:\/\/i0.wp.com\/s3-propozzito.s3.amazonaws.com\/membros\/storage\/app\/public\/membros\/Fotos\/11254_medium.jpg?w=800&#038;ssl=1\" alt=\"\"\/><\/figure>\n\n\n\n<h3 class=\"wp-block-heading\">Rocha da Salva\u00e7\u00e3o<\/h3>\n\n\n\n<p>Pb. Francisco de Assis Mendes da Silva<\/p>\n\n\n\n<figure class=\"wp-block-image\"><img data-recalc-dims=\"1\" decoding=\"async\" src=\"https:\/\/i0.wp.com\/s3-propozzito.s3.amazonaws.com\/membros\/storage\/app\/public\/membros\/Fotos\/31759_medium.jpg?w=800&#038;ssl=1\" alt=\"\"\/><\/figure>\n\n\n\n<h3 class=\"wp-block-heading\">Torre Forte de Silo\u00e9<\/h3>\n\n\n\n<p>Ev. Rodrigo Raniere Vieira dos Santos<\/p>\n\n\n\n<h2 class=\"wp-block-heading\">\u00c1rea 3<\/h2>\n\n\n\n<h2 class=\"wp-block-heading\">Setor 4<\/h2>\n\n\n\n<figure class=\"wp-block-image\"><img data-recalc-dims=\"1\" decoding=\"async\" src=\"https:\/\/i0.wp.com\/s3-propozzito.s3.amazonaws.com\/membros\/storage\/app\/public\/users\/default.png?w=800&#038;ssl=1\" alt=\"\"\/><\/figure>\n\n\n\n<h3 class=\"wp-block-heading\">CIDADE DA ESPERAN\u00c7A<\/h3>\n\n\n\n<p>Pr. Jos\u00e9 Arimaldo Fernandes da Silva<\/p>\n\n\n\n<figure class=\"wp-block-image\"><img data-recalc-dims=\"1\" decoding=\"async\" src=\"https:\/\/i0.wp.com\/s3-propozzito.s3.amazonaws.com\/membros\/storage\/app\/public\/membros\/June2021\/gtDj18N3k6bAvMFOcy3Q_medium.jpg?w=800&#038;ssl=1\" alt=\"\"\/><\/figure>\n\n\n\n<h3 class=\"wp-block-heading\">Betesda<\/h3>\n\n\n\n<p>Pb. Josenildo Fran\u00e7a da Silva<\/p>\n\n\n\n<figure class=\"wp-block-image\"><img data-recalc-dims=\"1\" decoding=\"async\" src=\"https:\/\/i0.wp.com\/s3-propozzito.s3.amazonaws.com\/membros\/storage\/app\/public\/membros\/Fotos\/3612_medium.jpg?w=800&#038;ssl=1\" alt=\"\"\/><\/figure>\n\n\n\n<h3 class=\"wp-block-heading\">Cidade Nova I<\/h3>\n\n\n\n<p>Ev. Josadac Bernardino de Oliveira<\/p>\n\n\n\n<figure class=\"wp-block-image\"><img data-recalc-dims=\"1\" decoding=\"async\" src=\"https:\/\/i0.wp.com\/s3-propozzito.s3.amazonaws.com\/membros\/storage\/app\/public\/membros\/Fotos\/13219_medium.jpg?w=800&#038;ssl=1\" alt=\"\"\/><\/figure>\n\n\n\n<h3 class=\"wp-block-heading\">Cidade Nova II<\/h3>\n\n\n\n<p>Pb. Jo\u00e3o Maria de Souza<\/p>\n\n\n\n<figure class=\"wp-block-image\"><img data-recalc-dims=\"1\" decoding=\"async\" src=\"https:\/\/i0.wp.com\/s3-propozzito.s3.amazonaws.com\/membros\/storage\/app\/public\/membros\/Fotos\/12649_medium.jpg?w=800&#038;ssl=1\" alt=\"\"\/><\/figure>\n\n\n\n<h3 class=\"wp-block-heading\">Jardim Am\u00e9rica<\/h3>\n\n\n\n<p>Pb. Alyson Cassiano Rodrigues<\/p>\n\n\n\n<figure class=\"wp-block-image\"><img data-recalc-dims=\"1\" decoding=\"async\" src=\"https:\/\/i0.wp.com\/s3-propozzito.s3.amazonaws.com\/membros\/storage\/app\/public\/membros\/Fotos\/7729_medium.jpg?w=800&#038;ssl=1\" alt=\"\"\/><\/figure>\n\n\n\n<h3 class=\"wp-block-heading\">Jardim do Senhor<\/h3>\n\n\n\n<p>Pb. Josemar Souza de Lima<\/p>\n\n\n\n<figure class=\"wp-block-image\"><img data-recalc-dims=\"1\" decoding=\"async\" src=\"https:\/\/i0.wp.com\/s3-propozzito.s3.amazonaws.com\/membros\/storage\/app\/public\/membros\/Fotos\/83349_medium.jpg?w=800&#038;ssl=1\" alt=\"\"\/><\/figure>\n\n\n\n<h3 class=\"wp-block-heading\">Monte do Senhor<\/h3>\n\n\n\n<p>Pb. Alan Jefferson dos Santos Lima<\/p>\n\n\n\n<h2 class=\"wp-block-heading\">\u00c1rea 3<\/h2>\n\n\n\n<h2 class=\"wp-block-heading\">Setor 9<\/h2>\n\n\n\n<figure class=\"wp-block-image\"><img data-recalc-dims=\"1\" decoding=\"async\" src=\"https:\/\/i0.wp.com\/s3-propozzito.s3.amazonaws.com\/membros\/storage\/app\/public\/membros\/Fotos\/2102_medium.jpg?w=800&#038;ssl=1\" alt=\"\"\/><\/figure>\n\n\n\n<h3 class=\"wp-block-heading\">NA\u00c7\u00c3O SANTA<\/h3>\n\n\n\n<p>Ev. Valdir Ant\u00f4nio Alves Lima<\/p>\n\n\n\n<figure class=\"wp-block-image\"><img data-recalc-dims=\"1\" decoding=\"async\" src=\"https:\/\/i0.wp.com\/s3-propozzito.s3.amazonaws.com\/membros\/storage\/app\/public\/membros\/Fotos\/5889_medium.jpg?w=800&#038;ssl=1\" alt=\"\"\/><\/figure>\n\n\n\n<h3 class=\"wp-block-heading\">Boa Semente<\/h3>\n\n\n\n<p>Pb. Marcos Marinho dos Santos<\/p>\n\n\n\n<figure class=\"wp-block-image\"><img data-recalc-dims=\"1\" decoding=\"async\" src=\"https:\/\/i0.wp.com\/s3-propozzito.s3.amazonaws.com\/membros\/storage\/app\/public\/membros\/Fotos\/3258_medium.jpg?w=800&#038;ssl=1\" alt=\"\"\/><\/figure>\n\n\n\n<h3 class=\"wp-block-heading\">Felipe Camar\u00e3o I<\/h3>\n\n\n\n<p>Ev. Adailton Ribeiro<\/p>\n\n\n\n<figure class=\"wp-block-image\"><img data-recalc-dims=\"1\" decoding=\"async\" src=\"https:\/\/i0.wp.com\/s3-propozzito.s3.amazonaws.com\/membros\/storage\/app\/public\/membros\/Fotos\/43813_medium.jpg?w=800&#038;ssl=1\" alt=\"\"\/><\/figure>\n\n\n\n<h3 class=\"wp-block-heading\">Novo Rumo<\/h3>\n\n\n\n<p>Pb. Ant\u00f4nio de Moura Cruz<\/p>\n\n\n\n<figure class=\"wp-block-image\"><img data-recalc-dims=\"1\" decoding=\"async\" src=\"https:\/\/i0.wp.com\/s3-propozzito.s3.amazonaws.com\/membros\/storage\/app\/public\/membros\/May2022\/bk679cRNmpBtl5GJ1gYF_medium.jpg?w=800&#038;ssl=1\" alt=\"\"\/><\/figure>\n\n\n\n<h3 class=\"wp-block-heading\">O Bom Samaritano<\/h3>\n\n\n\n<p>Pb. Rosivan Rocha Rafael<\/p>\n\n\n\n<figure class=\"wp-block-image\"><img data-recalc-dims=\"1\" decoding=\"async\" src=\"https:\/\/i0.wp.com\/s3-propozzito.s3.amazonaws.com\/membros\/storage\/app\/public\/membros\/October2023\/HRqcJh5syumZHWoJPIXa_medium.jpg?w=800&#038;ssl=1\" alt=\"\"\/><\/figure>\n\n\n\n<h3 class=\"wp-block-heading\">Po\u00e7o de Jac\u00f3<\/h3>\n\n\n\n<p>Pb. Jos\u00e9 Aureliano Alves<\/p>\n\n\n\n<h2 class=\"wp-block-heading\">\u00c1rea 3<\/h2>\n\n\n\n<h2 class=\"wp-block-heading\">Setor 17<\/h2>\n\n\n\n<figure class=\"wp-block-image\"><img data-recalc-dims=\"1\" decoding=\"async\" src=\"https:\/\/i0.wp.com\/s3-propozzito.s3.amazonaws.com\/membros\/storage\/app\/public\/membros\/Fotos\/3206_medium.jpg?w=800&#038;ssl=1\" alt=\"\"\/><\/figure>\n\n\n\n<h3 class=\"wp-block-heading\">NAZAR\u00c9 I<\/h3>\n\n\n\n<p>Ev. Jeosaf\u00e1 Soares Pimentel<\/p>\n\n\n\n<figure class=\"wp-block-image\"><img data-recalc-dims=\"1\" decoding=\"async\" src=\"https:\/\/i0.wp.com\/s3-propozzito.s3.amazonaws.com\/membros\/storage\/app\/public\/membros\/Fotos\/8619_medium.jpg?w=800&#038;ssl=1\" alt=\"\"\/><\/figure>\n\n\n\n<h3 class=\"wp-block-heading\">C-Mor Gouveia<\/h3>\n\n\n\n<p>Pb. Edson Francisco de Ara\u00fajo<\/p>\n\n\n\n<figure class=\"wp-block-image\"><img data-recalc-dims=\"1\" decoding=\"async\" src=\"https:\/\/i0.wp.com\/s3-propozzito.s3.amazonaws.com\/membros\/storage\/app\/public\/membros\/Fotos\/2275_medium.jpg?w=800&#038;ssl=1\" alt=\"\"\/><\/figure>\n\n\n\n<h3 class=\"wp-block-heading\">Emanuel<\/h3>\n\n\n\n<p>Ev. M\u00e1rio Ant\u00f4nio Bezerra de Carvalho<\/p>\n\n\n\n<figure class=\"wp-block-image\"><img data-recalc-dims=\"1\" decoding=\"async\" src=\"https:\/\/i0.wp.com\/s3-propozzito.s3.amazonaws.com\/membros\/storage\/app\/public\/membros\/Fotos\/11354_medium.jpg?w=800&#038;ssl=1\" alt=\"\"\/><\/figure>\n\n\n\n<h3 class=\"wp-block-heading\">Pr. Nelson Bezerril<\/h3>\n\n\n\n<p>Ev. Marcone de Assis Silva<\/p>\n\n\n\n<figure class=\"wp-block-image\"><img data-recalc-dims=\"1\" decoding=\"async\" src=\"https:\/\/i0.wp.com\/s3-propozzito.s3.amazonaws.com\/membros\/storage\/app\/public\/membros\/Fotos\/17867_medium.jpg?w=800&#038;ssl=1\" alt=\"\"\/><\/figure>\n\n\n\n<h3 class=\"wp-block-heading\">Tanque de Silo\u00e9<\/h3>\n\n\n\n<p>Pb. Washington de Sousa Filgueira<\/p>\n\n\n\n<h2 class=\"wp-block-heading\">\u00c1rea 3<\/h2>\n\n\n\n<h2 class=\"wp-block-heading\">Setor 26<\/h2>\n\n\n\n<figure class=\"wp-block-image\"><img data-recalc-dims=\"1\" decoding=\"async\" src=\"https:\/\/i0.wp.com\/s3-propozzito.s3.amazonaws.com\/membros\/storage\/app\/public\/membros\/Fotos\/42428_medium.jpg?w=800&#038;ssl=1\" alt=\"\"\/><\/figure>\n\n\n\n<h3 class=\"wp-block-heading\">GUARAPES<\/h3>\n\n\n\n<p>Ev. Jo\u00e3o Maria Leite da Fonseca<\/p>\n\n\n\n<figure class=\"wp-block-image\"><img data-recalc-dims=\"1\" decoding=\"async\" src=\"https:\/\/i0.wp.com\/s3-propozzito.s3.amazonaws.com\/membros\/storage\/app\/public\/membros\/Fotos\/28904_medium.jpg?w=800&#038;ssl=1\" alt=\"\"\/><\/figure>\n\n\n\n<h3 class=\"wp-block-heading\">Esbom<\/h3>\n\n\n\n<p>Pb. Joc\u00e9lio Ribeiro<\/p>\n\n\n\n<figure class=\"wp-block-image\"><img data-recalc-dims=\"1\" decoding=\"async\" src=\"https:\/\/i0.wp.com\/s3-propozzito.s3.amazonaws.com\/membros\/storage\/app\/public\/membros\/June2021\/UM9nGO8eKBlvt8TAGnAS_medium.jpg?w=800&#038;ssl=1\" alt=\"\"\/><\/figure>\n\n\n\n<h3 class=\"wp-block-heading\">Fonte do Que Clama<\/h3>\n\n\n\n<p>Pb. Ismael Oliveira de Ara\u00fajo<\/p>\n\n\n\n<figure class=\"wp-block-image\"><img data-recalc-dims=\"1\" decoding=\"async\" src=\"https:\/\/i0.wp.com\/s3-propozzito.s3.amazonaws.com\/membros\/storage\/app\/public\/membros\/Fotos\/4952_medium.jpg?w=800&#038;ssl=1\" alt=\"\"\/><\/figure>\n\n\n\n<h3 class=\"wp-block-heading\">Nova Cana\u00e3<\/h3>\n\n\n\n<p>Pb. Geraldo Vicente de Brito Filho<\/p>\n\n\n\n<figure class=\"wp-block-image\"><img data-recalc-dims=\"1\" decoding=\"async\" src=\"https:\/\/i0.wp.com\/s3-propozzito.s3.amazonaws.com\/membros\/storage\/app\/public\/membros\/Fotos\/11062_medium.jpg?w=800&#038;ssl=1\" alt=\"\"\/><\/figure>\n\n\n\n<h3 class=\"wp-block-heading\">Portas Abertas<\/h3>\n\n\n\n<p>Pb. Renato Jos\u00e9 da Silva<\/p>\n\n\n\n<h2 class=\"wp-block-heading\">\u00c1rea 3<\/h2>\n\n\n\n<h2 class=\"wp-block-heading\">Setor 31<\/h2>\n\n\n\n<figure class=\"wp-block-image\"><img data-recalc-dims=\"1\" decoding=\"async\" src=\"https:\/\/i0.wp.com\/s3-propozzito.s3.amazonaws.com\/membros\/storage\/app\/public\/membros\/September2023\/q8eRaR3721OZGlfGTyyS_medium.jpeg?w=800&#038;ssl=1\" alt=\"\"\/><\/figure>\n\n\n\n<h3 class=\"wp-block-heading\">NAZAR\u00c9 II<\/h3>\n\n\n\n<p>Ev. Milton Campos de Medeiros<\/p>\n\n\n\n<figure class=\"wp-block-image\"><img data-recalc-dims=\"1\" decoding=\"async\" src=\"https:\/\/i0.wp.com\/s3-propozzito.s3.amazonaws.com\/membros\/storage\/app\/public\/membros\/Fotos\/26312_medium.jpg?w=800&#038;ssl=1\" alt=\"\"\/><\/figure>\n\n\n\n<h3 class=\"wp-block-heading\">Adonai<\/h3>\n\n\n\n<p>Pb. Ant\u00f4nio Gerson de Lima<\/p>\n\n\n\n<figure class=\"wp-block-image\"><img data-recalc-dims=\"1\" decoding=\"async\" src=\"https:\/\/i0.wp.com\/s3-propozzito.s3.amazonaws.com\/membros\/storage\/app\/public\/membros\/Fotos\/7466_medium.jpg?w=800&#038;ssl=1\" alt=\"\"\/><\/figure>\n\n\n\n<h3 class=\"wp-block-heading\">Bom Pastor<\/h3>\n\n\n\n<p>Pb. Adriano Medeiros do Carmo<\/p>\n\n\n\n<figure class=\"wp-block-image\"><img data-recalc-dims=\"1\" decoding=\"async\" src=\"https:\/\/i0.wp.com\/s3-propozzito.s3.amazonaws.com\/membros\/storage\/app\/public\/membros\/Fotos\/9312_medium.jpg?w=800&#038;ssl=1\" alt=\"\"\/><\/figure>\n\n\n\n<h3 class=\"wp-block-heading\">Bom Pastor II<\/h3>\n\n\n\n<p>Pb. Erinaldo Pereira da Silva<\/p>\n\n\n\n<figure class=\"wp-block-image\"><img data-recalc-dims=\"1\" decoding=\"async\" src=\"https:\/\/i0.wp.com\/s3-propozzito.s3.amazonaws.com\/membros\/storage\/app\/public\/membros\/Fotos\/23950_medium.jpg?w=800&#038;ssl=1\" alt=\"\"\/><\/figure>\n\n\n\n<h3 class=\"wp-block-heading\">Elohim<\/h3>\n\n\n\n<p>Pb. Daniel Fernandes de Lima<\/p>\n\n\n\n<figure class=\"wp-block-image\"><img data-recalc-dims=\"1\" decoding=\"async\" src=\"https:\/\/i0.wp.com\/s3-propozzito.s3.amazonaws.com\/membros\/storage\/app\/public\/membros\/Fotos\/29747_medium.jpg?w=800&#038;ssl=1\" alt=\"\"\/><\/figure>\n\n\n\n<h3 class=\"wp-block-heading\">Vida Nova<\/h3>\n\n\n\n<p>Pb. Cleon\u00edcio Ribeiro da Silva<\/p>\n\n\n\n<figure class=\"wp-block-image\"><img data-recalc-dims=\"1\" decoding=\"async\" src=\"https:\/\/i0.wp.com\/s3-propozzito.s3.amazonaws.com\/membros\/storage\/app\/public\/membros\/Fotos\/29090_medium.jpg?w=800&#038;ssl=1\" alt=\"\"\/><\/figure>\n\n\n\n<h3 class=\"wp-block-heading\">Arca da Salva\u00e7\u00e3o<\/h3>\n\n\n\n<p>Pb. Reginaldo de Medeiros Batista<\/p>\n\n\n\n<h2 class=\"wp-block-heading\">\u00c1rea 3<\/h2>\n\n\n\n<h2 class=\"wp-block-heading\">Setor 33<\/h2>\n\n\n\n<figure class=\"wp-block-image\"><img data-recalc-dims=\"1\" decoding=\"async\" src=\"https:\/\/i0.wp.com\/s3-propozzito.s3.amazonaws.com\/membros\/storage\/app\/public\/membros\/Fotos\/10407_medium.jpg?w=800&#038;ssl=1\" alt=\"\"\/><\/figure>\n\n\n\n<h3 class=\"wp-block-heading\">JARDIM DE DEUS<\/h3>\n\n\n\n<p>Ev. Francisco Ald\u00edsio Azevedo Lopes<\/p>\n\n\n\n<figure class=\"wp-block-image\"><img data-recalc-dims=\"1\" decoding=\"async\" src=\"https:\/\/i0.wp.com\/s3-propozzito.s3.amazonaws.com\/membros\/storage\/app\/public\/membros\/April2022\/L5Mgc239T2KU9jnsVpbl_medium.jpg?w=800&#038;ssl=1\" alt=\"\"\/><\/figure>\n\n\n\n<h3 class=\"wp-block-heading\">Felipe Camar\u00e3o II<\/h3>\n\n\n\n<p>Pb. Severino Alves da Silva<\/p>\n\n\n\n<figure class=\"wp-block-image\"><img data-recalc-dims=\"1\" decoding=\"async\" src=\"https:\/\/i0.wp.com\/s3-propozzito.s3.amazonaws.com\/membros\/storage\/app\/public\/membros\/Fotos\/33976_medium.jpg?w=800&#038;ssl=1\" alt=\"\"\/><\/figure>\n\n\n\n<h3 class=\"wp-block-heading\">Jardim dos Santos<\/h3>\n\n\n\n<p>Pb. Francisco de Assis Dantas<\/p>\n\n\n\n<figure class=\"wp-block-image\"><img data-recalc-dims=\"1\" decoding=\"async\" src=\"https:\/\/i0.wp.com\/s3-propozzito.s3.amazonaws.com\/membros\/storage\/app\/public\/membros\/July2022\/JpBrqaO74nZTQC7s1HID_medium.jpg?w=800&#038;ssl=1\" alt=\"\"\/><\/figure>\n\n\n\n<h3 class=\"wp-block-heading\">Jardim Para\u00edso<\/h3>\n\n\n\n<p>Ev. Elias Severino de Oliveira<\/p>\n\n\n\n<figure class=\"wp-block-image\"><img data-recalc-dims=\"1\" decoding=\"async\" src=\"https:\/\/i0.wp.com\/s3-propozzito.s3.amazonaws.com\/membros\/storage\/app\/public\/membros\/Fotos\/8224_medium.jpg?w=800&#038;ssl=1\" alt=\"\"\/><\/figure>\n\n\n\n<h3 class=\"wp-block-heading\">Ref\u00fagio dos Santos<\/h3>\n\n\n\n<p>Pb. Jos\u00e9 Luiz da Costa<\/p>\n\n\n\n<figure class=\"wp-block-image\"><img data-recalc-dims=\"1\" decoding=\"async\" src=\"https:\/\/i0.wp.com\/s3-propozzito.s3.amazonaws.com\/membros\/storage\/app\/public\/membros\/Fotos\/43000_medium.jpg?w=800&#038;ssl=1\" alt=\"\"\/><\/figure>\n\n\n\n<h3 class=\"wp-block-heading\">SUB.CONGREGA\u00c7\u00c3O NASCER DE NOVO<\/h3>\n\n\n\n<p>Pb. Geraldo Gon\u00e7alo dos Santos<\/p>\n\n\n\n<h2 class=\"wp-block-heading\">\u00c1rea 4<\/h2>\n\n\n\n<h2 class=\"wp-block-heading\">Setor 2<\/h2>\n\n\n\n<figure class=\"wp-block-image\"><img data-recalc-dims=\"1\" decoding=\"async\" src=\"https:\/\/i0.wp.com\/s3-propozzito.s3.amazonaws.com\/membros\/storage\/app\/public\/membros\/Fotos\/74111_medium.jpg?w=800&#038;ssl=1\" alt=\"\"\/><\/figure>\n\n\n\n<h3 class=\"wp-block-heading\">IGAP\u00d3 I<\/h3>\n\n\n\n<p>Ev. Manoel Zenilson Gabriel<\/p>\n\n\n\n<figure class=\"wp-block-image\"><img data-recalc-dims=\"1\" decoding=\"async\" src=\"https:\/\/i0.wp.com\/s3-propozzito.s3.amazonaws.com\/membros\/storage\/app\/public\/membros\/Fotos\/12007_medium.jpg?w=800&#038;ssl=1\" alt=\"\"\/><\/figure>\n\n\n\n<h3 class=\"wp-block-heading\">Aldeia de Bet\u00e2nia<\/h3>\n\n\n\n<p>Pb. Jos\u00e9 Ailton Moreira<\/p>\n\n\n\n<figure class=\"wp-block-image\"><img data-recalc-dims=\"1\" decoding=\"async\" src=\"https:\/\/i0.wp.com\/s3-propozzito.s3.amazonaws.com\/membros\/storage\/app\/public\/membros\/August2023\/nx0lhz5971Or6p1aoNsn_medium.jpeg?w=800&#038;ssl=1\" alt=\"\"\/><\/figure>\n\n\n\n<h3 class=\"wp-block-heading\">Her\u00f3is da F\u00e9<\/h3>\n\n\n\n<p>Pb. Josenilson Ferreira da Silva<\/p>\n\n\n\n<figure class=\"wp-block-image\"><img data-recalc-dims=\"1\" decoding=\"async\" src=\"https:\/\/i0.wp.com\/s3-propozzito.s3.amazonaws.com\/membros\/storage\/app\/public\/membros\/Fotos\/8678_medium.jpg?w=800&#038;ssl=1\" alt=\"\"\/><\/figure>\n\n\n\n<h3 class=\"wp-block-heading\">Peniel<\/h3>\n\n\n\n<p>Pb. S\u00e9rgio Ivan Lopes da Silva<\/p>\n\n\n\n<figure class=\"wp-block-image\"><img data-recalc-dims=\"1\" decoding=\"async\" src=\"https:\/\/i0.wp.com\/s3-propozzito.s3.amazonaws.com\/membros\/storage\/app\/public\/users\/default.png?w=800&#038;ssl=1\" alt=\"\"\/><\/figure>\n\n\n\n<h3 class=\"wp-block-heading\">Vale da Ben\u00e7\u00e3o<\/h3>\n\n\n\n<p>Pb. Francisco Gilberto de Almeida<\/p>\n\n\n\n<h2 class=\"wp-block-heading\">\u00c1rea 4<\/h2>\n\n\n\n<h2 class=\"wp-block-heading\">Setor 10<\/h2>\n\n\n\n<figure class=\"wp-block-image\"><img data-recalc-dims=\"1\" decoding=\"async\" src=\"https:\/\/i0.wp.com\/s3-propozzito.s3.amazonaws.com\/membros\/storage\/app\/public\/membros\/aplicativo\/X5Ivd8ea85FmXV6nuBfcW5Y4wmQmyIZNxiguRnyw_medium.jpg?w=800&#038;ssl=1\" alt=\"\"\/><\/figure>\n\n\n\n<h3 class=\"wp-block-heading\">SANTAR\u00c9M BAIRRO<\/h3>\n\n\n\n<p>Ev. Le\u00f4nidas Salustino da Silva<\/p>\n\n\n\n<figure class=\"wp-block-image\"><img data-recalc-dims=\"1\" decoding=\"async\" src=\"https:\/\/i0.wp.com\/s3-propozzito.s3.amazonaws.com\/membros\/storage\/app\/public\/membros\/Fotos\/28559_medium.jpg?w=800&#038;ssl=1\" alt=\"\"\/><\/figure>\n\n\n\n<h3 class=\"wp-block-heading\">Fronteira<\/h3>\n\n\n\n<p>Pb. Nilton Alves Barbosa<\/p>\n\n\n\n<figure class=\"wp-block-image\"><img data-recalc-dims=\"1\" decoding=\"async\" src=\"https:\/\/i0.wp.com\/s3-propozzito.s3.amazonaws.com\/membros\/storage\/app\/public\/membros\/March2023\/UhoktFBMbMdaDmlgkjs8_medium.jpg?w=800&#038;ssl=1\" alt=\"\"\/><\/figure>\n\n\n\n<h3 class=\"wp-block-heading\">Gileade<\/h3>\n\n\n\n<p>Pb. Francisco das Chagas Costa<\/p>\n\n\n\n<figure class=\"wp-block-image\"><img data-recalc-dims=\"1\" decoding=\"async\" src=\"https:\/\/i0.wp.com\/s3-propozzito.s3.amazonaws.com\/membros\/storage\/app\/public\/membros\/Fotos\/4408_medium.jpg?w=800&#038;ssl=1\" alt=\"\"\/><\/figure>\n\n\n\n<h3 class=\"wp-block-heading\">Vale Dourado II<\/h3>\n\n\n\n<p>Pb. Abra\u00e3o Rodrigues de Souza<\/p>\n\n\n\n<h2 class=\"wp-block-heading\">\u00c1rea 4<\/h2>\n\n\n\n<h2 class=\"wp-block-heading\">Setor 12<\/h2>\n\n\n\n<figure class=\"wp-block-image\"><img data-recalc-dims=\"1\" decoding=\"async\" src=\"https:\/\/i0.wp.com\/s3-propozzito.s3.amazonaws.com\/membros\/storage\/app\/public\/membros\/Fotos\/3292_medium.jpg?w=800&#038;ssl=1\" alt=\"\"\/><\/figure>\n\n\n\n<h3 class=\"wp-block-heading\">AMARANTE I<\/h3>\n\n\n\n<p>Pr. Jo\u00e3o Batista Cardoso<\/p>\n\n\n\n<figure class=\"wp-block-image\"><img data-recalc-dims=\"1\" decoding=\"async\" src=\"https:\/\/i0.wp.com\/s3-propozzito.s3.amazonaws.com\/membros\/storage\/app\/public\/membros\/Fotos\/36025_medium.jpg?w=800&#038;ssl=1\" alt=\"\"\/><\/figure>\n\n\n\n<h3 class=\"wp-block-heading\">Barreiros<\/h3>\n\n\n\n<p>Pb. Jos\u00e9 Ant\u00f4nio Freire de Oliveira<\/p>\n\n\n\n<figure class=\"wp-block-image\"><img data-recalc-dims=\"1\" decoding=\"async\" src=\"https:\/\/i0.wp.com\/s3-propozzito.s3.amazonaws.com\/membros\/storage\/app\/public\/membros\/July2023\/5cQ4avc3etE9IA5Gyrap_medium.jpg?w=800&#038;ssl=1\" alt=\"\"\/><\/figure>\n\n\n\n<h3 class=\"wp-block-heading\">Prolar<\/h3>\n\n\n\n<p>Pb. Jerry Adriano Tomaz da Silva<\/p>\n\n\n\n<figure class=\"wp-block-image\"><img data-recalc-dims=\"1\" decoding=\"async\" src=\"https:\/\/i0.wp.com\/s3-propozzito.s3.amazonaws.com\/membros\/storage\/app\/public\/membros\/April2023\/hQVR1PiL6uUORpaOoFUQ_medium.jpg?w=800&#038;ssl=1\" alt=\"\"\/><\/figure>\n\n\n\n<h3 class=\"wp-block-heading\">Promessa<\/h3>\n\n\n\n<p>Pb. Isa\u00edas Sarino de Almeida<\/p>\n\n\n\n<figure class=\"wp-block-image\"><img data-recalc-dims=\"1\" decoding=\"async\" src=\"https:\/\/i0.wp.com\/s3-propozzito.s3.amazonaws.com\/membros\/storage\/app\/public\/membros\/Fotos\/5970_medium.jpg?w=800&#038;ssl=1\" alt=\"\"\/><\/figure>\n\n\n\n<h3 class=\"wp-block-heading\">Regomoleiro<\/h3>\n\n\n\n<p>Pb. Jo\u00e3o Milton da Fonseca Junior<\/p>\n\n\n\n<figure class=\"wp-block-image\"><img data-recalc-dims=\"1\" decoding=\"async\" src=\"https:\/\/i0.wp.com\/s3-propozzito.s3.amazonaws.com\/membros\/storage\/app\/public\/membros\/aplicativo\/uODw83n20vy9SfbRWhHFmmNpBxzvhOe6MGCDOf13_medium.jpg?w=800&#038;ssl=1\" alt=\"\"\/><\/figure>\n\n\n\n<h3 class=\"wp-block-heading\">Vale de Acor<\/h3>\n\n\n\n<p>Pb. Raimundo Alves da Cruz<\/p>\n\n\n\n<h2 class=\"wp-block-heading\">\u00c1rea 4<\/h2>\n\n\n\n<h2 class=\"wp-block-heading\">Setor 21<\/h2>\n\n\n\n<figure class=\"wp-block-image\"><img data-recalc-dims=\"1\" decoding=\"async\" src=\"https:\/\/i0.wp.com\/s3-propozzito.s3.amazonaws.com\/membros\/storage\/app\/public\/membros\/Fotos\/22913_medium.jpg?w=800&#038;ssl=1\" alt=\"\"\/><\/figure>\n\n\n\n<h3 class=\"wp-block-heading\">PARQUE DOS COQUEIROS<\/h3>\n\n\n\n<p>Ev. Arijan Tony da Costa<\/p>\n\n\n\n<figure class=\"wp-block-image\"><img data-recalc-dims=\"1\" decoding=\"async\" src=\"https:\/\/i0.wp.com\/s3-propozzito.s3.amazonaws.com\/membros\/storage\/app\/public\/membros\/November2022\/hlrfuc3A4gJ9ujHAVxNf_medium.jpg?w=800&#038;ssl=1\" alt=\"\"\/><\/figure>\n\n\n\n<h3 class=\"wp-block-heading\">Fonte de Esperan\u00e7a<\/h3>\n\n\n\n<p>Pb. Manoel Marcos Pinheiro<\/p>\n\n\n\n<figure class=\"wp-block-image\"><img data-recalc-dims=\"1\" decoding=\"async\" src=\"https:\/\/i0.wp.com\/s3-propozzito.s3.amazonaws.com\/membros\/storage\/app\/public\/membros\/Fotos\/31344_medium.jpg?w=800&#038;ssl=1\" alt=\"\"\/><\/figure>\n\n\n\n<h3 class=\"wp-block-heading\">Jardim Leblon<\/h3>\n\n\n\n<p>Pr. Gerson Ferreira Leal<\/p>\n\n\n\n<figure class=\"wp-block-image\"><img data-recalc-dims=\"1\" decoding=\"async\" src=\"https:\/\/i0.wp.com\/s3-propozzito.s3.amazonaws.com\/membros\/storage\/app\/public\/membros\/Fotos\/9263_medium.jpg?w=800&#038;ssl=1\" alt=\"\"\/><\/figure>\n\n\n\n<h3 class=\"wp-block-heading\">Rei dos Reis<\/h3>\n\n\n\n<p>Pr. Luciano da Silva Lima<\/p>\n\n\n\n<figure class=\"wp-block-image\"><img data-recalc-dims=\"1\" decoding=\"async\" src=\"https:\/\/i0.wp.com\/s3-propozzito.s3.amazonaws.com\/membros\/storage\/app\/public\/membros\/Fotos\/10316_medium.jpg?w=800&#038;ssl=1\" alt=\"\"\/><\/figure>\n\n\n\n<h3 class=\"wp-block-heading\">Vila Para\u00edso<\/h3>\n\n\n\n<p>Pb. Adalberto Braz dos Santos<\/p>\n\n\n\n<h2 class=\"wp-block-heading\">\u00c1rea 4<\/h2>\n\n\n\n<h2 class=\"wp-block-heading\">Setor 27<\/h2>\n\n\n\n<figure class=\"wp-block-image\"><img data-recalc-dims=\"1\" decoding=\"async\" src=\"https:\/\/i0.wp.com\/s3-propozzito.s3.amazonaws.com\/membros\/storage\/app\/public\/membros\/February2023\/0bWFZvZCx59j6hV46M6C_medium.jpeg?w=800&#038;ssl=1\" alt=\"\"\/><\/figure>\n\n\n\n<h3 class=\"wp-block-heading\">IGAP\u00d3 II<\/h3>\n\n\n\n<p>Pr. Francisco das Chagas Estevam de Andrade<\/p>\n\n\n\n<figure class=\"wp-block-image\"><img data-recalc-dims=\"1\" decoding=\"async\" src=\"https:\/\/i0.wp.com\/s3-propozzito.s3.amazonaws.com\/membros\/storage\/app\/public\/membros\/Fotos\/5332_medium.jpg?w=800&#038;ssl=1\" alt=\"\"\/><\/figure>\n\n\n\n<h3 class=\"wp-block-heading\">Giom<\/h3>\n\n\n\n<p>Pb. Jos\u00e9 Gonzaga da Silva<\/p>\n\n\n\n<figure class=\"wp-block-image\"><img data-recalc-dims=\"1\" decoding=\"async\" src=\"https:\/\/i0.wp.com\/s3-propozzito.s3.amazonaws.com\/membros\/storage\/app\/public\/membros\/Fotos\/15583_medium.jpg?w=800&#038;ssl=1\" alt=\"\"\/><\/figure>\n\n\n\n<h3 class=\"wp-block-heading\">Monte Horebe<\/h3>\n\n\n\n<p>Pb. Suney Soares de Souza<\/p>\n\n\n\n<figure class=\"wp-block-image\"><img data-recalc-dims=\"1\" decoding=\"async\" src=\"https:\/\/i0.wp.com\/s3-propozzito.s3.amazonaws.com\/membros\/storage\/app\/public\/membros\/January2023\/mB8EXfmeoX4ia6TjNTX6_medium.jpg?w=800&#038;ssl=1\" alt=\"\"\/><\/figure>\n\n\n\n<h3 class=\"wp-block-heading\">Panatis<\/h3>\n\n\n\n<p>Pb. Marivaldo Silva de Souza<\/p>\n\n\n\n<figure class=\"wp-block-image\"><img data-recalc-dims=\"1\" decoding=\"async\" src=\"https:\/\/i0.wp.com\/s3-propozzito.s3.amazonaws.com\/membros\/storage\/app\/public\/membros\/March2022\/yNzRjYEEaRLqMdIiLr6X_medium.jpg?w=800&#038;ssl=1\" alt=\"\"\/><\/figure>\n\n\n\n<h3 class=\"wp-block-heading\">Shalom<\/h3>\n\n\n\n<p>Pb. Jeremias Monte Fernandes<\/p>\n\n\n\n<h2 class=\"wp-block-heading\">\u00c1rea 4<\/h2>\n\n\n\n<h2 class=\"wp-block-heading\">Setor 28<\/h2>\n\n\n\n<figure class=\"wp-block-image\"><img data-recalc-dims=\"1\" decoding=\"async\" src=\"https:\/\/i0.wp.com\/s3-propozzito.s3.amazonaws.com\/membros\/storage\/app\/public\/membros\/aplicativo\/nutNvmB7YwP7raBoYhE77b2Usjccogn9v8fkQtPR_medium.jpg?w=800&#038;ssl=1\" alt=\"\"\/><\/figure>\n\n\n\n<h3 class=\"wp-block-heading\">AMARANTE II<\/h3>\n\n\n\n<p>Ev. Fabiano Jos\u00e9 Costa Dantas<\/p>\n\n\n\n<figure class=\"wp-block-image\"><img data-recalc-dims=\"1\" decoding=\"async\" src=\"https:\/\/i0.wp.com\/s3-propozzito.s3.amazonaws.com\/membros\/storage\/app\/public\/membros\/Fotos\/42962_medium.jpg?w=800&#038;ssl=1\" alt=\"\"\/><\/figure>\n\n\n\n<h3 class=\"wp-block-heading\">Golandim<\/h3>\n\n\n\n<p>Pb. Veneziano Holanda da Silva<\/p>\n\n\n\n<figure class=\"wp-block-image\"><img data-recalc-dims=\"1\" decoding=\"async\" src=\"https:\/\/i0.wp.com\/s3-propozzito.s3.amazonaws.com\/membros\/storage\/app\/public\/membros\/Fotos\/37148_medium.jpg?w=800&#038;ssl=1\" alt=\"\"\/><\/figure>\n\n\n\n<h3 class=\"wp-block-heading\">Golandim II<\/h3>\n\n\n\n<p>Pb. Alessandro Pegado de Ara\u00fajo<\/p>\n\n\n\n<figure class=\"wp-block-image\"><img data-recalc-dims=\"1\" decoding=\"async\" src=\"https:\/\/i0.wp.com\/s3-propozzito.s3.amazonaws.com\/membros\/storage\/app\/public\/membros\/Fotos\/10983_medium.jpg?w=800&#038;ssl=1\" alt=\"\"\/><\/figure>\n\n\n\n<h3 class=\"wp-block-heading\">Monte L\u00edbano<\/h3>\n\n\n\n<p>Pb. Cl\u00e9cio de Souza G\u00f3is<\/p>\n\n\n\n<figure class=\"wp-block-image\"><img data-recalc-dims=\"1\" decoding=\"async\" src=\"https:\/\/i0.wp.com\/s3-propozzito.s3.amazonaws.com\/membros\/storage\/app\/public\/membros\/June2023\/YyCBS8pKzgJi60axe3if_medium.jpg?w=800&#038;ssl=1\" alt=\"\"\/><\/figure>\n\n\n\n<h3 class=\"wp-block-heading\">Nova Floresta<\/h3>\n\n\n\n<p>Pb. J\u00f4natas Siqueira de Carvalho<\/p>\n\n\n\n<figure class=\"wp-block-image\"><img data-recalc-dims=\"1\" decoding=\"async\" src=\"https:\/\/i0.wp.com\/s3-propozzito.s3.amazonaws.com\/membros\/storage\/app\/public\/membros\/Fotos\/16817_medium.jpg?w=800&#038;ssl=1\" alt=\"\"\/><\/figure>\n\n\n\n<h3 class=\"wp-block-heading\">Novo Amarante<\/h3>\n\n\n\n<p>Pb. Eudes Batista da Silva<\/p>\n\n\n\n<h2 class=\"wp-block-heading\">\u00c1rea 4<\/h2>\n\n\n\n<h2 class=\"wp-block-heading\">Setor 39<\/h2>\n\n\n\n<figure class=\"wp-block-image\"><img data-recalc-dims=\"1\" decoding=\"async\" src=\"https:\/\/i0.wp.com\/s3-propozzito.s3.amazonaws.com\/membros\/storage\/app\/public\/membros\/Fotos\/14357_medium.jpg?w=800&#038;ssl=1\" alt=\"\"\/><\/figure>\n\n\n\n<h3 class=\"wp-block-heading\">CIDADE DAS FLORES<\/h3>\n\n\n\n<p>Ev. Jos\u00e9 Am\u00e9rico Matias de Souza<\/p>\n\n\n\n<figure class=\"wp-block-image\"><img data-recalc-dims=\"1\" decoding=\"async\" src=\"https:\/\/i0.wp.com\/s3-propozzito.s3.amazonaws.com\/membros\/storage\/app\/public\/membros\/Fotos\/32133_medium.jpg?w=800&#038;ssl=1\" alt=\"\"\/><\/figure>\n\n\n\n<h3 class=\"wp-block-heading\">Alto Ref\u00fagio<\/h3>\n\n\n\n<p>Pb. Francisco J\u00e2ncio da Silva<\/p>\n\n\n\n<figure class=\"wp-block-image\"><img data-recalc-dims=\"1\" decoding=\"async\" src=\"https:\/\/i0.wp.com\/s3-propozzito.s3.amazonaws.com\/membros\/storage\/app\/public\/membros\/Fotos\/10569_medium.jpg?w=800&#038;ssl=1\" alt=\"\"\/><\/figure>\n\n\n\n<h3 class=\"wp-block-heading\">Cidade das Rosas<\/h3>\n\n\n\n<p>Ev. Jos\u00e9 Alberto Vaz Figueredo<\/p>\n\n\n\n<figure class=\"wp-block-image\"><img data-recalc-dims=\"1\" decoding=\"async\" src=\"https:\/\/i0.wp.com\/s3-propozzito.s3.amazonaws.com\/membros\/storage\/app\/public\/membros\/January2023\/DhmiOcVJd1bwtVWhfXuG_medium.png?w=800&#038;ssl=1\" alt=\"\"\/><\/figure>\n\n\n\n<h3 class=\"wp-block-heading\">El Eliom<\/h3>\n\n\n\n<p>Pb. Francisco Canind\u00e9 de Mac\u00eado Filho<\/p>\n\n\n\n<figure class=\"wp-block-image\"><img data-recalc-dims=\"1\" decoding=\"async\" src=\"https:\/\/i0.wp.com\/s3-propozzito.s3.amazonaws.com\/membros\/storage\/app\/public\/membros\/Fotos\/18658_medium.jpg?w=800&#038;ssl=1\" alt=\"\"\/><\/figure>\n\n\n\n<h3 class=\"wp-block-heading\">Guajir\u00fa<\/h3>\n\n\n\n<p>Pb. Ubiratan Tavares de Paiva<\/p>\n\n\n\n<figure class=\"wp-block-image\"><img data-recalc-dims=\"1\" decoding=\"async\" src=\"https:\/\/i0.wp.com\/s3-propozzito.s3.amazonaws.com\/membros\/storage\/app\/public\/membros\/Fotos\/26281_medium.jpg?w=800&#038;ssl=1\" alt=\"\"\/><\/figure>\n\n\n\n<h3 class=\"wp-block-heading\">Jardim Petr\u00f3polis<\/h3>\n\n\n\n<p>Pb. Heber Diniz da Silva<\/p>\n\n\n\n<figure class=\"wp-block-image\"><img data-recalc-dims=\"1\" decoding=\"async\" src=\"https:\/\/i0.wp.com\/s3-propozzito.s3.amazonaws.com\/membros\/storage\/app\/public\/membros\/Fotos\/8676_medium.jpg?w=800&#038;ssl=1\" alt=\"\"\/><\/figure>\n\n\n\n<h3 class=\"wp-block-heading\">Olho D&#8217;\u00e1gua<\/h3>\n\n\n\n<p>Ev. Ednaldo Dantas da Silva<\/p>\n\n\n\n<figure class=\"wp-block-image\"><img data-recalc-dims=\"1\" decoding=\"async\" src=\"https:\/\/i0.wp.com\/s3-propozzito.s3.amazonaws.com\/membros\/storage\/app\/public\/membros\/April2023\/H7J4rvA5nNGoENxqoUvD_medium.jpg?w=800&#038;ssl=1\" alt=\"\"\/><\/figure>\n\n\n\n<h3 class=\"wp-block-heading\">Sol da Justi\u00e7a<\/h3>\n\n\n\n<p>Pb. Abner do Nascimento Vilela Marques<\/p>\n\n\n\n<h2 class=\"wp-block-heading\">\u00c1rea 5<\/h2>\n\n\n\n<h2 class=\"wp-block-heading\">Setor 3<\/h2>\n\n\n\n<figure class=\"wp-block-image\"><img data-recalc-dims=\"1\" decoding=\"async\" src=\"https:\/\/i0.wp.com\/s3-propozzito.s3.amazonaws.com\/membros\/storage\/app\/public\/membros\/Fotos\/2197_medium.jpg?w=800&#038;ssl=1\" alt=\"\"\/><\/figure>\n\n\n\n<h3 class=\"wp-block-heading\">SOLEDADE II<\/h3>\n\n\n\n<p>Pr. Jos\u00e9 Ribeiro da Costa<\/p>\n\n\n\n<figure class=\"wp-block-image\"><img data-recalc-dims=\"1\" decoding=\"async\" src=\"https:\/\/i0.wp.com\/s3-propozzito.s3.amazonaws.com\/membros\/storage\/app\/public\/membros\/Fotos\/8436_medium.jpg?w=800&#038;ssl=1\" alt=\"\"\/><\/figure>\n\n\n\n<h3 class=\"wp-block-heading\">Betsaida<\/h3>\n\n\n\n<p>Pb. Antonio Tasso de Souza<\/p>\n\n\n\n<figure class=\"wp-block-image\"><img data-recalc-dims=\"1\" decoding=\"async\" src=\"https:\/\/i0.wp.com\/s3-propozzito.s3.amazonaws.com\/membros\/storage\/app\/public\/membros\/Fotos\/93486_medium.jpg?w=800&#038;ssl=1\" alt=\"\"\/><\/figure>\n\n\n\n<h3 class=\"wp-block-heading\">El-Shadday<\/h3>\n\n\n\n<p>Pb. Nailson Morais de Souza<\/p>\n\n\n\n<figure class=\"wp-block-image\"><img data-recalc-dims=\"1\" decoding=\"async\" src=\"https:\/\/i0.wp.com\/s3-propozzito.s3.amazonaws.com\/membros\/storage\/app\/public\/membros\/Fotos\/36386_medium.jpg?w=800&#038;ssl=1\" alt=\"\"\/><\/figure>\n\n\n\n<h3 class=\"wp-block-heading\">Galil\u00e9ia<\/h3>\n\n\n\n<p>Pb. Jo\u00e3o Rob\u00e9rio Ribeiro<\/p>\n\n\n\n<figure class=\"wp-block-image\"><img data-recalc-dims=\"1\" decoding=\"async\" src=\"https:\/\/i0.wp.com\/s3-propozzito.s3.amazonaws.com\/membros\/storage\/app\/public\/membros\/Fotos\/14429_medium.jpg?w=800&#038;ssl=1\" alt=\"\"\/><\/figure>\n\n\n\n<h3 class=\"wp-block-heading\">Gilgal<\/h3>\n\n\n\n<p>Pb. Clauedimar Francisco do Nascimento<\/p>\n\n\n\n<figure class=\"wp-block-image\"><img data-recalc-dims=\"1\" decoding=\"async\" src=\"https:\/\/i0.wp.com\/s3-propozzito.s3.amazonaws.com\/membros\/storage\/app\/public\/membros\/Fotos\/27018_medium.jpg?w=800&#038;ssl=1\" alt=\"\"\/><\/figure>\n\n\n\n<h3 class=\"wp-block-heading\">Monte Sinai<\/h3>\n\n\n\n<p>Ev. Renato Tavares Filho<\/p>\n\n\n\n<figure class=\"wp-block-image\"><img data-recalc-dims=\"1\" decoding=\"async\" src=\"https:\/\/i0.wp.com\/s3-propozzito.s3.amazonaws.com\/membros\/storage\/app\/public\/membros\/May2022\/cJ1bmkg4VpH9nYHyMI69_medium.jpg?w=800&#038;ssl=1\" alt=\"\"\/><\/figure>\n\n\n\n<h3 class=\"wp-block-heading\">Porta Formosa<\/h3>\n\n\n\n<p>Pb. Janilson Lima dos Santos<\/p>\n\n\n\n<h2 class=\"wp-block-heading\">\u00c1rea 5<\/h2>\n\n\n\n<h2 class=\"wp-block-heading\">Setor 11<\/h2>\n\n\n\n<figure class=\"wp-block-image\"><img data-recalc-dims=\"1\" decoding=\"async\" src=\"https:\/\/i0.wp.com\/s3-propozzito.s3.amazonaws.com\/membros\/storage\/app\/public\/membros\/August2023\/fjnuMn4b3obhtKs7TDJq_medium.jpeg?w=800&#038;ssl=1\" alt=\"\"\/><\/figure>\n\n\n\n<h3 class=\"wp-block-heading\">GRAMOR\u00c9<\/h3>\n\n\n\n<p>Pr. Kleiber Bandeira Cavalcanti<\/p>\n\n\n\n<figure class=\"wp-block-image\"><img data-recalc-dims=\"1\" decoding=\"async\" src=\"https:\/\/i0.wp.com\/s3-propozzito.s3.amazonaws.com\/membros\/storage\/app\/public\/membros\/Fotos\/33739_medium.jpg?w=800&#038;ssl=1\" alt=\"\"\/><\/figure>\n\n\n\n<h3 class=\"wp-block-heading\">D. Pedro I<\/h3>\n\n\n\n<p>Pb. Josimar Dantas do Nascimento<\/p>\n\n\n\n<figure class=\"wp-block-image\"><img data-recalc-dims=\"1\" decoding=\"async\" src=\"https:\/\/i0.wp.com\/s3-propozzito.s3.amazonaws.com\/membros\/storage\/app\/public\/membros\/Fotos\/5720_medium.jpg?w=800&#038;ssl=1\" alt=\"\"\/><\/figure>\n\n\n\n<h3 class=\"wp-block-heading\">Gramor\u00e9 II<\/h3>\n\n\n\n<p>Pb. Wellis Matias de Freitas<\/p>\n\n\n\n<figure class=\"wp-block-image\"><img data-recalc-dims=\"1\" decoding=\"async\" src=\"https:\/\/i0.wp.com\/s3-propozzito.s3.amazonaws.com\/membros\/storage\/app\/public\/membros\/Fotos\/5873_medium.jpg?w=800&#038;ssl=1\" alt=\"\"\/><\/figure>\n\n\n\n<h3 class=\"wp-block-heading\">Lagoa Azul<\/h3>\n\n\n\n<p>Pb. Ronaldo Barbosa do Nascimento<\/p>\n\n\n\n<figure class=\"wp-block-image\"><img data-recalc-dims=\"1\" decoding=\"async\" src=\"https:\/\/i0.wp.com\/s3-propozzito.s3.amazonaws.com\/membros\/storage\/app\/public\/membros\/June2021\/DExZh32U8NQPNzBjqMkK_medium.jpg?w=800&#038;ssl=1\" alt=\"\"\/><\/figure>\n\n\n\n<h3 class=\"wp-block-heading\">Porta de Esperan\u00e7a<\/h3>\n\n\n\n<p>Pb. Raimundo H\u00e9lio de Souza<\/p>\n\n\n\n<h2 class=\"wp-block-heading\">\u00c1rea 5<\/h2>\n\n\n\n<h2 class=\"wp-block-heading\">Setor 13<\/h2>\n\n\n\n<figure class=\"wp-block-image\"><img data-recalc-dims=\"1\" decoding=\"async\" src=\"https:\/\/i0.wp.com\/s3-propozzito.s3.amazonaws.com\/membros\/storage\/app\/public\/membros\/aplicativo\/AYmbjVkWINJ8YqS9bHYRbLHVIoSUQdtuOVPfZB1E_medium.jpg?w=800&#038;ssl=1\" alt=\"\"\/><\/figure>\n\n\n\n<h3 class=\"wp-block-heading\">ALVORADA<\/h3>\n\n\n\n<p>Ev. Marcelo Vieira de Sousa<\/p>\n\n\n\n<figure class=\"wp-block-image\"><img data-recalc-dims=\"1\" decoding=\"async\" src=\"https:\/\/i0.wp.com\/s3-propozzito.s3.amazonaws.com\/membros\/storage\/app\/public\/membros\/June2021\/0ox8WO3zdmc0a6FNmUpz_medium.jpg?w=800&#038;ssl=1\" alt=\"\"\/><\/figure>\n\n\n\n<h3 class=\"wp-block-heading\">Brilho Celeste<\/h3>\n\n\n\n<p>Pb. Ubirajara Barros Martins<\/p>\n\n\n\n<figure class=\"wp-block-image\"><img data-recalc-dims=\"1\" decoding=\"async\" src=\"https:\/\/i0.wp.com\/s3-propozzito.s3.amazonaws.com\/membros\/storage\/app\/public\/membros\/Fotos\/9131_medium.jpg?w=800&#038;ssl=1\" alt=\"\"\/><\/figure>\n\n\n\n<h3 class=\"wp-block-heading\">Estrela da Manh\u00e3<\/h3>\n\n\n\n<p>Pb. Carlos Augusto da Silva<\/p>\n\n\n\n<figure class=\"wp-block-image\"><img data-recalc-dims=\"1\" decoding=\"async\" src=\"https:\/\/i0.wp.com\/s3-propozzito.s3.amazonaws.com\/membros\/storage\/app\/public\/membros\/April2023\/Eir1lnQWWyxLpiMV0CJK_medium.png?w=800&#038;ssl=1\" alt=\"\"\/><\/figure>\n\n\n\n<h3 class=\"wp-block-heading\">Niter\u00f3i<\/h3>\n\n\n\n<p>Ev. Oziel Louren\u00e7o<\/p>\n\n\n\n<figure class=\"wp-block-image\"><img data-recalc-dims=\"1\" decoding=\"async\" src=\"https:\/\/i0.wp.com\/s3-propozzito.s3.amazonaws.com\/membros\/storage\/app\/public\/membros\/Fotos\/4586_medium.jpg?w=800&#038;ssl=1\" alt=\"\"\/><\/figure>\n\n\n\n<h3 class=\"wp-block-heading\">Potengi<\/h3>\n\n\n\n<p>Ev. Manoel Nunes de Oliveira<\/p>\n\n\n\n<figure class=\"wp-block-image\"><img data-recalc-dims=\"1\" decoding=\"async\" src=\"https:\/\/i0.wp.com\/s3-propozzito.s3.amazonaws.com\/membros\/storage\/app\/public\/membros\/Fotos\/17242_medium.jpg?w=800&#038;ssl=1\" alt=\"\"\/><\/figure>\n\n\n\n<h3 class=\"wp-block-heading\">Rio Jord\u00e3o<\/h3>\n\n\n\n<p>Pb. Roberto Carlos da Silva<\/p>\n\n\n\n<h2 class=\"wp-block-heading\">\u00c1rea 5<\/h2>\n\n\n\n<h2 class=\"wp-block-heading\">Setor 14<\/h2>\n\n\n\n<figure class=\"wp-block-image\"><img data-recalc-dims=\"1\" decoding=\"async\" src=\"https:\/\/i0.wp.com\/s3-propozzito.s3.amazonaws.com\/membros\/storage\/app\/public\/users\/default.png?w=800&#038;ssl=1\" alt=\"\"\/><\/figure>\n\n\n\n<h3 class=\"wp-block-heading\">NOVA NATAL<\/h3>\n\n\n\n<p>Pr. Andr\u00e9 Luiz do Nascimento Feitosa<\/p>\n\n\n\n<figure class=\"wp-block-image\"><img data-recalc-dims=\"1\" decoding=\"async\" src=\"https:\/\/i0.wp.com\/s3-propozzito.s3.amazonaws.com\/membros\/storage\/app\/public\/membros\/Fotos\/18785_medium.jpg?w=800&#038;ssl=1\" alt=\"\"\/><\/figure>\n\n\n\n<h3 class=\"wp-block-heading\">Efraim<\/h3>\n\n\n\n<p>Pb. Alzamir Mauricio de Freitas<\/p>\n\n\n\n<figure class=\"wp-block-image\"><img data-recalc-dims=\"1\" decoding=\"async\" src=\"https:\/\/i0.wp.com\/s3-propozzito.s3.amazonaws.com\/membros\/storage\/app\/public\/membros\/aplicativo\/EOD5fXHcjxAZKXe7cTvRDdt0EZwpWNHsMItIV7R9_medium.jpg?w=800&#038;ssl=1\" alt=\"\"\/><\/figure>\n\n\n\n<h3 class=\"wp-block-heading\">Fonte das \u00c1guas Vivas<\/h3>\n\n\n\n<p>Pb. Cristiano Cosme Rodrigues<\/p>\n\n\n\n<figure class=\"wp-block-image\"><img data-recalc-dims=\"1\" decoding=\"async\" src=\"https:\/\/i0.wp.com\/s3-propozzito.s3.amazonaws.com\/membros\/storage\/app\/public\/membros\/June2021\/2z38D8eH55BesEY2cXpl_medium.jpg?w=800&#038;ssl=1\" alt=\"\"\/><\/figure>\n\n\n\n<h3 class=\"wp-block-heading\">Fonte de Luz<\/h3>\n\n\n\n<p>Pb. Gleidson Pereira do Nascimento<\/p>\n\n\n\n<figure class=\"wp-block-image\"><img data-recalc-dims=\"1\" decoding=\"async\" src=\"https:\/\/i0.wp.com\/s3-propozzito.s3.amazonaws.com\/membros\/storage\/app\/public\/membros\/Fotos\/48389_medium.jpg?w=800&#038;ssl=1\" alt=\"\"\/><\/figure>\n\n\n\n<h3 class=\"wp-block-heading\">Jardim das Oliveiras<\/h3>\n\n\n\n<p>Pb. Gilvan de Souza Santos<\/p>\n\n\n\n<figure class=\"wp-block-image\"><img data-recalc-dims=\"1\" decoding=\"async\" src=\"https:\/\/i0.wp.com\/s3-propozzito.s3.amazonaws.com\/membros\/storage\/app\/public\/membros\/December2022\/qATAjndtdb9PFLbEJQis_medium.jpg?w=800&#038;ssl=1\" alt=\"\"\/><\/figure>\n\n\n\n<h3 class=\"wp-block-heading\">Monte das Oliveiras<\/h3>\n\n\n\n<p>Ev. Jos\u00e9 Carlos Barreto Freitas<\/p>\n\n\n\n<figure class=\"wp-block-image\"><img data-recalc-dims=\"1\" decoding=\"async\" src=\"https:\/\/i0.wp.com\/s3-propozzito.s3.amazonaws.com\/membros\/storage\/app\/public\/membros\/Fotos\/32866_medium.jpg?w=800&#038;ssl=1\" alt=\"\"\/><\/figure>\n\n\n\n<h3 class=\"wp-block-heading\">Nova Natal II<\/h3>\n\n\n\n<p>Ev. Wladimir Santos de Freitas<\/p>\n\n\n\n<figure class=\"wp-block-image\"><img data-recalc-dims=\"1\" decoding=\"async\" src=\"https:\/\/i0.wp.com\/s3-propozzito.s3.amazonaws.com\/membros\/storage\/app\/public\/membros\/Fotos\/34002_medium.jpg?w=800&#038;ssl=1\" alt=\"\"\/><\/figure>\n\n\n\n<h3 class=\"wp-block-heading\">Vale do Aijalom<\/h3>\n\n\n\n<p>Pb. Mois\u00e9s In\u00e1cio Ferreira<\/p>\n\n\n\n<h2 class=\"wp-block-heading\">\u00c1rea 5<\/h2>\n\n\n\n<h2 class=\"wp-block-heading\">Setor 18<\/h2>\n\n\n\n<figure class=\"wp-block-image\"><img data-recalc-dims=\"1\" decoding=\"async\" src=\"https:\/\/i0.wp.com\/s3-propozzito.s3.amazonaws.com\/membros\/storage\/app\/public\/membros\/Fotos\/31267_medium.jpg?w=800&#038;ssl=1\" alt=\"\"\/><\/figure>\n\n\n\n<h3 class=\"wp-block-heading\">REDINHA<\/h3>\n\n\n\n<p>Ev. Luiz Ant\u00f4nio dos Santos<\/p>\n\n\n\n<figure class=\"wp-block-image\"><img data-recalc-dims=\"1\" decoding=\"async\" src=\"https:\/\/i0.wp.com\/s3-propozzito.s3.amazonaws.com\/membros\/storage\/app\/public\/membros\/Fotos\/25033_medium.jpg?w=800&#038;ssl=1\" alt=\"\"\/><\/figure>\n\n\n\n<h3 class=\"wp-block-heading\">Jardim das Flores<\/h3>\n\n\n\n<p>Ev. Jos\u00e9 Josemio da Silva<\/p>\n\n\n\n<figure class=\"wp-block-image\"><img data-recalc-dims=\"1\" decoding=\"async\" src=\"https:\/\/i0.wp.com\/s3-propozzito.s3.amazonaws.com\/membros\/storage\/app\/public\/membros\/Fotos\/29299_medium.jpg?w=800&#038;ssl=1\" alt=\"\"\/><\/figure>\n\n\n\n<h3 class=\"wp-block-heading\">Jerameel<\/h3>\n\n\n\n<p>Pb. Antonio Fernandes de Oliveira<\/p>\n\n\n\n<figure class=\"wp-block-image\"><img data-recalc-dims=\"1\" decoding=\"async\" src=\"https:\/\/i0.wp.com\/s3-propozzito.s3.amazonaws.com\/membros\/storage\/app\/public\/membros\/June2021\/cn5lFCZWCwwcifdy2Fz6_medium.jpg?w=800&#038;ssl=1\" alt=\"\"\/><\/figure>\n\n\n\n<h3 class=\"wp-block-heading\">Nova Redinha<\/h3>\n\n\n\n<p>Pb. Elinaldo Ferreira da Silva<\/p>\n\n\n\n<figure class=\"wp-block-image\"><img data-recalc-dims=\"1\" decoding=\"async\" src=\"https:\/\/i0.wp.com\/s3-propozzito.s3.amazonaws.com\/membros\/storage\/app\/public\/membros\/April2023\/lh4Uj5lfTf6UjsChbXzH_medium.jpeg?w=800&#038;ssl=1\" alt=\"\"\/><\/figure>\n\n\n\n<h3 class=\"wp-block-heading\">Redinha Nova<\/h3>\n\n\n\n<p>Pb. Jesser Otavio de Paiva<\/p>\n\n\n\n<figure class=\"wp-block-image\"><img data-recalc-dims=\"1\" decoding=\"async\" src=\"https:\/\/i0.wp.com\/s3-propozzito.s3.amazonaws.com\/membros\/storage\/app\/public\/membros\/Fotos\/2211_medium.jpg?w=800&#038;ssl=1\" alt=\"\"\/><\/figure>\n\n\n\n<h3 class=\"wp-block-heading\">Vida Abundante<\/h3>\n\n\n\n<p>Ev. Ant\u00f4nio Siqueira<\/p>\n\n\n\n<figure class=\"wp-block-image\"><img data-recalc-dims=\"1\" decoding=\"async\" src=\"https:\/\/i0.wp.com\/s3-propozzito.s3.amazonaws.com\/membros\/storage\/app\/public\/membros\/Fotos\/67034_medium.jpg?w=800&#038;ssl=1\" alt=\"\"\/><\/figure>\n\n\n\n<h3 class=\"wp-block-heading\">Vila Verde<\/h3>\n\n\n\n<p>Pb. Lenilson Augusto Pinheiro<\/p>\n\n\n\n<figure class=\"wp-block-image\"><img data-recalc-dims=\"1\" decoding=\"async\" src=\"https:\/\/i0.wp.com\/s3-propozzito.s3.amazonaws.com\/membros\/storage\/app\/public\/membros\/Fotos\/12182_medium.jpg?w=800&#038;ssl=1\" alt=\"\"\/><\/figure>\n\n\n\n<h3 class=\"wp-block-heading\">Vilage das Dunas<\/h3>\n\n\n\n<p>Pb. Jos\u00e9 Aparecido de Ara\u00fajo<\/p>\n\n\n\n<h2 class=\"wp-block-heading\">\u00c1rea 5<\/h2>\n\n\n\n<h2 class=\"wp-block-heading\">Setor 19<\/h2>\n\n\n\n<figure class=\"wp-block-image\"><img data-recalc-dims=\"1\" decoding=\"async\" src=\"https:\/\/i0.wp.com\/s3-propozzito.s3.amazonaws.com\/membros\/storage\/app\/public\/membros\/Fotos\/4611_medium.jpg?w=800&#038;ssl=1\" alt=\"\"\/><\/figure>\n\n\n\n<h3 class=\"wp-block-heading\">CONJ. SANTAR\u00c9M<\/h3>\n\n\n\n<p>Pr. Geraldo Erasmo dos Santos<\/p>\n\n\n\n<figure class=\"wp-block-image\"><img data-recalc-dims=\"1\" decoding=\"async\" src=\"https:\/\/i0.wp.com\/s3-propozzito.s3.amazonaws.com\/membros\/storage\/app\/public\/membros\/Fotos\/3408_medium.jpg?w=800&#038;ssl=1\" alt=\"\"\/><\/figure>\n\n\n\n<h3 class=\"wp-block-heading\">Efrata<\/h3>\n\n\n\n<p>Ev. Moaci N\u00f3brega da Silva<\/p>\n\n\n\n<figure class=\"wp-block-image\"><img data-recalc-dims=\"1\" decoding=\"async\" src=\"https:\/\/i0.wp.com\/s3-propozzito.s3.amazonaws.com\/membros\/storage\/app\/public\/membros\/April2022\/VL5F2H43enmkDAIXsQ28_medium.jpg?w=800&#038;ssl=1\" alt=\"\"\/><\/figure>\n\n\n\n<h3 class=\"wp-block-heading\">Hesmom<\/h3>\n\n\n\n<p>Pb. Claudionor de Oliveira C\u00e2mara<\/p>\n\n\n\n<figure class=\"wp-block-image\"><img data-recalc-dims=\"1\" decoding=\"async\" src=\"https:\/\/i0.wp.com\/s3-propozzito.s3.amazonaws.com\/membros\/storage\/app\/public\/membros\/aplicativo\/QOXRfPCrpvX1Kwav9fi6q7IDETHdqaEiVGoZ0kG4_medium.jpg?w=800&#038;ssl=1\" alt=\"\"\/><\/figure>\n\n\n\n<h3 class=\"wp-block-heading\">Nova Rep\u00fablica<\/h3>\n\n\n\n<p>Pb. Geazi In\u00e1cio dos Santos<\/p>\n\n\n\n<figure class=\"wp-block-image\"><img data-recalc-dims=\"1\" decoding=\"async\" src=\"https:\/\/i0.wp.com\/s3-propozzito.s3.amazonaws.com\/membros\/storage\/app\/public\/membros\/June2021\/fCW6R49z1T1t5hD6GQ3y_medium.jpg?w=800&#038;ssl=1\" alt=\"\"\/><\/figure>\n\n\n\n<h3 class=\"wp-block-heading\">Parque Floresta<\/h3>\n\n\n\n<p>Pb. Ronaldo Camilo da Silva<\/p>\n\n\n\n<h2 class=\"wp-block-heading\">\u00c1rea 5<\/h2>\n\n\n\n<h2 class=\"wp-block-heading\">Setor 35<\/h2>\n\n\n\n<figure class=\"wp-block-image\"><img data-recalc-dims=\"1\" decoding=\"async\" src=\"https:\/\/i0.wp.com\/s3-propozzito.s3.amazonaws.com\/membros\/storage\/app\/public\/membros\/January2023\/JGab3RUC8ekOxwuoY3Zs_medium.jpg?w=800&#038;ssl=1\" alt=\"\"\/><\/figure>\n\n\n\n<h3 class=\"wp-block-heading\">PAJU\u00c7ARA S\u00cdTIO<\/h3>\n\n\n\n<p>Ev. Mois\u00e9s Guedes de Paula<\/p>\n\n\n\n<figure class=\"wp-block-image\"><img data-recalc-dims=\"1\" decoding=\"async\" src=\"https:\/\/i0.wp.com\/s3-propozzito.s3.amazonaws.com\/membros\/storage\/app\/public\/membros\/Fotos\/84558_medium.jpg?w=800&#038;ssl=1\" alt=\"\"\/><\/figure>\n\n\n\n<h3 class=\"wp-block-heading\">Alto das Dunas<\/h3>\n\n\n\n<p>Pb. Jo\u00e3o Evangelista da Silva<\/p>\n\n\n\n<figure class=\"wp-block-image\"><img data-recalc-dims=\"1\" decoding=\"async\" src=\"https:\/\/i0.wp.com\/s3-propozzito.s3.amazonaws.com\/membros\/storage\/app\/public\/membros\/Fotos\/5231_medium.jpg?w=800&#038;ssl=1\" alt=\"\"\/><\/figure>\n\n\n\n<h3 class=\"wp-block-heading\">Brasil Novo<\/h3>\n\n\n\n<p>Pb. Severino Zacarias de Melo Sales<\/p>\n\n\n\n<figure class=\"wp-block-image\"><img data-recalc-dims=\"1\" decoding=\"async\" src=\"https:\/\/i0.wp.com\/s3-propozzito.s3.amazonaws.com\/membros\/storage\/app\/public\/membros\/Fotos\/10201_medium.jpg?w=800&#038;ssl=1\" alt=\"\"\/><\/figure>\n\n\n\n<h3 class=\"wp-block-heading\">Fonte de Ben\u00e7\u00e3o<\/h3>\n\n\n\n<p>Pb. Dami\u00e3o Barbosa Teixeira<\/p>\n\n\n\n<figure class=\"wp-block-image\"><img data-recalc-dims=\"1\" decoding=\"async\" src=\"https:\/\/i0.wp.com\/s3-propozzito.s3.amazonaws.com\/membros\/storage\/app\/public\/membros\/May2022\/SK7VUOh5tgPeJ3uM52Nw_medium.jpg?w=800&#038;ssl=1\" alt=\"\"\/><\/figure>\n\n\n\n<h3 class=\"wp-block-heading\">Jardim das Nogueiras<\/h3>\n\n\n\n<p>Pb. Josimar Felipe da Costa<\/p>\n\n\n\n<figure class=\"wp-block-image\"><img data-recalc-dims=\"1\" decoding=\"async\" src=\"https:\/\/i0.wp.com\/s3-propozzito.s3.amazonaws.com\/membros\/storage\/app\/public\/membros\/Fotos\/10990_medium.jpg?w=800&#038;ssl=1\" alt=\"\"\/><\/figure>\n\n\n\n<h3 class=\"wp-block-heading\">Parque das Dunas<\/h3>\n\n\n\n<p>Ev. Amaury Francisco dos Santos<\/p>\n\n\n\n<figure class=\"wp-block-image\"><img data-recalc-dims=\"1\" decoding=\"async\" src=\"https:\/\/i0.wp.com\/s3-propozzito.s3.amazonaws.com\/membros\/storage\/app\/public\/membros\/Fotos\/34856_medium.jpg?w=800&#038;ssl=1\" alt=\"\"\/><\/figure>\n\n\n\n<h3 class=\"wp-block-heading\">Rio Doce<\/h3>\n\n\n\n<p>Pb. Jos\u00e9 Ferreira da Silva<\/p>\n\n\n\n<h2 class=\"wp-block-heading\">\u00c1rea 5<\/h2>\n\n\n\n<h2 class=\"wp-block-heading\">Setor 42<\/h2>\n\n\n\n<figure class=\"wp-block-image\"><img data-recalc-dims=\"1\" decoding=\"async\" src=\"https:\/\/i0.wp.com\/s3-propozzito.s3.amazonaws.com\/membros\/storage\/app\/public\/membros\/Fotos\/10553_medium.jpg?w=800&#038;ssl=1\" alt=\"\"\/><\/figure>\n\n\n\n<h3 class=\"wp-block-heading\">PAJU\u00c7ARA I<\/h3>\n\n\n\n<p>Pr. Mois\u00e9s Soares da C\u00e2mara<\/p>\n\n\n\n<figure class=\"wp-block-image\"><img data-recalc-dims=\"1\" decoding=\"async\" src=\"https:\/\/i0.wp.com\/s3-propozzito.s3.amazonaws.com\/membros\/storage\/app\/public\/membros\/Fotos\/8490_medium.jpg?w=800&#038;ssl=1\" alt=\"\"\/><\/figure>\n\n\n\n<h3 class=\"wp-block-heading\">Gets\u00eamani<\/h3>\n\n\n\n<p>Pb. Jos\u00e9 Maria de Assis<\/p>\n\n\n\n<figure class=\"wp-block-image\"><img data-recalc-dims=\"1\" decoding=\"async\" src=\"https:\/\/i0.wp.com\/s3-propozzito.s3.amazonaws.com\/membros\/storage\/app\/public\/membros\/May2022\/cJ1bmkg4VpH9nYHyMI69_medium.jpg?w=800&#038;ssl=1\" alt=\"\"\/><\/figure>\n\n\n\n<h3 class=\"wp-block-heading\">Lot. Novo Horizonte<\/h3>\n\n\n\n<p>Pb. Janilson Lima dos Santos<\/p>\n\n\n\n<figure class=\"wp-block-image\"><img data-recalc-dims=\"1\" decoding=\"async\" src=\"https:\/\/i0.wp.com\/s3-propozzito.s3.amazonaws.com\/membros\/storage\/app\/public\/membros\/Fotos\/38830_medium.jpg?w=800&#038;ssl=1\" alt=\"\"\/><\/figure>\n\n\n\n<h3 class=\"wp-block-heading\">Monte Santo<\/h3>\n\n\n\n<p>Pb. Eliezer Augusto da Silva<\/p>\n\n\n\n<figure class=\"wp-block-image\"><img data-recalc-dims=\"1\" decoding=\"async\" src=\"https:\/\/i0.wp.com\/s3-propozzito.s3.amazonaws.com\/membros\/storage\/app\/public\/membros\/October2021\/IEF4i5qlvg4osdKCjuyz_medium.jpg?w=800&#038;ssl=1\" alt=\"\"\/><\/figure>\n\n\n\n<h3 class=\"wp-block-heading\">Vale do Horizonte<\/h3>\n\n\n\n<p>Pb. Genildo Machado De Freitas<\/p>\n\n\n\n<h2 class=\"wp-block-heading\">\u00c1rea 6<\/h2>\n\n\n\n<h2 class=\"wp-block-heading\">Setor 20<\/h2>\n\n\n\n<figure class=\"wp-block-image\"><img data-recalc-dims=\"1\" decoding=\"async\" src=\"https:\/\/i0.wp.com\/s3-propozzito.s3.amazonaws.com\/membros\/storage\/app\/public\/membros\/April2023\/QRmKuXzcOjsArlAbj1CN_medium.png?w=800&#038;ssl=1\" alt=\"\"\/><\/figure>\n\n\n\n<h3 class=\"wp-block-heading\">CIDADE PRAIA<\/h3>\n\n\n\n<p>Ev. Ant\u00f4nio do Carmo J\u00fanior<\/p>\n\n\n\n<figure class=\"wp-block-image\"><img data-recalc-dims=\"1\" decoding=\"async\" src=\"https:\/\/i0.wp.com\/s3-propozzito.s3.amazonaws.com\/membros\/storage\/app\/public\/membros\/Fotos\/10583_medium.jpg?w=800&#038;ssl=1\" alt=\"\"\/><\/figure>\n\n\n\n<h3 class=\"wp-block-heading\">Alvorecer<\/h3>\n\n\n\n<p>Pb. Jos\u00e9 Nilton Xavier da Costa<\/p>\n\n\n\n<figure class=\"wp-block-image\"><img data-recalc-dims=\"1\" decoding=\"async\" src=\"https:\/\/i0.wp.com\/s3-propozzito.s3.amazonaws.com\/membros\/storage\/app\/public\/membros\/May2022\/dSnJlvqeRaWbbQNqRBdw_medium.jpeg?w=800&#038;ssl=1\" alt=\"\"\/><\/figure>\n\n\n\n<h3 class=\"wp-block-heading\">Cidade Santa<\/h3>\n\n\n\n<p>Pb. Luiz Roberto de Moura<\/p>\n\n\n\n<figure class=\"wp-block-image\"><img data-recalc-dims=\"1\" decoding=\"async\" src=\"https:\/\/i0.wp.com\/s3-propozzito.s3.amazonaws.com\/membros\/storage\/app\/public\/membros\/Fotos\/73306_medium.jpg?w=800&#038;ssl=1\" alt=\"\"\/><\/figure>\n\n\n\n<h3 class=\"wp-block-heading\">Jardim Progresso<\/h3>\n\n\n\n<p>Pb. Ginaldo Cez\u00e1rio Campos<\/p>\n\n\n\n<figure class=\"wp-block-image\"><img data-recalc-dims=\"1\" decoding=\"async\" src=\"https:\/\/i0.wp.com\/s3-propozzito.s3.amazonaws.com\/membros\/storage\/app\/public\/membros\/Fotos\/16411_medium.jpg?w=800&#038;ssl=1\" alt=\"\"\/><\/figure>\n\n\n\n<h3 class=\"wp-block-heading\">Jardim Progresso II<\/h3>\n\n\n\n<p>Pb. Maximiliano da Silva<\/p>\n\n\n\n<figure class=\"wp-block-image\"><img data-recalc-dims=\"1\" decoding=\"async\" src=\"https:\/\/i0.wp.com\/s3-propozzito.s3.amazonaws.com\/membros\/storage\/app\/public\/membros\/November2020\/ICqM2vfeP3MCC5y8n6vP_medium.jpg?w=800&#038;ssl=1\" alt=\"\"\/><\/figure>\n\n\n\n<h3 class=\"wp-block-heading\">Rio Divino<\/h3>\n\n\n\n<p>Pr. Joselito Ferreira dos Santos<\/p>\n\n\n\n<figure class=\"wp-block-image\"><img data-recalc-dims=\"1\" decoding=\"async\" src=\"https:\/\/i0.wp.com\/s3-propozzito.s3.amazonaws.com\/membros\/storage\/app\/public\/membros\/Fotos\/47943_medium.jpg?w=800&#038;ssl=1\" alt=\"\"\/><\/figure>\n\n\n\n<h3 class=\"wp-block-heading\">Sub Novo Amanhecer<\/h3>\n\n\n\n<p>Dc. Franceildo de Oliveira Moura<\/p>\n\n\n\n<h2 class=\"wp-block-heading\">\u00c1rea 6<\/h2>\n\n\n\n<h2 class=\"wp-block-heading\">Setor 30<\/h2>\n\n\n\n<figure class=\"wp-block-image\"><img data-recalc-dims=\"1\" decoding=\"async\" src=\"https:\/\/i0.wp.com\/s3-propozzito.s3.amazonaws.com\/membros\/storage\/app\/public\/membros\/Fotos\/8182_medium.jpg?w=800&#038;ssl=1\" alt=\"\"\/><\/figure>\n\n\n\n<h3 class=\"wp-block-heading\">VALE DOURADO I<\/h3>\n\n\n\n<p>Ev. Nelson Pereira C\u00e2mara<\/p>\n\n\n\n<figure class=\"wp-block-image\"><img data-recalc-dims=\"1\" decoding=\"async\" src=\"https:\/\/i0.wp.com\/s3-propozzito.s3.amazonaws.com\/membros\/storage\/app\/public\/membros\/June2021\/aib25wHrTvxJspditU6g_medium.jpg?w=800&#038;ssl=1\" alt=\"\"\/><\/figure>\n\n\n\n<h3 class=\"wp-block-heading\">Bom Jardim<\/h3>\n\n\n\n<p>Pb. Hercules Barros de Oliveira<\/p>\n\n\n\n<figure class=\"wp-block-image\"><img data-recalc-dims=\"1\" decoding=\"async\" src=\"https:\/\/i0.wp.com\/s3-propozzito.s3.amazonaws.com\/membros\/storage\/app\/public\/membros\/Fotos\/24241_medium.jpg?w=800&#038;ssl=1\" alt=\"\"\/><\/figure>\n\n\n\n<h3 class=\"wp-block-heading\">Cana\u00e3<\/h3>\n\n\n\n<p>Pb. Carlos Luiz Tavares<\/p>\n\n\n\n<figure class=\"wp-block-image\"><img data-recalc-dims=\"1\" decoding=\"async\" src=\"https:\/\/i0.wp.com\/s3-propozzito.s3.amazonaws.com\/membros\/storage\/app\/public\/membros\/Fotos\/5884_medium.jpg?w=800&#038;ssl=1\" alt=\"\"\/><\/figure>\n\n\n\n<h3 class=\"wp-block-heading\">Gerizim Norte<\/h3>\n\n\n\n<p>Pb. Erivan Silvino da Silva<\/p>\n\n\n\n<figure class=\"wp-block-image\"><img data-recalc-dims=\"1\" decoding=\"async\" src=\"https:\/\/i0.wp.com\/s3-propozzito.s3.amazonaws.com\/membros\/storage\/app\/public\/membros\/Fotos\/7265_medium.jpg?w=800&#038;ssl=1\" alt=\"\"\/><\/figure>\n\n\n\n<h3 class=\"wp-block-heading\">Maranata<\/h3>\n\n\n\n<p>Pb. Jos\u00e9 Luiz Domingos Teixeira<\/p>\n\n\n\n<h2 class=\"wp-block-heading\">\u00c1rea 6<\/h2>\n\n\n\n<h2 class=\"wp-block-heading\">Setor 32<\/h2>\n\n\n\n<figure class=\"wp-block-image\"><img data-recalc-dims=\"1\" decoding=\"async\" src=\"https:\/\/i0.wp.com\/s3-propozzito.s3.amazonaws.com\/membros\/storage\/app\/public\/membros\/Fotos\/16585_medium.jpg?w=800&#038;ssl=1\" alt=\"\"\/><\/figure>\n\n\n\n<h3 class=\"wp-block-heading\">SANTA CATARINA I<\/h3>\n\n\n\n<p>Ev. Edjalma Mendes da Silva<\/p>\n\n\n\n<figure class=\"wp-block-image\"><img data-recalc-dims=\"1\" decoding=\"async\" src=\"https:\/\/i0.wp.com\/s3-propozzito.s3.amazonaws.com\/membros\/storage\/app\/public\/membros\/Fotos\/3819_medium.jpg?w=800&#038;ssl=1\" alt=\"\"\/><\/figure>\n\n\n\n<h3 class=\"wp-block-heading\">Filhos do Rei<\/h3>\n\n\n\n<p>Ev. Mois\u00e9s Ferreira da Silva<\/p>\n\n\n\n<figure class=\"wp-block-image\"><img data-recalc-dims=\"1\" decoding=\"async\" src=\"https:\/\/i0.wp.com\/s3-propozzito.s3.amazonaws.com\/membros\/storage\/app\/public\/membros\/Fotos\/6300_medium.jpg?w=800&#038;ssl=1\" alt=\"\"\/><\/figure>\n\n\n\n<h3 class=\"wp-block-heading\">Porta das Ovelhas<\/h3>\n\n\n\n<p>Pb. Rivanildo L\u00e1zaro da Silva<\/p>\n\n\n\n<figure class=\"wp-block-image\"><img data-recalc-dims=\"1\" decoding=\"async\" src=\"https:\/\/i0.wp.com\/s3-propozzito.s3.amazonaws.com\/membros\/storage\/app\/public\/membros\/Fotos\/6613_medium.jpg?w=800&#038;ssl=1\" alt=\"\"\/><\/figure>\n\n\n\n<h3 class=\"wp-block-heading\">Renascer<\/h3>\n\n\n\n<p>Pb. Isaac Alves de Souza<\/p>\n\n\n\n<figure class=\"wp-block-image\"><img data-recalc-dims=\"1\" decoding=\"async\" src=\"https:\/\/i0.wp.com\/s3-propozzito.s3.amazonaws.com\/membros\/storage\/app\/public\/membros\/Fotos\/2867_medium.jpg?w=800&#038;ssl=1\" alt=\"\"\/><\/figure>\n\n\n\n<h3 class=\"wp-block-heading\">Soledade I<\/h3>\n\n\n\n<p>Ev. Am\u00f3s Gomes de Freitas<\/p>\n\n\n\n<h2 class=\"wp-block-heading\">\u00c1rea 6<\/h2>\n\n\n\n<h2 class=\"wp-block-heading\">Setor 34<\/h2>\n\n\n\n<figure class=\"wp-block-image\"><img data-recalc-dims=\"1\" decoding=\"async\" src=\"https:\/\/i0.wp.com\/s3-propozzito.s3.amazonaws.com\/membros\/storage\/app\/public\/membros\/February2022\/mxJ1GHm2pKMoeECGP5th_medium.jpg?w=800&#038;ssl=1\" alt=\"\"\/><\/figure>\n\n\n\n<h3 class=\"wp-block-heading\">BOA SORTE I<\/h3>\n\n\n\n<p>Ev. C\u00edcero Floriano dos Santos<\/p>\n\n\n\n<figure class=\"wp-block-image\"><img data-recalc-dims=\"1\" decoding=\"async\" src=\"https:\/\/i0.wp.com\/s3-propozzito.s3.amazonaws.com\/membros\/storage\/app\/public\/membros\/Fotos\/8485_medium.jpg?w=800&#038;ssl=1\" alt=\"\"\/><\/figure>\n\n\n\n<h3 class=\"wp-block-heading\">Boa Sorte II<\/h3>\n\n\n\n<p>Ev. Artur Marc Alves de Oliveira<\/p>\n\n\n\n<figure class=\"wp-block-image\"><img data-recalc-dims=\"1\" decoding=\"async\" src=\"https:\/\/i0.wp.com\/s3-propozzito.s3.amazonaws.com\/membros\/storage\/app\/public\/membros\/Fotos\/4066_medium.jpg?w=800&#038;ssl=1\" alt=\"\"\/><\/figure>\n\n\n\n<h3 class=\"wp-block-heading\">Boas Novas<\/h3>\n\n\n\n<p>Ev. Francisco Xavier da Silva<\/p>\n\n\n\n<figure class=\"wp-block-image\"><img data-recalc-dims=\"1\" decoding=\"async\" src=\"https:\/\/i0.wp.com\/s3-propozzito.s3.amazonaws.com\/membros\/storage\/app\/public\/membros\/Fotos\/25629_medium.jpg?w=800&#038;ssl=1\" alt=\"\"\/><\/figure>\n\n\n\n<h3 class=\"wp-block-heading\">Novas de Alegria<\/h3>\n\n\n\n<p>Pb. M\u00e1rio S\u00e9rgio Alves de Souza<\/p>\n\n\n\n<figure class=\"wp-block-image\"><img data-recalc-dims=\"1\" decoding=\"async\" src=\"https:\/\/i0.wp.com\/s3-propozzito.s3.amazonaws.com\/membros\/storage\/app\/public\/membros\/June2021\/bMCsWY7EhunbeW5sWk24_medium.jpg?w=800&#038;ssl=1\" alt=\"\"\/><\/figure>\n\n\n\n<h3 class=\"wp-block-heading\">Tanque de Silo\u00e9 Norte<\/h3>\n\n\n\n<p>Pb. Adailton Marques Canela<\/p>\n\n\n\n<h2 class=\"wp-block-heading\">\u00c1rea 6<\/h2>\n\n\n\n<h2 class=\"wp-block-heading\">Setor 36<\/h2>\n\n\n\n<figure class=\"wp-block-image\"><img data-recalc-dims=\"1\" decoding=\"async\" src=\"https:\/\/i0.wp.com\/s3-propozzito.s3.amazonaws.com\/membros\/storage\/app\/public\/membros\/Fotos\/7266_medium.jpg?w=800&#038;ssl=1\" alt=\"\"\/><\/figure>\n\n\n\n<h3 class=\"wp-block-heading\">BOA ESPERAN\u00c7A<\/h3>\n\n\n\n<p>Ev. Ant\u00f4nio Nunes Xavier Filho<\/p>\n\n\n\n<figure class=\"wp-block-image\"><img data-recalc-dims=\"1\" decoding=\"async\" src=\"https:\/\/i0.wp.com\/s3-propozzito.s3.amazonaws.com\/membros\/storage\/app\/public\/membros\/Fotos\/1669_medium.jpg?w=800&#038;ssl=1\" alt=\"\"\/><\/figure>\n\n\n\n<h3 class=\"wp-block-heading\">Arca do Concerto<\/h3>\n\n\n\n<p>Pb. Geraldo Felipe Bernardo<\/p>\n\n\n\n<figure class=\"wp-block-image\"><img data-recalc-dims=\"1\" decoding=\"async\" src=\"https:\/\/i0.wp.com\/s3-propozzito.s3.amazonaws.com\/membros\/storage\/app\/public\/membros\/August2023\/M2RKyFZMfchcgSJ8cXD6_medium.png?w=800&#038;ssl=1\" alt=\"\"\/><\/figure>\n\n\n\n<h3 class=\"wp-block-heading\">Carvalhais de Manre<\/h3>\n\n\n\n<p>Pb. Jos\u00e9 Nilson Pereira Virgino<\/p>\n\n\n\n<figure class=\"wp-block-image\"><img data-recalc-dims=\"1\" decoding=\"async\" src=\"https:\/\/i0.wp.com\/s3-propozzito.s3.amazonaws.com\/membros\/storage\/app\/public\/membros\/Fotos\/11112_medium.jpg?w=800&#038;ssl=1\" alt=\"\"\/><\/figure>\n\n\n\n<h3 class=\"wp-block-heading\">Grande Natal<\/h3>\n\n\n\n<p>Pb. Francisco Rejiner Barros Dantas<\/p>\n\n\n\n<figure class=\"wp-block-image\"><img data-recalc-dims=\"1\" decoding=\"async\" src=\"https:\/\/i0.wp.com\/s3-propozzito.s3.amazonaws.com\/membros\/storage\/app\/public\/membros\/Fotos\/49317_medium.jpg?w=800&#038;ssl=1\" alt=\"\"\/><\/figure>\n\n\n\n<h3 class=\"wp-block-heading\">Nordel\u00e2ndia<\/h3>\n\n\n\n<p>Pb. Djavan Xavier de Oliveira<\/p>\n\n\n\n<figure class=\"wp-block-image\"><img data-recalc-dims=\"1\" decoding=\"async\" src=\"https:\/\/i0.wp.com\/s3-propozzito.s3.amazonaws.com\/membros\/storage\/app\/public\/membros\/May2022\/uJ4oSR0GrAIcP8g8WY4b_medium.jpeg?w=800&#038;ssl=1\" alt=\"\"\/><\/figure>\n\n\n\n<h3 class=\"wp-block-heading\">Sub Luz da Aurora<\/h3>\n\n\n\n<p>Pb. Roberval Batista de Alencar<\/p>\n\n\n\n<h2 class=\"wp-block-heading\">\u00c1rea 6<\/h2>\n\n\n\n<h2 class=\"wp-block-heading\">Setor 37<\/h2>\n\n\n\n<figure class=\"wp-block-image\"><img data-recalc-dims=\"1\" decoding=\"async\" src=\"https:\/\/i0.wp.com\/s3-propozzito.s3.amazonaws.com\/membros\/storage\/app\/public\/membros\/aplicativo\/3JNLphYnDZnh8odfBo8Y9qDPWrb5nSYwJFyLsuoG_medium.jpg?w=800&#038;ssl=1\" alt=\"\"\/><\/figure>\n\n\n\n<h3 class=\"wp-block-heading\">NOVA ALIAN\u00c7A<\/h3>\n\n\n\n<p>Ev. Te\u00f3gily da Silva Peres<\/p>\n\n\n\n<figure class=\"wp-block-image\"><img data-recalc-dims=\"1\" decoding=\"async\" src=\"https:\/\/i0.wp.com\/s3-propozzito.s3.amazonaws.com\/membros\/storage\/app\/public\/membros\/Fotos\/23103_medium.jpg?w=800&#038;ssl=1\" alt=\"\"\/><\/figure>\n\n\n\n<h3 class=\"wp-block-heading\">Alian\u00e7a com Cristo<\/h3>\n\n\n\n<p>Pb. Edgard Alves de Morais<\/p>\n\n\n\n<figure class=\"wp-block-image\"><img data-recalc-dims=\"1\" decoding=\"async\" src=\"https:\/\/i0.wp.com\/s3-propozzito.s3.amazonaws.com\/membros\/storage\/app\/public\/membros\/Fotos\/15993_medium.jpg?w=800&#038;ssl=1\" alt=\"\"\/><\/figure>\n\n\n\n<h3 class=\"wp-block-heading\">Centen\u00e1rio<\/h3>\n\n\n\n<p>Pb. Francisco Epif\u00e2nio Barbosa<\/p>\n\n\n\n<figure class=\"wp-block-image\"><img data-recalc-dims=\"1\" decoding=\"async\" src=\"https:\/\/i0.wp.com\/s3-propozzito.s3.amazonaws.com\/membros\/storage\/app\/public\/membros\/Fotos\/18458_medium.jpg?w=800&#038;ssl=1\" alt=\"\"\/><\/figure>\n\n\n\n<h3 class=\"wp-block-heading\">Maanaim<\/h3>\n\n\n\n<p>Pb. Joab Pereira de Gois<\/p>\n\n\n\n<figure class=\"wp-block-image\"><img data-recalc-dims=\"1\" decoding=\"async\" src=\"https:\/\/i0.wp.com\/s3-propozzito.s3.amazonaws.com\/membros\/storage\/app\/public\/membros\/Fotos\/5253_medium.jpg?w=800&#038;ssl=1\" alt=\"\"\/><\/figure>\n\n\n\n<h3 class=\"wp-block-heading\">Monte Carmelo<\/h3>\n\n\n\n<p>Pb. Marcos Ant\u00f4nio Isidro da Silva<\/p>\n\n\n\n<figure class=\"wp-block-image\"><img data-recalc-dims=\"1\" decoding=\"async\" src=\"https:\/\/i0.wp.com\/s3-propozzito.s3.amazonaws.com\/membros\/storage\/app\/public\/membros\/Fotos\/23265_medium.jpg?w=800&#038;ssl=1\" alt=\"\"\/><\/figure>\n\n\n\n<h3 class=\"wp-block-heading\">Nova Esperan\u00e7a<\/h3>\n\n\n\n<p>Pb. Gilson Xavier de Ara\u00fajo<\/p>\n\n\n\n<figure class=\"wp-block-image size-large\"><img data-recalc-dims=\"1\" fetchpriority=\"high\" decoding=\"async\" width=\"225\" height=\"225\" src=\"https:\/\/i0.wp.com\/blogdobispo.com.br\/wp-content\/uploads\/2024\/01\/img_5030-1.png?resize=225%2C225&#038;ssl=1\" class=\"wp-image-2479\" srcset=\"https:\/\/i0.wp.com\/blogdobispo.com.br\/wp-content\/uploads\/2024\/01\/img_5030-1.png?w=225&amp;ssl=1 225w, https:\/\/i0.wp.com\/blogdobispo.com.br\/wp-content\/uploads\/2024\/01\/img_5030-1.png?resize=150%2C150&amp;ssl=1 150w\" sizes=\"(max-width: 225px) 100vw, 225px\" \/><\/figure>\n\n\n\n<p><\/p>\n\n\n\n<p><\/p>\n","protected":false},"excerpt":{"rendered":"<p>Filtre por setor, congrega\u00e7\u00e3o ou dirigente \u00c1rea 1 Setor 1 PTE. BANDEIRA Ev. Paulo Roberto de Souza Cidade Alta Pb. Martim Fernandes da Silva Nova Galil\u00e9ia Pb. Iranildo Jos\u00e9 da Silva Costa Novo Viver Pb. Elias Trajano de Morais Passo da P\u00e1tria Pb. Frank Williams Azevedo C\u00e2mara Rosa de Sarom Ev. Francisco Pereira Barbosa \u00c1rea [&hellip;]<\/p>\n","protected":false},"author":1,"featured_media":0,"comment_status":"open","ping_status":"open","sticky":false,"template":"","format":"standard","meta":{"cybocfi_hide_featured_image":"","_jetpack_memberships_contains_paid_content":false,"footnotes":""},"categories":[1],"tags":[],"class_list":["post-2480","post","type-post","status-publish","format-standard","hentry","category-diversos"],"yoast_head":"<!-- This site is optimized with the Yoast SEO plugin v25.6 - https:\/\/yoast.com\/wordpress\/plugins\/seo\/ -->\n<title>Lista de rod\u00edzio de pastores IEADERN 2024 - Blog do Bispo<\/title>\n<meta name=\"robots\" content=\"index, follow, max-snippet:-1, max-image-preview:large, max-video-preview:-1\" \/>\n<link rel=\"canonical\" href=\"https:\/\/blogdobispo.com.br\/?p=2480\" \/>\n<meta property=\"og:locale\" content=\"pt_BR\" \/>\n<meta property=\"og:type\" content=\"article\" \/>\n<meta property=\"og:title\" content=\"Lista de rod\u00edzio de pastores IEADERN 2024 - Blog do Bispo\" \/>\n<meta property=\"og:description\" content=\"Filtre por setor, congrega\u00e7\u00e3o ou dirigente \u00c1rea 1 Setor 1 PTE. BANDEIRA Ev. Paulo Roberto de Souza Cidade Alta Pb. Martim Fernandes da Silva Nova Galil\u00e9ia Pb. Iranildo Jos\u00e9 da Silva Costa Novo Viver Pb. Elias Trajano de Morais Passo da P\u00e1tria Pb. Frank Williams Azevedo C\u00e2mara Rosa de Sarom Ev. Francisco Pereira Barbosa \u00c1rea [&hellip;]\" \/>\n<meta property=\"og:url\" content=\"https:\/\/blogdobispo.com.br\/?p=2480\" \/>\n<meta property=\"og:site_name\" content=\"Blog do Bispo\" \/>\n<meta property=\"article:published_time\" content=\"2024-01-04T01:12:24+00:00\" \/>\n<meta property=\"og:image\" content=\"https:\/\/s3-propozzito.s3.amazonaws.com\/membros\/storage\/app\/public\/membros\/Fotos\/5204_medium.jpg\" \/>\n<meta name=\"author\" content=\"Jefferson Sterfeno\" \/>\n<meta name=\"twitter:card\" content=\"summary_large_image\" \/>\n<meta name=\"twitter:label1\" content=\"Escrito por\" \/>\n\t<meta name=\"twitter:data1\" content=\"Jefferson Sterfeno\" \/>\n\t<meta name=\"twitter:label2\" content=\"Est. tempo de leitura\" \/>\n\t<meta name=\"twitter:data2\" content=\"10 minutos\" \/>\n<script type=\"application\/ld+json\" class=\"yoast-schema-graph\">{\"@context\":\"https:\/\/schema.org\",\"@graph\":[{\"@type\":\"Article\",\"@id\":\"https:\/\/blogdobispo.com.br\/?p=2480#article\",\"isPartOf\":{\"@id\":\"https:\/\/blogdobispo.com.br\/?p=2480\"},\"author\":{\"name\":\"Jefferson Sterfeno\",\"@id\":\"https:\/\/blogdobispo.com.br\/#\/schema\/person\/e2209cc0e6cea5c5233d033e997b373f\"},\"headline\":\"Lista de rod\u00edzio de pastores IEADERN 2024\",\"datePublished\":\"2024-01-04T01:12:24+00:00\",\"mainEntityOfPage\":{\"@id\":\"https:\/\/blogdobispo.com.br\/?p=2480\"},\"wordCount\":2017,\"commentCount\":0,\"publisher\":{\"@id\":\"https:\/\/blogdobispo.com.br\/#organization\"},\"image\":{\"@id\":\"https:\/\/blogdobispo.com.br\/?p=2480#primaryimage\"},\"thumbnailUrl\":\"https:\/\/s3-propozzito.s3.amazonaws.com\/membros\/storage\/app\/public\/membros\/Fotos\/5204_medium.jpg\",\"articleSection\":[\"diversos\"],\"inLanguage\":\"pt-BR\",\"potentialAction\":[{\"@type\":\"CommentAction\",\"name\":\"Comment\",\"target\":[\"https:\/\/blogdobispo.com.br\/?p=2480#respond\"]}]},{\"@type\":\"WebPage\",\"@id\":\"https:\/\/blogdobispo.com.br\/?p=2480\",\"url\":\"https:\/\/blogdobispo.com.br\/?p=2480\",\"name\":\"Lista de rod\u00edzio de pastores IEADERN 2024 - Blog do Bispo\",\"isPartOf\":{\"@id\":\"https:\/\/blogdobispo.com.br\/#website\"},\"primaryImageOfPage\":{\"@id\":\"https:\/\/blogdobispo.com.br\/?p=2480#primaryimage\"},\"image\":{\"@id\":\"https:\/\/blogdobispo.com.br\/?p=2480#primaryimage\"},\"thumbnailUrl\":\"https:\/\/s3-propozzito.s3.amazonaws.com\/membros\/storage\/app\/public\/membros\/Fotos\/5204_medium.jpg\",\"datePublished\":\"2024-01-04T01:12:24+00:00\",\"breadcrumb\":{\"@id\":\"https:\/\/blogdobispo.com.br\/?p=2480#breadcrumb\"},\"inLanguage\":\"pt-BR\",\"potentialAction\":[{\"@type\":\"ReadAction\",\"target\":[\"https:\/\/blogdobispo.com.br\/?p=2480\"]}]},{\"@type\":\"ImageObject\",\"inLanguage\":\"pt-BR\",\"@id\":\"https:\/\/blogdobispo.com.br\/?p=2480#primaryimage\",\"url\":\"https:\/\/s3-propozzito.s3.amazonaws.com\/membros\/storage\/app\/public\/membros\/Fotos\/5204_medium.jpg\",\"contentUrl\":\"https:\/\/s3-propozzito.s3.amazonaws.com\/membros\/storage\/app\/public\/membros\/Fotos\/5204_medium.jpg\"},{\"@type\":\"BreadcrumbList\",\"@id\":\"https:\/\/blogdobispo.com.br\/?p=2480#breadcrumb\",\"itemListElement\":[{\"@type\":\"ListItem\",\"position\":1,\"name\":\"In\u00edcio\",\"item\":\"https:\/\/blogdobispo.com.br\/\"},{\"@type\":\"ListItem\",\"position\":2,\"name\":\"Lista de rod\u00edzio de pastores IEADERN 2024\"}]},{\"@type\":\"WebSite\",\"@id\":\"https:\/\/blogdobispo.com.br\/#website\",\"url\":\"https:\/\/blogdobispo.com.br\/\",\"name\":\"Blog do Bispo\",\"description\":\"Comprometido apenas com o leitor\",\"publisher\":{\"@id\":\"https:\/\/blogdobispo.com.br\/#organization\"},\"potentialAction\":[{\"@type\":\"SearchAction\",\"target\":{\"@type\":\"EntryPoint\",\"urlTemplate\":\"https:\/\/blogdobispo.com.br\/?s={search_term_string}\"},\"query-input\":{\"@type\":\"PropertyValueSpecification\",\"valueRequired\":true,\"valueName\":\"search_term_string\"}}],\"inLanguage\":\"pt-BR\"},{\"@type\":\"Organization\",\"@id\":\"https:\/\/blogdobispo.com.br\/#organization\",\"name\":\"Blog do Bispo\",\"url\":\"https:\/\/blogdobispo.com.br\/\",\"logo\":{\"@type\":\"ImageObject\",\"inLanguage\":\"pt-BR\",\"@id\":\"https:\/\/blogdobispo.com.br\/#\/schema\/logo\/image\/\",\"url\":\"http:\/\/blogdobispo.com.br\/wp-content\/uploads\/2023\/05\/cropped-headear.png\",\"contentUrl\":\"http:\/\/blogdobispo.com.br\/wp-content\/uploads\/2023\/05\/cropped-headear.png\",\"width\":1500,\"height\":399,\"caption\":\"Blog do Bispo\"},\"image\":{\"@id\":\"https:\/\/blogdobispo.com.br\/#\/schema\/logo\/image\/\"}},{\"@type\":\"Person\",\"@id\":\"https:\/\/blogdobispo.com.br\/#\/schema\/person\/e2209cc0e6cea5c5233d033e997b373f\",\"name\":\"Jefferson Sterfeno\",\"image\":{\"@type\":\"ImageObject\",\"inLanguage\":\"pt-BR\",\"@id\":\"https:\/\/blogdobispo.com.br\/#\/schema\/person\/image\/\",\"url\":\"https:\/\/secure.gravatar.com\/avatar\/0534e84764641168a677026b6d57a3f51dc7ac4db0b4f6186d9cb330d4ee1160?s=96&d=mm&r=g\",\"contentUrl\":\"https:\/\/secure.gravatar.com\/avatar\/0534e84764641168a677026b6d57a3f51dc7ac4db0b4f6186d9cb330d4ee1160?s=96&d=mm&r=g\",\"caption\":\"Jefferson Sterfeno\"},\"sameAs\":[\"http:\/\/blogdobispo.com.br\"],\"url\":\"https:\/\/blogdobispo.com.br\/?author=1\"}]}<\/script>\n<!-- \/ Yoast SEO plugin. -->","yoast_head_json":{"title":"Lista de rod\u00edzio de pastores IEADERN 2024 - Blog do Bispo","robots":{"index":"index","follow":"follow","max-snippet":"max-snippet:-1","max-image-preview":"max-image-preview:large","max-video-preview":"max-video-preview:-1"},"canonical":"https:\/\/blogdobispo.com.br\/?p=2480","og_locale":"pt_BR","og_type":"article","og_title":"Lista de rod\u00edzio de pastores IEADERN 2024 - Blog do Bispo","og_description":"Filtre por setor, congrega\u00e7\u00e3o ou dirigente \u00c1rea 1 Setor 1 PTE. BANDEIRA Ev. Paulo Roberto de Souza Cidade Alta Pb. Martim Fernandes da Silva Nova Galil\u00e9ia Pb. Iranildo Jos\u00e9 da Silva Costa Novo Viver Pb. Elias Trajano de Morais Passo da P\u00e1tria Pb. Frank Williams Azevedo C\u00e2mara Rosa de Sarom Ev. Francisco Pereira Barbosa \u00c1rea [&hellip;]","og_url":"https:\/\/blogdobispo.com.br\/?p=2480","og_site_name":"Blog do Bispo","article_published_time":"2024-01-04T01:12:24+00:00","og_image":[{"url":"https:\/\/s3-propozzito.s3.amazonaws.com\/membros\/storage\/app\/public\/membros\/Fotos\/5204_medium.jpg","type":"","width":"","height":""}],"author":"Jefferson Sterfeno","twitter_card":"summary_large_image","twitter_misc":{"Escrito por":"Jefferson Sterfeno","Est. tempo de leitura":"10 minutos"},"schema":{"@context":"https:\/\/schema.org","@graph":[{"@type":"Article","@id":"https:\/\/blogdobispo.com.br\/?p=2480#article","isPartOf":{"@id":"https:\/\/blogdobispo.com.br\/?p=2480"},"author":{"name":"Jefferson Sterfeno","@id":"https:\/\/blogdobispo.com.br\/#\/schema\/person\/e2209cc0e6cea5c5233d033e997b373f"},"headline":"Lista de rod\u00edzio de pastores IEADERN 2024","datePublished":"2024-01-04T01:12:24+00:00","mainEntityOfPage":{"@id":"https:\/\/blogdobispo.com.br\/?p=2480"},"wordCount":2017,"commentCount":0,"publisher":{"@id":"https:\/\/blogdobispo.com.br\/#organization"},"image":{"@id":"https:\/\/blogdobispo.com.br\/?p=2480#primaryimage"},"thumbnailUrl":"https:\/\/s3-propozzito.s3.amazonaws.com\/membros\/storage\/app\/public\/membros\/Fotos\/5204_medium.jpg","articleSection":["diversos"],"inLanguage":"pt-BR","potentialAction":[{"@type":"CommentAction","name":"Comment","target":["https:\/\/blogdobispo.com.br\/?p=2480#respond"]}]},{"@type":"WebPage","@id":"https:\/\/blogdobispo.com.br\/?p=2480","url":"https:\/\/blogdobispo.com.br\/?p=2480","name":"Lista de rod\u00edzio de pastores IEADERN 2024 - Blog do Bispo","isPartOf":{"@id":"https:\/\/blogdobispo.com.br\/#website"},"primaryImageOfPage":{"@id":"https:\/\/blogdobispo.com.br\/?p=2480#primaryimage"},"image":{"@id":"https:\/\/blogdobispo.com.br\/?p=2480#primaryimage"},"thumbnailUrl":"https:\/\/s3-propozzito.s3.amazonaws.com\/membros\/storage\/app\/public\/membros\/Fotos\/5204_medium.jpg","datePublished":"2024-01-04T01:12:24+00:00","breadcrumb":{"@id":"https:\/\/blogdobispo.com.br\/?p=2480#breadcrumb"},"inLanguage":"pt-BR","potentialAction":[{"@type":"ReadAction","target":["https:\/\/blogdobispo.com.br\/?p=2480"]}]},{"@type":"ImageObject","inLanguage":"pt-BR","@id":"https:\/\/blogdobispo.com.br\/?p=2480#primaryimage","url":"https:\/\/s3-propozzito.s3.amazonaws.com\/membros\/storage\/app\/public\/membros\/Fotos\/5204_medium.jpg","contentUrl":"https:\/\/s3-propozzito.s3.amazonaws.com\/membros\/storage\/app\/public\/membros\/Fotos\/5204_medium.jpg"},{"@type":"BreadcrumbList","@id":"https:\/\/blogdobispo.com.br\/?p=2480#breadcrumb","itemListElement":[{"@type":"ListItem","position":1,"name":"In\u00edcio","item":"https:\/\/blogdobispo.com.br\/"},{"@type":"ListItem","position":2,"name":"Lista de rod\u00edzio de pastores IEADERN 2024"}]},{"@type":"WebSite","@id":"https:\/\/blogdobispo.com.br\/#website","url":"https:\/\/blogdobispo.com.br\/","name":"Blog do Bispo","description":"Comprometido apenas com o leitor","publisher":{"@id":"https:\/\/blogdobispo.com.br\/#organization"},"potentialAction":[{"@type":"SearchAction","target":{"@type":"EntryPoint","urlTemplate":"https:\/\/blogdobispo.com.br\/?s={search_term_string}"},"query-input":{"@type":"PropertyValueSpecification","valueRequired":true,"valueName":"search_term_string"}}],"inLanguage":"pt-BR"},{"@type":"Organization","@id":"https:\/\/blogdobispo.com.br\/#organization","name":"Blog do Bispo","url":"https:\/\/blogdobispo.com.br\/","logo":{"@type":"ImageObject","inLanguage":"pt-BR","@id":"https:\/\/blogdobispo.com.br\/#\/schema\/logo\/image\/","url":"http:\/\/blogdobispo.com.br\/wp-content\/uploads\/2023\/05\/cropped-headear.png","contentUrl":"http:\/\/blogdobispo.com.br\/wp-content\/uploads\/2023\/05\/cropped-headear.png","width":1500,"height":399,"caption":"Blog do Bispo"},"image":{"@id":"https:\/\/blogdobispo.com.br\/#\/schema\/logo\/image\/"}},{"@type":"Person","@id":"https:\/\/blogdobispo.com.br\/#\/schema\/person\/e2209cc0e6cea5c5233d033e997b373f","name":"Jefferson Sterfeno","image":{"@type":"ImageObject","inLanguage":"pt-BR","@id":"https:\/\/blogdobispo.com.br\/#\/schema\/person\/image\/","url":"https:\/\/secure.gravatar.com\/avatar\/0534e84764641168a677026b6d57a3f51dc7ac4db0b4f6186d9cb330d4ee1160?s=96&d=mm&r=g","contentUrl":"https:\/\/secure.gravatar.com\/avatar\/0534e84764641168a677026b6d57a3f51dc7ac4db0b4f6186d9cb330d4ee1160?s=96&d=mm&r=g","caption":"Jefferson Sterfeno"},"sameAs":["http:\/\/blogdobispo.com.br"],"url":"https:\/\/blogdobispo.com.br\/?author=1"}]}},"featured_image_urls":{"full":"","thumbnail":"","medium":"","medium_large":"","large":"","1536x1536":"","2048x2048":""},"author_info":{"display_name":"Jefferson Sterfeno","author_link":"https:\/\/blogdobispo.com.br\/?author=1"},"category_info":"<a href=\"https:\/\/blogdobispo.com.br\/?cat=1\" rel=\"category\">diversos<\/a>","tag_info":"diversos","comment_count":"0","jetpack_featured_media_url":"","jetpack_sharing_enabled":true,"_links":{"self":[{"href":"https:\/\/blogdobispo.com.br\/index.php?rest_route=\/wp\/v2\/posts\/2480","targetHints":{"allow":["GET"]}}],"collection":[{"href":"https:\/\/blogdobispo.com.br\/index.php?rest_route=\/wp\/v2\/posts"}],"about":[{"href":"https:\/\/blogdobispo.com.br\/index.php?rest_route=\/wp\/v2\/types\/post"}],"author":[{"embeddable":true,"href":"https:\/\/blogdobispo.com.br\/index.php?rest_route=\/wp\/v2\/users\/1"}],"replies":[{"embeddable":true,"href":"https:\/\/blogdobispo.com.br\/index.php?rest_route=%2Fwp%2Fv2%2Fcomments&post=2480"}],"version-history":[{"count":0,"href":"https:\/\/blogdobispo.com.br\/index.php?rest_route=\/wp\/v2\/posts\/2480\/revisions"}],"wp:attachment":[{"href":"https:\/\/blogdobispo.com.br\/index.php?rest_route=%2Fwp%2Fv2%2Fmedia&parent=2480"}],"wp:term":[{"taxonomy":"category","embeddable":true,"href":"https:\/\/blogdobispo.com.br\/index.php?rest_route=%2Fwp%2Fv2%2Fcategories&post=2480"},{"taxonomy":"post_tag","embeddable":true,"href":"https:\/\/blogdobispo.com.br\/index.php?rest_route=%2Fwp%2Fv2%2Ftags&post=2480"}],"curies":[{"name":"wp","href":"https:\/\/api.w.org\/{rel}","templated":true}]}}