{"id":2465,"date":"2023-12-28T17:08:39","date_gmt":"2023-12-28T17:08:39","guid":{"rendered":"https:\/\/blogdobispo.com.br\/?p=2465"},"modified":"2023-12-28T17:08:39","modified_gmt":"2023-12-28T17:08:39","slug":"camila-araujo-sofre-intolerancia-religiosa-e-repudia-nas-redes-sociais","status":"publish","type":"post","link":"https:\/\/blogdobispo.com.br\/?p=2465","title":{"rendered":"Camila Ara\u00fajo sofre intoler\u00e2ncia religiosa e repudia nas redes sociais"},"content":{"rendered":"\n<p>A Vereador de Natal Camila Ara\u00fajo tem sofrido desde o in\u00edcio do mandato, diversos ataques pelo seu g\u00eanero e sua religi\u00e3o, al\u00e9m do discurso de \u00f3dio t\u00e3o propagado pela esquerda. Camila se posicionou na tarde desta quinta (28) no Instagram pela primeira vez sobre os ataques. <\/p>\n\n\n\n<p>\u201cOs que tanto pregam toler\u00e2ncia n\u00e3o toleram que exista uma vereadora crist\u00e3 e conservadora, eleita de forma limpa e hist\u00f3rica para representar os anseios de uma parcela consider\u00e1vel da popula\u00e7\u00e3o.<\/p>\n\n\n\n<p>Tentam a todo tempo me ferir com palavras impublic\u00e1veis e ataques contra a minha f\u00e9. Sempre usam minha religi\u00e3o para lan\u00e7ar cr\u00edticas contra o meu trabalho. J\u00e1 imaginou se fosse o contr\u00e1rio?<\/p>\n\n\n\n<p>Esses ataques n\u00e3o v\u00e3o me parar. Eu sei quem eu sou e sei o porqu\u00ea de eu estar aqui. Quem me guarda n\u00e3o dorme! E \u00e9 Ele quem vai continuar me dando for\u00e7as para seguir na batalha.\u201d Disse a Vereadora. <\/p>\n\n\n\n<p>Do Blog: Camila al\u00e9m de um ser humano incr\u00edvel, \u00e9 uma excelente parlamentar. A esquerda que diz defender tanto as mulheres, demonstra sua hipocrisia quando ataca justamente uma mulher, pelo simples fato de n\u00e3o concordar com seus ideais. Daqui enviamos toda for\u00e7a e rep\u00fadio contra esses coment\u00e1rios. <\/p>\n\n\n\n<figure class=\"wp-block-image size-large\"><img data-recalc-dims=\"1\" fetchpriority=\"high\" decoding=\"async\" width=\"700\" height=\"780\" src=\"https:\/\/i0.wp.com\/blogdobispo.com.br\/wp-content\/uploads\/2023\/12\/img_4690-1.jpg?resize=700%2C780&#038;ssl=1\" class=\"wp-image-2464\" srcset=\"https:\/\/i0.wp.com\/blogdobispo.com.br\/wp-content\/uploads\/2023\/12\/img_4690-1.jpg?w=700&amp;ssl=1 700w, https:\/\/i0.wp.com\/blogdobispo.com.br\/wp-content\/uploads\/2023\/12\/img_4690-1.jpg?resize=269%2C300&amp;ssl=1 269w\" sizes=\"(max-width: 700px) 100vw, 700px\" \/><\/figure>\n","protected":false},"excerpt":{"rendered":"<p>A Vereador de Natal Camila Ara\u00fajo tem sofrido desde o in\u00edcio do mandato, diversos ataques pelo seu g\u00eanero e sua religi\u00e3o, al\u00e9m do discurso de \u00f3dio t\u00e3o propagado pela esquerda. Camila se posicionou na tarde desta quinta (28) no Instagram pela primeira vez sobre os ataques. \u201cOs que tanto pregam toler\u00e2ncia n\u00e3o toleram que exista [&hellip;]<\/p>\n","protected":false},"author":1,"featured_media":0,"comment_status":"open","ping_status":"open","sticky":false,"template":"","format":"standard","meta":{"cybocfi_hide_featured_image":"","_jetpack_memberships_contains_paid_content":false,"footnotes":""},"categories":[1],"tags":[],"class_list":["post-2465","post","type-post","status-publish","format-standard","hentry","category-diversos"],"yoast_head":"<!-- This site is optimized with the Yoast SEO plugin v25.6 - https:\/\/yoast.com\/wordpress\/plugins\/seo\/ -->\n<title>Camila Ara\u00fajo sofre intoler\u00e2ncia religiosa e repudia nas redes sociais - Blog do Bispo<\/title>\n<meta name=\"robots\" content=\"index, follow, max-snippet:-1, max-image-preview:large, max-video-preview:-1\" \/>\n<link rel=\"canonical\" href=\"https:\/\/blogdobispo.com.br\/?p=2465\" \/>\n<meta property=\"og:locale\" content=\"pt_BR\" \/>\n<meta property=\"og:type\" content=\"article\" \/>\n<meta property=\"og:title\" content=\"Camila Ara\u00fajo sofre intoler\u00e2ncia religiosa e repudia nas redes sociais - Blog do Bispo\" \/>\n<meta property=\"og:description\" content=\"A Vereador de Natal Camila Ara\u00fajo tem sofrido desde o in\u00edcio do mandato, diversos ataques pelo seu g\u00eanero e sua religi\u00e3o, al\u00e9m do discurso de \u00f3dio t\u00e3o propagado pela esquerda. Camila se posicionou na tarde desta quinta (28) no Instagram pela primeira vez sobre os ataques. \u201cOs que tanto pregam toler\u00e2ncia n\u00e3o toleram que exista [&hellip;]\" \/>\n<meta property=\"og:url\" content=\"https:\/\/blogdobispo.com.br\/?p=2465\" \/>\n<meta property=\"og:site_name\" content=\"Blog do Bispo\" \/>\n<meta property=\"article:published_time\" content=\"2023-12-28T17:08:39+00:00\" \/>\n<meta property=\"og:image\" content=\"https:\/\/blogdobispo.com.br\/wp-content\/uploads\/2023\/12\/img_4690-1.jpg\" \/>\n<meta name=\"author\" content=\"Jefferson Sterfeno\" \/>\n<meta name=\"twitter:card\" content=\"summary_large_image\" \/>\n<meta name=\"twitter:label1\" content=\"Escrito por\" \/>\n\t<meta name=\"twitter:data1\" content=\"Jefferson Sterfeno\" \/>\n\t<meta name=\"twitter:label2\" content=\"Est. tempo de leitura\" \/>\n\t<meta name=\"twitter:data2\" content=\"1 minuto\" \/>\n<script type=\"application\/ld+json\" class=\"yoast-schema-graph\">{\"@context\":\"https:\/\/schema.org\",\"@graph\":[{\"@type\":\"Article\",\"@id\":\"https:\/\/blogdobispo.com.br\/?p=2465#article\",\"isPartOf\":{\"@id\":\"https:\/\/blogdobispo.com.br\/?p=2465\"},\"author\":{\"name\":\"Jefferson Sterfeno\",\"@id\":\"https:\/\/blogdobispo.com.br\/#\/schema\/person\/e2209cc0e6cea5c5233d033e997b373f\"},\"headline\":\"Camila Ara\u00fajo sofre intoler\u00e2ncia religiosa e repudia nas redes sociais\",\"datePublished\":\"2023-12-28T17:08:39+00:00\",\"mainEntityOfPage\":{\"@id\":\"https:\/\/blogdobispo.com.br\/?p=2465\"},\"wordCount\":230,\"commentCount\":0,\"publisher\":{\"@id\":\"https:\/\/blogdobispo.com.br\/#organization\"},\"image\":{\"@id\":\"https:\/\/blogdobispo.com.br\/?p=2465#primaryimage\"},\"thumbnailUrl\":\"https:\/\/blogdobispo.com.br\/wp-content\/uploads\/2023\/12\/img_4690-1.jpg\",\"articleSection\":[\"diversos\"],\"inLanguage\":\"pt-BR\",\"potentialAction\":[{\"@type\":\"CommentAction\",\"name\":\"Comment\",\"target\":[\"https:\/\/blogdobispo.com.br\/?p=2465#respond\"]}]},{\"@type\":\"WebPage\",\"@id\":\"https:\/\/blogdobispo.com.br\/?p=2465\",\"url\":\"https:\/\/blogdobispo.com.br\/?p=2465\",\"name\":\"Camila Ara\u00fajo sofre intoler\u00e2ncia religiosa e repudia nas redes sociais - Blog do Bispo\",\"isPartOf\":{\"@id\":\"https:\/\/blogdobispo.com.br\/#website\"},\"primaryImageOfPage\":{\"@id\":\"https:\/\/blogdobispo.com.br\/?p=2465#primaryimage\"},\"image\":{\"@id\":\"https:\/\/blogdobispo.com.br\/?p=2465#primaryimage\"},\"thumbnailUrl\":\"https:\/\/blogdobispo.com.br\/wp-content\/uploads\/2023\/12\/img_4690-1.jpg\",\"datePublished\":\"2023-12-28T17:08:39+00:00\",\"breadcrumb\":{\"@id\":\"https:\/\/blogdobispo.com.br\/?p=2465#breadcrumb\"},\"inLanguage\":\"pt-BR\",\"potentialAction\":[{\"@type\":\"ReadAction\",\"target\":[\"https:\/\/blogdobispo.com.br\/?p=2465\"]}]},{\"@type\":\"ImageObject\",\"inLanguage\":\"pt-BR\",\"@id\":\"https:\/\/blogdobispo.com.br\/?p=2465#primaryimage\",\"url\":\"https:\/\/blogdobispo.com.br\/wp-content\/uploads\/2023\/12\/img_4690-1.jpg\",\"contentUrl\":\"https:\/\/blogdobispo.com.br\/wp-content\/uploads\/2023\/12\/img_4690-1.jpg\"},{\"@type\":\"BreadcrumbList\",\"@id\":\"https:\/\/blogdobispo.com.br\/?p=2465#breadcrumb\",\"itemListElement\":[{\"@type\":\"ListItem\",\"position\":1,\"name\":\"In\u00edcio\",\"item\":\"https:\/\/blogdobispo.com.br\/\"},{\"@type\":\"ListItem\",\"position\":2,\"name\":\"Camila Ara\u00fajo sofre intoler\u00e2ncia religiosa e repudia nas redes sociais\"}]},{\"@type\":\"WebSite\",\"@id\":\"https:\/\/blogdobispo.com.br\/#website\",\"url\":\"https:\/\/blogdobispo.com.br\/\",\"name\":\"Blog do Bispo\",\"description\":\"Comprometido apenas com o leitor\",\"publisher\":{\"@id\":\"https:\/\/blogdobispo.com.br\/#organization\"},\"potentialAction\":[{\"@type\":\"SearchAction\",\"target\":{\"@type\":\"EntryPoint\",\"urlTemplate\":\"https:\/\/blogdobispo.com.br\/?s={search_term_string}\"},\"query-input\":{\"@type\":\"PropertyValueSpecification\",\"valueRequired\":true,\"valueName\":\"search_term_string\"}}],\"inLanguage\":\"pt-BR\"},{\"@type\":\"Organization\",\"@id\":\"https:\/\/blogdobispo.com.br\/#organization\",\"name\":\"Blog do Bispo\",\"url\":\"https:\/\/blogdobispo.com.br\/\",\"logo\":{\"@type\":\"ImageObject\",\"inLanguage\":\"pt-BR\",\"@id\":\"https:\/\/blogdobispo.com.br\/#\/schema\/logo\/image\/\",\"url\":\"http:\/\/blogdobispo.com.br\/wp-content\/uploads\/2023\/05\/cropped-headear.png\",\"contentUrl\":\"http:\/\/blogdobispo.com.br\/wp-content\/uploads\/2023\/05\/cropped-headear.png\",\"width\":1500,\"height\":399,\"caption\":\"Blog do Bispo\"},\"image\":{\"@id\":\"https:\/\/blogdobispo.com.br\/#\/schema\/logo\/image\/\"}},{\"@type\":\"Person\",\"@id\":\"https:\/\/blogdobispo.com.br\/#\/schema\/person\/e2209cc0e6cea5c5233d033e997b373f\",\"name\":\"Jefferson Sterfeno\",\"image\":{\"@type\":\"ImageObject\",\"inLanguage\":\"pt-BR\",\"@id\":\"https:\/\/blogdobispo.com.br\/#\/schema\/person\/image\/\",\"url\":\"https:\/\/secure.gravatar.com\/avatar\/0534e84764641168a677026b6d57a3f51dc7ac4db0b4f6186d9cb330d4ee1160?s=96&d=mm&r=g\",\"contentUrl\":\"https:\/\/secure.gravatar.com\/avatar\/0534e84764641168a677026b6d57a3f51dc7ac4db0b4f6186d9cb330d4ee1160?s=96&d=mm&r=g\",\"caption\":\"Jefferson Sterfeno\"},\"sameAs\":[\"http:\/\/blogdobispo.com.br\"],\"url\":\"https:\/\/blogdobispo.com.br\/?author=1\"}]}<\/script>\n<!-- \/ Yoast SEO plugin. -->","yoast_head_json":{"title":"Camila Ara\u00fajo sofre intoler\u00e2ncia religiosa e repudia nas redes sociais - Blog do Bispo","robots":{"index":"index","follow":"follow","max-snippet":"max-snippet:-1","max-image-preview":"max-image-preview:large","max-video-preview":"max-video-preview:-1"},"canonical":"https:\/\/blogdobispo.com.br\/?p=2465","og_locale":"pt_BR","og_type":"article","og_title":"Camila Ara\u00fajo sofre intoler\u00e2ncia religiosa e repudia nas redes sociais - Blog do Bispo","og_description":"A Vereador de Natal Camila Ara\u00fajo tem sofrido desde o in\u00edcio do mandato, diversos ataques pelo seu g\u00eanero e sua religi\u00e3o, al\u00e9m do discurso de \u00f3dio t\u00e3o propagado pela esquerda. Camila se posicionou na tarde desta quinta (28) no Instagram pela primeira vez sobre os ataques. \u201cOs que tanto pregam toler\u00e2ncia n\u00e3o toleram que exista [&hellip;]","og_url":"https:\/\/blogdobispo.com.br\/?p=2465","og_site_name":"Blog do Bispo","article_published_time":"2023-12-28T17:08:39+00:00","og_image":[{"url":"https:\/\/blogdobispo.com.br\/wp-content\/uploads\/2023\/12\/img_4690-1.jpg","type":"","width":"","height":""}],"author":"Jefferson Sterfeno","twitter_card":"summary_large_image","twitter_misc":{"Escrito por":"Jefferson Sterfeno","Est. tempo de leitura":"1 minuto"},"schema":{"@context":"https:\/\/schema.org","@graph":[{"@type":"Article","@id":"https:\/\/blogdobispo.com.br\/?p=2465#article","isPartOf":{"@id":"https:\/\/blogdobispo.com.br\/?p=2465"},"author":{"name":"Jefferson Sterfeno","@id":"https:\/\/blogdobispo.com.br\/#\/schema\/person\/e2209cc0e6cea5c5233d033e997b373f"},"headline":"Camila Ara\u00fajo sofre intoler\u00e2ncia religiosa e repudia nas redes sociais","datePublished":"2023-12-28T17:08:39+00:00","mainEntityOfPage":{"@id":"https:\/\/blogdobispo.com.br\/?p=2465"},"wordCount":230,"commentCount":0,"publisher":{"@id":"https:\/\/blogdobispo.com.br\/#organization"},"image":{"@id":"https:\/\/blogdobispo.com.br\/?p=2465#primaryimage"},"thumbnailUrl":"https:\/\/blogdobispo.com.br\/wp-content\/uploads\/2023\/12\/img_4690-1.jpg","articleSection":["diversos"],"inLanguage":"pt-BR","potentialAction":[{"@type":"CommentAction","name":"Comment","target":["https:\/\/blogdobispo.com.br\/?p=2465#respond"]}]},{"@type":"WebPage","@id":"https:\/\/blogdobispo.com.br\/?p=2465","url":"https:\/\/blogdobispo.com.br\/?p=2465","name":"Camila Ara\u00fajo sofre intoler\u00e2ncia religiosa e repudia nas redes sociais - Blog do Bispo","isPartOf":{"@id":"https:\/\/blogdobispo.com.br\/#website"},"primaryImageOfPage":{"@id":"https:\/\/blogdobispo.com.br\/?p=2465#primaryimage"},"image":{"@id":"https:\/\/blogdobispo.com.br\/?p=2465#primaryimage"},"thumbnailUrl":"https:\/\/blogdobispo.com.br\/wp-content\/uploads\/2023\/12\/img_4690-1.jpg","datePublished":"2023-12-28T17:08:39+00:00","breadcrumb":{"@id":"https:\/\/blogdobispo.com.br\/?p=2465#breadcrumb"},"inLanguage":"pt-BR","potentialAction":[{"@type":"ReadAction","target":["https:\/\/blogdobispo.com.br\/?p=2465"]}]},{"@type":"ImageObject","inLanguage":"pt-BR","@id":"https:\/\/blogdobispo.com.br\/?p=2465#primaryimage","url":"https:\/\/blogdobispo.com.br\/wp-content\/uploads\/2023\/12\/img_4690-1.jpg","contentUrl":"https:\/\/blogdobispo.com.br\/wp-content\/uploads\/2023\/12\/img_4690-1.jpg"},{"@type":"BreadcrumbList","@id":"https:\/\/blogdobispo.com.br\/?p=2465#breadcrumb","itemListElement":[{"@type":"ListItem","position":1,"name":"In\u00edcio","item":"https:\/\/blogdobispo.com.br\/"},{"@type":"ListItem","position":2,"name":"Camila Ara\u00fajo sofre intoler\u00e2ncia religiosa e repudia nas redes sociais"}]},{"@type":"WebSite","@id":"https:\/\/blogdobispo.com.br\/#website","url":"https:\/\/blogdobispo.com.br\/","name":"Blog do Bispo","description":"Comprometido apenas com o leitor","publisher":{"@id":"https:\/\/blogdobispo.com.br\/#organization"},"potentialAction":[{"@type":"SearchAction","target":{"@type":"EntryPoint","urlTemplate":"https:\/\/blogdobispo.com.br\/?s={search_term_string}"},"query-input":{"@type":"PropertyValueSpecification","valueRequired":true,"valueName":"search_term_string"}}],"inLanguage":"pt-BR"},{"@type":"Organization","@id":"https:\/\/blogdobispo.com.br\/#organization","name":"Blog do Bispo","url":"https:\/\/blogdobispo.com.br\/","logo":{"@type":"ImageObject","inLanguage":"pt-BR","@id":"https:\/\/blogdobispo.com.br\/#\/schema\/logo\/image\/","url":"http:\/\/blogdobispo.com.br\/wp-content\/uploads\/2023\/05\/cropped-headear.png","contentUrl":"http:\/\/blogdobispo.com.br\/wp-content\/uploads\/2023\/05\/cropped-headear.png","width":1500,"height":399,"caption":"Blog do Bispo"},"image":{"@id":"https:\/\/blogdobispo.com.br\/#\/schema\/logo\/image\/"}},{"@type":"Person","@id":"https:\/\/blogdobispo.com.br\/#\/schema\/person\/e2209cc0e6cea5c5233d033e997b373f","name":"Jefferson Sterfeno","image":{"@type":"ImageObject","inLanguage":"pt-BR","@id":"https:\/\/blogdobispo.com.br\/#\/schema\/person\/image\/","url":"https:\/\/secure.gravatar.com\/avatar\/0534e84764641168a677026b6d57a3f51dc7ac4db0b4f6186d9cb330d4ee1160?s=96&d=mm&r=g","contentUrl":"https:\/\/secure.gravatar.com\/avatar\/0534e84764641168a677026b6d57a3f51dc7ac4db0b4f6186d9cb330d4ee1160?s=96&d=mm&r=g","caption":"Jefferson Sterfeno"},"sameAs":["http:\/\/blogdobispo.com.br"],"url":"https:\/\/blogdobispo.com.br\/?author=1"}]}},"featured_image_urls":{"full":"","thumbnail":"","medium":"","medium_large":"","large":"","1536x1536":"","2048x2048":""},"author_info":{"display_name":"Jefferson Sterfeno","author_link":"https:\/\/blogdobispo.com.br\/?author=1"},"category_info":"<a href=\"https:\/\/blogdobispo.com.br\/?cat=1\" rel=\"category\">diversos<\/a>","tag_info":"diversos","comment_count":"0","jetpack_featured_media_url":"","jetpack_sharing_enabled":true,"_links":{"self":[{"href":"https:\/\/blogdobispo.com.br\/index.php?rest_route=\/wp\/v2\/posts\/2465","targetHints":{"allow":["GET"]}}],"collection":[{"href":"https:\/\/blogdobispo.com.br\/index.php?rest_route=\/wp\/v2\/posts"}],"about":[{"href":"https:\/\/blogdobispo.com.br\/index.php?rest_route=\/wp\/v2\/types\/post"}],"author":[{"embeddable":true,"href":"https:\/\/blogdobispo.com.br\/index.php?rest_route=\/wp\/v2\/users\/1"}],"replies":[{"embeddable":true,"href":"https:\/\/blogdobispo.com.br\/index.php?rest_route=%2Fwp%2Fv2%2Fcomments&post=2465"}],"version-history":[{"count":0,"href":"https:\/\/blogdobispo.com.br\/index.php?rest_route=\/wp\/v2\/posts\/2465\/revisions"}],"wp:attachment":[{"href":"https:\/\/blogdobispo.com.br\/index.php?rest_route=%2Fwp%2Fv2%2Fmedia&parent=2465"}],"wp:term":[{"taxonomy":"category","embeddable":true,"href":"https:\/\/blogdobispo.com.br\/index.php?rest_route=%2Fwp%2Fv2%2Fcategories&post=2465"},{"taxonomy":"post_tag","embeddable":true,"href":"https:\/\/blogdobispo.com.br\/index.php?rest_route=%2Fwp%2Fv2%2Ftags&post=2465"}],"curies":[{"name":"wp","href":"https:\/\/api.w.org\/{rel}","templated":true}]}}