{"id":2462,"date":"2023-12-27T00:43:05","date_gmt":"2023-12-27T00:43:05","guid":{"rendered":"https:\/\/blogdobispo.com.br\/?p=2462"},"modified":"2023-12-27T00:43:05","modified_gmt":"2023-12-27T00:43:05","slug":"aprovado-na-cmn-selo-empresa-amiga-do-autista-segue-pra-sancao-da-prefeitura","status":"publish","type":"post","link":"https:\/\/blogdobispo.com.br\/?p=2462","title":{"rendered":"<em>Aprovado na CMN, selo \u201cEmpresa Amiga do Autista\u201d segue pra san\u00e7\u00e3o da Prefeitura<\/em>"},"content":{"rendered":"\n<figure class=\"wp-block-image size-large\"><img data-recalc-dims=\"1\" fetchpriority=\"high\" decoding=\"async\" width=\"800\" height=\"693\" src=\"https:\/\/i0.wp.com\/blogdobispo.com.br\/wp-content\/uploads\/2023\/12\/6dd0caa9-034f-4026-8de3-e4ffc44c5a1c-1-1024x887.jpg?resize=800%2C693&#038;ssl=1\" class=\"wp-image-2461\" srcset=\"https:\/\/i0.wp.com\/blogdobispo.com.br\/wp-content\/uploads\/2023\/12\/6dd0caa9-034f-4026-8de3-e4ffc44c5a1c-1.jpg?resize=1024%2C887&amp;ssl=1 1024w, https:\/\/i0.wp.com\/blogdobispo.com.br\/wp-content\/uploads\/2023\/12\/6dd0caa9-034f-4026-8de3-e4ffc44c5a1c-1.jpg?resize=300%2C260&amp;ssl=1 300w, https:\/\/i0.wp.com\/blogdobispo.com.br\/wp-content\/uploads\/2023\/12\/6dd0caa9-034f-4026-8de3-e4ffc44c5a1c-1.jpg?resize=768%2C665&amp;ssl=1 768w, https:\/\/i0.wp.com\/blogdobispo.com.br\/wp-content\/uploads\/2023\/12\/6dd0caa9-034f-4026-8de3-e4ffc44c5a1c-1.jpg?resize=1536%2C1331&amp;ssl=1 1536w, https:\/\/i0.wp.com\/blogdobispo.com.br\/wp-content\/uploads\/2023\/12\/6dd0caa9-034f-4026-8de3-e4ffc44c5a1c-1.jpg?w=1600&amp;ssl=1 1600w\" sizes=\"(max-width: 800px) 100vw, 800px\" \/><\/figure>\n\n\n\n<p><\/p>\n\n\n\n<p>Mais uma mat\u00e9ria para o fortalecimento da causa autista foi aprovada na C\u00e2mara de Natal. De iniciativa do vereador Dickson J\u00fanior (PDT), foi aprovado, na \u00faltima quinta-feira (21), o Projeto de Lei N\u00ba 788\/23 para instituir o Selo \u201cEmpresa Amiga do Autista\u201d no \u00e2mbito do Munic\u00edpio de Natal\/RN, a ser concedido pelo Poder Executivo, atrav\u00e9s de seus \u00f3rg\u00e3os respons\u00e1veis e associa\u00e7\u00f5es voltadas \u00e0 causa, regularmente constitu\u00eddas.<\/p>\n\n\n\n<p>O Selo \u00e9 destinado \u00e0 utiliza\u00e7\u00e3o publicit\u00e1ria por estabelecimentos que adotem pol\u00edticas internas que contribuam com inclus\u00e3o, adapta\u00e7\u00e3o, fomento de empresa e renda, al\u00e9m de a\u00e7\u00f5es sociais voltadas para pessoas com Transtorno do Espectro Autista (TEA). Ser\u00e1 concedido em reconhecimento \u00e0s a\u00e7\u00f5es de responsabilidade social desenvolvidas no intuito de valorizar, defender e atender essas pessoas, como doa\u00e7\u00f5es de bens, valores e equipamentos \u00e0s a\u00e7\u00f5es promovidas pelo Munic\u00edpio e\/ou entidades do terceiro setor, legalmente constitu\u00eddas; reserva de postos de trabalho; adapta\u00e7\u00e3o nos estabelecimentos comerciais; cria\u00e7\u00e3o de espa\u00e7os para auxiliar em poss\u00edveis desregula\u00e7\u00f5es; patroc\u00ednio de eventos culturais, esportivos ou de lazer; isen\u00e7\u00e3o de pagamento de entrada em estabelecimentos; campanhas de conscientiza\u00e7\u00e3o.<\/p>\n\n\n\n<p>As empresas que atendam \u00e0s condi\u00e7\u00f5es para obten\u00e7\u00e3o do selo poder\u00e3o utiliz\u00e1-lo em suas depend\u00eancias, em r\u00f3tulos e\/ou embalagens de seus produtos, na divulga\u00e7\u00e3o de servi\u00e7os e\/ou da sua marca, e em pe\u00e7as publicit\u00e1rias como um diferencial para sua imagem comercial. O prazo de participa\u00e7\u00e3o e uso publicit\u00e1rio do selo ser\u00e1 de um ano, podendo ser renovado por igual per\u00edodo, condicionado \u00e0 manuten\u00e7\u00e3o da(s) medida(s) existente(s) e\/ou nova(s) iniciativa(s) em favor das pessoas com TEA, realizada(s) pelo estabelecimento detentor do selo.<\/p>\n\n\n\n<p>\u201cO estabelecimento interessado em se tornar detentor do selo ir\u00e1 colaborar financeiramente com entidades sem fins lucrativos que prestam atendimento \u00e0 popula\u00e7\u00e3o com TEA e, em contrapartida, poder\u00e1 se utilizar do selo para a promo\u00e7\u00e3o publicit\u00e1ria de seus empreendimentos, alavancando sua imagem p\u00fablica. Esta iniciativa soma-se a pol\u00edticas j\u00e1 existentes para essa parcela da sociedade como mais uma ferramenta para a promo\u00e7\u00e3o da qualidade de vida para os autistas, culminando numa sociedade mais justa para todos\u201d, conclui Dickson J\u00fanior.<\/p>\n","protected":false},"excerpt":{"rendered":"<p>Mais uma mat\u00e9ria para o fortalecimento da causa autista foi aprovada na C\u00e2mara de Natal. De iniciativa do vereador Dickson J\u00fanior (PDT), foi aprovado, na \u00faltima quinta-feira (21), o Projeto de Lei N\u00ba 788\/23 para instituir o Selo \u201cEmpresa Amiga do Autista\u201d no \u00e2mbito do Munic\u00edpio de Natal\/RN, a ser concedido pelo Poder Executivo, atrav\u00e9s [&hellip;]<\/p>\n","protected":false},"author":1,"featured_media":0,"comment_status":"open","ping_status":"open","sticky":false,"template":"","format":"standard","meta":{"cybocfi_hide_featured_image":"","_jetpack_memberships_contains_paid_content":false,"footnotes":""},"categories":[1],"tags":[],"class_list":["post-2462","post","type-post","status-publish","format-standard","hentry","category-diversos"],"yoast_head":"<!-- This site is optimized with the Yoast SEO plugin v25.6 - https:\/\/yoast.com\/wordpress\/plugins\/seo\/ -->\n<title>Aprovado na CMN, selo \u201cEmpresa Amiga do Autista\u201d segue pra san\u00e7\u00e3o da Prefeitura - Blog do Bispo<\/title>\n<meta name=\"robots\" content=\"index, follow, max-snippet:-1, max-image-preview:large, max-video-preview:-1\" \/>\n<link rel=\"canonical\" href=\"https:\/\/blogdobispo.com.br\/?p=2462\" \/>\n<meta property=\"og:locale\" content=\"pt_BR\" \/>\n<meta property=\"og:type\" content=\"article\" \/>\n<meta property=\"og:title\" content=\"Aprovado na CMN, selo \u201cEmpresa Amiga do Autista\u201d segue pra san\u00e7\u00e3o da Prefeitura - Blog do Bispo\" \/>\n<meta property=\"og:description\" content=\"Mais uma mat\u00e9ria para o fortalecimento da causa autista foi aprovada na C\u00e2mara de Natal. De iniciativa do vereador Dickson J\u00fanior (PDT), foi aprovado, na \u00faltima quinta-feira (21), o Projeto de Lei N\u00ba 788\/23 para instituir o Selo \u201cEmpresa Amiga do Autista\u201d no \u00e2mbito do Munic\u00edpio de Natal\/RN, a ser concedido pelo Poder Executivo, atrav\u00e9s [&hellip;]\" \/>\n<meta property=\"og:url\" content=\"https:\/\/blogdobispo.com.br\/?p=2462\" \/>\n<meta property=\"og:site_name\" content=\"Blog do Bispo\" \/>\n<meta property=\"article:published_time\" content=\"2023-12-27T00:43:05+00:00\" \/>\n<meta property=\"og:image\" content=\"https:\/\/blogdobispo.com.br\/wp-content\/uploads\/2023\/12\/6dd0caa9-034f-4026-8de3-e4ffc44c5a1c-1-1024x887.jpg\" \/>\n<meta name=\"author\" content=\"Jefferson Sterfeno\" \/>\n<meta name=\"twitter:card\" content=\"summary_large_image\" \/>\n<meta name=\"twitter:label1\" content=\"Escrito por\" \/>\n\t<meta name=\"twitter:data1\" content=\"Jefferson Sterfeno\" \/>\n\t<meta name=\"twitter:label2\" content=\"Est. tempo de leitura\" \/>\n\t<meta name=\"twitter:data2\" content=\"2 minutos\" \/>\n<script type=\"application\/ld+json\" class=\"yoast-schema-graph\">{\"@context\":\"https:\/\/schema.org\",\"@graph\":[{\"@type\":\"Article\",\"@id\":\"https:\/\/blogdobispo.com.br\/?p=2462#article\",\"isPartOf\":{\"@id\":\"https:\/\/blogdobispo.com.br\/?p=2462\"},\"author\":{\"name\":\"Jefferson Sterfeno\",\"@id\":\"https:\/\/blogdobispo.com.br\/#\/schema\/person\/e2209cc0e6cea5c5233d033e997b373f\"},\"headline\":\"Aprovado na CMN, selo \u201cEmpresa Amiga do Autista\u201d segue pra san\u00e7\u00e3o da Prefeitura\",\"datePublished\":\"2023-12-27T00:43:05+00:00\",\"mainEntityOfPage\":{\"@id\":\"https:\/\/blogdobispo.com.br\/?p=2462\"},\"wordCount\":403,\"commentCount\":0,\"publisher\":{\"@id\":\"https:\/\/blogdobispo.com.br\/#organization\"},\"image\":{\"@id\":\"https:\/\/blogdobispo.com.br\/?p=2462#primaryimage\"},\"thumbnailUrl\":\"https:\/\/blogdobispo.com.br\/wp-content\/uploads\/2023\/12\/6dd0caa9-034f-4026-8de3-e4ffc44c5a1c-1-1024x887.jpg\",\"articleSection\":[\"diversos\"],\"inLanguage\":\"pt-BR\",\"potentialAction\":[{\"@type\":\"CommentAction\",\"name\":\"Comment\",\"target\":[\"https:\/\/blogdobispo.com.br\/?p=2462#respond\"]}]},{\"@type\":\"WebPage\",\"@id\":\"https:\/\/blogdobispo.com.br\/?p=2462\",\"url\":\"https:\/\/blogdobispo.com.br\/?p=2462\",\"name\":\"Aprovado na CMN, selo \u201cEmpresa Amiga do Autista\u201d segue pra san\u00e7\u00e3o da Prefeitura - Blog do Bispo\",\"isPartOf\":{\"@id\":\"https:\/\/blogdobispo.com.br\/#website\"},\"primaryImageOfPage\":{\"@id\":\"https:\/\/blogdobispo.com.br\/?p=2462#primaryimage\"},\"image\":{\"@id\":\"https:\/\/blogdobispo.com.br\/?p=2462#primaryimage\"},\"thumbnailUrl\":\"https:\/\/blogdobispo.com.br\/wp-content\/uploads\/2023\/12\/6dd0caa9-034f-4026-8de3-e4ffc44c5a1c-1-1024x887.jpg\",\"datePublished\":\"2023-12-27T00:43:05+00:00\",\"breadcrumb\":{\"@id\":\"https:\/\/blogdobispo.com.br\/?p=2462#breadcrumb\"},\"inLanguage\":\"pt-BR\",\"potentialAction\":[{\"@type\":\"ReadAction\",\"target\":[\"https:\/\/blogdobispo.com.br\/?p=2462\"]}]},{\"@type\":\"ImageObject\",\"inLanguage\":\"pt-BR\",\"@id\":\"https:\/\/blogdobispo.com.br\/?p=2462#primaryimage\",\"url\":\"https:\/\/blogdobispo.com.br\/wp-content\/uploads\/2023\/12\/6dd0caa9-034f-4026-8de3-e4ffc44c5a1c-1-1024x887.jpg\",\"contentUrl\":\"https:\/\/blogdobispo.com.br\/wp-content\/uploads\/2023\/12\/6dd0caa9-034f-4026-8de3-e4ffc44c5a1c-1-1024x887.jpg\"},{\"@type\":\"BreadcrumbList\",\"@id\":\"https:\/\/blogdobispo.com.br\/?p=2462#breadcrumb\",\"itemListElement\":[{\"@type\":\"ListItem\",\"position\":1,\"name\":\"In\u00edcio\",\"item\":\"https:\/\/blogdobispo.com.br\/\"},{\"@type\":\"ListItem\",\"position\":2,\"name\":\"Aprovado na CMN, selo \u201cEmpresa Amiga do Autista\u201d segue pra san\u00e7\u00e3o da Prefeitura\"}]},{\"@type\":\"WebSite\",\"@id\":\"https:\/\/blogdobispo.com.br\/#website\",\"url\":\"https:\/\/blogdobispo.com.br\/\",\"name\":\"Blog do Bispo\",\"description\":\"Comprometido apenas com o leitor\",\"publisher\":{\"@id\":\"https:\/\/blogdobispo.com.br\/#organization\"},\"potentialAction\":[{\"@type\":\"SearchAction\",\"target\":{\"@type\":\"EntryPoint\",\"urlTemplate\":\"https:\/\/blogdobispo.com.br\/?s={search_term_string}\"},\"query-input\":{\"@type\":\"PropertyValueSpecification\",\"valueRequired\":true,\"valueName\":\"search_term_string\"}}],\"inLanguage\":\"pt-BR\"},{\"@type\":\"Organization\",\"@id\":\"https:\/\/blogdobispo.com.br\/#organization\",\"name\":\"Blog do Bispo\",\"url\":\"https:\/\/blogdobispo.com.br\/\",\"logo\":{\"@type\":\"ImageObject\",\"inLanguage\":\"pt-BR\",\"@id\":\"https:\/\/blogdobispo.com.br\/#\/schema\/logo\/image\/\",\"url\":\"http:\/\/blogdobispo.com.br\/wp-content\/uploads\/2023\/05\/cropped-headear.png\",\"contentUrl\":\"http:\/\/blogdobispo.com.br\/wp-content\/uploads\/2023\/05\/cropped-headear.png\",\"width\":1500,\"height\":399,\"caption\":\"Blog do Bispo\"},\"image\":{\"@id\":\"https:\/\/blogdobispo.com.br\/#\/schema\/logo\/image\/\"}},{\"@type\":\"Person\",\"@id\":\"https:\/\/blogdobispo.com.br\/#\/schema\/person\/e2209cc0e6cea5c5233d033e997b373f\",\"name\":\"Jefferson Sterfeno\",\"image\":{\"@type\":\"ImageObject\",\"inLanguage\":\"pt-BR\",\"@id\":\"https:\/\/blogdobispo.com.br\/#\/schema\/person\/image\/\",\"url\":\"https:\/\/secure.gravatar.com\/avatar\/0534e84764641168a677026b6d57a3f51dc7ac4db0b4f6186d9cb330d4ee1160?s=96&d=mm&r=g\",\"contentUrl\":\"https:\/\/secure.gravatar.com\/avatar\/0534e84764641168a677026b6d57a3f51dc7ac4db0b4f6186d9cb330d4ee1160?s=96&d=mm&r=g\",\"caption\":\"Jefferson Sterfeno\"},\"sameAs\":[\"http:\/\/blogdobispo.com.br\"],\"url\":\"https:\/\/blogdobispo.com.br\/?author=1\"}]}<\/script>\n<!-- \/ Yoast SEO plugin. -->","yoast_head_json":{"title":"Aprovado na CMN, selo \u201cEmpresa Amiga do Autista\u201d segue pra san\u00e7\u00e3o da Prefeitura - Blog do Bispo","robots":{"index":"index","follow":"follow","max-snippet":"max-snippet:-1","max-image-preview":"max-image-preview:large","max-video-preview":"max-video-preview:-1"},"canonical":"https:\/\/blogdobispo.com.br\/?p=2462","og_locale":"pt_BR","og_type":"article","og_title":"Aprovado na CMN, selo \u201cEmpresa Amiga do Autista\u201d segue pra san\u00e7\u00e3o da Prefeitura - Blog do Bispo","og_description":"Mais uma mat\u00e9ria para o fortalecimento da causa autista foi aprovada na C\u00e2mara de Natal. De iniciativa do vereador Dickson J\u00fanior (PDT), foi aprovado, na \u00faltima quinta-feira (21), o Projeto de Lei N\u00ba 788\/23 para instituir o Selo \u201cEmpresa Amiga do Autista\u201d no \u00e2mbito do Munic\u00edpio de Natal\/RN, a ser concedido pelo Poder Executivo, atrav\u00e9s [&hellip;]","og_url":"https:\/\/blogdobispo.com.br\/?p=2462","og_site_name":"Blog do Bispo","article_published_time":"2023-12-27T00:43:05+00:00","og_image":[{"url":"https:\/\/blogdobispo.com.br\/wp-content\/uploads\/2023\/12\/6dd0caa9-034f-4026-8de3-e4ffc44c5a1c-1-1024x887.jpg","type":"","width":"","height":""}],"author":"Jefferson Sterfeno","twitter_card":"summary_large_image","twitter_misc":{"Escrito por":"Jefferson Sterfeno","Est. tempo de leitura":"2 minutos"},"schema":{"@context":"https:\/\/schema.org","@graph":[{"@type":"Article","@id":"https:\/\/blogdobispo.com.br\/?p=2462#article","isPartOf":{"@id":"https:\/\/blogdobispo.com.br\/?p=2462"},"author":{"name":"Jefferson Sterfeno","@id":"https:\/\/blogdobispo.com.br\/#\/schema\/person\/e2209cc0e6cea5c5233d033e997b373f"},"headline":"Aprovado na CMN, selo \u201cEmpresa Amiga do Autista\u201d segue pra san\u00e7\u00e3o da Prefeitura","datePublished":"2023-12-27T00:43:05+00:00","mainEntityOfPage":{"@id":"https:\/\/blogdobispo.com.br\/?p=2462"},"wordCount":403,"commentCount":0,"publisher":{"@id":"https:\/\/blogdobispo.com.br\/#organization"},"image":{"@id":"https:\/\/blogdobispo.com.br\/?p=2462#primaryimage"},"thumbnailUrl":"https:\/\/blogdobispo.com.br\/wp-content\/uploads\/2023\/12\/6dd0caa9-034f-4026-8de3-e4ffc44c5a1c-1-1024x887.jpg","articleSection":["diversos"],"inLanguage":"pt-BR","potentialAction":[{"@type":"CommentAction","name":"Comment","target":["https:\/\/blogdobispo.com.br\/?p=2462#respond"]}]},{"@type":"WebPage","@id":"https:\/\/blogdobispo.com.br\/?p=2462","url":"https:\/\/blogdobispo.com.br\/?p=2462","name":"Aprovado na CMN, selo \u201cEmpresa Amiga do Autista\u201d segue pra san\u00e7\u00e3o da Prefeitura - Blog do Bispo","isPartOf":{"@id":"https:\/\/blogdobispo.com.br\/#website"},"primaryImageOfPage":{"@id":"https:\/\/blogdobispo.com.br\/?p=2462#primaryimage"},"image":{"@id":"https:\/\/blogdobispo.com.br\/?p=2462#primaryimage"},"thumbnailUrl":"https:\/\/blogdobispo.com.br\/wp-content\/uploads\/2023\/12\/6dd0caa9-034f-4026-8de3-e4ffc44c5a1c-1-1024x887.jpg","datePublished":"2023-12-27T00:43:05+00:00","breadcrumb":{"@id":"https:\/\/blogdobispo.com.br\/?p=2462#breadcrumb"},"inLanguage":"pt-BR","potentialAction":[{"@type":"ReadAction","target":["https:\/\/blogdobispo.com.br\/?p=2462"]}]},{"@type":"ImageObject","inLanguage":"pt-BR","@id":"https:\/\/blogdobispo.com.br\/?p=2462#primaryimage","url":"https:\/\/blogdobispo.com.br\/wp-content\/uploads\/2023\/12\/6dd0caa9-034f-4026-8de3-e4ffc44c5a1c-1-1024x887.jpg","contentUrl":"https:\/\/blogdobispo.com.br\/wp-content\/uploads\/2023\/12\/6dd0caa9-034f-4026-8de3-e4ffc44c5a1c-1-1024x887.jpg"},{"@type":"BreadcrumbList","@id":"https:\/\/blogdobispo.com.br\/?p=2462#breadcrumb","itemListElement":[{"@type":"ListItem","position":1,"name":"In\u00edcio","item":"https:\/\/blogdobispo.com.br\/"},{"@type":"ListItem","position":2,"name":"Aprovado na CMN, selo \u201cEmpresa Amiga do Autista\u201d segue pra san\u00e7\u00e3o da Prefeitura"}]},{"@type":"WebSite","@id":"https:\/\/blogdobispo.com.br\/#website","url":"https:\/\/blogdobispo.com.br\/","name":"Blog do Bispo","description":"Comprometido apenas com o leitor","publisher":{"@id":"https:\/\/blogdobispo.com.br\/#organization"},"potentialAction":[{"@type":"SearchAction","target":{"@type":"EntryPoint","urlTemplate":"https:\/\/blogdobispo.com.br\/?s={search_term_string}"},"query-input":{"@type":"PropertyValueSpecification","valueRequired":true,"valueName":"search_term_string"}}],"inLanguage":"pt-BR"},{"@type":"Organization","@id":"https:\/\/blogdobispo.com.br\/#organization","name":"Blog do Bispo","url":"https:\/\/blogdobispo.com.br\/","logo":{"@type":"ImageObject","inLanguage":"pt-BR","@id":"https:\/\/blogdobispo.com.br\/#\/schema\/logo\/image\/","url":"http:\/\/blogdobispo.com.br\/wp-content\/uploads\/2023\/05\/cropped-headear.png","contentUrl":"http:\/\/blogdobispo.com.br\/wp-content\/uploads\/2023\/05\/cropped-headear.png","width":1500,"height":399,"caption":"Blog do Bispo"},"image":{"@id":"https:\/\/blogdobispo.com.br\/#\/schema\/logo\/image\/"}},{"@type":"Person","@id":"https:\/\/blogdobispo.com.br\/#\/schema\/person\/e2209cc0e6cea5c5233d033e997b373f","name":"Jefferson Sterfeno","image":{"@type":"ImageObject","inLanguage":"pt-BR","@id":"https:\/\/blogdobispo.com.br\/#\/schema\/person\/image\/","url":"https:\/\/secure.gravatar.com\/avatar\/0534e84764641168a677026b6d57a3f51dc7ac4db0b4f6186d9cb330d4ee1160?s=96&d=mm&r=g","contentUrl":"https:\/\/secure.gravatar.com\/avatar\/0534e84764641168a677026b6d57a3f51dc7ac4db0b4f6186d9cb330d4ee1160?s=96&d=mm&r=g","caption":"Jefferson Sterfeno"},"sameAs":["http:\/\/blogdobispo.com.br"],"url":"https:\/\/blogdobispo.com.br\/?author=1"}]}},"featured_image_urls":{"full":"","thumbnail":"","medium":"","medium_large":"","large":"","1536x1536":"","2048x2048":""},"author_info":{"display_name":"Jefferson Sterfeno","author_link":"https:\/\/blogdobispo.com.br\/?author=1"},"category_info":"<a href=\"https:\/\/blogdobispo.com.br\/?cat=1\" rel=\"category\">diversos<\/a>","tag_info":"diversos","comment_count":"0","jetpack_featured_media_url":"","jetpack_sharing_enabled":true,"_links":{"self":[{"href":"https:\/\/blogdobispo.com.br\/index.php?rest_route=\/wp\/v2\/posts\/2462","targetHints":{"allow":["GET"]}}],"collection":[{"href":"https:\/\/blogdobispo.com.br\/index.php?rest_route=\/wp\/v2\/posts"}],"about":[{"href":"https:\/\/blogdobispo.com.br\/index.php?rest_route=\/wp\/v2\/types\/post"}],"author":[{"embeddable":true,"href":"https:\/\/blogdobispo.com.br\/index.php?rest_route=\/wp\/v2\/users\/1"}],"replies":[{"embeddable":true,"href":"https:\/\/blogdobispo.com.br\/index.php?rest_route=%2Fwp%2Fv2%2Fcomments&post=2462"}],"version-history":[{"count":0,"href":"https:\/\/blogdobispo.com.br\/index.php?rest_route=\/wp\/v2\/posts\/2462\/revisions"}],"wp:attachment":[{"href":"https:\/\/blogdobispo.com.br\/index.php?rest_route=%2Fwp%2Fv2%2Fmedia&parent=2462"}],"wp:term":[{"taxonomy":"category","embeddable":true,"href":"https:\/\/blogdobispo.com.br\/index.php?rest_route=%2Fwp%2Fv2%2Fcategories&post=2462"},{"taxonomy":"post_tag","embeddable":true,"href":"https:\/\/blogdobispo.com.br\/index.php?rest_route=%2Fwp%2Fv2%2Ftags&post=2462"}],"curies":[{"name":"wp","href":"https:\/\/api.w.org\/{rel}","templated":true}]}}