{"id":2452,"date":"2023-12-23T00:35:35","date_gmt":"2023-12-23T00:35:35","guid":{"rendered":"https:\/\/blogdobispo.com.br\/?p=2452"},"modified":"2023-12-23T00:35:35","modified_gmt":"2023-12-23T00:35:35","slug":"festival-rn-music-360-promete-agitar-o-verao-de-natal-com-tres-dias-de-festa-gratuita","status":"publish","type":"post","link":"https:\/\/blogdobispo.com.br\/?p=2452","title":{"rendered":"<em>Festival RN Music 360 promete agitar o ver\u00e3o de Natal com tr\u00eas dias de festa gratuita<\/em>"},"content":{"rendered":"\n<figure class=\"wp-block-image size-large\"><img data-recalc-dims=\"1\" fetchpriority=\"high\" decoding=\"async\" width=\"800\" height=\"534\" src=\"https:\/\/i0.wp.com\/blogdobispo.com.br\/wp-content\/uploads\/2023\/12\/adab1865-0587-44ae-bd0f-a4b14a6ee1dd-1-1024x683.jpg?resize=800%2C534&#038;ssl=1\" class=\"wp-image-2451\" srcset=\"https:\/\/i0.wp.com\/blogdobispo.com.br\/wp-content\/uploads\/2023\/12\/adab1865-0587-44ae-bd0f-a4b14a6ee1dd-1.jpg?resize=1024%2C683&amp;ssl=1 1024w, https:\/\/i0.wp.com\/blogdobispo.com.br\/wp-content\/uploads\/2023\/12\/adab1865-0587-44ae-bd0f-a4b14a6ee1dd-1.jpg?resize=300%2C200&amp;ssl=1 300w, https:\/\/i0.wp.com\/blogdobispo.com.br\/wp-content\/uploads\/2023\/12\/adab1865-0587-44ae-bd0f-a4b14a6ee1dd-1.jpg?resize=768%2C512&amp;ssl=1 768w, https:\/\/i0.wp.com\/blogdobispo.com.br\/wp-content\/uploads\/2023\/12\/adab1865-0587-44ae-bd0f-a4b14a6ee1dd-1.jpg?w=1280&amp;ssl=1 1280w\" sizes=\"(max-width: 800px) 100vw, 800px\" \/><\/figure>\n\n\n\n<p><\/p>\n\n\n\n<p><\/p>\n\n\n\n<p>A pra\u00e7a dos gringos, em Ponta Negra, vai virar palco, de 05 a 07 de janeiro de 2024, do RN Music 360. O Festival de Ver\u00e3o est\u00e1 de volta, com acesso livre e aos fins de tarde, prometendo agitar Natal com m\u00fasica nordestina e potiguar em 360 graus. O projeto \u00e9 realizado pela Idearte Produ\u00e7\u00f5es e Trama Produ\u00e7\u00e3o e Agenciamento Art\u00edstico, com patroc\u00ednio da Prefeitura do Natal, Lei Djalma Maranh\u00e3o e Unimed Natal.<\/p>\n\n\n\n<p>O Line-Up est\u00e1 imperd\u00edvel, come\u00e7ando na sexta-feira (05), com Yrahn Barreto, Tanda Macedo e Roda Potiguar de Forr\u00f3, Angela Castro, Tiquinha Rodrigues, Val\u00e9ria Oliveira e Roda de Samba de Mulheres. J\u00e1 no s\u00e1bado (06) a programa\u00e7\u00e3o conta com: Batalha da Rima, Ale Du Black e Pretta Soul ;7RBraga, Boyxavi e Ravia; Cidade Verde (SP) e Ja\u00fa Session, com Rastabrothers, Allan Neg\u00e3o, Bob Marlon e Soul Rebel.<\/p>\n\n\n\n<p>\u201cEstamos animados com o retorno do RN Music 360. O Festival sempre marcou os potiguares com uma programa\u00e7\u00e3o que valoriza a cultura local e temos certeza que dessa vez n\u00e3o ser\u00e1 diferente. As atra\u00e7\u00f5es foram pensadas com muito carinho para levar m\u00fasica por todos os lados da cidade\u201d, conta o produtor cultural e jornalista, Amaury Ver\u00edssimo J\u00fanior.<\/p>\n\n\n\n<p>O Festival se encerra no domingo (07), trazendo Khrystal; Simona Talma, Luiz Gadelha e Orquestra Greiosa; Camarones Orquestra Guitarr\u00edstica e Frevo Chico; Alm\u00e9rio e Martins (PE); e DuSouto e convidados.<\/p>\n\n\n\n<p>\u201cAp\u00f3s o sucesso arrebatador das duas edi\u00e7\u00f5es do projeto, estamos na atividade para garantir a terceira edi\u00e7\u00e3o do que \u00e9 considerado o Festival de Ver\u00e3o de Natal. Dessa vez, juntamos o RN Music e o Ribeira 360, tornando o projeto ainda mais grandioso para os artistas e para o p\u00fablico que vai aproveitar uma programa\u00e7\u00e3o impec\u00e1vel\u201d, ressalta o produtor cultural Marc\u00edlio Amorim.<\/p>\n\n\n\n<p><em>Servi\u00e7o<\/em><\/p>\n\n\n\n<p><em>RN Music 360 Festival<\/em><br \/>Quando: 05 a 07 de janeiro de 2024<br \/>Onde: Pra\u00e7a dos Gringos (Ponta Negra)<br \/>Hor\u00e1rio: A partir das 17h<br \/>Entrada: Livre<\/p>\n\n\n\n<p><em>Programa\u00e7\u00e3o:<\/em><\/p>\n\n\n\n<p><em>Sexta-feira (05)<\/em><br \/>Yrahn Barreto, Tanda Macedo e Roda Potiguar de Forr\u00f3, Angela Castro, Tiquinha Rodrigues, Val\u00e9ria Oliveira e Roda de Samba de Mulheres.<\/p>\n\n\n\n<p><em>S\u00e1bado (06)<\/em><br \/>Batalha da Rima, Ale Du Black e Pretta Soul ;7RBraga, Boyxavi e Ravia; Cidade Verde (SP) e Ja\u00fa Session, com Rastabrothers, Allan Neg\u00e3o, Bob Marlon e Soul Rebel.<\/p>\n\n\n\n<p><em>Domingo (07)<\/em><br \/>Khrystal; Simona Talma, Luiz Gadelha e Orquestra Greiosa; Camarones Orquestra Guitarr\u00edstica e Frevo Chico; Alm\u00e9rio e Martins (PE); e DuSouto e convidados.<\/p>\n\n\n\n<hr class=\"wp-block-separator has-alpha-channel-opacity\"\/>\n\n\n\n<p><\/p>\n","protected":false},"excerpt":{"rendered":"<p>A pra\u00e7a dos gringos, em Ponta Negra, vai virar palco, de 05 a 07 de janeiro de 2024, do RN Music 360. O Festival de Ver\u00e3o est\u00e1 de volta, com acesso livre e aos fins de tarde, prometendo agitar Natal com m\u00fasica nordestina e potiguar em 360 graus. O projeto \u00e9 realizado pela Idearte Produ\u00e7\u00f5es [&hellip;]<\/p>\n","protected":false},"author":1,"featured_media":0,"comment_status":"open","ping_status":"open","sticky":false,"template":"","format":"standard","meta":{"cybocfi_hide_featured_image":"","_jetpack_memberships_contains_paid_content":false,"footnotes":""},"categories":[1],"tags":[],"class_list":["post-2452","post","type-post","status-publish","format-standard","hentry","category-diversos"],"yoast_head":"<!-- This site is optimized with the Yoast SEO plugin v25.6 - https:\/\/yoast.com\/wordpress\/plugins\/seo\/ -->\n<title>Festival RN Music 360 promete agitar o ver\u00e3o de Natal com tr\u00eas dias de festa gratuita - Blog do Bispo<\/title>\n<meta name=\"robots\" content=\"index, follow, max-snippet:-1, max-image-preview:large, max-video-preview:-1\" \/>\n<link rel=\"canonical\" href=\"https:\/\/blogdobispo.com.br\/?p=2452\" \/>\n<meta property=\"og:locale\" content=\"pt_BR\" \/>\n<meta property=\"og:type\" content=\"article\" \/>\n<meta property=\"og:title\" content=\"Festival RN Music 360 promete agitar o ver\u00e3o de Natal com tr\u00eas dias de festa gratuita - Blog do Bispo\" \/>\n<meta property=\"og:description\" content=\"A pra\u00e7a dos gringos, em Ponta Negra, vai virar palco, de 05 a 07 de janeiro de 2024, do RN Music 360. O Festival de Ver\u00e3o est\u00e1 de volta, com acesso livre e aos fins de tarde, prometendo agitar Natal com m\u00fasica nordestina e potiguar em 360 graus. O projeto \u00e9 realizado pela Idearte Produ\u00e7\u00f5es [&hellip;]\" \/>\n<meta property=\"og:url\" content=\"https:\/\/blogdobispo.com.br\/?p=2452\" \/>\n<meta property=\"og:site_name\" content=\"Blog do Bispo\" \/>\n<meta property=\"article:published_time\" content=\"2023-12-23T00:35:35+00:00\" \/>\n<meta property=\"og:image\" content=\"https:\/\/blogdobispo.com.br\/wp-content\/uploads\/2023\/12\/adab1865-0587-44ae-bd0f-a4b14a6ee1dd-1-1024x683.jpg\" \/>\n<meta name=\"author\" content=\"Jefferson Sterfeno\" \/>\n<meta name=\"twitter:card\" content=\"summary_large_image\" \/>\n<meta name=\"twitter:label1\" content=\"Escrito por\" \/>\n\t<meta name=\"twitter:data1\" content=\"Jefferson Sterfeno\" \/>\n\t<meta name=\"twitter:label2\" content=\"Est. tempo de leitura\" \/>\n\t<meta name=\"twitter:data2\" content=\"2 minutos\" \/>\n<script type=\"application\/ld+json\" class=\"yoast-schema-graph\">{\"@context\":\"https:\/\/schema.org\",\"@graph\":[{\"@type\":\"Article\",\"@id\":\"https:\/\/blogdobispo.com.br\/?p=2452#article\",\"isPartOf\":{\"@id\":\"https:\/\/blogdobispo.com.br\/?p=2452\"},\"author\":{\"name\":\"Jefferson Sterfeno\",\"@id\":\"https:\/\/blogdobispo.com.br\/#\/schema\/person\/e2209cc0e6cea5c5233d033e997b373f\"},\"headline\":\"Festival RN Music 360 promete agitar o ver\u00e3o de Natal com tr\u00eas dias de festa gratuita\",\"datePublished\":\"2023-12-23T00:35:35+00:00\",\"mainEntityOfPage\":{\"@id\":\"https:\/\/blogdobispo.com.br\/?p=2452\"},\"wordCount\":428,\"commentCount\":0,\"publisher\":{\"@id\":\"https:\/\/blogdobispo.com.br\/#organization\"},\"image\":{\"@id\":\"https:\/\/blogdobispo.com.br\/?p=2452#primaryimage\"},\"thumbnailUrl\":\"https:\/\/blogdobispo.com.br\/wp-content\/uploads\/2023\/12\/adab1865-0587-44ae-bd0f-a4b14a6ee1dd-1-1024x683.jpg\",\"articleSection\":[\"diversos\"],\"inLanguage\":\"pt-BR\",\"potentialAction\":[{\"@type\":\"CommentAction\",\"name\":\"Comment\",\"target\":[\"https:\/\/blogdobispo.com.br\/?p=2452#respond\"]}]},{\"@type\":\"WebPage\",\"@id\":\"https:\/\/blogdobispo.com.br\/?p=2452\",\"url\":\"https:\/\/blogdobispo.com.br\/?p=2452\",\"name\":\"Festival RN Music 360 promete agitar o ver\u00e3o de Natal com tr\u00eas dias de festa gratuita - Blog do Bispo\",\"isPartOf\":{\"@id\":\"https:\/\/blogdobispo.com.br\/#website\"},\"primaryImageOfPage\":{\"@id\":\"https:\/\/blogdobispo.com.br\/?p=2452#primaryimage\"},\"image\":{\"@id\":\"https:\/\/blogdobispo.com.br\/?p=2452#primaryimage\"},\"thumbnailUrl\":\"https:\/\/blogdobispo.com.br\/wp-content\/uploads\/2023\/12\/adab1865-0587-44ae-bd0f-a4b14a6ee1dd-1-1024x683.jpg\",\"datePublished\":\"2023-12-23T00:35:35+00:00\",\"breadcrumb\":{\"@id\":\"https:\/\/blogdobispo.com.br\/?p=2452#breadcrumb\"},\"inLanguage\":\"pt-BR\",\"potentialAction\":[{\"@type\":\"ReadAction\",\"target\":[\"https:\/\/blogdobispo.com.br\/?p=2452\"]}]},{\"@type\":\"ImageObject\",\"inLanguage\":\"pt-BR\",\"@id\":\"https:\/\/blogdobispo.com.br\/?p=2452#primaryimage\",\"url\":\"https:\/\/blogdobispo.com.br\/wp-content\/uploads\/2023\/12\/adab1865-0587-44ae-bd0f-a4b14a6ee1dd-1-1024x683.jpg\",\"contentUrl\":\"https:\/\/blogdobispo.com.br\/wp-content\/uploads\/2023\/12\/adab1865-0587-44ae-bd0f-a4b14a6ee1dd-1-1024x683.jpg\"},{\"@type\":\"BreadcrumbList\",\"@id\":\"https:\/\/blogdobispo.com.br\/?p=2452#breadcrumb\",\"itemListElement\":[{\"@type\":\"ListItem\",\"position\":1,\"name\":\"In\u00edcio\",\"item\":\"https:\/\/blogdobispo.com.br\/\"},{\"@type\":\"ListItem\",\"position\":2,\"name\":\"Festival RN Music 360 promete agitar o ver\u00e3o de Natal com tr\u00eas dias de festa gratuita\"}]},{\"@type\":\"WebSite\",\"@id\":\"https:\/\/blogdobispo.com.br\/#website\",\"url\":\"https:\/\/blogdobispo.com.br\/\",\"name\":\"Blog do Bispo\",\"description\":\"Comprometido apenas com o leitor\",\"publisher\":{\"@id\":\"https:\/\/blogdobispo.com.br\/#organization\"},\"potentialAction\":[{\"@type\":\"SearchAction\",\"target\":{\"@type\":\"EntryPoint\",\"urlTemplate\":\"https:\/\/blogdobispo.com.br\/?s={search_term_string}\"},\"query-input\":{\"@type\":\"PropertyValueSpecification\",\"valueRequired\":true,\"valueName\":\"search_term_string\"}}],\"inLanguage\":\"pt-BR\"},{\"@type\":\"Organization\",\"@id\":\"https:\/\/blogdobispo.com.br\/#organization\",\"name\":\"Blog do Bispo\",\"url\":\"https:\/\/blogdobispo.com.br\/\",\"logo\":{\"@type\":\"ImageObject\",\"inLanguage\":\"pt-BR\",\"@id\":\"https:\/\/blogdobispo.com.br\/#\/schema\/logo\/image\/\",\"url\":\"http:\/\/blogdobispo.com.br\/wp-content\/uploads\/2023\/05\/cropped-headear.png\",\"contentUrl\":\"http:\/\/blogdobispo.com.br\/wp-content\/uploads\/2023\/05\/cropped-headear.png\",\"width\":1500,\"height\":399,\"caption\":\"Blog do Bispo\"},\"image\":{\"@id\":\"https:\/\/blogdobispo.com.br\/#\/schema\/logo\/image\/\"}},{\"@type\":\"Person\",\"@id\":\"https:\/\/blogdobispo.com.br\/#\/schema\/person\/e2209cc0e6cea5c5233d033e997b373f\",\"name\":\"Jefferson Sterfeno\",\"image\":{\"@type\":\"ImageObject\",\"inLanguage\":\"pt-BR\",\"@id\":\"https:\/\/blogdobispo.com.br\/#\/schema\/person\/image\/\",\"url\":\"https:\/\/secure.gravatar.com\/avatar\/0534e84764641168a677026b6d57a3f51dc7ac4db0b4f6186d9cb330d4ee1160?s=96&d=mm&r=g\",\"contentUrl\":\"https:\/\/secure.gravatar.com\/avatar\/0534e84764641168a677026b6d57a3f51dc7ac4db0b4f6186d9cb330d4ee1160?s=96&d=mm&r=g\",\"caption\":\"Jefferson Sterfeno\"},\"sameAs\":[\"http:\/\/blogdobispo.com.br\"],\"url\":\"https:\/\/blogdobispo.com.br\/?author=1\"}]}<\/script>\n<!-- \/ Yoast SEO plugin. -->","yoast_head_json":{"title":"Festival RN Music 360 promete agitar o ver\u00e3o de Natal com tr\u00eas dias de festa gratuita - Blog do Bispo","robots":{"index":"index","follow":"follow","max-snippet":"max-snippet:-1","max-image-preview":"max-image-preview:large","max-video-preview":"max-video-preview:-1"},"canonical":"https:\/\/blogdobispo.com.br\/?p=2452","og_locale":"pt_BR","og_type":"article","og_title":"Festival RN Music 360 promete agitar o ver\u00e3o de Natal com tr\u00eas dias de festa gratuita - Blog do Bispo","og_description":"A pra\u00e7a dos gringos, em Ponta Negra, vai virar palco, de 05 a 07 de janeiro de 2024, do RN Music 360. O Festival de Ver\u00e3o est\u00e1 de volta, com acesso livre e aos fins de tarde, prometendo agitar Natal com m\u00fasica nordestina e potiguar em 360 graus. O projeto \u00e9 realizado pela Idearte Produ\u00e7\u00f5es [&hellip;]","og_url":"https:\/\/blogdobispo.com.br\/?p=2452","og_site_name":"Blog do Bispo","article_published_time":"2023-12-23T00:35:35+00:00","og_image":[{"url":"https:\/\/blogdobispo.com.br\/wp-content\/uploads\/2023\/12\/adab1865-0587-44ae-bd0f-a4b14a6ee1dd-1-1024x683.jpg","type":"","width":"","height":""}],"author":"Jefferson Sterfeno","twitter_card":"summary_large_image","twitter_misc":{"Escrito por":"Jefferson Sterfeno","Est. tempo de leitura":"2 minutos"},"schema":{"@context":"https:\/\/schema.org","@graph":[{"@type":"Article","@id":"https:\/\/blogdobispo.com.br\/?p=2452#article","isPartOf":{"@id":"https:\/\/blogdobispo.com.br\/?p=2452"},"author":{"name":"Jefferson Sterfeno","@id":"https:\/\/blogdobispo.com.br\/#\/schema\/person\/e2209cc0e6cea5c5233d033e997b373f"},"headline":"Festival RN Music 360 promete agitar o ver\u00e3o de Natal com tr\u00eas dias de festa gratuita","datePublished":"2023-12-23T00:35:35+00:00","mainEntityOfPage":{"@id":"https:\/\/blogdobispo.com.br\/?p=2452"},"wordCount":428,"commentCount":0,"publisher":{"@id":"https:\/\/blogdobispo.com.br\/#organization"},"image":{"@id":"https:\/\/blogdobispo.com.br\/?p=2452#primaryimage"},"thumbnailUrl":"https:\/\/blogdobispo.com.br\/wp-content\/uploads\/2023\/12\/adab1865-0587-44ae-bd0f-a4b14a6ee1dd-1-1024x683.jpg","articleSection":["diversos"],"inLanguage":"pt-BR","potentialAction":[{"@type":"CommentAction","name":"Comment","target":["https:\/\/blogdobispo.com.br\/?p=2452#respond"]}]},{"@type":"WebPage","@id":"https:\/\/blogdobispo.com.br\/?p=2452","url":"https:\/\/blogdobispo.com.br\/?p=2452","name":"Festival RN Music 360 promete agitar o ver\u00e3o de Natal com tr\u00eas dias de festa gratuita - Blog do Bispo","isPartOf":{"@id":"https:\/\/blogdobispo.com.br\/#website"},"primaryImageOfPage":{"@id":"https:\/\/blogdobispo.com.br\/?p=2452#primaryimage"},"image":{"@id":"https:\/\/blogdobispo.com.br\/?p=2452#primaryimage"},"thumbnailUrl":"https:\/\/blogdobispo.com.br\/wp-content\/uploads\/2023\/12\/adab1865-0587-44ae-bd0f-a4b14a6ee1dd-1-1024x683.jpg","datePublished":"2023-12-23T00:35:35+00:00","breadcrumb":{"@id":"https:\/\/blogdobispo.com.br\/?p=2452#breadcrumb"},"inLanguage":"pt-BR","potentialAction":[{"@type":"ReadAction","target":["https:\/\/blogdobispo.com.br\/?p=2452"]}]},{"@type":"ImageObject","inLanguage":"pt-BR","@id":"https:\/\/blogdobispo.com.br\/?p=2452#primaryimage","url":"https:\/\/blogdobispo.com.br\/wp-content\/uploads\/2023\/12\/adab1865-0587-44ae-bd0f-a4b14a6ee1dd-1-1024x683.jpg","contentUrl":"https:\/\/blogdobispo.com.br\/wp-content\/uploads\/2023\/12\/adab1865-0587-44ae-bd0f-a4b14a6ee1dd-1-1024x683.jpg"},{"@type":"BreadcrumbList","@id":"https:\/\/blogdobispo.com.br\/?p=2452#breadcrumb","itemListElement":[{"@type":"ListItem","position":1,"name":"In\u00edcio","item":"https:\/\/blogdobispo.com.br\/"},{"@type":"ListItem","position":2,"name":"Festival RN Music 360 promete agitar o ver\u00e3o de Natal com tr\u00eas dias de festa gratuita"}]},{"@type":"WebSite","@id":"https:\/\/blogdobispo.com.br\/#website","url":"https:\/\/blogdobispo.com.br\/","name":"Blog do Bispo","description":"Comprometido apenas com o leitor","publisher":{"@id":"https:\/\/blogdobispo.com.br\/#organization"},"potentialAction":[{"@type":"SearchAction","target":{"@type":"EntryPoint","urlTemplate":"https:\/\/blogdobispo.com.br\/?s={search_term_string}"},"query-input":{"@type":"PropertyValueSpecification","valueRequired":true,"valueName":"search_term_string"}}],"inLanguage":"pt-BR"},{"@type":"Organization","@id":"https:\/\/blogdobispo.com.br\/#organization","name":"Blog do Bispo","url":"https:\/\/blogdobispo.com.br\/","logo":{"@type":"ImageObject","inLanguage":"pt-BR","@id":"https:\/\/blogdobispo.com.br\/#\/schema\/logo\/image\/","url":"http:\/\/blogdobispo.com.br\/wp-content\/uploads\/2023\/05\/cropped-headear.png","contentUrl":"http:\/\/blogdobispo.com.br\/wp-content\/uploads\/2023\/05\/cropped-headear.png","width":1500,"height":399,"caption":"Blog do Bispo"},"image":{"@id":"https:\/\/blogdobispo.com.br\/#\/schema\/logo\/image\/"}},{"@type":"Person","@id":"https:\/\/blogdobispo.com.br\/#\/schema\/person\/e2209cc0e6cea5c5233d033e997b373f","name":"Jefferson Sterfeno","image":{"@type":"ImageObject","inLanguage":"pt-BR","@id":"https:\/\/blogdobispo.com.br\/#\/schema\/person\/image\/","url":"https:\/\/secure.gravatar.com\/avatar\/0534e84764641168a677026b6d57a3f51dc7ac4db0b4f6186d9cb330d4ee1160?s=96&d=mm&r=g","contentUrl":"https:\/\/secure.gravatar.com\/avatar\/0534e84764641168a677026b6d57a3f51dc7ac4db0b4f6186d9cb330d4ee1160?s=96&d=mm&r=g","caption":"Jefferson Sterfeno"},"sameAs":["http:\/\/blogdobispo.com.br"],"url":"https:\/\/blogdobispo.com.br\/?author=1"}]}},"featured_image_urls":{"full":"","thumbnail":"","medium":"","medium_large":"","large":"","1536x1536":"","2048x2048":""},"author_info":{"display_name":"Jefferson Sterfeno","author_link":"https:\/\/blogdobispo.com.br\/?author=1"},"category_info":"<a href=\"https:\/\/blogdobispo.com.br\/?cat=1\" rel=\"category\">diversos<\/a>","tag_info":"diversos","comment_count":"0","jetpack_featured_media_url":"","jetpack_sharing_enabled":true,"_links":{"self":[{"href":"https:\/\/blogdobispo.com.br\/index.php?rest_route=\/wp\/v2\/posts\/2452","targetHints":{"allow":["GET"]}}],"collection":[{"href":"https:\/\/blogdobispo.com.br\/index.php?rest_route=\/wp\/v2\/posts"}],"about":[{"href":"https:\/\/blogdobispo.com.br\/index.php?rest_route=\/wp\/v2\/types\/post"}],"author":[{"embeddable":true,"href":"https:\/\/blogdobispo.com.br\/index.php?rest_route=\/wp\/v2\/users\/1"}],"replies":[{"embeddable":true,"href":"https:\/\/blogdobispo.com.br\/index.php?rest_route=%2Fwp%2Fv2%2Fcomments&post=2452"}],"version-history":[{"count":0,"href":"https:\/\/blogdobispo.com.br\/index.php?rest_route=\/wp\/v2\/posts\/2452\/revisions"}],"wp:attachment":[{"href":"https:\/\/blogdobispo.com.br\/index.php?rest_route=%2Fwp%2Fv2%2Fmedia&parent=2452"}],"wp:term":[{"taxonomy":"category","embeddable":true,"href":"https:\/\/blogdobispo.com.br\/index.php?rest_route=%2Fwp%2Fv2%2Fcategories&post=2452"},{"taxonomy":"post_tag","embeddable":true,"href":"https:\/\/blogdobispo.com.br\/index.php?rest_route=%2Fwp%2Fv2%2Ftags&post=2452"}],"curies":[{"name":"wp","href":"https:\/\/api.w.org\/{rel}","templated":true}]}}