{"id":2450,"date":"2023-12-23T00:14:15","date_gmt":"2023-12-23T00:14:15","guid":{"rendered":"https:\/\/blogdobispo.com.br\/?p=2450"},"modified":"2023-12-23T00:14:15","modified_gmt":"2023-12-23T00:14:15","slug":"mais-um-projeto-de-lei-de-autoria-do-vereador-preto-aquino-e-aprovado","status":"publish","type":"post","link":"https:\/\/blogdobispo.com.br\/?p=2450","title":{"rendered":"<em>Mais um Projeto de Lei de autoria do Vereador Preto Aquino \u00e9 aprovado<\/em>"},"content":{"rendered":"\n<figure class=\"wp-block-image size-large\"><img data-recalc-dims=\"1\" fetchpriority=\"high\" decoding=\"async\" width=\"800\" height=\"534\" src=\"https:\/\/i0.wp.com\/blogdobispo.com.br\/wp-content\/uploads\/2023\/12\/b2076641-7007-410c-8c7a-dfb02a951783-1-1024x683.jpg?resize=800%2C534&#038;ssl=1\" class=\"wp-image-2449\" srcset=\"https:\/\/i0.wp.com\/blogdobispo.com.br\/wp-content\/uploads\/2023\/12\/b2076641-7007-410c-8c7a-dfb02a951783-1.jpg?resize=1024%2C683&amp;ssl=1 1024w, https:\/\/i0.wp.com\/blogdobispo.com.br\/wp-content\/uploads\/2023\/12\/b2076641-7007-410c-8c7a-dfb02a951783-1.jpg?resize=300%2C200&amp;ssl=1 300w, https:\/\/i0.wp.com\/blogdobispo.com.br\/wp-content\/uploads\/2023\/12\/b2076641-7007-410c-8c7a-dfb02a951783-1.jpg?resize=768%2C512&amp;ssl=1 768w, https:\/\/i0.wp.com\/blogdobispo.com.br\/wp-content\/uploads\/2023\/12\/b2076641-7007-410c-8c7a-dfb02a951783-1.jpg?resize=1536%2C1024&amp;ssl=1 1536w, https:\/\/i0.wp.com\/blogdobispo.com.br\/wp-content\/uploads\/2023\/12\/b2076641-7007-410c-8c7a-dfb02a951783-1.jpg?w=1599&amp;ssl=1 1599w\" sizes=\"(max-width: 800px) 100vw, 800px\" \/><\/figure>\n\n\n\n<p><\/p>\n\n\n\n<p>No \u00faltimo dia 20 a C\u00e2mara Municipal de Natal aprovou o projeto de lei n. 146\/2023 de autoria do Vereador Preto Aquino, que pro\u00edbe a contrata\u00e7\u00e3o de agentes pol\u00edticos para apresenta\u00e7\u00f5es art\u00edsticas em eventos custeados e ou incentivados pelo Poder P\u00fablico Municipal. A medida visa trazer mais transpar\u00eancia e isonomia nas contrata\u00e7\u00f5es art\u00edsticas, considerando que a nossa cidade tem um extenso calend\u00e1rio de eventos subvencionados com recursos p\u00fablicos, de modo que estes eventos devem contar com apresenta\u00e7\u00e3o de artistas que n\u00e3o gozem de nenhuma esp\u00e9cie de influ\u00eancia administrativa, promovendo assim uma concorr\u00eancia leal, na qual o talento e o prest\u00edgio estritamente art\u00edstico devem ser os fatores mais relevantes a serem observados nas contrata\u00e7\u00f5es.<\/p>\n","protected":false},"excerpt":{"rendered":"<p>No \u00faltimo dia 20 a C\u00e2mara Municipal de Natal aprovou o projeto de lei n. 146\/2023 de autoria do Vereador Preto Aquino, que pro\u00edbe a contrata\u00e7\u00e3o de agentes pol\u00edticos para apresenta\u00e7\u00f5es art\u00edsticas em eventos custeados e ou incentivados pelo Poder P\u00fablico Municipal. A medida visa trazer mais transpar\u00eancia e isonomia nas contrata\u00e7\u00f5es art\u00edsticas, considerando que [&hellip;]<\/p>\n","protected":false},"author":1,"featured_media":0,"comment_status":"open","ping_status":"open","sticky":false,"template":"","format":"standard","meta":{"cybocfi_hide_featured_image":"","_jetpack_memberships_contains_paid_content":false,"footnotes":""},"categories":[1],"tags":[],"class_list":["post-2450","post","type-post","status-publish","format-standard","hentry","category-diversos"],"yoast_head":"<!-- This site is optimized with the Yoast SEO plugin v25.6 - https:\/\/yoast.com\/wordpress\/plugins\/seo\/ -->\n<title>Mais um Projeto de Lei de autoria do Vereador Preto Aquino \u00e9 aprovado - Blog do Bispo<\/title>\n<meta name=\"robots\" content=\"index, follow, max-snippet:-1, max-image-preview:large, max-video-preview:-1\" \/>\n<link rel=\"canonical\" href=\"https:\/\/blogdobispo.com.br\/?p=2450\" \/>\n<meta property=\"og:locale\" content=\"pt_BR\" \/>\n<meta property=\"og:type\" content=\"article\" \/>\n<meta property=\"og:title\" content=\"Mais um Projeto de Lei de autoria do Vereador Preto Aquino \u00e9 aprovado - Blog do Bispo\" \/>\n<meta property=\"og:description\" content=\"No \u00faltimo dia 20 a C\u00e2mara Municipal de Natal aprovou o projeto de lei n. 146\/2023 de autoria do Vereador Preto Aquino, que pro\u00edbe a contrata\u00e7\u00e3o de agentes pol\u00edticos para apresenta\u00e7\u00f5es art\u00edsticas em eventos custeados e ou incentivados pelo Poder P\u00fablico Municipal. A medida visa trazer mais transpar\u00eancia e isonomia nas contrata\u00e7\u00f5es art\u00edsticas, considerando que [&hellip;]\" \/>\n<meta property=\"og:url\" content=\"https:\/\/blogdobispo.com.br\/?p=2450\" \/>\n<meta property=\"og:site_name\" content=\"Blog do Bispo\" \/>\n<meta property=\"article:published_time\" content=\"2023-12-23T00:14:15+00:00\" \/>\n<meta property=\"og:image\" content=\"https:\/\/blogdobispo.com.br\/wp-content\/uploads\/2023\/12\/b2076641-7007-410c-8c7a-dfb02a951783-1-1024x683.jpg\" \/>\n<meta name=\"author\" content=\"Jefferson Sterfeno\" \/>\n<meta name=\"twitter:card\" content=\"summary_large_image\" \/>\n<meta name=\"twitter:label1\" content=\"Escrito por\" \/>\n\t<meta name=\"twitter:data1\" content=\"Jefferson Sterfeno\" \/>\n\t<meta name=\"twitter:label2\" content=\"Est. tempo de leitura\" \/>\n\t<meta name=\"twitter:data2\" content=\"1 minuto\" \/>\n<script type=\"application\/ld+json\" class=\"yoast-schema-graph\">{\"@context\":\"https:\/\/schema.org\",\"@graph\":[{\"@type\":\"Article\",\"@id\":\"https:\/\/blogdobispo.com.br\/?p=2450#article\",\"isPartOf\":{\"@id\":\"https:\/\/blogdobispo.com.br\/?p=2450\"},\"author\":{\"name\":\"Jefferson Sterfeno\",\"@id\":\"https:\/\/blogdobispo.com.br\/#\/schema\/person\/e2209cc0e6cea5c5233d033e997b373f\"},\"headline\":\"Mais um Projeto de Lei de autoria do Vereador Preto Aquino \u00e9 aprovado\",\"datePublished\":\"2023-12-23T00:14:15+00:00\",\"mainEntityOfPage\":{\"@id\":\"https:\/\/blogdobispo.com.br\/?p=2450\"},\"wordCount\":143,\"commentCount\":0,\"publisher\":{\"@id\":\"https:\/\/blogdobispo.com.br\/#organization\"},\"image\":{\"@id\":\"https:\/\/blogdobispo.com.br\/?p=2450#primaryimage\"},\"thumbnailUrl\":\"https:\/\/blogdobispo.com.br\/wp-content\/uploads\/2023\/12\/b2076641-7007-410c-8c7a-dfb02a951783-1-1024x683.jpg\",\"articleSection\":[\"diversos\"],\"inLanguage\":\"pt-BR\",\"potentialAction\":[{\"@type\":\"CommentAction\",\"name\":\"Comment\",\"target\":[\"https:\/\/blogdobispo.com.br\/?p=2450#respond\"]}]},{\"@type\":\"WebPage\",\"@id\":\"https:\/\/blogdobispo.com.br\/?p=2450\",\"url\":\"https:\/\/blogdobispo.com.br\/?p=2450\",\"name\":\"Mais um Projeto de Lei de autoria do Vereador Preto Aquino \u00e9 aprovado - Blog do Bispo\",\"isPartOf\":{\"@id\":\"https:\/\/blogdobispo.com.br\/#website\"},\"primaryImageOfPage\":{\"@id\":\"https:\/\/blogdobispo.com.br\/?p=2450#primaryimage\"},\"image\":{\"@id\":\"https:\/\/blogdobispo.com.br\/?p=2450#primaryimage\"},\"thumbnailUrl\":\"https:\/\/blogdobispo.com.br\/wp-content\/uploads\/2023\/12\/b2076641-7007-410c-8c7a-dfb02a951783-1-1024x683.jpg\",\"datePublished\":\"2023-12-23T00:14:15+00:00\",\"breadcrumb\":{\"@id\":\"https:\/\/blogdobispo.com.br\/?p=2450#breadcrumb\"},\"inLanguage\":\"pt-BR\",\"potentialAction\":[{\"@type\":\"ReadAction\",\"target\":[\"https:\/\/blogdobispo.com.br\/?p=2450\"]}]},{\"@type\":\"ImageObject\",\"inLanguage\":\"pt-BR\",\"@id\":\"https:\/\/blogdobispo.com.br\/?p=2450#primaryimage\",\"url\":\"https:\/\/blogdobispo.com.br\/wp-content\/uploads\/2023\/12\/b2076641-7007-410c-8c7a-dfb02a951783-1-1024x683.jpg\",\"contentUrl\":\"https:\/\/blogdobispo.com.br\/wp-content\/uploads\/2023\/12\/b2076641-7007-410c-8c7a-dfb02a951783-1-1024x683.jpg\"},{\"@type\":\"BreadcrumbList\",\"@id\":\"https:\/\/blogdobispo.com.br\/?p=2450#breadcrumb\",\"itemListElement\":[{\"@type\":\"ListItem\",\"position\":1,\"name\":\"In\u00edcio\",\"item\":\"https:\/\/blogdobispo.com.br\/\"},{\"@type\":\"ListItem\",\"position\":2,\"name\":\"Mais um Projeto de Lei de autoria do Vereador Preto Aquino \u00e9 aprovado\"}]},{\"@type\":\"WebSite\",\"@id\":\"https:\/\/blogdobispo.com.br\/#website\",\"url\":\"https:\/\/blogdobispo.com.br\/\",\"name\":\"Blog do Bispo\",\"description\":\"Comprometido apenas com o leitor\",\"publisher\":{\"@id\":\"https:\/\/blogdobispo.com.br\/#organization\"},\"potentialAction\":[{\"@type\":\"SearchAction\",\"target\":{\"@type\":\"EntryPoint\",\"urlTemplate\":\"https:\/\/blogdobispo.com.br\/?s={search_term_string}\"},\"query-input\":{\"@type\":\"PropertyValueSpecification\",\"valueRequired\":true,\"valueName\":\"search_term_string\"}}],\"inLanguage\":\"pt-BR\"},{\"@type\":\"Organization\",\"@id\":\"https:\/\/blogdobispo.com.br\/#organization\",\"name\":\"Blog do Bispo\",\"url\":\"https:\/\/blogdobispo.com.br\/\",\"logo\":{\"@type\":\"ImageObject\",\"inLanguage\":\"pt-BR\",\"@id\":\"https:\/\/blogdobispo.com.br\/#\/schema\/logo\/image\/\",\"url\":\"http:\/\/blogdobispo.com.br\/wp-content\/uploads\/2023\/05\/cropped-headear.png\",\"contentUrl\":\"http:\/\/blogdobispo.com.br\/wp-content\/uploads\/2023\/05\/cropped-headear.png\",\"width\":1500,\"height\":399,\"caption\":\"Blog do Bispo\"},\"image\":{\"@id\":\"https:\/\/blogdobispo.com.br\/#\/schema\/logo\/image\/\"}},{\"@type\":\"Person\",\"@id\":\"https:\/\/blogdobispo.com.br\/#\/schema\/person\/e2209cc0e6cea5c5233d033e997b373f\",\"name\":\"Jefferson Sterfeno\",\"image\":{\"@type\":\"ImageObject\",\"inLanguage\":\"pt-BR\",\"@id\":\"https:\/\/blogdobispo.com.br\/#\/schema\/person\/image\/\",\"url\":\"https:\/\/secure.gravatar.com\/avatar\/0534e84764641168a677026b6d57a3f51dc7ac4db0b4f6186d9cb330d4ee1160?s=96&d=mm&r=g\",\"contentUrl\":\"https:\/\/secure.gravatar.com\/avatar\/0534e84764641168a677026b6d57a3f51dc7ac4db0b4f6186d9cb330d4ee1160?s=96&d=mm&r=g\",\"caption\":\"Jefferson Sterfeno\"},\"sameAs\":[\"http:\/\/blogdobispo.com.br\"],\"url\":\"https:\/\/blogdobispo.com.br\/?author=1\"}]}<\/script>\n<!-- \/ Yoast SEO plugin. -->","yoast_head_json":{"title":"Mais um Projeto de Lei de autoria do Vereador Preto Aquino \u00e9 aprovado - Blog do Bispo","robots":{"index":"index","follow":"follow","max-snippet":"max-snippet:-1","max-image-preview":"max-image-preview:large","max-video-preview":"max-video-preview:-1"},"canonical":"https:\/\/blogdobispo.com.br\/?p=2450","og_locale":"pt_BR","og_type":"article","og_title":"Mais um Projeto de Lei de autoria do Vereador Preto Aquino \u00e9 aprovado - Blog do Bispo","og_description":"No \u00faltimo dia 20 a C\u00e2mara Municipal de Natal aprovou o projeto de lei n. 146\/2023 de autoria do Vereador Preto Aquino, que pro\u00edbe a contrata\u00e7\u00e3o de agentes pol\u00edticos para apresenta\u00e7\u00f5es art\u00edsticas em eventos custeados e ou incentivados pelo Poder P\u00fablico Municipal. A medida visa trazer mais transpar\u00eancia e isonomia nas contrata\u00e7\u00f5es art\u00edsticas, considerando que [&hellip;]","og_url":"https:\/\/blogdobispo.com.br\/?p=2450","og_site_name":"Blog do Bispo","article_published_time":"2023-12-23T00:14:15+00:00","og_image":[{"url":"https:\/\/blogdobispo.com.br\/wp-content\/uploads\/2023\/12\/b2076641-7007-410c-8c7a-dfb02a951783-1-1024x683.jpg","type":"","width":"","height":""}],"author":"Jefferson Sterfeno","twitter_card":"summary_large_image","twitter_misc":{"Escrito por":"Jefferson Sterfeno","Est. tempo de leitura":"1 minuto"},"schema":{"@context":"https:\/\/schema.org","@graph":[{"@type":"Article","@id":"https:\/\/blogdobispo.com.br\/?p=2450#article","isPartOf":{"@id":"https:\/\/blogdobispo.com.br\/?p=2450"},"author":{"name":"Jefferson Sterfeno","@id":"https:\/\/blogdobispo.com.br\/#\/schema\/person\/e2209cc0e6cea5c5233d033e997b373f"},"headline":"Mais um Projeto de Lei de autoria do Vereador Preto Aquino \u00e9 aprovado","datePublished":"2023-12-23T00:14:15+00:00","mainEntityOfPage":{"@id":"https:\/\/blogdobispo.com.br\/?p=2450"},"wordCount":143,"commentCount":0,"publisher":{"@id":"https:\/\/blogdobispo.com.br\/#organization"},"image":{"@id":"https:\/\/blogdobispo.com.br\/?p=2450#primaryimage"},"thumbnailUrl":"https:\/\/blogdobispo.com.br\/wp-content\/uploads\/2023\/12\/b2076641-7007-410c-8c7a-dfb02a951783-1-1024x683.jpg","articleSection":["diversos"],"inLanguage":"pt-BR","potentialAction":[{"@type":"CommentAction","name":"Comment","target":["https:\/\/blogdobispo.com.br\/?p=2450#respond"]}]},{"@type":"WebPage","@id":"https:\/\/blogdobispo.com.br\/?p=2450","url":"https:\/\/blogdobispo.com.br\/?p=2450","name":"Mais um Projeto de Lei de autoria do Vereador Preto Aquino \u00e9 aprovado - Blog do Bispo","isPartOf":{"@id":"https:\/\/blogdobispo.com.br\/#website"},"primaryImageOfPage":{"@id":"https:\/\/blogdobispo.com.br\/?p=2450#primaryimage"},"image":{"@id":"https:\/\/blogdobispo.com.br\/?p=2450#primaryimage"},"thumbnailUrl":"https:\/\/blogdobispo.com.br\/wp-content\/uploads\/2023\/12\/b2076641-7007-410c-8c7a-dfb02a951783-1-1024x683.jpg","datePublished":"2023-12-23T00:14:15+00:00","breadcrumb":{"@id":"https:\/\/blogdobispo.com.br\/?p=2450#breadcrumb"},"inLanguage":"pt-BR","potentialAction":[{"@type":"ReadAction","target":["https:\/\/blogdobispo.com.br\/?p=2450"]}]},{"@type":"ImageObject","inLanguage":"pt-BR","@id":"https:\/\/blogdobispo.com.br\/?p=2450#primaryimage","url":"https:\/\/blogdobispo.com.br\/wp-content\/uploads\/2023\/12\/b2076641-7007-410c-8c7a-dfb02a951783-1-1024x683.jpg","contentUrl":"https:\/\/blogdobispo.com.br\/wp-content\/uploads\/2023\/12\/b2076641-7007-410c-8c7a-dfb02a951783-1-1024x683.jpg"},{"@type":"BreadcrumbList","@id":"https:\/\/blogdobispo.com.br\/?p=2450#breadcrumb","itemListElement":[{"@type":"ListItem","position":1,"name":"In\u00edcio","item":"https:\/\/blogdobispo.com.br\/"},{"@type":"ListItem","position":2,"name":"Mais um Projeto de Lei de autoria do Vereador Preto Aquino \u00e9 aprovado"}]},{"@type":"WebSite","@id":"https:\/\/blogdobispo.com.br\/#website","url":"https:\/\/blogdobispo.com.br\/","name":"Blog do Bispo","description":"Comprometido apenas com o leitor","publisher":{"@id":"https:\/\/blogdobispo.com.br\/#organization"},"potentialAction":[{"@type":"SearchAction","target":{"@type":"EntryPoint","urlTemplate":"https:\/\/blogdobispo.com.br\/?s={search_term_string}"},"query-input":{"@type":"PropertyValueSpecification","valueRequired":true,"valueName":"search_term_string"}}],"inLanguage":"pt-BR"},{"@type":"Organization","@id":"https:\/\/blogdobispo.com.br\/#organization","name":"Blog do Bispo","url":"https:\/\/blogdobispo.com.br\/","logo":{"@type":"ImageObject","inLanguage":"pt-BR","@id":"https:\/\/blogdobispo.com.br\/#\/schema\/logo\/image\/","url":"http:\/\/blogdobispo.com.br\/wp-content\/uploads\/2023\/05\/cropped-headear.png","contentUrl":"http:\/\/blogdobispo.com.br\/wp-content\/uploads\/2023\/05\/cropped-headear.png","width":1500,"height":399,"caption":"Blog do Bispo"},"image":{"@id":"https:\/\/blogdobispo.com.br\/#\/schema\/logo\/image\/"}},{"@type":"Person","@id":"https:\/\/blogdobispo.com.br\/#\/schema\/person\/e2209cc0e6cea5c5233d033e997b373f","name":"Jefferson Sterfeno","image":{"@type":"ImageObject","inLanguage":"pt-BR","@id":"https:\/\/blogdobispo.com.br\/#\/schema\/person\/image\/","url":"https:\/\/secure.gravatar.com\/avatar\/0534e84764641168a677026b6d57a3f51dc7ac4db0b4f6186d9cb330d4ee1160?s=96&d=mm&r=g","contentUrl":"https:\/\/secure.gravatar.com\/avatar\/0534e84764641168a677026b6d57a3f51dc7ac4db0b4f6186d9cb330d4ee1160?s=96&d=mm&r=g","caption":"Jefferson Sterfeno"},"sameAs":["http:\/\/blogdobispo.com.br"],"url":"https:\/\/blogdobispo.com.br\/?author=1"}]}},"featured_image_urls":{"full":"","thumbnail":"","medium":"","medium_large":"","large":"","1536x1536":"","2048x2048":""},"author_info":{"display_name":"Jefferson Sterfeno","author_link":"https:\/\/blogdobispo.com.br\/?author=1"},"category_info":"<a href=\"https:\/\/blogdobispo.com.br\/?cat=1\" rel=\"category\">diversos<\/a>","tag_info":"diversos","comment_count":"0","jetpack_featured_media_url":"","jetpack_sharing_enabled":true,"_links":{"self":[{"href":"https:\/\/blogdobispo.com.br\/index.php?rest_route=\/wp\/v2\/posts\/2450","targetHints":{"allow":["GET"]}}],"collection":[{"href":"https:\/\/blogdobispo.com.br\/index.php?rest_route=\/wp\/v2\/posts"}],"about":[{"href":"https:\/\/blogdobispo.com.br\/index.php?rest_route=\/wp\/v2\/types\/post"}],"author":[{"embeddable":true,"href":"https:\/\/blogdobispo.com.br\/index.php?rest_route=\/wp\/v2\/users\/1"}],"replies":[{"embeddable":true,"href":"https:\/\/blogdobispo.com.br\/index.php?rest_route=%2Fwp%2Fv2%2Fcomments&post=2450"}],"version-history":[{"count":0,"href":"https:\/\/blogdobispo.com.br\/index.php?rest_route=\/wp\/v2\/posts\/2450\/revisions"}],"wp:attachment":[{"href":"https:\/\/blogdobispo.com.br\/index.php?rest_route=%2Fwp%2Fv2%2Fmedia&parent=2450"}],"wp:term":[{"taxonomy":"category","embeddable":true,"href":"https:\/\/blogdobispo.com.br\/index.php?rest_route=%2Fwp%2Fv2%2Fcategories&post=2450"},{"taxonomy":"post_tag","embeddable":true,"href":"https:\/\/blogdobispo.com.br\/index.php?rest_route=%2Fwp%2Fv2%2Ftags&post=2450"}],"curies":[{"name":"wp","href":"https:\/\/api.w.org\/{rel}","templated":true}]}}