{"id":2444,"date":"2023-12-21T14:31:34","date_gmt":"2023-12-21T14:31:34","guid":{"rendered":"https:\/\/blogdobispo.com.br\/?p=2444"},"modified":"2023-12-21T14:31:34","modified_gmt":"2023-12-21T14:31:34","slug":"natal-da-inclusao-oferecera-brincadeiras-gratuitas-nesta-quinta","status":"publish","type":"post","link":"https:\/\/blogdobispo.com.br\/?p=2444","title":{"rendered":"<em>Natal da Inclus\u00e3o oferecer\u00e1 brincadeiras gratuitas nesta quinta<\/em>"},"content":{"rendered":"\n<figure class=\"wp-block-image size-large\"><img data-recalc-dims=\"1\" fetchpriority=\"high\" decoding=\"async\" width=\"627\" height=\"489\" src=\"https:\/\/i0.wp.com\/blogdobispo.com.br\/wp-content\/uploads\/2023\/12\/a4b6dfbd-d451-4edf-857f-4340b84ee616-1.jpg?resize=627%2C489&#038;ssl=1\" class=\"wp-image-2443\" srcset=\"https:\/\/i0.wp.com\/blogdobispo.com.br\/wp-content\/uploads\/2023\/12\/a4b6dfbd-d451-4edf-857f-4340b84ee616-1.jpg?w=627&amp;ssl=1 627w, https:\/\/i0.wp.com\/blogdobispo.com.br\/wp-content\/uploads\/2023\/12\/a4b6dfbd-d451-4edf-857f-4340b84ee616-1.jpg?resize=300%2C234&amp;ssl=1 300w\" sizes=\"(max-width: 627px) 100vw, 627px\" \/><\/figure>\n\n\n\n<p><\/p>\n\n\n\n<p>Os organizadores do &#8220;Natal da Inclus\u00e3o&#8221;, que acontecer\u00e1 no Bosque das Mangueiras, em Lagoa Nova, nesta quinta-feira (21), garantem muita magia para crian\u00e7as e adultos. Marcado para iniciar \u00e0s 16 horas, o evento respeitar\u00e1 os limites sensoriais e f\u00edsicos para acolher pessoas com defici\u00eancia, especialmente as invis\u00edveis, como Transtorno do Espectro Autista (TEA).<\/p>\n\n\n\n<p>O evento ter\u00e1 as cantoras Nara Costa e Jamilly e a Caixinha de M\u00fasica, Orquestra do Pap\u00e3o e m\u00e1gico Rian Razzani, al\u00e9m de casinha de papai noel, decora\u00e7\u00e3o natalina, coral de crian\u00e7as autistas da Abaped, pra\u00e7a de alimenta\u00e7\u00e3o, artesanatos, al\u00e9m de atividades gratuitas com o Radical Inclus\u00e3o (com rapel, escalada e falsa baiana), sala de estabiliza\u00e7\u00e3o para regula\u00e7\u00f5es em poss\u00edveis crises e brinquedos infl\u00e1veis.<\/p>\n\n\n\n<p>A Prefeitura distribuir\u00e1 mudas, atrav\u00e9s do &#8220;Planta Natal&#8221;, far\u00e1 carteiras da Pessoa com Defici\u00eancia (PcD), pela Secretaria de Esporte e Lazer (SEL), e cart\u00f5es de estacionamento para pessoas idosas e com defici\u00eancia, pela Secretaria de Mobilidade Urbana (STTU). Al\u00e9m disso, o 1\u00ba Natal da Inclus\u00e3o tamb\u00e9m oportunizar\u00e1 a obten\u00e7\u00e3o de renda extra a fam\u00edlias at\u00edpicas, j\u00e1 que v\u00e1rios pais e\/ou m\u00e3es abrem m\u00e3o de carreiras que exigem trabalhos presenciais pela necessidade de acompanhar tratamentos de familiares com defici\u00eancias.<\/p>\n\n\n\n<p>\u201cNeste projeto, contribu\u00edmos na luta por direitos iguais para todos. Ficamos felizes que a Band RN abra\u00e7ou nossa a\u00e7\u00e3o\u201d, explica o vereador Dickson J\u00fanior, que \u00e9 pai de crian\u00e7a autista e vice-presidente da Comiss\u00e3o de Defesa dos Direitos das Pessoas com Defici\u00eancia e Mobilidade Reduzida, da C\u00e2mara de Natal. \u201cFaremos mais uma grande celebra\u00e7\u00e3o que reforce o respeito e empatia \u00e0s pessoas com defici\u00eancia. Mesmo buscando atender as necessidades PcD, \u00e9 um evento aberto ao p\u00fablico em geral\u201d, enfatiza Hemerson Macedo, da Abaped.<\/p>\n\n\n\n<p>Realizado pela Prefeitura do Natal, Mandato Cidad\u00e3o, do vereador Dickson J\u00fanior, e a Associa\u00e7\u00e3o Brasileira de Apoio \u00e0 Pessoa com Defici\u00eancia (Abaped), a festa abre o \u201cNatal no Bosque\u201d, um grande evento promovido pela Band RN nos dias 21, 22 e 23 no \u201cNatal em Natal\u201d.<\/p>\n\n\n\n<p>PROGRAMA\u00c7\u00c3O NATAL DA INCLUS\u00c3O<br>16h30 &#8211; Coral da Abaped<br>17h \u00e0s 18h &#8211; M\u00e1gico Rian<br>18h \u00e0s 19h &#8211; Nara Costa<br>19h &#8211; Chegada do Papai Noel com Orquestra do Pap\u00e3o<br>19h30 \u00e0s 21h &#8211; Jamilly e a caixinha de m\u00fasica<\/p>\n","protected":false},"excerpt":{"rendered":"<p>Os organizadores do &#8220;Natal da Inclus\u00e3o&#8221;, que acontecer\u00e1 no Bosque das Mangueiras, em Lagoa Nova, nesta quinta-feira (21), garantem muita magia para crian\u00e7as e adultos. Marcado para iniciar \u00e0s 16 horas, o evento respeitar\u00e1 os limites sensoriais e f\u00edsicos para acolher pessoas com defici\u00eancia, especialmente as invis\u00edveis, como Transtorno do Espectro Autista (TEA). O evento [&hellip;]<\/p>\n","protected":false},"author":1,"featured_media":0,"comment_status":"open","ping_status":"open","sticky":false,"template":"","format":"standard","meta":{"cybocfi_hide_featured_image":"","_jetpack_memberships_contains_paid_content":false,"footnotes":""},"categories":[1],"tags":[],"class_list":["post-2444","post","type-post","status-publish","format-standard","hentry","category-diversos"],"yoast_head":"<!-- This site is optimized with the Yoast SEO plugin v25.6 - https:\/\/yoast.com\/wordpress\/plugins\/seo\/ -->\n<title>Natal da Inclus\u00e3o oferecer\u00e1 brincadeiras gratuitas nesta quinta - Blog do Bispo<\/title>\n<meta name=\"robots\" content=\"index, follow, max-snippet:-1, max-image-preview:large, max-video-preview:-1\" \/>\n<link rel=\"canonical\" href=\"https:\/\/blogdobispo.com.br\/?p=2444\" \/>\n<meta property=\"og:locale\" content=\"pt_BR\" \/>\n<meta property=\"og:type\" content=\"article\" \/>\n<meta property=\"og:title\" content=\"Natal da Inclus\u00e3o oferecer\u00e1 brincadeiras gratuitas nesta quinta - Blog do Bispo\" \/>\n<meta property=\"og:description\" content=\"Os organizadores do &#8220;Natal da Inclus\u00e3o&#8221;, que acontecer\u00e1 no Bosque das Mangueiras, em Lagoa Nova, nesta quinta-feira (21), garantem muita magia para crian\u00e7as e adultos. Marcado para iniciar \u00e0s 16 horas, o evento respeitar\u00e1 os limites sensoriais e f\u00edsicos para acolher pessoas com defici\u00eancia, especialmente as invis\u00edveis, como Transtorno do Espectro Autista (TEA). O evento [&hellip;]\" \/>\n<meta property=\"og:url\" content=\"https:\/\/blogdobispo.com.br\/?p=2444\" \/>\n<meta property=\"og:site_name\" content=\"Blog do Bispo\" \/>\n<meta property=\"article:published_time\" content=\"2023-12-21T14:31:34+00:00\" \/>\n<meta property=\"og:image\" content=\"https:\/\/blogdobispo.com.br\/wp-content\/uploads\/2023\/12\/a4b6dfbd-d451-4edf-857f-4340b84ee616-1.jpg\" \/>\n<meta name=\"author\" content=\"Jefferson Sterfeno\" \/>\n<meta name=\"twitter:card\" content=\"summary_large_image\" \/>\n<meta name=\"twitter:label1\" content=\"Escrito por\" \/>\n\t<meta name=\"twitter:data1\" content=\"Jefferson Sterfeno\" \/>\n\t<meta name=\"twitter:label2\" content=\"Est. tempo de leitura\" \/>\n\t<meta name=\"twitter:data2\" content=\"2 minutos\" \/>\n<script type=\"application\/ld+json\" class=\"yoast-schema-graph\">{\"@context\":\"https:\/\/schema.org\",\"@graph\":[{\"@type\":\"Article\",\"@id\":\"https:\/\/blogdobispo.com.br\/?p=2444#article\",\"isPartOf\":{\"@id\":\"https:\/\/blogdobispo.com.br\/?p=2444\"},\"author\":{\"name\":\"Jefferson Sterfeno\",\"@id\":\"https:\/\/blogdobispo.com.br\/#\/schema\/person\/e2209cc0e6cea5c5233d033e997b373f\"},\"headline\":\"Natal da Inclus\u00e3o oferecer\u00e1 brincadeiras gratuitas nesta quinta\",\"datePublished\":\"2023-12-21T14:31:34+00:00\",\"mainEntityOfPage\":{\"@id\":\"https:\/\/blogdobispo.com.br\/?p=2444\"},\"wordCount\":419,\"commentCount\":0,\"publisher\":{\"@id\":\"https:\/\/blogdobispo.com.br\/#organization\"},\"image\":{\"@id\":\"https:\/\/blogdobispo.com.br\/?p=2444#primaryimage\"},\"thumbnailUrl\":\"https:\/\/blogdobispo.com.br\/wp-content\/uploads\/2023\/12\/a4b6dfbd-d451-4edf-857f-4340b84ee616-1.jpg\",\"articleSection\":[\"diversos\"],\"inLanguage\":\"pt-BR\",\"potentialAction\":[{\"@type\":\"CommentAction\",\"name\":\"Comment\",\"target\":[\"https:\/\/blogdobispo.com.br\/?p=2444#respond\"]}]},{\"@type\":\"WebPage\",\"@id\":\"https:\/\/blogdobispo.com.br\/?p=2444\",\"url\":\"https:\/\/blogdobispo.com.br\/?p=2444\",\"name\":\"Natal da Inclus\u00e3o oferecer\u00e1 brincadeiras gratuitas nesta quinta - Blog do Bispo\",\"isPartOf\":{\"@id\":\"https:\/\/blogdobispo.com.br\/#website\"},\"primaryImageOfPage\":{\"@id\":\"https:\/\/blogdobispo.com.br\/?p=2444#primaryimage\"},\"image\":{\"@id\":\"https:\/\/blogdobispo.com.br\/?p=2444#primaryimage\"},\"thumbnailUrl\":\"https:\/\/blogdobispo.com.br\/wp-content\/uploads\/2023\/12\/a4b6dfbd-d451-4edf-857f-4340b84ee616-1.jpg\",\"datePublished\":\"2023-12-21T14:31:34+00:00\",\"breadcrumb\":{\"@id\":\"https:\/\/blogdobispo.com.br\/?p=2444#breadcrumb\"},\"inLanguage\":\"pt-BR\",\"potentialAction\":[{\"@type\":\"ReadAction\",\"target\":[\"https:\/\/blogdobispo.com.br\/?p=2444\"]}]},{\"@type\":\"ImageObject\",\"inLanguage\":\"pt-BR\",\"@id\":\"https:\/\/blogdobispo.com.br\/?p=2444#primaryimage\",\"url\":\"https:\/\/blogdobispo.com.br\/wp-content\/uploads\/2023\/12\/a4b6dfbd-d451-4edf-857f-4340b84ee616-1.jpg\",\"contentUrl\":\"https:\/\/blogdobispo.com.br\/wp-content\/uploads\/2023\/12\/a4b6dfbd-d451-4edf-857f-4340b84ee616-1.jpg\"},{\"@type\":\"BreadcrumbList\",\"@id\":\"https:\/\/blogdobispo.com.br\/?p=2444#breadcrumb\",\"itemListElement\":[{\"@type\":\"ListItem\",\"position\":1,\"name\":\"In\u00edcio\",\"item\":\"https:\/\/blogdobispo.com.br\/\"},{\"@type\":\"ListItem\",\"position\":2,\"name\":\"Natal da Inclus\u00e3o oferecer\u00e1 brincadeiras gratuitas nesta quinta\"}]},{\"@type\":\"WebSite\",\"@id\":\"https:\/\/blogdobispo.com.br\/#website\",\"url\":\"https:\/\/blogdobispo.com.br\/\",\"name\":\"Blog do Bispo\",\"description\":\"Comprometido apenas com o leitor\",\"publisher\":{\"@id\":\"https:\/\/blogdobispo.com.br\/#organization\"},\"potentialAction\":[{\"@type\":\"SearchAction\",\"target\":{\"@type\":\"EntryPoint\",\"urlTemplate\":\"https:\/\/blogdobispo.com.br\/?s={search_term_string}\"},\"query-input\":{\"@type\":\"PropertyValueSpecification\",\"valueRequired\":true,\"valueName\":\"search_term_string\"}}],\"inLanguage\":\"pt-BR\"},{\"@type\":\"Organization\",\"@id\":\"https:\/\/blogdobispo.com.br\/#organization\",\"name\":\"Blog do Bispo\",\"url\":\"https:\/\/blogdobispo.com.br\/\",\"logo\":{\"@type\":\"ImageObject\",\"inLanguage\":\"pt-BR\",\"@id\":\"https:\/\/blogdobispo.com.br\/#\/schema\/logo\/image\/\",\"url\":\"http:\/\/blogdobispo.com.br\/wp-content\/uploads\/2023\/05\/cropped-headear.png\",\"contentUrl\":\"http:\/\/blogdobispo.com.br\/wp-content\/uploads\/2023\/05\/cropped-headear.png\",\"width\":1500,\"height\":399,\"caption\":\"Blog do Bispo\"},\"image\":{\"@id\":\"https:\/\/blogdobispo.com.br\/#\/schema\/logo\/image\/\"}},{\"@type\":\"Person\",\"@id\":\"https:\/\/blogdobispo.com.br\/#\/schema\/person\/e2209cc0e6cea5c5233d033e997b373f\",\"name\":\"Jefferson Sterfeno\",\"image\":{\"@type\":\"ImageObject\",\"inLanguage\":\"pt-BR\",\"@id\":\"https:\/\/blogdobispo.com.br\/#\/schema\/person\/image\/\",\"url\":\"https:\/\/secure.gravatar.com\/avatar\/0534e84764641168a677026b6d57a3f51dc7ac4db0b4f6186d9cb330d4ee1160?s=96&d=mm&r=g\",\"contentUrl\":\"https:\/\/secure.gravatar.com\/avatar\/0534e84764641168a677026b6d57a3f51dc7ac4db0b4f6186d9cb330d4ee1160?s=96&d=mm&r=g\",\"caption\":\"Jefferson Sterfeno\"},\"sameAs\":[\"http:\/\/blogdobispo.com.br\"],\"url\":\"https:\/\/blogdobispo.com.br\/?author=1\"}]}<\/script>\n<!-- \/ Yoast SEO plugin. -->","yoast_head_json":{"title":"Natal da Inclus\u00e3o oferecer\u00e1 brincadeiras gratuitas nesta quinta - Blog do Bispo","robots":{"index":"index","follow":"follow","max-snippet":"max-snippet:-1","max-image-preview":"max-image-preview:large","max-video-preview":"max-video-preview:-1"},"canonical":"https:\/\/blogdobispo.com.br\/?p=2444","og_locale":"pt_BR","og_type":"article","og_title":"Natal da Inclus\u00e3o oferecer\u00e1 brincadeiras gratuitas nesta quinta - Blog do Bispo","og_description":"Os organizadores do &#8220;Natal da Inclus\u00e3o&#8221;, que acontecer\u00e1 no Bosque das Mangueiras, em Lagoa Nova, nesta quinta-feira (21), garantem muita magia para crian\u00e7as e adultos. Marcado para iniciar \u00e0s 16 horas, o evento respeitar\u00e1 os limites sensoriais e f\u00edsicos para acolher pessoas com defici\u00eancia, especialmente as invis\u00edveis, como Transtorno do Espectro Autista (TEA). O evento [&hellip;]","og_url":"https:\/\/blogdobispo.com.br\/?p=2444","og_site_name":"Blog do Bispo","article_published_time":"2023-12-21T14:31:34+00:00","og_image":[{"url":"https:\/\/blogdobispo.com.br\/wp-content\/uploads\/2023\/12\/a4b6dfbd-d451-4edf-857f-4340b84ee616-1.jpg","type":"","width":"","height":""}],"author":"Jefferson Sterfeno","twitter_card":"summary_large_image","twitter_misc":{"Escrito por":"Jefferson Sterfeno","Est. tempo de leitura":"2 minutos"},"schema":{"@context":"https:\/\/schema.org","@graph":[{"@type":"Article","@id":"https:\/\/blogdobispo.com.br\/?p=2444#article","isPartOf":{"@id":"https:\/\/blogdobispo.com.br\/?p=2444"},"author":{"name":"Jefferson Sterfeno","@id":"https:\/\/blogdobispo.com.br\/#\/schema\/person\/e2209cc0e6cea5c5233d033e997b373f"},"headline":"Natal da Inclus\u00e3o oferecer\u00e1 brincadeiras gratuitas nesta quinta","datePublished":"2023-12-21T14:31:34+00:00","mainEntityOfPage":{"@id":"https:\/\/blogdobispo.com.br\/?p=2444"},"wordCount":419,"commentCount":0,"publisher":{"@id":"https:\/\/blogdobispo.com.br\/#organization"},"image":{"@id":"https:\/\/blogdobispo.com.br\/?p=2444#primaryimage"},"thumbnailUrl":"https:\/\/blogdobispo.com.br\/wp-content\/uploads\/2023\/12\/a4b6dfbd-d451-4edf-857f-4340b84ee616-1.jpg","articleSection":["diversos"],"inLanguage":"pt-BR","potentialAction":[{"@type":"CommentAction","name":"Comment","target":["https:\/\/blogdobispo.com.br\/?p=2444#respond"]}]},{"@type":"WebPage","@id":"https:\/\/blogdobispo.com.br\/?p=2444","url":"https:\/\/blogdobispo.com.br\/?p=2444","name":"Natal da Inclus\u00e3o oferecer\u00e1 brincadeiras gratuitas nesta quinta - Blog do Bispo","isPartOf":{"@id":"https:\/\/blogdobispo.com.br\/#website"},"primaryImageOfPage":{"@id":"https:\/\/blogdobispo.com.br\/?p=2444#primaryimage"},"image":{"@id":"https:\/\/blogdobispo.com.br\/?p=2444#primaryimage"},"thumbnailUrl":"https:\/\/blogdobispo.com.br\/wp-content\/uploads\/2023\/12\/a4b6dfbd-d451-4edf-857f-4340b84ee616-1.jpg","datePublished":"2023-12-21T14:31:34+00:00","breadcrumb":{"@id":"https:\/\/blogdobispo.com.br\/?p=2444#breadcrumb"},"inLanguage":"pt-BR","potentialAction":[{"@type":"ReadAction","target":["https:\/\/blogdobispo.com.br\/?p=2444"]}]},{"@type":"ImageObject","inLanguage":"pt-BR","@id":"https:\/\/blogdobispo.com.br\/?p=2444#primaryimage","url":"https:\/\/blogdobispo.com.br\/wp-content\/uploads\/2023\/12\/a4b6dfbd-d451-4edf-857f-4340b84ee616-1.jpg","contentUrl":"https:\/\/blogdobispo.com.br\/wp-content\/uploads\/2023\/12\/a4b6dfbd-d451-4edf-857f-4340b84ee616-1.jpg"},{"@type":"BreadcrumbList","@id":"https:\/\/blogdobispo.com.br\/?p=2444#breadcrumb","itemListElement":[{"@type":"ListItem","position":1,"name":"In\u00edcio","item":"https:\/\/blogdobispo.com.br\/"},{"@type":"ListItem","position":2,"name":"Natal da Inclus\u00e3o oferecer\u00e1 brincadeiras gratuitas nesta quinta"}]},{"@type":"WebSite","@id":"https:\/\/blogdobispo.com.br\/#website","url":"https:\/\/blogdobispo.com.br\/","name":"Blog do Bispo","description":"Comprometido apenas com o leitor","publisher":{"@id":"https:\/\/blogdobispo.com.br\/#organization"},"potentialAction":[{"@type":"SearchAction","target":{"@type":"EntryPoint","urlTemplate":"https:\/\/blogdobispo.com.br\/?s={search_term_string}"},"query-input":{"@type":"PropertyValueSpecification","valueRequired":true,"valueName":"search_term_string"}}],"inLanguage":"pt-BR"},{"@type":"Organization","@id":"https:\/\/blogdobispo.com.br\/#organization","name":"Blog do Bispo","url":"https:\/\/blogdobispo.com.br\/","logo":{"@type":"ImageObject","inLanguage":"pt-BR","@id":"https:\/\/blogdobispo.com.br\/#\/schema\/logo\/image\/","url":"http:\/\/blogdobispo.com.br\/wp-content\/uploads\/2023\/05\/cropped-headear.png","contentUrl":"http:\/\/blogdobispo.com.br\/wp-content\/uploads\/2023\/05\/cropped-headear.png","width":1500,"height":399,"caption":"Blog do Bispo"},"image":{"@id":"https:\/\/blogdobispo.com.br\/#\/schema\/logo\/image\/"}},{"@type":"Person","@id":"https:\/\/blogdobispo.com.br\/#\/schema\/person\/e2209cc0e6cea5c5233d033e997b373f","name":"Jefferson Sterfeno","image":{"@type":"ImageObject","inLanguage":"pt-BR","@id":"https:\/\/blogdobispo.com.br\/#\/schema\/person\/image\/","url":"https:\/\/secure.gravatar.com\/avatar\/0534e84764641168a677026b6d57a3f51dc7ac4db0b4f6186d9cb330d4ee1160?s=96&d=mm&r=g","contentUrl":"https:\/\/secure.gravatar.com\/avatar\/0534e84764641168a677026b6d57a3f51dc7ac4db0b4f6186d9cb330d4ee1160?s=96&d=mm&r=g","caption":"Jefferson Sterfeno"},"sameAs":["http:\/\/blogdobispo.com.br"],"url":"https:\/\/blogdobispo.com.br\/?author=1"}]}},"featured_image_urls":{"full":"","thumbnail":"","medium":"","medium_large":"","large":"","1536x1536":"","2048x2048":""},"author_info":{"display_name":"Jefferson Sterfeno","author_link":"https:\/\/blogdobispo.com.br\/?author=1"},"category_info":"<a href=\"https:\/\/blogdobispo.com.br\/?cat=1\" rel=\"category\">diversos<\/a>","tag_info":"diversos","comment_count":"0","jetpack_featured_media_url":"","jetpack_sharing_enabled":true,"_links":{"self":[{"href":"https:\/\/blogdobispo.com.br\/index.php?rest_route=\/wp\/v2\/posts\/2444","targetHints":{"allow":["GET"]}}],"collection":[{"href":"https:\/\/blogdobispo.com.br\/index.php?rest_route=\/wp\/v2\/posts"}],"about":[{"href":"https:\/\/blogdobispo.com.br\/index.php?rest_route=\/wp\/v2\/types\/post"}],"author":[{"embeddable":true,"href":"https:\/\/blogdobispo.com.br\/index.php?rest_route=\/wp\/v2\/users\/1"}],"replies":[{"embeddable":true,"href":"https:\/\/blogdobispo.com.br\/index.php?rest_route=%2Fwp%2Fv2%2Fcomments&post=2444"}],"version-history":[{"count":0,"href":"https:\/\/blogdobispo.com.br\/index.php?rest_route=\/wp\/v2\/posts\/2444\/revisions"}],"wp:attachment":[{"href":"https:\/\/blogdobispo.com.br\/index.php?rest_route=%2Fwp%2Fv2%2Fmedia&parent=2444"}],"wp:term":[{"taxonomy":"category","embeddable":true,"href":"https:\/\/blogdobispo.com.br\/index.php?rest_route=%2Fwp%2Fv2%2Fcategories&post=2444"},{"taxonomy":"post_tag","embeddable":true,"href":"https:\/\/blogdobispo.com.br\/index.php?rest_route=%2Fwp%2Fv2%2Ftags&post=2444"}],"curies":[{"name":"wp","href":"https:\/\/api.w.org\/{rel}","templated":true}]}}