{"id":2380,"date":"2023-12-12T16:28:45","date_gmt":"2023-12-12T16:28:45","guid":{"rendered":"https:\/\/blogdobispo.com.br\/?p=2380"},"modified":"2023-12-12T16:28:45","modified_gmt":"2023-12-12T16:28:45","slug":"presidente-da-camara-municipal-de-natal-eriko-jacome-recebe-premio-parlamento-empreendedor","status":"publish","type":"post","link":"https:\/\/blogdobispo.com.br\/?p=2380","title":{"rendered":"<em>Presidente da C\u00e2mara Municipal de Natal, Eriko J\u00e1come, Recebe Pr\u00eamio Parlamento Empreendedor<\/em>"},"content":{"rendered":"\n<figure class=\"wp-block-image size-large\"><img data-recalc-dims=\"1\" fetchpriority=\"high\" decoding=\"async\" width=\"785\" height=\"1024\" src=\"https:\/\/i0.wp.com\/blogdobispo.com.br\/wp-content\/uploads\/2023\/12\/2f33f120-f1b6-4bd7-a94f-40494d02d974-1-785x1024.jpg?resize=785%2C1024&#038;ssl=1\" class=\"wp-image-2379\" srcset=\"https:\/\/i0.wp.com\/blogdobispo.com.br\/wp-content\/uploads\/2023\/12\/2f33f120-f1b6-4bd7-a94f-40494d02d974-1.jpg?resize=785%2C1024&amp;ssl=1 785w, https:\/\/i0.wp.com\/blogdobispo.com.br\/wp-content\/uploads\/2023\/12\/2f33f120-f1b6-4bd7-a94f-40494d02d974-1.jpg?resize=230%2C300&amp;ssl=1 230w, https:\/\/i0.wp.com\/blogdobispo.com.br\/wp-content\/uploads\/2023\/12\/2f33f120-f1b6-4bd7-a94f-40494d02d974-1.jpg?resize=768%2C1002&amp;ssl=1 768w, https:\/\/i0.wp.com\/blogdobispo.com.br\/wp-content\/uploads\/2023\/12\/2f33f120-f1b6-4bd7-a94f-40494d02d974-1.jpg?resize=1177%2C1536&amp;ssl=1 1177w, https:\/\/i0.wp.com\/blogdobispo.com.br\/wp-content\/uploads\/2023\/12\/2f33f120-f1b6-4bd7-a94f-40494d02d974-1.jpg?resize=1024%2C1336&amp;ssl=1 1024w, https:\/\/i0.wp.com\/blogdobispo.com.br\/wp-content\/uploads\/2023\/12\/2f33f120-f1b6-4bd7-a94f-40494d02d974-1.jpg?w=1226&amp;ssl=1 1226w\" sizes=\"(max-width: 785px) 100vw, 785px\" \/><\/figure>\n\n\n\n<p><\/p>\n\n\n\n<p>O presidente da C\u00e2mara Municipal de Natal, Eriko J\u00e1come, foi agraciado, na manh\u00e3 de hoje (12), em nome da casa legislativa com o prestigioso Pr\u00eamio Parceria Empreendora, como parte do Pr\u00eamio Parlamento Empreendedor promovido pela C\u00e2mara de Dirigentes Lojistas de Natal (CDL).<\/p>\n\n\n\n<p>Este pr\u00eamio destaca parlamentares que se evidenciaram por suas contribui\u00e7\u00f5es significativas em pol\u00edticas p\u00fablicas voltadas para o desenvolvimento econ\u00f4mico e o empreendedorismo em toda a cidade. A C\u00e2mara Municipal de Natal, sob a lideran\u00e7a de Eriko J\u00e1come, demonstrou seu comprometimento em fomentar um ambiente prop\u00edcio aos neg\u00f3cios, impulsionando a economia local.<\/p>\n\n\n\n<p>A premia\u00e7\u00e3o reconhece n\u00e3o apenas o trabalho individual do presidente da casa legislativa, mas tamb\u00e9m a dedica\u00e7\u00e3o coletiva dos legisladores em promover iniciativas que beneficiam os empreendedores e impulsionam o desenvolvimento econ\u00f4mico de Natal.<\/p>\n\n\n\n<p>Em sua fala de agradecimento, Eriko J\u00e1come destacou a import\u00e2ncia da parceria entre o setor p\u00fablico e os empreendedores locais, refor\u00e7ando o compromisso da C\u00e2mara Municipal em ser um agente ativo na constru\u00e7\u00e3o de uma cidade pr\u00f3spera e inovadora.<\/p>\n\n\n\n<p>\u201cO Pr\u00eamio Parlamento Empreendedor da CDL \u00e9 um reconhecimento valioso para aqueles que se destacam na promo\u00e7\u00e3o de pol\u00edticas p\u00fablicas que impulsionam o desenvolvimento econ\u00f4mico. A C\u00e2mara Municipal de Natal, celebra esse pr\u00eamio como um est\u00edmulo para continuar contribuindo para o crescimento do com\u00e9rcio e do empreendedorismo da nossa cidade\u201d, disse.<\/p>\n","protected":false},"excerpt":{"rendered":"<p>O presidente da C\u00e2mara Municipal de Natal, Eriko J\u00e1come, foi agraciado, na manh\u00e3 de hoje (12), em nome da casa legislativa com o prestigioso Pr\u00eamio Parceria Empreendora, como parte do Pr\u00eamio Parlamento Empreendedor promovido pela C\u00e2mara de Dirigentes Lojistas de Natal (CDL). Este pr\u00eamio destaca parlamentares que se evidenciaram por suas contribui\u00e7\u00f5es significativas em pol\u00edticas [&hellip;]<\/p>\n","protected":false},"author":1,"featured_media":0,"comment_status":"open","ping_status":"open","sticky":false,"template":"","format":"standard","meta":{"cybocfi_hide_featured_image":"","_jetpack_memberships_contains_paid_content":false,"footnotes":""},"categories":[1],"tags":[],"class_list":["post-2380","post","type-post","status-publish","format-standard","hentry","category-diversos"],"yoast_head":"<!-- This site is optimized with the Yoast SEO plugin v25.6 - https:\/\/yoast.com\/wordpress\/plugins\/seo\/ -->\n<title>Presidente da C\u00e2mara Municipal de Natal, Eriko J\u00e1come, Recebe Pr\u00eamio Parlamento Empreendedor - Blog do Bispo<\/title>\n<meta name=\"robots\" content=\"index, follow, max-snippet:-1, max-image-preview:large, max-video-preview:-1\" \/>\n<link rel=\"canonical\" href=\"https:\/\/blogdobispo.com.br\/?p=2380\" \/>\n<meta property=\"og:locale\" content=\"pt_BR\" \/>\n<meta property=\"og:type\" content=\"article\" \/>\n<meta property=\"og:title\" content=\"Presidente da C\u00e2mara Municipal de Natal, Eriko J\u00e1come, Recebe Pr\u00eamio Parlamento Empreendedor - Blog do Bispo\" \/>\n<meta property=\"og:description\" content=\"O presidente da C\u00e2mara Municipal de Natal, Eriko J\u00e1come, foi agraciado, na manh\u00e3 de hoje (12), em nome da casa legislativa com o prestigioso Pr\u00eamio Parceria Empreendora, como parte do Pr\u00eamio Parlamento Empreendedor promovido pela C\u00e2mara de Dirigentes Lojistas de Natal (CDL). Este pr\u00eamio destaca parlamentares que se evidenciaram por suas contribui\u00e7\u00f5es significativas em pol\u00edticas [&hellip;]\" \/>\n<meta property=\"og:url\" content=\"https:\/\/blogdobispo.com.br\/?p=2380\" \/>\n<meta property=\"og:site_name\" content=\"Blog do Bispo\" \/>\n<meta property=\"article:published_time\" content=\"2023-12-12T16:28:45+00:00\" \/>\n<meta property=\"og:image\" content=\"https:\/\/blogdobispo.com.br\/wp-content\/uploads\/2023\/12\/2f33f120-f1b6-4bd7-a94f-40494d02d974-1-785x1024.jpg\" \/>\n<meta name=\"author\" content=\"Jefferson Sterfeno\" \/>\n<meta name=\"twitter:card\" content=\"summary_large_image\" \/>\n<meta name=\"twitter:label1\" content=\"Escrito por\" \/>\n\t<meta name=\"twitter:data1\" content=\"Jefferson Sterfeno\" \/>\n\t<meta name=\"twitter:label2\" content=\"Est. tempo de leitura\" \/>\n\t<meta name=\"twitter:data2\" content=\"1 minuto\" \/>\n<script type=\"application\/ld+json\" class=\"yoast-schema-graph\">{\"@context\":\"https:\/\/schema.org\",\"@graph\":[{\"@type\":\"Article\",\"@id\":\"https:\/\/blogdobispo.com.br\/?p=2380#article\",\"isPartOf\":{\"@id\":\"https:\/\/blogdobispo.com.br\/?p=2380\"},\"author\":{\"name\":\"Jefferson Sterfeno\",\"@id\":\"https:\/\/blogdobispo.com.br\/#\/schema\/person\/e2209cc0e6cea5c5233d033e997b373f\"},\"headline\":\"Presidente da C\u00e2mara Municipal de Natal, Eriko J\u00e1come, Recebe Pr\u00eamio Parlamento Empreendedor\",\"datePublished\":\"2023-12-12T16:28:45+00:00\",\"mainEntityOfPage\":{\"@id\":\"https:\/\/blogdobispo.com.br\/?p=2380\"},\"wordCount\":266,\"commentCount\":0,\"publisher\":{\"@id\":\"https:\/\/blogdobispo.com.br\/#organization\"},\"image\":{\"@id\":\"https:\/\/blogdobispo.com.br\/?p=2380#primaryimage\"},\"thumbnailUrl\":\"https:\/\/blogdobispo.com.br\/wp-content\/uploads\/2023\/12\/2f33f120-f1b6-4bd7-a94f-40494d02d974-1-785x1024.jpg\",\"articleSection\":[\"diversos\"],\"inLanguage\":\"pt-BR\",\"potentialAction\":[{\"@type\":\"CommentAction\",\"name\":\"Comment\",\"target\":[\"https:\/\/blogdobispo.com.br\/?p=2380#respond\"]}]},{\"@type\":\"WebPage\",\"@id\":\"https:\/\/blogdobispo.com.br\/?p=2380\",\"url\":\"https:\/\/blogdobispo.com.br\/?p=2380\",\"name\":\"Presidente da C\u00e2mara Municipal de Natal, Eriko J\u00e1come, Recebe Pr\u00eamio Parlamento Empreendedor - Blog do Bispo\",\"isPartOf\":{\"@id\":\"https:\/\/blogdobispo.com.br\/#website\"},\"primaryImageOfPage\":{\"@id\":\"https:\/\/blogdobispo.com.br\/?p=2380#primaryimage\"},\"image\":{\"@id\":\"https:\/\/blogdobispo.com.br\/?p=2380#primaryimage\"},\"thumbnailUrl\":\"https:\/\/blogdobispo.com.br\/wp-content\/uploads\/2023\/12\/2f33f120-f1b6-4bd7-a94f-40494d02d974-1-785x1024.jpg\",\"datePublished\":\"2023-12-12T16:28:45+00:00\",\"breadcrumb\":{\"@id\":\"https:\/\/blogdobispo.com.br\/?p=2380#breadcrumb\"},\"inLanguage\":\"pt-BR\",\"potentialAction\":[{\"@type\":\"ReadAction\",\"target\":[\"https:\/\/blogdobispo.com.br\/?p=2380\"]}]},{\"@type\":\"ImageObject\",\"inLanguage\":\"pt-BR\",\"@id\":\"https:\/\/blogdobispo.com.br\/?p=2380#primaryimage\",\"url\":\"https:\/\/blogdobispo.com.br\/wp-content\/uploads\/2023\/12\/2f33f120-f1b6-4bd7-a94f-40494d02d974-1-785x1024.jpg\",\"contentUrl\":\"https:\/\/blogdobispo.com.br\/wp-content\/uploads\/2023\/12\/2f33f120-f1b6-4bd7-a94f-40494d02d974-1-785x1024.jpg\"},{\"@type\":\"BreadcrumbList\",\"@id\":\"https:\/\/blogdobispo.com.br\/?p=2380#breadcrumb\",\"itemListElement\":[{\"@type\":\"ListItem\",\"position\":1,\"name\":\"In\u00edcio\",\"item\":\"https:\/\/blogdobispo.com.br\/\"},{\"@type\":\"ListItem\",\"position\":2,\"name\":\"Presidente da C\u00e2mara Municipal de Natal, Eriko J\u00e1come, Recebe Pr\u00eamio Parlamento Empreendedor\"}]},{\"@type\":\"WebSite\",\"@id\":\"https:\/\/blogdobispo.com.br\/#website\",\"url\":\"https:\/\/blogdobispo.com.br\/\",\"name\":\"Blog do Bispo\",\"description\":\"Comprometido apenas com o leitor\",\"publisher\":{\"@id\":\"https:\/\/blogdobispo.com.br\/#organization\"},\"potentialAction\":[{\"@type\":\"SearchAction\",\"target\":{\"@type\":\"EntryPoint\",\"urlTemplate\":\"https:\/\/blogdobispo.com.br\/?s={search_term_string}\"},\"query-input\":{\"@type\":\"PropertyValueSpecification\",\"valueRequired\":true,\"valueName\":\"search_term_string\"}}],\"inLanguage\":\"pt-BR\"},{\"@type\":\"Organization\",\"@id\":\"https:\/\/blogdobispo.com.br\/#organization\",\"name\":\"Blog do Bispo\",\"url\":\"https:\/\/blogdobispo.com.br\/\",\"logo\":{\"@type\":\"ImageObject\",\"inLanguage\":\"pt-BR\",\"@id\":\"https:\/\/blogdobispo.com.br\/#\/schema\/logo\/image\/\",\"url\":\"http:\/\/blogdobispo.com.br\/wp-content\/uploads\/2023\/05\/cropped-headear.png\",\"contentUrl\":\"http:\/\/blogdobispo.com.br\/wp-content\/uploads\/2023\/05\/cropped-headear.png\",\"width\":1500,\"height\":399,\"caption\":\"Blog do Bispo\"},\"image\":{\"@id\":\"https:\/\/blogdobispo.com.br\/#\/schema\/logo\/image\/\"}},{\"@type\":\"Person\",\"@id\":\"https:\/\/blogdobispo.com.br\/#\/schema\/person\/e2209cc0e6cea5c5233d033e997b373f\",\"name\":\"Jefferson Sterfeno\",\"image\":{\"@type\":\"ImageObject\",\"inLanguage\":\"pt-BR\",\"@id\":\"https:\/\/blogdobispo.com.br\/#\/schema\/person\/image\/\",\"url\":\"https:\/\/secure.gravatar.com\/avatar\/0534e84764641168a677026b6d57a3f51dc7ac4db0b4f6186d9cb330d4ee1160?s=96&d=mm&r=g\",\"contentUrl\":\"https:\/\/secure.gravatar.com\/avatar\/0534e84764641168a677026b6d57a3f51dc7ac4db0b4f6186d9cb330d4ee1160?s=96&d=mm&r=g\",\"caption\":\"Jefferson Sterfeno\"},\"sameAs\":[\"http:\/\/blogdobispo.com.br\"],\"url\":\"https:\/\/blogdobispo.com.br\/?author=1\"}]}<\/script>\n<!-- \/ Yoast SEO plugin. -->","yoast_head_json":{"title":"Presidente da C\u00e2mara Municipal de Natal, Eriko J\u00e1come, Recebe Pr\u00eamio Parlamento Empreendedor - Blog do Bispo","robots":{"index":"index","follow":"follow","max-snippet":"max-snippet:-1","max-image-preview":"max-image-preview:large","max-video-preview":"max-video-preview:-1"},"canonical":"https:\/\/blogdobispo.com.br\/?p=2380","og_locale":"pt_BR","og_type":"article","og_title":"Presidente da C\u00e2mara Municipal de Natal, Eriko J\u00e1come, Recebe Pr\u00eamio Parlamento Empreendedor - Blog do Bispo","og_description":"O presidente da C\u00e2mara Municipal de Natal, Eriko J\u00e1come, foi agraciado, na manh\u00e3 de hoje (12), em nome da casa legislativa com o prestigioso Pr\u00eamio Parceria Empreendora, como parte do Pr\u00eamio Parlamento Empreendedor promovido pela C\u00e2mara de Dirigentes Lojistas de Natal (CDL). Este pr\u00eamio destaca parlamentares que se evidenciaram por suas contribui\u00e7\u00f5es significativas em pol\u00edticas [&hellip;]","og_url":"https:\/\/blogdobispo.com.br\/?p=2380","og_site_name":"Blog do Bispo","article_published_time":"2023-12-12T16:28:45+00:00","og_image":[{"url":"https:\/\/blogdobispo.com.br\/wp-content\/uploads\/2023\/12\/2f33f120-f1b6-4bd7-a94f-40494d02d974-1-785x1024.jpg","type":"","width":"","height":""}],"author":"Jefferson Sterfeno","twitter_card":"summary_large_image","twitter_misc":{"Escrito por":"Jefferson Sterfeno","Est. tempo de leitura":"1 minuto"},"schema":{"@context":"https:\/\/schema.org","@graph":[{"@type":"Article","@id":"https:\/\/blogdobispo.com.br\/?p=2380#article","isPartOf":{"@id":"https:\/\/blogdobispo.com.br\/?p=2380"},"author":{"name":"Jefferson Sterfeno","@id":"https:\/\/blogdobispo.com.br\/#\/schema\/person\/e2209cc0e6cea5c5233d033e997b373f"},"headline":"Presidente da C\u00e2mara Municipal de Natal, Eriko J\u00e1come, Recebe Pr\u00eamio Parlamento Empreendedor","datePublished":"2023-12-12T16:28:45+00:00","mainEntityOfPage":{"@id":"https:\/\/blogdobispo.com.br\/?p=2380"},"wordCount":266,"commentCount":0,"publisher":{"@id":"https:\/\/blogdobispo.com.br\/#organization"},"image":{"@id":"https:\/\/blogdobispo.com.br\/?p=2380#primaryimage"},"thumbnailUrl":"https:\/\/blogdobispo.com.br\/wp-content\/uploads\/2023\/12\/2f33f120-f1b6-4bd7-a94f-40494d02d974-1-785x1024.jpg","articleSection":["diversos"],"inLanguage":"pt-BR","potentialAction":[{"@type":"CommentAction","name":"Comment","target":["https:\/\/blogdobispo.com.br\/?p=2380#respond"]}]},{"@type":"WebPage","@id":"https:\/\/blogdobispo.com.br\/?p=2380","url":"https:\/\/blogdobispo.com.br\/?p=2380","name":"Presidente da C\u00e2mara Municipal de Natal, Eriko J\u00e1come, Recebe Pr\u00eamio Parlamento Empreendedor - Blog do Bispo","isPartOf":{"@id":"https:\/\/blogdobispo.com.br\/#website"},"primaryImageOfPage":{"@id":"https:\/\/blogdobispo.com.br\/?p=2380#primaryimage"},"image":{"@id":"https:\/\/blogdobispo.com.br\/?p=2380#primaryimage"},"thumbnailUrl":"https:\/\/blogdobispo.com.br\/wp-content\/uploads\/2023\/12\/2f33f120-f1b6-4bd7-a94f-40494d02d974-1-785x1024.jpg","datePublished":"2023-12-12T16:28:45+00:00","breadcrumb":{"@id":"https:\/\/blogdobispo.com.br\/?p=2380#breadcrumb"},"inLanguage":"pt-BR","potentialAction":[{"@type":"ReadAction","target":["https:\/\/blogdobispo.com.br\/?p=2380"]}]},{"@type":"ImageObject","inLanguage":"pt-BR","@id":"https:\/\/blogdobispo.com.br\/?p=2380#primaryimage","url":"https:\/\/blogdobispo.com.br\/wp-content\/uploads\/2023\/12\/2f33f120-f1b6-4bd7-a94f-40494d02d974-1-785x1024.jpg","contentUrl":"https:\/\/blogdobispo.com.br\/wp-content\/uploads\/2023\/12\/2f33f120-f1b6-4bd7-a94f-40494d02d974-1-785x1024.jpg"},{"@type":"BreadcrumbList","@id":"https:\/\/blogdobispo.com.br\/?p=2380#breadcrumb","itemListElement":[{"@type":"ListItem","position":1,"name":"In\u00edcio","item":"https:\/\/blogdobispo.com.br\/"},{"@type":"ListItem","position":2,"name":"Presidente da C\u00e2mara Municipal de Natal, Eriko J\u00e1come, Recebe Pr\u00eamio Parlamento Empreendedor"}]},{"@type":"WebSite","@id":"https:\/\/blogdobispo.com.br\/#website","url":"https:\/\/blogdobispo.com.br\/","name":"Blog do Bispo","description":"Comprometido apenas com o leitor","publisher":{"@id":"https:\/\/blogdobispo.com.br\/#organization"},"potentialAction":[{"@type":"SearchAction","target":{"@type":"EntryPoint","urlTemplate":"https:\/\/blogdobispo.com.br\/?s={search_term_string}"},"query-input":{"@type":"PropertyValueSpecification","valueRequired":true,"valueName":"search_term_string"}}],"inLanguage":"pt-BR"},{"@type":"Organization","@id":"https:\/\/blogdobispo.com.br\/#organization","name":"Blog do Bispo","url":"https:\/\/blogdobispo.com.br\/","logo":{"@type":"ImageObject","inLanguage":"pt-BR","@id":"https:\/\/blogdobispo.com.br\/#\/schema\/logo\/image\/","url":"http:\/\/blogdobispo.com.br\/wp-content\/uploads\/2023\/05\/cropped-headear.png","contentUrl":"http:\/\/blogdobispo.com.br\/wp-content\/uploads\/2023\/05\/cropped-headear.png","width":1500,"height":399,"caption":"Blog do Bispo"},"image":{"@id":"https:\/\/blogdobispo.com.br\/#\/schema\/logo\/image\/"}},{"@type":"Person","@id":"https:\/\/blogdobispo.com.br\/#\/schema\/person\/e2209cc0e6cea5c5233d033e997b373f","name":"Jefferson Sterfeno","image":{"@type":"ImageObject","inLanguage":"pt-BR","@id":"https:\/\/blogdobispo.com.br\/#\/schema\/person\/image\/","url":"https:\/\/secure.gravatar.com\/avatar\/0534e84764641168a677026b6d57a3f51dc7ac4db0b4f6186d9cb330d4ee1160?s=96&d=mm&r=g","contentUrl":"https:\/\/secure.gravatar.com\/avatar\/0534e84764641168a677026b6d57a3f51dc7ac4db0b4f6186d9cb330d4ee1160?s=96&d=mm&r=g","caption":"Jefferson Sterfeno"},"sameAs":["http:\/\/blogdobispo.com.br"],"url":"https:\/\/blogdobispo.com.br\/?author=1"}]}},"featured_image_urls":{"full":"","thumbnail":"","medium":"","medium_large":"","large":"","1536x1536":"","2048x2048":""},"author_info":{"display_name":"Jefferson Sterfeno","author_link":"https:\/\/blogdobispo.com.br\/?author=1"},"category_info":"<a href=\"https:\/\/blogdobispo.com.br\/?cat=1\" rel=\"category\">diversos<\/a>","tag_info":"diversos","comment_count":"0","jetpack_featured_media_url":"","jetpack_sharing_enabled":true,"_links":{"self":[{"href":"https:\/\/blogdobispo.com.br\/index.php?rest_route=\/wp\/v2\/posts\/2380","targetHints":{"allow":["GET"]}}],"collection":[{"href":"https:\/\/blogdobispo.com.br\/index.php?rest_route=\/wp\/v2\/posts"}],"about":[{"href":"https:\/\/blogdobispo.com.br\/index.php?rest_route=\/wp\/v2\/types\/post"}],"author":[{"embeddable":true,"href":"https:\/\/blogdobispo.com.br\/index.php?rest_route=\/wp\/v2\/users\/1"}],"replies":[{"embeddable":true,"href":"https:\/\/blogdobispo.com.br\/index.php?rest_route=%2Fwp%2Fv2%2Fcomments&post=2380"}],"version-history":[{"count":0,"href":"https:\/\/blogdobispo.com.br\/index.php?rest_route=\/wp\/v2\/posts\/2380\/revisions"}],"wp:attachment":[{"href":"https:\/\/blogdobispo.com.br\/index.php?rest_route=%2Fwp%2Fv2%2Fmedia&parent=2380"}],"wp:term":[{"taxonomy":"category","embeddable":true,"href":"https:\/\/blogdobispo.com.br\/index.php?rest_route=%2Fwp%2Fv2%2Fcategories&post=2380"},{"taxonomy":"post_tag","embeddable":true,"href":"https:\/\/blogdobispo.com.br\/index.php?rest_route=%2Fwp%2Fv2%2Ftags&post=2380"}],"curies":[{"name":"wp","href":"https:\/\/api.w.org\/{rel}","templated":true}]}}