{"id":2370,"date":"2023-12-11T15:34:18","date_gmt":"2023-12-11T15:34:18","guid":{"rendered":"https:\/\/blogdobispo.com.br\/?p=2370"},"modified":"2023-12-11T15:34:18","modified_gmt":"2023-12-11T15:34:18","slug":"natal-em-natal-tera-grandes-shows-e-programacao-nas-quatro-regioes-da-cidade","status":"publish","type":"post","link":"https:\/\/blogdobispo.com.br\/?p=2370","title":{"rendered":"NATAL EM NATAL TER\u00c1 GRANDES SHOWS E PROGRAMA\u00c7\u00c3O NAS QUATRO REGI\u00d5ES DA CIDADE"},"content":{"rendered":"\n<figure class=\"wp-block-image size-large\"><img data-recalc-dims=\"1\" fetchpriority=\"high\" decoding=\"async\" width=\"800\" height=\"450\" src=\"https:\/\/i0.wp.com\/blogdobispo.com.br\/wp-content\/uploads\/2023\/12\/1f43c041-ac7a-460b-8b98-0ff15801fbf3-1-1024x576.jpg?resize=800%2C450&#038;ssl=1\" class=\"wp-image-2369\" srcset=\"https:\/\/i0.wp.com\/blogdobispo.com.br\/wp-content\/uploads\/2023\/12\/1f43c041-ac7a-460b-8b98-0ff15801fbf3-1.jpg?resize=1024%2C576&amp;ssl=1 1024w, https:\/\/i0.wp.com\/blogdobispo.com.br\/wp-content\/uploads\/2023\/12\/1f43c041-ac7a-460b-8b98-0ff15801fbf3-1.jpg?resize=300%2C169&amp;ssl=1 300w, https:\/\/i0.wp.com\/blogdobispo.com.br\/wp-content\/uploads\/2023\/12\/1f43c041-ac7a-460b-8b98-0ff15801fbf3-1.jpg?resize=768%2C432&amp;ssl=1 768w, https:\/\/i0.wp.com\/blogdobispo.com.br\/wp-content\/uploads\/2023\/12\/1f43c041-ac7a-460b-8b98-0ff15801fbf3-1.jpg?w=1280&amp;ssl=1 1280w\" sizes=\"(max-width: 800px) 100vw, 800px\" \/><\/figure>\n\n\n\n<p><\/p>\n\n\n\n<p>O Natal em Natal, maior projeto cultural do Rio Grande do Norte, re\u00fane mais de 200 ativa\u00e7\u00f5es culturais nas quatro regi\u00f5es da cidade. Cultura, lazer e forte incremento \u00e0 economia criativa da cidade s\u00e3o marcas do projeto promovido pela Prefeitura do Natal, com programa\u00e7\u00e3o reunindo m\u00fasica, dan\u00e7a, gastronomia, artes visuais, cinema e artesanato.<\/p>\n\n\n\n<p>Vai desde a m\u00fasica erudita ao forr\u00f3, passando pelo rock alternativo, hip hop, artes urbanas, samba, festivais, al\u00e9m de espet\u00e1culos infantis, pe\u00e7as teatrais, R\u00e9veillon e muito mais.<\/p>\n\n\n\n<p>Da \u00e1rvore de Mirassol, Espa\u00e7o Cultural Jesiel Figueiredo, Centro Hist\u00f3rico, Petr\u00f3polis, Rocas e Zona Norte, o Natal em Natal \u00e9 um caldeir\u00e3o de ritmos, tend\u00eancias e op\u00e7\u00f5es para todos os gostos e idades.<\/p>\n\n\n\n<p>At\u00e9 janeiro ser\u00e3o mais de 200 ativa\u00e7\u00f5es atrav\u00e9s de projetos apoiados e organizados pela Prefeitura do Natal, al\u00e9m das grandes atra\u00e7\u00f5es nacionais que se apresentam durante os dias 21, 22, 23, 25, 28, 29 e 30 de dezembro, tudo com entrada gratuita.<\/p>\n\n\n\n<p>O calend\u00e1rio j\u00e1 est\u00e1 em andamento desde o in\u00edcio de novembro com projetos realizados atrav\u00e9s de editais de fomento integrados, atrav\u00e9s dos incentivos da Lei Djalma Maranh\u00e3o e de 34 sele\u00e7\u00f5es p\u00fablicas e editais lan\u00e7ados ao longo do ano atendendo todos os segmentos culturais e produtivos.<\/p>\n\n\n\n<p>\u200bEm todas as regi\u00f5es da cidade haver\u00e1 programa\u00e7\u00e3o utilizando espa\u00e7os administrados e apoiados pela Prefeitura do Natal. Na Zona Norte, no Espa\u00e7o Cultural Jesiel Figueiredo, na zona leste na Galeria Newton Navarro e no P\u00e1tio da Funcarte, no Beco da Lama e Espa\u00e7o Cultural Ruy Pereira.<\/p>\n\n\n\n<p>\u200bPROJETOS E EVENTOS<\/p>\n\n\n\n<p>As a\u00e7\u00f5es v\u00e3o desde apresenta\u00e7\u00f5es da Escola de Ballet Professor Roosevelt Pimenta com o espet\u00e1culo \u201cA Mo\u00e7a Bem Vigiada da Fazenda\u201d, no dia 16 (\u00c1rvore de Mirassol), no Espa\u00e7o Cultural Jesiel Figueiredo (dia 21) e em 22 de dezembro na Escola de M\u00fasica da UFRN, passando pelo \u201cBrilha Natal\u201d, em parceria com o Sistema Fecom\u00e9rcio RN.<\/p>\n\n\n\n<p>Para fomentar o com\u00e9rcio de rua na capital, haver\u00e1 vasta programa\u00e7\u00e3o entre 13 e 23 de dezembro, com interven\u00e7\u00f5es art\u00edsticas no Alecrim, Cidade Alta e Pra\u00e7a C\u00edvica<br \/>Celebrando o nascimento de Luiz Gonzaga, em 13 dezembro, uma grande programa\u00e7\u00e3o abrir\u00e1 o evento.<\/p>\n\n\n\n<p>Haver\u00e1 apresenta\u00e7\u00e3o da Filarm\u00f4nica da UFRN, que convida o pernambucano Maestro Forr\u00f3 e participa\u00e7\u00e3o de Z\u00e9 Hilton, Dani Cruz e Dani Fernandes., al\u00e9m de show da cantora Elba Ramalho em um trio el\u00e9trico estacionado ao lado da Pra\u00e7a C\u00edvica.<\/p>\n\n\n\n<p>Al\u00e9m disso, na Pra\u00e7a C\u00edvica, haver\u00e1 um Festival Gastron\u00f4mico do Senac, com oficinas, aulas-show e degusta\u00e7\u00f5es di\u00e1rias, feira de Artesanato, Espa\u00e7o Infantil e muito mais.<\/p>\n\n\n\n<p>SHOWS NACIONAIS<\/p>\n\n\n\n<p>Como j\u00e1 \u00e9 tradi\u00e7\u00e3o do Natal em Natal, grandes atra\u00e7\u00f5es nacionais movimentam o m\u00eas de dezembro reunindo diversos estilos ritmos e estilos, sempre com a presen\u00e7a dos artistas potiguares a cada noitada.<br \/>A programa\u00e7\u00e3o come\u00e7a quinta-feira, dia 21 de dezembro, com show de As\u00e9 Delas e Cavaleiros do Forr\u00f3. Segue na sexta-feira (22) com Val\u00e9ria Oliveira, Circuito Musical e Alexandre Pires. No s\u00e1bado (23) \u00e9 a vez de Orquestra Greiosa, Marina Elali e Saia Rodada.<br \/>As apresenta\u00e7\u00f5es retornam na segunda-feira, dia 25, com Cida Lobo, Waldonnys e Tanda Macedo e Padre F\u00e1bio de Melo.<\/p>\n\n\n\n<p>Na quinta-feira (28) \u00e9 a vez de Ribeira Bo\u00eamia, Banda Grafith e Diogo Nogueira. Na sexta-feira, dia 29, tem Rosas na Cartola, Juliana Linhares e Alceu Valen\u00e7a. E no s\u00e1bado, dia 30, fechando a grade de shows em alto estilo tem Mobydick, Perfume de Gard\u00eania e Carlinhos Brown.<\/p>\n\n\n\n<p>R\u00c9VEILLON E SHOW PIROT\u00c9CNICO<\/p>\n\n\n\n<p>O tradicional R\u00e9veillon re\u00fane atra\u00e7\u00f5es musicais na praia da Redinha, al\u00e9m do show pirot\u00e9cnico em Ponta Negra (balsas em alto mar) e na Ponte Newton Navarro.<\/p>\n\n\n\n<p>A programa\u00e7\u00e3o come\u00e7a \u00e0s 23h com Dom Cardoso e seus Metais, Frevo do Xico, Luizinho Nobre, Banda Umar\u00e9 e Banda Detroit. O acesso aos shows \u00e9 gratuito e integra a programa\u00e7\u00e3o oficial do Natal em Natal.<\/p>\n\n\n\n<p>COTAS DE PATROC\u00cdNIO PARA CALEND\u00c1RIO DE EVENTOS<\/p>\n\n\n\n<p>A Prefeitura do Natal, atrav\u00e9s da Secretaria de Cultura de Natal (Secult-Funcarte), publicou na edi\u00e7\u00e3o do dia 5 de dezembro do Di\u00e1rio Oficial do Munic\u00edpio (DOM), o Edital de Processo Seletivo para Cota de Patroc\u00ednio (Maior Oferta) para a realiza\u00e7\u00e3o dos eventos que comp\u00f5em o calend\u00e1rio oficial do Munic\u00edpio.<\/p>\n\n\n\n<p>O calend\u00e1rio \u00e9 composto pelo projeto Natal em Natal (2023) compreendendo 07 (sete) dias definidos: 21, 22, 23, 25, 28, 29 e 30\/12\/2023. Carnaval em Natal Edi\u00e7\u00e3o 2024 compreendendo 5 (cinco) dias com datas a serem definidas; S\u00e3o Jo\u00e3o de Natal (Edi\u00e7\u00e3o 2024), compreendendo 06 (seis) dias com datas a serem definidas e Natal em Natal 2024, compreendendo 07 (sete) dias a serem definidas.<\/p>\n\n\n\n<p>Os Patroc\u00ednios das empresas se dar\u00e3o em troca da divulga\u00e7\u00e3o da logomarca do patrocinador nas depend\u00eancias do evento, bem como aquisi\u00e7\u00e3o de demais cotas para explora\u00e7\u00e3o de bares, alimenta\u00e7\u00e3o e organiza\u00e7\u00e3o do camarote e se dar\u00e3o atrav\u00e9s de tr\u00eas cotas.<\/p>\n\n\n\n<p>As empresas interessadas tem at\u00e9 dia 10 de dezembro de 2023.<\/p>\n\n\n\n<p>Depois de encerrado o per\u00edodo de inscri\u00e7\u00f5es, o processo do edital segue com a An\u00e1lise Documental (11\/12\/2023), Resultado Parcial (12\/12\/2023), Prazo para Recurso (12\/12\/2023 at\u00e9 \u00e0s 14h do dia 13\/12\/2023) e Resultado Final em 14\/12\/2023.<\/p>\n\n\n\n<p>PARTICIPA\u00c7\u00c3O DAS SECRETARIAS<\/p>\n\n\n\n<p>O Natal em Natal envolve trabalho coletivo de diversas secretarias do Munic\u00edpio, como as Secretarias de Cultura, Turismo, Mobilidade, Seguran\u00e7a, Sa\u00fade, Comunica\u00e7\u00e3o, Educa\u00e7\u00e3o, Limpeza P\u00fablica, Obras e Servi\u00e7os Urbanos.<\/p>\n","protected":false},"excerpt":{"rendered":"<p>O Natal em Natal, maior projeto cultural do Rio Grande do Norte, re\u00fane mais de 200 ativa\u00e7\u00f5es culturais nas quatro regi\u00f5es da cidade. Cultura, lazer e forte incremento \u00e0 economia criativa da cidade s\u00e3o marcas do projeto promovido pela Prefeitura do Natal, com programa\u00e7\u00e3o reunindo m\u00fasica, dan\u00e7a, gastronomia, artes visuais, cinema e artesanato. Vai desde [&hellip;]<\/p>\n","protected":false},"author":1,"featured_media":0,"comment_status":"open","ping_status":"open","sticky":false,"template":"","format":"standard","meta":{"cybocfi_hide_featured_image":"","_jetpack_memberships_contains_paid_content":false,"footnotes":""},"categories":[1],"tags":[],"class_list":["post-2370","post","type-post","status-publish","format-standard","hentry","category-diversos"],"yoast_head":"<!-- This site is optimized with the Yoast SEO plugin v25.6 - https:\/\/yoast.com\/wordpress\/plugins\/seo\/ -->\n<title>NATAL EM NATAL TER\u00c1 GRANDES SHOWS E PROGRAMA\u00c7\u00c3O NAS QUATRO REGI\u00d5ES DA CIDADE - Blog do Bispo<\/title>\n<meta name=\"robots\" content=\"index, follow, max-snippet:-1, max-image-preview:large, max-video-preview:-1\" \/>\n<link rel=\"canonical\" href=\"https:\/\/blogdobispo.com.br\/?p=2370\" \/>\n<meta property=\"og:locale\" content=\"pt_BR\" \/>\n<meta property=\"og:type\" content=\"article\" \/>\n<meta property=\"og:title\" content=\"NATAL EM NATAL TER\u00c1 GRANDES SHOWS E PROGRAMA\u00c7\u00c3O NAS QUATRO REGI\u00d5ES DA CIDADE - Blog do Bispo\" \/>\n<meta property=\"og:description\" content=\"O Natal em Natal, maior projeto cultural do Rio Grande do Norte, re\u00fane mais de 200 ativa\u00e7\u00f5es culturais nas quatro regi\u00f5es da cidade. Cultura, lazer e forte incremento \u00e0 economia criativa da cidade s\u00e3o marcas do projeto promovido pela Prefeitura do Natal, com programa\u00e7\u00e3o reunindo m\u00fasica, dan\u00e7a, gastronomia, artes visuais, cinema e artesanato. Vai desde [&hellip;]\" \/>\n<meta property=\"og:url\" content=\"https:\/\/blogdobispo.com.br\/?p=2370\" \/>\n<meta property=\"og:site_name\" content=\"Blog do Bispo\" \/>\n<meta property=\"article:published_time\" content=\"2023-12-11T15:34:18+00:00\" \/>\n<meta property=\"og:image\" content=\"https:\/\/blogdobispo.com.br\/wp-content\/uploads\/2023\/12\/1f43c041-ac7a-460b-8b98-0ff15801fbf3-1-1024x576.jpg\" \/>\n<meta name=\"author\" content=\"Jefferson Sterfeno\" \/>\n<meta name=\"twitter:card\" content=\"summary_large_image\" \/>\n<meta name=\"twitter:label1\" content=\"Escrito por\" \/>\n\t<meta name=\"twitter:data1\" content=\"Jefferson Sterfeno\" \/>\n\t<meta name=\"twitter:label2\" content=\"Est. tempo de leitura\" \/>\n\t<meta name=\"twitter:data2\" content=\"5 minutos\" \/>\n<script type=\"application\/ld+json\" class=\"yoast-schema-graph\">{\"@context\":\"https:\/\/schema.org\",\"@graph\":[{\"@type\":\"Article\",\"@id\":\"https:\/\/blogdobispo.com.br\/?p=2370#article\",\"isPartOf\":{\"@id\":\"https:\/\/blogdobispo.com.br\/?p=2370\"},\"author\":{\"name\":\"Jefferson Sterfeno\",\"@id\":\"https:\/\/blogdobispo.com.br\/#\/schema\/person\/e2209cc0e6cea5c5233d033e997b373f\"},\"headline\":\"NATAL EM NATAL TER\u00c1 GRANDES SHOWS E PROGRAMA\u00c7\u00c3O NAS QUATRO REGI\u00d5ES DA CIDADE\",\"datePublished\":\"2023-12-11T15:34:18+00:00\",\"mainEntityOfPage\":{\"@id\":\"https:\/\/blogdobispo.com.br\/?p=2370\"},\"wordCount\":949,\"commentCount\":0,\"publisher\":{\"@id\":\"https:\/\/blogdobispo.com.br\/#organization\"},\"image\":{\"@id\":\"https:\/\/blogdobispo.com.br\/?p=2370#primaryimage\"},\"thumbnailUrl\":\"https:\/\/blogdobispo.com.br\/wp-content\/uploads\/2023\/12\/1f43c041-ac7a-460b-8b98-0ff15801fbf3-1-1024x576.jpg\",\"articleSection\":[\"diversos\"],\"inLanguage\":\"pt-BR\",\"potentialAction\":[{\"@type\":\"CommentAction\",\"name\":\"Comment\",\"target\":[\"https:\/\/blogdobispo.com.br\/?p=2370#respond\"]}]},{\"@type\":\"WebPage\",\"@id\":\"https:\/\/blogdobispo.com.br\/?p=2370\",\"url\":\"https:\/\/blogdobispo.com.br\/?p=2370\",\"name\":\"NATAL EM NATAL TER\u00c1 GRANDES SHOWS E PROGRAMA\u00c7\u00c3O NAS QUATRO REGI\u00d5ES DA CIDADE - Blog do Bispo\",\"isPartOf\":{\"@id\":\"https:\/\/blogdobispo.com.br\/#website\"},\"primaryImageOfPage\":{\"@id\":\"https:\/\/blogdobispo.com.br\/?p=2370#primaryimage\"},\"image\":{\"@id\":\"https:\/\/blogdobispo.com.br\/?p=2370#primaryimage\"},\"thumbnailUrl\":\"https:\/\/blogdobispo.com.br\/wp-content\/uploads\/2023\/12\/1f43c041-ac7a-460b-8b98-0ff15801fbf3-1-1024x576.jpg\",\"datePublished\":\"2023-12-11T15:34:18+00:00\",\"breadcrumb\":{\"@id\":\"https:\/\/blogdobispo.com.br\/?p=2370#breadcrumb\"},\"inLanguage\":\"pt-BR\",\"potentialAction\":[{\"@type\":\"ReadAction\",\"target\":[\"https:\/\/blogdobispo.com.br\/?p=2370\"]}]},{\"@type\":\"ImageObject\",\"inLanguage\":\"pt-BR\",\"@id\":\"https:\/\/blogdobispo.com.br\/?p=2370#primaryimage\",\"url\":\"https:\/\/blogdobispo.com.br\/wp-content\/uploads\/2023\/12\/1f43c041-ac7a-460b-8b98-0ff15801fbf3-1-1024x576.jpg\",\"contentUrl\":\"https:\/\/blogdobispo.com.br\/wp-content\/uploads\/2023\/12\/1f43c041-ac7a-460b-8b98-0ff15801fbf3-1-1024x576.jpg\"},{\"@type\":\"BreadcrumbList\",\"@id\":\"https:\/\/blogdobispo.com.br\/?p=2370#breadcrumb\",\"itemListElement\":[{\"@type\":\"ListItem\",\"position\":1,\"name\":\"In\u00edcio\",\"item\":\"https:\/\/blogdobispo.com.br\/\"},{\"@type\":\"ListItem\",\"position\":2,\"name\":\"NATAL EM NATAL TER\u00c1 GRANDES SHOWS E PROGRAMA\u00c7\u00c3O NAS QUATRO REGI\u00d5ES DA CIDADE\"}]},{\"@type\":\"WebSite\",\"@id\":\"https:\/\/blogdobispo.com.br\/#website\",\"url\":\"https:\/\/blogdobispo.com.br\/\",\"name\":\"Blog do Bispo\",\"description\":\"Comprometido apenas com o leitor\",\"publisher\":{\"@id\":\"https:\/\/blogdobispo.com.br\/#organization\"},\"potentialAction\":[{\"@type\":\"SearchAction\",\"target\":{\"@type\":\"EntryPoint\",\"urlTemplate\":\"https:\/\/blogdobispo.com.br\/?s={search_term_string}\"},\"query-input\":{\"@type\":\"PropertyValueSpecification\",\"valueRequired\":true,\"valueName\":\"search_term_string\"}}],\"inLanguage\":\"pt-BR\"},{\"@type\":\"Organization\",\"@id\":\"https:\/\/blogdobispo.com.br\/#organization\",\"name\":\"Blog do Bispo\",\"url\":\"https:\/\/blogdobispo.com.br\/\",\"logo\":{\"@type\":\"ImageObject\",\"inLanguage\":\"pt-BR\",\"@id\":\"https:\/\/blogdobispo.com.br\/#\/schema\/logo\/image\/\",\"url\":\"http:\/\/blogdobispo.com.br\/wp-content\/uploads\/2023\/05\/cropped-headear.png\",\"contentUrl\":\"http:\/\/blogdobispo.com.br\/wp-content\/uploads\/2023\/05\/cropped-headear.png\",\"width\":1500,\"height\":399,\"caption\":\"Blog do Bispo\"},\"image\":{\"@id\":\"https:\/\/blogdobispo.com.br\/#\/schema\/logo\/image\/\"}},{\"@type\":\"Person\",\"@id\":\"https:\/\/blogdobispo.com.br\/#\/schema\/person\/e2209cc0e6cea5c5233d033e997b373f\",\"name\":\"Jefferson Sterfeno\",\"image\":{\"@type\":\"ImageObject\",\"inLanguage\":\"pt-BR\",\"@id\":\"https:\/\/blogdobispo.com.br\/#\/schema\/person\/image\/\",\"url\":\"https:\/\/secure.gravatar.com\/avatar\/0534e84764641168a677026b6d57a3f51dc7ac4db0b4f6186d9cb330d4ee1160?s=96&d=mm&r=g\",\"contentUrl\":\"https:\/\/secure.gravatar.com\/avatar\/0534e84764641168a677026b6d57a3f51dc7ac4db0b4f6186d9cb330d4ee1160?s=96&d=mm&r=g\",\"caption\":\"Jefferson Sterfeno\"},\"sameAs\":[\"http:\/\/blogdobispo.com.br\"],\"url\":\"https:\/\/blogdobispo.com.br\/?author=1\"}]}<\/script>\n<!-- \/ Yoast SEO plugin. -->","yoast_head_json":{"title":"NATAL EM NATAL TER\u00c1 GRANDES SHOWS E PROGRAMA\u00c7\u00c3O NAS QUATRO REGI\u00d5ES DA CIDADE - Blog do Bispo","robots":{"index":"index","follow":"follow","max-snippet":"max-snippet:-1","max-image-preview":"max-image-preview:large","max-video-preview":"max-video-preview:-1"},"canonical":"https:\/\/blogdobispo.com.br\/?p=2370","og_locale":"pt_BR","og_type":"article","og_title":"NATAL EM NATAL TER\u00c1 GRANDES SHOWS E PROGRAMA\u00c7\u00c3O NAS QUATRO REGI\u00d5ES DA CIDADE - Blog do Bispo","og_description":"O Natal em Natal, maior projeto cultural do Rio Grande do Norte, re\u00fane mais de 200 ativa\u00e7\u00f5es culturais nas quatro regi\u00f5es da cidade. Cultura, lazer e forte incremento \u00e0 economia criativa da cidade s\u00e3o marcas do projeto promovido pela Prefeitura do Natal, com programa\u00e7\u00e3o reunindo m\u00fasica, dan\u00e7a, gastronomia, artes visuais, cinema e artesanato. Vai desde [&hellip;]","og_url":"https:\/\/blogdobispo.com.br\/?p=2370","og_site_name":"Blog do Bispo","article_published_time":"2023-12-11T15:34:18+00:00","og_image":[{"url":"https:\/\/blogdobispo.com.br\/wp-content\/uploads\/2023\/12\/1f43c041-ac7a-460b-8b98-0ff15801fbf3-1-1024x576.jpg","type":"","width":"","height":""}],"author":"Jefferson Sterfeno","twitter_card":"summary_large_image","twitter_misc":{"Escrito por":"Jefferson Sterfeno","Est. tempo de leitura":"5 minutos"},"schema":{"@context":"https:\/\/schema.org","@graph":[{"@type":"Article","@id":"https:\/\/blogdobispo.com.br\/?p=2370#article","isPartOf":{"@id":"https:\/\/blogdobispo.com.br\/?p=2370"},"author":{"name":"Jefferson Sterfeno","@id":"https:\/\/blogdobispo.com.br\/#\/schema\/person\/e2209cc0e6cea5c5233d033e997b373f"},"headline":"NATAL EM NATAL TER\u00c1 GRANDES SHOWS E PROGRAMA\u00c7\u00c3O NAS QUATRO REGI\u00d5ES DA CIDADE","datePublished":"2023-12-11T15:34:18+00:00","mainEntityOfPage":{"@id":"https:\/\/blogdobispo.com.br\/?p=2370"},"wordCount":949,"commentCount":0,"publisher":{"@id":"https:\/\/blogdobispo.com.br\/#organization"},"image":{"@id":"https:\/\/blogdobispo.com.br\/?p=2370#primaryimage"},"thumbnailUrl":"https:\/\/blogdobispo.com.br\/wp-content\/uploads\/2023\/12\/1f43c041-ac7a-460b-8b98-0ff15801fbf3-1-1024x576.jpg","articleSection":["diversos"],"inLanguage":"pt-BR","potentialAction":[{"@type":"CommentAction","name":"Comment","target":["https:\/\/blogdobispo.com.br\/?p=2370#respond"]}]},{"@type":"WebPage","@id":"https:\/\/blogdobispo.com.br\/?p=2370","url":"https:\/\/blogdobispo.com.br\/?p=2370","name":"NATAL EM NATAL TER\u00c1 GRANDES SHOWS E PROGRAMA\u00c7\u00c3O NAS QUATRO REGI\u00d5ES DA CIDADE - Blog do Bispo","isPartOf":{"@id":"https:\/\/blogdobispo.com.br\/#website"},"primaryImageOfPage":{"@id":"https:\/\/blogdobispo.com.br\/?p=2370#primaryimage"},"image":{"@id":"https:\/\/blogdobispo.com.br\/?p=2370#primaryimage"},"thumbnailUrl":"https:\/\/blogdobispo.com.br\/wp-content\/uploads\/2023\/12\/1f43c041-ac7a-460b-8b98-0ff15801fbf3-1-1024x576.jpg","datePublished":"2023-12-11T15:34:18+00:00","breadcrumb":{"@id":"https:\/\/blogdobispo.com.br\/?p=2370#breadcrumb"},"inLanguage":"pt-BR","potentialAction":[{"@type":"ReadAction","target":["https:\/\/blogdobispo.com.br\/?p=2370"]}]},{"@type":"ImageObject","inLanguage":"pt-BR","@id":"https:\/\/blogdobispo.com.br\/?p=2370#primaryimage","url":"https:\/\/blogdobispo.com.br\/wp-content\/uploads\/2023\/12\/1f43c041-ac7a-460b-8b98-0ff15801fbf3-1-1024x576.jpg","contentUrl":"https:\/\/blogdobispo.com.br\/wp-content\/uploads\/2023\/12\/1f43c041-ac7a-460b-8b98-0ff15801fbf3-1-1024x576.jpg"},{"@type":"BreadcrumbList","@id":"https:\/\/blogdobispo.com.br\/?p=2370#breadcrumb","itemListElement":[{"@type":"ListItem","position":1,"name":"In\u00edcio","item":"https:\/\/blogdobispo.com.br\/"},{"@type":"ListItem","position":2,"name":"NATAL EM NATAL TER\u00c1 GRANDES SHOWS E PROGRAMA\u00c7\u00c3O NAS QUATRO REGI\u00d5ES DA CIDADE"}]},{"@type":"WebSite","@id":"https:\/\/blogdobispo.com.br\/#website","url":"https:\/\/blogdobispo.com.br\/","name":"Blog do Bispo","description":"Comprometido apenas com o leitor","publisher":{"@id":"https:\/\/blogdobispo.com.br\/#organization"},"potentialAction":[{"@type":"SearchAction","target":{"@type":"EntryPoint","urlTemplate":"https:\/\/blogdobispo.com.br\/?s={search_term_string}"},"query-input":{"@type":"PropertyValueSpecification","valueRequired":true,"valueName":"search_term_string"}}],"inLanguage":"pt-BR"},{"@type":"Organization","@id":"https:\/\/blogdobispo.com.br\/#organization","name":"Blog do Bispo","url":"https:\/\/blogdobispo.com.br\/","logo":{"@type":"ImageObject","inLanguage":"pt-BR","@id":"https:\/\/blogdobispo.com.br\/#\/schema\/logo\/image\/","url":"http:\/\/blogdobispo.com.br\/wp-content\/uploads\/2023\/05\/cropped-headear.png","contentUrl":"http:\/\/blogdobispo.com.br\/wp-content\/uploads\/2023\/05\/cropped-headear.png","width":1500,"height":399,"caption":"Blog do Bispo"},"image":{"@id":"https:\/\/blogdobispo.com.br\/#\/schema\/logo\/image\/"}},{"@type":"Person","@id":"https:\/\/blogdobispo.com.br\/#\/schema\/person\/e2209cc0e6cea5c5233d033e997b373f","name":"Jefferson Sterfeno","image":{"@type":"ImageObject","inLanguage":"pt-BR","@id":"https:\/\/blogdobispo.com.br\/#\/schema\/person\/image\/","url":"https:\/\/secure.gravatar.com\/avatar\/0534e84764641168a677026b6d57a3f51dc7ac4db0b4f6186d9cb330d4ee1160?s=96&d=mm&r=g","contentUrl":"https:\/\/secure.gravatar.com\/avatar\/0534e84764641168a677026b6d57a3f51dc7ac4db0b4f6186d9cb330d4ee1160?s=96&d=mm&r=g","caption":"Jefferson Sterfeno"},"sameAs":["http:\/\/blogdobispo.com.br"],"url":"https:\/\/blogdobispo.com.br\/?author=1"}]}},"featured_image_urls":{"full":"","thumbnail":"","medium":"","medium_large":"","large":"","1536x1536":"","2048x2048":""},"author_info":{"display_name":"Jefferson Sterfeno","author_link":"https:\/\/blogdobispo.com.br\/?author=1"},"category_info":"<a href=\"https:\/\/blogdobispo.com.br\/?cat=1\" rel=\"category\">diversos<\/a>","tag_info":"diversos","comment_count":"0","jetpack_featured_media_url":"","jetpack_sharing_enabled":true,"_links":{"self":[{"href":"https:\/\/blogdobispo.com.br\/index.php?rest_route=\/wp\/v2\/posts\/2370","targetHints":{"allow":["GET"]}}],"collection":[{"href":"https:\/\/blogdobispo.com.br\/index.php?rest_route=\/wp\/v2\/posts"}],"about":[{"href":"https:\/\/blogdobispo.com.br\/index.php?rest_route=\/wp\/v2\/types\/post"}],"author":[{"embeddable":true,"href":"https:\/\/blogdobispo.com.br\/index.php?rest_route=\/wp\/v2\/users\/1"}],"replies":[{"embeddable":true,"href":"https:\/\/blogdobispo.com.br\/index.php?rest_route=%2Fwp%2Fv2%2Fcomments&post=2370"}],"version-history":[{"count":0,"href":"https:\/\/blogdobispo.com.br\/index.php?rest_route=\/wp\/v2\/posts\/2370\/revisions"}],"wp:attachment":[{"href":"https:\/\/blogdobispo.com.br\/index.php?rest_route=%2Fwp%2Fv2%2Fmedia&parent=2370"}],"wp:term":[{"taxonomy":"category","embeddable":true,"href":"https:\/\/blogdobispo.com.br\/index.php?rest_route=%2Fwp%2Fv2%2Fcategories&post=2370"},{"taxonomy":"post_tag","embeddable":true,"href":"https:\/\/blogdobispo.com.br\/index.php?rest_route=%2Fwp%2Fv2%2Ftags&post=2370"}],"curies":[{"name":"wp","href":"https:\/\/api.w.org\/{rel}","templated":true}]}}