{"id":2364,"date":"2023-12-10T19:21:01","date_gmt":"2023-12-10T19:21:01","guid":{"rendered":"https:\/\/blogdobispo.com.br\/?p=2364"},"modified":"2023-12-10T19:26:31","modified_gmt":"2023-12-10T19:26:31","slug":"o-declinio-visivel-do-carnatal","status":"publish","type":"post","link":"https:\/\/blogdobispo.com.br\/?p=2364","title":{"rendered":"O decl\u00ednio vis\u00edvel do Carnatal"},"content":{"rendered":"\n<p><\/p>\n\n\n\n<p>Estamos vivendo as \u00faltimas edi\u00e7\u00f5es do Carnatal, a cada ano a festa diminui e perde seu apelo popular, o que atesta essa verdade \u00e9 a diminui\u00e7\u00e3o no n\u00famero de foli\u00f5es e nos valores que a festa movimenta na economia da Cidade. <\/p>\n\n\n\n<p>Sou do tempo que o Carnatal era patrim\u00f4nio de todos os natalenses, os abad\u00e1s come\u00e7avam a ser vendidos em janeiro, e os comerciais do antigo bloco Galo do Sol davam o esquenta na TV, na semana da festa o ax\u00e9 tomava conta das r\u00e1dios, supermercados e lojas de todos os tipos. Havia um clima todo especial nos dias que antecediam com a sede do Am\u00e9rica lotada em busca dos \u00faltimos abad\u00e1s dispon\u00edveis. <\/p>\n\n\n\n<p>A maioria das faculdades e escolas dispensavam seus alunos j\u00e1 na Quinta, o com\u00e9rcio fechava mais cedo, o  tr\u00e2nsito em torno do Machad\u00e3o era desviado, diversos camarotes eram montados ao longo da Romualdo Galv\u00e3o, e o pov\u00e3o tinha a festa garantida com a pipoca que na maioria das vezes era mais animada do que o bloco. Os ambulantes faziam a renda de todo m\u00eas de dezembro em apenas 4 dias, espetinhos, cervejas e refrigerantes faltavam de tantas vendas. Na praia de Ponta Negra, era imposs\u00edvel achar vaga nos hot\u00e9is e pousadas, as praias lotavam de turistas em busca de curar a ressaca do dia anterior. Para quem fosse promotor de eventos, uma regra era aplicada, era imposs\u00edvel realizar qualquer festa durante os 4 dias, n\u00e3o dava pra competir com o Carnatal. <\/p>\n\n\n\n<p>O decl\u00ednio da festa pode ser explicado por v\u00e1rios fatores como a queda do ax\u00e9 music, a mudan\u00e7a no tra\u00e7ado, mudan\u00e7a na programa\u00e7\u00e3o, a perda de apoio popular ou at\u00e9 mesmo o preconceito disfar\u00e7ado de alguns com os blocos LGBTQIA+ que est\u00e3o cada vez maiores. <\/p>\n\n\n\n<p>Nisso n\u00e3o vejo culpa do governo nem da prefeitura, tendo em vista que continuam sendo apoio imprescind\u00edveis para o evento. <\/p>\n\n\n\n<p>O certo \u00e9 que a Destaque entendeu a baixa e vendeu no ano passado para tr\u00eas grupos distintos, perdendo ainda mais a identidade do evento. <\/p>\n\n\n\n<p><\/p>\n\n\n\n<p>O que estamos assistindo \u00e9 apenas resto de uma festa que fez parte da hist\u00f3ria da nossa cidade e conseguiu colocar Natal na rota do turismo internacional, e vive hoje seus dias de decad\u00eancia. <\/p>\n\n\n\n<p>O Carnatal \u00e9 cada vez menos Natal. <\/p>\n\n\n\n<figure class=\"wp-block-image size-large\"><img data-recalc-dims=\"1\" fetchpriority=\"high\" decoding=\"async\" width=\"677\" height=\"453\" src=\"https:\/\/i0.wp.com\/blogdobispo.com.br\/wp-content\/uploads\/2023\/12\/img_4298-1.jpg?resize=677%2C453&#038;ssl=1\" alt=\"\" class=\"wp-image-2362\" srcset=\"https:\/\/i0.wp.com\/blogdobispo.com.br\/wp-content\/uploads\/2023\/12\/img_4298-1.jpg?w=677&amp;ssl=1 677w, https:\/\/i0.wp.com\/blogdobispo.com.br\/wp-content\/uploads\/2023\/12\/img_4298-1.jpg?resize=300%2C201&amp;ssl=1 300w\" sizes=\"(max-width: 677px) 100vw, 677px\" \/><\/figure>\n\n\n\n<figure class=\"wp-block-image size-large\"><img data-recalc-dims=\"1\" decoding=\"async\" width=\"800\" height=\"772\" src=\"https:\/\/i0.wp.com\/blogdobispo.com.br\/wp-content\/uploads\/2023\/12\/img_4299-1.jpg?resize=800%2C772&#038;ssl=1\" alt=\"\" class=\"wp-image-2363\" srcset=\"https:\/\/i0.wp.com\/blogdobispo.com.br\/wp-content\/uploads\/2023\/12\/img_4299-1.jpg?w=825&amp;ssl=1 825w, https:\/\/i0.wp.com\/blogdobispo.com.br\/wp-content\/uploads\/2023\/12\/img_4299-1.jpg?resize=300%2C289&amp;ssl=1 300w, https:\/\/i0.wp.com\/blogdobispo.com.br\/wp-content\/uploads\/2023\/12\/img_4299-1.jpg?resize=768%2C741&amp;ssl=1 768w\" sizes=\"(max-width: 800px) 100vw, 800px\" \/><\/figure>\n","protected":false},"excerpt":{"rendered":"<p>Estamos vivendo as \u00faltimas edi\u00e7\u00f5es do Carnatal, a cada ano a festa diminui e perde seu apelo popular, o que atesta essa verdade \u00e9 a diminui\u00e7\u00e3o no n\u00famero de foli\u00f5es e nos valores que a festa movimenta na economia da Cidade. Sou do tempo que o Carnatal era patrim\u00f4nio de todos os natalenses, os abad\u00e1s [&hellip;]<\/p>\n","protected":false},"author":1,"featured_media":0,"comment_status":"open","ping_status":"open","sticky":false,"template":"","format":"standard","meta":{"cybocfi_hide_featured_image":"","_jetpack_memberships_contains_paid_content":false,"footnotes":""},"categories":[1],"tags":[],"class_list":["post-2364","post","type-post","status-publish","format-standard","hentry","category-diversos"],"yoast_head":"<!-- This site is optimized with the Yoast SEO plugin v25.6 - https:\/\/yoast.com\/wordpress\/plugins\/seo\/ -->\n<title>O decl\u00ednio vis\u00edvel do Carnatal - Blog do Bispo<\/title>\n<meta name=\"robots\" content=\"index, follow, max-snippet:-1, max-image-preview:large, max-video-preview:-1\" \/>\n<link rel=\"canonical\" href=\"https:\/\/blogdobispo.com.br\/?p=2364\" \/>\n<meta property=\"og:locale\" content=\"pt_BR\" \/>\n<meta property=\"og:type\" content=\"article\" \/>\n<meta property=\"og:title\" content=\"O decl\u00ednio vis\u00edvel do Carnatal - Blog do Bispo\" \/>\n<meta property=\"og:description\" content=\"Estamos vivendo as \u00faltimas edi\u00e7\u00f5es do Carnatal, a cada ano a festa diminui e perde seu apelo popular, o que atesta essa verdade \u00e9 a diminui\u00e7\u00e3o no n\u00famero de foli\u00f5es e nos valores que a festa movimenta na economia da Cidade. Sou do tempo que o Carnatal era patrim\u00f4nio de todos os natalenses, os abad\u00e1s [&hellip;]\" \/>\n<meta property=\"og:url\" content=\"https:\/\/blogdobispo.com.br\/?p=2364\" \/>\n<meta property=\"og:site_name\" content=\"Blog do Bispo\" \/>\n<meta property=\"article:published_time\" content=\"2023-12-10T19:21:01+00:00\" \/>\n<meta property=\"article:modified_time\" content=\"2023-12-10T19:26:31+00:00\" \/>\n<meta property=\"og:image\" content=\"https:\/\/blogdobispo.com.br\/wp-content\/uploads\/2023\/12\/img_4298-1.jpg\" \/>\n<meta name=\"author\" content=\"Jefferson Sterfeno\" \/>\n<meta name=\"twitter:card\" content=\"summary_large_image\" \/>\n<meta name=\"twitter:label1\" content=\"Escrito por\" \/>\n\t<meta name=\"twitter:data1\" content=\"Jefferson Sterfeno\" \/>\n\t<meta name=\"twitter:label2\" content=\"Est. tempo de leitura\" \/>\n\t<meta name=\"twitter:data2\" content=\"2 minutos\" \/>\n<script type=\"application\/ld+json\" class=\"yoast-schema-graph\">{\"@context\":\"https:\/\/schema.org\",\"@graph\":[{\"@type\":\"Article\",\"@id\":\"https:\/\/blogdobispo.com.br\/?p=2364#article\",\"isPartOf\":{\"@id\":\"https:\/\/blogdobispo.com.br\/?p=2364\"},\"author\":{\"name\":\"Jefferson Sterfeno\",\"@id\":\"https:\/\/blogdobispo.com.br\/#\/schema\/person\/e2209cc0e6cea5c5233d033e997b373f\"},\"headline\":\"O decl\u00ednio vis\u00edvel do Carnatal\",\"datePublished\":\"2023-12-10T19:21:01+00:00\",\"dateModified\":\"2023-12-10T19:26:31+00:00\",\"mainEntityOfPage\":{\"@id\":\"https:\/\/blogdobispo.com.br\/?p=2364\"},\"wordCount\":410,\"commentCount\":0,\"publisher\":{\"@id\":\"https:\/\/blogdobispo.com.br\/#organization\"},\"image\":{\"@id\":\"https:\/\/blogdobispo.com.br\/?p=2364#primaryimage\"},\"thumbnailUrl\":\"https:\/\/blogdobispo.com.br\/wp-content\/uploads\/2023\/12\/img_4298-1.jpg\",\"articleSection\":[\"diversos\"],\"inLanguage\":\"pt-BR\",\"potentialAction\":[{\"@type\":\"CommentAction\",\"name\":\"Comment\",\"target\":[\"https:\/\/blogdobispo.com.br\/?p=2364#respond\"]}]},{\"@type\":\"WebPage\",\"@id\":\"https:\/\/blogdobispo.com.br\/?p=2364\",\"url\":\"https:\/\/blogdobispo.com.br\/?p=2364\",\"name\":\"O decl\u00ednio vis\u00edvel do Carnatal - Blog do Bispo\",\"isPartOf\":{\"@id\":\"https:\/\/blogdobispo.com.br\/#website\"},\"primaryImageOfPage\":{\"@id\":\"https:\/\/blogdobispo.com.br\/?p=2364#primaryimage\"},\"image\":{\"@id\":\"https:\/\/blogdobispo.com.br\/?p=2364#primaryimage\"},\"thumbnailUrl\":\"https:\/\/blogdobispo.com.br\/wp-content\/uploads\/2023\/12\/img_4298-1.jpg\",\"datePublished\":\"2023-12-10T19:21:01+00:00\",\"dateModified\":\"2023-12-10T19:26:31+00:00\",\"breadcrumb\":{\"@id\":\"https:\/\/blogdobispo.com.br\/?p=2364#breadcrumb\"},\"inLanguage\":\"pt-BR\",\"potentialAction\":[{\"@type\":\"ReadAction\",\"target\":[\"https:\/\/blogdobispo.com.br\/?p=2364\"]}]},{\"@type\":\"ImageObject\",\"inLanguage\":\"pt-BR\",\"@id\":\"https:\/\/blogdobispo.com.br\/?p=2364#primaryimage\",\"url\":\"https:\/\/blogdobispo.com.br\/wp-content\/uploads\/2023\/12\/img_4298-1.jpg\",\"contentUrl\":\"https:\/\/blogdobispo.com.br\/wp-content\/uploads\/2023\/12\/img_4298-1.jpg\"},{\"@type\":\"BreadcrumbList\",\"@id\":\"https:\/\/blogdobispo.com.br\/?p=2364#breadcrumb\",\"itemListElement\":[{\"@type\":\"ListItem\",\"position\":1,\"name\":\"In\u00edcio\",\"item\":\"https:\/\/blogdobispo.com.br\/\"},{\"@type\":\"ListItem\",\"position\":2,\"name\":\"O decl\u00ednio vis\u00edvel do Carnatal\"}]},{\"@type\":\"WebSite\",\"@id\":\"https:\/\/blogdobispo.com.br\/#website\",\"url\":\"https:\/\/blogdobispo.com.br\/\",\"name\":\"Blog do Bispo\",\"description\":\"Comprometido apenas com o leitor\",\"publisher\":{\"@id\":\"https:\/\/blogdobispo.com.br\/#organization\"},\"potentialAction\":[{\"@type\":\"SearchAction\",\"target\":{\"@type\":\"EntryPoint\",\"urlTemplate\":\"https:\/\/blogdobispo.com.br\/?s={search_term_string}\"},\"query-input\":{\"@type\":\"PropertyValueSpecification\",\"valueRequired\":true,\"valueName\":\"search_term_string\"}}],\"inLanguage\":\"pt-BR\"},{\"@type\":\"Organization\",\"@id\":\"https:\/\/blogdobispo.com.br\/#organization\",\"name\":\"Blog do Bispo\",\"url\":\"https:\/\/blogdobispo.com.br\/\",\"logo\":{\"@type\":\"ImageObject\",\"inLanguage\":\"pt-BR\",\"@id\":\"https:\/\/blogdobispo.com.br\/#\/schema\/logo\/image\/\",\"url\":\"http:\/\/blogdobispo.com.br\/wp-content\/uploads\/2023\/05\/cropped-headear.png\",\"contentUrl\":\"http:\/\/blogdobispo.com.br\/wp-content\/uploads\/2023\/05\/cropped-headear.png\",\"width\":1500,\"height\":399,\"caption\":\"Blog do Bispo\"},\"image\":{\"@id\":\"https:\/\/blogdobispo.com.br\/#\/schema\/logo\/image\/\"}},{\"@type\":\"Person\",\"@id\":\"https:\/\/blogdobispo.com.br\/#\/schema\/person\/e2209cc0e6cea5c5233d033e997b373f\",\"name\":\"Jefferson Sterfeno\",\"image\":{\"@type\":\"ImageObject\",\"inLanguage\":\"pt-BR\",\"@id\":\"https:\/\/blogdobispo.com.br\/#\/schema\/person\/image\/\",\"url\":\"https:\/\/secure.gravatar.com\/avatar\/0534e84764641168a677026b6d57a3f51dc7ac4db0b4f6186d9cb330d4ee1160?s=96&d=mm&r=g\",\"contentUrl\":\"https:\/\/secure.gravatar.com\/avatar\/0534e84764641168a677026b6d57a3f51dc7ac4db0b4f6186d9cb330d4ee1160?s=96&d=mm&r=g\",\"caption\":\"Jefferson Sterfeno\"},\"sameAs\":[\"http:\/\/blogdobispo.com.br\"],\"url\":\"https:\/\/blogdobispo.com.br\/?author=1\"}]}<\/script>\n<!-- \/ Yoast SEO plugin. -->","yoast_head_json":{"title":"O decl\u00ednio vis\u00edvel do Carnatal - Blog do Bispo","robots":{"index":"index","follow":"follow","max-snippet":"max-snippet:-1","max-image-preview":"max-image-preview:large","max-video-preview":"max-video-preview:-1"},"canonical":"https:\/\/blogdobispo.com.br\/?p=2364","og_locale":"pt_BR","og_type":"article","og_title":"O decl\u00ednio vis\u00edvel do Carnatal - Blog do Bispo","og_description":"Estamos vivendo as \u00faltimas edi\u00e7\u00f5es do Carnatal, a cada ano a festa diminui e perde seu apelo popular, o que atesta essa verdade \u00e9 a diminui\u00e7\u00e3o no n\u00famero de foli\u00f5es e nos valores que a festa movimenta na economia da Cidade. Sou do tempo que o Carnatal era patrim\u00f4nio de todos os natalenses, os abad\u00e1s [&hellip;]","og_url":"https:\/\/blogdobispo.com.br\/?p=2364","og_site_name":"Blog do Bispo","article_published_time":"2023-12-10T19:21:01+00:00","article_modified_time":"2023-12-10T19:26:31+00:00","og_image":[{"url":"https:\/\/blogdobispo.com.br\/wp-content\/uploads\/2023\/12\/img_4298-1.jpg","type":"","width":"","height":""}],"author":"Jefferson Sterfeno","twitter_card":"summary_large_image","twitter_misc":{"Escrito por":"Jefferson Sterfeno","Est. tempo de leitura":"2 minutos"},"schema":{"@context":"https:\/\/schema.org","@graph":[{"@type":"Article","@id":"https:\/\/blogdobispo.com.br\/?p=2364#article","isPartOf":{"@id":"https:\/\/blogdobispo.com.br\/?p=2364"},"author":{"name":"Jefferson Sterfeno","@id":"https:\/\/blogdobispo.com.br\/#\/schema\/person\/e2209cc0e6cea5c5233d033e997b373f"},"headline":"O decl\u00ednio vis\u00edvel do Carnatal","datePublished":"2023-12-10T19:21:01+00:00","dateModified":"2023-12-10T19:26:31+00:00","mainEntityOfPage":{"@id":"https:\/\/blogdobispo.com.br\/?p=2364"},"wordCount":410,"commentCount":0,"publisher":{"@id":"https:\/\/blogdobispo.com.br\/#organization"},"image":{"@id":"https:\/\/blogdobispo.com.br\/?p=2364#primaryimage"},"thumbnailUrl":"https:\/\/blogdobispo.com.br\/wp-content\/uploads\/2023\/12\/img_4298-1.jpg","articleSection":["diversos"],"inLanguage":"pt-BR","potentialAction":[{"@type":"CommentAction","name":"Comment","target":["https:\/\/blogdobispo.com.br\/?p=2364#respond"]}]},{"@type":"WebPage","@id":"https:\/\/blogdobispo.com.br\/?p=2364","url":"https:\/\/blogdobispo.com.br\/?p=2364","name":"O decl\u00ednio vis\u00edvel do Carnatal - Blog do Bispo","isPartOf":{"@id":"https:\/\/blogdobispo.com.br\/#website"},"primaryImageOfPage":{"@id":"https:\/\/blogdobispo.com.br\/?p=2364#primaryimage"},"image":{"@id":"https:\/\/blogdobispo.com.br\/?p=2364#primaryimage"},"thumbnailUrl":"https:\/\/blogdobispo.com.br\/wp-content\/uploads\/2023\/12\/img_4298-1.jpg","datePublished":"2023-12-10T19:21:01+00:00","dateModified":"2023-12-10T19:26:31+00:00","breadcrumb":{"@id":"https:\/\/blogdobispo.com.br\/?p=2364#breadcrumb"},"inLanguage":"pt-BR","potentialAction":[{"@type":"ReadAction","target":["https:\/\/blogdobispo.com.br\/?p=2364"]}]},{"@type":"ImageObject","inLanguage":"pt-BR","@id":"https:\/\/blogdobispo.com.br\/?p=2364#primaryimage","url":"https:\/\/blogdobispo.com.br\/wp-content\/uploads\/2023\/12\/img_4298-1.jpg","contentUrl":"https:\/\/blogdobispo.com.br\/wp-content\/uploads\/2023\/12\/img_4298-1.jpg"},{"@type":"BreadcrumbList","@id":"https:\/\/blogdobispo.com.br\/?p=2364#breadcrumb","itemListElement":[{"@type":"ListItem","position":1,"name":"In\u00edcio","item":"https:\/\/blogdobispo.com.br\/"},{"@type":"ListItem","position":2,"name":"O decl\u00ednio vis\u00edvel do Carnatal"}]},{"@type":"WebSite","@id":"https:\/\/blogdobispo.com.br\/#website","url":"https:\/\/blogdobispo.com.br\/","name":"Blog do Bispo","description":"Comprometido apenas com o leitor","publisher":{"@id":"https:\/\/blogdobispo.com.br\/#organization"},"potentialAction":[{"@type":"SearchAction","target":{"@type":"EntryPoint","urlTemplate":"https:\/\/blogdobispo.com.br\/?s={search_term_string}"},"query-input":{"@type":"PropertyValueSpecification","valueRequired":true,"valueName":"search_term_string"}}],"inLanguage":"pt-BR"},{"@type":"Organization","@id":"https:\/\/blogdobispo.com.br\/#organization","name":"Blog do Bispo","url":"https:\/\/blogdobispo.com.br\/","logo":{"@type":"ImageObject","inLanguage":"pt-BR","@id":"https:\/\/blogdobispo.com.br\/#\/schema\/logo\/image\/","url":"http:\/\/blogdobispo.com.br\/wp-content\/uploads\/2023\/05\/cropped-headear.png","contentUrl":"http:\/\/blogdobispo.com.br\/wp-content\/uploads\/2023\/05\/cropped-headear.png","width":1500,"height":399,"caption":"Blog do Bispo"},"image":{"@id":"https:\/\/blogdobispo.com.br\/#\/schema\/logo\/image\/"}},{"@type":"Person","@id":"https:\/\/blogdobispo.com.br\/#\/schema\/person\/e2209cc0e6cea5c5233d033e997b373f","name":"Jefferson Sterfeno","image":{"@type":"ImageObject","inLanguage":"pt-BR","@id":"https:\/\/blogdobispo.com.br\/#\/schema\/person\/image\/","url":"https:\/\/secure.gravatar.com\/avatar\/0534e84764641168a677026b6d57a3f51dc7ac4db0b4f6186d9cb330d4ee1160?s=96&d=mm&r=g","contentUrl":"https:\/\/secure.gravatar.com\/avatar\/0534e84764641168a677026b6d57a3f51dc7ac4db0b4f6186d9cb330d4ee1160?s=96&d=mm&r=g","caption":"Jefferson Sterfeno"},"sameAs":["http:\/\/blogdobispo.com.br"],"url":"https:\/\/blogdobispo.com.br\/?author=1"}]}},"featured_image_urls":{"full":"","thumbnail":"","medium":"","medium_large":"","large":"","1536x1536":"","2048x2048":""},"author_info":{"display_name":"Jefferson Sterfeno","author_link":"https:\/\/blogdobispo.com.br\/?author=1"},"category_info":"<a href=\"https:\/\/blogdobispo.com.br\/?cat=1\" rel=\"category\">diversos<\/a>","tag_info":"diversos","comment_count":"0","jetpack_featured_media_url":"","jetpack_sharing_enabled":true,"_links":{"self":[{"href":"https:\/\/blogdobispo.com.br\/index.php?rest_route=\/wp\/v2\/posts\/2364","targetHints":{"allow":["GET"]}}],"collection":[{"href":"https:\/\/blogdobispo.com.br\/index.php?rest_route=\/wp\/v2\/posts"}],"about":[{"href":"https:\/\/blogdobispo.com.br\/index.php?rest_route=\/wp\/v2\/types\/post"}],"author":[{"embeddable":true,"href":"https:\/\/blogdobispo.com.br\/index.php?rest_route=\/wp\/v2\/users\/1"}],"replies":[{"embeddable":true,"href":"https:\/\/blogdobispo.com.br\/index.php?rest_route=%2Fwp%2Fv2%2Fcomments&post=2364"}],"version-history":[{"count":2,"href":"https:\/\/blogdobispo.com.br\/index.php?rest_route=\/wp\/v2\/posts\/2364\/revisions"}],"predecessor-version":[{"id":2366,"href":"https:\/\/blogdobispo.com.br\/index.php?rest_route=\/wp\/v2\/posts\/2364\/revisions\/2366"}],"wp:attachment":[{"href":"https:\/\/blogdobispo.com.br\/index.php?rest_route=%2Fwp%2Fv2%2Fmedia&parent=2364"}],"wp:term":[{"taxonomy":"category","embeddable":true,"href":"https:\/\/blogdobispo.com.br\/index.php?rest_route=%2Fwp%2Fv2%2Fcategories&post=2364"},{"taxonomy":"post_tag","embeddable":true,"href":"https:\/\/blogdobispo.com.br\/index.php?rest_route=%2Fwp%2Fv2%2Ftags&post=2364"}],"curies":[{"name":"wp","href":"https:\/\/api.w.org\/{rel}","templated":true}]}}