{"id":2341,"date":"2023-12-05T22:50:55","date_gmt":"2023-12-05T22:50:55","guid":{"rendered":"https:\/\/blogdobispo.com.br\/?p=2341"},"modified":"2023-12-05T22:50:55","modified_gmt":"2023-12-05T22:50:55","slug":"presidente-da-camara-municipal-eriko-jacome-usa-tribuna-da-camara-federal-para-homenagear-natal","status":"publish","type":"post","link":"https:\/\/blogdobispo.com.br\/?p=2341","title":{"rendered":"<em>Presidente da C\u00e2mara Municipal, Eriko J\u00e1come, usa tribuna da C\u00e2mara Federal para homenagear Natal<\/em>"},"content":{"rendered":"\n<figure class=\"wp-block-image size-large\"><img data-recalc-dims=\"1\" fetchpriority=\"high\" decoding=\"async\" width=\"800\" height=\"515\" src=\"https:\/\/i0.wp.com\/blogdobispo.com.br\/wp-content\/uploads\/2023\/12\/37945c7c-5844-4be1-a756-490c39613af6-1-1024x659.jpg?resize=800%2C515&#038;ssl=1\" class=\"wp-image-2340\" srcset=\"https:\/\/i0.wp.com\/blogdobispo.com.br\/wp-content\/uploads\/2023\/12\/37945c7c-5844-4be1-a756-490c39613af6-1.jpg?resize=1024%2C659&amp;ssl=1 1024w, https:\/\/i0.wp.com\/blogdobispo.com.br\/wp-content\/uploads\/2023\/12\/37945c7c-5844-4be1-a756-490c39613af6-1.jpg?resize=300%2C193&amp;ssl=1 300w, https:\/\/i0.wp.com\/blogdobispo.com.br\/wp-content\/uploads\/2023\/12\/37945c7c-5844-4be1-a756-490c39613af6-1.jpg?resize=768%2C494&amp;ssl=1 768w, https:\/\/i0.wp.com\/blogdobispo.com.br\/wp-content\/uploads\/2023\/12\/37945c7c-5844-4be1-a756-490c39613af6-1.jpg?w=1102&amp;ssl=1 1102w\" sizes=\"(max-width: 800px) 100vw, 800px\" \/><\/figure>\n\n\n\n<p><\/p>\n\n\n\n<p>Na manh\u00e3 desta ter\u00e7a-feira (5), o presidente da C\u00e2mara Municipal de Natal, Eriko J\u00e1come, usou a tribuna da C\u00e2mara dos Deputados para prestar homenagem \u00e0 capital potiguar, que celebrar\u00e1 seus 424 anos de hist\u00f3ria no dia 25 de dezembro deste ano.<\/p>\n\n\n\n<p>A sess\u00e3o solene contou com a presen\u00e7a do prefeito \u00c1lvaro Dias, do ex-prefeito Carlos Eduardo, do senador Rog\u00e9rio Marinho, al\u00e9m de diversos deputados federais, estaduais e vereadores. Eriko J\u00e1come destacou a trajet\u00f3ria de Natal, que tamb\u00e9m \u00e9 conhecida como a cidade do Sol, enaltecendo suas belezas naturais, cultura vibrante e a calorosa hospitalidade de sua popula\u00e7\u00e3o.<\/p>\n\n\n\n<p>&#8220;Que possamos continuar preservando e promovendo essa joia que \u00e9 Natal, enaltecendo sua cultura \u00fanica e convidando o mundo a descobrir a beleza que nela existe. Agrade\u00e7o novamente ao Deputado Paulinho Freire por sua dedica\u00e7\u00e3o e sensibilidade ao propor esta homenagem&#8221;, disse o presidente.<\/p>\n\n\n\n<p>Durante a solenidade, foram relembrados momentos marcantes da hist\u00f3ria da cidade e a import\u00e2ncia de preservar e valorizar seus patrim\u00f4nios.<\/p>\n","protected":false},"excerpt":{"rendered":"<p>Na manh\u00e3 desta ter\u00e7a-feira (5), o presidente da C\u00e2mara Municipal de Natal, Eriko J\u00e1come, usou a tribuna da C\u00e2mara dos Deputados para prestar homenagem \u00e0 capital potiguar, que celebrar\u00e1 seus 424 anos de hist\u00f3ria no dia 25 de dezembro deste ano. A sess\u00e3o solene contou com a presen\u00e7a do prefeito \u00c1lvaro Dias, do ex-prefeito Carlos [&hellip;]<\/p>\n","protected":false},"author":1,"featured_media":0,"comment_status":"open","ping_status":"open","sticky":false,"template":"","format":"standard","meta":{"cybocfi_hide_featured_image":"","_jetpack_memberships_contains_paid_content":false,"footnotes":""},"categories":[1],"tags":[],"class_list":["post-2341","post","type-post","status-publish","format-standard","hentry","category-diversos"],"yoast_head":"<!-- This site is optimized with the Yoast SEO plugin v25.6 - https:\/\/yoast.com\/wordpress\/plugins\/seo\/ -->\n<title>Presidente da C\u00e2mara Municipal, Eriko J\u00e1come, usa tribuna da C\u00e2mara Federal para homenagear Natal - Blog do Bispo<\/title>\n<meta name=\"robots\" content=\"index, follow, max-snippet:-1, max-image-preview:large, max-video-preview:-1\" \/>\n<link rel=\"canonical\" href=\"https:\/\/blogdobispo.com.br\/?p=2341\" \/>\n<meta property=\"og:locale\" content=\"pt_BR\" \/>\n<meta property=\"og:type\" content=\"article\" \/>\n<meta property=\"og:title\" content=\"Presidente da C\u00e2mara Municipal, Eriko J\u00e1come, usa tribuna da C\u00e2mara Federal para homenagear Natal - Blog do Bispo\" \/>\n<meta property=\"og:description\" content=\"Na manh\u00e3 desta ter\u00e7a-feira (5), o presidente da C\u00e2mara Municipal de Natal, Eriko J\u00e1come, usou a tribuna da C\u00e2mara dos Deputados para prestar homenagem \u00e0 capital potiguar, que celebrar\u00e1 seus 424 anos de hist\u00f3ria no dia 25 de dezembro deste ano. A sess\u00e3o solene contou com a presen\u00e7a do prefeito \u00c1lvaro Dias, do ex-prefeito Carlos [&hellip;]\" \/>\n<meta property=\"og:url\" content=\"https:\/\/blogdobispo.com.br\/?p=2341\" \/>\n<meta property=\"og:site_name\" content=\"Blog do Bispo\" \/>\n<meta property=\"article:published_time\" content=\"2023-12-05T22:50:55+00:00\" \/>\n<meta property=\"og:image\" content=\"https:\/\/blogdobispo.com.br\/wp-content\/uploads\/2023\/12\/37945c7c-5844-4be1-a756-490c39613af6-1-1024x659.jpg\" \/>\n<meta name=\"author\" content=\"Jefferson Sterfeno\" \/>\n<meta name=\"twitter:card\" content=\"summary_large_image\" \/>\n<meta name=\"twitter:label1\" content=\"Escrito por\" \/>\n\t<meta name=\"twitter:data1\" content=\"Jefferson Sterfeno\" \/>\n\t<meta name=\"twitter:label2\" content=\"Est. tempo de leitura\" \/>\n\t<meta name=\"twitter:data2\" content=\"1 minuto\" \/>\n<script type=\"application\/ld+json\" class=\"yoast-schema-graph\">{\"@context\":\"https:\/\/schema.org\",\"@graph\":[{\"@type\":\"Article\",\"@id\":\"https:\/\/blogdobispo.com.br\/?p=2341#article\",\"isPartOf\":{\"@id\":\"https:\/\/blogdobispo.com.br\/?p=2341\"},\"author\":{\"name\":\"Jefferson Sterfeno\",\"@id\":\"https:\/\/blogdobispo.com.br\/#\/schema\/person\/e2209cc0e6cea5c5233d033e997b373f\"},\"headline\":\"Presidente da C\u00e2mara Municipal, Eriko J\u00e1come, usa tribuna da C\u00e2mara Federal para homenagear Natal\",\"datePublished\":\"2023-12-05T22:50:55+00:00\",\"mainEntityOfPage\":{\"@id\":\"https:\/\/blogdobispo.com.br\/?p=2341\"},\"wordCount\":190,\"commentCount\":0,\"publisher\":{\"@id\":\"https:\/\/blogdobispo.com.br\/#organization\"},\"image\":{\"@id\":\"https:\/\/blogdobispo.com.br\/?p=2341#primaryimage\"},\"thumbnailUrl\":\"https:\/\/blogdobispo.com.br\/wp-content\/uploads\/2023\/12\/37945c7c-5844-4be1-a756-490c39613af6-1-1024x659.jpg\",\"articleSection\":[\"diversos\"],\"inLanguage\":\"pt-BR\",\"potentialAction\":[{\"@type\":\"CommentAction\",\"name\":\"Comment\",\"target\":[\"https:\/\/blogdobispo.com.br\/?p=2341#respond\"]}]},{\"@type\":\"WebPage\",\"@id\":\"https:\/\/blogdobispo.com.br\/?p=2341\",\"url\":\"https:\/\/blogdobispo.com.br\/?p=2341\",\"name\":\"Presidente da C\u00e2mara Municipal, Eriko J\u00e1come, usa tribuna da C\u00e2mara Federal para homenagear Natal - Blog do Bispo\",\"isPartOf\":{\"@id\":\"https:\/\/blogdobispo.com.br\/#website\"},\"primaryImageOfPage\":{\"@id\":\"https:\/\/blogdobispo.com.br\/?p=2341#primaryimage\"},\"image\":{\"@id\":\"https:\/\/blogdobispo.com.br\/?p=2341#primaryimage\"},\"thumbnailUrl\":\"https:\/\/blogdobispo.com.br\/wp-content\/uploads\/2023\/12\/37945c7c-5844-4be1-a756-490c39613af6-1-1024x659.jpg\",\"datePublished\":\"2023-12-05T22:50:55+00:00\",\"breadcrumb\":{\"@id\":\"https:\/\/blogdobispo.com.br\/?p=2341#breadcrumb\"},\"inLanguage\":\"pt-BR\",\"potentialAction\":[{\"@type\":\"ReadAction\",\"target\":[\"https:\/\/blogdobispo.com.br\/?p=2341\"]}]},{\"@type\":\"ImageObject\",\"inLanguage\":\"pt-BR\",\"@id\":\"https:\/\/blogdobispo.com.br\/?p=2341#primaryimage\",\"url\":\"https:\/\/blogdobispo.com.br\/wp-content\/uploads\/2023\/12\/37945c7c-5844-4be1-a756-490c39613af6-1-1024x659.jpg\",\"contentUrl\":\"https:\/\/blogdobispo.com.br\/wp-content\/uploads\/2023\/12\/37945c7c-5844-4be1-a756-490c39613af6-1-1024x659.jpg\"},{\"@type\":\"BreadcrumbList\",\"@id\":\"https:\/\/blogdobispo.com.br\/?p=2341#breadcrumb\",\"itemListElement\":[{\"@type\":\"ListItem\",\"position\":1,\"name\":\"In\u00edcio\",\"item\":\"https:\/\/blogdobispo.com.br\/\"},{\"@type\":\"ListItem\",\"position\":2,\"name\":\"Presidente da C\u00e2mara Municipal, Eriko J\u00e1come, usa tribuna da C\u00e2mara Federal para homenagear Natal\"}]},{\"@type\":\"WebSite\",\"@id\":\"https:\/\/blogdobispo.com.br\/#website\",\"url\":\"https:\/\/blogdobispo.com.br\/\",\"name\":\"Blog do Bispo\",\"description\":\"Comprometido apenas com o leitor\",\"publisher\":{\"@id\":\"https:\/\/blogdobispo.com.br\/#organization\"},\"potentialAction\":[{\"@type\":\"SearchAction\",\"target\":{\"@type\":\"EntryPoint\",\"urlTemplate\":\"https:\/\/blogdobispo.com.br\/?s={search_term_string}\"},\"query-input\":{\"@type\":\"PropertyValueSpecification\",\"valueRequired\":true,\"valueName\":\"search_term_string\"}}],\"inLanguage\":\"pt-BR\"},{\"@type\":\"Organization\",\"@id\":\"https:\/\/blogdobispo.com.br\/#organization\",\"name\":\"Blog do Bispo\",\"url\":\"https:\/\/blogdobispo.com.br\/\",\"logo\":{\"@type\":\"ImageObject\",\"inLanguage\":\"pt-BR\",\"@id\":\"https:\/\/blogdobispo.com.br\/#\/schema\/logo\/image\/\",\"url\":\"http:\/\/blogdobispo.com.br\/wp-content\/uploads\/2023\/05\/cropped-headear.png\",\"contentUrl\":\"http:\/\/blogdobispo.com.br\/wp-content\/uploads\/2023\/05\/cropped-headear.png\",\"width\":1500,\"height\":399,\"caption\":\"Blog do Bispo\"},\"image\":{\"@id\":\"https:\/\/blogdobispo.com.br\/#\/schema\/logo\/image\/\"}},{\"@type\":\"Person\",\"@id\":\"https:\/\/blogdobispo.com.br\/#\/schema\/person\/e2209cc0e6cea5c5233d033e997b373f\",\"name\":\"Jefferson Sterfeno\",\"image\":{\"@type\":\"ImageObject\",\"inLanguage\":\"pt-BR\",\"@id\":\"https:\/\/blogdobispo.com.br\/#\/schema\/person\/image\/\",\"url\":\"https:\/\/secure.gravatar.com\/avatar\/0534e84764641168a677026b6d57a3f51dc7ac4db0b4f6186d9cb330d4ee1160?s=96&d=mm&r=g\",\"contentUrl\":\"https:\/\/secure.gravatar.com\/avatar\/0534e84764641168a677026b6d57a3f51dc7ac4db0b4f6186d9cb330d4ee1160?s=96&d=mm&r=g\",\"caption\":\"Jefferson Sterfeno\"},\"sameAs\":[\"http:\/\/blogdobispo.com.br\"],\"url\":\"https:\/\/blogdobispo.com.br\/?author=1\"}]}<\/script>\n<!-- \/ Yoast SEO plugin. -->","yoast_head_json":{"title":"Presidente da C\u00e2mara Municipal, Eriko J\u00e1come, usa tribuna da C\u00e2mara Federal para homenagear Natal - Blog do Bispo","robots":{"index":"index","follow":"follow","max-snippet":"max-snippet:-1","max-image-preview":"max-image-preview:large","max-video-preview":"max-video-preview:-1"},"canonical":"https:\/\/blogdobispo.com.br\/?p=2341","og_locale":"pt_BR","og_type":"article","og_title":"Presidente da C\u00e2mara Municipal, Eriko J\u00e1come, usa tribuna da C\u00e2mara Federal para homenagear Natal - Blog do Bispo","og_description":"Na manh\u00e3 desta ter\u00e7a-feira (5), o presidente da C\u00e2mara Municipal de Natal, Eriko J\u00e1come, usou a tribuna da C\u00e2mara dos Deputados para prestar homenagem \u00e0 capital potiguar, que celebrar\u00e1 seus 424 anos de hist\u00f3ria no dia 25 de dezembro deste ano. A sess\u00e3o solene contou com a presen\u00e7a do prefeito \u00c1lvaro Dias, do ex-prefeito Carlos [&hellip;]","og_url":"https:\/\/blogdobispo.com.br\/?p=2341","og_site_name":"Blog do Bispo","article_published_time":"2023-12-05T22:50:55+00:00","og_image":[{"url":"https:\/\/blogdobispo.com.br\/wp-content\/uploads\/2023\/12\/37945c7c-5844-4be1-a756-490c39613af6-1-1024x659.jpg","type":"","width":"","height":""}],"author":"Jefferson Sterfeno","twitter_card":"summary_large_image","twitter_misc":{"Escrito por":"Jefferson Sterfeno","Est. tempo de leitura":"1 minuto"},"schema":{"@context":"https:\/\/schema.org","@graph":[{"@type":"Article","@id":"https:\/\/blogdobispo.com.br\/?p=2341#article","isPartOf":{"@id":"https:\/\/blogdobispo.com.br\/?p=2341"},"author":{"name":"Jefferson Sterfeno","@id":"https:\/\/blogdobispo.com.br\/#\/schema\/person\/e2209cc0e6cea5c5233d033e997b373f"},"headline":"Presidente da C\u00e2mara Municipal, Eriko J\u00e1come, usa tribuna da C\u00e2mara Federal para homenagear Natal","datePublished":"2023-12-05T22:50:55+00:00","mainEntityOfPage":{"@id":"https:\/\/blogdobispo.com.br\/?p=2341"},"wordCount":190,"commentCount":0,"publisher":{"@id":"https:\/\/blogdobispo.com.br\/#organization"},"image":{"@id":"https:\/\/blogdobispo.com.br\/?p=2341#primaryimage"},"thumbnailUrl":"https:\/\/blogdobispo.com.br\/wp-content\/uploads\/2023\/12\/37945c7c-5844-4be1-a756-490c39613af6-1-1024x659.jpg","articleSection":["diversos"],"inLanguage":"pt-BR","potentialAction":[{"@type":"CommentAction","name":"Comment","target":["https:\/\/blogdobispo.com.br\/?p=2341#respond"]}]},{"@type":"WebPage","@id":"https:\/\/blogdobispo.com.br\/?p=2341","url":"https:\/\/blogdobispo.com.br\/?p=2341","name":"Presidente da C\u00e2mara Municipal, Eriko J\u00e1come, usa tribuna da C\u00e2mara Federal para homenagear Natal - Blog do Bispo","isPartOf":{"@id":"https:\/\/blogdobispo.com.br\/#website"},"primaryImageOfPage":{"@id":"https:\/\/blogdobispo.com.br\/?p=2341#primaryimage"},"image":{"@id":"https:\/\/blogdobispo.com.br\/?p=2341#primaryimage"},"thumbnailUrl":"https:\/\/blogdobispo.com.br\/wp-content\/uploads\/2023\/12\/37945c7c-5844-4be1-a756-490c39613af6-1-1024x659.jpg","datePublished":"2023-12-05T22:50:55+00:00","breadcrumb":{"@id":"https:\/\/blogdobispo.com.br\/?p=2341#breadcrumb"},"inLanguage":"pt-BR","potentialAction":[{"@type":"ReadAction","target":["https:\/\/blogdobispo.com.br\/?p=2341"]}]},{"@type":"ImageObject","inLanguage":"pt-BR","@id":"https:\/\/blogdobispo.com.br\/?p=2341#primaryimage","url":"https:\/\/blogdobispo.com.br\/wp-content\/uploads\/2023\/12\/37945c7c-5844-4be1-a756-490c39613af6-1-1024x659.jpg","contentUrl":"https:\/\/blogdobispo.com.br\/wp-content\/uploads\/2023\/12\/37945c7c-5844-4be1-a756-490c39613af6-1-1024x659.jpg"},{"@type":"BreadcrumbList","@id":"https:\/\/blogdobispo.com.br\/?p=2341#breadcrumb","itemListElement":[{"@type":"ListItem","position":1,"name":"In\u00edcio","item":"https:\/\/blogdobispo.com.br\/"},{"@type":"ListItem","position":2,"name":"Presidente da C\u00e2mara Municipal, Eriko J\u00e1come, usa tribuna da C\u00e2mara Federal para homenagear Natal"}]},{"@type":"WebSite","@id":"https:\/\/blogdobispo.com.br\/#website","url":"https:\/\/blogdobispo.com.br\/","name":"Blog do Bispo","description":"Comprometido apenas com o leitor","publisher":{"@id":"https:\/\/blogdobispo.com.br\/#organization"},"potentialAction":[{"@type":"SearchAction","target":{"@type":"EntryPoint","urlTemplate":"https:\/\/blogdobispo.com.br\/?s={search_term_string}"},"query-input":{"@type":"PropertyValueSpecification","valueRequired":true,"valueName":"search_term_string"}}],"inLanguage":"pt-BR"},{"@type":"Organization","@id":"https:\/\/blogdobispo.com.br\/#organization","name":"Blog do Bispo","url":"https:\/\/blogdobispo.com.br\/","logo":{"@type":"ImageObject","inLanguage":"pt-BR","@id":"https:\/\/blogdobispo.com.br\/#\/schema\/logo\/image\/","url":"http:\/\/blogdobispo.com.br\/wp-content\/uploads\/2023\/05\/cropped-headear.png","contentUrl":"http:\/\/blogdobispo.com.br\/wp-content\/uploads\/2023\/05\/cropped-headear.png","width":1500,"height":399,"caption":"Blog do Bispo"},"image":{"@id":"https:\/\/blogdobispo.com.br\/#\/schema\/logo\/image\/"}},{"@type":"Person","@id":"https:\/\/blogdobispo.com.br\/#\/schema\/person\/e2209cc0e6cea5c5233d033e997b373f","name":"Jefferson Sterfeno","image":{"@type":"ImageObject","inLanguage":"pt-BR","@id":"https:\/\/blogdobispo.com.br\/#\/schema\/person\/image\/","url":"https:\/\/secure.gravatar.com\/avatar\/0534e84764641168a677026b6d57a3f51dc7ac4db0b4f6186d9cb330d4ee1160?s=96&d=mm&r=g","contentUrl":"https:\/\/secure.gravatar.com\/avatar\/0534e84764641168a677026b6d57a3f51dc7ac4db0b4f6186d9cb330d4ee1160?s=96&d=mm&r=g","caption":"Jefferson Sterfeno"},"sameAs":["http:\/\/blogdobispo.com.br"],"url":"https:\/\/blogdobispo.com.br\/?author=1"}]}},"featured_image_urls":{"full":"","thumbnail":"","medium":"","medium_large":"","large":"","1536x1536":"","2048x2048":""},"author_info":{"display_name":"Jefferson Sterfeno","author_link":"https:\/\/blogdobispo.com.br\/?author=1"},"category_info":"<a href=\"https:\/\/blogdobispo.com.br\/?cat=1\" rel=\"category\">diversos<\/a>","tag_info":"diversos","comment_count":"0","jetpack_featured_media_url":"","jetpack_sharing_enabled":true,"_links":{"self":[{"href":"https:\/\/blogdobispo.com.br\/index.php?rest_route=\/wp\/v2\/posts\/2341","targetHints":{"allow":["GET"]}}],"collection":[{"href":"https:\/\/blogdobispo.com.br\/index.php?rest_route=\/wp\/v2\/posts"}],"about":[{"href":"https:\/\/blogdobispo.com.br\/index.php?rest_route=\/wp\/v2\/types\/post"}],"author":[{"embeddable":true,"href":"https:\/\/blogdobispo.com.br\/index.php?rest_route=\/wp\/v2\/users\/1"}],"replies":[{"embeddable":true,"href":"https:\/\/blogdobispo.com.br\/index.php?rest_route=%2Fwp%2Fv2%2Fcomments&post=2341"}],"version-history":[{"count":0,"href":"https:\/\/blogdobispo.com.br\/index.php?rest_route=\/wp\/v2\/posts\/2341\/revisions"}],"wp:attachment":[{"href":"https:\/\/blogdobispo.com.br\/index.php?rest_route=%2Fwp%2Fv2%2Fmedia&parent=2341"}],"wp:term":[{"taxonomy":"category","embeddable":true,"href":"https:\/\/blogdobispo.com.br\/index.php?rest_route=%2Fwp%2Fv2%2Fcategories&post=2341"},{"taxonomy":"post_tag","embeddable":true,"href":"https:\/\/blogdobispo.com.br\/index.php?rest_route=%2Fwp%2Fv2%2Ftags&post=2341"}],"curies":[{"name":"wp","href":"https:\/\/api.w.org\/{rel}","templated":true}]}}