{"id":2337,"date":"2023-12-05T16:09:56","date_gmt":"2023-12-05T16:09:56","guid":{"rendered":"https:\/\/blogdobispo.com.br\/?p=2337"},"modified":"2023-12-05T16:09:56","modified_gmt":"2023-12-05T16:09:56","slug":"trampolim-da-vitoria-lanca-onibus-natalino-e-campanha-de-doacao-de-alimentos","status":"publish","type":"post","link":"https:\/\/blogdobispo.com.br\/?p=2337","title":{"rendered":"<em>Trampolim da Vit\u00f3ria lan\u00e7a \u00f4nibus natalino e campanha de doa\u00e7\u00e3o de alimentos<\/em>"},"content":{"rendered":"\n<figure class=\"wp-block-image size-large\"><img data-recalc-dims=\"1\" fetchpriority=\"high\" decoding=\"async\" width=\"800\" height=\"663\" src=\"https:\/\/i0.wp.com\/blogdobispo.com.br\/wp-content\/uploads\/2023\/12\/3ebe5745-d2fa-4c68-b184-472bcf4fa4f7-1-1024x849.jpg?resize=800%2C663&#038;ssl=1\" class=\"wp-image-2336\" srcset=\"https:\/\/i0.wp.com\/blogdobispo.com.br\/wp-content\/uploads\/2023\/12\/3ebe5745-d2fa-4c68-b184-472bcf4fa4f7-1.jpg?resize=1024%2C849&amp;ssl=1 1024w, https:\/\/i0.wp.com\/blogdobispo.com.br\/wp-content\/uploads\/2023\/12\/3ebe5745-d2fa-4c68-b184-472bcf4fa4f7-1.jpg?resize=300%2C249&amp;ssl=1 300w, https:\/\/i0.wp.com\/blogdobispo.com.br\/wp-content\/uploads\/2023\/12\/3ebe5745-d2fa-4c68-b184-472bcf4fa4f7-1.jpg?resize=768%2C636&amp;ssl=1 768w, https:\/\/i0.wp.com\/blogdobispo.com.br\/wp-content\/uploads\/2023\/12\/3ebe5745-d2fa-4c68-b184-472bcf4fa4f7-1.jpg?resize=1536%2C1273&amp;ssl=1 1536w, https:\/\/i0.wp.com\/blogdobispo.com.br\/wp-content\/uploads\/2023\/12\/3ebe5745-d2fa-4c68-b184-472bcf4fa4f7-1.jpg?w=1600&amp;ssl=1 1600w\" sizes=\"(max-width: 800px) 100vw, 800px\" \/><\/figure>\n\n\n\n<p><\/p>\n\n\n\n<p><em>Ve\u00edculo vai realizar viagens solid\u00e1rias nos pr\u00f3ximos finais de semana entre os munic\u00edpios de Parnamirim, Maca\u00edba e S\u00e3o Gon\u00e7alo do Amarante, para a \u00c1rvore de Natal de Mirassol<\/em><\/p>\n\n\n\n<p>A Trampolim da Vit\u00f3ria, operadora de linhas na Regi\u00e3o Metropolitana de Natal, est\u00e1 lan\u00e7ando a campanha &#8220;Grande Natal da Solidariedade&#8221;. A empresa ornamentou um ve\u00edculo com decora\u00e7\u00f5es festivas e temas natalinos, que ser\u00e1 uma atra\u00e7\u00e3o itinerante na Grande Natal e vai realizar viagens solid\u00e1rias nos pr\u00f3ximos finais de semana entre os munic\u00edpios de Parnamirim, Maca\u00edba e S\u00e3o Gon\u00e7alo do Amarante, para a \u00c1rvore de Natal de Mirassol, em Natal. O pagamento da tarifa ser\u00e1 feito com 2 kg de alimentos n\u00e3o perec\u00edveis (exceto sal), que ser\u00e3o doados para as comunidades carentes das tr\u00eas cidades onde a empresa opera.<\/p>\n\n\n\n<p>De acordo com o diretor da empresa, Almir Buonora, a a\u00e7\u00e3o visa proporcionar uma experi\u00eancia natalina aos passageiros e fortalecer a solidariedade do per\u00edodo natalino. &#8220;A Trampolim da Vit\u00f3ria tem como slogan a frase &#8216;Transporte Acolhedor&#8217;, e n\u00f3s levamos isso a s\u00e9rio. Por acreditarmos no poder de fazer o bem, \u00e9 que lan\u00e7amos esta campanha de arrecada\u00e7\u00e3o de alimentos e das viagens solid\u00e1rias com o \u00f4nibus natalino. Queremos unir nossos esfor\u00e7os com a comunidade para fazer a diferen\u00e7a na vida daqueles que necessitam&#8221;, explica.<\/p>\n\n\n\n<p>O \u00f4nibus natalino da Trampolim da Vit\u00f3ria est\u00e1 decorado com piscas e luzes brilhantes, enfeites encantadores e adesivagem festiva, criando uma atmosfera m\u00e1gica para os passageiros. Ele entrou em opera\u00e7\u00e3o nesta segunda-feira (4), e durante a semana vai circular nas principais linhas da empresa at\u00e9 o dia 6 de janeiro, quando se comemora o Dia de Santos Reis.<\/p>\n\n\n\n<p><em>Doa\u00e7\u00e3o de alimentos e viagens solid\u00e1rias<\/em><\/p>\n\n\n\n<p>A partir do pr\u00f3ximo final de semana (confira a programa\u00e7\u00e3o ao final), o \u00f4nibus natalino vai realizar viagens solid\u00e1rias partindo \u00e0s 18h do terminal de cada um dos munic\u00edpios onde a empresa opera (Parnamirim, Maca\u00edba e S\u00e3o Gon\u00e7alo do Amarante), levando os passageiros para a \u00e1rvore de Natal de Mirassol, na zona Sul de Natal. Para embarcar no ve\u00edculo, basta que os clientes fa\u00e7am a doa\u00e7\u00e3o de 2 kg de alimentos n\u00e3o perec\u00edveis (exceto sal). O retorno de Mirassol ser\u00e1 \u00e0s 20h30min.<\/p>\n\n\n\n<p>Todos os alimentos arrecadados ser\u00e3o doados para a popula\u00e7\u00e3o que vivem em comunidades carentes dos tr\u00eas munic\u00edpios onde a Trampolim opera.<\/p>\n\n\n\n<p>&#8220;Com essa a\u00e7\u00e3o, estaremos ajudando a quem mais precisa, al\u00e9m de proporcionar que a popula\u00e7\u00e3o possa visitar a \u00c1rvore de Mirassol, uma das maiores do Brasil. Convidamos a todos a participarem dessa iniciativa, vivendo a magia natalina a bordo do nosso \u00f4nibus decorado e contribuindo para tornar melhor o Natal para aqueles que enfrentam maiores desafios. Juntos, podemos tornar esta temporada festiva ainda mais especial&#8221;, considera Almir.<\/p>\n\n\n\n<p><em>Programa\u00e7\u00e3o \u00f4nibus natalino<\/em><\/p>\n\n\n\n<p>9 e 10 de dezembro &#8211; 18h &#8211; Parnamirim<br>16 de dezembro &#8211; 18h &#8211; Maca\u00edba<br>17 de dezembro &#8211; 18h &#8211; S\u00e3o Gon\u00e7alo do Amarante<\/p>\n","protected":false},"excerpt":{"rendered":"<p>Ve\u00edculo vai realizar viagens solid\u00e1rias nos pr\u00f3ximos finais de semana entre os munic\u00edpios de Parnamirim, Maca\u00edba e S\u00e3o Gon\u00e7alo do Amarante, para a \u00c1rvore de Natal de Mirassol A Trampolim da Vit\u00f3ria, operadora de linhas na Regi\u00e3o Metropolitana de Natal, est\u00e1 lan\u00e7ando a campanha &#8220;Grande Natal da Solidariedade&#8221;. A empresa ornamentou um ve\u00edculo com decora\u00e7\u00f5es [&hellip;]<\/p>\n","protected":false},"author":1,"featured_media":0,"comment_status":"open","ping_status":"open","sticky":false,"template":"","format":"standard","meta":{"cybocfi_hide_featured_image":"","_jetpack_memberships_contains_paid_content":false,"footnotes":""},"categories":[1],"tags":[],"class_list":["post-2337","post","type-post","status-publish","format-standard","hentry","category-diversos"],"yoast_head":"<!-- This site is optimized with the Yoast SEO plugin v25.6 - https:\/\/yoast.com\/wordpress\/plugins\/seo\/ -->\n<title>Trampolim da Vit\u00f3ria lan\u00e7a \u00f4nibus natalino e campanha de doa\u00e7\u00e3o de alimentos - Blog do Bispo<\/title>\n<meta name=\"robots\" content=\"index, follow, max-snippet:-1, max-image-preview:large, max-video-preview:-1\" \/>\n<link rel=\"canonical\" href=\"https:\/\/blogdobispo.com.br\/?p=2337\" \/>\n<meta property=\"og:locale\" content=\"pt_BR\" \/>\n<meta property=\"og:type\" content=\"article\" \/>\n<meta property=\"og:title\" content=\"Trampolim da Vit\u00f3ria lan\u00e7a \u00f4nibus natalino e campanha de doa\u00e7\u00e3o de alimentos - Blog do Bispo\" \/>\n<meta property=\"og:description\" content=\"Ve\u00edculo vai realizar viagens solid\u00e1rias nos pr\u00f3ximos finais de semana entre os munic\u00edpios de Parnamirim, Maca\u00edba e S\u00e3o Gon\u00e7alo do Amarante, para a \u00c1rvore de Natal de Mirassol A Trampolim da Vit\u00f3ria, operadora de linhas na Regi\u00e3o Metropolitana de Natal, est\u00e1 lan\u00e7ando a campanha &#8220;Grande Natal da Solidariedade&#8221;. A empresa ornamentou um ve\u00edculo com decora\u00e7\u00f5es [&hellip;]\" \/>\n<meta property=\"og:url\" content=\"https:\/\/blogdobispo.com.br\/?p=2337\" \/>\n<meta property=\"og:site_name\" content=\"Blog do Bispo\" \/>\n<meta property=\"article:published_time\" content=\"2023-12-05T16:09:56+00:00\" \/>\n<meta property=\"og:image\" content=\"https:\/\/blogdobispo.com.br\/wp-content\/uploads\/2023\/12\/3ebe5745-d2fa-4c68-b184-472bcf4fa4f7-1-1024x849.jpg\" \/>\n<meta name=\"author\" content=\"Jefferson Sterfeno\" \/>\n<meta name=\"twitter:card\" content=\"summary_large_image\" \/>\n<meta name=\"twitter:label1\" content=\"Escrito por\" \/>\n\t<meta name=\"twitter:data1\" content=\"Jefferson Sterfeno\" \/>\n\t<meta name=\"twitter:label2\" content=\"Est. tempo de leitura\" \/>\n\t<meta name=\"twitter:data2\" content=\"3 minutos\" \/>\n<script type=\"application\/ld+json\" class=\"yoast-schema-graph\">{\"@context\":\"https:\/\/schema.org\",\"@graph\":[{\"@type\":\"Article\",\"@id\":\"https:\/\/blogdobispo.com.br\/?p=2337#article\",\"isPartOf\":{\"@id\":\"https:\/\/blogdobispo.com.br\/?p=2337\"},\"author\":{\"name\":\"Jefferson Sterfeno\",\"@id\":\"https:\/\/blogdobispo.com.br\/#\/schema\/person\/e2209cc0e6cea5c5233d033e997b373f\"},\"headline\":\"Trampolim da Vit\u00f3ria lan\u00e7a \u00f4nibus natalino e campanha de doa\u00e7\u00e3o de alimentos\",\"datePublished\":\"2023-12-05T16:09:56+00:00\",\"mainEntityOfPage\":{\"@id\":\"https:\/\/blogdobispo.com.br\/?p=2337\"},\"wordCount\":542,\"commentCount\":0,\"publisher\":{\"@id\":\"https:\/\/blogdobispo.com.br\/#organization\"},\"image\":{\"@id\":\"https:\/\/blogdobispo.com.br\/?p=2337#primaryimage\"},\"thumbnailUrl\":\"https:\/\/blogdobispo.com.br\/wp-content\/uploads\/2023\/12\/3ebe5745-d2fa-4c68-b184-472bcf4fa4f7-1-1024x849.jpg\",\"articleSection\":[\"diversos\"],\"inLanguage\":\"pt-BR\",\"potentialAction\":[{\"@type\":\"CommentAction\",\"name\":\"Comment\",\"target\":[\"https:\/\/blogdobispo.com.br\/?p=2337#respond\"]}]},{\"@type\":\"WebPage\",\"@id\":\"https:\/\/blogdobispo.com.br\/?p=2337\",\"url\":\"https:\/\/blogdobispo.com.br\/?p=2337\",\"name\":\"Trampolim da Vit\u00f3ria lan\u00e7a \u00f4nibus natalino e campanha de doa\u00e7\u00e3o de alimentos - Blog do Bispo\",\"isPartOf\":{\"@id\":\"https:\/\/blogdobispo.com.br\/#website\"},\"primaryImageOfPage\":{\"@id\":\"https:\/\/blogdobispo.com.br\/?p=2337#primaryimage\"},\"image\":{\"@id\":\"https:\/\/blogdobispo.com.br\/?p=2337#primaryimage\"},\"thumbnailUrl\":\"https:\/\/blogdobispo.com.br\/wp-content\/uploads\/2023\/12\/3ebe5745-d2fa-4c68-b184-472bcf4fa4f7-1-1024x849.jpg\",\"datePublished\":\"2023-12-05T16:09:56+00:00\",\"breadcrumb\":{\"@id\":\"https:\/\/blogdobispo.com.br\/?p=2337#breadcrumb\"},\"inLanguage\":\"pt-BR\",\"potentialAction\":[{\"@type\":\"ReadAction\",\"target\":[\"https:\/\/blogdobispo.com.br\/?p=2337\"]}]},{\"@type\":\"ImageObject\",\"inLanguage\":\"pt-BR\",\"@id\":\"https:\/\/blogdobispo.com.br\/?p=2337#primaryimage\",\"url\":\"https:\/\/blogdobispo.com.br\/wp-content\/uploads\/2023\/12\/3ebe5745-d2fa-4c68-b184-472bcf4fa4f7-1-1024x849.jpg\",\"contentUrl\":\"https:\/\/blogdobispo.com.br\/wp-content\/uploads\/2023\/12\/3ebe5745-d2fa-4c68-b184-472bcf4fa4f7-1-1024x849.jpg\"},{\"@type\":\"BreadcrumbList\",\"@id\":\"https:\/\/blogdobispo.com.br\/?p=2337#breadcrumb\",\"itemListElement\":[{\"@type\":\"ListItem\",\"position\":1,\"name\":\"In\u00edcio\",\"item\":\"https:\/\/blogdobispo.com.br\/\"},{\"@type\":\"ListItem\",\"position\":2,\"name\":\"Trampolim da Vit\u00f3ria lan\u00e7a \u00f4nibus natalino e campanha de doa\u00e7\u00e3o de alimentos\"}]},{\"@type\":\"WebSite\",\"@id\":\"https:\/\/blogdobispo.com.br\/#website\",\"url\":\"https:\/\/blogdobispo.com.br\/\",\"name\":\"Blog do Bispo\",\"description\":\"Comprometido apenas com o leitor\",\"publisher\":{\"@id\":\"https:\/\/blogdobispo.com.br\/#organization\"},\"potentialAction\":[{\"@type\":\"SearchAction\",\"target\":{\"@type\":\"EntryPoint\",\"urlTemplate\":\"https:\/\/blogdobispo.com.br\/?s={search_term_string}\"},\"query-input\":{\"@type\":\"PropertyValueSpecification\",\"valueRequired\":true,\"valueName\":\"search_term_string\"}}],\"inLanguage\":\"pt-BR\"},{\"@type\":\"Organization\",\"@id\":\"https:\/\/blogdobispo.com.br\/#organization\",\"name\":\"Blog do Bispo\",\"url\":\"https:\/\/blogdobispo.com.br\/\",\"logo\":{\"@type\":\"ImageObject\",\"inLanguage\":\"pt-BR\",\"@id\":\"https:\/\/blogdobispo.com.br\/#\/schema\/logo\/image\/\",\"url\":\"http:\/\/blogdobispo.com.br\/wp-content\/uploads\/2023\/05\/cropped-headear.png\",\"contentUrl\":\"http:\/\/blogdobispo.com.br\/wp-content\/uploads\/2023\/05\/cropped-headear.png\",\"width\":1500,\"height\":399,\"caption\":\"Blog do Bispo\"},\"image\":{\"@id\":\"https:\/\/blogdobispo.com.br\/#\/schema\/logo\/image\/\"}},{\"@type\":\"Person\",\"@id\":\"https:\/\/blogdobispo.com.br\/#\/schema\/person\/e2209cc0e6cea5c5233d033e997b373f\",\"name\":\"Jefferson Sterfeno\",\"image\":{\"@type\":\"ImageObject\",\"inLanguage\":\"pt-BR\",\"@id\":\"https:\/\/blogdobispo.com.br\/#\/schema\/person\/image\/\",\"url\":\"https:\/\/secure.gravatar.com\/avatar\/0534e84764641168a677026b6d57a3f51dc7ac4db0b4f6186d9cb330d4ee1160?s=96&d=mm&r=g\",\"contentUrl\":\"https:\/\/secure.gravatar.com\/avatar\/0534e84764641168a677026b6d57a3f51dc7ac4db0b4f6186d9cb330d4ee1160?s=96&d=mm&r=g\",\"caption\":\"Jefferson Sterfeno\"},\"sameAs\":[\"http:\/\/blogdobispo.com.br\"],\"url\":\"https:\/\/blogdobispo.com.br\/?author=1\"}]}<\/script>\n<!-- \/ Yoast SEO plugin. -->","yoast_head_json":{"title":"Trampolim da Vit\u00f3ria lan\u00e7a \u00f4nibus natalino e campanha de doa\u00e7\u00e3o de alimentos - Blog do Bispo","robots":{"index":"index","follow":"follow","max-snippet":"max-snippet:-1","max-image-preview":"max-image-preview:large","max-video-preview":"max-video-preview:-1"},"canonical":"https:\/\/blogdobispo.com.br\/?p=2337","og_locale":"pt_BR","og_type":"article","og_title":"Trampolim da Vit\u00f3ria lan\u00e7a \u00f4nibus natalino e campanha de doa\u00e7\u00e3o de alimentos - Blog do Bispo","og_description":"Ve\u00edculo vai realizar viagens solid\u00e1rias nos pr\u00f3ximos finais de semana entre os munic\u00edpios de Parnamirim, Maca\u00edba e S\u00e3o Gon\u00e7alo do Amarante, para a \u00c1rvore de Natal de Mirassol A Trampolim da Vit\u00f3ria, operadora de linhas na Regi\u00e3o Metropolitana de Natal, est\u00e1 lan\u00e7ando a campanha &#8220;Grande Natal da Solidariedade&#8221;. A empresa ornamentou um ve\u00edculo com decora\u00e7\u00f5es [&hellip;]","og_url":"https:\/\/blogdobispo.com.br\/?p=2337","og_site_name":"Blog do Bispo","article_published_time":"2023-12-05T16:09:56+00:00","og_image":[{"url":"https:\/\/blogdobispo.com.br\/wp-content\/uploads\/2023\/12\/3ebe5745-d2fa-4c68-b184-472bcf4fa4f7-1-1024x849.jpg","type":"","width":"","height":""}],"author":"Jefferson Sterfeno","twitter_card":"summary_large_image","twitter_misc":{"Escrito por":"Jefferson Sterfeno","Est. tempo de leitura":"3 minutos"},"schema":{"@context":"https:\/\/schema.org","@graph":[{"@type":"Article","@id":"https:\/\/blogdobispo.com.br\/?p=2337#article","isPartOf":{"@id":"https:\/\/blogdobispo.com.br\/?p=2337"},"author":{"name":"Jefferson Sterfeno","@id":"https:\/\/blogdobispo.com.br\/#\/schema\/person\/e2209cc0e6cea5c5233d033e997b373f"},"headline":"Trampolim da Vit\u00f3ria lan\u00e7a \u00f4nibus natalino e campanha de doa\u00e7\u00e3o de alimentos","datePublished":"2023-12-05T16:09:56+00:00","mainEntityOfPage":{"@id":"https:\/\/blogdobispo.com.br\/?p=2337"},"wordCount":542,"commentCount":0,"publisher":{"@id":"https:\/\/blogdobispo.com.br\/#organization"},"image":{"@id":"https:\/\/blogdobispo.com.br\/?p=2337#primaryimage"},"thumbnailUrl":"https:\/\/blogdobispo.com.br\/wp-content\/uploads\/2023\/12\/3ebe5745-d2fa-4c68-b184-472bcf4fa4f7-1-1024x849.jpg","articleSection":["diversos"],"inLanguage":"pt-BR","potentialAction":[{"@type":"CommentAction","name":"Comment","target":["https:\/\/blogdobispo.com.br\/?p=2337#respond"]}]},{"@type":"WebPage","@id":"https:\/\/blogdobispo.com.br\/?p=2337","url":"https:\/\/blogdobispo.com.br\/?p=2337","name":"Trampolim da Vit\u00f3ria lan\u00e7a \u00f4nibus natalino e campanha de doa\u00e7\u00e3o de alimentos - Blog do Bispo","isPartOf":{"@id":"https:\/\/blogdobispo.com.br\/#website"},"primaryImageOfPage":{"@id":"https:\/\/blogdobispo.com.br\/?p=2337#primaryimage"},"image":{"@id":"https:\/\/blogdobispo.com.br\/?p=2337#primaryimage"},"thumbnailUrl":"https:\/\/blogdobispo.com.br\/wp-content\/uploads\/2023\/12\/3ebe5745-d2fa-4c68-b184-472bcf4fa4f7-1-1024x849.jpg","datePublished":"2023-12-05T16:09:56+00:00","breadcrumb":{"@id":"https:\/\/blogdobispo.com.br\/?p=2337#breadcrumb"},"inLanguage":"pt-BR","potentialAction":[{"@type":"ReadAction","target":["https:\/\/blogdobispo.com.br\/?p=2337"]}]},{"@type":"ImageObject","inLanguage":"pt-BR","@id":"https:\/\/blogdobispo.com.br\/?p=2337#primaryimage","url":"https:\/\/blogdobispo.com.br\/wp-content\/uploads\/2023\/12\/3ebe5745-d2fa-4c68-b184-472bcf4fa4f7-1-1024x849.jpg","contentUrl":"https:\/\/blogdobispo.com.br\/wp-content\/uploads\/2023\/12\/3ebe5745-d2fa-4c68-b184-472bcf4fa4f7-1-1024x849.jpg"},{"@type":"BreadcrumbList","@id":"https:\/\/blogdobispo.com.br\/?p=2337#breadcrumb","itemListElement":[{"@type":"ListItem","position":1,"name":"In\u00edcio","item":"https:\/\/blogdobispo.com.br\/"},{"@type":"ListItem","position":2,"name":"Trampolim da Vit\u00f3ria lan\u00e7a \u00f4nibus natalino e campanha de doa\u00e7\u00e3o de alimentos"}]},{"@type":"WebSite","@id":"https:\/\/blogdobispo.com.br\/#website","url":"https:\/\/blogdobispo.com.br\/","name":"Blog do Bispo","description":"Comprometido apenas com o leitor","publisher":{"@id":"https:\/\/blogdobispo.com.br\/#organization"},"potentialAction":[{"@type":"SearchAction","target":{"@type":"EntryPoint","urlTemplate":"https:\/\/blogdobispo.com.br\/?s={search_term_string}"},"query-input":{"@type":"PropertyValueSpecification","valueRequired":true,"valueName":"search_term_string"}}],"inLanguage":"pt-BR"},{"@type":"Organization","@id":"https:\/\/blogdobispo.com.br\/#organization","name":"Blog do Bispo","url":"https:\/\/blogdobispo.com.br\/","logo":{"@type":"ImageObject","inLanguage":"pt-BR","@id":"https:\/\/blogdobispo.com.br\/#\/schema\/logo\/image\/","url":"http:\/\/blogdobispo.com.br\/wp-content\/uploads\/2023\/05\/cropped-headear.png","contentUrl":"http:\/\/blogdobispo.com.br\/wp-content\/uploads\/2023\/05\/cropped-headear.png","width":1500,"height":399,"caption":"Blog do Bispo"},"image":{"@id":"https:\/\/blogdobispo.com.br\/#\/schema\/logo\/image\/"}},{"@type":"Person","@id":"https:\/\/blogdobispo.com.br\/#\/schema\/person\/e2209cc0e6cea5c5233d033e997b373f","name":"Jefferson Sterfeno","image":{"@type":"ImageObject","inLanguage":"pt-BR","@id":"https:\/\/blogdobispo.com.br\/#\/schema\/person\/image\/","url":"https:\/\/secure.gravatar.com\/avatar\/0534e84764641168a677026b6d57a3f51dc7ac4db0b4f6186d9cb330d4ee1160?s=96&d=mm&r=g","contentUrl":"https:\/\/secure.gravatar.com\/avatar\/0534e84764641168a677026b6d57a3f51dc7ac4db0b4f6186d9cb330d4ee1160?s=96&d=mm&r=g","caption":"Jefferson Sterfeno"},"sameAs":["http:\/\/blogdobispo.com.br"],"url":"https:\/\/blogdobispo.com.br\/?author=1"}]}},"featured_image_urls":{"full":"","thumbnail":"","medium":"","medium_large":"","large":"","1536x1536":"","2048x2048":""},"author_info":{"display_name":"Jefferson Sterfeno","author_link":"https:\/\/blogdobispo.com.br\/?author=1"},"category_info":"<a href=\"https:\/\/blogdobispo.com.br\/?cat=1\" rel=\"category\">diversos<\/a>","tag_info":"diversos","comment_count":"0","jetpack_featured_media_url":"","jetpack_sharing_enabled":true,"_links":{"self":[{"href":"https:\/\/blogdobispo.com.br\/index.php?rest_route=\/wp\/v2\/posts\/2337","targetHints":{"allow":["GET"]}}],"collection":[{"href":"https:\/\/blogdobispo.com.br\/index.php?rest_route=\/wp\/v2\/posts"}],"about":[{"href":"https:\/\/blogdobispo.com.br\/index.php?rest_route=\/wp\/v2\/types\/post"}],"author":[{"embeddable":true,"href":"https:\/\/blogdobispo.com.br\/index.php?rest_route=\/wp\/v2\/users\/1"}],"replies":[{"embeddable":true,"href":"https:\/\/blogdobispo.com.br\/index.php?rest_route=%2Fwp%2Fv2%2Fcomments&post=2337"}],"version-history":[{"count":0,"href":"https:\/\/blogdobispo.com.br\/index.php?rest_route=\/wp\/v2\/posts\/2337\/revisions"}],"wp:attachment":[{"href":"https:\/\/blogdobispo.com.br\/index.php?rest_route=%2Fwp%2Fv2%2Fmedia&parent=2337"}],"wp:term":[{"taxonomy":"category","embeddable":true,"href":"https:\/\/blogdobispo.com.br\/index.php?rest_route=%2Fwp%2Fv2%2Fcategories&post=2337"},{"taxonomy":"post_tag","embeddable":true,"href":"https:\/\/blogdobispo.com.br\/index.php?rest_route=%2Fwp%2Fv2%2Ftags&post=2337"}],"curies":[{"name":"wp","href":"https:\/\/api.w.org\/{rel}","templated":true}]}}