{"id":2326,"date":"2023-12-04T15:58:37","date_gmt":"2023-12-04T15:58:37","guid":{"rendered":"https:\/\/blogdobispo.com.br\/?p=2326"},"modified":"2023-12-04T15:58:37","modified_gmt":"2023-12-04T15:58:37","slug":"vereador-nivaldo-bacurau-se-reune-com-alvaro-dias-para-discutir-acoes","status":"publish","type":"post","link":"https:\/\/blogdobispo.com.br\/?p=2326","title":{"rendered":"Vereador Nivaldo Bacurau se re\u00fane com \u00c1lvaro Dias para discutir a\u00e7\u00f5es"},"content":{"rendered":"\n<p><\/p>\n\n\n\n<p>O vereador Nivaldo Bacurau esteve na manh\u00e3 desta segunda-feira (04) no gabinete do prefeito \u00c1lvaro Dias, acompanhado do m\u00fasico potiguar Hygo Sanfoneiro, que esteve representando os m\u00fasicos potiguares que prestaram servi\u00e7os no per\u00edodo junino, que ainda n\u00e3o receberam pagamento, al\u00e9m de outras pautas. Dentre as pautas que foram abordadas est\u00e3o:<\/p>\n\n\n\n<p>\ud83d\udccc Ordem de pagamento de artistas e m\u00fasicos que prestaram servi\u00e7os no per\u00edodo juninos, sendo previsto at\u00e9 o dia 10\/12;<br \/>\ud83d\udccc Discutida a situa\u00e7\u00e3o da obra da Rua Nossa Senhora do \u00d3 (Igap\u00f3), que segundo o Prefeito ser\u00e1 feita uma for\u00e7a tarefa em at\u00e9 3 turnos, para dar mais celeridade na obra;<br \/>\ud83d\udccc Solicitado tamb\u00e9m a libera\u00e7\u00e3o das emendas impositivas para a constru\u00e7\u00e3o do Memorial Pe. Tiago Theisen e reforma da igreja matriz da Redinha.<\/p>\n\n\n\n<figure class=\"wp-block-image size-large\"><img data-recalc-dims=\"1\" fetchpriority=\"high\" decoding=\"async\" width=\"576\" height=\"1024\" src=\"https:\/\/i0.wp.com\/blogdobispo.com.br\/wp-content\/uploads\/2023\/12\/d013ee56-5fe9-40f2-be46-349fe1e26ccc-1-576x1024.jpg?resize=576%2C1024&#038;ssl=1\" class=\"wp-image-2325\" srcset=\"https:\/\/i0.wp.com\/blogdobispo.com.br\/wp-content\/uploads\/2023\/12\/d013ee56-5fe9-40f2-be46-349fe1e26ccc-1.jpg?resize=576%2C1024&amp;ssl=1 576w, https:\/\/i0.wp.com\/blogdobispo.com.br\/wp-content\/uploads\/2023\/12\/d013ee56-5fe9-40f2-be46-349fe1e26ccc-1.jpg?resize=169%2C300&amp;ssl=1 169w, https:\/\/i0.wp.com\/blogdobispo.com.br\/wp-content\/uploads\/2023\/12\/d013ee56-5fe9-40f2-be46-349fe1e26ccc-1.jpg?resize=768%2C1366&amp;ssl=1 768w, https:\/\/i0.wp.com\/blogdobispo.com.br\/wp-content\/uploads\/2023\/12\/d013ee56-5fe9-40f2-be46-349fe1e26ccc-1.jpg?resize=864%2C1536&amp;ssl=1 864w, https:\/\/i0.wp.com\/blogdobispo.com.br\/wp-content\/uploads\/2023\/12\/d013ee56-5fe9-40f2-be46-349fe1e26ccc-1.jpg?w=899&amp;ssl=1 899w\" sizes=\"(max-width: 576px) 100vw, 576px\" \/><\/figure>\n","protected":false},"excerpt":{"rendered":"<p>O vereador Nivaldo Bacurau esteve na manh\u00e3 desta segunda-feira (04) no gabinete do prefeito \u00c1lvaro Dias, acompanhado do m\u00fasico potiguar Hygo Sanfoneiro, que esteve representando os m\u00fasicos potiguares que prestaram servi\u00e7os no per\u00edodo junino, que ainda n\u00e3o receberam pagamento, al\u00e9m de outras pautas. Dentre as pautas que foram abordadas est\u00e3o: \ud83d\udccc Ordem de pagamento de [&hellip;]<\/p>\n","protected":false},"author":1,"featured_media":0,"comment_status":"open","ping_status":"open","sticky":false,"template":"","format":"standard","meta":{"cybocfi_hide_featured_image":"","_jetpack_memberships_contains_paid_content":false,"footnotes":""},"categories":[1],"tags":[],"class_list":["post-2326","post","type-post","status-publish","format-standard","hentry","category-diversos"],"yoast_head":"<!-- This site is optimized with the Yoast SEO plugin v25.6 - https:\/\/yoast.com\/wordpress\/plugins\/seo\/ -->\n<title>Vereador Nivaldo Bacurau se re\u00fane com \u00c1lvaro Dias para discutir a\u00e7\u00f5es - Blog do Bispo<\/title>\n<meta name=\"robots\" content=\"index, follow, max-snippet:-1, max-image-preview:large, max-video-preview:-1\" \/>\n<link rel=\"canonical\" href=\"https:\/\/blogdobispo.com.br\/?p=2326\" \/>\n<meta property=\"og:locale\" content=\"pt_BR\" \/>\n<meta property=\"og:type\" content=\"article\" \/>\n<meta property=\"og:title\" content=\"Vereador Nivaldo Bacurau se re\u00fane com \u00c1lvaro Dias para discutir a\u00e7\u00f5es - Blog do Bispo\" \/>\n<meta property=\"og:description\" content=\"O vereador Nivaldo Bacurau esteve na manh\u00e3 desta segunda-feira (04) no gabinete do prefeito \u00c1lvaro Dias, acompanhado do m\u00fasico potiguar Hygo Sanfoneiro, que esteve representando os m\u00fasicos potiguares que prestaram servi\u00e7os no per\u00edodo junino, que ainda n\u00e3o receberam pagamento, al\u00e9m de outras pautas. Dentre as pautas que foram abordadas est\u00e3o: \ud83d\udccc Ordem de pagamento de [&hellip;]\" \/>\n<meta property=\"og:url\" content=\"https:\/\/blogdobispo.com.br\/?p=2326\" \/>\n<meta property=\"og:site_name\" content=\"Blog do Bispo\" \/>\n<meta property=\"article:published_time\" content=\"2023-12-04T15:58:37+00:00\" \/>\n<meta property=\"og:image\" content=\"https:\/\/blogdobispo.com.br\/wp-content\/uploads\/2023\/12\/d013ee56-5fe9-40f2-be46-349fe1e26ccc-1-576x1024.jpg\" \/>\n<meta name=\"author\" content=\"Jefferson Sterfeno\" \/>\n<meta name=\"twitter:card\" content=\"summary_large_image\" \/>\n<meta name=\"twitter:label1\" content=\"Escrito por\" \/>\n\t<meta name=\"twitter:data1\" content=\"Jefferson Sterfeno\" \/>\n\t<meta name=\"twitter:label2\" content=\"Est. tempo de leitura\" \/>\n\t<meta name=\"twitter:data2\" content=\"1 minuto\" \/>\n<script type=\"application\/ld+json\" class=\"yoast-schema-graph\">{\"@context\":\"https:\/\/schema.org\",\"@graph\":[{\"@type\":\"Article\",\"@id\":\"https:\/\/blogdobispo.com.br\/?p=2326#article\",\"isPartOf\":{\"@id\":\"https:\/\/blogdobispo.com.br\/?p=2326\"},\"author\":{\"name\":\"Jefferson Sterfeno\",\"@id\":\"https:\/\/blogdobispo.com.br\/#\/schema\/person\/e2209cc0e6cea5c5233d033e997b373f\"},\"headline\":\"Vereador Nivaldo Bacurau se re\u00fane com \u00c1lvaro Dias para discutir a\u00e7\u00f5es\",\"datePublished\":\"2023-12-04T15:58:37+00:00\",\"mainEntityOfPage\":{\"@id\":\"https:\/\/blogdobispo.com.br\/?p=2326\"},\"wordCount\":146,\"commentCount\":0,\"publisher\":{\"@id\":\"https:\/\/blogdobispo.com.br\/#organization\"},\"image\":{\"@id\":\"https:\/\/blogdobispo.com.br\/?p=2326#primaryimage\"},\"thumbnailUrl\":\"https:\/\/blogdobispo.com.br\/wp-content\/uploads\/2023\/12\/d013ee56-5fe9-40f2-be46-349fe1e26ccc-1-576x1024.jpg\",\"articleSection\":[\"diversos\"],\"inLanguage\":\"pt-BR\",\"potentialAction\":[{\"@type\":\"CommentAction\",\"name\":\"Comment\",\"target\":[\"https:\/\/blogdobispo.com.br\/?p=2326#respond\"]}]},{\"@type\":\"WebPage\",\"@id\":\"https:\/\/blogdobispo.com.br\/?p=2326\",\"url\":\"https:\/\/blogdobispo.com.br\/?p=2326\",\"name\":\"Vereador Nivaldo Bacurau se re\u00fane com \u00c1lvaro Dias para discutir a\u00e7\u00f5es - Blog do Bispo\",\"isPartOf\":{\"@id\":\"https:\/\/blogdobispo.com.br\/#website\"},\"primaryImageOfPage\":{\"@id\":\"https:\/\/blogdobispo.com.br\/?p=2326#primaryimage\"},\"image\":{\"@id\":\"https:\/\/blogdobispo.com.br\/?p=2326#primaryimage\"},\"thumbnailUrl\":\"https:\/\/blogdobispo.com.br\/wp-content\/uploads\/2023\/12\/d013ee56-5fe9-40f2-be46-349fe1e26ccc-1-576x1024.jpg\",\"datePublished\":\"2023-12-04T15:58:37+00:00\",\"breadcrumb\":{\"@id\":\"https:\/\/blogdobispo.com.br\/?p=2326#breadcrumb\"},\"inLanguage\":\"pt-BR\",\"potentialAction\":[{\"@type\":\"ReadAction\",\"target\":[\"https:\/\/blogdobispo.com.br\/?p=2326\"]}]},{\"@type\":\"ImageObject\",\"inLanguage\":\"pt-BR\",\"@id\":\"https:\/\/blogdobispo.com.br\/?p=2326#primaryimage\",\"url\":\"https:\/\/blogdobispo.com.br\/wp-content\/uploads\/2023\/12\/d013ee56-5fe9-40f2-be46-349fe1e26ccc-1-576x1024.jpg\",\"contentUrl\":\"https:\/\/blogdobispo.com.br\/wp-content\/uploads\/2023\/12\/d013ee56-5fe9-40f2-be46-349fe1e26ccc-1-576x1024.jpg\"},{\"@type\":\"BreadcrumbList\",\"@id\":\"https:\/\/blogdobispo.com.br\/?p=2326#breadcrumb\",\"itemListElement\":[{\"@type\":\"ListItem\",\"position\":1,\"name\":\"In\u00edcio\",\"item\":\"https:\/\/blogdobispo.com.br\/\"},{\"@type\":\"ListItem\",\"position\":2,\"name\":\"Vereador Nivaldo Bacurau se re\u00fane com \u00c1lvaro Dias para discutir a\u00e7\u00f5es\"}]},{\"@type\":\"WebSite\",\"@id\":\"https:\/\/blogdobispo.com.br\/#website\",\"url\":\"https:\/\/blogdobispo.com.br\/\",\"name\":\"Blog do Bispo\",\"description\":\"Comprometido apenas com o leitor\",\"publisher\":{\"@id\":\"https:\/\/blogdobispo.com.br\/#organization\"},\"potentialAction\":[{\"@type\":\"SearchAction\",\"target\":{\"@type\":\"EntryPoint\",\"urlTemplate\":\"https:\/\/blogdobispo.com.br\/?s={search_term_string}\"},\"query-input\":{\"@type\":\"PropertyValueSpecification\",\"valueRequired\":true,\"valueName\":\"search_term_string\"}}],\"inLanguage\":\"pt-BR\"},{\"@type\":\"Organization\",\"@id\":\"https:\/\/blogdobispo.com.br\/#organization\",\"name\":\"Blog do Bispo\",\"url\":\"https:\/\/blogdobispo.com.br\/\",\"logo\":{\"@type\":\"ImageObject\",\"inLanguage\":\"pt-BR\",\"@id\":\"https:\/\/blogdobispo.com.br\/#\/schema\/logo\/image\/\",\"url\":\"http:\/\/blogdobispo.com.br\/wp-content\/uploads\/2023\/05\/cropped-headear.png\",\"contentUrl\":\"http:\/\/blogdobispo.com.br\/wp-content\/uploads\/2023\/05\/cropped-headear.png\",\"width\":1500,\"height\":399,\"caption\":\"Blog do Bispo\"},\"image\":{\"@id\":\"https:\/\/blogdobispo.com.br\/#\/schema\/logo\/image\/\"}},{\"@type\":\"Person\",\"@id\":\"https:\/\/blogdobispo.com.br\/#\/schema\/person\/e2209cc0e6cea5c5233d033e997b373f\",\"name\":\"Jefferson Sterfeno\",\"image\":{\"@type\":\"ImageObject\",\"inLanguage\":\"pt-BR\",\"@id\":\"https:\/\/blogdobispo.com.br\/#\/schema\/person\/image\/\",\"url\":\"https:\/\/secure.gravatar.com\/avatar\/0534e84764641168a677026b6d57a3f51dc7ac4db0b4f6186d9cb330d4ee1160?s=96&d=mm&r=g\",\"contentUrl\":\"https:\/\/secure.gravatar.com\/avatar\/0534e84764641168a677026b6d57a3f51dc7ac4db0b4f6186d9cb330d4ee1160?s=96&d=mm&r=g\",\"caption\":\"Jefferson Sterfeno\"},\"sameAs\":[\"http:\/\/blogdobispo.com.br\"],\"url\":\"https:\/\/blogdobispo.com.br\/?author=1\"}]}<\/script>\n<!-- \/ Yoast SEO plugin. -->","yoast_head_json":{"title":"Vereador Nivaldo Bacurau se re\u00fane com \u00c1lvaro Dias para discutir a\u00e7\u00f5es - Blog do Bispo","robots":{"index":"index","follow":"follow","max-snippet":"max-snippet:-1","max-image-preview":"max-image-preview:large","max-video-preview":"max-video-preview:-1"},"canonical":"https:\/\/blogdobispo.com.br\/?p=2326","og_locale":"pt_BR","og_type":"article","og_title":"Vereador Nivaldo Bacurau se re\u00fane com \u00c1lvaro Dias para discutir a\u00e7\u00f5es - Blog do Bispo","og_description":"O vereador Nivaldo Bacurau esteve na manh\u00e3 desta segunda-feira (04) no gabinete do prefeito \u00c1lvaro Dias, acompanhado do m\u00fasico potiguar Hygo Sanfoneiro, que esteve representando os m\u00fasicos potiguares que prestaram servi\u00e7os no per\u00edodo junino, que ainda n\u00e3o receberam pagamento, al\u00e9m de outras pautas. Dentre as pautas que foram abordadas est\u00e3o: \ud83d\udccc Ordem de pagamento de [&hellip;]","og_url":"https:\/\/blogdobispo.com.br\/?p=2326","og_site_name":"Blog do Bispo","article_published_time":"2023-12-04T15:58:37+00:00","og_image":[{"url":"https:\/\/blogdobispo.com.br\/wp-content\/uploads\/2023\/12\/d013ee56-5fe9-40f2-be46-349fe1e26ccc-1-576x1024.jpg","type":"","width":"","height":""}],"author":"Jefferson Sterfeno","twitter_card":"summary_large_image","twitter_misc":{"Escrito por":"Jefferson Sterfeno","Est. tempo de leitura":"1 minuto"},"schema":{"@context":"https:\/\/schema.org","@graph":[{"@type":"Article","@id":"https:\/\/blogdobispo.com.br\/?p=2326#article","isPartOf":{"@id":"https:\/\/blogdobispo.com.br\/?p=2326"},"author":{"name":"Jefferson Sterfeno","@id":"https:\/\/blogdobispo.com.br\/#\/schema\/person\/e2209cc0e6cea5c5233d033e997b373f"},"headline":"Vereador Nivaldo Bacurau se re\u00fane com \u00c1lvaro Dias para discutir a\u00e7\u00f5es","datePublished":"2023-12-04T15:58:37+00:00","mainEntityOfPage":{"@id":"https:\/\/blogdobispo.com.br\/?p=2326"},"wordCount":146,"commentCount":0,"publisher":{"@id":"https:\/\/blogdobispo.com.br\/#organization"},"image":{"@id":"https:\/\/blogdobispo.com.br\/?p=2326#primaryimage"},"thumbnailUrl":"https:\/\/blogdobispo.com.br\/wp-content\/uploads\/2023\/12\/d013ee56-5fe9-40f2-be46-349fe1e26ccc-1-576x1024.jpg","articleSection":["diversos"],"inLanguage":"pt-BR","potentialAction":[{"@type":"CommentAction","name":"Comment","target":["https:\/\/blogdobispo.com.br\/?p=2326#respond"]}]},{"@type":"WebPage","@id":"https:\/\/blogdobispo.com.br\/?p=2326","url":"https:\/\/blogdobispo.com.br\/?p=2326","name":"Vereador Nivaldo Bacurau se re\u00fane com \u00c1lvaro Dias para discutir a\u00e7\u00f5es - Blog do Bispo","isPartOf":{"@id":"https:\/\/blogdobispo.com.br\/#website"},"primaryImageOfPage":{"@id":"https:\/\/blogdobispo.com.br\/?p=2326#primaryimage"},"image":{"@id":"https:\/\/blogdobispo.com.br\/?p=2326#primaryimage"},"thumbnailUrl":"https:\/\/blogdobispo.com.br\/wp-content\/uploads\/2023\/12\/d013ee56-5fe9-40f2-be46-349fe1e26ccc-1-576x1024.jpg","datePublished":"2023-12-04T15:58:37+00:00","breadcrumb":{"@id":"https:\/\/blogdobispo.com.br\/?p=2326#breadcrumb"},"inLanguage":"pt-BR","potentialAction":[{"@type":"ReadAction","target":["https:\/\/blogdobispo.com.br\/?p=2326"]}]},{"@type":"ImageObject","inLanguage":"pt-BR","@id":"https:\/\/blogdobispo.com.br\/?p=2326#primaryimage","url":"https:\/\/blogdobispo.com.br\/wp-content\/uploads\/2023\/12\/d013ee56-5fe9-40f2-be46-349fe1e26ccc-1-576x1024.jpg","contentUrl":"https:\/\/blogdobispo.com.br\/wp-content\/uploads\/2023\/12\/d013ee56-5fe9-40f2-be46-349fe1e26ccc-1-576x1024.jpg"},{"@type":"BreadcrumbList","@id":"https:\/\/blogdobispo.com.br\/?p=2326#breadcrumb","itemListElement":[{"@type":"ListItem","position":1,"name":"In\u00edcio","item":"https:\/\/blogdobispo.com.br\/"},{"@type":"ListItem","position":2,"name":"Vereador Nivaldo Bacurau se re\u00fane com \u00c1lvaro Dias para discutir a\u00e7\u00f5es"}]},{"@type":"WebSite","@id":"https:\/\/blogdobispo.com.br\/#website","url":"https:\/\/blogdobispo.com.br\/","name":"Blog do Bispo","description":"Comprometido apenas com o leitor","publisher":{"@id":"https:\/\/blogdobispo.com.br\/#organization"},"potentialAction":[{"@type":"SearchAction","target":{"@type":"EntryPoint","urlTemplate":"https:\/\/blogdobispo.com.br\/?s={search_term_string}"},"query-input":{"@type":"PropertyValueSpecification","valueRequired":true,"valueName":"search_term_string"}}],"inLanguage":"pt-BR"},{"@type":"Organization","@id":"https:\/\/blogdobispo.com.br\/#organization","name":"Blog do Bispo","url":"https:\/\/blogdobispo.com.br\/","logo":{"@type":"ImageObject","inLanguage":"pt-BR","@id":"https:\/\/blogdobispo.com.br\/#\/schema\/logo\/image\/","url":"http:\/\/blogdobispo.com.br\/wp-content\/uploads\/2023\/05\/cropped-headear.png","contentUrl":"http:\/\/blogdobispo.com.br\/wp-content\/uploads\/2023\/05\/cropped-headear.png","width":1500,"height":399,"caption":"Blog do Bispo"},"image":{"@id":"https:\/\/blogdobispo.com.br\/#\/schema\/logo\/image\/"}},{"@type":"Person","@id":"https:\/\/blogdobispo.com.br\/#\/schema\/person\/e2209cc0e6cea5c5233d033e997b373f","name":"Jefferson Sterfeno","image":{"@type":"ImageObject","inLanguage":"pt-BR","@id":"https:\/\/blogdobispo.com.br\/#\/schema\/person\/image\/","url":"https:\/\/secure.gravatar.com\/avatar\/0534e84764641168a677026b6d57a3f51dc7ac4db0b4f6186d9cb330d4ee1160?s=96&d=mm&r=g","contentUrl":"https:\/\/secure.gravatar.com\/avatar\/0534e84764641168a677026b6d57a3f51dc7ac4db0b4f6186d9cb330d4ee1160?s=96&d=mm&r=g","caption":"Jefferson Sterfeno"},"sameAs":["http:\/\/blogdobispo.com.br"],"url":"https:\/\/blogdobispo.com.br\/?author=1"}]}},"featured_image_urls":{"full":"","thumbnail":"","medium":"","medium_large":"","large":"","1536x1536":"","2048x2048":""},"author_info":{"display_name":"Jefferson Sterfeno","author_link":"https:\/\/blogdobispo.com.br\/?author=1"},"category_info":"<a href=\"https:\/\/blogdobispo.com.br\/?cat=1\" rel=\"category\">diversos<\/a>","tag_info":"diversos","comment_count":"0","jetpack_featured_media_url":"","jetpack_sharing_enabled":true,"_links":{"self":[{"href":"https:\/\/blogdobispo.com.br\/index.php?rest_route=\/wp\/v2\/posts\/2326","targetHints":{"allow":["GET"]}}],"collection":[{"href":"https:\/\/blogdobispo.com.br\/index.php?rest_route=\/wp\/v2\/posts"}],"about":[{"href":"https:\/\/blogdobispo.com.br\/index.php?rest_route=\/wp\/v2\/types\/post"}],"author":[{"embeddable":true,"href":"https:\/\/blogdobispo.com.br\/index.php?rest_route=\/wp\/v2\/users\/1"}],"replies":[{"embeddable":true,"href":"https:\/\/blogdobispo.com.br\/index.php?rest_route=%2Fwp%2Fv2%2Fcomments&post=2326"}],"version-history":[{"count":0,"href":"https:\/\/blogdobispo.com.br\/index.php?rest_route=\/wp\/v2\/posts\/2326\/revisions"}],"wp:attachment":[{"href":"https:\/\/blogdobispo.com.br\/index.php?rest_route=%2Fwp%2Fv2%2Fmedia&parent=2326"}],"wp:term":[{"taxonomy":"category","embeddable":true,"href":"https:\/\/blogdobispo.com.br\/index.php?rest_route=%2Fwp%2Fv2%2Fcategories&post=2326"},{"taxonomy":"post_tag","embeddable":true,"href":"https:\/\/blogdobispo.com.br\/index.php?rest_route=%2Fwp%2Fv2%2Ftags&post=2326"}],"curies":[{"name":"wp","href":"https:\/\/api.w.org\/{rel}","templated":true}]}}