{"id":2294,"date":"2023-12-01T17:51:31","date_gmt":"2023-12-01T17:51:31","guid":{"rendered":"https:\/\/blogdobispo.com.br\/?p=2294"},"modified":"2023-12-01T17:51:31","modified_gmt":"2023-12-01T17:51:31","slug":"primeiro-mandato-coletivo-toma-posse-na-camara-de-natal","status":"publish","type":"post","link":"https:\/\/blogdobispo.com.br\/?p=2294","title":{"rendered":"Primeiro mandato coletivo toma posse na C\u00e2mara de Natal"},"content":{"rendered":"\n<p>O presidente da Mesa Diretora da C\u00e2mara Municipal de Natal, vereador Eriko J\u00e1come (MDB), deu posse ao primeiro mandato coletivo, a ocupar uma das vagas na Casa Legislativa, na manh\u00e3 desta sexta-feira (01). Com o afastamento tempor\u00e1rio do vereador Rob\u00e9rio Paulino (PSOL) por motivos m\u00e9dicos, as suplentes do Juntas, um coletivo formado por Camila Barbosa, Let\u00edcia Correia, Cida Dantas e Ariane Idalino, assumem a cadeira do partido.&nbsp;<\/p>\n\n\n\n<p>Participaram da solenidade os vereadores Dickson J\u00fanior (PDT), Felipe Alves (Uni\u00e3o Brasil) e Camila Ara\u00fajo (Uni\u00e3o Brasil), al\u00e9m de amigos, familiares e correligion\u00e1rios do coletivo.&nbsp;<\/p>\n\n\n\n<p>&#8220;Quando montamos essa candidatura l\u00e1 em 2020, e por poucos votos, na verdade, n\u00f3s n\u00e3o fomos as titulares, n\u00f3s quer\u00edamos que essa ideia de fazer pol\u00edtica personalizada numa \u00fanica figura que se postura como uma carreira profissional fosse desfeita. A nossa ideia \u00e9 trazer uma no\u00e7\u00e3o de que a pol\u00edtica tem que servir a vida das pessoas, que vivem em coletividade na sociedade. Ent\u00e3o, para a estrutura que tem hoje um mandato de vereador em Natal, estamos dispostas a dividir de tudo, porque, na verdade, essa j\u00e1 \u00e9 a maneira com que n\u00f3s j\u00e1 estamos acostumadas na nossa milit\u00e2ncia. Nunca existiu na C\u00e2mara Municipal de Natal um mandato coletivo. Um mandato coletivo de quatro mulheres. Sendo duas delas negras, LGBT, trabalhadoras, m\u00e3es. Esse \u00e9 o nosso perfil. N\u00f3s ach\u00e1vamos que cabia dentro do sonho de um mandato, esse mandato coletivo que \u00e9 hist\u00f3rico&#8221;, pronunciou Camila Barbosa (PSOL), acompanhada pelas companheiras de mandato, ao chegar \u00e0 C\u00e2mara Municipal para a posse.<\/p>\n\n\n\n<p>&#8220;Apesar de hoje ser dia 1\u00ba de dezembro, os tr\u00e2mites para essa transi\u00e7\u00e3o aconteceram durante o Novembro Negro. \u00c9 importante destacar que com a nossa chegada, o n\u00famero de mulheres aumenta na C\u00e2mara Municipal de Natal. Sobretudo o n\u00famero de mulheres negras nesse espa\u00e7o que \u00e9 t\u00e3o importante, mas que nos foi negado historicamente por muito tempo. Ent\u00e3o, vamos fazer um trabalho tamb\u00e9m visando a negritude e os povos de terreiro, que achamos que precisam ser representados atrav\u00e9s dos nossos mandatos\u201d, falou Let\u00edcia Correia do Juntas.<\/p>\n\n\n\n<p>Eriko J\u00e1come, presidente da Casa, enfatizou que a presen\u00e7a do coletivo nesses 31 dias do afastamento tempor\u00e1rio do vereador Rob\u00e9rio vai refor\u00e7ar ainda mais a atua\u00e7\u00e3o do Legislativo natalense.<\/p>\n\n\n\n<p>&#8220;Infelizmente, recebemos o pedido de afastamento do professor Roberto Paulino, um vereador muito atuante da nossa Casa. Com todo o protocolo m\u00e9dico apresentado ao RH da C\u00e2mara, empossamos hoje a sua primeira suplente. Uma estudante que vem do movimento estudantil, com 27 anos. Camila chega aqui com um grupo coletivo que representa os votos democr\u00e1ticos que tiveram na \u00faltima campanha. A todas desse mandato coletivo, s\u00f3 venho aqui desejar boas-vindas. Que nesses pr\u00f3ximos 31 dias elas possam se doar com bastante trabalho para o desenvolvimento, fortalecimento e crescimento da nossa cidade. Sejam bem-vindas&#8221;, falou o presidente.<\/p>\n\n\n\n<p>Texto: Phablo Galv\u00e3o<br>Fotos: Francisco de Assis<\/p>\n\n\n\n<figure class=\"wp-block-image size-large\"><img data-recalc-dims=\"1\" fetchpriority=\"high\" decoding=\"async\" width=\"800\" height=\"652\" src=\"https:\/\/i0.wp.com\/blogdobispo.com.br\/wp-content\/uploads\/2023\/12\/img_4133-1-1024x834.jpg?resize=800%2C652&#038;ssl=1\" class=\"wp-image-2293\" srcset=\"https:\/\/i0.wp.com\/blogdobispo.com.br\/wp-content\/uploads\/2023\/12\/img_4133-1.jpg?resize=1024%2C834&amp;ssl=1 1024w, https:\/\/i0.wp.com\/blogdobispo.com.br\/wp-content\/uploads\/2023\/12\/img_4133-1.jpg?resize=300%2C244&amp;ssl=1 300w, https:\/\/i0.wp.com\/blogdobispo.com.br\/wp-content\/uploads\/2023\/12\/img_4133-1.jpg?resize=768%2C625&amp;ssl=1 768w, https:\/\/i0.wp.com\/blogdobispo.com.br\/wp-content\/uploads\/2023\/12\/img_4133-1.jpg?resize=1536%2C1251&amp;ssl=1 1536w, https:\/\/i0.wp.com\/blogdobispo.com.br\/wp-content\/uploads\/2023\/12\/img_4133-1.jpg?w=1600&amp;ssl=1 1600w\" sizes=\"(max-width: 800px) 100vw, 800px\" \/><\/figure>\n","protected":false},"excerpt":{"rendered":"<p>O presidente da Mesa Diretora da C\u00e2mara Municipal de Natal, vereador Eriko J\u00e1come (MDB), deu posse ao primeiro mandato coletivo, a ocupar uma das vagas na Casa Legislativa, na manh\u00e3 desta sexta-feira (01). Com o afastamento tempor\u00e1rio do vereador Rob\u00e9rio Paulino (PSOL) por motivos m\u00e9dicos, as suplentes do Juntas, um coletivo formado por Camila Barbosa, [&hellip;]<\/p>\n","protected":false},"author":1,"featured_media":0,"comment_status":"open","ping_status":"open","sticky":false,"template":"","format":"standard","meta":{"cybocfi_hide_featured_image":"","_jetpack_memberships_contains_paid_content":false,"footnotes":""},"categories":[1],"tags":[],"class_list":["post-2294","post","type-post","status-publish","format-standard","hentry","category-diversos"],"yoast_head":"<!-- This site is optimized with the Yoast SEO plugin v25.6 - https:\/\/yoast.com\/wordpress\/plugins\/seo\/ -->\n<title>Primeiro mandato coletivo toma posse na C\u00e2mara de Natal - Blog do Bispo<\/title>\n<meta name=\"robots\" content=\"index, follow, max-snippet:-1, max-image-preview:large, max-video-preview:-1\" \/>\n<link rel=\"canonical\" href=\"https:\/\/blogdobispo.com.br\/?p=2294\" \/>\n<meta property=\"og:locale\" content=\"pt_BR\" \/>\n<meta property=\"og:type\" content=\"article\" \/>\n<meta property=\"og:title\" content=\"Primeiro mandato coletivo toma posse na C\u00e2mara de Natal - Blog do Bispo\" \/>\n<meta property=\"og:description\" content=\"O presidente da Mesa Diretora da C\u00e2mara Municipal de Natal, vereador Eriko J\u00e1come (MDB), deu posse ao primeiro mandato coletivo, a ocupar uma das vagas na Casa Legislativa, na manh\u00e3 desta sexta-feira (01). Com o afastamento tempor\u00e1rio do vereador Rob\u00e9rio Paulino (PSOL) por motivos m\u00e9dicos, as suplentes do Juntas, um coletivo formado por Camila Barbosa, [&hellip;]\" \/>\n<meta property=\"og:url\" content=\"https:\/\/blogdobispo.com.br\/?p=2294\" \/>\n<meta property=\"og:site_name\" content=\"Blog do Bispo\" \/>\n<meta property=\"article:published_time\" content=\"2023-12-01T17:51:31+00:00\" \/>\n<meta property=\"og:image\" content=\"https:\/\/blogdobispo.com.br\/wp-content\/uploads\/2023\/12\/img_4133-1-1024x834.jpg\" \/>\n<meta name=\"author\" content=\"Jefferson Sterfeno\" \/>\n<meta name=\"twitter:card\" content=\"summary_large_image\" \/>\n<meta name=\"twitter:label1\" content=\"Escrito por\" \/>\n\t<meta name=\"twitter:data1\" content=\"Jefferson Sterfeno\" \/>\n\t<meta name=\"twitter:label2\" content=\"Est. tempo de leitura\" \/>\n\t<meta name=\"twitter:data2\" content=\"3 minutos\" \/>\n<script type=\"application\/ld+json\" class=\"yoast-schema-graph\">{\"@context\":\"https:\/\/schema.org\",\"@graph\":[{\"@type\":\"Article\",\"@id\":\"https:\/\/blogdobispo.com.br\/?p=2294#article\",\"isPartOf\":{\"@id\":\"https:\/\/blogdobispo.com.br\/?p=2294\"},\"author\":{\"name\":\"Jefferson Sterfeno\",\"@id\":\"https:\/\/blogdobispo.com.br\/#\/schema\/person\/e2209cc0e6cea5c5233d033e997b373f\"},\"headline\":\"Primeiro mandato coletivo toma posse na C\u00e2mara de Natal\",\"datePublished\":\"2023-12-01T17:51:31+00:00\",\"mainEntityOfPage\":{\"@id\":\"https:\/\/blogdobispo.com.br\/?p=2294\"},\"wordCount\":518,\"commentCount\":0,\"publisher\":{\"@id\":\"https:\/\/blogdobispo.com.br\/#organization\"},\"image\":{\"@id\":\"https:\/\/blogdobispo.com.br\/?p=2294#primaryimage\"},\"thumbnailUrl\":\"https:\/\/blogdobispo.com.br\/wp-content\/uploads\/2023\/12\/img_4133-1-1024x834.jpg\",\"articleSection\":[\"diversos\"],\"inLanguage\":\"pt-BR\",\"potentialAction\":[{\"@type\":\"CommentAction\",\"name\":\"Comment\",\"target\":[\"https:\/\/blogdobispo.com.br\/?p=2294#respond\"]}]},{\"@type\":\"WebPage\",\"@id\":\"https:\/\/blogdobispo.com.br\/?p=2294\",\"url\":\"https:\/\/blogdobispo.com.br\/?p=2294\",\"name\":\"Primeiro mandato coletivo toma posse na C\u00e2mara de Natal - Blog do Bispo\",\"isPartOf\":{\"@id\":\"https:\/\/blogdobispo.com.br\/#website\"},\"primaryImageOfPage\":{\"@id\":\"https:\/\/blogdobispo.com.br\/?p=2294#primaryimage\"},\"image\":{\"@id\":\"https:\/\/blogdobispo.com.br\/?p=2294#primaryimage\"},\"thumbnailUrl\":\"https:\/\/blogdobispo.com.br\/wp-content\/uploads\/2023\/12\/img_4133-1-1024x834.jpg\",\"datePublished\":\"2023-12-01T17:51:31+00:00\",\"breadcrumb\":{\"@id\":\"https:\/\/blogdobispo.com.br\/?p=2294#breadcrumb\"},\"inLanguage\":\"pt-BR\",\"potentialAction\":[{\"@type\":\"ReadAction\",\"target\":[\"https:\/\/blogdobispo.com.br\/?p=2294\"]}]},{\"@type\":\"ImageObject\",\"inLanguage\":\"pt-BR\",\"@id\":\"https:\/\/blogdobispo.com.br\/?p=2294#primaryimage\",\"url\":\"https:\/\/blogdobispo.com.br\/wp-content\/uploads\/2023\/12\/img_4133-1-1024x834.jpg\",\"contentUrl\":\"https:\/\/blogdobispo.com.br\/wp-content\/uploads\/2023\/12\/img_4133-1-1024x834.jpg\"},{\"@type\":\"BreadcrumbList\",\"@id\":\"https:\/\/blogdobispo.com.br\/?p=2294#breadcrumb\",\"itemListElement\":[{\"@type\":\"ListItem\",\"position\":1,\"name\":\"In\u00edcio\",\"item\":\"https:\/\/blogdobispo.com.br\/\"},{\"@type\":\"ListItem\",\"position\":2,\"name\":\"Primeiro mandato coletivo toma posse na C\u00e2mara de Natal\"}]},{\"@type\":\"WebSite\",\"@id\":\"https:\/\/blogdobispo.com.br\/#website\",\"url\":\"https:\/\/blogdobispo.com.br\/\",\"name\":\"Blog do Bispo\",\"description\":\"Comprometido apenas com o leitor\",\"publisher\":{\"@id\":\"https:\/\/blogdobispo.com.br\/#organization\"},\"potentialAction\":[{\"@type\":\"SearchAction\",\"target\":{\"@type\":\"EntryPoint\",\"urlTemplate\":\"https:\/\/blogdobispo.com.br\/?s={search_term_string}\"},\"query-input\":{\"@type\":\"PropertyValueSpecification\",\"valueRequired\":true,\"valueName\":\"search_term_string\"}}],\"inLanguage\":\"pt-BR\"},{\"@type\":\"Organization\",\"@id\":\"https:\/\/blogdobispo.com.br\/#organization\",\"name\":\"Blog do Bispo\",\"url\":\"https:\/\/blogdobispo.com.br\/\",\"logo\":{\"@type\":\"ImageObject\",\"inLanguage\":\"pt-BR\",\"@id\":\"https:\/\/blogdobispo.com.br\/#\/schema\/logo\/image\/\",\"url\":\"http:\/\/blogdobispo.com.br\/wp-content\/uploads\/2023\/05\/cropped-headear.png\",\"contentUrl\":\"http:\/\/blogdobispo.com.br\/wp-content\/uploads\/2023\/05\/cropped-headear.png\",\"width\":1500,\"height\":399,\"caption\":\"Blog do Bispo\"},\"image\":{\"@id\":\"https:\/\/blogdobispo.com.br\/#\/schema\/logo\/image\/\"}},{\"@type\":\"Person\",\"@id\":\"https:\/\/blogdobispo.com.br\/#\/schema\/person\/e2209cc0e6cea5c5233d033e997b373f\",\"name\":\"Jefferson Sterfeno\",\"image\":{\"@type\":\"ImageObject\",\"inLanguage\":\"pt-BR\",\"@id\":\"https:\/\/blogdobispo.com.br\/#\/schema\/person\/image\/\",\"url\":\"https:\/\/secure.gravatar.com\/avatar\/0534e84764641168a677026b6d57a3f51dc7ac4db0b4f6186d9cb330d4ee1160?s=96&d=mm&r=g\",\"contentUrl\":\"https:\/\/secure.gravatar.com\/avatar\/0534e84764641168a677026b6d57a3f51dc7ac4db0b4f6186d9cb330d4ee1160?s=96&d=mm&r=g\",\"caption\":\"Jefferson Sterfeno\"},\"sameAs\":[\"http:\/\/blogdobispo.com.br\"],\"url\":\"https:\/\/blogdobispo.com.br\/?author=1\"}]}<\/script>\n<!-- \/ Yoast SEO plugin. -->","yoast_head_json":{"title":"Primeiro mandato coletivo toma posse na C\u00e2mara de Natal - Blog do Bispo","robots":{"index":"index","follow":"follow","max-snippet":"max-snippet:-1","max-image-preview":"max-image-preview:large","max-video-preview":"max-video-preview:-1"},"canonical":"https:\/\/blogdobispo.com.br\/?p=2294","og_locale":"pt_BR","og_type":"article","og_title":"Primeiro mandato coletivo toma posse na C\u00e2mara de Natal - Blog do Bispo","og_description":"O presidente da Mesa Diretora da C\u00e2mara Municipal de Natal, vereador Eriko J\u00e1come (MDB), deu posse ao primeiro mandato coletivo, a ocupar uma das vagas na Casa Legislativa, na manh\u00e3 desta sexta-feira (01). Com o afastamento tempor\u00e1rio do vereador Rob\u00e9rio Paulino (PSOL) por motivos m\u00e9dicos, as suplentes do Juntas, um coletivo formado por Camila Barbosa, [&hellip;]","og_url":"https:\/\/blogdobispo.com.br\/?p=2294","og_site_name":"Blog do Bispo","article_published_time":"2023-12-01T17:51:31+00:00","og_image":[{"url":"https:\/\/blogdobispo.com.br\/wp-content\/uploads\/2023\/12\/img_4133-1-1024x834.jpg","type":"","width":"","height":""}],"author":"Jefferson Sterfeno","twitter_card":"summary_large_image","twitter_misc":{"Escrito por":"Jefferson Sterfeno","Est. tempo de leitura":"3 minutos"},"schema":{"@context":"https:\/\/schema.org","@graph":[{"@type":"Article","@id":"https:\/\/blogdobispo.com.br\/?p=2294#article","isPartOf":{"@id":"https:\/\/blogdobispo.com.br\/?p=2294"},"author":{"name":"Jefferson Sterfeno","@id":"https:\/\/blogdobispo.com.br\/#\/schema\/person\/e2209cc0e6cea5c5233d033e997b373f"},"headline":"Primeiro mandato coletivo toma posse na C\u00e2mara de Natal","datePublished":"2023-12-01T17:51:31+00:00","mainEntityOfPage":{"@id":"https:\/\/blogdobispo.com.br\/?p=2294"},"wordCount":518,"commentCount":0,"publisher":{"@id":"https:\/\/blogdobispo.com.br\/#organization"},"image":{"@id":"https:\/\/blogdobispo.com.br\/?p=2294#primaryimage"},"thumbnailUrl":"https:\/\/blogdobispo.com.br\/wp-content\/uploads\/2023\/12\/img_4133-1-1024x834.jpg","articleSection":["diversos"],"inLanguage":"pt-BR","potentialAction":[{"@type":"CommentAction","name":"Comment","target":["https:\/\/blogdobispo.com.br\/?p=2294#respond"]}]},{"@type":"WebPage","@id":"https:\/\/blogdobispo.com.br\/?p=2294","url":"https:\/\/blogdobispo.com.br\/?p=2294","name":"Primeiro mandato coletivo toma posse na C\u00e2mara de Natal - Blog do Bispo","isPartOf":{"@id":"https:\/\/blogdobispo.com.br\/#website"},"primaryImageOfPage":{"@id":"https:\/\/blogdobispo.com.br\/?p=2294#primaryimage"},"image":{"@id":"https:\/\/blogdobispo.com.br\/?p=2294#primaryimage"},"thumbnailUrl":"https:\/\/blogdobispo.com.br\/wp-content\/uploads\/2023\/12\/img_4133-1-1024x834.jpg","datePublished":"2023-12-01T17:51:31+00:00","breadcrumb":{"@id":"https:\/\/blogdobispo.com.br\/?p=2294#breadcrumb"},"inLanguage":"pt-BR","potentialAction":[{"@type":"ReadAction","target":["https:\/\/blogdobispo.com.br\/?p=2294"]}]},{"@type":"ImageObject","inLanguage":"pt-BR","@id":"https:\/\/blogdobispo.com.br\/?p=2294#primaryimage","url":"https:\/\/blogdobispo.com.br\/wp-content\/uploads\/2023\/12\/img_4133-1-1024x834.jpg","contentUrl":"https:\/\/blogdobispo.com.br\/wp-content\/uploads\/2023\/12\/img_4133-1-1024x834.jpg"},{"@type":"BreadcrumbList","@id":"https:\/\/blogdobispo.com.br\/?p=2294#breadcrumb","itemListElement":[{"@type":"ListItem","position":1,"name":"In\u00edcio","item":"https:\/\/blogdobispo.com.br\/"},{"@type":"ListItem","position":2,"name":"Primeiro mandato coletivo toma posse na C\u00e2mara de Natal"}]},{"@type":"WebSite","@id":"https:\/\/blogdobispo.com.br\/#website","url":"https:\/\/blogdobispo.com.br\/","name":"Blog do Bispo","description":"Comprometido apenas com o leitor","publisher":{"@id":"https:\/\/blogdobispo.com.br\/#organization"},"potentialAction":[{"@type":"SearchAction","target":{"@type":"EntryPoint","urlTemplate":"https:\/\/blogdobispo.com.br\/?s={search_term_string}"},"query-input":{"@type":"PropertyValueSpecification","valueRequired":true,"valueName":"search_term_string"}}],"inLanguage":"pt-BR"},{"@type":"Organization","@id":"https:\/\/blogdobispo.com.br\/#organization","name":"Blog do Bispo","url":"https:\/\/blogdobispo.com.br\/","logo":{"@type":"ImageObject","inLanguage":"pt-BR","@id":"https:\/\/blogdobispo.com.br\/#\/schema\/logo\/image\/","url":"http:\/\/blogdobispo.com.br\/wp-content\/uploads\/2023\/05\/cropped-headear.png","contentUrl":"http:\/\/blogdobispo.com.br\/wp-content\/uploads\/2023\/05\/cropped-headear.png","width":1500,"height":399,"caption":"Blog do Bispo"},"image":{"@id":"https:\/\/blogdobispo.com.br\/#\/schema\/logo\/image\/"}},{"@type":"Person","@id":"https:\/\/blogdobispo.com.br\/#\/schema\/person\/e2209cc0e6cea5c5233d033e997b373f","name":"Jefferson Sterfeno","image":{"@type":"ImageObject","inLanguage":"pt-BR","@id":"https:\/\/blogdobispo.com.br\/#\/schema\/person\/image\/","url":"https:\/\/secure.gravatar.com\/avatar\/0534e84764641168a677026b6d57a3f51dc7ac4db0b4f6186d9cb330d4ee1160?s=96&d=mm&r=g","contentUrl":"https:\/\/secure.gravatar.com\/avatar\/0534e84764641168a677026b6d57a3f51dc7ac4db0b4f6186d9cb330d4ee1160?s=96&d=mm&r=g","caption":"Jefferson Sterfeno"},"sameAs":["http:\/\/blogdobispo.com.br"],"url":"https:\/\/blogdobispo.com.br\/?author=1"}]}},"featured_image_urls":{"full":"","thumbnail":"","medium":"","medium_large":"","large":"","1536x1536":"","2048x2048":""},"author_info":{"display_name":"Jefferson Sterfeno","author_link":"https:\/\/blogdobispo.com.br\/?author=1"},"category_info":"<a href=\"https:\/\/blogdobispo.com.br\/?cat=1\" rel=\"category\">diversos<\/a>","tag_info":"diversos","comment_count":"0","jetpack_featured_media_url":"","jetpack_sharing_enabled":true,"_links":{"self":[{"href":"https:\/\/blogdobispo.com.br\/index.php?rest_route=\/wp\/v2\/posts\/2294","targetHints":{"allow":["GET"]}}],"collection":[{"href":"https:\/\/blogdobispo.com.br\/index.php?rest_route=\/wp\/v2\/posts"}],"about":[{"href":"https:\/\/blogdobispo.com.br\/index.php?rest_route=\/wp\/v2\/types\/post"}],"author":[{"embeddable":true,"href":"https:\/\/blogdobispo.com.br\/index.php?rest_route=\/wp\/v2\/users\/1"}],"replies":[{"embeddable":true,"href":"https:\/\/blogdobispo.com.br\/index.php?rest_route=%2Fwp%2Fv2%2Fcomments&post=2294"}],"version-history":[{"count":0,"href":"https:\/\/blogdobispo.com.br\/index.php?rest_route=\/wp\/v2\/posts\/2294\/revisions"}],"wp:attachment":[{"href":"https:\/\/blogdobispo.com.br\/index.php?rest_route=%2Fwp%2Fv2%2Fmedia&parent=2294"}],"wp:term":[{"taxonomy":"category","embeddable":true,"href":"https:\/\/blogdobispo.com.br\/index.php?rest_route=%2Fwp%2Fv2%2Fcategories&post=2294"},{"taxonomy":"post_tag","embeddable":true,"href":"https:\/\/blogdobispo.com.br\/index.php?rest_route=%2Fwp%2Fv2%2Ftags&post=2294"}],"curies":[{"name":"wp","href":"https:\/\/api.w.org\/{rel}","templated":true}]}}