{"id":2274,"date":"2023-12-01T01:07:44","date_gmt":"2023-12-01T01:07:44","guid":{"rendered":"https:\/\/blogdobispo.com.br\/?p=2274"},"modified":"2023-12-01T01:07:44","modified_gmt":"2023-12-01T01:07:44","slug":"pesquisa-87-fm-natal-e-instituto-qualitta-tem-novos-numeros-em-parnamirim","status":"publish","type":"post","link":"https:\/\/blogdobispo.com.br\/?p=2274","title":{"rendered":"Pesquisa 87 FM Natal e Instituto Qualitt\u00e1 tem novos n\u00fameros em Parnamirim"},"content":{"rendered":"\n<figure class=\"wp-block-image\"><a href=\"https:\/\/i0.wp.com\/blogger.googleusercontent.com\/img\/b\/R29vZ2xl\/AVvXsEisKnGiDRajEmM70ea20WCXuqGFOLuRWYhVtPcESysTdHMIe98VOCJrdZuDzw1wDCjG7sJPnmrZwUx_Ek1K48aHhmM-mqOBUUeHMvchwCP1QxkSFsIe_HvcKAnmY1NYPaCJ_SCqoBh25eLtearDpsmMM12g3CpHAsMkztOvAIKePaSTnviWCQe1\/s1080\/Arte_Chamada_87_Qualitt%C3%A1.jpg?ssl=1\"><img data-recalc-dims=\"1\" decoding=\"async\" src=\"https:\/\/i0.wp.com\/blogger.googleusercontent.com\/img\/b\/R29vZ2xl\/AVvXsEisKnGiDRajEmM70ea20WCXuqGFOLuRWYhVtPcESysTdHMIe98VOCJrdZuDzw1wDCjG7sJPnmrZwUx_Ek1K48aHhmM-mqOBUUeHMvchwCP1QxkSFsIe_HvcKAnmY1NYPaCJ_SCqoBh25eLtearDpsmMM12g3CpHAsMkztOvAIKePaSTnviWCQe1\/w640-h640\/Arte_Chamada_87_Qualitt%C3%A1.jpg?w=800&#038;ssl=1\" alt=\"\"\/><\/a><\/figure>\n\n\n\n<p>Pesquisa realizada nos dias 24 e 25 de novembro, que entrevistou mais de 800 pessoas, apresentou novidades no quadro de sucess\u00e3o para prefeito de Parnamirim.<\/p>\n\n\n\n<p>O Instituto Qualitt\u00e1 fez entrevistas nos bairros de Bela Parnamirim, Santa Tereza, Cajupiranga, Centro, Cohabinal, Santos Reis, Ema\u00fas, Distrito Industrial, Jardim Planalto, Liberdade, Monte Castelo, Nova Esperan\u00e7a, Nova Parnamirim, Parque de Exposi\u00e7\u00f5es, Passagem de Areia, Pirangi, Pium, Rosa dos Ventos, Vale do Sol e Vida Nova.<\/p>\n\n\n\n<p>Foram entrevistados 57,69% de homens e 42,31% de mulheres em todas as faixas et\u00e1rias de eleitores.&nbsp;<\/p>\n\n\n\n<p>Sobre quais meios de comunica\u00e7\u00e3o s\u00e3o usados pelos eleitores para acompanharem as not\u00edcias pol\u00edticas, as respostas ficaram assim: 32,72% disseram que utilizam o WhatsApp, 24,24% usam o Instagram, 22,12% acompanham pela TV e 9,80% pelo Facebook.<\/p>\n\n\n\n<p>A avalia\u00e7\u00e3o da gest\u00e3o de Taveira passa de 75% de desaprova\u00e7\u00e3o. Eleitores que acham a gest\u00e3o \u00f3tima, boa e regular somam 41%.&nbsp;<\/p>\n\n\n\n<p>Os pequisadores tamb\u00e9m perguntaram sobre como os eleitores avaliam as gest\u00f5es de F\u00e1tima Bezerra no governo do estado e do presidente Lula. F\u00e1tima tem a gest\u00e3o desaprovada por 80,09% dos parnamirinenses; 60% dos eleitores desaprovam o governo do presidente Lula.<\/p>\n\n\n\n<p>Um dado que surpreendeu e ainda n\u00e3o tinha sido pesquisado foi sobre se o eleitor de Parnamirim votaria num candidato apoiado pelo ex-presidente Bolsonaro. 65,43% dos entrevistados responderam que votariam ou poderiam votar. <\/p>\n\n\n\n<p>Perguntados em quem votariam para vereador se a elei\u00e7\u00e3o fosse agora, 74,89% dos entrevistados ainda n\u00e3o sabem em quem votar\u00e1. Vejam a rela\u00e7\u00e3o dos citados em ordem decrescente: Irani Guedes (3,17%), Carol Pires (1,81%), Marquinhos (1,58%), Chic\u00e3o (1,13%), Gustavo Neg\u00f3cio (0,9%), Ricardo Wagner (0,9%), \u00c9der Queiroz (0,68%), Rub\u00e3o (0,68%), Binho, Dr. Cesar Maia, Styvenson, Everton, Gabriel C\u00e9sar, Hamilton, \u00cdtalo, K\u00e1tia Pires, Salatiel, Thiago Fernandes e Wendel Xavier, todos com (0,45%); outros 30 nomes foram citados no levantamento da Qualitt\u00e1.<\/p>\n\n\n\n<p>Nos questionamentos para prefeito, a surpresa foi o deputado bolsonarista Coronel Azevedo. Tanto na estimulada quanto na espont\u00e2nea, o militar aparece muito bem.&nbsp;<\/p>\n\n\n\n<p>ESPONT\u00c2NEA (quando os nomes n\u00e3o s\u00e3o apresentados aos entrevistados) &#8211;&nbsp;<\/p>\n\n\n\n<p>Indecisos s\u00e3o 64,62%, Nilda lidera com 6,79%, Taveira vem em segundo com 5,66%, Coronel Azevedo aparece em terceiro com 4,75%, Salatiel na sequ\u00eancia com 4,52%, K\u00e1tia Pires com 3,52%, seguida de Homero Grec com 3,26%, Irani Guedes com 2,45%; Woney Fran\u00e7a, Candidato de Taveira, Carlos Eduardo, Marciano J\u00fanior, Gabriel, Gilson Moura e Maur\u00edcio Marques tamb\u00e9m foram citados. <\/p>\n\n\n\n<p>REJEI\u00c7\u00c3O&nbsp;<\/p>\n\n\n\n<p>Tamb\u00e9m de forma espont\u00e2nea, o Instituto Qualitt\u00e1 perguntou sobre a rejei\u00e7\u00e3o dos candidatos a prefeito. 45,93% est\u00e3o indecisos; Taveira lidera com 26,47%, disseram que n\u00e3o rejeitam nenhum 23,08%, Salatiel \u00e9 rejeitado por 2,09% dos eleitores; Herbert Santos foi citado por 0,9%, seguido do Candidato de Taveira, Garibalde, Gilson Moura, K\u00e1tia Pires, Maur\u00edcio Marques, Raimundo Marciano e Vav\u00e1 Azevedo tamb\u00e9m foram citados nesse quesito rejei\u00e7\u00e3o.&nbsp;<\/p>\n\n\n\n<p>ESTIMULADA (quando os nomes s\u00e3o apresentados aos entrevistados) &#8211;&nbsp;<\/p>\n\n\n\n<p>Nilda e Salatiel aparecem liderando, quase empatados. 18,23% disseram que votariam na professora e 18,14% no apresentador e radialista; O Coronel Azevedo surpreende aparecendo em terceiro com 14,37%, o Candidato do Prefeito aparece com 7,69%; depois s\u00e3o bem citados: Irani Guedes com 7,36%, K\u00e1tia Pires com 3,37%, Wolney Fran\u00e7a com 5,39% e Homero Grec com 5,23%; Marciano J\u00fanior e Gabriel C\u00e9sar tamb\u00e9m foram citados.<\/p>\n\n\n\n<figure class=\"wp-block-image size-large\"><img data-recalc-dims=\"1\" fetchpriority=\"high\" decoding=\"async\" width=\"640\" height=\"640\" src=\"https:\/\/i0.wp.com\/blogdobispo.com.br\/wp-content\/uploads\/2023\/12\/img_4119-1.jpg?resize=640%2C640&#038;ssl=1\" class=\"wp-image-2273\" srcset=\"https:\/\/i0.wp.com\/blogdobispo.com.br\/wp-content\/uploads\/2023\/12\/img_4119-1.jpg?w=640&amp;ssl=1 640w, https:\/\/i0.wp.com\/blogdobispo.com.br\/wp-content\/uploads\/2023\/12\/img_4119-1.jpg?resize=300%2C300&amp;ssl=1 300w, https:\/\/i0.wp.com\/blogdobispo.com.br\/wp-content\/uploads\/2023\/12\/img_4119-1.jpg?resize=150%2C150&amp;ssl=1 150w\" sizes=\"(max-width: 640px) 100vw, 640px\" \/><\/figure>\n\n\n\n<p>Cyrillo Fernandes <\/p>\n","protected":false},"excerpt":{"rendered":"<p>Pesquisa realizada nos dias 24 e 25 de novembro, que entrevistou mais de 800 pessoas, apresentou novidades no quadro de sucess\u00e3o para prefeito de Parnamirim. O Instituto Qualitt\u00e1 fez entrevistas nos bairros de Bela Parnamirim, Santa Tereza, Cajupiranga, Centro, Cohabinal, Santos Reis, Ema\u00fas, Distrito Industrial, Jardim Planalto, Liberdade, Monte Castelo, Nova Esperan\u00e7a, Nova Parnamirim, Parque [&hellip;]<\/p>\n","protected":false},"author":1,"featured_media":0,"comment_status":"open","ping_status":"open","sticky":false,"template":"","format":"standard","meta":{"cybocfi_hide_featured_image":"","_jetpack_memberships_contains_paid_content":false,"footnotes":""},"categories":[1],"tags":[],"class_list":["post-2274","post","type-post","status-publish","format-standard","hentry","category-diversos"],"yoast_head":"<!-- This site is optimized with the Yoast SEO plugin v25.6 - https:\/\/yoast.com\/wordpress\/plugins\/seo\/ -->\n<title>Pesquisa 87 FM Natal e Instituto Qualitt\u00e1 tem novos n\u00fameros em Parnamirim - Blog do Bispo<\/title>\n<meta name=\"robots\" content=\"index, follow, max-snippet:-1, max-image-preview:large, max-video-preview:-1\" \/>\n<link rel=\"canonical\" href=\"https:\/\/blogdobispo.com.br\/?p=2274\" \/>\n<meta property=\"og:locale\" content=\"pt_BR\" \/>\n<meta property=\"og:type\" content=\"article\" \/>\n<meta property=\"og:title\" content=\"Pesquisa 87 FM Natal e Instituto Qualitt\u00e1 tem novos n\u00fameros em Parnamirim - Blog do Bispo\" \/>\n<meta property=\"og:description\" content=\"Pesquisa realizada nos dias 24 e 25 de novembro, que entrevistou mais de 800 pessoas, apresentou novidades no quadro de sucess\u00e3o para prefeito de Parnamirim. O Instituto Qualitt\u00e1 fez entrevistas nos bairros de Bela Parnamirim, Santa Tereza, Cajupiranga, Centro, Cohabinal, Santos Reis, Ema\u00fas, Distrito Industrial, Jardim Planalto, Liberdade, Monte Castelo, Nova Esperan\u00e7a, Nova Parnamirim, Parque [&hellip;]\" \/>\n<meta property=\"og:url\" content=\"https:\/\/blogdobispo.com.br\/?p=2274\" \/>\n<meta property=\"og:site_name\" content=\"Blog do Bispo\" \/>\n<meta property=\"article:published_time\" content=\"2023-12-01T01:07:44+00:00\" \/>\n<meta property=\"og:image\" content=\"https:\/\/blogger.googleusercontent.com\/img\/b\/R29vZ2xl\/AVvXsEisKnGiDRajEmM70ea20WCXuqGFOLuRWYhVtPcESysTdHMIe98VOCJrdZuDzw1wDCjG7sJPnmrZwUx_Ek1K48aHhmM-mqOBUUeHMvchwCP1QxkSFsIe_HvcKAnmY1NYPaCJ_SCqoBh25eLtearDpsmMM12g3CpHAsMkztOvAIKePaSTnviWCQe1\/w640-h640\/Arte_Chamada_87_Qualitt%C3%A1.jpg\" \/>\n<meta name=\"author\" content=\"Jefferson Sterfeno\" \/>\n<meta name=\"twitter:card\" content=\"summary_large_image\" \/>\n<meta name=\"twitter:label1\" content=\"Escrito por\" \/>\n\t<meta name=\"twitter:data1\" content=\"Jefferson Sterfeno\" \/>\n\t<meta name=\"twitter:label2\" content=\"Est. tempo de leitura\" \/>\n\t<meta name=\"twitter:data2\" content=\"3 minutos\" \/>\n<script type=\"application\/ld+json\" class=\"yoast-schema-graph\">{\"@context\":\"https:\/\/schema.org\",\"@graph\":[{\"@type\":\"Article\",\"@id\":\"https:\/\/blogdobispo.com.br\/?p=2274#article\",\"isPartOf\":{\"@id\":\"https:\/\/blogdobispo.com.br\/?p=2274\"},\"author\":{\"name\":\"Jefferson Sterfeno\",\"@id\":\"https:\/\/blogdobispo.com.br\/#\/schema\/person\/e2209cc0e6cea5c5233d033e997b373f\"},\"headline\":\"Pesquisa 87 FM Natal e Instituto Qualitt\u00e1 tem novos n\u00fameros em Parnamirim\",\"datePublished\":\"2023-12-01T01:07:44+00:00\",\"mainEntityOfPage\":{\"@id\":\"https:\/\/blogdobispo.com.br\/?p=2274\"},\"wordCount\":554,\"commentCount\":0,\"publisher\":{\"@id\":\"https:\/\/blogdobispo.com.br\/#organization\"},\"image\":{\"@id\":\"https:\/\/blogdobispo.com.br\/?p=2274#primaryimage\"},\"thumbnailUrl\":\"https:\/\/blogger.googleusercontent.com\/img\/b\/R29vZ2xl\/AVvXsEisKnGiDRajEmM70ea20WCXuqGFOLuRWYhVtPcESysTdHMIe98VOCJrdZuDzw1wDCjG7sJPnmrZwUx_Ek1K48aHhmM-mqOBUUeHMvchwCP1QxkSFsIe_HvcKAnmY1NYPaCJ_SCqoBh25eLtearDpsmMM12g3CpHAsMkztOvAIKePaSTnviWCQe1\/w640-h640\/Arte_Chamada_87_Qualitt%C3%A1.jpg\",\"articleSection\":[\"diversos\"],\"inLanguage\":\"pt-BR\",\"potentialAction\":[{\"@type\":\"CommentAction\",\"name\":\"Comment\",\"target\":[\"https:\/\/blogdobispo.com.br\/?p=2274#respond\"]}]},{\"@type\":\"WebPage\",\"@id\":\"https:\/\/blogdobispo.com.br\/?p=2274\",\"url\":\"https:\/\/blogdobispo.com.br\/?p=2274\",\"name\":\"Pesquisa 87 FM Natal e Instituto Qualitt\u00e1 tem novos n\u00fameros em Parnamirim - Blog do Bispo\",\"isPartOf\":{\"@id\":\"https:\/\/blogdobispo.com.br\/#website\"},\"primaryImageOfPage\":{\"@id\":\"https:\/\/blogdobispo.com.br\/?p=2274#primaryimage\"},\"image\":{\"@id\":\"https:\/\/blogdobispo.com.br\/?p=2274#primaryimage\"},\"thumbnailUrl\":\"https:\/\/blogger.googleusercontent.com\/img\/b\/R29vZ2xl\/AVvXsEisKnGiDRajEmM70ea20WCXuqGFOLuRWYhVtPcESysTdHMIe98VOCJrdZuDzw1wDCjG7sJPnmrZwUx_Ek1K48aHhmM-mqOBUUeHMvchwCP1QxkSFsIe_HvcKAnmY1NYPaCJ_SCqoBh25eLtearDpsmMM12g3CpHAsMkztOvAIKePaSTnviWCQe1\/w640-h640\/Arte_Chamada_87_Qualitt%C3%A1.jpg\",\"datePublished\":\"2023-12-01T01:07:44+00:00\",\"breadcrumb\":{\"@id\":\"https:\/\/blogdobispo.com.br\/?p=2274#breadcrumb\"},\"inLanguage\":\"pt-BR\",\"potentialAction\":[{\"@type\":\"ReadAction\",\"target\":[\"https:\/\/blogdobispo.com.br\/?p=2274\"]}]},{\"@type\":\"ImageObject\",\"inLanguage\":\"pt-BR\",\"@id\":\"https:\/\/blogdobispo.com.br\/?p=2274#primaryimage\",\"url\":\"https:\/\/blogger.googleusercontent.com\/img\/b\/R29vZ2xl\/AVvXsEisKnGiDRajEmM70ea20WCXuqGFOLuRWYhVtPcESysTdHMIe98VOCJrdZuDzw1wDCjG7sJPnmrZwUx_Ek1K48aHhmM-mqOBUUeHMvchwCP1QxkSFsIe_HvcKAnmY1NYPaCJ_SCqoBh25eLtearDpsmMM12g3CpHAsMkztOvAIKePaSTnviWCQe1\/w640-h640\/Arte_Chamada_87_Qualitt%C3%A1.jpg\",\"contentUrl\":\"https:\/\/blogger.googleusercontent.com\/img\/b\/R29vZ2xl\/AVvXsEisKnGiDRajEmM70ea20WCXuqGFOLuRWYhVtPcESysTdHMIe98VOCJrdZuDzw1wDCjG7sJPnmrZwUx_Ek1K48aHhmM-mqOBUUeHMvchwCP1QxkSFsIe_HvcKAnmY1NYPaCJ_SCqoBh25eLtearDpsmMM12g3CpHAsMkztOvAIKePaSTnviWCQe1\/w640-h640\/Arte_Chamada_87_Qualitt%C3%A1.jpg\"},{\"@type\":\"BreadcrumbList\",\"@id\":\"https:\/\/blogdobispo.com.br\/?p=2274#breadcrumb\",\"itemListElement\":[{\"@type\":\"ListItem\",\"position\":1,\"name\":\"In\u00edcio\",\"item\":\"https:\/\/blogdobispo.com.br\/\"},{\"@type\":\"ListItem\",\"position\":2,\"name\":\"Pesquisa 87 FM Natal e Instituto Qualitt\u00e1 tem novos n\u00fameros em Parnamirim\"}]},{\"@type\":\"WebSite\",\"@id\":\"https:\/\/blogdobispo.com.br\/#website\",\"url\":\"https:\/\/blogdobispo.com.br\/\",\"name\":\"Blog do Bispo\",\"description\":\"Comprometido apenas com o leitor\",\"publisher\":{\"@id\":\"https:\/\/blogdobispo.com.br\/#organization\"},\"potentialAction\":[{\"@type\":\"SearchAction\",\"target\":{\"@type\":\"EntryPoint\",\"urlTemplate\":\"https:\/\/blogdobispo.com.br\/?s={search_term_string}\"},\"query-input\":{\"@type\":\"PropertyValueSpecification\",\"valueRequired\":true,\"valueName\":\"search_term_string\"}}],\"inLanguage\":\"pt-BR\"},{\"@type\":\"Organization\",\"@id\":\"https:\/\/blogdobispo.com.br\/#organization\",\"name\":\"Blog do Bispo\",\"url\":\"https:\/\/blogdobispo.com.br\/\",\"logo\":{\"@type\":\"ImageObject\",\"inLanguage\":\"pt-BR\",\"@id\":\"https:\/\/blogdobispo.com.br\/#\/schema\/logo\/image\/\",\"url\":\"http:\/\/blogdobispo.com.br\/wp-content\/uploads\/2023\/05\/cropped-headear.png\",\"contentUrl\":\"http:\/\/blogdobispo.com.br\/wp-content\/uploads\/2023\/05\/cropped-headear.png\",\"width\":1500,\"height\":399,\"caption\":\"Blog do Bispo\"},\"image\":{\"@id\":\"https:\/\/blogdobispo.com.br\/#\/schema\/logo\/image\/\"}},{\"@type\":\"Person\",\"@id\":\"https:\/\/blogdobispo.com.br\/#\/schema\/person\/e2209cc0e6cea5c5233d033e997b373f\",\"name\":\"Jefferson Sterfeno\",\"image\":{\"@type\":\"ImageObject\",\"inLanguage\":\"pt-BR\",\"@id\":\"https:\/\/blogdobispo.com.br\/#\/schema\/person\/image\/\",\"url\":\"https:\/\/secure.gravatar.com\/avatar\/0534e84764641168a677026b6d57a3f51dc7ac4db0b4f6186d9cb330d4ee1160?s=96&d=mm&r=g\",\"contentUrl\":\"https:\/\/secure.gravatar.com\/avatar\/0534e84764641168a677026b6d57a3f51dc7ac4db0b4f6186d9cb330d4ee1160?s=96&d=mm&r=g\",\"caption\":\"Jefferson Sterfeno\"},\"sameAs\":[\"http:\/\/blogdobispo.com.br\"],\"url\":\"https:\/\/blogdobispo.com.br\/?author=1\"}]}<\/script>\n<!-- \/ Yoast SEO plugin. -->","yoast_head_json":{"title":"Pesquisa 87 FM Natal e Instituto Qualitt\u00e1 tem novos n\u00fameros em Parnamirim - Blog do Bispo","robots":{"index":"index","follow":"follow","max-snippet":"max-snippet:-1","max-image-preview":"max-image-preview:large","max-video-preview":"max-video-preview:-1"},"canonical":"https:\/\/blogdobispo.com.br\/?p=2274","og_locale":"pt_BR","og_type":"article","og_title":"Pesquisa 87 FM Natal e Instituto Qualitt\u00e1 tem novos n\u00fameros em Parnamirim - Blog do Bispo","og_description":"Pesquisa realizada nos dias 24 e 25 de novembro, que entrevistou mais de 800 pessoas, apresentou novidades no quadro de sucess\u00e3o para prefeito de Parnamirim. O Instituto Qualitt\u00e1 fez entrevistas nos bairros de Bela Parnamirim, Santa Tereza, Cajupiranga, Centro, Cohabinal, Santos Reis, Ema\u00fas, Distrito Industrial, Jardim Planalto, Liberdade, Monte Castelo, Nova Esperan\u00e7a, Nova Parnamirim, Parque [&hellip;]","og_url":"https:\/\/blogdobispo.com.br\/?p=2274","og_site_name":"Blog do Bispo","article_published_time":"2023-12-01T01:07:44+00:00","og_image":[{"url":"https:\/\/blogger.googleusercontent.com\/img\/b\/R29vZ2xl\/AVvXsEisKnGiDRajEmM70ea20WCXuqGFOLuRWYhVtPcESysTdHMIe98VOCJrdZuDzw1wDCjG7sJPnmrZwUx_Ek1K48aHhmM-mqOBUUeHMvchwCP1QxkSFsIe_HvcKAnmY1NYPaCJ_SCqoBh25eLtearDpsmMM12g3CpHAsMkztOvAIKePaSTnviWCQe1\/w640-h640\/Arte_Chamada_87_Qualitt%C3%A1.jpg","type":"","width":"","height":""}],"author":"Jefferson Sterfeno","twitter_card":"summary_large_image","twitter_misc":{"Escrito por":"Jefferson Sterfeno","Est. tempo de leitura":"3 minutos"},"schema":{"@context":"https:\/\/schema.org","@graph":[{"@type":"Article","@id":"https:\/\/blogdobispo.com.br\/?p=2274#article","isPartOf":{"@id":"https:\/\/blogdobispo.com.br\/?p=2274"},"author":{"name":"Jefferson Sterfeno","@id":"https:\/\/blogdobispo.com.br\/#\/schema\/person\/e2209cc0e6cea5c5233d033e997b373f"},"headline":"Pesquisa 87 FM Natal e Instituto Qualitt\u00e1 tem novos n\u00fameros em Parnamirim","datePublished":"2023-12-01T01:07:44+00:00","mainEntityOfPage":{"@id":"https:\/\/blogdobispo.com.br\/?p=2274"},"wordCount":554,"commentCount":0,"publisher":{"@id":"https:\/\/blogdobispo.com.br\/#organization"},"image":{"@id":"https:\/\/blogdobispo.com.br\/?p=2274#primaryimage"},"thumbnailUrl":"https:\/\/blogger.googleusercontent.com\/img\/b\/R29vZ2xl\/AVvXsEisKnGiDRajEmM70ea20WCXuqGFOLuRWYhVtPcESysTdHMIe98VOCJrdZuDzw1wDCjG7sJPnmrZwUx_Ek1K48aHhmM-mqOBUUeHMvchwCP1QxkSFsIe_HvcKAnmY1NYPaCJ_SCqoBh25eLtearDpsmMM12g3CpHAsMkztOvAIKePaSTnviWCQe1\/w640-h640\/Arte_Chamada_87_Qualitt%C3%A1.jpg","articleSection":["diversos"],"inLanguage":"pt-BR","potentialAction":[{"@type":"CommentAction","name":"Comment","target":["https:\/\/blogdobispo.com.br\/?p=2274#respond"]}]},{"@type":"WebPage","@id":"https:\/\/blogdobispo.com.br\/?p=2274","url":"https:\/\/blogdobispo.com.br\/?p=2274","name":"Pesquisa 87 FM Natal e Instituto Qualitt\u00e1 tem novos n\u00fameros em Parnamirim - Blog do Bispo","isPartOf":{"@id":"https:\/\/blogdobispo.com.br\/#website"},"primaryImageOfPage":{"@id":"https:\/\/blogdobispo.com.br\/?p=2274#primaryimage"},"image":{"@id":"https:\/\/blogdobispo.com.br\/?p=2274#primaryimage"},"thumbnailUrl":"https:\/\/blogger.googleusercontent.com\/img\/b\/R29vZ2xl\/AVvXsEisKnGiDRajEmM70ea20WCXuqGFOLuRWYhVtPcESysTdHMIe98VOCJrdZuDzw1wDCjG7sJPnmrZwUx_Ek1K48aHhmM-mqOBUUeHMvchwCP1QxkSFsIe_HvcKAnmY1NYPaCJ_SCqoBh25eLtearDpsmMM12g3CpHAsMkztOvAIKePaSTnviWCQe1\/w640-h640\/Arte_Chamada_87_Qualitt%C3%A1.jpg","datePublished":"2023-12-01T01:07:44+00:00","breadcrumb":{"@id":"https:\/\/blogdobispo.com.br\/?p=2274#breadcrumb"},"inLanguage":"pt-BR","potentialAction":[{"@type":"ReadAction","target":["https:\/\/blogdobispo.com.br\/?p=2274"]}]},{"@type":"ImageObject","inLanguage":"pt-BR","@id":"https:\/\/blogdobispo.com.br\/?p=2274#primaryimage","url":"https:\/\/blogger.googleusercontent.com\/img\/b\/R29vZ2xl\/AVvXsEisKnGiDRajEmM70ea20WCXuqGFOLuRWYhVtPcESysTdHMIe98VOCJrdZuDzw1wDCjG7sJPnmrZwUx_Ek1K48aHhmM-mqOBUUeHMvchwCP1QxkSFsIe_HvcKAnmY1NYPaCJ_SCqoBh25eLtearDpsmMM12g3CpHAsMkztOvAIKePaSTnviWCQe1\/w640-h640\/Arte_Chamada_87_Qualitt%C3%A1.jpg","contentUrl":"https:\/\/blogger.googleusercontent.com\/img\/b\/R29vZ2xl\/AVvXsEisKnGiDRajEmM70ea20WCXuqGFOLuRWYhVtPcESysTdHMIe98VOCJrdZuDzw1wDCjG7sJPnmrZwUx_Ek1K48aHhmM-mqOBUUeHMvchwCP1QxkSFsIe_HvcKAnmY1NYPaCJ_SCqoBh25eLtearDpsmMM12g3CpHAsMkztOvAIKePaSTnviWCQe1\/w640-h640\/Arte_Chamada_87_Qualitt%C3%A1.jpg"},{"@type":"BreadcrumbList","@id":"https:\/\/blogdobispo.com.br\/?p=2274#breadcrumb","itemListElement":[{"@type":"ListItem","position":1,"name":"In\u00edcio","item":"https:\/\/blogdobispo.com.br\/"},{"@type":"ListItem","position":2,"name":"Pesquisa 87 FM Natal e Instituto Qualitt\u00e1 tem novos n\u00fameros em Parnamirim"}]},{"@type":"WebSite","@id":"https:\/\/blogdobispo.com.br\/#website","url":"https:\/\/blogdobispo.com.br\/","name":"Blog do Bispo","description":"Comprometido apenas com o leitor","publisher":{"@id":"https:\/\/blogdobispo.com.br\/#organization"},"potentialAction":[{"@type":"SearchAction","target":{"@type":"EntryPoint","urlTemplate":"https:\/\/blogdobispo.com.br\/?s={search_term_string}"},"query-input":{"@type":"PropertyValueSpecification","valueRequired":true,"valueName":"search_term_string"}}],"inLanguage":"pt-BR"},{"@type":"Organization","@id":"https:\/\/blogdobispo.com.br\/#organization","name":"Blog do Bispo","url":"https:\/\/blogdobispo.com.br\/","logo":{"@type":"ImageObject","inLanguage":"pt-BR","@id":"https:\/\/blogdobispo.com.br\/#\/schema\/logo\/image\/","url":"http:\/\/blogdobispo.com.br\/wp-content\/uploads\/2023\/05\/cropped-headear.png","contentUrl":"http:\/\/blogdobispo.com.br\/wp-content\/uploads\/2023\/05\/cropped-headear.png","width":1500,"height":399,"caption":"Blog do Bispo"},"image":{"@id":"https:\/\/blogdobispo.com.br\/#\/schema\/logo\/image\/"}},{"@type":"Person","@id":"https:\/\/blogdobispo.com.br\/#\/schema\/person\/e2209cc0e6cea5c5233d033e997b373f","name":"Jefferson Sterfeno","image":{"@type":"ImageObject","inLanguage":"pt-BR","@id":"https:\/\/blogdobispo.com.br\/#\/schema\/person\/image\/","url":"https:\/\/secure.gravatar.com\/avatar\/0534e84764641168a677026b6d57a3f51dc7ac4db0b4f6186d9cb330d4ee1160?s=96&d=mm&r=g","contentUrl":"https:\/\/secure.gravatar.com\/avatar\/0534e84764641168a677026b6d57a3f51dc7ac4db0b4f6186d9cb330d4ee1160?s=96&d=mm&r=g","caption":"Jefferson Sterfeno"},"sameAs":["http:\/\/blogdobispo.com.br"],"url":"https:\/\/blogdobispo.com.br\/?author=1"}]}},"featured_image_urls":{"full":"","thumbnail":"","medium":"","medium_large":"","large":"","1536x1536":"","2048x2048":""},"author_info":{"display_name":"Jefferson Sterfeno","author_link":"https:\/\/blogdobispo.com.br\/?author=1"},"category_info":"<a href=\"https:\/\/blogdobispo.com.br\/?cat=1\" rel=\"category\">diversos<\/a>","tag_info":"diversos","comment_count":"0","jetpack_featured_media_url":"","jetpack_sharing_enabled":true,"_links":{"self":[{"href":"https:\/\/blogdobispo.com.br\/index.php?rest_route=\/wp\/v2\/posts\/2274","targetHints":{"allow":["GET"]}}],"collection":[{"href":"https:\/\/blogdobispo.com.br\/index.php?rest_route=\/wp\/v2\/posts"}],"about":[{"href":"https:\/\/blogdobispo.com.br\/index.php?rest_route=\/wp\/v2\/types\/post"}],"author":[{"embeddable":true,"href":"https:\/\/blogdobispo.com.br\/index.php?rest_route=\/wp\/v2\/users\/1"}],"replies":[{"embeddable":true,"href":"https:\/\/blogdobispo.com.br\/index.php?rest_route=%2Fwp%2Fv2%2Fcomments&post=2274"}],"version-history":[{"count":0,"href":"https:\/\/blogdobispo.com.br\/index.php?rest_route=\/wp\/v2\/posts\/2274\/revisions"}],"wp:attachment":[{"href":"https:\/\/blogdobispo.com.br\/index.php?rest_route=%2Fwp%2Fv2%2Fmedia&parent=2274"}],"wp:term":[{"taxonomy":"category","embeddable":true,"href":"https:\/\/blogdobispo.com.br\/index.php?rest_route=%2Fwp%2Fv2%2Fcategories&post=2274"},{"taxonomy":"post_tag","embeddable":true,"href":"https:\/\/blogdobispo.com.br\/index.php?rest_route=%2Fwp%2Fv2%2Ftags&post=2274"}],"curies":[{"name":"wp","href":"https:\/\/api.w.org\/{rel}","templated":true}]}}