{"id":2265,"date":"2023-11-30T23:45:39","date_gmt":"2023-11-30T23:45:39","guid":{"rendered":"https:\/\/blogdobispo.com.br\/?p=2265"},"modified":"2023-11-30T23:45:39","modified_gmt":"2023-11-30T23:45:39","slug":"ney-lopes-jr-carta-apaixonada-de-um-pai","status":"publish","type":"post","link":"https:\/\/blogdobispo.com.br\/?p=2265","title":{"rendered":"Ney Lopes Jr: Carta apaixonada de um Pai"},"content":{"rendered":"\n<p>O blog do Bispo transcreve agora na \u00edntegra a carta que o ex deputado Ney Lopes escreveu nos 2 anos de saudade do Ney Lopes J\u00fanior. <\/p>\n\n\n\n<p>Meu filho Ney Jr,<\/p>\n\n\n\n<p>Hoje, 30, completam-se dois anos, desde o dia em que voc\u00ea partiu deste mundo e nada voltou a ser igual.<\/p>\n\n\n\n<p>Ainda n\u00e3o aceito tanto tempo sem voc\u00ea.<\/p>\n\n\n\n<p>Ainda n\u00e3o reconhe\u00e7o a sua morte, o seu adeus.<\/p>\n\n\n\n<p>Hoje, acordei com a profunda dor da dist\u00e2ncia que nos separa.<\/p>\n\n\n\n<p>O tempo passou sem que notasse.<\/p>\n\n\n\n<p>Parece que foi ontem, que voc\u00ea nos deixou.<\/p>\n\n\n\n<p>N\u00e3o houve um s\u00f3 dia (nem haver\u00e1), que deixasse de lembr\u00e1-lo e rezar pelo seu descanso eterno.<\/p>\n\n\n\n<p>A coisa mais penosa que fiz na vida foi beijar a sua cabe\u00e7a (gesto familiar que repetia em toda nossa conviv\u00eancia), antes de fechar o ata\u00fade coberto de flores.<\/p>\n\n\n\n<p>Conforta-me saber que Deus est\u00e1 cuidando de voc\u00ea na Eternidade.<\/p>\n\n\n\n<p>Mesmo assim, \u00e9 dif\u00edcil assistir o amanhecer e o anoitecer sem a sua afetiva presen\u00e7a, sem escutar sua voz.<\/p>\n\n\n\n<p>O cora\u00e7\u00e3o sofre por n\u00e3o ter mais ao lado, quem tanto amor em mim despertou.<\/p>\n\n\n\n<p>O tempo, na defini\u00e7\u00e3o de Arist\u00f3teles, \u00e9 a medida (contagem) das coisas, que se movimentam ou mudam, segundo um &#8220;antes e um depois&#8221;.<\/p>\n\n\n\n<p>A Eternidade, segundo a Biblia, significa um tempo sem fim, uma vida que nunca ter\u00e1 fim.<\/p>\n\n\n\n<p>Um dia nos encontraremos outra vez e, juntos, viveremos a vida sem fim da Eternidade.<\/p>\n\n\n\n<p>Antes que isso aconte\u00e7a, a dor n\u00e3o abranda, porque na perda de um ente querido o tempo n\u00e3o cura a saudade.<\/p>\n\n\n\n<p>Caso poss\u00edvel e se puder me ver de onde est\u00e1, n\u00e3o deixe de d\u00e1 os conselhos que as vezes preciso.<\/p>\n\n\n\n<p>O seu novo mundo \u00e9 repleto de amor.<\/p>\n\n\n\n<p>Nestes dois anos, o vazio aumentou sem dimens\u00e3o e a dor sem limita\u00e7\u00f5es.<\/p>\n\n\n\n<p>Fique certo que eu, a sua m\u00e3e, as suas irm\u00e3s, seus sobrinhos saudosos, seus tios e primas, enfim, toda a fam\u00edlia e amigos, reverenciam a sua mem\u00f3ria e jamais o esquecer\u00e3o.<\/p>\n\n\n\n<p>Para sempre iremos manter viva a sua hist\u00f3ria de jovem idealista, filho exemplar, pol\u00edtico por voca\u00e7\u00e3o, com grande sensibilidade humana. Isso consola o meu cora\u00e7\u00e3o, em l\u00e1grimas.<\/p>\n\n\n\n<p>Desejo-lhe paz e descanso com serenidade.<\/p>\n\n\n\n<p>Beijos, meu querido filho!<\/p>\n\n\n\n<p>At\u00e9 um dia!<\/p>\n\n\n\n<figure class=\"wp-block-image size-large\"><img data-recalc-dims=\"1\" fetchpriority=\"high\" decoding=\"async\" width=\"800\" height=\"800\" src=\"https:\/\/i0.wp.com\/blogdobispo.com.br\/wp-content\/uploads\/2023\/11\/img_4114-1-1024x1024.png?resize=800%2C800&#038;ssl=1\" class=\"wp-image-2264\" srcset=\"https:\/\/i0.wp.com\/blogdobispo.com.br\/wp-content\/uploads\/2023\/11\/img_4114-1.png?resize=1024%2C1025&amp;ssl=1 1024w, https:\/\/i0.wp.com\/blogdobispo.com.br\/wp-content\/uploads\/2023\/11\/img_4114-1.png?resize=300%2C300&amp;ssl=1 300w, https:\/\/i0.wp.com\/blogdobispo.com.br\/wp-content\/uploads\/2023\/11\/img_4114-1.png?resize=150%2C150&amp;ssl=1 150w, https:\/\/i0.wp.com\/blogdobispo.com.br\/wp-content\/uploads\/2023\/11\/img_4114-1.png?resize=768%2C769&amp;ssl=1 768w, https:\/\/i0.wp.com\/blogdobispo.com.br\/wp-content\/uploads\/2023\/11\/img_4114-1.png?w=1178&amp;ssl=1 1178w\" sizes=\"(max-width: 800px) 100vw, 800px\" \/><\/figure>\n","protected":false},"excerpt":{"rendered":"<p>O blog do Bispo transcreve agora na \u00edntegra a carta que o ex deputado Ney Lopes escreveu nos 2 anos de saudade do Ney Lopes J\u00fanior. Meu filho Ney Jr, Hoje, 30, completam-se dois anos, desde o dia em que voc\u00ea partiu deste mundo e nada voltou a ser igual. Ainda n\u00e3o aceito tanto tempo [&hellip;]<\/p>\n","protected":false},"author":1,"featured_media":0,"comment_status":"open","ping_status":"open","sticky":false,"template":"","format":"standard","meta":{"cybocfi_hide_featured_image":"","_jetpack_memberships_contains_paid_content":false,"footnotes":""},"categories":[1],"tags":[],"class_list":["post-2265","post","type-post","status-publish","format-standard","hentry","category-diversos"],"yoast_head":"<!-- This site is optimized with the Yoast SEO plugin v25.6 - https:\/\/yoast.com\/wordpress\/plugins\/seo\/ -->\n<title>Ney Lopes Jr: Carta apaixonada de um Pai - Blog do Bispo<\/title>\n<meta name=\"robots\" content=\"index, follow, max-snippet:-1, max-image-preview:large, max-video-preview:-1\" \/>\n<link rel=\"canonical\" href=\"https:\/\/blogdobispo.com.br\/?p=2265\" \/>\n<meta property=\"og:locale\" content=\"pt_BR\" \/>\n<meta property=\"og:type\" content=\"article\" \/>\n<meta property=\"og:title\" content=\"Ney Lopes Jr: Carta apaixonada de um Pai - Blog do Bispo\" \/>\n<meta property=\"og:description\" content=\"O blog do Bispo transcreve agora na \u00edntegra a carta que o ex deputado Ney Lopes escreveu nos 2 anos de saudade do Ney Lopes J\u00fanior. Meu filho Ney Jr, Hoje, 30, completam-se dois anos, desde o dia em que voc\u00ea partiu deste mundo e nada voltou a ser igual. Ainda n\u00e3o aceito tanto tempo [&hellip;]\" \/>\n<meta property=\"og:url\" content=\"https:\/\/blogdobispo.com.br\/?p=2265\" \/>\n<meta property=\"og:site_name\" content=\"Blog do Bispo\" \/>\n<meta property=\"article:published_time\" content=\"2023-11-30T23:45:39+00:00\" \/>\n<meta property=\"og:image\" content=\"https:\/\/blogdobispo.com.br\/wp-content\/uploads\/2023\/11\/img_4114-1-1024x1024.png\" \/>\n<meta name=\"author\" content=\"Jefferson Sterfeno\" \/>\n<meta name=\"twitter:card\" content=\"summary_large_image\" \/>\n<meta name=\"twitter:label1\" content=\"Escrito por\" \/>\n\t<meta name=\"twitter:data1\" content=\"Jefferson Sterfeno\" \/>\n\t<meta name=\"twitter:label2\" content=\"Est. tempo de leitura\" \/>\n\t<meta name=\"twitter:data2\" content=\"2 minutos\" \/>\n<script type=\"application\/ld+json\" class=\"yoast-schema-graph\">{\"@context\":\"https:\/\/schema.org\",\"@graph\":[{\"@type\":\"Article\",\"@id\":\"https:\/\/blogdobispo.com.br\/?p=2265#article\",\"isPartOf\":{\"@id\":\"https:\/\/blogdobispo.com.br\/?p=2265\"},\"author\":{\"name\":\"Jefferson Sterfeno\",\"@id\":\"https:\/\/blogdobispo.com.br\/#\/schema\/person\/e2209cc0e6cea5c5233d033e997b373f\"},\"headline\":\"Ney Lopes Jr: Carta apaixonada de um Pai\",\"datePublished\":\"2023-11-30T23:45:39+00:00\",\"mainEntityOfPage\":{\"@id\":\"https:\/\/blogdobispo.com.br\/?p=2265\"},\"wordCount\":404,\"commentCount\":0,\"publisher\":{\"@id\":\"https:\/\/blogdobispo.com.br\/#organization\"},\"image\":{\"@id\":\"https:\/\/blogdobispo.com.br\/?p=2265#primaryimage\"},\"thumbnailUrl\":\"https:\/\/blogdobispo.com.br\/wp-content\/uploads\/2023\/11\/img_4114-1-1024x1024.png\",\"articleSection\":[\"diversos\"],\"inLanguage\":\"pt-BR\",\"potentialAction\":[{\"@type\":\"CommentAction\",\"name\":\"Comment\",\"target\":[\"https:\/\/blogdobispo.com.br\/?p=2265#respond\"]}]},{\"@type\":\"WebPage\",\"@id\":\"https:\/\/blogdobispo.com.br\/?p=2265\",\"url\":\"https:\/\/blogdobispo.com.br\/?p=2265\",\"name\":\"Ney Lopes Jr: Carta apaixonada de um Pai - Blog do Bispo\",\"isPartOf\":{\"@id\":\"https:\/\/blogdobispo.com.br\/#website\"},\"primaryImageOfPage\":{\"@id\":\"https:\/\/blogdobispo.com.br\/?p=2265#primaryimage\"},\"image\":{\"@id\":\"https:\/\/blogdobispo.com.br\/?p=2265#primaryimage\"},\"thumbnailUrl\":\"https:\/\/blogdobispo.com.br\/wp-content\/uploads\/2023\/11\/img_4114-1-1024x1024.png\",\"datePublished\":\"2023-11-30T23:45:39+00:00\",\"breadcrumb\":{\"@id\":\"https:\/\/blogdobispo.com.br\/?p=2265#breadcrumb\"},\"inLanguage\":\"pt-BR\",\"potentialAction\":[{\"@type\":\"ReadAction\",\"target\":[\"https:\/\/blogdobispo.com.br\/?p=2265\"]}]},{\"@type\":\"ImageObject\",\"inLanguage\":\"pt-BR\",\"@id\":\"https:\/\/blogdobispo.com.br\/?p=2265#primaryimage\",\"url\":\"https:\/\/blogdobispo.com.br\/wp-content\/uploads\/2023\/11\/img_4114-1-1024x1024.png\",\"contentUrl\":\"https:\/\/blogdobispo.com.br\/wp-content\/uploads\/2023\/11\/img_4114-1-1024x1024.png\"},{\"@type\":\"BreadcrumbList\",\"@id\":\"https:\/\/blogdobispo.com.br\/?p=2265#breadcrumb\",\"itemListElement\":[{\"@type\":\"ListItem\",\"position\":1,\"name\":\"In\u00edcio\",\"item\":\"https:\/\/blogdobispo.com.br\/\"},{\"@type\":\"ListItem\",\"position\":2,\"name\":\"Ney Lopes Jr: Carta apaixonada de um Pai\"}]},{\"@type\":\"WebSite\",\"@id\":\"https:\/\/blogdobispo.com.br\/#website\",\"url\":\"https:\/\/blogdobispo.com.br\/\",\"name\":\"Blog do Bispo\",\"description\":\"Comprometido apenas com o leitor\",\"publisher\":{\"@id\":\"https:\/\/blogdobispo.com.br\/#organization\"},\"potentialAction\":[{\"@type\":\"SearchAction\",\"target\":{\"@type\":\"EntryPoint\",\"urlTemplate\":\"https:\/\/blogdobispo.com.br\/?s={search_term_string}\"},\"query-input\":{\"@type\":\"PropertyValueSpecification\",\"valueRequired\":true,\"valueName\":\"search_term_string\"}}],\"inLanguage\":\"pt-BR\"},{\"@type\":\"Organization\",\"@id\":\"https:\/\/blogdobispo.com.br\/#organization\",\"name\":\"Blog do Bispo\",\"url\":\"https:\/\/blogdobispo.com.br\/\",\"logo\":{\"@type\":\"ImageObject\",\"inLanguage\":\"pt-BR\",\"@id\":\"https:\/\/blogdobispo.com.br\/#\/schema\/logo\/image\/\",\"url\":\"http:\/\/blogdobispo.com.br\/wp-content\/uploads\/2023\/05\/cropped-headear.png\",\"contentUrl\":\"http:\/\/blogdobispo.com.br\/wp-content\/uploads\/2023\/05\/cropped-headear.png\",\"width\":1500,\"height\":399,\"caption\":\"Blog do Bispo\"},\"image\":{\"@id\":\"https:\/\/blogdobispo.com.br\/#\/schema\/logo\/image\/\"}},{\"@type\":\"Person\",\"@id\":\"https:\/\/blogdobispo.com.br\/#\/schema\/person\/e2209cc0e6cea5c5233d033e997b373f\",\"name\":\"Jefferson Sterfeno\",\"image\":{\"@type\":\"ImageObject\",\"inLanguage\":\"pt-BR\",\"@id\":\"https:\/\/blogdobispo.com.br\/#\/schema\/person\/image\/\",\"url\":\"https:\/\/secure.gravatar.com\/avatar\/0534e84764641168a677026b6d57a3f51dc7ac4db0b4f6186d9cb330d4ee1160?s=96&d=mm&r=g\",\"contentUrl\":\"https:\/\/secure.gravatar.com\/avatar\/0534e84764641168a677026b6d57a3f51dc7ac4db0b4f6186d9cb330d4ee1160?s=96&d=mm&r=g\",\"caption\":\"Jefferson Sterfeno\"},\"sameAs\":[\"http:\/\/blogdobispo.com.br\"],\"url\":\"https:\/\/blogdobispo.com.br\/?author=1\"}]}<\/script>\n<!-- \/ Yoast SEO plugin. -->","yoast_head_json":{"title":"Ney Lopes Jr: Carta apaixonada de um Pai - Blog do Bispo","robots":{"index":"index","follow":"follow","max-snippet":"max-snippet:-1","max-image-preview":"max-image-preview:large","max-video-preview":"max-video-preview:-1"},"canonical":"https:\/\/blogdobispo.com.br\/?p=2265","og_locale":"pt_BR","og_type":"article","og_title":"Ney Lopes Jr: Carta apaixonada de um Pai - Blog do Bispo","og_description":"O blog do Bispo transcreve agora na \u00edntegra a carta que o ex deputado Ney Lopes escreveu nos 2 anos de saudade do Ney Lopes J\u00fanior. Meu filho Ney Jr, Hoje, 30, completam-se dois anos, desde o dia em que voc\u00ea partiu deste mundo e nada voltou a ser igual. Ainda n\u00e3o aceito tanto tempo [&hellip;]","og_url":"https:\/\/blogdobispo.com.br\/?p=2265","og_site_name":"Blog do Bispo","article_published_time":"2023-11-30T23:45:39+00:00","og_image":[{"url":"https:\/\/blogdobispo.com.br\/wp-content\/uploads\/2023\/11\/img_4114-1-1024x1024.png","type":"","width":"","height":""}],"author":"Jefferson Sterfeno","twitter_card":"summary_large_image","twitter_misc":{"Escrito por":"Jefferson Sterfeno","Est. tempo de leitura":"2 minutos"},"schema":{"@context":"https:\/\/schema.org","@graph":[{"@type":"Article","@id":"https:\/\/blogdobispo.com.br\/?p=2265#article","isPartOf":{"@id":"https:\/\/blogdobispo.com.br\/?p=2265"},"author":{"name":"Jefferson Sterfeno","@id":"https:\/\/blogdobispo.com.br\/#\/schema\/person\/e2209cc0e6cea5c5233d033e997b373f"},"headline":"Ney Lopes Jr: Carta apaixonada de um Pai","datePublished":"2023-11-30T23:45:39+00:00","mainEntityOfPage":{"@id":"https:\/\/blogdobispo.com.br\/?p=2265"},"wordCount":404,"commentCount":0,"publisher":{"@id":"https:\/\/blogdobispo.com.br\/#organization"},"image":{"@id":"https:\/\/blogdobispo.com.br\/?p=2265#primaryimage"},"thumbnailUrl":"https:\/\/blogdobispo.com.br\/wp-content\/uploads\/2023\/11\/img_4114-1-1024x1024.png","articleSection":["diversos"],"inLanguage":"pt-BR","potentialAction":[{"@type":"CommentAction","name":"Comment","target":["https:\/\/blogdobispo.com.br\/?p=2265#respond"]}]},{"@type":"WebPage","@id":"https:\/\/blogdobispo.com.br\/?p=2265","url":"https:\/\/blogdobispo.com.br\/?p=2265","name":"Ney Lopes Jr: Carta apaixonada de um Pai - Blog do Bispo","isPartOf":{"@id":"https:\/\/blogdobispo.com.br\/#website"},"primaryImageOfPage":{"@id":"https:\/\/blogdobispo.com.br\/?p=2265#primaryimage"},"image":{"@id":"https:\/\/blogdobispo.com.br\/?p=2265#primaryimage"},"thumbnailUrl":"https:\/\/blogdobispo.com.br\/wp-content\/uploads\/2023\/11\/img_4114-1-1024x1024.png","datePublished":"2023-11-30T23:45:39+00:00","breadcrumb":{"@id":"https:\/\/blogdobispo.com.br\/?p=2265#breadcrumb"},"inLanguage":"pt-BR","potentialAction":[{"@type":"ReadAction","target":["https:\/\/blogdobispo.com.br\/?p=2265"]}]},{"@type":"ImageObject","inLanguage":"pt-BR","@id":"https:\/\/blogdobispo.com.br\/?p=2265#primaryimage","url":"https:\/\/blogdobispo.com.br\/wp-content\/uploads\/2023\/11\/img_4114-1-1024x1024.png","contentUrl":"https:\/\/blogdobispo.com.br\/wp-content\/uploads\/2023\/11\/img_4114-1-1024x1024.png"},{"@type":"BreadcrumbList","@id":"https:\/\/blogdobispo.com.br\/?p=2265#breadcrumb","itemListElement":[{"@type":"ListItem","position":1,"name":"In\u00edcio","item":"https:\/\/blogdobispo.com.br\/"},{"@type":"ListItem","position":2,"name":"Ney Lopes Jr: Carta apaixonada de um Pai"}]},{"@type":"WebSite","@id":"https:\/\/blogdobispo.com.br\/#website","url":"https:\/\/blogdobispo.com.br\/","name":"Blog do Bispo","description":"Comprometido apenas com o leitor","publisher":{"@id":"https:\/\/blogdobispo.com.br\/#organization"},"potentialAction":[{"@type":"SearchAction","target":{"@type":"EntryPoint","urlTemplate":"https:\/\/blogdobispo.com.br\/?s={search_term_string}"},"query-input":{"@type":"PropertyValueSpecification","valueRequired":true,"valueName":"search_term_string"}}],"inLanguage":"pt-BR"},{"@type":"Organization","@id":"https:\/\/blogdobispo.com.br\/#organization","name":"Blog do Bispo","url":"https:\/\/blogdobispo.com.br\/","logo":{"@type":"ImageObject","inLanguage":"pt-BR","@id":"https:\/\/blogdobispo.com.br\/#\/schema\/logo\/image\/","url":"http:\/\/blogdobispo.com.br\/wp-content\/uploads\/2023\/05\/cropped-headear.png","contentUrl":"http:\/\/blogdobispo.com.br\/wp-content\/uploads\/2023\/05\/cropped-headear.png","width":1500,"height":399,"caption":"Blog do Bispo"},"image":{"@id":"https:\/\/blogdobispo.com.br\/#\/schema\/logo\/image\/"}},{"@type":"Person","@id":"https:\/\/blogdobispo.com.br\/#\/schema\/person\/e2209cc0e6cea5c5233d033e997b373f","name":"Jefferson Sterfeno","image":{"@type":"ImageObject","inLanguage":"pt-BR","@id":"https:\/\/blogdobispo.com.br\/#\/schema\/person\/image\/","url":"https:\/\/secure.gravatar.com\/avatar\/0534e84764641168a677026b6d57a3f51dc7ac4db0b4f6186d9cb330d4ee1160?s=96&d=mm&r=g","contentUrl":"https:\/\/secure.gravatar.com\/avatar\/0534e84764641168a677026b6d57a3f51dc7ac4db0b4f6186d9cb330d4ee1160?s=96&d=mm&r=g","caption":"Jefferson Sterfeno"},"sameAs":["http:\/\/blogdobispo.com.br"],"url":"https:\/\/blogdobispo.com.br\/?author=1"}]}},"featured_image_urls":{"full":"","thumbnail":"","medium":"","medium_large":"","large":"","1536x1536":"","2048x2048":""},"author_info":{"display_name":"Jefferson Sterfeno","author_link":"https:\/\/blogdobispo.com.br\/?author=1"},"category_info":"<a href=\"https:\/\/blogdobispo.com.br\/?cat=1\" rel=\"category\">diversos<\/a>","tag_info":"diversos","comment_count":"0","jetpack_featured_media_url":"","jetpack_sharing_enabled":true,"_links":{"self":[{"href":"https:\/\/blogdobispo.com.br\/index.php?rest_route=\/wp\/v2\/posts\/2265","targetHints":{"allow":["GET"]}}],"collection":[{"href":"https:\/\/blogdobispo.com.br\/index.php?rest_route=\/wp\/v2\/posts"}],"about":[{"href":"https:\/\/blogdobispo.com.br\/index.php?rest_route=\/wp\/v2\/types\/post"}],"author":[{"embeddable":true,"href":"https:\/\/blogdobispo.com.br\/index.php?rest_route=\/wp\/v2\/users\/1"}],"replies":[{"embeddable":true,"href":"https:\/\/blogdobispo.com.br\/index.php?rest_route=%2Fwp%2Fv2%2Fcomments&post=2265"}],"version-history":[{"count":0,"href":"https:\/\/blogdobispo.com.br\/index.php?rest_route=\/wp\/v2\/posts\/2265\/revisions"}],"wp:attachment":[{"href":"https:\/\/blogdobispo.com.br\/index.php?rest_route=%2Fwp%2Fv2%2Fmedia&parent=2265"}],"wp:term":[{"taxonomy":"category","embeddable":true,"href":"https:\/\/blogdobispo.com.br\/index.php?rest_route=%2Fwp%2Fv2%2Fcategories&post=2265"},{"taxonomy":"post_tag","embeddable":true,"href":"https:\/\/blogdobispo.com.br\/index.php?rest_route=%2Fwp%2Fv2%2Ftags&post=2265"}],"curies":[{"name":"wp","href":"https:\/\/api.w.org\/{rel}","templated":true}]}}