{"id":2227,"date":"2023-11-29T04:01:13","date_gmt":"2023-11-29T04:01:13","guid":{"rendered":"https:\/\/blogdobispo.com.br\/?p=2227"},"modified":"2023-11-29T04:01:13","modified_gmt":"2023-11-29T04:01:13","slug":"general-girao-fortalece-dialogo-com-liderancas-da-reforma-agraria-e-agricultura-familiar-no-rn","status":"publish","type":"post","link":"https:\/\/blogdobispo.com.br\/?p=2227","title":{"rendered":"<em>General Gir\u00e3o fortalece di\u00e1logo com lideran\u00e7as da reforma agr\u00e1ria e agricultura familiar no RN<\/em>"},"content":{"rendered":"\n<figure class=\"wp-block-image size-large\"><img data-recalc-dims=\"1\" fetchpriority=\"high\" decoding=\"async\" width=\"800\" height=\"600\" src=\"https:\/\/i0.wp.com\/blogdobispo.com.br\/wp-content\/uploads\/2023\/11\/922d1c3f-4f78-4a40-badd-6aef9f3a6c37-1-1024x768.jpg?resize=800%2C600&#038;ssl=1\" class=\"wp-image-2226\" srcset=\"https:\/\/i0.wp.com\/blogdobispo.com.br\/wp-content\/uploads\/2023\/11\/922d1c3f-4f78-4a40-badd-6aef9f3a6c37-1.jpg?resize=1024%2C768&amp;ssl=1 1024w, https:\/\/i0.wp.com\/blogdobispo.com.br\/wp-content\/uploads\/2023\/11\/922d1c3f-4f78-4a40-badd-6aef9f3a6c37-1.jpg?resize=300%2C225&amp;ssl=1 300w, https:\/\/i0.wp.com\/blogdobispo.com.br\/wp-content\/uploads\/2023\/11\/922d1c3f-4f78-4a40-badd-6aef9f3a6c37-1.jpg?resize=768%2C576&amp;ssl=1 768w, https:\/\/i0.wp.com\/blogdobispo.com.br\/wp-content\/uploads\/2023\/11\/922d1c3f-4f78-4a40-badd-6aef9f3a6c37-1.jpg?resize=1536%2C1152&amp;ssl=1 1536w, https:\/\/i0.wp.com\/blogdobispo.com.br\/wp-content\/uploads\/2023\/11\/922d1c3f-4f78-4a40-badd-6aef9f3a6c37-1.jpg?w=1600&amp;ssl=1 1600w\" sizes=\"(max-width: 800px) 100vw, 800px\" \/><\/figure>\n\n\n\n<p><\/p>\n\n\n\n<p>O Deputado Federal General Gir\u00e3o participou virtualmente de uma reuni\u00e3o com os presidentes de associa\u00e7\u00f5es da reforma agr\u00e1ria e agricultura familiar do estado. O encontro, realizado na \u00faltima segunda-feira (27), contou com a presen\u00e7a de lideran\u00e7as de 23 munic\u00edpios que, somados, representam aproximadamente 6 mil fam\u00edlias assentadas.<\/p>\n\n\n\n<p>Durante a reuni\u00e3o, os l\u00edderes destacaram as necessidades emergentes, solicitando o apoio do Deputado General Gir\u00e3o para a destina\u00e7\u00e3o de emendas parlamentares. Tenho orgulho de ter sido o \u00fanico Deputado Federal que identificou o estado de abandono e maus tratos que esses valorosos produtores rurais se encontravam sob a tutela do bando do MST. Eles nos trouxeram reivindica\u00e7\u00f5es sobre demandas para a Frente Parlamentar do Semi\u00e1rido e, ainda, solicita\u00e7\u00f5es de emendas para aquisi\u00e7\u00e3o de m\u00e1quinas, po\u00e7os e equipamentos para o desenvolvimento da produ\u00e7\u00e3o no RN\u201d, afirmou o parlamentar que integra a Frente Parlamentar Mista em Prol do Semi\u00e1rido.<\/p>\n\n\n\n<p>Para o Deputado, esse di\u00e1logo \u00e9 fundamental para o crescimento do setor no Brasil. &#8221; Agrade\u00e7o a confian\u00e7a em n\u00f3s depositada, pela troca de experi\u00eancias e aos representantes do nosso Gabinete Natal que os receberam para este momento t\u00e3o enriquecidor. Nosso objetivo maior sempre foi e continuar\u00e1 sendo apoiar quem est\u00e1 \u201cpotiguarizando&#8221;, destacou o parlamentar, reafirmando seu compromisso com o setor.<\/p>\n\n\n\n<p>L\u00edder do movimento estadual para o desenvolvimento da reforma agr\u00e1ria e da agricultura familiar do RN, Allan Helcias de Medeiros, falou sobre o trabalho que vem sendo desenvolvido com o apoio do parlamentar. &#8220;Jamais um deputado federal havia convocado a classe dos pequenos produtores para discutir sobre recursos para impulsionar a produ\u00e7\u00e3o, o desenvolvimento e proporcionar melhores condi\u00e7\u00f5es de vida em nossas comunidades. O General Gir\u00e3o, desde 2020, tem possibilitando dezenas de perfura\u00e7\u00f5es de po\u00e7os, instala\u00e7\u00e3o de dessalinizadores, fornecimento de tratores com implementos agr\u00edcolas, kits de irriga\u00e7\u00e3o e antenas com sinal de internet. Tamb\u00e9m enviou emendas ao INCRA para custeio do m\u00f3dulo de titula\u00e7\u00e3o, regulariza\u00e7\u00e3o fundi\u00e1ria e apoio \u00e0s fam\u00edlias em assentamentos&#8221;, informou Allan.<\/p>\n\n\n\n<p>Ele ressalta que o General Gir\u00e3o tamb\u00e9m contribuiu para a constru\u00e7\u00e3o da central de comercializa\u00e7\u00e3o da reforma agr\u00e1ria na capital, impulsionando as vendas da produ\u00e7\u00e3o dos assentamentos. Destacam-se tamb\u00e9m a doa\u00e7\u00e3o de uma ambul\u00e2ncia para o assentamento Maisa, o maior do Brasil em Mossor\u00f3, a reforma de quadras esportivas, pavimenta\u00e7\u00e3o e a implementa\u00e7\u00e3o de energia solar para fortalecer a produ\u00e7\u00e3o e os po\u00e7os de abastecimento comunit\u00e1rios.<\/p>\n\n\n\n<p>&#8220;Os recursos futuros incluem ve\u00edculos refrigerados para transporte e comercializa\u00e7\u00e3o da produ\u00e7\u00e3o, m\u00e1quinas agr\u00edcolas, agroind\u00fastrias para beneficiamento de frutas, produ\u00e7\u00e3o de polpas, frutas desidratadas, massas e outros alimentos. Essas iniciativas visam n\u00e3o apenas atender ao mercado com alimentos de qualidade, mas tamb\u00e9m gerar emprego, renda e proporcionar dignidade \u00e0s fam\u00edlias do campo, promovendo a independ\u00eancia financeira de homens e mulheres&#8221;, concluiu o representante dos assentados.<\/p>\n","protected":false},"excerpt":{"rendered":"<p>O Deputado Federal General Gir\u00e3o participou virtualmente de uma reuni\u00e3o com os presidentes de associa\u00e7\u00f5es da reforma agr\u00e1ria e agricultura familiar do estado. O encontro, realizado na \u00faltima segunda-feira (27), contou com a presen\u00e7a de lideran\u00e7as de 23 munic\u00edpios que, somados, representam aproximadamente 6 mil fam\u00edlias assentadas. Durante a reuni\u00e3o, os l\u00edderes destacaram as necessidades [&hellip;]<\/p>\n","protected":false},"author":1,"featured_media":0,"comment_status":"open","ping_status":"open","sticky":false,"template":"","format":"standard","meta":{"cybocfi_hide_featured_image":"","_jetpack_memberships_contains_paid_content":false,"footnotes":""},"categories":[1],"tags":[],"class_list":["post-2227","post","type-post","status-publish","format-standard","hentry","category-diversos"],"yoast_head":"<!-- This site is optimized with the Yoast SEO plugin v25.6 - https:\/\/yoast.com\/wordpress\/plugins\/seo\/ -->\n<title>General Gir\u00e3o fortalece di\u00e1logo com lideran\u00e7as da reforma agr\u00e1ria e agricultura familiar no RN - Blog do Bispo<\/title>\n<meta name=\"robots\" content=\"index, follow, max-snippet:-1, max-image-preview:large, max-video-preview:-1\" \/>\n<link rel=\"canonical\" href=\"https:\/\/blogdobispo.com.br\/?p=2227\" \/>\n<meta property=\"og:locale\" content=\"pt_BR\" \/>\n<meta property=\"og:type\" content=\"article\" \/>\n<meta property=\"og:title\" content=\"General Gir\u00e3o fortalece di\u00e1logo com lideran\u00e7as da reforma agr\u00e1ria e agricultura familiar no RN - Blog do Bispo\" \/>\n<meta property=\"og:description\" content=\"O Deputado Federal General Gir\u00e3o participou virtualmente de uma reuni\u00e3o com os presidentes de associa\u00e7\u00f5es da reforma agr\u00e1ria e agricultura familiar do estado. O encontro, realizado na \u00faltima segunda-feira (27), contou com a presen\u00e7a de lideran\u00e7as de 23 munic\u00edpios que, somados, representam aproximadamente 6 mil fam\u00edlias assentadas. Durante a reuni\u00e3o, os l\u00edderes destacaram as necessidades [&hellip;]\" \/>\n<meta property=\"og:url\" content=\"https:\/\/blogdobispo.com.br\/?p=2227\" \/>\n<meta property=\"og:site_name\" content=\"Blog do Bispo\" \/>\n<meta property=\"article:published_time\" content=\"2023-11-29T04:01:13+00:00\" \/>\n<meta property=\"og:image\" content=\"https:\/\/blogdobispo.com.br\/wp-content\/uploads\/2023\/11\/922d1c3f-4f78-4a40-badd-6aef9f3a6c37-1-1024x768.jpg\" \/>\n<meta name=\"author\" content=\"Jefferson Sterfeno\" \/>\n<meta name=\"twitter:card\" content=\"summary_large_image\" \/>\n<meta name=\"twitter:label1\" content=\"Escrito por\" \/>\n\t<meta name=\"twitter:data1\" content=\"Jefferson Sterfeno\" \/>\n\t<meta name=\"twitter:label2\" content=\"Est. tempo de leitura\" \/>\n\t<meta name=\"twitter:data2\" content=\"3 minutos\" \/>\n<script type=\"application\/ld+json\" class=\"yoast-schema-graph\">{\"@context\":\"https:\/\/schema.org\",\"@graph\":[{\"@type\":\"Article\",\"@id\":\"https:\/\/blogdobispo.com.br\/?p=2227#article\",\"isPartOf\":{\"@id\":\"https:\/\/blogdobispo.com.br\/?p=2227\"},\"author\":{\"name\":\"Jefferson Sterfeno\",\"@id\":\"https:\/\/blogdobispo.com.br\/#\/schema\/person\/e2209cc0e6cea5c5233d033e997b373f\"},\"headline\":\"General Gir\u00e3o fortalece di\u00e1logo com lideran\u00e7as da reforma agr\u00e1ria e agricultura familiar no RN\",\"datePublished\":\"2023-11-29T04:01:13+00:00\",\"mainEntityOfPage\":{\"@id\":\"https:\/\/blogdobispo.com.br\/?p=2227\"},\"wordCount\":530,\"commentCount\":0,\"publisher\":{\"@id\":\"https:\/\/blogdobispo.com.br\/#organization\"},\"image\":{\"@id\":\"https:\/\/blogdobispo.com.br\/?p=2227#primaryimage\"},\"thumbnailUrl\":\"https:\/\/blogdobispo.com.br\/wp-content\/uploads\/2023\/11\/922d1c3f-4f78-4a40-badd-6aef9f3a6c37-1-1024x768.jpg\",\"articleSection\":[\"diversos\"],\"inLanguage\":\"pt-BR\",\"potentialAction\":[{\"@type\":\"CommentAction\",\"name\":\"Comment\",\"target\":[\"https:\/\/blogdobispo.com.br\/?p=2227#respond\"]}]},{\"@type\":\"WebPage\",\"@id\":\"https:\/\/blogdobispo.com.br\/?p=2227\",\"url\":\"https:\/\/blogdobispo.com.br\/?p=2227\",\"name\":\"General Gir\u00e3o fortalece di\u00e1logo com lideran\u00e7as da reforma agr\u00e1ria e agricultura familiar no RN - Blog do Bispo\",\"isPartOf\":{\"@id\":\"https:\/\/blogdobispo.com.br\/#website\"},\"primaryImageOfPage\":{\"@id\":\"https:\/\/blogdobispo.com.br\/?p=2227#primaryimage\"},\"image\":{\"@id\":\"https:\/\/blogdobispo.com.br\/?p=2227#primaryimage\"},\"thumbnailUrl\":\"https:\/\/blogdobispo.com.br\/wp-content\/uploads\/2023\/11\/922d1c3f-4f78-4a40-badd-6aef9f3a6c37-1-1024x768.jpg\",\"datePublished\":\"2023-11-29T04:01:13+00:00\",\"breadcrumb\":{\"@id\":\"https:\/\/blogdobispo.com.br\/?p=2227#breadcrumb\"},\"inLanguage\":\"pt-BR\",\"potentialAction\":[{\"@type\":\"ReadAction\",\"target\":[\"https:\/\/blogdobispo.com.br\/?p=2227\"]}]},{\"@type\":\"ImageObject\",\"inLanguage\":\"pt-BR\",\"@id\":\"https:\/\/blogdobispo.com.br\/?p=2227#primaryimage\",\"url\":\"https:\/\/blogdobispo.com.br\/wp-content\/uploads\/2023\/11\/922d1c3f-4f78-4a40-badd-6aef9f3a6c37-1-1024x768.jpg\",\"contentUrl\":\"https:\/\/blogdobispo.com.br\/wp-content\/uploads\/2023\/11\/922d1c3f-4f78-4a40-badd-6aef9f3a6c37-1-1024x768.jpg\"},{\"@type\":\"BreadcrumbList\",\"@id\":\"https:\/\/blogdobispo.com.br\/?p=2227#breadcrumb\",\"itemListElement\":[{\"@type\":\"ListItem\",\"position\":1,\"name\":\"In\u00edcio\",\"item\":\"https:\/\/blogdobispo.com.br\/\"},{\"@type\":\"ListItem\",\"position\":2,\"name\":\"General Gir\u00e3o fortalece di\u00e1logo com lideran\u00e7as da reforma agr\u00e1ria e agricultura familiar no RN\"}]},{\"@type\":\"WebSite\",\"@id\":\"https:\/\/blogdobispo.com.br\/#website\",\"url\":\"https:\/\/blogdobispo.com.br\/\",\"name\":\"Blog do Bispo\",\"description\":\"Comprometido apenas com o leitor\",\"publisher\":{\"@id\":\"https:\/\/blogdobispo.com.br\/#organization\"},\"potentialAction\":[{\"@type\":\"SearchAction\",\"target\":{\"@type\":\"EntryPoint\",\"urlTemplate\":\"https:\/\/blogdobispo.com.br\/?s={search_term_string}\"},\"query-input\":{\"@type\":\"PropertyValueSpecification\",\"valueRequired\":true,\"valueName\":\"search_term_string\"}}],\"inLanguage\":\"pt-BR\"},{\"@type\":\"Organization\",\"@id\":\"https:\/\/blogdobispo.com.br\/#organization\",\"name\":\"Blog do Bispo\",\"url\":\"https:\/\/blogdobispo.com.br\/\",\"logo\":{\"@type\":\"ImageObject\",\"inLanguage\":\"pt-BR\",\"@id\":\"https:\/\/blogdobispo.com.br\/#\/schema\/logo\/image\/\",\"url\":\"http:\/\/blogdobispo.com.br\/wp-content\/uploads\/2023\/05\/cropped-headear.png\",\"contentUrl\":\"http:\/\/blogdobispo.com.br\/wp-content\/uploads\/2023\/05\/cropped-headear.png\",\"width\":1500,\"height\":399,\"caption\":\"Blog do Bispo\"},\"image\":{\"@id\":\"https:\/\/blogdobispo.com.br\/#\/schema\/logo\/image\/\"}},{\"@type\":\"Person\",\"@id\":\"https:\/\/blogdobispo.com.br\/#\/schema\/person\/e2209cc0e6cea5c5233d033e997b373f\",\"name\":\"Jefferson Sterfeno\",\"image\":{\"@type\":\"ImageObject\",\"inLanguage\":\"pt-BR\",\"@id\":\"https:\/\/blogdobispo.com.br\/#\/schema\/person\/image\/\",\"url\":\"https:\/\/secure.gravatar.com\/avatar\/0534e84764641168a677026b6d57a3f51dc7ac4db0b4f6186d9cb330d4ee1160?s=96&d=mm&r=g\",\"contentUrl\":\"https:\/\/secure.gravatar.com\/avatar\/0534e84764641168a677026b6d57a3f51dc7ac4db0b4f6186d9cb330d4ee1160?s=96&d=mm&r=g\",\"caption\":\"Jefferson Sterfeno\"},\"sameAs\":[\"http:\/\/blogdobispo.com.br\"],\"url\":\"https:\/\/blogdobispo.com.br\/?author=1\"}]}<\/script>\n<!-- \/ Yoast SEO plugin. -->","yoast_head_json":{"title":"General Gir\u00e3o fortalece di\u00e1logo com lideran\u00e7as da reforma agr\u00e1ria e agricultura familiar no RN - Blog do Bispo","robots":{"index":"index","follow":"follow","max-snippet":"max-snippet:-1","max-image-preview":"max-image-preview:large","max-video-preview":"max-video-preview:-1"},"canonical":"https:\/\/blogdobispo.com.br\/?p=2227","og_locale":"pt_BR","og_type":"article","og_title":"General Gir\u00e3o fortalece di\u00e1logo com lideran\u00e7as da reforma agr\u00e1ria e agricultura familiar no RN - Blog do Bispo","og_description":"O Deputado Federal General Gir\u00e3o participou virtualmente de uma reuni\u00e3o com os presidentes de associa\u00e7\u00f5es da reforma agr\u00e1ria e agricultura familiar do estado. O encontro, realizado na \u00faltima segunda-feira (27), contou com a presen\u00e7a de lideran\u00e7as de 23 munic\u00edpios que, somados, representam aproximadamente 6 mil fam\u00edlias assentadas. Durante a reuni\u00e3o, os l\u00edderes destacaram as necessidades [&hellip;]","og_url":"https:\/\/blogdobispo.com.br\/?p=2227","og_site_name":"Blog do Bispo","article_published_time":"2023-11-29T04:01:13+00:00","og_image":[{"url":"https:\/\/blogdobispo.com.br\/wp-content\/uploads\/2023\/11\/922d1c3f-4f78-4a40-badd-6aef9f3a6c37-1-1024x768.jpg","type":"","width":"","height":""}],"author":"Jefferson Sterfeno","twitter_card":"summary_large_image","twitter_misc":{"Escrito por":"Jefferson Sterfeno","Est. tempo de leitura":"3 minutos"},"schema":{"@context":"https:\/\/schema.org","@graph":[{"@type":"Article","@id":"https:\/\/blogdobispo.com.br\/?p=2227#article","isPartOf":{"@id":"https:\/\/blogdobispo.com.br\/?p=2227"},"author":{"name":"Jefferson Sterfeno","@id":"https:\/\/blogdobispo.com.br\/#\/schema\/person\/e2209cc0e6cea5c5233d033e997b373f"},"headline":"General Gir\u00e3o fortalece di\u00e1logo com lideran\u00e7as da reforma agr\u00e1ria e agricultura familiar no RN","datePublished":"2023-11-29T04:01:13+00:00","mainEntityOfPage":{"@id":"https:\/\/blogdobispo.com.br\/?p=2227"},"wordCount":530,"commentCount":0,"publisher":{"@id":"https:\/\/blogdobispo.com.br\/#organization"},"image":{"@id":"https:\/\/blogdobispo.com.br\/?p=2227#primaryimage"},"thumbnailUrl":"https:\/\/blogdobispo.com.br\/wp-content\/uploads\/2023\/11\/922d1c3f-4f78-4a40-badd-6aef9f3a6c37-1-1024x768.jpg","articleSection":["diversos"],"inLanguage":"pt-BR","potentialAction":[{"@type":"CommentAction","name":"Comment","target":["https:\/\/blogdobispo.com.br\/?p=2227#respond"]}]},{"@type":"WebPage","@id":"https:\/\/blogdobispo.com.br\/?p=2227","url":"https:\/\/blogdobispo.com.br\/?p=2227","name":"General Gir\u00e3o fortalece di\u00e1logo com lideran\u00e7as da reforma agr\u00e1ria e agricultura familiar no RN - Blog do Bispo","isPartOf":{"@id":"https:\/\/blogdobispo.com.br\/#website"},"primaryImageOfPage":{"@id":"https:\/\/blogdobispo.com.br\/?p=2227#primaryimage"},"image":{"@id":"https:\/\/blogdobispo.com.br\/?p=2227#primaryimage"},"thumbnailUrl":"https:\/\/blogdobispo.com.br\/wp-content\/uploads\/2023\/11\/922d1c3f-4f78-4a40-badd-6aef9f3a6c37-1-1024x768.jpg","datePublished":"2023-11-29T04:01:13+00:00","breadcrumb":{"@id":"https:\/\/blogdobispo.com.br\/?p=2227#breadcrumb"},"inLanguage":"pt-BR","potentialAction":[{"@type":"ReadAction","target":["https:\/\/blogdobispo.com.br\/?p=2227"]}]},{"@type":"ImageObject","inLanguage":"pt-BR","@id":"https:\/\/blogdobispo.com.br\/?p=2227#primaryimage","url":"https:\/\/blogdobispo.com.br\/wp-content\/uploads\/2023\/11\/922d1c3f-4f78-4a40-badd-6aef9f3a6c37-1-1024x768.jpg","contentUrl":"https:\/\/blogdobispo.com.br\/wp-content\/uploads\/2023\/11\/922d1c3f-4f78-4a40-badd-6aef9f3a6c37-1-1024x768.jpg"},{"@type":"BreadcrumbList","@id":"https:\/\/blogdobispo.com.br\/?p=2227#breadcrumb","itemListElement":[{"@type":"ListItem","position":1,"name":"In\u00edcio","item":"https:\/\/blogdobispo.com.br\/"},{"@type":"ListItem","position":2,"name":"General Gir\u00e3o fortalece di\u00e1logo com lideran\u00e7as da reforma agr\u00e1ria e agricultura familiar no RN"}]},{"@type":"WebSite","@id":"https:\/\/blogdobispo.com.br\/#website","url":"https:\/\/blogdobispo.com.br\/","name":"Blog do Bispo","description":"Comprometido apenas com o leitor","publisher":{"@id":"https:\/\/blogdobispo.com.br\/#organization"},"potentialAction":[{"@type":"SearchAction","target":{"@type":"EntryPoint","urlTemplate":"https:\/\/blogdobispo.com.br\/?s={search_term_string}"},"query-input":{"@type":"PropertyValueSpecification","valueRequired":true,"valueName":"search_term_string"}}],"inLanguage":"pt-BR"},{"@type":"Organization","@id":"https:\/\/blogdobispo.com.br\/#organization","name":"Blog do Bispo","url":"https:\/\/blogdobispo.com.br\/","logo":{"@type":"ImageObject","inLanguage":"pt-BR","@id":"https:\/\/blogdobispo.com.br\/#\/schema\/logo\/image\/","url":"http:\/\/blogdobispo.com.br\/wp-content\/uploads\/2023\/05\/cropped-headear.png","contentUrl":"http:\/\/blogdobispo.com.br\/wp-content\/uploads\/2023\/05\/cropped-headear.png","width":1500,"height":399,"caption":"Blog do Bispo"},"image":{"@id":"https:\/\/blogdobispo.com.br\/#\/schema\/logo\/image\/"}},{"@type":"Person","@id":"https:\/\/blogdobispo.com.br\/#\/schema\/person\/e2209cc0e6cea5c5233d033e997b373f","name":"Jefferson Sterfeno","image":{"@type":"ImageObject","inLanguage":"pt-BR","@id":"https:\/\/blogdobispo.com.br\/#\/schema\/person\/image\/","url":"https:\/\/secure.gravatar.com\/avatar\/0534e84764641168a677026b6d57a3f51dc7ac4db0b4f6186d9cb330d4ee1160?s=96&d=mm&r=g","contentUrl":"https:\/\/secure.gravatar.com\/avatar\/0534e84764641168a677026b6d57a3f51dc7ac4db0b4f6186d9cb330d4ee1160?s=96&d=mm&r=g","caption":"Jefferson Sterfeno"},"sameAs":["http:\/\/blogdobispo.com.br"],"url":"https:\/\/blogdobispo.com.br\/?author=1"}]}},"featured_image_urls":{"full":"","thumbnail":"","medium":"","medium_large":"","large":"","1536x1536":"","2048x2048":""},"author_info":{"display_name":"Jefferson Sterfeno","author_link":"https:\/\/blogdobispo.com.br\/?author=1"},"category_info":"<a href=\"https:\/\/blogdobispo.com.br\/?cat=1\" rel=\"category\">diversos<\/a>","tag_info":"diversos","comment_count":"0","jetpack_featured_media_url":"","jetpack_sharing_enabled":true,"_links":{"self":[{"href":"https:\/\/blogdobispo.com.br\/index.php?rest_route=\/wp\/v2\/posts\/2227","targetHints":{"allow":["GET"]}}],"collection":[{"href":"https:\/\/blogdobispo.com.br\/index.php?rest_route=\/wp\/v2\/posts"}],"about":[{"href":"https:\/\/blogdobispo.com.br\/index.php?rest_route=\/wp\/v2\/types\/post"}],"author":[{"embeddable":true,"href":"https:\/\/blogdobispo.com.br\/index.php?rest_route=\/wp\/v2\/users\/1"}],"replies":[{"embeddable":true,"href":"https:\/\/blogdobispo.com.br\/index.php?rest_route=%2Fwp%2Fv2%2Fcomments&post=2227"}],"version-history":[{"count":0,"href":"https:\/\/blogdobispo.com.br\/index.php?rest_route=\/wp\/v2\/posts\/2227\/revisions"}],"wp:attachment":[{"href":"https:\/\/blogdobispo.com.br\/index.php?rest_route=%2Fwp%2Fv2%2Fmedia&parent=2227"}],"wp:term":[{"taxonomy":"category","embeddable":true,"href":"https:\/\/blogdobispo.com.br\/index.php?rest_route=%2Fwp%2Fv2%2Fcategories&post=2227"},{"taxonomy":"post_tag","embeddable":true,"href":"https:\/\/blogdobispo.com.br\/index.php?rest_route=%2Fwp%2Fv2%2Ftags&post=2227"}],"curies":[{"name":"wp","href":"https:\/\/api.w.org\/{rel}","templated":true}]}}