{"id":2225,"date":"2023-11-29T03:59:35","date_gmt":"2023-11-29T03:59:35","guid":{"rendered":"https:\/\/blogdobispo.com.br\/?p=2225"},"modified":"2023-11-29T03:59:35","modified_gmt":"2023-11-29T03:59:35","slug":"coronel-azevedo-homenageara-bolsonaro-em-sessao-solene-na-assembleia-legislativa","status":"publish","type":"post","link":"https:\/\/blogdobispo.com.br\/?p=2225","title":{"rendered":"CORONEL AZEVEDO HOMENAGEAR\u00c1 BOLSONARO EM SESS\u00c3O SOLENE NA ASSEMBLEIA LEGISLATIVA"},"content":{"rendered":"\n<figure class=\"wp-block-image size-large\"><img data-recalc-dims=\"1\" fetchpriority=\"high\" decoding=\"async\" width=\"800\" height=\"1000\" src=\"https:\/\/i0.wp.com\/blogdobispo.com.br\/wp-content\/uploads\/2023\/11\/c5274877-f998-470d-ab80-8bba8c68b00b-1-819x1024.jpg?resize=800%2C1000&#038;ssl=1\" class=\"wp-image-2224\" srcset=\"https:\/\/i0.wp.com\/blogdobispo.com.br\/wp-content\/uploads\/2023\/11\/c5274877-f998-470d-ab80-8bba8c68b00b-1.jpg?resize=819%2C1024&amp;ssl=1 819w, https:\/\/i0.wp.com\/blogdobispo.com.br\/wp-content\/uploads\/2023\/11\/c5274877-f998-470d-ab80-8bba8c68b00b-1.jpg?resize=240%2C300&amp;ssl=1 240w, https:\/\/i0.wp.com\/blogdobispo.com.br\/wp-content\/uploads\/2023\/11\/c5274877-f998-470d-ab80-8bba8c68b00b-1.jpg?resize=768%2C960&amp;ssl=1 768w, https:\/\/i0.wp.com\/blogdobispo.com.br\/wp-content\/uploads\/2023\/11\/c5274877-f998-470d-ab80-8bba8c68b00b-1.jpg?resize=1024%2C1280&amp;ssl=1 1024w, https:\/\/i0.wp.com\/blogdobispo.com.br\/wp-content\/uploads\/2023\/11\/c5274877-f998-470d-ab80-8bba8c68b00b-1.jpg?w=1178&amp;ssl=1 1178w\" sizes=\"(max-width: 800px) 100vw, 800px\" \/><\/figure>\n\n\n\n<p><\/p>\n\n\n\n<p>\u201cUma cerim\u00f4nia que vai simbolizar o sonho do Brasil de voltar a ter liberdade\u201d. \u00c9 com esse prop\u00f3sito que o deputado estadual Coronel Azevedo vai receber na pr\u00f3xima quinta-feira, 30, na Assembleia Legislativa, o ex-presidente Jair Bolsonaro em uma sess\u00e3o solene em homenagem ao Dia do Motociclista.<\/p>\n\n\n\n<p>A sess\u00e3o est\u00e1 marcada para \u00e0s 14h, no pr\u00e9dio sede da Assembleia RN, Pal\u00e1cio Jos\u00e9 Augusto, na Cidade Alta, em Natal, e s\u00e3o esperados motociclistas de v\u00e1rias partes do Rio Grande do Norte.<\/p>\n\n\n\n<p>\u201cA liberdade \u00e9 o sonho mais antigo do homem. E o homem transformou essa t\u00e3o sonhada liberdade em m\u00e1quina e a chamou de motocicleta!\u201d, diz o Deputado Coronel Azevedo, que j\u00e1 foi comandante da Pol\u00edcia Militar do RN e tamb\u00e9m \u00e9 motociclista.<\/p>\n\n\n\n<p>\u201cBolsonaro \u00e9 admirado por milh\u00f5es de motociclistas do Brasil. Ele valoriza o maior sentimento que essa categoria defende, que \u00e9 o da liberdade. Ent\u00e3o, nada mais justo e natural que esta sess\u00e3o solene tenha a presen\u00e7a do ex-presidente ao lado daqueles que defendem a liberdade em todas as suas dimens\u00f5es. Uma moto na garagem faz a gente sonhar. Uma moto na estrada faz a gente viver. Vamos nos unir para fazer o Brasil sonhar novamente com liberdade\u201d, enfatiza o Coronel Azevedo.<\/p>\n\n\n\n<p>O presidente Bolsonaro j\u00e1 confirmou presen\u00e7a no evento.<\/p>\n\n\n\n<p>Na sess\u00e3o solene, ser\u00e3o homenageados os motoclubes e unidades operacionais.<\/p>\n\n\n\n<ul class=\"wp-block-list\">\n<li>Nacionaes Law Enforcement Motorcycle Club &#8211; XVIII Regional Rio Grande do Norte<\/li>\n\n\n\n<li>Casacos de Couro Moto Clube \u2013 Rio Grande do Norte<\/li>\n\n\n\n<li>Estrada Moto Clube<\/li>\n\n\n\n<li>A Ordem Moto Clube<\/li>\n\n\n\n<li>Cumpadres do Brasil Moto Clube<\/li>\n\n\n\n<li>Moto Clube Buraqueiras do Asfalto<\/li>\n\n\n\n<li>Moto Cops Brasil Moto Clube<\/li>\n\n\n\n<li>Esqudr\u00e3o P-47 Moto Clube<\/li>\n\n\n\n<li>Moto Clube B-17<\/li>\n\n\n\n<li>Moto Clube Bodes do Asfalto \u2013 Sub Sede Natal<\/li>\n\n\n\n<li>Secretaria Municipal de Mobilidade Urbana de Natal<\/li>\n\n\n\n<li>Rondas Ostensivas com Apoio de Motocicletas \u2013 ROCAM<\/li>\n\n\n\n<li>1\u00aa Companhia Independente de Policiamento Rodovi\u00e1rio \u2013 (1\u00aa CIPRv\/CPRE &#8211; Esquadr\u00e3o \u00c1guia)<\/li>\n\n\n\n<li>Pelot\u00e3o de Pol\u00edcia do Ex\u00e9rcito \/ 7\u00aa Bda Inf Mtz<\/li>\n\n\n\n<li>Pol\u00edcia Rodovi\u00e1ria Federal<\/li>\n<\/ul>\n","protected":false},"excerpt":{"rendered":"<p>\u201cUma cerim\u00f4nia que vai simbolizar o sonho do Brasil de voltar a ter liberdade\u201d. \u00c9 com esse prop\u00f3sito que o deputado estadual Coronel Azevedo vai receber na pr\u00f3xima quinta-feira, 30, na Assembleia Legislativa, o ex-presidente Jair Bolsonaro em uma sess\u00e3o solene em homenagem ao Dia do Motociclista. A sess\u00e3o est\u00e1 marcada para \u00e0s 14h, no [&hellip;]<\/p>\n","protected":false},"author":1,"featured_media":0,"comment_status":"open","ping_status":"open","sticky":false,"template":"","format":"standard","meta":{"cybocfi_hide_featured_image":"","_jetpack_memberships_contains_paid_content":false,"footnotes":""},"categories":[1],"tags":[],"class_list":["post-2225","post","type-post","status-publish","format-standard","hentry","category-diversos"],"yoast_head":"<!-- This site is optimized with the Yoast SEO plugin v25.6 - https:\/\/yoast.com\/wordpress\/plugins\/seo\/ -->\n<title>CORONEL AZEVEDO HOMENAGEAR\u00c1 BOLSONARO EM SESS\u00c3O SOLENE NA ASSEMBLEIA LEGISLATIVA - Blog do Bispo<\/title>\n<meta name=\"robots\" content=\"index, follow, max-snippet:-1, max-image-preview:large, max-video-preview:-1\" \/>\n<link rel=\"canonical\" href=\"https:\/\/blogdobispo.com.br\/?p=2225\" \/>\n<meta property=\"og:locale\" content=\"pt_BR\" \/>\n<meta property=\"og:type\" content=\"article\" \/>\n<meta property=\"og:title\" content=\"CORONEL AZEVEDO HOMENAGEAR\u00c1 BOLSONARO EM SESS\u00c3O SOLENE NA ASSEMBLEIA LEGISLATIVA - Blog do Bispo\" \/>\n<meta property=\"og:description\" content=\"\u201cUma cerim\u00f4nia que vai simbolizar o sonho do Brasil de voltar a ter liberdade\u201d. \u00c9 com esse prop\u00f3sito que o deputado estadual Coronel Azevedo vai receber na pr\u00f3xima quinta-feira, 30, na Assembleia Legislativa, o ex-presidente Jair Bolsonaro em uma sess\u00e3o solene em homenagem ao Dia do Motociclista. A sess\u00e3o est\u00e1 marcada para \u00e0s 14h, no [&hellip;]\" \/>\n<meta property=\"og:url\" content=\"https:\/\/blogdobispo.com.br\/?p=2225\" \/>\n<meta property=\"og:site_name\" content=\"Blog do Bispo\" \/>\n<meta property=\"article:published_time\" content=\"2023-11-29T03:59:35+00:00\" \/>\n<meta property=\"og:image\" content=\"https:\/\/blogdobispo.com.br\/wp-content\/uploads\/2023\/11\/c5274877-f998-470d-ab80-8bba8c68b00b-1-819x1024.jpg\" \/>\n<meta name=\"author\" content=\"Jefferson Sterfeno\" \/>\n<meta name=\"twitter:card\" content=\"summary_large_image\" \/>\n<meta name=\"twitter:label1\" content=\"Escrito por\" \/>\n\t<meta name=\"twitter:data1\" content=\"Jefferson Sterfeno\" \/>\n\t<meta name=\"twitter:label2\" content=\"Est. tempo de leitura\" \/>\n\t<meta name=\"twitter:data2\" content=\"2 minutos\" \/>\n<script type=\"application\/ld+json\" class=\"yoast-schema-graph\">{\"@context\":\"https:\/\/schema.org\",\"@graph\":[{\"@type\":\"Article\",\"@id\":\"https:\/\/blogdobispo.com.br\/?p=2225#article\",\"isPartOf\":{\"@id\":\"https:\/\/blogdobispo.com.br\/?p=2225\"},\"author\":{\"name\":\"Jefferson Sterfeno\",\"@id\":\"https:\/\/blogdobispo.com.br\/#\/schema\/person\/e2209cc0e6cea5c5233d033e997b373f\"},\"headline\":\"CORONEL AZEVEDO HOMENAGEAR\u00c1 BOLSONARO EM SESS\u00c3O SOLENE NA ASSEMBLEIA LEGISLATIVA\",\"datePublished\":\"2023-11-29T03:59:35+00:00\",\"mainEntityOfPage\":{\"@id\":\"https:\/\/blogdobispo.com.br\/?p=2225\"},\"wordCount\":348,\"commentCount\":0,\"publisher\":{\"@id\":\"https:\/\/blogdobispo.com.br\/#organization\"},\"image\":{\"@id\":\"https:\/\/blogdobispo.com.br\/?p=2225#primaryimage\"},\"thumbnailUrl\":\"https:\/\/blogdobispo.com.br\/wp-content\/uploads\/2023\/11\/c5274877-f998-470d-ab80-8bba8c68b00b-1-819x1024.jpg\",\"articleSection\":[\"diversos\"],\"inLanguage\":\"pt-BR\",\"potentialAction\":[{\"@type\":\"CommentAction\",\"name\":\"Comment\",\"target\":[\"https:\/\/blogdobispo.com.br\/?p=2225#respond\"]}]},{\"@type\":\"WebPage\",\"@id\":\"https:\/\/blogdobispo.com.br\/?p=2225\",\"url\":\"https:\/\/blogdobispo.com.br\/?p=2225\",\"name\":\"CORONEL AZEVEDO HOMENAGEAR\u00c1 BOLSONARO EM SESS\u00c3O SOLENE NA ASSEMBLEIA LEGISLATIVA - Blog do Bispo\",\"isPartOf\":{\"@id\":\"https:\/\/blogdobispo.com.br\/#website\"},\"primaryImageOfPage\":{\"@id\":\"https:\/\/blogdobispo.com.br\/?p=2225#primaryimage\"},\"image\":{\"@id\":\"https:\/\/blogdobispo.com.br\/?p=2225#primaryimage\"},\"thumbnailUrl\":\"https:\/\/blogdobispo.com.br\/wp-content\/uploads\/2023\/11\/c5274877-f998-470d-ab80-8bba8c68b00b-1-819x1024.jpg\",\"datePublished\":\"2023-11-29T03:59:35+00:00\",\"breadcrumb\":{\"@id\":\"https:\/\/blogdobispo.com.br\/?p=2225#breadcrumb\"},\"inLanguage\":\"pt-BR\",\"potentialAction\":[{\"@type\":\"ReadAction\",\"target\":[\"https:\/\/blogdobispo.com.br\/?p=2225\"]}]},{\"@type\":\"ImageObject\",\"inLanguage\":\"pt-BR\",\"@id\":\"https:\/\/blogdobispo.com.br\/?p=2225#primaryimage\",\"url\":\"https:\/\/blogdobispo.com.br\/wp-content\/uploads\/2023\/11\/c5274877-f998-470d-ab80-8bba8c68b00b-1-819x1024.jpg\",\"contentUrl\":\"https:\/\/blogdobispo.com.br\/wp-content\/uploads\/2023\/11\/c5274877-f998-470d-ab80-8bba8c68b00b-1-819x1024.jpg\"},{\"@type\":\"BreadcrumbList\",\"@id\":\"https:\/\/blogdobispo.com.br\/?p=2225#breadcrumb\",\"itemListElement\":[{\"@type\":\"ListItem\",\"position\":1,\"name\":\"In\u00edcio\",\"item\":\"https:\/\/blogdobispo.com.br\/\"},{\"@type\":\"ListItem\",\"position\":2,\"name\":\"CORONEL AZEVEDO HOMENAGEAR\u00c1 BOLSONARO EM SESS\u00c3O SOLENE NA ASSEMBLEIA LEGISLATIVA\"}]},{\"@type\":\"WebSite\",\"@id\":\"https:\/\/blogdobispo.com.br\/#website\",\"url\":\"https:\/\/blogdobispo.com.br\/\",\"name\":\"Blog do Bispo\",\"description\":\"Comprometido apenas com o leitor\",\"publisher\":{\"@id\":\"https:\/\/blogdobispo.com.br\/#organization\"},\"potentialAction\":[{\"@type\":\"SearchAction\",\"target\":{\"@type\":\"EntryPoint\",\"urlTemplate\":\"https:\/\/blogdobispo.com.br\/?s={search_term_string}\"},\"query-input\":{\"@type\":\"PropertyValueSpecification\",\"valueRequired\":true,\"valueName\":\"search_term_string\"}}],\"inLanguage\":\"pt-BR\"},{\"@type\":\"Organization\",\"@id\":\"https:\/\/blogdobispo.com.br\/#organization\",\"name\":\"Blog do Bispo\",\"url\":\"https:\/\/blogdobispo.com.br\/\",\"logo\":{\"@type\":\"ImageObject\",\"inLanguage\":\"pt-BR\",\"@id\":\"https:\/\/blogdobispo.com.br\/#\/schema\/logo\/image\/\",\"url\":\"http:\/\/blogdobispo.com.br\/wp-content\/uploads\/2023\/05\/cropped-headear.png\",\"contentUrl\":\"http:\/\/blogdobispo.com.br\/wp-content\/uploads\/2023\/05\/cropped-headear.png\",\"width\":1500,\"height\":399,\"caption\":\"Blog do Bispo\"},\"image\":{\"@id\":\"https:\/\/blogdobispo.com.br\/#\/schema\/logo\/image\/\"}},{\"@type\":\"Person\",\"@id\":\"https:\/\/blogdobispo.com.br\/#\/schema\/person\/e2209cc0e6cea5c5233d033e997b373f\",\"name\":\"Jefferson Sterfeno\",\"image\":{\"@type\":\"ImageObject\",\"inLanguage\":\"pt-BR\",\"@id\":\"https:\/\/blogdobispo.com.br\/#\/schema\/person\/image\/\",\"url\":\"https:\/\/secure.gravatar.com\/avatar\/0534e84764641168a677026b6d57a3f51dc7ac4db0b4f6186d9cb330d4ee1160?s=96&d=mm&r=g\",\"contentUrl\":\"https:\/\/secure.gravatar.com\/avatar\/0534e84764641168a677026b6d57a3f51dc7ac4db0b4f6186d9cb330d4ee1160?s=96&d=mm&r=g\",\"caption\":\"Jefferson Sterfeno\"},\"sameAs\":[\"http:\/\/blogdobispo.com.br\"],\"url\":\"https:\/\/blogdobispo.com.br\/?author=1\"}]}<\/script>\n<!-- \/ Yoast SEO plugin. -->","yoast_head_json":{"title":"CORONEL AZEVEDO HOMENAGEAR\u00c1 BOLSONARO EM SESS\u00c3O SOLENE NA ASSEMBLEIA LEGISLATIVA - Blog do Bispo","robots":{"index":"index","follow":"follow","max-snippet":"max-snippet:-1","max-image-preview":"max-image-preview:large","max-video-preview":"max-video-preview:-1"},"canonical":"https:\/\/blogdobispo.com.br\/?p=2225","og_locale":"pt_BR","og_type":"article","og_title":"CORONEL AZEVEDO HOMENAGEAR\u00c1 BOLSONARO EM SESS\u00c3O SOLENE NA ASSEMBLEIA LEGISLATIVA - Blog do Bispo","og_description":"\u201cUma cerim\u00f4nia que vai simbolizar o sonho do Brasil de voltar a ter liberdade\u201d. \u00c9 com esse prop\u00f3sito que o deputado estadual Coronel Azevedo vai receber na pr\u00f3xima quinta-feira, 30, na Assembleia Legislativa, o ex-presidente Jair Bolsonaro em uma sess\u00e3o solene em homenagem ao Dia do Motociclista. A sess\u00e3o est\u00e1 marcada para \u00e0s 14h, no [&hellip;]","og_url":"https:\/\/blogdobispo.com.br\/?p=2225","og_site_name":"Blog do Bispo","article_published_time":"2023-11-29T03:59:35+00:00","og_image":[{"url":"https:\/\/blogdobispo.com.br\/wp-content\/uploads\/2023\/11\/c5274877-f998-470d-ab80-8bba8c68b00b-1-819x1024.jpg","type":"","width":"","height":""}],"author":"Jefferson Sterfeno","twitter_card":"summary_large_image","twitter_misc":{"Escrito por":"Jefferson Sterfeno","Est. tempo de leitura":"2 minutos"},"schema":{"@context":"https:\/\/schema.org","@graph":[{"@type":"Article","@id":"https:\/\/blogdobispo.com.br\/?p=2225#article","isPartOf":{"@id":"https:\/\/blogdobispo.com.br\/?p=2225"},"author":{"name":"Jefferson Sterfeno","@id":"https:\/\/blogdobispo.com.br\/#\/schema\/person\/e2209cc0e6cea5c5233d033e997b373f"},"headline":"CORONEL AZEVEDO HOMENAGEAR\u00c1 BOLSONARO EM SESS\u00c3O SOLENE NA ASSEMBLEIA LEGISLATIVA","datePublished":"2023-11-29T03:59:35+00:00","mainEntityOfPage":{"@id":"https:\/\/blogdobispo.com.br\/?p=2225"},"wordCount":348,"commentCount":0,"publisher":{"@id":"https:\/\/blogdobispo.com.br\/#organization"},"image":{"@id":"https:\/\/blogdobispo.com.br\/?p=2225#primaryimage"},"thumbnailUrl":"https:\/\/blogdobispo.com.br\/wp-content\/uploads\/2023\/11\/c5274877-f998-470d-ab80-8bba8c68b00b-1-819x1024.jpg","articleSection":["diversos"],"inLanguage":"pt-BR","potentialAction":[{"@type":"CommentAction","name":"Comment","target":["https:\/\/blogdobispo.com.br\/?p=2225#respond"]}]},{"@type":"WebPage","@id":"https:\/\/blogdobispo.com.br\/?p=2225","url":"https:\/\/blogdobispo.com.br\/?p=2225","name":"CORONEL AZEVEDO HOMENAGEAR\u00c1 BOLSONARO EM SESS\u00c3O SOLENE NA ASSEMBLEIA LEGISLATIVA - Blog do Bispo","isPartOf":{"@id":"https:\/\/blogdobispo.com.br\/#website"},"primaryImageOfPage":{"@id":"https:\/\/blogdobispo.com.br\/?p=2225#primaryimage"},"image":{"@id":"https:\/\/blogdobispo.com.br\/?p=2225#primaryimage"},"thumbnailUrl":"https:\/\/blogdobispo.com.br\/wp-content\/uploads\/2023\/11\/c5274877-f998-470d-ab80-8bba8c68b00b-1-819x1024.jpg","datePublished":"2023-11-29T03:59:35+00:00","breadcrumb":{"@id":"https:\/\/blogdobispo.com.br\/?p=2225#breadcrumb"},"inLanguage":"pt-BR","potentialAction":[{"@type":"ReadAction","target":["https:\/\/blogdobispo.com.br\/?p=2225"]}]},{"@type":"ImageObject","inLanguage":"pt-BR","@id":"https:\/\/blogdobispo.com.br\/?p=2225#primaryimage","url":"https:\/\/blogdobispo.com.br\/wp-content\/uploads\/2023\/11\/c5274877-f998-470d-ab80-8bba8c68b00b-1-819x1024.jpg","contentUrl":"https:\/\/blogdobispo.com.br\/wp-content\/uploads\/2023\/11\/c5274877-f998-470d-ab80-8bba8c68b00b-1-819x1024.jpg"},{"@type":"BreadcrumbList","@id":"https:\/\/blogdobispo.com.br\/?p=2225#breadcrumb","itemListElement":[{"@type":"ListItem","position":1,"name":"In\u00edcio","item":"https:\/\/blogdobispo.com.br\/"},{"@type":"ListItem","position":2,"name":"CORONEL AZEVEDO HOMENAGEAR\u00c1 BOLSONARO EM SESS\u00c3O SOLENE NA ASSEMBLEIA LEGISLATIVA"}]},{"@type":"WebSite","@id":"https:\/\/blogdobispo.com.br\/#website","url":"https:\/\/blogdobispo.com.br\/","name":"Blog do Bispo","description":"Comprometido apenas com o leitor","publisher":{"@id":"https:\/\/blogdobispo.com.br\/#organization"},"potentialAction":[{"@type":"SearchAction","target":{"@type":"EntryPoint","urlTemplate":"https:\/\/blogdobispo.com.br\/?s={search_term_string}"},"query-input":{"@type":"PropertyValueSpecification","valueRequired":true,"valueName":"search_term_string"}}],"inLanguage":"pt-BR"},{"@type":"Organization","@id":"https:\/\/blogdobispo.com.br\/#organization","name":"Blog do Bispo","url":"https:\/\/blogdobispo.com.br\/","logo":{"@type":"ImageObject","inLanguage":"pt-BR","@id":"https:\/\/blogdobispo.com.br\/#\/schema\/logo\/image\/","url":"http:\/\/blogdobispo.com.br\/wp-content\/uploads\/2023\/05\/cropped-headear.png","contentUrl":"http:\/\/blogdobispo.com.br\/wp-content\/uploads\/2023\/05\/cropped-headear.png","width":1500,"height":399,"caption":"Blog do Bispo"},"image":{"@id":"https:\/\/blogdobispo.com.br\/#\/schema\/logo\/image\/"}},{"@type":"Person","@id":"https:\/\/blogdobispo.com.br\/#\/schema\/person\/e2209cc0e6cea5c5233d033e997b373f","name":"Jefferson Sterfeno","image":{"@type":"ImageObject","inLanguage":"pt-BR","@id":"https:\/\/blogdobispo.com.br\/#\/schema\/person\/image\/","url":"https:\/\/secure.gravatar.com\/avatar\/0534e84764641168a677026b6d57a3f51dc7ac4db0b4f6186d9cb330d4ee1160?s=96&d=mm&r=g","contentUrl":"https:\/\/secure.gravatar.com\/avatar\/0534e84764641168a677026b6d57a3f51dc7ac4db0b4f6186d9cb330d4ee1160?s=96&d=mm&r=g","caption":"Jefferson Sterfeno"},"sameAs":["http:\/\/blogdobispo.com.br"],"url":"https:\/\/blogdobispo.com.br\/?author=1"}]}},"featured_image_urls":{"full":"","thumbnail":"","medium":"","medium_large":"","large":"","1536x1536":"","2048x2048":""},"author_info":{"display_name":"Jefferson Sterfeno","author_link":"https:\/\/blogdobispo.com.br\/?author=1"},"category_info":"<a href=\"https:\/\/blogdobispo.com.br\/?cat=1\" rel=\"category\">diversos<\/a>","tag_info":"diversos","comment_count":"0","jetpack_featured_media_url":"","jetpack_sharing_enabled":true,"_links":{"self":[{"href":"https:\/\/blogdobispo.com.br\/index.php?rest_route=\/wp\/v2\/posts\/2225","targetHints":{"allow":["GET"]}}],"collection":[{"href":"https:\/\/blogdobispo.com.br\/index.php?rest_route=\/wp\/v2\/posts"}],"about":[{"href":"https:\/\/blogdobispo.com.br\/index.php?rest_route=\/wp\/v2\/types\/post"}],"author":[{"embeddable":true,"href":"https:\/\/blogdobispo.com.br\/index.php?rest_route=\/wp\/v2\/users\/1"}],"replies":[{"embeddable":true,"href":"https:\/\/blogdobispo.com.br\/index.php?rest_route=%2Fwp%2Fv2%2Fcomments&post=2225"}],"version-history":[{"count":0,"href":"https:\/\/blogdobispo.com.br\/index.php?rest_route=\/wp\/v2\/posts\/2225\/revisions"}],"wp:attachment":[{"href":"https:\/\/blogdobispo.com.br\/index.php?rest_route=%2Fwp%2Fv2%2Fmedia&parent=2225"}],"wp:term":[{"taxonomy":"category","embeddable":true,"href":"https:\/\/blogdobispo.com.br\/index.php?rest_route=%2Fwp%2Fv2%2Fcategories&post=2225"},{"taxonomy":"post_tag","embeddable":true,"href":"https:\/\/blogdobispo.com.br\/index.php?rest_route=%2Fwp%2Fv2%2Ftags&post=2225"}],"curies":[{"name":"wp","href":"https:\/\/api.w.org\/{rel}","templated":true}]}}