{"id":2221,"date":"2023-11-28T01:08:14","date_gmt":"2023-11-28T01:08:14","guid":{"rendered":"https:\/\/blogdobispo.com.br\/?p=2221"},"modified":"2023-11-28T01:08:14","modified_gmt":"2023-11-28T01:08:14","slug":"em-audiencia-publica-alrn-debate-solucoes-para-a-cajucultura-no-rn","status":"publish","type":"post","link":"https:\/\/blogdobispo.com.br\/?p=2221","title":{"rendered":"Em audi\u00eancia p\u00fablica, ALRN debate solu\u00e7\u00f5es para a cajucultura no RN"},"content":{"rendered":"\n<p>A Assembleia Legislativa promoveu nesta sexta-feira (24) uma audi\u00eancia p\u00fablica para debater os novos desafios da cajucultura no Rio Grande do Norte. Proposta pela deputada estadual Isolda Dantas (PT), o evento realizado na C\u00e2mara Municipal de Mossor\u00f3, reuniu os principais envolvidos na cadeia produtiva, com o objetivo de obter \u00eaxito nas reivindica\u00e7\u00f5es referentes \u00e0 pauta da castanha no RN.<\/p>\n\n\n\n<p>&#8220;Essa cadeia produtiva tem sua import\u00e2ncia econ\u00f4mica, por\u00e9m \u00e9 preciso enfatizar as quest\u00f5es culturais e sociais que essa cadeia possui para n\u00f3s nordestinos. Precisamos unir for\u00e7as nesse momento de retomada e fortalecimento do setor&#8221;, disse Isolda ao abrir os trabalhos.<\/p>\n\n\n\n<p>Isolda Dantas agradeceu o empenho e a dedica\u00e7\u00e3o da deputada estadual Eudiane Macedo (PV) que tamb\u00e9m tem buscado solu\u00e7\u00f5es para o setor. &#8220;Agradecer a deputada Eudiane Macedo pelo empenho e pelo compromisso com a causa dos cajucultores do nosso Estado. \u00c9 a soma de esfor\u00e7os em prol de uma cadeia que clama por socorro&#8221;, refor\u00e7ou Isolda.<\/p>\n\n\n\n<p>O especialista em cajucultura, Vitor Hugo fez uma explana\u00e7\u00e3o sobre a viabilidade econ\u00f4mica da castanha, destacando os gargalos da cadeia. &#8220;S\u00e3o pontos como o baixo n\u00edvel tecnol\u00f3gico, desarticula\u00e7\u00e3o da cadeia, falta de acesso ao cr\u00e9dito, promo\u00e7\u00e3o da cadeia no mercado interno, importa\u00e7\u00e3o da castanha e da am\u00eandoa e atra\u00e7\u00e3o de pequenas e m\u00e9dias empresas processadoras&#8221;. O especialista ressaltou a import\u00e2ncia do debate para os que fazem a cadeia produtiva. &#8220;\u00c9 muito interessante ver uma parlamentar apoiando uma cadeia, que muitas vezes parece invis\u00edvel, como \u00e9 a cajucultura do nosso Estado. Da\u00ed a import\u00e2ncia desse debate&#8221;, disse.<\/p>\n\n\n\n<p>F\u00e1tima Torres, representando a Central de Comercializa\u00e7\u00e3o da Agricultura Familiar (Cofarn), foi enf\u00e1tica ao cobrar das autoridades solu\u00e7\u00f5es reais para a cadeia produtiva.<\/p>\n\n\n\n<p>&#8220;Faltaram pol\u00edticas p\u00fablicas que beneficiassem essa cadeia produtiva. Faltou apoio financeiro, assist\u00eancia t\u00e9cnica, estudos, valoriza\u00e7\u00e3o, capital de giro e uma pol\u00edtica estadual de pre\u00e7o m\u00ednimo. H\u00e1 anos estamos sozinhos. S\u00f3 com a solu\u00e7\u00e3o para esses pontos, essa cadeia produtiva ser\u00e1 do tamanho que ela merece ser&#8221;, enfatizou.<\/p>\n\n\n\n<p>Em sua fala, Vin\u00edcius Galdino de S\u00e1, representante da Universidade Estadual do Rio Grande do Norte (Uern), colocou a institui\u00e7\u00e3o \u00e0 disposi\u00e7\u00e3o do setor e sugeriu a realiza\u00e7\u00e3o de um congresso envolvendo outras institui\u00e7\u00f5es de ensino do Estado. &#8220;\u00c9 nosso papel, enquanto institui\u00e7\u00e3o de ensino, participar desse debate e buscar atrav\u00e9s da pesquisa e dos projetos de extens\u00e3o, encontrar solu\u00e7\u00f5es locais, com inova\u00e7\u00e3o e criatividade. Temos uma oportunidade \u00fanica, com a proximidade que estamos tendo com a Universidade da China, onde&nbsp; poderemos trazer muitos benef\u00edcios para o setor&#8221;, ressaltou.<\/p>\n\n\n\n<p>Diante das cobran\u00e7as o representante do Banco do Nordeste (BNB), Eriflavio Maia Almeida, informou que a institui\u00e7\u00e3o est\u00e1 \u00e0 disposi\u00e7\u00e3o para atender a cadeia da cajucultura. &#8220;O banco est\u00e1 de portas abertas. Temos in\u00fameras linhas de cr\u00e9dito para oferecer aos produtores, sejam eles pequenos ou grandes. Contem conosco. O Banco do Nordeste \u00e9 um banco parceiro do produtor potiguar&#8221;, falou.<\/p>\n\n\n\n<p>Elano Gomes, presidente da C\u00e2mara T\u00e9cnica da Cajucultura do RN, convocou as universidades a ajudarem os pequenos produtores com o conhecimento acad\u00eamico obtido em sala de aula. &#8220;Esse conhecimento precisa sair dos muros das universidades e chegar ao campo. Quero dizer aos pol\u00edticos que n\u00e3o olham para essa causa que os produtores de caju votam e elegem seus representantes&#8221;, disse.<\/p>\n\n\n\n<p>A representante da Federa\u00e7\u00e3o dos Trabalhadores da Agricultura do RN, (Fetarn), Ant\u00f4nia da Silva, trouxe ao debate um ponto preocupante, que \u00e9 a instala\u00e7\u00e3o dos parques e\u00f3licos nas regi\u00f5es produtoras de caju. &#8220;A Federa\u00e7\u00e3o e todos que a fazem, demonstra preocupa\u00e7\u00e3o real com a produ\u00e7\u00e3o desse ano,&nbsp; com a seca, mas muito mais com a instala\u00e7\u00e3o de dezenas de parques e\u00f3licos nas cidades produtoras, visto que o impacto negativo destas, tem comprometido diretamente a&nbsp; produ\u00e7\u00e3o do caju&#8221;.<\/p>\n\n\n\n<p>Ainda durante o debate que enriqueceu a audi\u00eancia p\u00fablica, Raimundo Canuto, representante da Federa\u00e7\u00e3o dos Trabalhadores da Agricultura Familiar (Fetraf) sugeriu a realiza\u00e7\u00e3o de um grande semin\u00e1rio que re\u00fana a maior parte dos envolvidos nesse tema. &#8220;Seria um grande momento para que pud\u00e9ssemos buscar solu\u00e7\u00f5es, conhecer novas possibilidades e ouvir especialistas no tema. Sugiro que esse evento ocorra o mais r\u00e1pido poss\u00edvel&#8221;, sugeriu.<\/p>\n\n\n\n<p>Representando a Secretaria de Estado do Desenvolvimento Rural e da Agricultura Familiar (Sedraf), Marc\u00edlio de Lemos, colocou toda estrutura da secretaria para organizar a cadeia produtiva do caju no RN. &#8220;Nos colocamos \u00e0 disposi\u00e7\u00e3o para ajudar a construir alternativas que fomente essa cadeia. Nos colocamos \u00e0 disposi\u00e7\u00e3o para organizar o setor. As cadeias produtivas n\u00e3o podem ficar a merc\u00ea dos mercados. Precisamos proteger nossas cadeias, fortalecendo-as e ajudando a organiza-las&#8221;, colocou-se.<\/p>\n\n\n\n<p>As a\u00e7\u00f5es da Empresa de Pesquisa Agropecu\u00e1ria do Rio Grande do Norte (Emparn), foram ressaltadas pelo representante do \u00f3rg\u00e3o, Rodrigo Maranh\u00e3o. &#8220;Dizer que o Governo do Estado tem promovido um debate constante com especialistas, com deputados estaduais e federais, buscando colocar esse tema em evid\u00eancia. Nos \u00faltimos meses temos nos debru\u00e7ado sobre o assunto, buscado solu\u00e7\u00f5es para as problem\u00e1ticas do setor&#8221;, informou.<\/p>\n\n\n\n<p>Depois da participa\u00e7\u00e3o do p\u00fablico presente \u00e0 audi\u00eancia, a deputada Isolda Dantas encaminhou alguns pontos que ser\u00e3o levados a quem de direito. &#8220;Os encaminhamentos que&nbsp; tiramos dessa audi\u00eancia \u00e9 que precisamos realizar um grande semin\u00e1rio sobre o tema, promover uma reuni\u00e3o com a bancada federal do Estado, uma reuni\u00e3o com a Governadora F\u00e1tima Bezerra, incluir a mecaniza\u00e7\u00e3o na cajucultura, marcar uma visita a cidade de Severiano Melo, junto ao presidente da Femurn, Luciano Santos, com o intuito de conhecer o caso de sucesso daquele munic\u00edpio, entre tantas outras a\u00e7\u00f5es que n\u00e3o mediremos esfor\u00e7os para realizar por entendermos a import\u00e2ncia dessa cadeia produtiva para a economia e para a cultura Potiguar&#8221;, finalizou.<\/p>\n\n\n\n<p>O Rio Grande do Norte ocupa um relevante papel na produ\u00e7\u00e3o de castanha de caju. De acordo com o Instituto Brasileiro de Geografia e Estat\u00edsticas (IBGE), o RN produziu 20.336 toneladas de castanha at\u00e9 junho de 2023. A produ\u00e7\u00e3o foi 11,7% maior se comparada com o mesmo per\u00edodo do ano anterior, em que foram produzidas 17.976 toneladas de castanha de caju.&nbsp;<\/p>\n\n\n\n<p>Participaram da audi\u00eancia vereadores, prefeitos, secret\u00e1rios, representantes das entidades e do setor produtivo de Mossor\u00f3 e cidades produtoras de caju.<\/p>\n\n\n\n<figure class=\"wp-block-image size-large\"><img data-recalc-dims=\"1\" fetchpriority=\"high\" decoding=\"async\" width=\"800\" height=\"533\" src=\"https:\/\/i0.wp.com\/blogdobispo.com.br\/wp-content\/uploads\/2023\/11\/img_4021-1-1024x682.png?resize=800%2C533&#038;ssl=1\" class=\"wp-image-2220\" srcset=\"https:\/\/i0.wp.com\/blogdobispo.com.br\/wp-content\/uploads\/2023\/11\/img_4021-1.png?resize=1024%2C682&amp;ssl=1 1024w, https:\/\/i0.wp.com\/blogdobispo.com.br\/wp-content\/uploads\/2023\/11\/img_4021-1.png?resize=300%2C200&amp;ssl=1 300w, https:\/\/i0.wp.com\/blogdobispo.com.br\/wp-content\/uploads\/2023\/11\/img_4021-1.png?resize=768%2C512&amp;ssl=1 768w, https:\/\/i0.wp.com\/blogdobispo.com.br\/wp-content\/uploads\/2023\/11\/img_4021-1.png?w=1280&amp;ssl=1 1280w\" sizes=\"(max-width: 800px) 100vw, 800px\" \/><\/figure>\n","protected":false},"excerpt":{"rendered":"<p>A Assembleia Legislativa promoveu nesta sexta-feira (24) uma audi\u00eancia p\u00fablica para debater os novos desafios da cajucultura no Rio Grande do Norte. Proposta pela deputada estadual Isolda Dantas (PT), o evento realizado na C\u00e2mara Municipal de Mossor\u00f3, reuniu os principais envolvidos na cadeia produtiva, com o objetivo de obter \u00eaxito nas reivindica\u00e7\u00f5es referentes \u00e0 pauta [&hellip;]<\/p>\n","protected":false},"author":1,"featured_media":0,"comment_status":"open","ping_status":"open","sticky":false,"template":"","format":"standard","meta":{"cybocfi_hide_featured_image":"","_jetpack_memberships_contains_paid_content":false,"footnotes":""},"categories":[1],"tags":[],"class_list":["post-2221","post","type-post","status-publish","format-standard","hentry","category-diversos"],"yoast_head":"<!-- This site is optimized with the Yoast SEO plugin v25.6 - https:\/\/yoast.com\/wordpress\/plugins\/seo\/ -->\n<title>Em audi\u00eancia p\u00fablica, ALRN debate solu\u00e7\u00f5es para a cajucultura no RN - Blog do Bispo<\/title>\n<meta name=\"robots\" content=\"index, follow, max-snippet:-1, max-image-preview:large, max-video-preview:-1\" \/>\n<link rel=\"canonical\" href=\"https:\/\/blogdobispo.com.br\/?p=2221\" \/>\n<meta property=\"og:locale\" content=\"pt_BR\" \/>\n<meta property=\"og:type\" content=\"article\" \/>\n<meta property=\"og:title\" content=\"Em audi\u00eancia p\u00fablica, ALRN debate solu\u00e7\u00f5es para a cajucultura no RN - Blog do Bispo\" \/>\n<meta property=\"og:description\" content=\"A Assembleia Legislativa promoveu nesta sexta-feira (24) uma audi\u00eancia p\u00fablica para debater os novos desafios da cajucultura no Rio Grande do Norte. Proposta pela deputada estadual Isolda Dantas (PT), o evento realizado na C\u00e2mara Municipal de Mossor\u00f3, reuniu os principais envolvidos na cadeia produtiva, com o objetivo de obter \u00eaxito nas reivindica\u00e7\u00f5es referentes \u00e0 pauta [&hellip;]\" \/>\n<meta property=\"og:url\" content=\"https:\/\/blogdobispo.com.br\/?p=2221\" \/>\n<meta property=\"og:site_name\" content=\"Blog do Bispo\" \/>\n<meta property=\"article:published_time\" content=\"2023-11-28T01:08:14+00:00\" \/>\n<meta property=\"og:image\" content=\"https:\/\/blogdobispo.com.br\/wp-content\/uploads\/2023\/11\/img_4021-1-1024x682.png\" \/>\n<meta name=\"author\" content=\"Jefferson Sterfeno\" \/>\n<meta name=\"twitter:card\" content=\"summary_large_image\" \/>\n<meta name=\"twitter:label1\" content=\"Escrito por\" \/>\n\t<meta name=\"twitter:data1\" content=\"Jefferson Sterfeno\" \/>\n\t<meta name=\"twitter:label2\" content=\"Est. tempo de leitura\" \/>\n\t<meta name=\"twitter:data2\" content=\"5 minutos\" \/>\n<script type=\"application\/ld+json\" class=\"yoast-schema-graph\">{\"@context\":\"https:\/\/schema.org\",\"@graph\":[{\"@type\":\"Article\",\"@id\":\"https:\/\/blogdobispo.com.br\/?p=2221#article\",\"isPartOf\":{\"@id\":\"https:\/\/blogdobispo.com.br\/?p=2221\"},\"author\":{\"name\":\"Jefferson Sterfeno\",\"@id\":\"https:\/\/blogdobispo.com.br\/#\/schema\/person\/e2209cc0e6cea5c5233d033e997b373f\"},\"headline\":\"Em audi\u00eancia p\u00fablica, ALRN debate solu\u00e7\u00f5es para a cajucultura no RN\",\"datePublished\":\"2023-11-28T01:08:14+00:00\",\"mainEntityOfPage\":{\"@id\":\"https:\/\/blogdobispo.com.br\/?p=2221\"},\"wordCount\":1113,\"commentCount\":0,\"publisher\":{\"@id\":\"https:\/\/blogdobispo.com.br\/#organization\"},\"image\":{\"@id\":\"https:\/\/blogdobispo.com.br\/?p=2221#primaryimage\"},\"thumbnailUrl\":\"https:\/\/blogdobispo.com.br\/wp-content\/uploads\/2023\/11\/img_4021-1-1024x682.png\",\"articleSection\":[\"diversos\"],\"inLanguage\":\"pt-BR\",\"potentialAction\":[{\"@type\":\"CommentAction\",\"name\":\"Comment\",\"target\":[\"https:\/\/blogdobispo.com.br\/?p=2221#respond\"]}]},{\"@type\":\"WebPage\",\"@id\":\"https:\/\/blogdobispo.com.br\/?p=2221\",\"url\":\"https:\/\/blogdobispo.com.br\/?p=2221\",\"name\":\"Em audi\u00eancia p\u00fablica, ALRN debate solu\u00e7\u00f5es para a cajucultura no RN - Blog do Bispo\",\"isPartOf\":{\"@id\":\"https:\/\/blogdobispo.com.br\/#website\"},\"primaryImageOfPage\":{\"@id\":\"https:\/\/blogdobispo.com.br\/?p=2221#primaryimage\"},\"image\":{\"@id\":\"https:\/\/blogdobispo.com.br\/?p=2221#primaryimage\"},\"thumbnailUrl\":\"https:\/\/blogdobispo.com.br\/wp-content\/uploads\/2023\/11\/img_4021-1-1024x682.png\",\"datePublished\":\"2023-11-28T01:08:14+00:00\",\"breadcrumb\":{\"@id\":\"https:\/\/blogdobispo.com.br\/?p=2221#breadcrumb\"},\"inLanguage\":\"pt-BR\",\"potentialAction\":[{\"@type\":\"ReadAction\",\"target\":[\"https:\/\/blogdobispo.com.br\/?p=2221\"]}]},{\"@type\":\"ImageObject\",\"inLanguage\":\"pt-BR\",\"@id\":\"https:\/\/blogdobispo.com.br\/?p=2221#primaryimage\",\"url\":\"https:\/\/blogdobispo.com.br\/wp-content\/uploads\/2023\/11\/img_4021-1-1024x682.png\",\"contentUrl\":\"https:\/\/blogdobispo.com.br\/wp-content\/uploads\/2023\/11\/img_4021-1-1024x682.png\"},{\"@type\":\"BreadcrumbList\",\"@id\":\"https:\/\/blogdobispo.com.br\/?p=2221#breadcrumb\",\"itemListElement\":[{\"@type\":\"ListItem\",\"position\":1,\"name\":\"In\u00edcio\",\"item\":\"https:\/\/blogdobispo.com.br\/\"},{\"@type\":\"ListItem\",\"position\":2,\"name\":\"Em audi\u00eancia p\u00fablica, ALRN debate solu\u00e7\u00f5es para a cajucultura no RN\"}]},{\"@type\":\"WebSite\",\"@id\":\"https:\/\/blogdobispo.com.br\/#website\",\"url\":\"https:\/\/blogdobispo.com.br\/\",\"name\":\"Blog do Bispo\",\"description\":\"Comprometido apenas com o leitor\",\"publisher\":{\"@id\":\"https:\/\/blogdobispo.com.br\/#organization\"},\"potentialAction\":[{\"@type\":\"SearchAction\",\"target\":{\"@type\":\"EntryPoint\",\"urlTemplate\":\"https:\/\/blogdobispo.com.br\/?s={search_term_string}\"},\"query-input\":{\"@type\":\"PropertyValueSpecification\",\"valueRequired\":true,\"valueName\":\"search_term_string\"}}],\"inLanguage\":\"pt-BR\"},{\"@type\":\"Organization\",\"@id\":\"https:\/\/blogdobispo.com.br\/#organization\",\"name\":\"Blog do Bispo\",\"url\":\"https:\/\/blogdobispo.com.br\/\",\"logo\":{\"@type\":\"ImageObject\",\"inLanguage\":\"pt-BR\",\"@id\":\"https:\/\/blogdobispo.com.br\/#\/schema\/logo\/image\/\",\"url\":\"http:\/\/blogdobispo.com.br\/wp-content\/uploads\/2023\/05\/cropped-headear.png\",\"contentUrl\":\"http:\/\/blogdobispo.com.br\/wp-content\/uploads\/2023\/05\/cropped-headear.png\",\"width\":1500,\"height\":399,\"caption\":\"Blog do Bispo\"},\"image\":{\"@id\":\"https:\/\/blogdobispo.com.br\/#\/schema\/logo\/image\/\"}},{\"@type\":\"Person\",\"@id\":\"https:\/\/blogdobispo.com.br\/#\/schema\/person\/e2209cc0e6cea5c5233d033e997b373f\",\"name\":\"Jefferson Sterfeno\",\"image\":{\"@type\":\"ImageObject\",\"inLanguage\":\"pt-BR\",\"@id\":\"https:\/\/blogdobispo.com.br\/#\/schema\/person\/image\/\",\"url\":\"https:\/\/secure.gravatar.com\/avatar\/0534e84764641168a677026b6d57a3f51dc7ac4db0b4f6186d9cb330d4ee1160?s=96&d=mm&r=g\",\"contentUrl\":\"https:\/\/secure.gravatar.com\/avatar\/0534e84764641168a677026b6d57a3f51dc7ac4db0b4f6186d9cb330d4ee1160?s=96&d=mm&r=g\",\"caption\":\"Jefferson Sterfeno\"},\"sameAs\":[\"http:\/\/blogdobispo.com.br\"],\"url\":\"https:\/\/blogdobispo.com.br\/?author=1\"}]}<\/script>\n<!-- \/ Yoast SEO plugin. -->","yoast_head_json":{"title":"Em audi\u00eancia p\u00fablica, ALRN debate solu\u00e7\u00f5es para a cajucultura no RN - Blog do Bispo","robots":{"index":"index","follow":"follow","max-snippet":"max-snippet:-1","max-image-preview":"max-image-preview:large","max-video-preview":"max-video-preview:-1"},"canonical":"https:\/\/blogdobispo.com.br\/?p=2221","og_locale":"pt_BR","og_type":"article","og_title":"Em audi\u00eancia p\u00fablica, ALRN debate solu\u00e7\u00f5es para a cajucultura no RN - Blog do Bispo","og_description":"A Assembleia Legislativa promoveu nesta sexta-feira (24) uma audi\u00eancia p\u00fablica para debater os novos desafios da cajucultura no Rio Grande do Norte. Proposta pela deputada estadual Isolda Dantas (PT), o evento realizado na C\u00e2mara Municipal de Mossor\u00f3, reuniu os principais envolvidos na cadeia produtiva, com o objetivo de obter \u00eaxito nas reivindica\u00e7\u00f5es referentes \u00e0 pauta [&hellip;]","og_url":"https:\/\/blogdobispo.com.br\/?p=2221","og_site_name":"Blog do Bispo","article_published_time":"2023-11-28T01:08:14+00:00","og_image":[{"url":"https:\/\/blogdobispo.com.br\/wp-content\/uploads\/2023\/11\/img_4021-1-1024x682.png","type":"","width":"","height":""}],"author":"Jefferson Sterfeno","twitter_card":"summary_large_image","twitter_misc":{"Escrito por":"Jefferson Sterfeno","Est. tempo de leitura":"5 minutos"},"schema":{"@context":"https:\/\/schema.org","@graph":[{"@type":"Article","@id":"https:\/\/blogdobispo.com.br\/?p=2221#article","isPartOf":{"@id":"https:\/\/blogdobispo.com.br\/?p=2221"},"author":{"name":"Jefferson Sterfeno","@id":"https:\/\/blogdobispo.com.br\/#\/schema\/person\/e2209cc0e6cea5c5233d033e997b373f"},"headline":"Em audi\u00eancia p\u00fablica, ALRN debate solu\u00e7\u00f5es para a cajucultura no RN","datePublished":"2023-11-28T01:08:14+00:00","mainEntityOfPage":{"@id":"https:\/\/blogdobispo.com.br\/?p=2221"},"wordCount":1113,"commentCount":0,"publisher":{"@id":"https:\/\/blogdobispo.com.br\/#organization"},"image":{"@id":"https:\/\/blogdobispo.com.br\/?p=2221#primaryimage"},"thumbnailUrl":"https:\/\/blogdobispo.com.br\/wp-content\/uploads\/2023\/11\/img_4021-1-1024x682.png","articleSection":["diversos"],"inLanguage":"pt-BR","potentialAction":[{"@type":"CommentAction","name":"Comment","target":["https:\/\/blogdobispo.com.br\/?p=2221#respond"]}]},{"@type":"WebPage","@id":"https:\/\/blogdobispo.com.br\/?p=2221","url":"https:\/\/blogdobispo.com.br\/?p=2221","name":"Em audi\u00eancia p\u00fablica, ALRN debate solu\u00e7\u00f5es para a cajucultura no RN - Blog do Bispo","isPartOf":{"@id":"https:\/\/blogdobispo.com.br\/#website"},"primaryImageOfPage":{"@id":"https:\/\/blogdobispo.com.br\/?p=2221#primaryimage"},"image":{"@id":"https:\/\/blogdobispo.com.br\/?p=2221#primaryimage"},"thumbnailUrl":"https:\/\/blogdobispo.com.br\/wp-content\/uploads\/2023\/11\/img_4021-1-1024x682.png","datePublished":"2023-11-28T01:08:14+00:00","breadcrumb":{"@id":"https:\/\/blogdobispo.com.br\/?p=2221#breadcrumb"},"inLanguage":"pt-BR","potentialAction":[{"@type":"ReadAction","target":["https:\/\/blogdobispo.com.br\/?p=2221"]}]},{"@type":"ImageObject","inLanguage":"pt-BR","@id":"https:\/\/blogdobispo.com.br\/?p=2221#primaryimage","url":"https:\/\/blogdobispo.com.br\/wp-content\/uploads\/2023\/11\/img_4021-1-1024x682.png","contentUrl":"https:\/\/blogdobispo.com.br\/wp-content\/uploads\/2023\/11\/img_4021-1-1024x682.png"},{"@type":"BreadcrumbList","@id":"https:\/\/blogdobispo.com.br\/?p=2221#breadcrumb","itemListElement":[{"@type":"ListItem","position":1,"name":"In\u00edcio","item":"https:\/\/blogdobispo.com.br\/"},{"@type":"ListItem","position":2,"name":"Em audi\u00eancia p\u00fablica, ALRN debate solu\u00e7\u00f5es para a cajucultura no RN"}]},{"@type":"WebSite","@id":"https:\/\/blogdobispo.com.br\/#website","url":"https:\/\/blogdobispo.com.br\/","name":"Blog do Bispo","description":"Comprometido apenas com o leitor","publisher":{"@id":"https:\/\/blogdobispo.com.br\/#organization"},"potentialAction":[{"@type":"SearchAction","target":{"@type":"EntryPoint","urlTemplate":"https:\/\/blogdobispo.com.br\/?s={search_term_string}"},"query-input":{"@type":"PropertyValueSpecification","valueRequired":true,"valueName":"search_term_string"}}],"inLanguage":"pt-BR"},{"@type":"Organization","@id":"https:\/\/blogdobispo.com.br\/#organization","name":"Blog do Bispo","url":"https:\/\/blogdobispo.com.br\/","logo":{"@type":"ImageObject","inLanguage":"pt-BR","@id":"https:\/\/blogdobispo.com.br\/#\/schema\/logo\/image\/","url":"http:\/\/blogdobispo.com.br\/wp-content\/uploads\/2023\/05\/cropped-headear.png","contentUrl":"http:\/\/blogdobispo.com.br\/wp-content\/uploads\/2023\/05\/cropped-headear.png","width":1500,"height":399,"caption":"Blog do Bispo"},"image":{"@id":"https:\/\/blogdobispo.com.br\/#\/schema\/logo\/image\/"}},{"@type":"Person","@id":"https:\/\/blogdobispo.com.br\/#\/schema\/person\/e2209cc0e6cea5c5233d033e997b373f","name":"Jefferson Sterfeno","image":{"@type":"ImageObject","inLanguage":"pt-BR","@id":"https:\/\/blogdobispo.com.br\/#\/schema\/person\/image\/","url":"https:\/\/secure.gravatar.com\/avatar\/0534e84764641168a677026b6d57a3f51dc7ac4db0b4f6186d9cb330d4ee1160?s=96&d=mm&r=g","contentUrl":"https:\/\/secure.gravatar.com\/avatar\/0534e84764641168a677026b6d57a3f51dc7ac4db0b4f6186d9cb330d4ee1160?s=96&d=mm&r=g","caption":"Jefferson Sterfeno"},"sameAs":["http:\/\/blogdobispo.com.br"],"url":"https:\/\/blogdobispo.com.br\/?author=1"}]}},"featured_image_urls":{"full":"","thumbnail":"","medium":"","medium_large":"","large":"","1536x1536":"","2048x2048":""},"author_info":{"display_name":"Jefferson Sterfeno","author_link":"https:\/\/blogdobispo.com.br\/?author=1"},"category_info":"<a href=\"https:\/\/blogdobispo.com.br\/?cat=1\" rel=\"category\">diversos<\/a>","tag_info":"diversos","comment_count":"0","jetpack_featured_media_url":"","jetpack_sharing_enabled":true,"_links":{"self":[{"href":"https:\/\/blogdobispo.com.br\/index.php?rest_route=\/wp\/v2\/posts\/2221","targetHints":{"allow":["GET"]}}],"collection":[{"href":"https:\/\/blogdobispo.com.br\/index.php?rest_route=\/wp\/v2\/posts"}],"about":[{"href":"https:\/\/blogdobispo.com.br\/index.php?rest_route=\/wp\/v2\/types\/post"}],"author":[{"embeddable":true,"href":"https:\/\/blogdobispo.com.br\/index.php?rest_route=\/wp\/v2\/users\/1"}],"replies":[{"embeddable":true,"href":"https:\/\/blogdobispo.com.br\/index.php?rest_route=%2Fwp%2Fv2%2Fcomments&post=2221"}],"version-history":[{"count":0,"href":"https:\/\/blogdobispo.com.br\/index.php?rest_route=\/wp\/v2\/posts\/2221\/revisions"}],"wp:attachment":[{"href":"https:\/\/blogdobispo.com.br\/index.php?rest_route=%2Fwp%2Fv2%2Fmedia&parent=2221"}],"wp:term":[{"taxonomy":"category","embeddable":true,"href":"https:\/\/blogdobispo.com.br\/index.php?rest_route=%2Fwp%2Fv2%2Fcategories&post=2221"},{"taxonomy":"post_tag","embeddable":true,"href":"https:\/\/blogdobispo.com.br\/index.php?rest_route=%2Fwp%2Fv2%2Ftags&post=2221"}],"curies":[{"name":"wp","href":"https:\/\/api.w.org\/{rel}","templated":true}]}}