{"id":2213,"date":"2023-11-26T01:15:21","date_gmt":"2023-11-26T01:15:21","guid":{"rendered":"https:\/\/blogdobispo.com.br\/?p=2213"},"modified":"2023-11-26T01:15:21","modified_gmt":"2023-11-26T01:15:21","slug":"vereador-nivaldo-bacurau-prestigia-o-participa-natal-nos-bairros-na-manha-deste-sabado-25-na-e-m-mons-jose-alves-landim","status":"publish","type":"post","link":"https:\/\/blogdobispo.com.br\/?p=2213","title":{"rendered":"<em>VEREADOR NIVALDO BACURAU PRESTIGIA O PARTICIPA NATAL NOS BAIRROS NA MANH\u00c3 DESTE S\u00c1BADO (25) NA E. M. MONS. JOS\u00c9 ALVES LANDIM<\/em>"},"content":{"rendered":"\n<figure class=\"wp-block-image size-large\"><img data-recalc-dims=\"1\" fetchpriority=\"high\" decoding=\"async\" width=\"800\" height=\"757\" src=\"https:\/\/i0.wp.com\/blogdobispo.com.br\/wp-content\/uploads\/2023\/11\/img_3992-1.jpg?resize=800%2C757&#038;ssl=1\" class=\"wp-image-2212\" srcset=\"https:\/\/i0.wp.com\/blogdobispo.com.br\/wp-content\/uploads\/2023\/11\/img_3992-1.jpg?w=828&amp;ssl=1 828w, https:\/\/i0.wp.com\/blogdobispo.com.br\/wp-content\/uploads\/2023\/11\/img_3992-1.jpg?resize=300%2C284&amp;ssl=1 300w, https:\/\/i0.wp.com\/blogdobispo.com.br\/wp-content\/uploads\/2023\/11\/img_3992-1.jpg?resize=768%2C727&amp;ssl=1 768w\" sizes=\"(max-width: 800px) 100vw, 800px\" \/><\/figure>\n\n\n\n<p><\/p>\n\n\n\n<p>O Vereador Nivaldo Bacurau, assim como outros vereadores estiveram participando e prestigiando de mais uma edi\u00e7\u00e3o do Projeto Participa Natal Nos Bairros, dessa vez na E. M. Mons. Jos\u00e9 Alves Landim, localizada no Conj. Soledade I.<\/p>\n\n\n\n<p>Presen\u00e7a de v\u00e1rios secret\u00e1rios municipais, do Exmo. Prefeito \u00c1lvaro Dias, l\u00edderes comunit\u00e1rios e a pr\u00f3pria popula\u00e7\u00e3o que procurou o assistencialismo oferecido.<\/p>\n\n\n\n<p>\u201cUm bel\u00edssimo projeto da Prefeitura do Natal, que quero aqui parabenizar em especial a secret\u00e1ria municipal de planejamento Joanna Guerra pela luta e conquista\u201d. Disse o vereador <\/p>\n\n\n\n<p><\/p>\n","protected":false},"excerpt":{"rendered":"<p>O Vereador Nivaldo Bacurau, assim como outros vereadores estiveram participando e prestigiando de mais uma edi\u00e7\u00e3o do Projeto Participa Natal Nos Bairros, dessa vez na E. M. Mons. Jos\u00e9 Alves Landim, localizada no Conj. Soledade I. Presen\u00e7a de v\u00e1rios secret\u00e1rios municipais, do Exmo. Prefeito \u00c1lvaro Dias, l\u00edderes comunit\u00e1rios e a pr\u00f3pria popula\u00e7\u00e3o que procurou o [&hellip;]<\/p>\n","protected":false},"author":1,"featured_media":0,"comment_status":"open","ping_status":"open","sticky":false,"template":"","format":"standard","meta":{"cybocfi_hide_featured_image":"","_jetpack_memberships_contains_paid_content":false,"footnotes":""},"categories":[1],"tags":[],"class_list":["post-2213","post","type-post","status-publish","format-standard","hentry","category-diversos"],"yoast_head":"<!-- This site is optimized with the Yoast SEO plugin v25.6 - https:\/\/yoast.com\/wordpress\/plugins\/seo\/ -->\n<title>VEREADOR NIVALDO BACURAU PRESTIGIA O PARTICIPA NATAL NOS BAIRROS NA MANH\u00c3 DESTE S\u00c1BADO (25) NA E. M. MONS. JOS\u00c9 ALVES LANDIM - Blog do Bispo<\/title>\n<meta name=\"robots\" content=\"index, follow, max-snippet:-1, max-image-preview:large, max-video-preview:-1\" \/>\n<link rel=\"canonical\" href=\"https:\/\/blogdobispo.com.br\/?p=2213\" \/>\n<meta property=\"og:locale\" content=\"pt_BR\" \/>\n<meta property=\"og:type\" content=\"article\" \/>\n<meta property=\"og:title\" content=\"VEREADOR NIVALDO BACURAU PRESTIGIA O PARTICIPA NATAL NOS BAIRROS NA MANH\u00c3 DESTE S\u00c1BADO (25) NA E. M. MONS. JOS\u00c9 ALVES LANDIM - Blog do Bispo\" \/>\n<meta property=\"og:description\" content=\"O Vereador Nivaldo Bacurau, assim como outros vereadores estiveram participando e prestigiando de mais uma edi\u00e7\u00e3o do Projeto Participa Natal Nos Bairros, dessa vez na E. M. Mons. Jos\u00e9 Alves Landim, localizada no Conj. Soledade I. Presen\u00e7a de v\u00e1rios secret\u00e1rios municipais, do Exmo. Prefeito \u00c1lvaro Dias, l\u00edderes comunit\u00e1rios e a pr\u00f3pria popula\u00e7\u00e3o que procurou o [&hellip;]\" \/>\n<meta property=\"og:url\" content=\"https:\/\/blogdobispo.com.br\/?p=2213\" \/>\n<meta property=\"og:site_name\" content=\"Blog do Bispo\" \/>\n<meta property=\"article:published_time\" content=\"2023-11-26T01:15:21+00:00\" \/>\n<meta property=\"og:image\" content=\"https:\/\/blogdobispo.com.br\/wp-content\/uploads\/2023\/11\/img_3992-1.jpg\" \/>\n<meta name=\"author\" content=\"Jefferson Sterfeno\" \/>\n<meta name=\"twitter:card\" content=\"summary_large_image\" \/>\n<meta name=\"twitter:label1\" content=\"Escrito por\" \/>\n\t<meta name=\"twitter:data1\" content=\"Jefferson Sterfeno\" \/>\n<script type=\"application\/ld+json\" class=\"yoast-schema-graph\">{\"@context\":\"https:\/\/schema.org\",\"@graph\":[{\"@type\":\"Article\",\"@id\":\"https:\/\/blogdobispo.com.br\/?p=2213#article\",\"isPartOf\":{\"@id\":\"https:\/\/blogdobispo.com.br\/?p=2213\"},\"author\":{\"name\":\"Jefferson Sterfeno\",\"@id\":\"https:\/\/blogdobispo.com.br\/#\/schema\/person\/e2209cc0e6cea5c5233d033e997b373f\"},\"headline\":\"VEREADOR NIVALDO BACURAU PRESTIGIA O PARTICIPA NATAL NOS BAIRROS NA MANH\u00c3 DESTE S\u00c1BADO (25) NA E. M. MONS. JOS\u00c9 ALVES LANDIM\",\"datePublished\":\"2023-11-26T01:15:21+00:00\",\"mainEntityOfPage\":{\"@id\":\"https:\/\/blogdobispo.com.br\/?p=2213\"},\"wordCount\":115,\"commentCount\":0,\"publisher\":{\"@id\":\"https:\/\/blogdobispo.com.br\/#organization\"},\"image\":{\"@id\":\"https:\/\/blogdobispo.com.br\/?p=2213#primaryimage\"},\"thumbnailUrl\":\"https:\/\/blogdobispo.com.br\/wp-content\/uploads\/2023\/11\/img_3992-1.jpg\",\"articleSection\":[\"diversos\"],\"inLanguage\":\"pt-BR\",\"potentialAction\":[{\"@type\":\"CommentAction\",\"name\":\"Comment\",\"target\":[\"https:\/\/blogdobispo.com.br\/?p=2213#respond\"]}]},{\"@type\":\"WebPage\",\"@id\":\"https:\/\/blogdobispo.com.br\/?p=2213\",\"url\":\"https:\/\/blogdobispo.com.br\/?p=2213\",\"name\":\"VEREADOR NIVALDO BACURAU PRESTIGIA O PARTICIPA NATAL NOS BAIRROS NA MANH\u00c3 DESTE S\u00c1BADO (25) NA E. M. MONS. JOS\u00c9 ALVES LANDIM - Blog do Bispo\",\"isPartOf\":{\"@id\":\"https:\/\/blogdobispo.com.br\/#website\"},\"primaryImageOfPage\":{\"@id\":\"https:\/\/blogdobispo.com.br\/?p=2213#primaryimage\"},\"image\":{\"@id\":\"https:\/\/blogdobispo.com.br\/?p=2213#primaryimage\"},\"thumbnailUrl\":\"https:\/\/blogdobispo.com.br\/wp-content\/uploads\/2023\/11\/img_3992-1.jpg\",\"datePublished\":\"2023-11-26T01:15:21+00:00\",\"breadcrumb\":{\"@id\":\"https:\/\/blogdobispo.com.br\/?p=2213#breadcrumb\"},\"inLanguage\":\"pt-BR\",\"potentialAction\":[{\"@type\":\"ReadAction\",\"target\":[\"https:\/\/blogdobispo.com.br\/?p=2213\"]}]},{\"@type\":\"ImageObject\",\"inLanguage\":\"pt-BR\",\"@id\":\"https:\/\/blogdobispo.com.br\/?p=2213#primaryimage\",\"url\":\"https:\/\/blogdobispo.com.br\/wp-content\/uploads\/2023\/11\/img_3992-1.jpg\",\"contentUrl\":\"https:\/\/blogdobispo.com.br\/wp-content\/uploads\/2023\/11\/img_3992-1.jpg\"},{\"@type\":\"BreadcrumbList\",\"@id\":\"https:\/\/blogdobispo.com.br\/?p=2213#breadcrumb\",\"itemListElement\":[{\"@type\":\"ListItem\",\"position\":1,\"name\":\"In\u00edcio\",\"item\":\"https:\/\/blogdobispo.com.br\/\"},{\"@type\":\"ListItem\",\"position\":2,\"name\":\"VEREADOR NIVALDO BACURAU PRESTIGIA O PARTICIPA NATAL NOS BAIRROS NA MANH\u00c3 DESTE S\u00c1BADO (25) NA E. M. MONS. JOS\u00c9 ALVES LANDIM\"}]},{\"@type\":\"WebSite\",\"@id\":\"https:\/\/blogdobispo.com.br\/#website\",\"url\":\"https:\/\/blogdobispo.com.br\/\",\"name\":\"Blog do Bispo\",\"description\":\"Comprometido apenas com o leitor\",\"publisher\":{\"@id\":\"https:\/\/blogdobispo.com.br\/#organization\"},\"potentialAction\":[{\"@type\":\"SearchAction\",\"target\":{\"@type\":\"EntryPoint\",\"urlTemplate\":\"https:\/\/blogdobispo.com.br\/?s={search_term_string}\"},\"query-input\":{\"@type\":\"PropertyValueSpecification\",\"valueRequired\":true,\"valueName\":\"search_term_string\"}}],\"inLanguage\":\"pt-BR\"},{\"@type\":\"Organization\",\"@id\":\"https:\/\/blogdobispo.com.br\/#organization\",\"name\":\"Blog do Bispo\",\"url\":\"https:\/\/blogdobispo.com.br\/\",\"logo\":{\"@type\":\"ImageObject\",\"inLanguage\":\"pt-BR\",\"@id\":\"https:\/\/blogdobispo.com.br\/#\/schema\/logo\/image\/\",\"url\":\"http:\/\/blogdobispo.com.br\/wp-content\/uploads\/2023\/05\/cropped-headear.png\",\"contentUrl\":\"http:\/\/blogdobispo.com.br\/wp-content\/uploads\/2023\/05\/cropped-headear.png\",\"width\":1500,\"height\":399,\"caption\":\"Blog do Bispo\"},\"image\":{\"@id\":\"https:\/\/blogdobispo.com.br\/#\/schema\/logo\/image\/\"}},{\"@type\":\"Person\",\"@id\":\"https:\/\/blogdobispo.com.br\/#\/schema\/person\/e2209cc0e6cea5c5233d033e997b373f\",\"name\":\"Jefferson Sterfeno\",\"image\":{\"@type\":\"ImageObject\",\"inLanguage\":\"pt-BR\",\"@id\":\"https:\/\/blogdobispo.com.br\/#\/schema\/person\/image\/\",\"url\":\"https:\/\/secure.gravatar.com\/avatar\/0534e84764641168a677026b6d57a3f51dc7ac4db0b4f6186d9cb330d4ee1160?s=96&d=mm&r=g\",\"contentUrl\":\"https:\/\/secure.gravatar.com\/avatar\/0534e84764641168a677026b6d57a3f51dc7ac4db0b4f6186d9cb330d4ee1160?s=96&d=mm&r=g\",\"caption\":\"Jefferson Sterfeno\"},\"sameAs\":[\"http:\/\/blogdobispo.com.br\"],\"url\":\"https:\/\/blogdobispo.com.br\/?author=1\"}]}<\/script>\n<!-- \/ Yoast SEO plugin. -->","yoast_head_json":{"title":"VEREADOR NIVALDO BACURAU PRESTIGIA O PARTICIPA NATAL NOS BAIRROS NA MANH\u00c3 DESTE S\u00c1BADO (25) NA E. M. MONS. JOS\u00c9 ALVES LANDIM - Blog do Bispo","robots":{"index":"index","follow":"follow","max-snippet":"max-snippet:-1","max-image-preview":"max-image-preview:large","max-video-preview":"max-video-preview:-1"},"canonical":"https:\/\/blogdobispo.com.br\/?p=2213","og_locale":"pt_BR","og_type":"article","og_title":"VEREADOR NIVALDO BACURAU PRESTIGIA O PARTICIPA NATAL NOS BAIRROS NA MANH\u00c3 DESTE S\u00c1BADO (25) NA E. M. MONS. JOS\u00c9 ALVES LANDIM - Blog do Bispo","og_description":"O Vereador Nivaldo Bacurau, assim como outros vereadores estiveram participando e prestigiando de mais uma edi\u00e7\u00e3o do Projeto Participa Natal Nos Bairros, dessa vez na E. M. Mons. Jos\u00e9 Alves Landim, localizada no Conj. Soledade I. Presen\u00e7a de v\u00e1rios secret\u00e1rios municipais, do Exmo. Prefeito \u00c1lvaro Dias, l\u00edderes comunit\u00e1rios e a pr\u00f3pria popula\u00e7\u00e3o que procurou o [&hellip;]","og_url":"https:\/\/blogdobispo.com.br\/?p=2213","og_site_name":"Blog do Bispo","article_published_time":"2023-11-26T01:15:21+00:00","og_image":[{"url":"https:\/\/blogdobispo.com.br\/wp-content\/uploads\/2023\/11\/img_3992-1.jpg","type":"","width":"","height":""}],"author":"Jefferson Sterfeno","twitter_card":"summary_large_image","twitter_misc":{"Escrito por":"Jefferson Sterfeno"},"schema":{"@context":"https:\/\/schema.org","@graph":[{"@type":"Article","@id":"https:\/\/blogdobispo.com.br\/?p=2213#article","isPartOf":{"@id":"https:\/\/blogdobispo.com.br\/?p=2213"},"author":{"name":"Jefferson Sterfeno","@id":"https:\/\/blogdobispo.com.br\/#\/schema\/person\/e2209cc0e6cea5c5233d033e997b373f"},"headline":"VEREADOR NIVALDO BACURAU PRESTIGIA O PARTICIPA NATAL NOS BAIRROS NA MANH\u00c3 DESTE S\u00c1BADO (25) NA E. M. MONS. JOS\u00c9 ALVES LANDIM","datePublished":"2023-11-26T01:15:21+00:00","mainEntityOfPage":{"@id":"https:\/\/blogdobispo.com.br\/?p=2213"},"wordCount":115,"commentCount":0,"publisher":{"@id":"https:\/\/blogdobispo.com.br\/#organization"},"image":{"@id":"https:\/\/blogdobispo.com.br\/?p=2213#primaryimage"},"thumbnailUrl":"https:\/\/blogdobispo.com.br\/wp-content\/uploads\/2023\/11\/img_3992-1.jpg","articleSection":["diversos"],"inLanguage":"pt-BR","potentialAction":[{"@type":"CommentAction","name":"Comment","target":["https:\/\/blogdobispo.com.br\/?p=2213#respond"]}]},{"@type":"WebPage","@id":"https:\/\/blogdobispo.com.br\/?p=2213","url":"https:\/\/blogdobispo.com.br\/?p=2213","name":"VEREADOR NIVALDO BACURAU PRESTIGIA O PARTICIPA NATAL NOS BAIRROS NA MANH\u00c3 DESTE S\u00c1BADO (25) NA E. M. MONS. JOS\u00c9 ALVES LANDIM - Blog do Bispo","isPartOf":{"@id":"https:\/\/blogdobispo.com.br\/#website"},"primaryImageOfPage":{"@id":"https:\/\/blogdobispo.com.br\/?p=2213#primaryimage"},"image":{"@id":"https:\/\/blogdobispo.com.br\/?p=2213#primaryimage"},"thumbnailUrl":"https:\/\/blogdobispo.com.br\/wp-content\/uploads\/2023\/11\/img_3992-1.jpg","datePublished":"2023-11-26T01:15:21+00:00","breadcrumb":{"@id":"https:\/\/blogdobispo.com.br\/?p=2213#breadcrumb"},"inLanguage":"pt-BR","potentialAction":[{"@type":"ReadAction","target":["https:\/\/blogdobispo.com.br\/?p=2213"]}]},{"@type":"ImageObject","inLanguage":"pt-BR","@id":"https:\/\/blogdobispo.com.br\/?p=2213#primaryimage","url":"https:\/\/blogdobispo.com.br\/wp-content\/uploads\/2023\/11\/img_3992-1.jpg","contentUrl":"https:\/\/blogdobispo.com.br\/wp-content\/uploads\/2023\/11\/img_3992-1.jpg"},{"@type":"BreadcrumbList","@id":"https:\/\/blogdobispo.com.br\/?p=2213#breadcrumb","itemListElement":[{"@type":"ListItem","position":1,"name":"In\u00edcio","item":"https:\/\/blogdobispo.com.br\/"},{"@type":"ListItem","position":2,"name":"VEREADOR NIVALDO BACURAU PRESTIGIA O PARTICIPA NATAL NOS BAIRROS NA MANH\u00c3 DESTE S\u00c1BADO (25) NA E. M. MONS. JOS\u00c9 ALVES LANDIM"}]},{"@type":"WebSite","@id":"https:\/\/blogdobispo.com.br\/#website","url":"https:\/\/blogdobispo.com.br\/","name":"Blog do Bispo","description":"Comprometido apenas com o leitor","publisher":{"@id":"https:\/\/blogdobispo.com.br\/#organization"},"potentialAction":[{"@type":"SearchAction","target":{"@type":"EntryPoint","urlTemplate":"https:\/\/blogdobispo.com.br\/?s={search_term_string}"},"query-input":{"@type":"PropertyValueSpecification","valueRequired":true,"valueName":"search_term_string"}}],"inLanguage":"pt-BR"},{"@type":"Organization","@id":"https:\/\/blogdobispo.com.br\/#organization","name":"Blog do Bispo","url":"https:\/\/blogdobispo.com.br\/","logo":{"@type":"ImageObject","inLanguage":"pt-BR","@id":"https:\/\/blogdobispo.com.br\/#\/schema\/logo\/image\/","url":"http:\/\/blogdobispo.com.br\/wp-content\/uploads\/2023\/05\/cropped-headear.png","contentUrl":"http:\/\/blogdobispo.com.br\/wp-content\/uploads\/2023\/05\/cropped-headear.png","width":1500,"height":399,"caption":"Blog do Bispo"},"image":{"@id":"https:\/\/blogdobispo.com.br\/#\/schema\/logo\/image\/"}},{"@type":"Person","@id":"https:\/\/blogdobispo.com.br\/#\/schema\/person\/e2209cc0e6cea5c5233d033e997b373f","name":"Jefferson Sterfeno","image":{"@type":"ImageObject","inLanguage":"pt-BR","@id":"https:\/\/blogdobispo.com.br\/#\/schema\/person\/image\/","url":"https:\/\/secure.gravatar.com\/avatar\/0534e84764641168a677026b6d57a3f51dc7ac4db0b4f6186d9cb330d4ee1160?s=96&d=mm&r=g","contentUrl":"https:\/\/secure.gravatar.com\/avatar\/0534e84764641168a677026b6d57a3f51dc7ac4db0b4f6186d9cb330d4ee1160?s=96&d=mm&r=g","caption":"Jefferson Sterfeno"},"sameAs":["http:\/\/blogdobispo.com.br"],"url":"https:\/\/blogdobispo.com.br\/?author=1"}]}},"featured_image_urls":{"full":"","thumbnail":"","medium":"","medium_large":"","large":"","1536x1536":"","2048x2048":""},"author_info":{"display_name":"Jefferson Sterfeno","author_link":"https:\/\/blogdobispo.com.br\/?author=1"},"category_info":"<a href=\"https:\/\/blogdobispo.com.br\/?cat=1\" rel=\"category\">diversos<\/a>","tag_info":"diversos","comment_count":"0","jetpack_featured_media_url":"","jetpack_sharing_enabled":true,"_links":{"self":[{"href":"https:\/\/blogdobispo.com.br\/index.php?rest_route=\/wp\/v2\/posts\/2213","targetHints":{"allow":["GET"]}}],"collection":[{"href":"https:\/\/blogdobispo.com.br\/index.php?rest_route=\/wp\/v2\/posts"}],"about":[{"href":"https:\/\/blogdobispo.com.br\/index.php?rest_route=\/wp\/v2\/types\/post"}],"author":[{"embeddable":true,"href":"https:\/\/blogdobispo.com.br\/index.php?rest_route=\/wp\/v2\/users\/1"}],"replies":[{"embeddable":true,"href":"https:\/\/blogdobispo.com.br\/index.php?rest_route=%2Fwp%2Fv2%2Fcomments&post=2213"}],"version-history":[{"count":0,"href":"https:\/\/blogdobispo.com.br\/index.php?rest_route=\/wp\/v2\/posts\/2213\/revisions"}],"wp:attachment":[{"href":"https:\/\/blogdobispo.com.br\/index.php?rest_route=%2Fwp%2Fv2%2Fmedia&parent=2213"}],"wp:term":[{"taxonomy":"category","embeddable":true,"href":"https:\/\/blogdobispo.com.br\/index.php?rest_route=%2Fwp%2Fv2%2Fcategories&post=2213"},{"taxonomy":"post_tag","embeddable":true,"href":"https:\/\/blogdobispo.com.br\/index.php?rest_route=%2Fwp%2Fv2%2Ftags&post=2213"}],"curies":[{"name":"wp","href":"https:\/\/api.w.org\/{rel}","templated":true}]}}