{"id":2208,"date":"2023-11-26T00:58:11","date_gmt":"2023-11-26T00:58:11","guid":{"rendered":"https:\/\/blogdobispo.com.br\/?p=2208"},"modified":"2023-12-01T18:17:29","modified_gmt":"2023-12-01T18:17:29","slug":"campanha-educativa-do-procon-legislativo-atende-consumidores-do-partage-norte-shopping","status":"publish","type":"post","link":"https:\/\/blogdobispo.com.br\/?p=2208","title":{"rendered":"Comiss\u00e3o de Educa\u00e7\u00e3o da C\u00e2mara visita CMEI nas Quintas"},"content":{"rendered":"\n<figure class=\"wp-block-image\"><img data-recalc-dims=\"1\" decoding=\"async\" src=\"https:\/\/i0.wp.com\/www.cmnat.rn.gov.br\/_ups\/noticias\/2023\/10\/17\/ba0ca54ac77990ccaa576fea425d399d.jpeg?w=800&#038;ssl=1\" alt=\"\"\/><\/figure>\n\n\n\n<p>A Comiss\u00e3o de Educa\u00e7\u00e3o da C\u00e2mara de Natal esteve no CMEI (Centros Municipal de Educa\u00e7\u00e3o Infantil) Bom Samaritano, nas Quintas, nesta ter\u00e7a-feira (17). A vistoria, que contou com a participa\u00e7\u00e3o dos vereadores Daniel Valen\u00e7a (PT) e Rob\u00e9rio Paulino (PSOL), teve como objetivo fiscalizar e conhecer a infraestrutura da rede municipal de ensino e identificar poss\u00edveis melhorias e necessidades da comunidade escolar. O SINTE-RN (Sindicato dos Trabalhadores em Educa\u00e7\u00e3o P\u00fablica do RN) tamb\u00e9m acompanhou a visita.&nbsp;<\/p>\n\n\n\n<p>O Bom Samaritano atende cerca de 160 crian\u00e7as, a partir dos 3 anos, distribu\u00eddas em 6 turmas nos dois turnos. O pr\u00e9dio \u00e9 uma casa adaptada alugada pela Secretaria de Educa\u00e7\u00e3o. Para atender a demanda, a Secret\u00e1ria planeja para o pr\u00f3ximo ano a inaugura\u00e7\u00e3o de um anexo que vai ampliar tr\u00eas novas turmas, sendo uma em tempo integral.<\/p>\n\n\n\n<p>&#8220;A gente est\u00e1 nesse pr\u00e9dio aqui que \u00e9 uma casa adaptada e alugada. Mas assim, com muita luta a gente conseguiu um novo pr\u00e9dio que a prefeitura j\u00e1 assinou o contrato e a mudan\u00e7a vai acontecer possivelmente agora em 2024 para um espa\u00e7o melhor e mais estruturado&#8221;, falou a diretora administrativa, Dulce de Ara\u00fajo. <\/p>\n\n\n\n<p>Lan\u00e7ada na \u00faltima quarta-feira (22), a campanha tem como objetivo principal orientar os consumidores e lojistas quanto ao per\u00edodo de a\u00e7\u00f5es promocionais conhecido como Black Friday. A a\u00e7\u00e3o consiste em levar informa\u00e7\u00f5es por meio de cartilhas, al\u00e9m promover orienta\u00e7\u00f5es dialogais sobre o C\u00f3digo de Defesa do Consumidor.<\/p>\n\n\n\n<p>A deputada estadual Divaneide Bas\u00edlio (PT), vice-presidente da Comiss\u00e3o de Defesa do Consumidor, dos Direitos Humanos e Cidadania, refor\u00e7ou a import\u00e2ncia da a\u00e7\u00e3o promovida pelo Procon Legislativo, sobretudo neste per\u00edodo de Black Friday.<\/p>\n\n\n\n<p>\u201cEstamos realizando uma a\u00e7\u00e3o educativa e informativa tanto para a popula\u00e7\u00e3o, mas tamb\u00e9m para os lojistas. Ent\u00e3o a gente quer impulsionar o com\u00e9rcio, garantir esse princ\u00edpio do consumo respons\u00e1vel e orientar as pessoas, que muitas vezes t\u00eam d\u00favidas sobre os seus direitos\u201d, disse a deputada, que esteve visitando o stand do Procon Legislativo e conversando com os consumidores e lojistas do shopping localizado na Zona Norte de Natal.<\/p>\n\n\n\n<p>A subcoordenadora de Fiscaliza\u00e7\u00e3o do Procon-RN, L\u00eada Cortez, explica o trabalho realizado pela campanha no sentido de orientar os consumidores sobre seus direitos e deveres, bem como os empres\u00e1rios e comerciantes do local. Ela lembra ainda que este \u00e9 o segundo dia de campanha, sendo a abertura realizada ontem (22) no com\u00e9rcio do Bairro Alecrim.<\/p>\n\n\n\n<p>\u201cEst\u00e1 sendo uma a\u00e7\u00e3o muito importante, principalmente nesse momento de euforia, onde o consumidor visualiza as ofertas e tende a comprar. Ent\u00e3o n\u00f3s orientamos no sentido de que o consumidor procure o custo-benef\u00edcio, se aquele pre\u00e7o \u00e9 justo, se o fornecedor est\u00e1 oferecendo o produto de acordo com o que ele est\u00e1 informando, se o lojista deixa o C\u00f3digo de Defesa do Consumidor \u00e0 disposi\u00e7\u00e3o dos consumidores, entre outras orienta\u00e7\u00f5es\u201d, explica a subcoordenadora.<\/p>\n\n\n\n<p>A t\u00e9cnica de enfermagem Ana Maria, uma das consumidoras orientadas pela equipe do Procon Legislativo nesta quinta-feira, avaliou a a\u00e7\u00e3o positivamente. \u201cUma a\u00e7\u00e3o com esta \u00e9 muito importante, porque os consumidores muitas vezes n\u00e3o sabem de seus direitos e \u00e0s vezes se sentem at\u00e9 intimidados por isso. Ent\u00e3o \u00e9 importante o \u00f3rg\u00e3o estar aqui orientando as pessoas a buscarem seus direitos\u201d, frisou.<\/p>\n\n\n\n<p>O aposentado Jo\u00e3o Carlos tamb\u00e9m foi atendido pela equipe do Procon da Assembleia e gostou da iniciativa. \u201c\u00c9 muito bom, nota 10. N\u00f3s precisamos saber o que estamos pagando, se h\u00e1 juros abusivos na compra, e essa a\u00e7\u00e3o supre muito bem essa necessidade\u201d, destacou.<\/p>\n\n\n\n<p>A equipe do Procon Legislativo permanece no Partage Norte Shopping at\u00e9 \u00e0s 15h desta quinta-feira. Na sexta-feira (24), a a\u00e7\u00e3o acontece das 10h \u00e0s 15h na \u00e1rea externa do Midway (ao lado da base da STTU).<\/p>\n\n\n\n<figure class=\"wp-block-image size-large\"><img data-recalc-dims=\"1\" fetchpriority=\"high\" decoding=\"async\" width=\"800\" height=\"664\" src=\"https:\/\/i0.wp.com\/blogdobispo.com.br\/wp-content\/uploads\/2023\/12\/img_4141-1-1024x850.jpg?resize=800%2C664&#038;ssl=1\" alt=\"\" class=\"wp-image-2314\" srcset=\"https:\/\/i0.wp.com\/blogdobispo.com.br\/wp-content\/uploads\/2023\/12\/img_4141-1.jpg?resize=1024%2C850&amp;ssl=1 1024w, https:\/\/i0.wp.com\/blogdobispo.com.br\/wp-content\/uploads\/2023\/12\/img_4141-1.jpg?resize=300%2C249&amp;ssl=1 300w, https:\/\/i0.wp.com\/blogdobispo.com.br\/wp-content\/uploads\/2023\/12\/img_4141-1.jpg?resize=768%2C637&amp;ssl=1 768w, https:\/\/i0.wp.com\/blogdobispo.com.br\/wp-content\/uploads\/2023\/12\/img_4141-1.jpg?resize=1536%2C1275&amp;ssl=1 1536w, https:\/\/i0.wp.com\/blogdobispo.com.br\/wp-content\/uploads\/2023\/12\/img_4141-1.jpg?w=1600&amp;ssl=1 1600w\" sizes=\"(max-width: 800px) 100vw, 800px\" \/><\/figure>\n","protected":false},"excerpt":{"rendered":"<p>A Comiss\u00e3o de Educa\u00e7\u00e3o da C\u00e2mara de Natal esteve no CMEI (Centros Municipal de Educa\u00e7\u00e3o Infantil) Bom Samaritano, nas Quintas, nesta ter\u00e7a-feira (17). A vistoria, que contou com a participa\u00e7\u00e3o dos vereadores Daniel Valen\u00e7a (PT) e Rob\u00e9rio Paulino (PSOL), teve como objetivo fiscalizar e conhecer a infraestrutura da rede municipal de ensino e identificar poss\u00edveis [&hellip;]<\/p>\n","protected":false},"author":1,"featured_media":0,"comment_status":"open","ping_status":"open","sticky":false,"template":"","format":"standard","meta":{"cybocfi_hide_featured_image":"","_jetpack_memberships_contains_paid_content":false,"footnotes":""},"categories":[1],"tags":[],"class_list":["post-2208","post","type-post","status-publish","format-standard","hentry","category-diversos"],"yoast_head":"<!-- This site is optimized with the Yoast SEO plugin v25.6 - https:\/\/yoast.com\/wordpress\/plugins\/seo\/ -->\n<title>Comiss\u00e3o de Educa\u00e7\u00e3o da C\u00e2mara visita CMEI nas Quintas - Blog do Bispo<\/title>\n<meta name=\"robots\" content=\"index, follow, max-snippet:-1, max-image-preview:large, max-video-preview:-1\" \/>\n<link rel=\"canonical\" href=\"https:\/\/blogdobispo.com.br\/?p=2208\" \/>\n<meta property=\"og:locale\" content=\"pt_BR\" \/>\n<meta property=\"og:type\" content=\"article\" \/>\n<meta property=\"og:title\" content=\"Comiss\u00e3o de Educa\u00e7\u00e3o da C\u00e2mara visita CMEI nas Quintas - Blog do Bispo\" \/>\n<meta property=\"og:description\" content=\"A Comiss\u00e3o de Educa\u00e7\u00e3o da C\u00e2mara de Natal esteve no CMEI (Centros Municipal de Educa\u00e7\u00e3o Infantil) Bom Samaritano, nas Quintas, nesta ter\u00e7a-feira (17). A vistoria, que contou com a participa\u00e7\u00e3o dos vereadores Daniel Valen\u00e7a (PT) e Rob\u00e9rio Paulino (PSOL), teve como objetivo fiscalizar e conhecer a infraestrutura da rede municipal de ensino e identificar poss\u00edveis [&hellip;]\" \/>\n<meta property=\"og:url\" content=\"https:\/\/blogdobispo.com.br\/?p=2208\" \/>\n<meta property=\"og:site_name\" content=\"Blog do Bispo\" \/>\n<meta property=\"article:published_time\" content=\"2023-11-26T00:58:11+00:00\" \/>\n<meta property=\"article:modified_time\" content=\"2023-12-01T18:17:29+00:00\" \/>\n<meta property=\"og:image\" content=\"https:\/\/www.cmnat.rn.gov.br\/_ups\/noticias\/2023\/10\/17\/ba0ca54ac77990ccaa576fea425d399d.jpeg\" \/>\n<meta name=\"author\" content=\"Jefferson Sterfeno\" \/>\n<meta name=\"twitter:card\" content=\"summary_large_image\" \/>\n<meta name=\"twitter:label1\" content=\"Escrito por\" \/>\n\t<meta name=\"twitter:data1\" content=\"Jefferson Sterfeno\" \/>\n\t<meta name=\"twitter:label2\" content=\"Est. tempo de leitura\" \/>\n\t<meta name=\"twitter:data2\" content=\"3 minutos\" \/>\n<script type=\"application\/ld+json\" class=\"yoast-schema-graph\">{\"@context\":\"https:\/\/schema.org\",\"@graph\":[{\"@type\":\"Article\",\"@id\":\"https:\/\/blogdobispo.com.br\/?p=2208#article\",\"isPartOf\":{\"@id\":\"https:\/\/blogdobispo.com.br\/?p=2208\"},\"author\":{\"name\":\"Jefferson Sterfeno\",\"@id\":\"https:\/\/blogdobispo.com.br\/#\/schema\/person\/e2209cc0e6cea5c5233d033e997b373f\"},\"headline\":\"Comiss\u00e3o de Educa\u00e7\u00e3o da C\u00e2mara visita CMEI nas Quintas\",\"datePublished\":\"2023-11-26T00:58:11+00:00\",\"dateModified\":\"2023-12-01T18:17:29+00:00\",\"mainEntityOfPage\":{\"@id\":\"https:\/\/blogdobispo.com.br\/?p=2208\"},\"wordCount\":672,\"commentCount\":0,\"publisher\":{\"@id\":\"https:\/\/blogdobispo.com.br\/#organization\"},\"image\":{\"@id\":\"https:\/\/blogdobispo.com.br\/?p=2208#primaryimage\"},\"thumbnailUrl\":\"https:\/\/www.cmnat.rn.gov.br\/_ups\/noticias\/2023\/10\/17\/ba0ca54ac77990ccaa576fea425d399d.jpeg\",\"articleSection\":[\"diversos\"],\"inLanguage\":\"pt-BR\",\"potentialAction\":[{\"@type\":\"CommentAction\",\"name\":\"Comment\",\"target\":[\"https:\/\/blogdobispo.com.br\/?p=2208#respond\"]}]},{\"@type\":\"WebPage\",\"@id\":\"https:\/\/blogdobispo.com.br\/?p=2208\",\"url\":\"https:\/\/blogdobispo.com.br\/?p=2208\",\"name\":\"Comiss\u00e3o de Educa\u00e7\u00e3o da C\u00e2mara visita CMEI nas Quintas - Blog do Bispo\",\"isPartOf\":{\"@id\":\"https:\/\/blogdobispo.com.br\/#website\"},\"primaryImageOfPage\":{\"@id\":\"https:\/\/blogdobispo.com.br\/?p=2208#primaryimage\"},\"image\":{\"@id\":\"https:\/\/blogdobispo.com.br\/?p=2208#primaryimage\"},\"thumbnailUrl\":\"https:\/\/www.cmnat.rn.gov.br\/_ups\/noticias\/2023\/10\/17\/ba0ca54ac77990ccaa576fea425d399d.jpeg\",\"datePublished\":\"2023-11-26T00:58:11+00:00\",\"dateModified\":\"2023-12-01T18:17:29+00:00\",\"breadcrumb\":{\"@id\":\"https:\/\/blogdobispo.com.br\/?p=2208#breadcrumb\"},\"inLanguage\":\"pt-BR\",\"potentialAction\":[{\"@type\":\"ReadAction\",\"target\":[\"https:\/\/blogdobispo.com.br\/?p=2208\"]}]},{\"@type\":\"ImageObject\",\"inLanguage\":\"pt-BR\",\"@id\":\"https:\/\/blogdobispo.com.br\/?p=2208#primaryimage\",\"url\":\"https:\/\/www.cmnat.rn.gov.br\/_ups\/noticias\/2023\/10\/17\/ba0ca54ac77990ccaa576fea425d399d.jpeg\",\"contentUrl\":\"https:\/\/www.cmnat.rn.gov.br\/_ups\/noticias\/2023\/10\/17\/ba0ca54ac77990ccaa576fea425d399d.jpeg\"},{\"@type\":\"BreadcrumbList\",\"@id\":\"https:\/\/blogdobispo.com.br\/?p=2208#breadcrumb\",\"itemListElement\":[{\"@type\":\"ListItem\",\"position\":1,\"name\":\"In\u00edcio\",\"item\":\"https:\/\/blogdobispo.com.br\/\"},{\"@type\":\"ListItem\",\"position\":2,\"name\":\"Comiss\u00e3o de Educa\u00e7\u00e3o da C\u00e2mara visita CMEI nas Quintas\"}]},{\"@type\":\"WebSite\",\"@id\":\"https:\/\/blogdobispo.com.br\/#website\",\"url\":\"https:\/\/blogdobispo.com.br\/\",\"name\":\"Blog do Bispo\",\"description\":\"Comprometido apenas com o leitor\",\"publisher\":{\"@id\":\"https:\/\/blogdobispo.com.br\/#organization\"},\"potentialAction\":[{\"@type\":\"SearchAction\",\"target\":{\"@type\":\"EntryPoint\",\"urlTemplate\":\"https:\/\/blogdobispo.com.br\/?s={search_term_string}\"},\"query-input\":{\"@type\":\"PropertyValueSpecification\",\"valueRequired\":true,\"valueName\":\"search_term_string\"}}],\"inLanguage\":\"pt-BR\"},{\"@type\":\"Organization\",\"@id\":\"https:\/\/blogdobispo.com.br\/#organization\",\"name\":\"Blog do Bispo\",\"url\":\"https:\/\/blogdobispo.com.br\/\",\"logo\":{\"@type\":\"ImageObject\",\"inLanguage\":\"pt-BR\",\"@id\":\"https:\/\/blogdobispo.com.br\/#\/schema\/logo\/image\/\",\"url\":\"http:\/\/blogdobispo.com.br\/wp-content\/uploads\/2023\/05\/cropped-headear.png\",\"contentUrl\":\"http:\/\/blogdobispo.com.br\/wp-content\/uploads\/2023\/05\/cropped-headear.png\",\"width\":1500,\"height\":399,\"caption\":\"Blog do Bispo\"},\"image\":{\"@id\":\"https:\/\/blogdobispo.com.br\/#\/schema\/logo\/image\/\"}},{\"@type\":\"Person\",\"@id\":\"https:\/\/blogdobispo.com.br\/#\/schema\/person\/e2209cc0e6cea5c5233d033e997b373f\",\"name\":\"Jefferson Sterfeno\",\"image\":{\"@type\":\"ImageObject\",\"inLanguage\":\"pt-BR\",\"@id\":\"https:\/\/blogdobispo.com.br\/#\/schema\/person\/image\/\",\"url\":\"https:\/\/secure.gravatar.com\/avatar\/0534e84764641168a677026b6d57a3f51dc7ac4db0b4f6186d9cb330d4ee1160?s=96&d=mm&r=g\",\"contentUrl\":\"https:\/\/secure.gravatar.com\/avatar\/0534e84764641168a677026b6d57a3f51dc7ac4db0b4f6186d9cb330d4ee1160?s=96&d=mm&r=g\",\"caption\":\"Jefferson Sterfeno\"},\"sameAs\":[\"http:\/\/blogdobispo.com.br\"],\"url\":\"https:\/\/blogdobispo.com.br\/?author=1\"}]}<\/script>\n<!-- \/ Yoast SEO plugin. -->","yoast_head_json":{"title":"Comiss\u00e3o de Educa\u00e7\u00e3o da C\u00e2mara visita CMEI nas Quintas - Blog do Bispo","robots":{"index":"index","follow":"follow","max-snippet":"max-snippet:-1","max-image-preview":"max-image-preview:large","max-video-preview":"max-video-preview:-1"},"canonical":"https:\/\/blogdobispo.com.br\/?p=2208","og_locale":"pt_BR","og_type":"article","og_title":"Comiss\u00e3o de Educa\u00e7\u00e3o da C\u00e2mara visita CMEI nas Quintas - Blog do Bispo","og_description":"A Comiss\u00e3o de Educa\u00e7\u00e3o da C\u00e2mara de Natal esteve no CMEI (Centros Municipal de Educa\u00e7\u00e3o Infantil) Bom Samaritano, nas Quintas, nesta ter\u00e7a-feira (17). A vistoria, que contou com a participa\u00e7\u00e3o dos vereadores Daniel Valen\u00e7a (PT) e Rob\u00e9rio Paulino (PSOL), teve como objetivo fiscalizar e conhecer a infraestrutura da rede municipal de ensino e identificar poss\u00edveis [&hellip;]","og_url":"https:\/\/blogdobispo.com.br\/?p=2208","og_site_name":"Blog do Bispo","article_published_time":"2023-11-26T00:58:11+00:00","article_modified_time":"2023-12-01T18:17:29+00:00","og_image":[{"url":"https:\/\/www.cmnat.rn.gov.br\/_ups\/noticias\/2023\/10\/17\/ba0ca54ac77990ccaa576fea425d399d.jpeg","type":"","width":"","height":""}],"author":"Jefferson Sterfeno","twitter_card":"summary_large_image","twitter_misc":{"Escrito por":"Jefferson Sterfeno","Est. tempo de leitura":"3 minutos"},"schema":{"@context":"https:\/\/schema.org","@graph":[{"@type":"Article","@id":"https:\/\/blogdobispo.com.br\/?p=2208#article","isPartOf":{"@id":"https:\/\/blogdobispo.com.br\/?p=2208"},"author":{"name":"Jefferson Sterfeno","@id":"https:\/\/blogdobispo.com.br\/#\/schema\/person\/e2209cc0e6cea5c5233d033e997b373f"},"headline":"Comiss\u00e3o de Educa\u00e7\u00e3o da C\u00e2mara visita CMEI nas Quintas","datePublished":"2023-11-26T00:58:11+00:00","dateModified":"2023-12-01T18:17:29+00:00","mainEntityOfPage":{"@id":"https:\/\/blogdobispo.com.br\/?p=2208"},"wordCount":672,"commentCount":0,"publisher":{"@id":"https:\/\/blogdobispo.com.br\/#organization"},"image":{"@id":"https:\/\/blogdobispo.com.br\/?p=2208#primaryimage"},"thumbnailUrl":"https:\/\/www.cmnat.rn.gov.br\/_ups\/noticias\/2023\/10\/17\/ba0ca54ac77990ccaa576fea425d399d.jpeg","articleSection":["diversos"],"inLanguage":"pt-BR","potentialAction":[{"@type":"CommentAction","name":"Comment","target":["https:\/\/blogdobispo.com.br\/?p=2208#respond"]}]},{"@type":"WebPage","@id":"https:\/\/blogdobispo.com.br\/?p=2208","url":"https:\/\/blogdobispo.com.br\/?p=2208","name":"Comiss\u00e3o de Educa\u00e7\u00e3o da C\u00e2mara visita CMEI nas Quintas - Blog do Bispo","isPartOf":{"@id":"https:\/\/blogdobispo.com.br\/#website"},"primaryImageOfPage":{"@id":"https:\/\/blogdobispo.com.br\/?p=2208#primaryimage"},"image":{"@id":"https:\/\/blogdobispo.com.br\/?p=2208#primaryimage"},"thumbnailUrl":"https:\/\/www.cmnat.rn.gov.br\/_ups\/noticias\/2023\/10\/17\/ba0ca54ac77990ccaa576fea425d399d.jpeg","datePublished":"2023-11-26T00:58:11+00:00","dateModified":"2023-12-01T18:17:29+00:00","breadcrumb":{"@id":"https:\/\/blogdobispo.com.br\/?p=2208#breadcrumb"},"inLanguage":"pt-BR","potentialAction":[{"@type":"ReadAction","target":["https:\/\/blogdobispo.com.br\/?p=2208"]}]},{"@type":"ImageObject","inLanguage":"pt-BR","@id":"https:\/\/blogdobispo.com.br\/?p=2208#primaryimage","url":"https:\/\/www.cmnat.rn.gov.br\/_ups\/noticias\/2023\/10\/17\/ba0ca54ac77990ccaa576fea425d399d.jpeg","contentUrl":"https:\/\/www.cmnat.rn.gov.br\/_ups\/noticias\/2023\/10\/17\/ba0ca54ac77990ccaa576fea425d399d.jpeg"},{"@type":"BreadcrumbList","@id":"https:\/\/blogdobispo.com.br\/?p=2208#breadcrumb","itemListElement":[{"@type":"ListItem","position":1,"name":"In\u00edcio","item":"https:\/\/blogdobispo.com.br\/"},{"@type":"ListItem","position":2,"name":"Comiss\u00e3o de Educa\u00e7\u00e3o da C\u00e2mara visita CMEI nas Quintas"}]},{"@type":"WebSite","@id":"https:\/\/blogdobispo.com.br\/#website","url":"https:\/\/blogdobispo.com.br\/","name":"Blog do Bispo","description":"Comprometido apenas com o leitor","publisher":{"@id":"https:\/\/blogdobispo.com.br\/#organization"},"potentialAction":[{"@type":"SearchAction","target":{"@type":"EntryPoint","urlTemplate":"https:\/\/blogdobispo.com.br\/?s={search_term_string}"},"query-input":{"@type":"PropertyValueSpecification","valueRequired":true,"valueName":"search_term_string"}}],"inLanguage":"pt-BR"},{"@type":"Organization","@id":"https:\/\/blogdobispo.com.br\/#organization","name":"Blog do Bispo","url":"https:\/\/blogdobispo.com.br\/","logo":{"@type":"ImageObject","inLanguage":"pt-BR","@id":"https:\/\/blogdobispo.com.br\/#\/schema\/logo\/image\/","url":"http:\/\/blogdobispo.com.br\/wp-content\/uploads\/2023\/05\/cropped-headear.png","contentUrl":"http:\/\/blogdobispo.com.br\/wp-content\/uploads\/2023\/05\/cropped-headear.png","width":1500,"height":399,"caption":"Blog do Bispo"},"image":{"@id":"https:\/\/blogdobispo.com.br\/#\/schema\/logo\/image\/"}},{"@type":"Person","@id":"https:\/\/blogdobispo.com.br\/#\/schema\/person\/e2209cc0e6cea5c5233d033e997b373f","name":"Jefferson Sterfeno","image":{"@type":"ImageObject","inLanguage":"pt-BR","@id":"https:\/\/blogdobispo.com.br\/#\/schema\/person\/image\/","url":"https:\/\/secure.gravatar.com\/avatar\/0534e84764641168a677026b6d57a3f51dc7ac4db0b4f6186d9cb330d4ee1160?s=96&d=mm&r=g","contentUrl":"https:\/\/secure.gravatar.com\/avatar\/0534e84764641168a677026b6d57a3f51dc7ac4db0b4f6186d9cb330d4ee1160?s=96&d=mm&r=g","caption":"Jefferson Sterfeno"},"sameAs":["http:\/\/blogdobispo.com.br"],"url":"https:\/\/blogdobispo.com.br\/?author=1"}]}},"featured_image_urls":{"full":"","thumbnail":"","medium":"","medium_large":"","large":"","1536x1536":"","2048x2048":""},"author_info":{"display_name":"Jefferson Sterfeno","author_link":"https:\/\/blogdobispo.com.br\/?author=1"},"category_info":"<a href=\"https:\/\/blogdobispo.com.br\/?cat=1\" rel=\"category\">diversos<\/a>","tag_info":"diversos","comment_count":"0","jetpack_featured_media_url":"","jetpack_sharing_enabled":true,"_links":{"self":[{"href":"https:\/\/blogdobispo.com.br\/index.php?rest_route=\/wp\/v2\/posts\/2208","targetHints":{"allow":["GET"]}}],"collection":[{"href":"https:\/\/blogdobispo.com.br\/index.php?rest_route=\/wp\/v2\/posts"}],"about":[{"href":"https:\/\/blogdobispo.com.br\/index.php?rest_route=\/wp\/v2\/types\/post"}],"author":[{"embeddable":true,"href":"https:\/\/blogdobispo.com.br\/index.php?rest_route=\/wp\/v2\/users\/1"}],"replies":[{"embeddable":true,"href":"https:\/\/blogdobispo.com.br\/index.php?rest_route=%2Fwp%2Fv2%2Fcomments&post=2208"}],"version-history":[{"count":2,"href":"https:\/\/blogdobispo.com.br\/index.php?rest_route=\/wp\/v2\/posts\/2208\/revisions"}],"predecessor-version":[{"id":2316,"href":"https:\/\/blogdobispo.com.br\/index.php?rest_route=\/wp\/v2\/posts\/2208\/revisions\/2316"}],"wp:attachment":[{"href":"https:\/\/blogdobispo.com.br\/index.php?rest_route=%2Fwp%2Fv2%2Fmedia&parent=2208"}],"wp:term":[{"taxonomy":"category","embeddable":true,"href":"https:\/\/blogdobispo.com.br\/index.php?rest_route=%2Fwp%2Fv2%2Fcategories&post=2208"},{"taxonomy":"post_tag","embeddable":true,"href":"https:\/\/blogdobispo.com.br\/index.php?rest_route=%2Fwp%2Fv2%2Ftags&post=2208"}],"curies":[{"name":"wp","href":"https:\/\/api.w.org\/{rel}","templated":true}]}}