{"id":2204,"date":"2023-11-24T23:06:38","date_gmt":"2023-11-24T23:06:38","guid":{"rendered":"https:\/\/blogdobispo.com.br\/?p=2204"},"modified":"2023-12-01T18:16:30","modified_gmt":"2023-12-01T18:16:30","slug":"tomba-farias-e-homenageado-com-medalha-do-merito-governador-dinarte-mariz","status":"publish","type":"post","link":"https:\/\/blogdobispo.com.br\/?p=2204","title":{"rendered":"CMN homenageia professores com Comenda An\u00edsio Teixeira"},"content":{"rendered":"\n<p>A C\u00e2mara Municipal de Natal agraciou 18 profissionais da Educa\u00e7\u00e3o com a Comenda An\u00edsio Teixeira, em alus\u00e3o \u00e0 passagem do Dia do Professor nesse domingo dia 15 de outubro. A entrega da homenagem foi durante sess\u00e3o solene realizada por proposi\u00e7\u00e3o do vereador Herberth Sena e conduzida pelo presidente da casa, vereador Eriko J\u00e1come.<\/p>\n\n\n\n<p>&#8220;Com a entrega da Comenda An\u00edsio Teixeira, queremos lembrar a import\u00e2ncia de professores e professoras para educar pessoas mais conscientes, como j\u00e1 dizia An\u00edsio Teixeira. Segundo ele, na escola n\u00e3o se deve aprender apenas fatos, mas tamb\u00e9m a ter atitudes, ideais e senso cr\u00edtico. Para An\u00edsio Teixeira, o homem educado \u00e9 aquele que sabe ir e vir com seguran\u00e7a, pensar com clareza, querer com firmeza e agir com tenacidade. A melhoria da qualidade da Educa\u00e7\u00e3o brasileira passa pela valoriza\u00e7\u00e3o dos professores, que muito mais do que transmitir conhecimento, podem provocar mudan\u00e7as de h\u00e1bitos e atitudes, e propagar valores e princ\u00edpios&#8221;, ressaltou o vereador Herberth Sena. J\u00e1 o presidente Eriko J\u00e1come parabenizou todos os homenageados e lembrou que a comenda leva o nome do pai da escola p\u00fablica no Brasil.<\/p>\n\n\n\n<p><\/p>\n\n\n\n<p>\u201cEssa comenda representa para mim o reconhecimento do trabalho que realizamos desde 2010. S\u00e3o homenagens como essa que nos estimulam e aumentam o nosso comprometimento em atuar a favor do desenvolvimento do Rio Grande do Norte e de uma melhor qualidade de vida para o seu povo. Gostaria de registar o meu agradecimento ao presidente do TCE, Ant\u00f4nio Jales, ao vice-presidente Poti J\u00fanior e aos demais membros da Casa, que permitiram que eu fosse o \u00fanico deputado do RN a receber tamanha honraria\u201d, ressalta Tomba, ao falar sobre a homenagem recebida.<\/p>\n\n\n\n<p>Ao todo, 11 pessoas receberam a comenda durante a solenidade realizada no Plen\u00e1rio do TCE, em solenidade dirigida pelo presidente do Tribunal de Contas do Estado, conselheiro Gilberto Jales e que contou ainda com a participa\u00e7\u00e3o do procurador-geral da Assembleia Renato Guerra e com o deputado estadual Luiz Eduardo (SDD).<\/p>\n\n\n\n<p>A sauda\u00e7\u00e3o aos agraciados ficou a cargo do conselheiro Tarc\u00edsio Costa. J\u00e1 o discurso de agradecimento em nome dos homenageados foi proferido pelo conselheiro do TCE-CE, Edilberto Lima, presidente do Instituto Rui Barbosa.<\/p>\n\n\n\n<p>Deputado municipalista que atua como porta-voz dos anseios dos munic\u00edpios na Assembleia Legislativa, Tomba Farias j\u00e1 foi prefeito de Santa Cruz (RN) e presidiu Comiss\u00f5es Permanentes estrat\u00e9gicas no poder Legislativo, al\u00e9m de j\u00e1 ter sido relator do Or\u00e7amento por duas vezes. &nbsp;<\/p>\n\n\n\n<p><strong>Comenda<\/strong><\/p>\n\n\n\n<p><\/p>\n\n\n\n<figure class=\"wp-block-image size-large\"><img data-recalc-dims=\"1\" fetchpriority=\"high\" decoding=\"async\" width=\"800\" height=\"542\" src=\"https:\/\/i0.wp.com\/blogdobispo.com.br\/wp-content\/uploads\/2023\/12\/img_4140-1-1024x694.png?resize=800%2C542&#038;ssl=1\" alt=\"\" class=\"wp-image-2311\" srcset=\"https:\/\/i0.wp.com\/blogdobispo.com.br\/wp-content\/uploads\/2023\/12\/img_4140-1.png?resize=1024%2C694&amp;ssl=1 1024w, https:\/\/i0.wp.com\/blogdobispo.com.br\/wp-content\/uploads\/2023\/12\/img_4140-1.png?resize=300%2C203&amp;ssl=1 300w, https:\/\/i0.wp.com\/blogdobispo.com.br\/wp-content\/uploads\/2023\/12\/img_4140-1.png?resize=768%2C521&amp;ssl=1 768w, https:\/\/i0.wp.com\/blogdobispo.com.br\/wp-content\/uploads\/2023\/12\/img_4140-1.png?resize=1536%2C1042&amp;ssl=1 1536w, https:\/\/i0.wp.com\/blogdobispo.com.br\/wp-content\/uploads\/2023\/12\/img_4140-1.png?w=1600&amp;ssl=1 1600w\" sizes=\"(max-width: 800px) 100vw, 800px\" \/><\/figure>\n","protected":false},"excerpt":{"rendered":"<p>A C\u00e2mara Municipal de Natal agraciou 18 profissionais da Educa\u00e7\u00e3o com a Comenda An\u00edsio Teixeira, em alus\u00e3o \u00e0 passagem do Dia do Professor nesse domingo dia 15 de outubro. A entrega da homenagem foi durante sess\u00e3o solene realizada por proposi\u00e7\u00e3o do vereador Herberth Sena e conduzida pelo presidente da casa, vereador Eriko J\u00e1come. &#8220;Com a [&hellip;]<\/p>\n","protected":false},"author":1,"featured_media":0,"comment_status":"open","ping_status":"open","sticky":false,"template":"","format":"standard","meta":{"cybocfi_hide_featured_image":"","_jetpack_memberships_contains_paid_content":false,"footnotes":""},"categories":[1],"tags":[],"class_list":["post-2204","post","type-post","status-publish","format-standard","hentry","category-diversos"],"yoast_head":"<!-- This site is optimized with the Yoast SEO plugin v25.6 - https:\/\/yoast.com\/wordpress\/plugins\/seo\/ -->\n<title>CMN homenageia professores com Comenda An\u00edsio Teixeira - Blog do Bispo<\/title>\n<meta name=\"robots\" content=\"index, follow, max-snippet:-1, max-image-preview:large, max-video-preview:-1\" \/>\n<link rel=\"canonical\" href=\"https:\/\/blogdobispo.com.br\/?p=2204\" \/>\n<meta property=\"og:locale\" content=\"pt_BR\" \/>\n<meta property=\"og:type\" content=\"article\" \/>\n<meta property=\"og:title\" content=\"CMN homenageia professores com Comenda An\u00edsio Teixeira - Blog do Bispo\" \/>\n<meta property=\"og:description\" content=\"A C\u00e2mara Municipal de Natal agraciou 18 profissionais da Educa\u00e7\u00e3o com a Comenda An\u00edsio Teixeira, em alus\u00e3o \u00e0 passagem do Dia do Professor nesse domingo dia 15 de outubro. A entrega da homenagem foi durante sess\u00e3o solene realizada por proposi\u00e7\u00e3o do vereador Herberth Sena e conduzida pelo presidente da casa, vereador Eriko J\u00e1come. &#8220;Com a [&hellip;]\" \/>\n<meta property=\"og:url\" content=\"https:\/\/blogdobispo.com.br\/?p=2204\" \/>\n<meta property=\"og:site_name\" content=\"Blog do Bispo\" \/>\n<meta property=\"article:published_time\" content=\"2023-11-24T23:06:38+00:00\" \/>\n<meta property=\"article:modified_time\" content=\"2023-12-01T18:16:30+00:00\" \/>\n<meta property=\"og:image\" content=\"https:\/\/blogdobispo.com.br\/wp-content\/uploads\/2023\/12\/img_4140-1-1024x694.png\" \/>\n<meta name=\"author\" content=\"Jefferson Sterfeno\" \/>\n<meta name=\"twitter:card\" content=\"summary_large_image\" \/>\n<meta name=\"twitter:label1\" content=\"Escrito por\" \/>\n\t<meta name=\"twitter:data1\" content=\"Jefferson Sterfeno\" \/>\n\t<meta name=\"twitter:label2\" content=\"Est. tempo de leitura\" \/>\n\t<meta name=\"twitter:data2\" content=\"2 minutos\" \/>\n<script type=\"application\/ld+json\" class=\"yoast-schema-graph\">{\"@context\":\"https:\/\/schema.org\",\"@graph\":[{\"@type\":\"Article\",\"@id\":\"https:\/\/blogdobispo.com.br\/?p=2204#article\",\"isPartOf\":{\"@id\":\"https:\/\/blogdobispo.com.br\/?p=2204\"},\"author\":{\"name\":\"Jefferson Sterfeno\",\"@id\":\"https:\/\/blogdobispo.com.br\/#\/schema\/person\/e2209cc0e6cea5c5233d033e997b373f\"},\"headline\":\"CMN homenageia professores com Comenda An\u00edsio Teixeira\",\"datePublished\":\"2023-11-24T23:06:38+00:00\",\"dateModified\":\"2023-12-01T18:16:30+00:00\",\"mainEntityOfPage\":{\"@id\":\"https:\/\/blogdobispo.com.br\/?p=2204\"},\"wordCount\":435,\"commentCount\":0,\"publisher\":{\"@id\":\"https:\/\/blogdobispo.com.br\/#organization\"},\"image\":{\"@id\":\"https:\/\/blogdobispo.com.br\/?p=2204#primaryimage\"},\"thumbnailUrl\":\"https:\/\/blogdobispo.com.br\/wp-content\/uploads\/2023\/12\/img_4140-1-1024x694.png\",\"articleSection\":[\"diversos\"],\"inLanguage\":\"pt-BR\",\"potentialAction\":[{\"@type\":\"CommentAction\",\"name\":\"Comment\",\"target\":[\"https:\/\/blogdobispo.com.br\/?p=2204#respond\"]}]},{\"@type\":\"WebPage\",\"@id\":\"https:\/\/blogdobispo.com.br\/?p=2204\",\"url\":\"https:\/\/blogdobispo.com.br\/?p=2204\",\"name\":\"CMN homenageia professores com Comenda An\u00edsio Teixeira - Blog do Bispo\",\"isPartOf\":{\"@id\":\"https:\/\/blogdobispo.com.br\/#website\"},\"primaryImageOfPage\":{\"@id\":\"https:\/\/blogdobispo.com.br\/?p=2204#primaryimage\"},\"image\":{\"@id\":\"https:\/\/blogdobispo.com.br\/?p=2204#primaryimage\"},\"thumbnailUrl\":\"https:\/\/blogdobispo.com.br\/wp-content\/uploads\/2023\/12\/img_4140-1-1024x694.png\",\"datePublished\":\"2023-11-24T23:06:38+00:00\",\"dateModified\":\"2023-12-01T18:16:30+00:00\",\"breadcrumb\":{\"@id\":\"https:\/\/blogdobispo.com.br\/?p=2204#breadcrumb\"},\"inLanguage\":\"pt-BR\",\"potentialAction\":[{\"@type\":\"ReadAction\",\"target\":[\"https:\/\/blogdobispo.com.br\/?p=2204\"]}]},{\"@type\":\"ImageObject\",\"inLanguage\":\"pt-BR\",\"@id\":\"https:\/\/blogdobispo.com.br\/?p=2204#primaryimage\",\"url\":\"https:\/\/blogdobispo.com.br\/wp-content\/uploads\/2023\/12\/img_4140-1-1024x694.png\",\"contentUrl\":\"https:\/\/blogdobispo.com.br\/wp-content\/uploads\/2023\/12\/img_4140-1-1024x694.png\"},{\"@type\":\"BreadcrumbList\",\"@id\":\"https:\/\/blogdobispo.com.br\/?p=2204#breadcrumb\",\"itemListElement\":[{\"@type\":\"ListItem\",\"position\":1,\"name\":\"In\u00edcio\",\"item\":\"https:\/\/blogdobispo.com.br\/\"},{\"@type\":\"ListItem\",\"position\":2,\"name\":\"CMN homenageia professores com Comenda An\u00edsio Teixeira\"}]},{\"@type\":\"WebSite\",\"@id\":\"https:\/\/blogdobispo.com.br\/#website\",\"url\":\"https:\/\/blogdobispo.com.br\/\",\"name\":\"Blog do Bispo\",\"description\":\"Comprometido apenas com o leitor\",\"publisher\":{\"@id\":\"https:\/\/blogdobispo.com.br\/#organization\"},\"potentialAction\":[{\"@type\":\"SearchAction\",\"target\":{\"@type\":\"EntryPoint\",\"urlTemplate\":\"https:\/\/blogdobispo.com.br\/?s={search_term_string}\"},\"query-input\":{\"@type\":\"PropertyValueSpecification\",\"valueRequired\":true,\"valueName\":\"search_term_string\"}}],\"inLanguage\":\"pt-BR\"},{\"@type\":\"Organization\",\"@id\":\"https:\/\/blogdobispo.com.br\/#organization\",\"name\":\"Blog do Bispo\",\"url\":\"https:\/\/blogdobispo.com.br\/\",\"logo\":{\"@type\":\"ImageObject\",\"inLanguage\":\"pt-BR\",\"@id\":\"https:\/\/blogdobispo.com.br\/#\/schema\/logo\/image\/\",\"url\":\"http:\/\/blogdobispo.com.br\/wp-content\/uploads\/2023\/05\/cropped-headear.png\",\"contentUrl\":\"http:\/\/blogdobispo.com.br\/wp-content\/uploads\/2023\/05\/cropped-headear.png\",\"width\":1500,\"height\":399,\"caption\":\"Blog do Bispo\"},\"image\":{\"@id\":\"https:\/\/blogdobispo.com.br\/#\/schema\/logo\/image\/\"}},{\"@type\":\"Person\",\"@id\":\"https:\/\/blogdobispo.com.br\/#\/schema\/person\/e2209cc0e6cea5c5233d033e997b373f\",\"name\":\"Jefferson Sterfeno\",\"image\":{\"@type\":\"ImageObject\",\"inLanguage\":\"pt-BR\",\"@id\":\"https:\/\/blogdobispo.com.br\/#\/schema\/person\/image\/\",\"url\":\"https:\/\/secure.gravatar.com\/avatar\/0534e84764641168a677026b6d57a3f51dc7ac4db0b4f6186d9cb330d4ee1160?s=96&d=mm&r=g\",\"contentUrl\":\"https:\/\/secure.gravatar.com\/avatar\/0534e84764641168a677026b6d57a3f51dc7ac4db0b4f6186d9cb330d4ee1160?s=96&d=mm&r=g\",\"caption\":\"Jefferson Sterfeno\"},\"sameAs\":[\"http:\/\/blogdobispo.com.br\"],\"url\":\"https:\/\/blogdobispo.com.br\/?author=1\"}]}<\/script>\n<!-- \/ Yoast SEO plugin. -->","yoast_head_json":{"title":"CMN homenageia professores com Comenda An\u00edsio Teixeira - Blog do Bispo","robots":{"index":"index","follow":"follow","max-snippet":"max-snippet:-1","max-image-preview":"max-image-preview:large","max-video-preview":"max-video-preview:-1"},"canonical":"https:\/\/blogdobispo.com.br\/?p=2204","og_locale":"pt_BR","og_type":"article","og_title":"CMN homenageia professores com Comenda An\u00edsio Teixeira - Blog do Bispo","og_description":"A C\u00e2mara Municipal de Natal agraciou 18 profissionais da Educa\u00e7\u00e3o com a Comenda An\u00edsio Teixeira, em alus\u00e3o \u00e0 passagem do Dia do Professor nesse domingo dia 15 de outubro. A entrega da homenagem foi durante sess\u00e3o solene realizada por proposi\u00e7\u00e3o do vereador Herberth Sena e conduzida pelo presidente da casa, vereador Eriko J\u00e1come. &#8220;Com a [&hellip;]","og_url":"https:\/\/blogdobispo.com.br\/?p=2204","og_site_name":"Blog do Bispo","article_published_time":"2023-11-24T23:06:38+00:00","article_modified_time":"2023-12-01T18:16:30+00:00","og_image":[{"url":"https:\/\/blogdobispo.com.br\/wp-content\/uploads\/2023\/12\/img_4140-1-1024x694.png","type":"","width":"","height":""}],"author":"Jefferson Sterfeno","twitter_card":"summary_large_image","twitter_misc":{"Escrito por":"Jefferson Sterfeno","Est. tempo de leitura":"2 minutos"},"schema":{"@context":"https:\/\/schema.org","@graph":[{"@type":"Article","@id":"https:\/\/blogdobispo.com.br\/?p=2204#article","isPartOf":{"@id":"https:\/\/blogdobispo.com.br\/?p=2204"},"author":{"name":"Jefferson Sterfeno","@id":"https:\/\/blogdobispo.com.br\/#\/schema\/person\/e2209cc0e6cea5c5233d033e997b373f"},"headline":"CMN homenageia professores com Comenda An\u00edsio Teixeira","datePublished":"2023-11-24T23:06:38+00:00","dateModified":"2023-12-01T18:16:30+00:00","mainEntityOfPage":{"@id":"https:\/\/blogdobispo.com.br\/?p=2204"},"wordCount":435,"commentCount":0,"publisher":{"@id":"https:\/\/blogdobispo.com.br\/#organization"},"image":{"@id":"https:\/\/blogdobispo.com.br\/?p=2204#primaryimage"},"thumbnailUrl":"https:\/\/blogdobispo.com.br\/wp-content\/uploads\/2023\/12\/img_4140-1-1024x694.png","articleSection":["diversos"],"inLanguage":"pt-BR","potentialAction":[{"@type":"CommentAction","name":"Comment","target":["https:\/\/blogdobispo.com.br\/?p=2204#respond"]}]},{"@type":"WebPage","@id":"https:\/\/blogdobispo.com.br\/?p=2204","url":"https:\/\/blogdobispo.com.br\/?p=2204","name":"CMN homenageia professores com Comenda An\u00edsio Teixeira - Blog do Bispo","isPartOf":{"@id":"https:\/\/blogdobispo.com.br\/#website"},"primaryImageOfPage":{"@id":"https:\/\/blogdobispo.com.br\/?p=2204#primaryimage"},"image":{"@id":"https:\/\/blogdobispo.com.br\/?p=2204#primaryimage"},"thumbnailUrl":"https:\/\/blogdobispo.com.br\/wp-content\/uploads\/2023\/12\/img_4140-1-1024x694.png","datePublished":"2023-11-24T23:06:38+00:00","dateModified":"2023-12-01T18:16:30+00:00","breadcrumb":{"@id":"https:\/\/blogdobispo.com.br\/?p=2204#breadcrumb"},"inLanguage":"pt-BR","potentialAction":[{"@type":"ReadAction","target":["https:\/\/blogdobispo.com.br\/?p=2204"]}]},{"@type":"ImageObject","inLanguage":"pt-BR","@id":"https:\/\/blogdobispo.com.br\/?p=2204#primaryimage","url":"https:\/\/blogdobispo.com.br\/wp-content\/uploads\/2023\/12\/img_4140-1-1024x694.png","contentUrl":"https:\/\/blogdobispo.com.br\/wp-content\/uploads\/2023\/12\/img_4140-1-1024x694.png"},{"@type":"BreadcrumbList","@id":"https:\/\/blogdobispo.com.br\/?p=2204#breadcrumb","itemListElement":[{"@type":"ListItem","position":1,"name":"In\u00edcio","item":"https:\/\/blogdobispo.com.br\/"},{"@type":"ListItem","position":2,"name":"CMN homenageia professores com Comenda An\u00edsio Teixeira"}]},{"@type":"WebSite","@id":"https:\/\/blogdobispo.com.br\/#website","url":"https:\/\/blogdobispo.com.br\/","name":"Blog do Bispo","description":"Comprometido apenas com o leitor","publisher":{"@id":"https:\/\/blogdobispo.com.br\/#organization"},"potentialAction":[{"@type":"SearchAction","target":{"@type":"EntryPoint","urlTemplate":"https:\/\/blogdobispo.com.br\/?s={search_term_string}"},"query-input":{"@type":"PropertyValueSpecification","valueRequired":true,"valueName":"search_term_string"}}],"inLanguage":"pt-BR"},{"@type":"Organization","@id":"https:\/\/blogdobispo.com.br\/#organization","name":"Blog do Bispo","url":"https:\/\/blogdobispo.com.br\/","logo":{"@type":"ImageObject","inLanguage":"pt-BR","@id":"https:\/\/blogdobispo.com.br\/#\/schema\/logo\/image\/","url":"http:\/\/blogdobispo.com.br\/wp-content\/uploads\/2023\/05\/cropped-headear.png","contentUrl":"http:\/\/blogdobispo.com.br\/wp-content\/uploads\/2023\/05\/cropped-headear.png","width":1500,"height":399,"caption":"Blog do Bispo"},"image":{"@id":"https:\/\/blogdobispo.com.br\/#\/schema\/logo\/image\/"}},{"@type":"Person","@id":"https:\/\/blogdobispo.com.br\/#\/schema\/person\/e2209cc0e6cea5c5233d033e997b373f","name":"Jefferson Sterfeno","image":{"@type":"ImageObject","inLanguage":"pt-BR","@id":"https:\/\/blogdobispo.com.br\/#\/schema\/person\/image\/","url":"https:\/\/secure.gravatar.com\/avatar\/0534e84764641168a677026b6d57a3f51dc7ac4db0b4f6186d9cb330d4ee1160?s=96&d=mm&r=g","contentUrl":"https:\/\/secure.gravatar.com\/avatar\/0534e84764641168a677026b6d57a3f51dc7ac4db0b4f6186d9cb330d4ee1160?s=96&d=mm&r=g","caption":"Jefferson Sterfeno"},"sameAs":["http:\/\/blogdobispo.com.br"],"url":"https:\/\/blogdobispo.com.br\/?author=1"}]}},"featured_image_urls":{"full":"","thumbnail":"","medium":"","medium_large":"","large":"","1536x1536":"","2048x2048":""},"author_info":{"display_name":"Jefferson Sterfeno","author_link":"https:\/\/blogdobispo.com.br\/?author=1"},"category_info":"<a href=\"https:\/\/blogdobispo.com.br\/?cat=1\" rel=\"category\">diversos<\/a>","tag_info":"diversos","comment_count":"0","jetpack_featured_media_url":"","jetpack_sharing_enabled":true,"_links":{"self":[{"href":"https:\/\/blogdobispo.com.br\/index.php?rest_route=\/wp\/v2\/posts\/2204","targetHints":{"allow":["GET"]}}],"collection":[{"href":"https:\/\/blogdobispo.com.br\/index.php?rest_route=\/wp\/v2\/posts"}],"about":[{"href":"https:\/\/blogdobispo.com.br\/index.php?rest_route=\/wp\/v2\/types\/post"}],"author":[{"embeddable":true,"href":"https:\/\/blogdobispo.com.br\/index.php?rest_route=\/wp\/v2\/users\/1"}],"replies":[{"embeddable":true,"href":"https:\/\/blogdobispo.com.br\/index.php?rest_route=%2Fwp%2Fv2%2Fcomments&post=2204"}],"version-history":[{"count":2,"href":"https:\/\/blogdobispo.com.br\/index.php?rest_route=\/wp\/v2\/posts\/2204\/revisions"}],"predecessor-version":[{"id":2313,"href":"https:\/\/blogdobispo.com.br\/index.php?rest_route=\/wp\/v2\/posts\/2204\/revisions\/2313"}],"wp:attachment":[{"href":"https:\/\/blogdobispo.com.br\/index.php?rest_route=%2Fwp%2Fv2%2Fmedia&parent=2204"}],"wp:term":[{"taxonomy":"category","embeddable":true,"href":"https:\/\/blogdobispo.com.br\/index.php?rest_route=%2Fwp%2Fv2%2Fcategories&post=2204"},{"taxonomy":"post_tag","embeddable":true,"href":"https:\/\/blogdobispo.com.br\/index.php?rest_route=%2Fwp%2Fv2%2Ftags&post=2204"}],"curies":[{"name":"wp","href":"https:\/\/api.w.org\/{rel}","templated":true}]}}