{"id":2178,"date":"2023-11-21T01:10:18","date_gmt":"2023-11-21T01:10:18","guid":{"rendered":"https:\/\/blogdobispo.com.br\/?p=2178"},"modified":"2023-11-21T01:10:18","modified_gmt":"2023-11-21T01:10:18","slug":"xviii-forum-do-diagnostico-precoce-da-casa-durval-paiva-acontece-nesta-quinta-feira-23","status":"publish","type":"post","link":"https:\/\/blogdobispo.com.br\/?p=2178","title":{"rendered":"XVIII F\u00f3rum do Diagn\u00f3stico Precoce da Casa Durval Paiva acontece nesta quinta-feira (23)"},"content":{"rendered":"\n<figure class=\"wp-block-image size-large\"><img data-recalc-dims=\"1\" fetchpriority=\"high\" decoding=\"async\" width=\"800\" height=\"799\" src=\"https:\/\/i0.wp.com\/blogdobispo.com.br\/wp-content\/uploads\/2023\/11\/xviii-forum-do-diagnostico-precoce-da-casa-durval-paiva.png?resize=800%2C799&#038;ssl=1\" class=\"wp-image-2177\" srcset=\"https:\/\/i0.wp.com\/blogdobispo.com.br\/wp-content\/uploads\/2023\/11\/xviii-forum-do-diagnostico-precoce-da-casa-durval-paiva.png?w=879&amp;ssl=1 879w, https:\/\/i0.wp.com\/blogdobispo.com.br\/wp-content\/uploads\/2023\/11\/xviii-forum-do-diagnostico-precoce-da-casa-durval-paiva.png?resize=300%2C300&amp;ssl=1 300w, https:\/\/i0.wp.com\/blogdobispo.com.br\/wp-content\/uploads\/2023\/11\/xviii-forum-do-diagnostico-precoce-da-casa-durval-paiva.png?resize=150%2C150&amp;ssl=1 150w, https:\/\/i0.wp.com\/blogdobispo.com.br\/wp-content\/uploads\/2023\/11\/xviii-forum-do-diagnostico-precoce-da-casa-durval-paiva.png?resize=768%2C767&amp;ssl=1 768w\" sizes=\"(max-width: 800px) 100vw, 800px\" \/><\/figure>\n\n\n\n<p><\/p>\n\n\n\n<p>A Casa Durval Paiva promover\u00e1, nesta quinta-feira (23), o XVIII F\u00f3rum do Diagn\u00f3stico Precoce. O evento, que ser\u00e1 alusivo ao Dia Nacional Do Combate ao C\u00e2ncer Infantojuvenil (DNCCI), acontecer\u00e1 no audit\u00f3rio da Unifacex &#8211; Centro, das 8h \u00e0s 12h, com o objetivo de disseminar informa\u00e7\u00f5es acerca do c\u00e2ncer infantojuvenil para profissionais e estudantes da sa\u00fade, educa\u00e7\u00e3o, assist\u00eancia social e \u00e1reas afins.<\/p>\n\n\n\n<p>As \u00faltimas inscri\u00e7\u00f5es podem ser realizadas pelo&nbsp;<a href=\"https:\/\/bit.ly\/ForumDiagnosticoPrecoce\" target=\"_blank\" rel=\"noreferrer noopener\">https:\/\/bit.ly\/ForumDiagnosticoPrecoce<\/a>, que tamb\u00e9m est\u00e1 dispon\u00edvel na bio do Instagram da institui\u00e7\u00e3o (@casadurvalpaiva). A confirma\u00e7\u00e3o da vaga se dar\u00e1 mediante a doa\u00e7\u00e3o de 01 hidratante infantil, que poder\u00e1 ser entregue no dia do F\u00f3rum.<\/p>\n\n\n\n<p>O F\u00f3rum faz parte da Campanha Diagn\u00f3stico Precoce, promovida anualmente pela Casa Durval Paiva, em todo o Rio Grande do Norte, como forma de sensibilizar a sociedade.<\/p>\n\n\n\n<p>Na programa\u00e7\u00e3o, palestras e mesas redondas sobre o tema. Dentre os convidados, estar\u00e3o presentes representantes da Secretaria da Sa\u00fade P\u00fablica (SESAP), Secretaria Municipal de Sa\u00fade (SMS), Liga Norteriograndense, Hospital Infantil Varela Santiago e da Frente Estadual Parlamentar de Defesa da Crian\u00e7a e Adolescente.<\/p>\n\n\n\n<p>As chances de cura do c\u00e2ncer infantojuvenil s\u00e3o de at\u00e9 80%, se for diagnosticado precocemente. Mais informa\u00e7\u00f5es, atrav\u00e9s do&nbsp;(84) 4006-1600.<\/p>\n\n\n\n<p><strong>SERVI\u00c7O:<\/strong><br>DATA:  23\/11\/2023<br>LOCAL: AUDIT\u00d3RIO DA UNIFACEX  <br>HOR\u00c1RIO:  08H \u00c0S 12H<br>ENDERE\u00c7O: AVENIDA MARECHAL DEODORO DA FONSECA, 540 &#8211; PETR\u00d3POLIS, RN<\/p>\n","protected":false},"excerpt":{"rendered":"<p>A Casa Durval Paiva promover\u00e1, nesta quinta-feira (23), o XVIII F\u00f3rum do Diagn\u00f3stico Precoce. O evento, que ser\u00e1 alusivo ao Dia Nacional Do Combate ao C\u00e2ncer Infantojuvenil (DNCCI), acontecer\u00e1 no audit\u00f3rio da Unifacex &#8211; Centro, das 8h \u00e0s 12h, com o objetivo de disseminar informa\u00e7\u00f5es acerca do c\u00e2ncer infantojuvenil para profissionais e estudantes da sa\u00fade, [&hellip;]<\/p>\n","protected":false},"author":1,"featured_media":0,"comment_status":"open","ping_status":"open","sticky":false,"template":"","format":"standard","meta":{"cybocfi_hide_featured_image":"","_jetpack_memberships_contains_paid_content":false,"footnotes":""},"categories":[1],"tags":[],"class_list":["post-2178","post","type-post","status-publish","format-standard","hentry","category-diversos"],"yoast_head":"<!-- This site is optimized with the Yoast SEO plugin v25.6 - https:\/\/yoast.com\/wordpress\/plugins\/seo\/ -->\n<title>XVIII F\u00f3rum do Diagn\u00f3stico Precoce da Casa Durval Paiva acontece nesta quinta-feira (23) - Blog do Bispo<\/title>\n<meta name=\"robots\" content=\"index, follow, max-snippet:-1, max-image-preview:large, max-video-preview:-1\" \/>\n<link rel=\"canonical\" href=\"https:\/\/blogdobispo.com.br\/?p=2178\" \/>\n<meta property=\"og:locale\" content=\"pt_BR\" \/>\n<meta property=\"og:type\" content=\"article\" \/>\n<meta property=\"og:title\" content=\"XVIII F\u00f3rum do Diagn\u00f3stico Precoce da Casa Durval Paiva acontece nesta quinta-feira (23) - Blog do Bispo\" \/>\n<meta property=\"og:description\" content=\"A Casa Durval Paiva promover\u00e1, nesta quinta-feira (23), o XVIII F\u00f3rum do Diagn\u00f3stico Precoce. O evento, que ser\u00e1 alusivo ao Dia Nacional Do Combate ao C\u00e2ncer Infantojuvenil (DNCCI), acontecer\u00e1 no audit\u00f3rio da Unifacex &#8211; Centro, das 8h \u00e0s 12h, com o objetivo de disseminar informa\u00e7\u00f5es acerca do c\u00e2ncer infantojuvenil para profissionais e estudantes da sa\u00fade, [&hellip;]\" \/>\n<meta property=\"og:url\" content=\"https:\/\/blogdobispo.com.br\/?p=2178\" \/>\n<meta property=\"og:site_name\" content=\"Blog do Bispo\" \/>\n<meta property=\"article:published_time\" content=\"2023-11-21T01:10:18+00:00\" \/>\n<meta property=\"og:image\" content=\"https:\/\/blogdobispo.com.br\/wp-content\/uploads\/2023\/11\/xviii-forum-do-diagnostico-precoce-da-casa-durval-paiva.png\" \/>\n<meta name=\"author\" content=\"Jefferson Sterfeno\" \/>\n<meta name=\"twitter:card\" content=\"summary_large_image\" \/>\n<meta name=\"twitter:label1\" content=\"Escrito por\" \/>\n\t<meta name=\"twitter:data1\" content=\"Jefferson Sterfeno\" \/>\n\t<meta name=\"twitter:label2\" content=\"Est. tempo de leitura\" \/>\n\t<meta name=\"twitter:data2\" content=\"1 minuto\" \/>\n<script type=\"application\/ld+json\" class=\"yoast-schema-graph\">{\"@context\":\"https:\/\/schema.org\",\"@graph\":[{\"@type\":\"Article\",\"@id\":\"https:\/\/blogdobispo.com.br\/?p=2178#article\",\"isPartOf\":{\"@id\":\"https:\/\/blogdobispo.com.br\/?p=2178\"},\"author\":{\"name\":\"Jefferson Sterfeno\",\"@id\":\"https:\/\/blogdobispo.com.br\/#\/schema\/person\/e2209cc0e6cea5c5233d033e997b373f\"},\"headline\":\"XVIII F\u00f3rum do Diagn\u00f3stico Precoce da Casa Durval Paiva acontece nesta quinta-feira (23)\",\"datePublished\":\"2023-11-21T01:10:18+00:00\",\"mainEntityOfPage\":{\"@id\":\"https:\/\/blogdobispo.com.br\/?p=2178\"},\"wordCount\":258,\"commentCount\":0,\"publisher\":{\"@id\":\"https:\/\/blogdobispo.com.br\/#organization\"},\"image\":{\"@id\":\"https:\/\/blogdobispo.com.br\/?p=2178#primaryimage\"},\"thumbnailUrl\":\"https:\/\/blogdobispo.com.br\/wp-content\/uploads\/2023\/11\/xviii-forum-do-diagnostico-precoce-da-casa-durval-paiva.png\",\"articleSection\":[\"diversos\"],\"inLanguage\":\"pt-BR\",\"potentialAction\":[{\"@type\":\"CommentAction\",\"name\":\"Comment\",\"target\":[\"https:\/\/blogdobispo.com.br\/?p=2178#respond\"]}]},{\"@type\":\"WebPage\",\"@id\":\"https:\/\/blogdobispo.com.br\/?p=2178\",\"url\":\"https:\/\/blogdobispo.com.br\/?p=2178\",\"name\":\"XVIII F\u00f3rum do Diagn\u00f3stico Precoce da Casa Durval Paiva acontece nesta quinta-feira (23) - Blog do Bispo\",\"isPartOf\":{\"@id\":\"https:\/\/blogdobispo.com.br\/#website\"},\"primaryImageOfPage\":{\"@id\":\"https:\/\/blogdobispo.com.br\/?p=2178#primaryimage\"},\"image\":{\"@id\":\"https:\/\/blogdobispo.com.br\/?p=2178#primaryimage\"},\"thumbnailUrl\":\"https:\/\/blogdobispo.com.br\/wp-content\/uploads\/2023\/11\/xviii-forum-do-diagnostico-precoce-da-casa-durval-paiva.png\",\"datePublished\":\"2023-11-21T01:10:18+00:00\",\"breadcrumb\":{\"@id\":\"https:\/\/blogdobispo.com.br\/?p=2178#breadcrumb\"},\"inLanguage\":\"pt-BR\",\"potentialAction\":[{\"@type\":\"ReadAction\",\"target\":[\"https:\/\/blogdobispo.com.br\/?p=2178\"]}]},{\"@type\":\"ImageObject\",\"inLanguage\":\"pt-BR\",\"@id\":\"https:\/\/blogdobispo.com.br\/?p=2178#primaryimage\",\"url\":\"https:\/\/blogdobispo.com.br\/wp-content\/uploads\/2023\/11\/xviii-forum-do-diagnostico-precoce-da-casa-durval-paiva.png\",\"contentUrl\":\"https:\/\/blogdobispo.com.br\/wp-content\/uploads\/2023\/11\/xviii-forum-do-diagnostico-precoce-da-casa-durval-paiva.png\"},{\"@type\":\"BreadcrumbList\",\"@id\":\"https:\/\/blogdobispo.com.br\/?p=2178#breadcrumb\",\"itemListElement\":[{\"@type\":\"ListItem\",\"position\":1,\"name\":\"In\u00edcio\",\"item\":\"https:\/\/blogdobispo.com.br\/\"},{\"@type\":\"ListItem\",\"position\":2,\"name\":\"XVIII F\u00f3rum do Diagn\u00f3stico Precoce da Casa Durval Paiva acontece nesta quinta-feira (23)\"}]},{\"@type\":\"WebSite\",\"@id\":\"https:\/\/blogdobispo.com.br\/#website\",\"url\":\"https:\/\/blogdobispo.com.br\/\",\"name\":\"Blog do Bispo\",\"description\":\"Comprometido apenas com o leitor\",\"publisher\":{\"@id\":\"https:\/\/blogdobispo.com.br\/#organization\"},\"potentialAction\":[{\"@type\":\"SearchAction\",\"target\":{\"@type\":\"EntryPoint\",\"urlTemplate\":\"https:\/\/blogdobispo.com.br\/?s={search_term_string}\"},\"query-input\":{\"@type\":\"PropertyValueSpecification\",\"valueRequired\":true,\"valueName\":\"search_term_string\"}}],\"inLanguage\":\"pt-BR\"},{\"@type\":\"Organization\",\"@id\":\"https:\/\/blogdobispo.com.br\/#organization\",\"name\":\"Blog do Bispo\",\"url\":\"https:\/\/blogdobispo.com.br\/\",\"logo\":{\"@type\":\"ImageObject\",\"inLanguage\":\"pt-BR\",\"@id\":\"https:\/\/blogdobispo.com.br\/#\/schema\/logo\/image\/\",\"url\":\"http:\/\/blogdobispo.com.br\/wp-content\/uploads\/2023\/05\/cropped-headear.png\",\"contentUrl\":\"http:\/\/blogdobispo.com.br\/wp-content\/uploads\/2023\/05\/cropped-headear.png\",\"width\":1500,\"height\":399,\"caption\":\"Blog do Bispo\"},\"image\":{\"@id\":\"https:\/\/blogdobispo.com.br\/#\/schema\/logo\/image\/\"}},{\"@type\":\"Person\",\"@id\":\"https:\/\/blogdobispo.com.br\/#\/schema\/person\/e2209cc0e6cea5c5233d033e997b373f\",\"name\":\"Jefferson Sterfeno\",\"image\":{\"@type\":\"ImageObject\",\"inLanguage\":\"pt-BR\",\"@id\":\"https:\/\/blogdobispo.com.br\/#\/schema\/person\/image\/\",\"url\":\"https:\/\/secure.gravatar.com\/avatar\/0534e84764641168a677026b6d57a3f51dc7ac4db0b4f6186d9cb330d4ee1160?s=96&d=mm&r=g\",\"contentUrl\":\"https:\/\/secure.gravatar.com\/avatar\/0534e84764641168a677026b6d57a3f51dc7ac4db0b4f6186d9cb330d4ee1160?s=96&d=mm&r=g\",\"caption\":\"Jefferson Sterfeno\"},\"sameAs\":[\"http:\/\/blogdobispo.com.br\"],\"url\":\"https:\/\/blogdobispo.com.br\/?author=1\"}]}<\/script>\n<!-- \/ Yoast SEO plugin. -->","yoast_head_json":{"title":"XVIII F\u00f3rum do Diagn\u00f3stico Precoce da Casa Durval Paiva acontece nesta quinta-feira (23) - Blog do Bispo","robots":{"index":"index","follow":"follow","max-snippet":"max-snippet:-1","max-image-preview":"max-image-preview:large","max-video-preview":"max-video-preview:-1"},"canonical":"https:\/\/blogdobispo.com.br\/?p=2178","og_locale":"pt_BR","og_type":"article","og_title":"XVIII F\u00f3rum do Diagn\u00f3stico Precoce da Casa Durval Paiva acontece nesta quinta-feira (23) - Blog do Bispo","og_description":"A Casa Durval Paiva promover\u00e1, nesta quinta-feira (23), o XVIII F\u00f3rum do Diagn\u00f3stico Precoce. O evento, que ser\u00e1 alusivo ao Dia Nacional Do Combate ao C\u00e2ncer Infantojuvenil (DNCCI), acontecer\u00e1 no audit\u00f3rio da Unifacex &#8211; Centro, das 8h \u00e0s 12h, com o objetivo de disseminar informa\u00e7\u00f5es acerca do c\u00e2ncer infantojuvenil para profissionais e estudantes da sa\u00fade, [&hellip;]","og_url":"https:\/\/blogdobispo.com.br\/?p=2178","og_site_name":"Blog do Bispo","article_published_time":"2023-11-21T01:10:18+00:00","og_image":[{"url":"https:\/\/blogdobispo.com.br\/wp-content\/uploads\/2023\/11\/xviii-forum-do-diagnostico-precoce-da-casa-durval-paiva.png","type":"","width":"","height":""}],"author":"Jefferson Sterfeno","twitter_card":"summary_large_image","twitter_misc":{"Escrito por":"Jefferson Sterfeno","Est. tempo de leitura":"1 minuto"},"schema":{"@context":"https:\/\/schema.org","@graph":[{"@type":"Article","@id":"https:\/\/blogdobispo.com.br\/?p=2178#article","isPartOf":{"@id":"https:\/\/blogdobispo.com.br\/?p=2178"},"author":{"name":"Jefferson Sterfeno","@id":"https:\/\/blogdobispo.com.br\/#\/schema\/person\/e2209cc0e6cea5c5233d033e997b373f"},"headline":"XVIII F\u00f3rum do Diagn\u00f3stico Precoce da Casa Durval Paiva acontece nesta quinta-feira (23)","datePublished":"2023-11-21T01:10:18+00:00","mainEntityOfPage":{"@id":"https:\/\/blogdobispo.com.br\/?p=2178"},"wordCount":258,"commentCount":0,"publisher":{"@id":"https:\/\/blogdobispo.com.br\/#organization"},"image":{"@id":"https:\/\/blogdobispo.com.br\/?p=2178#primaryimage"},"thumbnailUrl":"https:\/\/blogdobispo.com.br\/wp-content\/uploads\/2023\/11\/xviii-forum-do-diagnostico-precoce-da-casa-durval-paiva.png","articleSection":["diversos"],"inLanguage":"pt-BR","potentialAction":[{"@type":"CommentAction","name":"Comment","target":["https:\/\/blogdobispo.com.br\/?p=2178#respond"]}]},{"@type":"WebPage","@id":"https:\/\/blogdobispo.com.br\/?p=2178","url":"https:\/\/blogdobispo.com.br\/?p=2178","name":"XVIII F\u00f3rum do Diagn\u00f3stico Precoce da Casa Durval Paiva acontece nesta quinta-feira (23) - Blog do Bispo","isPartOf":{"@id":"https:\/\/blogdobispo.com.br\/#website"},"primaryImageOfPage":{"@id":"https:\/\/blogdobispo.com.br\/?p=2178#primaryimage"},"image":{"@id":"https:\/\/blogdobispo.com.br\/?p=2178#primaryimage"},"thumbnailUrl":"https:\/\/blogdobispo.com.br\/wp-content\/uploads\/2023\/11\/xviii-forum-do-diagnostico-precoce-da-casa-durval-paiva.png","datePublished":"2023-11-21T01:10:18+00:00","breadcrumb":{"@id":"https:\/\/blogdobispo.com.br\/?p=2178#breadcrumb"},"inLanguage":"pt-BR","potentialAction":[{"@type":"ReadAction","target":["https:\/\/blogdobispo.com.br\/?p=2178"]}]},{"@type":"ImageObject","inLanguage":"pt-BR","@id":"https:\/\/blogdobispo.com.br\/?p=2178#primaryimage","url":"https:\/\/blogdobispo.com.br\/wp-content\/uploads\/2023\/11\/xviii-forum-do-diagnostico-precoce-da-casa-durval-paiva.png","contentUrl":"https:\/\/blogdobispo.com.br\/wp-content\/uploads\/2023\/11\/xviii-forum-do-diagnostico-precoce-da-casa-durval-paiva.png"},{"@type":"BreadcrumbList","@id":"https:\/\/blogdobispo.com.br\/?p=2178#breadcrumb","itemListElement":[{"@type":"ListItem","position":1,"name":"In\u00edcio","item":"https:\/\/blogdobispo.com.br\/"},{"@type":"ListItem","position":2,"name":"XVIII F\u00f3rum do Diagn\u00f3stico Precoce da Casa Durval Paiva acontece nesta quinta-feira (23)"}]},{"@type":"WebSite","@id":"https:\/\/blogdobispo.com.br\/#website","url":"https:\/\/blogdobispo.com.br\/","name":"Blog do Bispo","description":"Comprometido apenas com o leitor","publisher":{"@id":"https:\/\/blogdobispo.com.br\/#organization"},"potentialAction":[{"@type":"SearchAction","target":{"@type":"EntryPoint","urlTemplate":"https:\/\/blogdobispo.com.br\/?s={search_term_string}"},"query-input":{"@type":"PropertyValueSpecification","valueRequired":true,"valueName":"search_term_string"}}],"inLanguage":"pt-BR"},{"@type":"Organization","@id":"https:\/\/blogdobispo.com.br\/#organization","name":"Blog do Bispo","url":"https:\/\/blogdobispo.com.br\/","logo":{"@type":"ImageObject","inLanguage":"pt-BR","@id":"https:\/\/blogdobispo.com.br\/#\/schema\/logo\/image\/","url":"http:\/\/blogdobispo.com.br\/wp-content\/uploads\/2023\/05\/cropped-headear.png","contentUrl":"http:\/\/blogdobispo.com.br\/wp-content\/uploads\/2023\/05\/cropped-headear.png","width":1500,"height":399,"caption":"Blog do Bispo"},"image":{"@id":"https:\/\/blogdobispo.com.br\/#\/schema\/logo\/image\/"}},{"@type":"Person","@id":"https:\/\/blogdobispo.com.br\/#\/schema\/person\/e2209cc0e6cea5c5233d033e997b373f","name":"Jefferson Sterfeno","image":{"@type":"ImageObject","inLanguage":"pt-BR","@id":"https:\/\/blogdobispo.com.br\/#\/schema\/person\/image\/","url":"https:\/\/secure.gravatar.com\/avatar\/0534e84764641168a677026b6d57a3f51dc7ac4db0b4f6186d9cb330d4ee1160?s=96&d=mm&r=g","contentUrl":"https:\/\/secure.gravatar.com\/avatar\/0534e84764641168a677026b6d57a3f51dc7ac4db0b4f6186d9cb330d4ee1160?s=96&d=mm&r=g","caption":"Jefferson Sterfeno"},"sameAs":["http:\/\/blogdobispo.com.br"],"url":"https:\/\/blogdobispo.com.br\/?author=1"}]}},"featured_image_urls":{"full":"","thumbnail":"","medium":"","medium_large":"","large":"","1536x1536":"","2048x2048":""},"author_info":{"display_name":"Jefferson Sterfeno","author_link":"https:\/\/blogdobispo.com.br\/?author=1"},"category_info":"<a href=\"https:\/\/blogdobispo.com.br\/?cat=1\" rel=\"category\">diversos<\/a>","tag_info":"diversos","comment_count":"0","jetpack_featured_media_url":"","jetpack_sharing_enabled":true,"_links":{"self":[{"href":"https:\/\/blogdobispo.com.br\/index.php?rest_route=\/wp\/v2\/posts\/2178","targetHints":{"allow":["GET"]}}],"collection":[{"href":"https:\/\/blogdobispo.com.br\/index.php?rest_route=\/wp\/v2\/posts"}],"about":[{"href":"https:\/\/blogdobispo.com.br\/index.php?rest_route=\/wp\/v2\/types\/post"}],"author":[{"embeddable":true,"href":"https:\/\/blogdobispo.com.br\/index.php?rest_route=\/wp\/v2\/users\/1"}],"replies":[{"embeddable":true,"href":"https:\/\/blogdobispo.com.br\/index.php?rest_route=%2Fwp%2Fv2%2Fcomments&post=2178"}],"version-history":[{"count":0,"href":"https:\/\/blogdobispo.com.br\/index.php?rest_route=\/wp\/v2\/posts\/2178\/revisions"}],"wp:attachment":[{"href":"https:\/\/blogdobispo.com.br\/index.php?rest_route=%2Fwp%2Fv2%2Fmedia&parent=2178"}],"wp:term":[{"taxonomy":"category","embeddable":true,"href":"https:\/\/blogdobispo.com.br\/index.php?rest_route=%2Fwp%2Fv2%2Fcategories&post=2178"},{"taxonomy":"post_tag","embeddable":true,"href":"https:\/\/blogdobispo.com.br\/index.php?rest_route=%2Fwp%2Fv2%2Ftags&post=2178"}],"curies":[{"name":"wp","href":"https:\/\/api.w.org\/{rel}","templated":true}]}}