{"id":2160,"date":"2023-11-19T23:40:11","date_gmt":"2023-11-19T23:40:11","guid":{"rendered":"https:\/\/blogdobispo.com.br\/?p=2160"},"modified":"2023-11-19T23:40:11","modified_gmt":"2023-11-19T23:40:11","slug":"javier-milei-e-eleito-presidente-da-argentina","status":"publish","type":"post","link":"https:\/\/blogdobispo.com.br\/?p=2160","title":{"rendered":"Javier Milei \u00e9 eleito presidente da Argentina"},"content":{"rendered":"\n<figure class=\"wp-block-image size-large\"><img data-recalc-dims=\"1\" fetchpriority=\"high\" decoding=\"async\" width=\"800\" height=\"533\" src=\"https:\/\/i0.wp.com\/blogdobispo.com.br\/wp-content\/uploads\/2023\/11\/img_3890-1.jpg?resize=800%2C533&#038;ssl=1\" class=\"wp-image-2159\" srcset=\"https:\/\/i0.wp.com\/blogdobispo.com.br\/wp-content\/uploads\/2023\/11\/img_3890-1.jpg?w=984&amp;ssl=1 984w, https:\/\/i0.wp.com\/blogdobispo.com.br\/wp-content\/uploads\/2023\/11\/img_3890-1.jpg?resize=300%2C200&amp;ssl=1 300w, https:\/\/i0.wp.com\/blogdobispo.com.br\/wp-content\/uploads\/2023\/11\/img_3890-1.jpg?resize=768%2C512&amp;ssl=1 768w\" sizes=\"(max-width: 800px) 100vw, 800px\" \/><\/figure>\n\n\n\n<p>O economista ultraliberal Javier Milei, do partido A Liberdade Avan\u00e7a, venceu, neste domingo (19), a elei\u00e7\u00e3o para a Presid\u00eancia da&nbsp;<a class=\"\" href=\"https:\/\/g1.globo.com\/tudo-sobre\/argentina\/\">Argentina<\/a>. Com 86% das urnas apuradas, Milei foi eleito com 55,95% dos votos.&nbsp;<\/p>\n\n\n\n<p>Com 44,04%, Sergio Massa, candidato da coliga\u00e7\u00e3o governista e atual ministro da Economia,&nbsp;<a class=\"\" href=\"https:\/\/g1.globo.com\/mundo\/ao-vivo\/eleicao-na-argentina-resultados-segundo-turno-massa-x-milei.ghtml\">reconheceu a vit\u00f3ria de Milei em discurso<\/a>. Milei tomar\u00e1 posse em dezembro para 4 anos de mandato.&nbsp;<\/p>\n\n\n\n<p>A vit\u00f3ria de Milei foi uma virada, j\u00e1 que no primeiro turno Milei ficou em segundo lugar, atr\u00e1s de Massa.<\/p>\n\n\n\n<p>Aos 52 anos, Milei ser\u00e1 o 52\u00ba presidente do pa\u00eds e ter\u00e1 que enfrentar a pior crise econ\u00f4mica em d\u00e9cadas, com a maior infla\u00e7\u00e3o em mais de 30 anos, dois quintos da popula\u00e7\u00e3o vivendo na pobreza e forte desvaloriza\u00e7\u00e3o cambial. Desafios agravados por uma d\u00edvida externa bilion\u00e1ria e pela falta de reservas internacionais.&nbsp;<\/p>\n\n\n\n<p>Durante a campanha, ele encampou propostas radicais para atacar esses problemas, como promover a dolariza\u00e7\u00e3o da economia Argentina e acabar com o Banco Central do pa\u00eds.&nbsp;<\/p>\n\n\n\n<h2 class=\"wp-block-heading\">Quem \u00e9 Javier Milei<\/h2>\n\n\n\n<p>Economista de forma\u00e7\u00e3o, Milei se promove como um nome de fora da pol\u00edtica tradicional que diz querer combater o que chama de &#8220;casta pol\u00edtica&#8221; da Argentina.<\/p>\n\n\n\n<p>G1<\/p>\n","protected":false},"excerpt":{"rendered":"<p>O economista ultraliberal Javier Milei, do partido A Liberdade Avan\u00e7a, venceu, neste domingo (19), a elei\u00e7\u00e3o para a Presid\u00eancia da&nbsp;Argentina. Com 86% das urnas apuradas, Milei foi eleito com 55,95% dos votos.&nbsp; Com 44,04%, Sergio Massa, candidato da coliga\u00e7\u00e3o governista e atual ministro da Economia,&nbsp;reconheceu a vit\u00f3ria de Milei em discurso. Milei tomar\u00e1 posse em [&hellip;]<\/p>\n","protected":false},"author":1,"featured_media":0,"comment_status":"open","ping_status":"open","sticky":false,"template":"","format":"standard","meta":{"cybocfi_hide_featured_image":"","_jetpack_memberships_contains_paid_content":false,"footnotes":""},"categories":[1],"tags":[],"class_list":["post-2160","post","type-post","status-publish","format-standard","hentry","category-diversos"],"yoast_head":"<!-- This site is optimized with the Yoast SEO plugin v25.6 - https:\/\/yoast.com\/wordpress\/plugins\/seo\/ -->\n<title>Javier Milei \u00e9 eleito presidente da Argentina - Blog do Bispo<\/title>\n<meta name=\"robots\" content=\"index, follow, max-snippet:-1, max-image-preview:large, max-video-preview:-1\" \/>\n<link rel=\"canonical\" href=\"https:\/\/blogdobispo.com.br\/?p=2160\" \/>\n<meta property=\"og:locale\" content=\"pt_BR\" \/>\n<meta property=\"og:type\" content=\"article\" \/>\n<meta property=\"og:title\" content=\"Javier Milei \u00e9 eleito presidente da Argentina - Blog do Bispo\" \/>\n<meta property=\"og:description\" content=\"O economista ultraliberal Javier Milei, do partido A Liberdade Avan\u00e7a, venceu, neste domingo (19), a elei\u00e7\u00e3o para a Presid\u00eancia da&nbsp;Argentina. Com 86% das urnas apuradas, Milei foi eleito com 55,95% dos votos.&nbsp; Com 44,04%, Sergio Massa, candidato da coliga\u00e7\u00e3o governista e atual ministro da Economia,&nbsp;reconheceu a vit\u00f3ria de Milei em discurso. Milei tomar\u00e1 posse em [&hellip;]\" \/>\n<meta property=\"og:url\" content=\"https:\/\/blogdobispo.com.br\/?p=2160\" \/>\n<meta property=\"og:site_name\" content=\"Blog do Bispo\" \/>\n<meta property=\"article:published_time\" content=\"2023-11-19T23:40:11+00:00\" \/>\n<meta property=\"og:image\" content=\"https:\/\/blogdobispo.com.br\/wp-content\/uploads\/2023\/11\/img_3890-1.jpg\" \/>\n<meta name=\"author\" content=\"Jefferson Sterfeno\" \/>\n<meta name=\"twitter:card\" content=\"summary_large_image\" \/>\n<meta name=\"twitter:label1\" content=\"Escrito por\" \/>\n\t<meta name=\"twitter:data1\" content=\"Jefferson Sterfeno\" \/>\n\t<meta name=\"twitter:label2\" content=\"Est. tempo de leitura\" \/>\n\t<meta name=\"twitter:data2\" content=\"1 minuto\" \/>\n<script type=\"application\/ld+json\" class=\"yoast-schema-graph\">{\"@context\":\"https:\/\/schema.org\",\"@graph\":[{\"@type\":\"Article\",\"@id\":\"https:\/\/blogdobispo.com.br\/?p=2160#article\",\"isPartOf\":{\"@id\":\"https:\/\/blogdobispo.com.br\/?p=2160\"},\"author\":{\"name\":\"Jefferson Sterfeno\",\"@id\":\"https:\/\/blogdobispo.com.br\/#\/schema\/person\/e2209cc0e6cea5c5233d033e997b373f\"},\"headline\":\"Javier Milei \u00e9 eleito presidente da Argentina\",\"datePublished\":\"2023-11-19T23:40:11+00:00\",\"mainEntityOfPage\":{\"@id\":\"https:\/\/blogdobispo.com.br\/?p=2160\"},\"wordCount\":216,\"commentCount\":0,\"publisher\":{\"@id\":\"https:\/\/blogdobispo.com.br\/#organization\"},\"image\":{\"@id\":\"https:\/\/blogdobispo.com.br\/?p=2160#primaryimage\"},\"thumbnailUrl\":\"https:\/\/blogdobispo.com.br\/wp-content\/uploads\/2023\/11\/img_3890-1.jpg\",\"articleSection\":[\"diversos\"],\"inLanguage\":\"pt-BR\",\"potentialAction\":[{\"@type\":\"CommentAction\",\"name\":\"Comment\",\"target\":[\"https:\/\/blogdobispo.com.br\/?p=2160#respond\"]}]},{\"@type\":\"WebPage\",\"@id\":\"https:\/\/blogdobispo.com.br\/?p=2160\",\"url\":\"https:\/\/blogdobispo.com.br\/?p=2160\",\"name\":\"Javier Milei \u00e9 eleito presidente da Argentina - Blog do Bispo\",\"isPartOf\":{\"@id\":\"https:\/\/blogdobispo.com.br\/#website\"},\"primaryImageOfPage\":{\"@id\":\"https:\/\/blogdobispo.com.br\/?p=2160#primaryimage\"},\"image\":{\"@id\":\"https:\/\/blogdobispo.com.br\/?p=2160#primaryimage\"},\"thumbnailUrl\":\"https:\/\/blogdobispo.com.br\/wp-content\/uploads\/2023\/11\/img_3890-1.jpg\",\"datePublished\":\"2023-11-19T23:40:11+00:00\",\"breadcrumb\":{\"@id\":\"https:\/\/blogdobispo.com.br\/?p=2160#breadcrumb\"},\"inLanguage\":\"pt-BR\",\"potentialAction\":[{\"@type\":\"ReadAction\",\"target\":[\"https:\/\/blogdobispo.com.br\/?p=2160\"]}]},{\"@type\":\"ImageObject\",\"inLanguage\":\"pt-BR\",\"@id\":\"https:\/\/blogdobispo.com.br\/?p=2160#primaryimage\",\"url\":\"https:\/\/blogdobispo.com.br\/wp-content\/uploads\/2023\/11\/img_3890-1.jpg\",\"contentUrl\":\"https:\/\/blogdobispo.com.br\/wp-content\/uploads\/2023\/11\/img_3890-1.jpg\"},{\"@type\":\"BreadcrumbList\",\"@id\":\"https:\/\/blogdobispo.com.br\/?p=2160#breadcrumb\",\"itemListElement\":[{\"@type\":\"ListItem\",\"position\":1,\"name\":\"In\u00edcio\",\"item\":\"https:\/\/blogdobispo.com.br\/\"},{\"@type\":\"ListItem\",\"position\":2,\"name\":\"Javier Milei \u00e9 eleito presidente da Argentina\"}]},{\"@type\":\"WebSite\",\"@id\":\"https:\/\/blogdobispo.com.br\/#website\",\"url\":\"https:\/\/blogdobispo.com.br\/\",\"name\":\"Blog do Bispo\",\"description\":\"Comprometido apenas com o leitor\",\"publisher\":{\"@id\":\"https:\/\/blogdobispo.com.br\/#organization\"},\"potentialAction\":[{\"@type\":\"SearchAction\",\"target\":{\"@type\":\"EntryPoint\",\"urlTemplate\":\"https:\/\/blogdobispo.com.br\/?s={search_term_string}\"},\"query-input\":{\"@type\":\"PropertyValueSpecification\",\"valueRequired\":true,\"valueName\":\"search_term_string\"}}],\"inLanguage\":\"pt-BR\"},{\"@type\":\"Organization\",\"@id\":\"https:\/\/blogdobispo.com.br\/#organization\",\"name\":\"Blog do Bispo\",\"url\":\"https:\/\/blogdobispo.com.br\/\",\"logo\":{\"@type\":\"ImageObject\",\"inLanguage\":\"pt-BR\",\"@id\":\"https:\/\/blogdobispo.com.br\/#\/schema\/logo\/image\/\",\"url\":\"http:\/\/blogdobispo.com.br\/wp-content\/uploads\/2023\/05\/cropped-headear.png\",\"contentUrl\":\"http:\/\/blogdobispo.com.br\/wp-content\/uploads\/2023\/05\/cropped-headear.png\",\"width\":1500,\"height\":399,\"caption\":\"Blog do Bispo\"},\"image\":{\"@id\":\"https:\/\/blogdobispo.com.br\/#\/schema\/logo\/image\/\"}},{\"@type\":\"Person\",\"@id\":\"https:\/\/blogdobispo.com.br\/#\/schema\/person\/e2209cc0e6cea5c5233d033e997b373f\",\"name\":\"Jefferson Sterfeno\",\"image\":{\"@type\":\"ImageObject\",\"inLanguage\":\"pt-BR\",\"@id\":\"https:\/\/blogdobispo.com.br\/#\/schema\/person\/image\/\",\"url\":\"https:\/\/secure.gravatar.com\/avatar\/0534e84764641168a677026b6d57a3f51dc7ac4db0b4f6186d9cb330d4ee1160?s=96&d=mm&r=g\",\"contentUrl\":\"https:\/\/secure.gravatar.com\/avatar\/0534e84764641168a677026b6d57a3f51dc7ac4db0b4f6186d9cb330d4ee1160?s=96&d=mm&r=g\",\"caption\":\"Jefferson Sterfeno\"},\"sameAs\":[\"http:\/\/blogdobispo.com.br\"],\"url\":\"https:\/\/blogdobispo.com.br\/?author=1\"}]}<\/script>\n<!-- \/ Yoast SEO plugin. -->","yoast_head_json":{"title":"Javier Milei \u00e9 eleito presidente da Argentina - Blog do Bispo","robots":{"index":"index","follow":"follow","max-snippet":"max-snippet:-1","max-image-preview":"max-image-preview:large","max-video-preview":"max-video-preview:-1"},"canonical":"https:\/\/blogdobispo.com.br\/?p=2160","og_locale":"pt_BR","og_type":"article","og_title":"Javier Milei \u00e9 eleito presidente da Argentina - Blog do Bispo","og_description":"O economista ultraliberal Javier Milei, do partido A Liberdade Avan\u00e7a, venceu, neste domingo (19), a elei\u00e7\u00e3o para a Presid\u00eancia da&nbsp;Argentina. Com 86% das urnas apuradas, Milei foi eleito com 55,95% dos votos.&nbsp; Com 44,04%, Sergio Massa, candidato da coliga\u00e7\u00e3o governista e atual ministro da Economia,&nbsp;reconheceu a vit\u00f3ria de Milei em discurso. Milei tomar\u00e1 posse em [&hellip;]","og_url":"https:\/\/blogdobispo.com.br\/?p=2160","og_site_name":"Blog do Bispo","article_published_time":"2023-11-19T23:40:11+00:00","og_image":[{"url":"https:\/\/blogdobispo.com.br\/wp-content\/uploads\/2023\/11\/img_3890-1.jpg","type":"","width":"","height":""}],"author":"Jefferson Sterfeno","twitter_card":"summary_large_image","twitter_misc":{"Escrito por":"Jefferson Sterfeno","Est. tempo de leitura":"1 minuto"},"schema":{"@context":"https:\/\/schema.org","@graph":[{"@type":"Article","@id":"https:\/\/blogdobispo.com.br\/?p=2160#article","isPartOf":{"@id":"https:\/\/blogdobispo.com.br\/?p=2160"},"author":{"name":"Jefferson Sterfeno","@id":"https:\/\/blogdobispo.com.br\/#\/schema\/person\/e2209cc0e6cea5c5233d033e997b373f"},"headline":"Javier Milei \u00e9 eleito presidente da Argentina","datePublished":"2023-11-19T23:40:11+00:00","mainEntityOfPage":{"@id":"https:\/\/blogdobispo.com.br\/?p=2160"},"wordCount":216,"commentCount":0,"publisher":{"@id":"https:\/\/blogdobispo.com.br\/#organization"},"image":{"@id":"https:\/\/blogdobispo.com.br\/?p=2160#primaryimage"},"thumbnailUrl":"https:\/\/blogdobispo.com.br\/wp-content\/uploads\/2023\/11\/img_3890-1.jpg","articleSection":["diversos"],"inLanguage":"pt-BR","potentialAction":[{"@type":"CommentAction","name":"Comment","target":["https:\/\/blogdobispo.com.br\/?p=2160#respond"]}]},{"@type":"WebPage","@id":"https:\/\/blogdobispo.com.br\/?p=2160","url":"https:\/\/blogdobispo.com.br\/?p=2160","name":"Javier Milei \u00e9 eleito presidente da Argentina - Blog do Bispo","isPartOf":{"@id":"https:\/\/blogdobispo.com.br\/#website"},"primaryImageOfPage":{"@id":"https:\/\/blogdobispo.com.br\/?p=2160#primaryimage"},"image":{"@id":"https:\/\/blogdobispo.com.br\/?p=2160#primaryimage"},"thumbnailUrl":"https:\/\/blogdobispo.com.br\/wp-content\/uploads\/2023\/11\/img_3890-1.jpg","datePublished":"2023-11-19T23:40:11+00:00","breadcrumb":{"@id":"https:\/\/blogdobispo.com.br\/?p=2160#breadcrumb"},"inLanguage":"pt-BR","potentialAction":[{"@type":"ReadAction","target":["https:\/\/blogdobispo.com.br\/?p=2160"]}]},{"@type":"ImageObject","inLanguage":"pt-BR","@id":"https:\/\/blogdobispo.com.br\/?p=2160#primaryimage","url":"https:\/\/blogdobispo.com.br\/wp-content\/uploads\/2023\/11\/img_3890-1.jpg","contentUrl":"https:\/\/blogdobispo.com.br\/wp-content\/uploads\/2023\/11\/img_3890-1.jpg"},{"@type":"BreadcrumbList","@id":"https:\/\/blogdobispo.com.br\/?p=2160#breadcrumb","itemListElement":[{"@type":"ListItem","position":1,"name":"In\u00edcio","item":"https:\/\/blogdobispo.com.br\/"},{"@type":"ListItem","position":2,"name":"Javier Milei \u00e9 eleito presidente da Argentina"}]},{"@type":"WebSite","@id":"https:\/\/blogdobispo.com.br\/#website","url":"https:\/\/blogdobispo.com.br\/","name":"Blog do Bispo","description":"Comprometido apenas com o leitor","publisher":{"@id":"https:\/\/blogdobispo.com.br\/#organization"},"potentialAction":[{"@type":"SearchAction","target":{"@type":"EntryPoint","urlTemplate":"https:\/\/blogdobispo.com.br\/?s={search_term_string}"},"query-input":{"@type":"PropertyValueSpecification","valueRequired":true,"valueName":"search_term_string"}}],"inLanguage":"pt-BR"},{"@type":"Organization","@id":"https:\/\/blogdobispo.com.br\/#organization","name":"Blog do Bispo","url":"https:\/\/blogdobispo.com.br\/","logo":{"@type":"ImageObject","inLanguage":"pt-BR","@id":"https:\/\/blogdobispo.com.br\/#\/schema\/logo\/image\/","url":"http:\/\/blogdobispo.com.br\/wp-content\/uploads\/2023\/05\/cropped-headear.png","contentUrl":"http:\/\/blogdobispo.com.br\/wp-content\/uploads\/2023\/05\/cropped-headear.png","width":1500,"height":399,"caption":"Blog do Bispo"},"image":{"@id":"https:\/\/blogdobispo.com.br\/#\/schema\/logo\/image\/"}},{"@type":"Person","@id":"https:\/\/blogdobispo.com.br\/#\/schema\/person\/e2209cc0e6cea5c5233d033e997b373f","name":"Jefferson Sterfeno","image":{"@type":"ImageObject","inLanguage":"pt-BR","@id":"https:\/\/blogdobispo.com.br\/#\/schema\/person\/image\/","url":"https:\/\/secure.gravatar.com\/avatar\/0534e84764641168a677026b6d57a3f51dc7ac4db0b4f6186d9cb330d4ee1160?s=96&d=mm&r=g","contentUrl":"https:\/\/secure.gravatar.com\/avatar\/0534e84764641168a677026b6d57a3f51dc7ac4db0b4f6186d9cb330d4ee1160?s=96&d=mm&r=g","caption":"Jefferson Sterfeno"},"sameAs":["http:\/\/blogdobispo.com.br"],"url":"https:\/\/blogdobispo.com.br\/?author=1"}]}},"featured_image_urls":{"full":"","thumbnail":"","medium":"","medium_large":"","large":"","1536x1536":"","2048x2048":""},"author_info":{"display_name":"Jefferson Sterfeno","author_link":"https:\/\/blogdobispo.com.br\/?author=1"},"category_info":"<a href=\"https:\/\/blogdobispo.com.br\/?cat=1\" rel=\"category\">diversos<\/a>","tag_info":"diversos","comment_count":"0","jetpack_featured_media_url":"","jetpack_sharing_enabled":true,"_links":{"self":[{"href":"https:\/\/blogdobispo.com.br\/index.php?rest_route=\/wp\/v2\/posts\/2160","targetHints":{"allow":["GET"]}}],"collection":[{"href":"https:\/\/blogdobispo.com.br\/index.php?rest_route=\/wp\/v2\/posts"}],"about":[{"href":"https:\/\/blogdobispo.com.br\/index.php?rest_route=\/wp\/v2\/types\/post"}],"author":[{"embeddable":true,"href":"https:\/\/blogdobispo.com.br\/index.php?rest_route=\/wp\/v2\/users\/1"}],"replies":[{"embeddable":true,"href":"https:\/\/blogdobispo.com.br\/index.php?rest_route=%2Fwp%2Fv2%2Fcomments&post=2160"}],"version-history":[{"count":0,"href":"https:\/\/blogdobispo.com.br\/index.php?rest_route=\/wp\/v2\/posts\/2160\/revisions"}],"wp:attachment":[{"href":"https:\/\/blogdobispo.com.br\/index.php?rest_route=%2Fwp%2Fv2%2Fmedia&parent=2160"}],"wp:term":[{"taxonomy":"category","embeddable":true,"href":"https:\/\/blogdobispo.com.br\/index.php?rest_route=%2Fwp%2Fv2%2Fcategories&post=2160"},{"taxonomy":"post_tag","embeddable":true,"href":"https:\/\/blogdobispo.com.br\/index.php?rest_route=%2Fwp%2Fv2%2Ftags&post=2160"}],"curies":[{"name":"wp","href":"https:\/\/api.w.org\/{rel}","templated":true}]}}