{"id":2148,"date":"2023-11-16T18:59:40","date_gmt":"2023-11-16T18:59:40","guid":{"rendered":"https:\/\/blogdobispo.com.br\/?p=2148"},"modified":"2023-11-16T18:59:40","modified_gmt":"2023-11-16T18:59:40","slug":"tre-mantem-mandato-de-ubaldo-fernandes","status":"publish","type":"post","link":"https:\/\/blogdobispo.com.br\/?p=2148","title":{"rendered":"TRE mant\u00e9m mandato de Ubaldo Fernandes"},"content":{"rendered":"\n<figure class=\"wp-block-image size-large\"><img data-recalc-dims=\"1\" fetchpriority=\"high\" decoding=\"async\" width=\"800\" height=\"600\" src=\"https:\/\/i0.wp.com\/blogdobispo.com.br\/wp-content\/uploads\/2023\/11\/img_3842-1.jpg?resize=800%2C600&#038;ssl=1\" class=\"wp-image-2147\" srcset=\"https:\/\/i0.wp.com\/blogdobispo.com.br\/wp-content\/uploads\/2023\/11\/img_3842-1.jpg?w=800&amp;ssl=1 800w, https:\/\/i0.wp.com\/blogdobispo.com.br\/wp-content\/uploads\/2023\/11\/img_3842-1.jpg?resize=300%2C225&amp;ssl=1 300w, https:\/\/i0.wp.com\/blogdobispo.com.br\/wp-content\/uploads\/2023\/11\/img_3842-1.jpg?resize=768%2C576&amp;ssl=1 768w\" sizes=\"(max-width: 800px) 100vw, 800px\" \/><\/figure>\n\n\n\n<p>O Tribunal Regional Eleitoral indeferiu, por unanimidade, o mandado de seguran\u00e7a do ex-prefeito de Gov. Dix-Sept Rosado, Anaximandro Rodrigues do Vale Costa (Uni\u00e3o Brasil), mais conhecido como por Anax Vale, que tentava validar os votos nas elei\u00e7\u00f5es para deputado estadual em 2022. Com a decis\u00e3o, o mandato do deputado Ubaldo Fernandes (PSDB) est\u00e1 mantido na Assembleia Legislativa do Rio Grande do Norte. O processo foi votado em sess\u00e3o nesta quinta-feira (16).<\/p>\n\n\n\n<p>O julgamento come\u00e7ou na semana passada, quando a relatora da a\u00e7\u00e3o, ju\u00edza Ne\u00edze Fernandes, deu voto contra o mandado de seguran\u00e7a. Ap\u00f3s ter pedido vistas na data, o desembargador Expedito Ferreira iniciou a vota\u00e7\u00e3o nesta quinta, seguindo a relatoria.<\/p>\n\n\n\n<p>Os ju\u00edzes indeferiram a a\u00e7\u00e3o de Anax Vale referente ao deferimento do registro de candidatura. Eles acordaram \u201cem conceder parcialmente a seguran\u00e7a pleiteada, apenas para fins de reconhecimento do direito do impetrante ao recebimento de recursos do fundo especial e do fundo partid\u00e1rio durante o per\u00edodo em que seu registro de candidatura estava sub judice na campanha eleitoral de 2022, ratificando os termos do ac\u00f3rd\u00e3o de ID 10938002, proferido pelo Tribunal Superior Eleitoral, que confirmou a decis\u00e3o liminar de ID 10937988 em todos os seus fundamentos\u201d.<\/p>\n\n\n\n<p><strong>Processo<\/strong><\/p>\n\n\n\n<p>O processo tratou sobre de um Mandado de Seguran\u00e7a em que Anax Vale, tentava validar os 16,8 mil votos que obteve para deputado estadual no \u00faltimo pleito. O objetivo era beneficiar o primeiro suplente do Uni\u00e3o Brasil, o vereador natalense Robson Carvalho, que obteve 26.609 votos em 2022, que passaria a ser eleito por quociente partid\u00e1rio e tiraria a vaga de Ubaldo Fernandes.<\/p>\n\n\n\n<p>O colegiado da Corte Eleitoral Potiguar j\u00e1 havia negado, em setembro de 2022, por unanimidade, a candidatura de Anax Vale por condena\u00e7\u00e3o transitada em julgado \u2013 por improbidade administrativa com dolo ao er\u00e1rio \u2013 quando administrou o munic\u00edpio de Gov. Dix-Sept Rosado, enquadrado, portanto, na Lei Ficha Limpa.<\/p>\n\n\n\n<p>A ju\u00edza Ne\u00edze Fernandes, relatora da a\u00e7\u00e3o, deu voto contra o mandado de seguran\u00e7a, em conson\u00e2ncia ao parecer do Minist\u00e9rio P\u00fablico Eleitoral (MPE), que entende que o ac\u00f3rd\u00e3o do TRE que indeferiu o pedido de registro de candidatura de Anax Vale em 2022 tamb\u00e9m j\u00e1 transitou em julgado em 6 de mar\u00e7o deste ano, uma vez que, ap\u00f3s o TSE ter mantido esse julgamento, o recurso extraordin\u00e1rio interposto n\u00e3o foi conhecido pelo STF. Assim, ela opinou pela \u201cprejudicialidade\u201d do mandado de seguran\u00e7a.<\/p>\n\n\n\n<p>Para o agora ex-procurador eleitoral Gilberto de Carvalho J\u00fanior, que deixou a fun\u00e7\u00e3o no TRE no fim de outubro, \u201crealizadas as elei\u00e7\u00f5es, tendo sido facultado ao impetrante, sem qualquer embara\u00e7o, a utiliza\u00e7\u00e3o das verbas p\u00fablicas que eventualmente tenham sido disponibilizadas em favor da sua campanha, nos termos do que facultado por referida decis\u00e3o do TSE, constata-se que, de fato, quanto a este ponto, sua pretens\u00e3o restou exaurida\u201d.<\/p>\n\n\n\n<p>Tribuna do Norte<\/p>\n","protected":false},"excerpt":{"rendered":"<p>O Tribunal Regional Eleitoral indeferiu, por unanimidade, o mandado de seguran\u00e7a do ex-prefeito de Gov. Dix-Sept Rosado, Anaximandro Rodrigues do Vale Costa (Uni\u00e3o Brasil), mais conhecido como por Anax Vale, que tentava validar os votos nas elei\u00e7\u00f5es para deputado estadual em 2022. Com a decis\u00e3o, o mandato do deputado Ubaldo Fernandes (PSDB) est\u00e1 mantido na [&hellip;]<\/p>\n","protected":false},"author":1,"featured_media":0,"comment_status":"open","ping_status":"open","sticky":false,"template":"","format":"standard","meta":{"cybocfi_hide_featured_image":"","_jetpack_memberships_contains_paid_content":false,"footnotes":""},"categories":[1],"tags":[],"class_list":["post-2148","post","type-post","status-publish","format-standard","hentry","category-diversos"],"yoast_head":"<!-- This site is optimized with the Yoast SEO plugin v25.6 - https:\/\/yoast.com\/wordpress\/plugins\/seo\/ -->\n<title>TRE mant\u00e9m mandato de Ubaldo Fernandes - Blog do Bispo<\/title>\n<meta name=\"robots\" content=\"index, follow, max-snippet:-1, max-image-preview:large, max-video-preview:-1\" \/>\n<link rel=\"canonical\" href=\"https:\/\/blogdobispo.com.br\/?p=2148\" \/>\n<meta property=\"og:locale\" content=\"pt_BR\" \/>\n<meta property=\"og:type\" content=\"article\" \/>\n<meta property=\"og:title\" content=\"TRE mant\u00e9m mandato de Ubaldo Fernandes - Blog do Bispo\" \/>\n<meta property=\"og:description\" content=\"O Tribunal Regional Eleitoral indeferiu, por unanimidade, o mandado de seguran\u00e7a do ex-prefeito de Gov. Dix-Sept Rosado, Anaximandro Rodrigues do Vale Costa (Uni\u00e3o Brasil), mais conhecido como por Anax Vale, que tentava validar os votos nas elei\u00e7\u00f5es para deputado estadual em 2022. Com a decis\u00e3o, o mandato do deputado Ubaldo Fernandes (PSDB) est\u00e1 mantido na [&hellip;]\" \/>\n<meta property=\"og:url\" content=\"https:\/\/blogdobispo.com.br\/?p=2148\" \/>\n<meta property=\"og:site_name\" content=\"Blog do Bispo\" \/>\n<meta property=\"article:published_time\" content=\"2023-11-16T18:59:40+00:00\" \/>\n<meta property=\"og:image\" content=\"https:\/\/blogdobispo.com.br\/wp-content\/uploads\/2023\/11\/img_3842-1.jpg\" \/>\n<meta name=\"author\" content=\"Jefferson Sterfeno\" \/>\n<meta name=\"twitter:card\" content=\"summary_large_image\" \/>\n<meta name=\"twitter:label1\" content=\"Escrito por\" \/>\n\t<meta name=\"twitter:data1\" content=\"Jefferson Sterfeno\" \/>\n\t<meta name=\"twitter:label2\" content=\"Est. tempo de leitura\" \/>\n\t<meta name=\"twitter:data2\" content=\"2 minutos\" \/>\n<script type=\"application\/ld+json\" class=\"yoast-schema-graph\">{\"@context\":\"https:\/\/schema.org\",\"@graph\":[{\"@type\":\"Article\",\"@id\":\"https:\/\/blogdobispo.com.br\/?p=2148#article\",\"isPartOf\":{\"@id\":\"https:\/\/blogdobispo.com.br\/?p=2148\"},\"author\":{\"name\":\"Jefferson Sterfeno\",\"@id\":\"https:\/\/blogdobispo.com.br\/#\/schema\/person\/e2209cc0e6cea5c5233d033e997b373f\"},\"headline\":\"TRE mant\u00e9m mandato de Ubaldo Fernandes\",\"datePublished\":\"2023-11-16T18:59:40+00:00\",\"mainEntityOfPage\":{\"@id\":\"https:\/\/blogdobispo.com.br\/?p=2148\"},\"wordCount\":503,\"commentCount\":0,\"publisher\":{\"@id\":\"https:\/\/blogdobispo.com.br\/#organization\"},\"image\":{\"@id\":\"https:\/\/blogdobispo.com.br\/?p=2148#primaryimage\"},\"thumbnailUrl\":\"https:\/\/blogdobispo.com.br\/wp-content\/uploads\/2023\/11\/img_3842-1.jpg\",\"articleSection\":[\"diversos\"],\"inLanguage\":\"pt-BR\",\"potentialAction\":[{\"@type\":\"CommentAction\",\"name\":\"Comment\",\"target\":[\"https:\/\/blogdobispo.com.br\/?p=2148#respond\"]}]},{\"@type\":\"WebPage\",\"@id\":\"https:\/\/blogdobispo.com.br\/?p=2148\",\"url\":\"https:\/\/blogdobispo.com.br\/?p=2148\",\"name\":\"TRE mant\u00e9m mandato de Ubaldo Fernandes - Blog do Bispo\",\"isPartOf\":{\"@id\":\"https:\/\/blogdobispo.com.br\/#website\"},\"primaryImageOfPage\":{\"@id\":\"https:\/\/blogdobispo.com.br\/?p=2148#primaryimage\"},\"image\":{\"@id\":\"https:\/\/blogdobispo.com.br\/?p=2148#primaryimage\"},\"thumbnailUrl\":\"https:\/\/blogdobispo.com.br\/wp-content\/uploads\/2023\/11\/img_3842-1.jpg\",\"datePublished\":\"2023-11-16T18:59:40+00:00\",\"breadcrumb\":{\"@id\":\"https:\/\/blogdobispo.com.br\/?p=2148#breadcrumb\"},\"inLanguage\":\"pt-BR\",\"potentialAction\":[{\"@type\":\"ReadAction\",\"target\":[\"https:\/\/blogdobispo.com.br\/?p=2148\"]}]},{\"@type\":\"ImageObject\",\"inLanguage\":\"pt-BR\",\"@id\":\"https:\/\/blogdobispo.com.br\/?p=2148#primaryimage\",\"url\":\"https:\/\/blogdobispo.com.br\/wp-content\/uploads\/2023\/11\/img_3842-1.jpg\",\"contentUrl\":\"https:\/\/blogdobispo.com.br\/wp-content\/uploads\/2023\/11\/img_3842-1.jpg\"},{\"@type\":\"BreadcrumbList\",\"@id\":\"https:\/\/blogdobispo.com.br\/?p=2148#breadcrumb\",\"itemListElement\":[{\"@type\":\"ListItem\",\"position\":1,\"name\":\"In\u00edcio\",\"item\":\"https:\/\/blogdobispo.com.br\/\"},{\"@type\":\"ListItem\",\"position\":2,\"name\":\"TRE mant\u00e9m mandato de Ubaldo Fernandes\"}]},{\"@type\":\"WebSite\",\"@id\":\"https:\/\/blogdobispo.com.br\/#website\",\"url\":\"https:\/\/blogdobispo.com.br\/\",\"name\":\"Blog do Bispo\",\"description\":\"Comprometido apenas com o leitor\",\"publisher\":{\"@id\":\"https:\/\/blogdobispo.com.br\/#organization\"},\"potentialAction\":[{\"@type\":\"SearchAction\",\"target\":{\"@type\":\"EntryPoint\",\"urlTemplate\":\"https:\/\/blogdobispo.com.br\/?s={search_term_string}\"},\"query-input\":{\"@type\":\"PropertyValueSpecification\",\"valueRequired\":true,\"valueName\":\"search_term_string\"}}],\"inLanguage\":\"pt-BR\"},{\"@type\":\"Organization\",\"@id\":\"https:\/\/blogdobispo.com.br\/#organization\",\"name\":\"Blog do Bispo\",\"url\":\"https:\/\/blogdobispo.com.br\/\",\"logo\":{\"@type\":\"ImageObject\",\"inLanguage\":\"pt-BR\",\"@id\":\"https:\/\/blogdobispo.com.br\/#\/schema\/logo\/image\/\",\"url\":\"http:\/\/blogdobispo.com.br\/wp-content\/uploads\/2023\/05\/cropped-headear.png\",\"contentUrl\":\"http:\/\/blogdobispo.com.br\/wp-content\/uploads\/2023\/05\/cropped-headear.png\",\"width\":1500,\"height\":399,\"caption\":\"Blog do Bispo\"},\"image\":{\"@id\":\"https:\/\/blogdobispo.com.br\/#\/schema\/logo\/image\/\"}},{\"@type\":\"Person\",\"@id\":\"https:\/\/blogdobispo.com.br\/#\/schema\/person\/e2209cc0e6cea5c5233d033e997b373f\",\"name\":\"Jefferson Sterfeno\",\"image\":{\"@type\":\"ImageObject\",\"inLanguage\":\"pt-BR\",\"@id\":\"https:\/\/blogdobispo.com.br\/#\/schema\/person\/image\/\",\"url\":\"https:\/\/secure.gravatar.com\/avatar\/0534e84764641168a677026b6d57a3f51dc7ac4db0b4f6186d9cb330d4ee1160?s=96&d=mm&r=g\",\"contentUrl\":\"https:\/\/secure.gravatar.com\/avatar\/0534e84764641168a677026b6d57a3f51dc7ac4db0b4f6186d9cb330d4ee1160?s=96&d=mm&r=g\",\"caption\":\"Jefferson Sterfeno\"},\"sameAs\":[\"http:\/\/blogdobispo.com.br\"],\"url\":\"https:\/\/blogdobispo.com.br\/?author=1\"}]}<\/script>\n<!-- \/ Yoast SEO plugin. -->","yoast_head_json":{"title":"TRE mant\u00e9m mandato de Ubaldo Fernandes - Blog do Bispo","robots":{"index":"index","follow":"follow","max-snippet":"max-snippet:-1","max-image-preview":"max-image-preview:large","max-video-preview":"max-video-preview:-1"},"canonical":"https:\/\/blogdobispo.com.br\/?p=2148","og_locale":"pt_BR","og_type":"article","og_title":"TRE mant\u00e9m mandato de Ubaldo Fernandes - Blog do Bispo","og_description":"O Tribunal Regional Eleitoral indeferiu, por unanimidade, o mandado de seguran\u00e7a do ex-prefeito de Gov. Dix-Sept Rosado, Anaximandro Rodrigues do Vale Costa (Uni\u00e3o Brasil), mais conhecido como por Anax Vale, que tentava validar os votos nas elei\u00e7\u00f5es para deputado estadual em 2022. Com a decis\u00e3o, o mandato do deputado Ubaldo Fernandes (PSDB) est\u00e1 mantido na [&hellip;]","og_url":"https:\/\/blogdobispo.com.br\/?p=2148","og_site_name":"Blog do Bispo","article_published_time":"2023-11-16T18:59:40+00:00","og_image":[{"url":"https:\/\/blogdobispo.com.br\/wp-content\/uploads\/2023\/11\/img_3842-1.jpg","type":"","width":"","height":""}],"author":"Jefferson Sterfeno","twitter_card":"summary_large_image","twitter_misc":{"Escrito por":"Jefferson Sterfeno","Est. tempo de leitura":"2 minutos"},"schema":{"@context":"https:\/\/schema.org","@graph":[{"@type":"Article","@id":"https:\/\/blogdobispo.com.br\/?p=2148#article","isPartOf":{"@id":"https:\/\/blogdobispo.com.br\/?p=2148"},"author":{"name":"Jefferson Sterfeno","@id":"https:\/\/blogdobispo.com.br\/#\/schema\/person\/e2209cc0e6cea5c5233d033e997b373f"},"headline":"TRE mant\u00e9m mandato de Ubaldo Fernandes","datePublished":"2023-11-16T18:59:40+00:00","mainEntityOfPage":{"@id":"https:\/\/blogdobispo.com.br\/?p=2148"},"wordCount":503,"commentCount":0,"publisher":{"@id":"https:\/\/blogdobispo.com.br\/#organization"},"image":{"@id":"https:\/\/blogdobispo.com.br\/?p=2148#primaryimage"},"thumbnailUrl":"https:\/\/blogdobispo.com.br\/wp-content\/uploads\/2023\/11\/img_3842-1.jpg","articleSection":["diversos"],"inLanguage":"pt-BR","potentialAction":[{"@type":"CommentAction","name":"Comment","target":["https:\/\/blogdobispo.com.br\/?p=2148#respond"]}]},{"@type":"WebPage","@id":"https:\/\/blogdobispo.com.br\/?p=2148","url":"https:\/\/blogdobispo.com.br\/?p=2148","name":"TRE mant\u00e9m mandato de Ubaldo Fernandes - Blog do Bispo","isPartOf":{"@id":"https:\/\/blogdobispo.com.br\/#website"},"primaryImageOfPage":{"@id":"https:\/\/blogdobispo.com.br\/?p=2148#primaryimage"},"image":{"@id":"https:\/\/blogdobispo.com.br\/?p=2148#primaryimage"},"thumbnailUrl":"https:\/\/blogdobispo.com.br\/wp-content\/uploads\/2023\/11\/img_3842-1.jpg","datePublished":"2023-11-16T18:59:40+00:00","breadcrumb":{"@id":"https:\/\/blogdobispo.com.br\/?p=2148#breadcrumb"},"inLanguage":"pt-BR","potentialAction":[{"@type":"ReadAction","target":["https:\/\/blogdobispo.com.br\/?p=2148"]}]},{"@type":"ImageObject","inLanguage":"pt-BR","@id":"https:\/\/blogdobispo.com.br\/?p=2148#primaryimage","url":"https:\/\/blogdobispo.com.br\/wp-content\/uploads\/2023\/11\/img_3842-1.jpg","contentUrl":"https:\/\/blogdobispo.com.br\/wp-content\/uploads\/2023\/11\/img_3842-1.jpg"},{"@type":"BreadcrumbList","@id":"https:\/\/blogdobispo.com.br\/?p=2148#breadcrumb","itemListElement":[{"@type":"ListItem","position":1,"name":"In\u00edcio","item":"https:\/\/blogdobispo.com.br\/"},{"@type":"ListItem","position":2,"name":"TRE mant\u00e9m mandato de Ubaldo Fernandes"}]},{"@type":"WebSite","@id":"https:\/\/blogdobispo.com.br\/#website","url":"https:\/\/blogdobispo.com.br\/","name":"Blog do Bispo","description":"Comprometido apenas com o leitor","publisher":{"@id":"https:\/\/blogdobispo.com.br\/#organization"},"potentialAction":[{"@type":"SearchAction","target":{"@type":"EntryPoint","urlTemplate":"https:\/\/blogdobispo.com.br\/?s={search_term_string}"},"query-input":{"@type":"PropertyValueSpecification","valueRequired":true,"valueName":"search_term_string"}}],"inLanguage":"pt-BR"},{"@type":"Organization","@id":"https:\/\/blogdobispo.com.br\/#organization","name":"Blog do Bispo","url":"https:\/\/blogdobispo.com.br\/","logo":{"@type":"ImageObject","inLanguage":"pt-BR","@id":"https:\/\/blogdobispo.com.br\/#\/schema\/logo\/image\/","url":"http:\/\/blogdobispo.com.br\/wp-content\/uploads\/2023\/05\/cropped-headear.png","contentUrl":"http:\/\/blogdobispo.com.br\/wp-content\/uploads\/2023\/05\/cropped-headear.png","width":1500,"height":399,"caption":"Blog do Bispo"},"image":{"@id":"https:\/\/blogdobispo.com.br\/#\/schema\/logo\/image\/"}},{"@type":"Person","@id":"https:\/\/blogdobispo.com.br\/#\/schema\/person\/e2209cc0e6cea5c5233d033e997b373f","name":"Jefferson Sterfeno","image":{"@type":"ImageObject","inLanguage":"pt-BR","@id":"https:\/\/blogdobispo.com.br\/#\/schema\/person\/image\/","url":"https:\/\/secure.gravatar.com\/avatar\/0534e84764641168a677026b6d57a3f51dc7ac4db0b4f6186d9cb330d4ee1160?s=96&d=mm&r=g","contentUrl":"https:\/\/secure.gravatar.com\/avatar\/0534e84764641168a677026b6d57a3f51dc7ac4db0b4f6186d9cb330d4ee1160?s=96&d=mm&r=g","caption":"Jefferson Sterfeno"},"sameAs":["http:\/\/blogdobispo.com.br"],"url":"https:\/\/blogdobispo.com.br\/?author=1"}]}},"featured_image_urls":{"full":"","thumbnail":"","medium":"","medium_large":"","large":"","1536x1536":"","2048x2048":""},"author_info":{"display_name":"Jefferson Sterfeno","author_link":"https:\/\/blogdobispo.com.br\/?author=1"},"category_info":"<a href=\"https:\/\/blogdobispo.com.br\/?cat=1\" rel=\"category\">diversos<\/a>","tag_info":"diversos","comment_count":"0","jetpack_featured_media_url":"","jetpack_sharing_enabled":true,"_links":{"self":[{"href":"https:\/\/blogdobispo.com.br\/index.php?rest_route=\/wp\/v2\/posts\/2148","targetHints":{"allow":["GET"]}}],"collection":[{"href":"https:\/\/blogdobispo.com.br\/index.php?rest_route=\/wp\/v2\/posts"}],"about":[{"href":"https:\/\/blogdobispo.com.br\/index.php?rest_route=\/wp\/v2\/types\/post"}],"author":[{"embeddable":true,"href":"https:\/\/blogdobispo.com.br\/index.php?rest_route=\/wp\/v2\/users\/1"}],"replies":[{"embeddable":true,"href":"https:\/\/blogdobispo.com.br\/index.php?rest_route=%2Fwp%2Fv2%2Fcomments&post=2148"}],"version-history":[{"count":0,"href":"https:\/\/blogdobispo.com.br\/index.php?rest_route=\/wp\/v2\/posts\/2148\/revisions"}],"wp:attachment":[{"href":"https:\/\/blogdobispo.com.br\/index.php?rest_route=%2Fwp%2Fv2%2Fmedia&parent=2148"}],"wp:term":[{"taxonomy":"category","embeddable":true,"href":"https:\/\/blogdobispo.com.br\/index.php?rest_route=%2Fwp%2Fv2%2Fcategories&post=2148"},{"taxonomy":"post_tag","embeddable":true,"href":"https:\/\/blogdobispo.com.br\/index.php?rest_route=%2Fwp%2Fv2%2Ftags&post=2148"}],"curies":[{"name":"wp","href":"https:\/\/api.w.org\/{rel}","templated":true}]}}