{"id":2146,"date":"2023-11-16T17:09:40","date_gmt":"2023-11-16T17:09:40","guid":{"rendered":"https:\/\/blogdobispo.com.br\/?p=2146"},"modified":"2023-11-16T17:09:40","modified_gmt":"2023-11-16T17:09:40","slug":"prefeito-e-coordenador-da-bancada-batem-boca-sobre-destinacao-de-emenda-para-hospital","status":"publish","type":"post","link":"https:\/\/blogdobispo.com.br\/?p=2146","title":{"rendered":"Prefeito e coordenador da bancada batem boca sobre destina\u00e7\u00e3o de emenda para hospital"},"content":{"rendered":"\n<figure class=\"wp-block-image size-large\"><img data-recalc-dims=\"1\" fetchpriority=\"high\" decoding=\"async\" width=\"800\" height=\"450\" src=\"https:\/\/i0.wp.com\/blogdobispo.com.br\/wp-content\/uploads\/2023\/11\/img_3838-1-1024x576.jpg?resize=800%2C450&#038;ssl=1\" class=\"wp-image-2145\" srcset=\"https:\/\/i0.wp.com\/blogdobispo.com.br\/wp-content\/uploads\/2023\/11\/img_3838-1.jpg?resize=1024%2C576&amp;ssl=1 1024w, https:\/\/i0.wp.com\/blogdobispo.com.br\/wp-content\/uploads\/2023\/11\/img_3838-1.jpg?resize=300%2C169&amp;ssl=1 300w, https:\/\/i0.wp.com\/blogdobispo.com.br\/wp-content\/uploads\/2023\/11\/img_3838-1.jpg?resize=768%2C432&amp;ssl=1 768w, https:\/\/i0.wp.com\/blogdobispo.com.br\/wp-content\/uploads\/2023\/11\/img_3838-1.jpg?w=1068&amp;ssl=1 1068w\" sizes=\"(max-width: 800px) 100vw, 800px\" \/><\/figure>\n\n\n\n<p>O clima esquentou na reuni\u00e3o da bancada federal do Rio Grande do Norte com gestores p\u00fablicos para tratar acerca da destina\u00e7\u00e3o dos R$ 316 milh\u00f5es de emendas coletivas impositivas previstas para o or\u00e7amento geral da Uni\u00e3o de 2024. O prefeito de Natal, \u00c1lvaro Dias, e o coordenador da bancada, deputado federal Benes Leoc\u00e1dio (Uni\u00e3o Brasil), discutiram sobre a destina\u00e7\u00e3o de emenda para a capital. O prefeito amea\u00e7ou denunciar \u00e0 popula\u00e7\u00e3o caso Natal n\u00e3o seja contemplada.<\/p>\n\n\n\n<p>O motivo da discuss\u00e3o foi devido \u00e0 solicita\u00e7\u00e3o por parte do prefeito \u00c1lvaro Dias de inclus\u00e3o do Hospital Municipal de Natal como benefici\u00e1rio de emenda. O gestor quer valores para a compra de equipamentos. Contudo, Benes Leoc\u00e1dio disse que o pedido deveria ser analisado pela bancada e, inclusive, deu a entender que poderia haver a necessidade de escolher se haveria a destina\u00e7\u00e3o de recursos para a redu\u00e7\u00e3o da fila de cirurgias eletivas ou para a compra dos equipamentos.<\/p>\n\n\n\n<p>Segundo Benes, o Hospital de Natal foi contemplado com emendas em entre 2021 e 2023, com valores de R$ 16 milh\u00f5es, R4 14 milh\u00f5es e R$ 18 milh\u00f5es. Neste ano, o coordenador da bancada disse ter recebido a informa\u00e7\u00e3o de que os valores tiveram a destina\u00e7\u00e3o modificada, indo para a compra de equipamentos. A secret\u00e1ria de Planejamento de Natal, Joana Guerra, chegou a explicar o motivo pelo qual houve a modifica\u00e7\u00e3o, alegando entraves burocr\u00e1ticos e necessidade de adequa\u00e7\u00f5es para a melhor utiliza\u00e7\u00e3o dos recursos. por\u00e9m, Benes Leoc\u00e1dio disse que os gestores deveriam informar sobre essas mudan\u00e7as. Foi quando ele cogitou ter que se fazer a escolha entre as cirurgias ou o hospital.<\/p>\n\n\n\n<p>\u201cHavia essa mudan\u00e7a e me preocupei de ouvir a bancada. Temos que fazer essa defesa para que tanto a Prefeitura e Governo compreendam que \u00e9 um esfor\u00e7o dos 11 membros da bancada. Essas altera\u00e7\u00f5es servir\u00e3o para nortear na hora da discuss\u00e3o de ver o que \u00e9 mais importante, se \u00e9 a aquisi\u00e7\u00e3o de equipamentos para um hospital que ainda n\u00e3o est\u00e1 pronto ou para as cirurgias eletivas\u201d, disse Benes Leoc\u00e1dio.<\/p>\n\n\n\n<p>A declara\u00e7\u00e3o irritou \u00c1lvaro Dias. \u201cSe n\u00e3o aprovar, vai ficar dif\u00edcil para o hospital. N\u00e3o acredito que n\u00e3o far\u00e3o os investiemntos para Natal porque Natal sempre foi contemplada com emendas e a decis\u00e3o sobre como utilizar \u00e9 do Munic\u00edpio, n\u00e3o da bancada\u201d, criticou \u00c1lvaro Dias.<\/p>\n\n\n\n<p>Benes Leoc\u00e1dio disse que a bancada tem, historicamente, contemplado Natal e disse que o prefeito n\u00e3o reconheceu os esfor\u00e7os dos parlamentares na constru\u00e7\u00e3o do Complexo da Redinha \u2013 o que foi refutado por \u00c1lvaro Dias. Apesar do coordenador da bancada tentar finalizar a discuss\u00e3o e acusar \u00c1lvaro Dias de tentar polemizar, o prefeito foi enf\u00e1tico.<\/p>\n\n\n\n<p>\u201cO povo precisa saber qual a import\u00e2ncia que voc\u00eas v\u00e3o dar a Natal. A popula\u00e7\u00e3o precisa saber. A popula\u00e7\u00e3o vai saber que Natal n\u00e3o foi contemplada por emenda coletiva impositiva. Muitos na bancada s\u00e3o votados em Natal. \u00c9 bom saber disso, porque, inclusive, a emenda que proporcionou a constru\u00e7\u00e3o do Complexo da Redinha teve at\u00e9 ato p\u00fablico. Se houver necessidade, faremos novamente. N\u00e3o vamos aceitar que Natal seja discriminada pela bancada federal. Se ficar exclu\u00edda, vamos denunciar para que a popula\u00e7\u00e3o tome conhecimento\u201d, disse \u00c1lvaro Dias.<\/p>\n\n\n\n<p>Apesar da reuni\u00e3o, a defini\u00e7\u00e3o sobre as emendas n\u00e3o ser\u00e3o tomadas nesta quinta-feira. De acordo com Benes Leoc\u00e1dio, os parlamentares ir\u00e3o sentar e definir as destina\u00e7\u00f5es at\u00e9 o dia 23 de novembro, prazo para o encaminhamento do documento com as defini\u00e7\u00f5es \u00e0 Comiss\u00e3o Mista de Or\u00e7amento do Congresso Nacional.<\/p>\n\n\n\n<p>Tribuna do Norte<\/p>\n","protected":false},"excerpt":{"rendered":"<p>O clima esquentou na reuni\u00e3o da bancada federal do Rio Grande do Norte com gestores p\u00fablicos para tratar acerca da destina\u00e7\u00e3o dos R$ 316 milh\u00f5es de emendas coletivas impositivas previstas para o or\u00e7amento geral da Uni\u00e3o de 2024. O prefeito de Natal, \u00c1lvaro Dias, e o coordenador da bancada, deputado federal Benes Leoc\u00e1dio (Uni\u00e3o Brasil), [&hellip;]<\/p>\n","protected":false},"author":1,"featured_media":0,"comment_status":"open","ping_status":"open","sticky":false,"template":"","format":"standard","meta":{"cybocfi_hide_featured_image":"","_jetpack_memberships_contains_paid_content":false,"footnotes":""},"categories":[1],"tags":[],"class_list":["post-2146","post","type-post","status-publish","format-standard","hentry","category-diversos"],"yoast_head":"<!-- This site is optimized with the Yoast SEO plugin v25.6 - https:\/\/yoast.com\/wordpress\/plugins\/seo\/ -->\n<title>Prefeito e coordenador da bancada batem boca sobre destina\u00e7\u00e3o de emenda para hospital - Blog do Bispo<\/title>\n<meta name=\"robots\" content=\"index, follow, max-snippet:-1, max-image-preview:large, max-video-preview:-1\" \/>\n<link rel=\"canonical\" href=\"https:\/\/blogdobispo.com.br\/?p=2146\" \/>\n<meta property=\"og:locale\" content=\"pt_BR\" \/>\n<meta property=\"og:type\" content=\"article\" \/>\n<meta property=\"og:title\" content=\"Prefeito e coordenador da bancada batem boca sobre destina\u00e7\u00e3o de emenda para hospital - Blog do Bispo\" \/>\n<meta property=\"og:description\" content=\"O clima esquentou na reuni\u00e3o da bancada federal do Rio Grande do Norte com gestores p\u00fablicos para tratar acerca da destina\u00e7\u00e3o dos R$ 316 milh\u00f5es de emendas coletivas impositivas previstas para o or\u00e7amento geral da Uni\u00e3o de 2024. O prefeito de Natal, \u00c1lvaro Dias, e o coordenador da bancada, deputado federal Benes Leoc\u00e1dio (Uni\u00e3o Brasil), [&hellip;]\" \/>\n<meta property=\"og:url\" content=\"https:\/\/blogdobispo.com.br\/?p=2146\" \/>\n<meta property=\"og:site_name\" content=\"Blog do Bispo\" \/>\n<meta property=\"article:published_time\" content=\"2023-11-16T17:09:40+00:00\" \/>\n<meta property=\"og:image\" content=\"https:\/\/blogdobispo.com.br\/wp-content\/uploads\/2023\/11\/img_3838-1-1024x576.jpg\" \/>\n<meta name=\"author\" content=\"Jefferson Sterfeno\" \/>\n<meta name=\"twitter:card\" content=\"summary_large_image\" \/>\n<meta name=\"twitter:label1\" content=\"Escrito por\" \/>\n\t<meta name=\"twitter:data1\" content=\"Jefferson Sterfeno\" \/>\n\t<meta name=\"twitter:label2\" content=\"Est. tempo de leitura\" \/>\n\t<meta name=\"twitter:data2\" content=\"3 minutos\" \/>\n<script type=\"application\/ld+json\" class=\"yoast-schema-graph\">{\"@context\":\"https:\/\/schema.org\",\"@graph\":[{\"@type\":\"Article\",\"@id\":\"https:\/\/blogdobispo.com.br\/?p=2146#article\",\"isPartOf\":{\"@id\":\"https:\/\/blogdobispo.com.br\/?p=2146\"},\"author\":{\"name\":\"Jefferson Sterfeno\",\"@id\":\"https:\/\/blogdobispo.com.br\/#\/schema\/person\/e2209cc0e6cea5c5233d033e997b373f\"},\"headline\":\"Prefeito e coordenador da bancada batem boca sobre destina\u00e7\u00e3o de emenda para hospital\",\"datePublished\":\"2023-11-16T17:09:40+00:00\",\"mainEntityOfPage\":{\"@id\":\"https:\/\/blogdobispo.com.br\/?p=2146\"},\"wordCount\":646,\"commentCount\":0,\"publisher\":{\"@id\":\"https:\/\/blogdobispo.com.br\/#organization\"},\"image\":{\"@id\":\"https:\/\/blogdobispo.com.br\/?p=2146#primaryimage\"},\"thumbnailUrl\":\"https:\/\/blogdobispo.com.br\/wp-content\/uploads\/2023\/11\/img_3838-1-1024x576.jpg\",\"articleSection\":[\"diversos\"],\"inLanguage\":\"pt-BR\",\"potentialAction\":[{\"@type\":\"CommentAction\",\"name\":\"Comment\",\"target\":[\"https:\/\/blogdobispo.com.br\/?p=2146#respond\"]}]},{\"@type\":\"WebPage\",\"@id\":\"https:\/\/blogdobispo.com.br\/?p=2146\",\"url\":\"https:\/\/blogdobispo.com.br\/?p=2146\",\"name\":\"Prefeito e coordenador da bancada batem boca sobre destina\u00e7\u00e3o de emenda para hospital - Blog do Bispo\",\"isPartOf\":{\"@id\":\"https:\/\/blogdobispo.com.br\/#website\"},\"primaryImageOfPage\":{\"@id\":\"https:\/\/blogdobispo.com.br\/?p=2146#primaryimage\"},\"image\":{\"@id\":\"https:\/\/blogdobispo.com.br\/?p=2146#primaryimage\"},\"thumbnailUrl\":\"https:\/\/blogdobispo.com.br\/wp-content\/uploads\/2023\/11\/img_3838-1-1024x576.jpg\",\"datePublished\":\"2023-11-16T17:09:40+00:00\",\"breadcrumb\":{\"@id\":\"https:\/\/blogdobispo.com.br\/?p=2146#breadcrumb\"},\"inLanguage\":\"pt-BR\",\"potentialAction\":[{\"@type\":\"ReadAction\",\"target\":[\"https:\/\/blogdobispo.com.br\/?p=2146\"]}]},{\"@type\":\"ImageObject\",\"inLanguage\":\"pt-BR\",\"@id\":\"https:\/\/blogdobispo.com.br\/?p=2146#primaryimage\",\"url\":\"https:\/\/blogdobispo.com.br\/wp-content\/uploads\/2023\/11\/img_3838-1-1024x576.jpg\",\"contentUrl\":\"https:\/\/blogdobispo.com.br\/wp-content\/uploads\/2023\/11\/img_3838-1-1024x576.jpg\"},{\"@type\":\"BreadcrumbList\",\"@id\":\"https:\/\/blogdobispo.com.br\/?p=2146#breadcrumb\",\"itemListElement\":[{\"@type\":\"ListItem\",\"position\":1,\"name\":\"In\u00edcio\",\"item\":\"https:\/\/blogdobispo.com.br\/\"},{\"@type\":\"ListItem\",\"position\":2,\"name\":\"Prefeito e coordenador da bancada batem boca sobre destina\u00e7\u00e3o de emenda para hospital\"}]},{\"@type\":\"WebSite\",\"@id\":\"https:\/\/blogdobispo.com.br\/#website\",\"url\":\"https:\/\/blogdobispo.com.br\/\",\"name\":\"Blog do Bispo\",\"description\":\"Comprometido apenas com o leitor\",\"publisher\":{\"@id\":\"https:\/\/blogdobispo.com.br\/#organization\"},\"potentialAction\":[{\"@type\":\"SearchAction\",\"target\":{\"@type\":\"EntryPoint\",\"urlTemplate\":\"https:\/\/blogdobispo.com.br\/?s={search_term_string}\"},\"query-input\":{\"@type\":\"PropertyValueSpecification\",\"valueRequired\":true,\"valueName\":\"search_term_string\"}}],\"inLanguage\":\"pt-BR\"},{\"@type\":\"Organization\",\"@id\":\"https:\/\/blogdobispo.com.br\/#organization\",\"name\":\"Blog do Bispo\",\"url\":\"https:\/\/blogdobispo.com.br\/\",\"logo\":{\"@type\":\"ImageObject\",\"inLanguage\":\"pt-BR\",\"@id\":\"https:\/\/blogdobispo.com.br\/#\/schema\/logo\/image\/\",\"url\":\"http:\/\/blogdobispo.com.br\/wp-content\/uploads\/2023\/05\/cropped-headear.png\",\"contentUrl\":\"http:\/\/blogdobispo.com.br\/wp-content\/uploads\/2023\/05\/cropped-headear.png\",\"width\":1500,\"height\":399,\"caption\":\"Blog do Bispo\"},\"image\":{\"@id\":\"https:\/\/blogdobispo.com.br\/#\/schema\/logo\/image\/\"}},{\"@type\":\"Person\",\"@id\":\"https:\/\/blogdobispo.com.br\/#\/schema\/person\/e2209cc0e6cea5c5233d033e997b373f\",\"name\":\"Jefferson Sterfeno\",\"image\":{\"@type\":\"ImageObject\",\"inLanguage\":\"pt-BR\",\"@id\":\"https:\/\/blogdobispo.com.br\/#\/schema\/person\/image\/\",\"url\":\"https:\/\/secure.gravatar.com\/avatar\/0534e84764641168a677026b6d57a3f51dc7ac4db0b4f6186d9cb330d4ee1160?s=96&d=mm&r=g\",\"contentUrl\":\"https:\/\/secure.gravatar.com\/avatar\/0534e84764641168a677026b6d57a3f51dc7ac4db0b4f6186d9cb330d4ee1160?s=96&d=mm&r=g\",\"caption\":\"Jefferson Sterfeno\"},\"sameAs\":[\"http:\/\/blogdobispo.com.br\"],\"url\":\"https:\/\/blogdobispo.com.br\/?author=1\"}]}<\/script>\n<!-- \/ Yoast SEO plugin. -->","yoast_head_json":{"title":"Prefeito e coordenador da bancada batem boca sobre destina\u00e7\u00e3o de emenda para hospital - Blog do Bispo","robots":{"index":"index","follow":"follow","max-snippet":"max-snippet:-1","max-image-preview":"max-image-preview:large","max-video-preview":"max-video-preview:-1"},"canonical":"https:\/\/blogdobispo.com.br\/?p=2146","og_locale":"pt_BR","og_type":"article","og_title":"Prefeito e coordenador da bancada batem boca sobre destina\u00e7\u00e3o de emenda para hospital - Blog do Bispo","og_description":"O clima esquentou na reuni\u00e3o da bancada federal do Rio Grande do Norte com gestores p\u00fablicos para tratar acerca da destina\u00e7\u00e3o dos R$ 316 milh\u00f5es de emendas coletivas impositivas previstas para o or\u00e7amento geral da Uni\u00e3o de 2024. O prefeito de Natal, \u00c1lvaro Dias, e o coordenador da bancada, deputado federal Benes Leoc\u00e1dio (Uni\u00e3o Brasil), [&hellip;]","og_url":"https:\/\/blogdobispo.com.br\/?p=2146","og_site_name":"Blog do Bispo","article_published_time":"2023-11-16T17:09:40+00:00","og_image":[{"url":"https:\/\/blogdobispo.com.br\/wp-content\/uploads\/2023\/11\/img_3838-1-1024x576.jpg","type":"","width":"","height":""}],"author":"Jefferson Sterfeno","twitter_card":"summary_large_image","twitter_misc":{"Escrito por":"Jefferson Sterfeno","Est. tempo de leitura":"3 minutos"},"schema":{"@context":"https:\/\/schema.org","@graph":[{"@type":"Article","@id":"https:\/\/blogdobispo.com.br\/?p=2146#article","isPartOf":{"@id":"https:\/\/blogdobispo.com.br\/?p=2146"},"author":{"name":"Jefferson Sterfeno","@id":"https:\/\/blogdobispo.com.br\/#\/schema\/person\/e2209cc0e6cea5c5233d033e997b373f"},"headline":"Prefeito e coordenador da bancada batem boca sobre destina\u00e7\u00e3o de emenda para hospital","datePublished":"2023-11-16T17:09:40+00:00","mainEntityOfPage":{"@id":"https:\/\/blogdobispo.com.br\/?p=2146"},"wordCount":646,"commentCount":0,"publisher":{"@id":"https:\/\/blogdobispo.com.br\/#organization"},"image":{"@id":"https:\/\/blogdobispo.com.br\/?p=2146#primaryimage"},"thumbnailUrl":"https:\/\/blogdobispo.com.br\/wp-content\/uploads\/2023\/11\/img_3838-1-1024x576.jpg","articleSection":["diversos"],"inLanguage":"pt-BR","potentialAction":[{"@type":"CommentAction","name":"Comment","target":["https:\/\/blogdobispo.com.br\/?p=2146#respond"]}]},{"@type":"WebPage","@id":"https:\/\/blogdobispo.com.br\/?p=2146","url":"https:\/\/blogdobispo.com.br\/?p=2146","name":"Prefeito e coordenador da bancada batem boca sobre destina\u00e7\u00e3o de emenda para hospital - Blog do Bispo","isPartOf":{"@id":"https:\/\/blogdobispo.com.br\/#website"},"primaryImageOfPage":{"@id":"https:\/\/blogdobispo.com.br\/?p=2146#primaryimage"},"image":{"@id":"https:\/\/blogdobispo.com.br\/?p=2146#primaryimage"},"thumbnailUrl":"https:\/\/blogdobispo.com.br\/wp-content\/uploads\/2023\/11\/img_3838-1-1024x576.jpg","datePublished":"2023-11-16T17:09:40+00:00","breadcrumb":{"@id":"https:\/\/blogdobispo.com.br\/?p=2146#breadcrumb"},"inLanguage":"pt-BR","potentialAction":[{"@type":"ReadAction","target":["https:\/\/blogdobispo.com.br\/?p=2146"]}]},{"@type":"ImageObject","inLanguage":"pt-BR","@id":"https:\/\/blogdobispo.com.br\/?p=2146#primaryimage","url":"https:\/\/blogdobispo.com.br\/wp-content\/uploads\/2023\/11\/img_3838-1-1024x576.jpg","contentUrl":"https:\/\/blogdobispo.com.br\/wp-content\/uploads\/2023\/11\/img_3838-1-1024x576.jpg"},{"@type":"BreadcrumbList","@id":"https:\/\/blogdobispo.com.br\/?p=2146#breadcrumb","itemListElement":[{"@type":"ListItem","position":1,"name":"In\u00edcio","item":"https:\/\/blogdobispo.com.br\/"},{"@type":"ListItem","position":2,"name":"Prefeito e coordenador da bancada batem boca sobre destina\u00e7\u00e3o de emenda para hospital"}]},{"@type":"WebSite","@id":"https:\/\/blogdobispo.com.br\/#website","url":"https:\/\/blogdobispo.com.br\/","name":"Blog do Bispo","description":"Comprometido apenas com o leitor","publisher":{"@id":"https:\/\/blogdobispo.com.br\/#organization"},"potentialAction":[{"@type":"SearchAction","target":{"@type":"EntryPoint","urlTemplate":"https:\/\/blogdobispo.com.br\/?s={search_term_string}"},"query-input":{"@type":"PropertyValueSpecification","valueRequired":true,"valueName":"search_term_string"}}],"inLanguage":"pt-BR"},{"@type":"Organization","@id":"https:\/\/blogdobispo.com.br\/#organization","name":"Blog do Bispo","url":"https:\/\/blogdobispo.com.br\/","logo":{"@type":"ImageObject","inLanguage":"pt-BR","@id":"https:\/\/blogdobispo.com.br\/#\/schema\/logo\/image\/","url":"http:\/\/blogdobispo.com.br\/wp-content\/uploads\/2023\/05\/cropped-headear.png","contentUrl":"http:\/\/blogdobispo.com.br\/wp-content\/uploads\/2023\/05\/cropped-headear.png","width":1500,"height":399,"caption":"Blog do Bispo"},"image":{"@id":"https:\/\/blogdobispo.com.br\/#\/schema\/logo\/image\/"}},{"@type":"Person","@id":"https:\/\/blogdobispo.com.br\/#\/schema\/person\/e2209cc0e6cea5c5233d033e997b373f","name":"Jefferson Sterfeno","image":{"@type":"ImageObject","inLanguage":"pt-BR","@id":"https:\/\/blogdobispo.com.br\/#\/schema\/person\/image\/","url":"https:\/\/secure.gravatar.com\/avatar\/0534e84764641168a677026b6d57a3f51dc7ac4db0b4f6186d9cb330d4ee1160?s=96&d=mm&r=g","contentUrl":"https:\/\/secure.gravatar.com\/avatar\/0534e84764641168a677026b6d57a3f51dc7ac4db0b4f6186d9cb330d4ee1160?s=96&d=mm&r=g","caption":"Jefferson Sterfeno"},"sameAs":["http:\/\/blogdobispo.com.br"],"url":"https:\/\/blogdobispo.com.br\/?author=1"}]}},"featured_image_urls":{"full":"","thumbnail":"","medium":"","medium_large":"","large":"","1536x1536":"","2048x2048":""},"author_info":{"display_name":"Jefferson Sterfeno","author_link":"https:\/\/blogdobispo.com.br\/?author=1"},"category_info":"<a href=\"https:\/\/blogdobispo.com.br\/?cat=1\" rel=\"category\">diversos<\/a>","tag_info":"diversos","comment_count":"0","jetpack_featured_media_url":"","jetpack_sharing_enabled":true,"_links":{"self":[{"href":"https:\/\/blogdobispo.com.br\/index.php?rest_route=\/wp\/v2\/posts\/2146","targetHints":{"allow":["GET"]}}],"collection":[{"href":"https:\/\/blogdobispo.com.br\/index.php?rest_route=\/wp\/v2\/posts"}],"about":[{"href":"https:\/\/blogdobispo.com.br\/index.php?rest_route=\/wp\/v2\/types\/post"}],"author":[{"embeddable":true,"href":"https:\/\/blogdobispo.com.br\/index.php?rest_route=\/wp\/v2\/users\/1"}],"replies":[{"embeddable":true,"href":"https:\/\/blogdobispo.com.br\/index.php?rest_route=%2Fwp%2Fv2%2Fcomments&post=2146"}],"version-history":[{"count":0,"href":"https:\/\/blogdobispo.com.br\/index.php?rest_route=\/wp\/v2\/posts\/2146\/revisions"}],"wp:attachment":[{"href":"https:\/\/blogdobispo.com.br\/index.php?rest_route=%2Fwp%2Fv2%2Fmedia&parent=2146"}],"wp:term":[{"taxonomy":"category","embeddable":true,"href":"https:\/\/blogdobispo.com.br\/index.php?rest_route=%2Fwp%2Fv2%2Fcategories&post=2146"},{"taxonomy":"post_tag","embeddable":true,"href":"https:\/\/blogdobispo.com.br\/index.php?rest_route=%2Fwp%2Fv2%2Ftags&post=2146"}],"curies":[{"name":"wp","href":"https:\/\/api.w.org\/{rel}","templated":true}]}}