{"id":2142,"date":"2023-11-16T16:18:00","date_gmt":"2023-11-16T16:18:00","guid":{"rendered":"https:\/\/blogdobispo.com.br\/?p=2142"},"modified":"2023-11-16T16:18:00","modified_gmt":"2023-11-16T16:18:00","slug":"novo-portal-de-noticias-o-potengi-conectando-a-regiao-potengi-ao-mundo","status":"publish","type":"post","link":"https:\/\/blogdobispo.com.br\/?p=2142","title":{"rendered":"<em>Novo portal de not\u00edcias O Potengi: conectando a regi\u00e3o Potengi ao mundo<\/em>"},"content":{"rendered":"\n<p><\/p>\n\n\n\n<p>O portal de not\u00edcias O Potengi foi lan\u00e7ado hoje, 16, e se prop\u00f5e a ser um marco na comunica\u00e7\u00e3o da regi\u00e3o, trazendo informa\u00e7\u00f5es relevantes, atualizadas em tempo real, e realizando uma acurada an\u00e1lise da vida social, pol\u00edtica e cultural da regi\u00e3o Potengi no Rio Grande do Norte.<\/p>\n\n\n\n<p>Produzido pela experiente equipe da Ag\u00eancia Candeeiro, em colabora\u00e7\u00e3o com comunicadores e influenciadores potengienses, o portal \u00e9 liderado pelo publicit\u00e1rio George Pablo Fernandes e pelo jornalista Angelo Girotto. Contando ainda com uma equipe de competentes redatores e profissionais, como o doutor em Ci\u00eancias Pol\u00edticas Leon K. Nunes, O Potengi promete oferecer uma cobertura jornal\u00edstica abrangente e de alta qualidade.<\/p>\n\n\n\n<p>George Pablo Fernandes, l\u00edder do projeto, expressa entusiasmo: &#8220;Este \u00e9 um momento emocionante para o Potengi. Nosso portal n\u00e3o \u00e9 apenas um ve\u00edculo de not\u00edcias, mas uma plataforma para contar as hist\u00f3rias da nossa comunidade com autenticidade.&#8221;<\/p>\n\n\n\n<p>O portal possui colaboradores em todas as cidades da regi\u00e3o Potengi e em diversas outras cidades do estado. Com uma equipe comprometida, O Potengi proporcionar\u00e1 uma cobertura abrangente de eventos locais, not\u00edcias estaduais, e at\u00e9 mesmo perspectivas globais, mantendo os potengienses sempre informados.<\/p>\n\n\n\n<p>Angelo Girotto, editor, destaca: &#8220;Queremos ser o novo espa\u00e7o das not\u00edcias do potengiense. Com atualiza\u00e7\u00f5es em tempo real, O Potengi se tornar\u00e1 uma fonte confi\u00e1vel e acess\u00edvel para todos que buscam se manter informados sobre o que acontece na regi\u00e3o.&#8221;<\/p>\n\n\n\n<p>J\u00e1 o doutor Leon K. Nunes v\u00ea no projeto uma a\u00e7\u00e3o necess\u00e1ria e importante para garantir ao Potengi o espa\u00e7o que lhe cabe na cena da comunica\u00e7\u00e3o potiguar. &#8220;A regi\u00e3o do Potengi tem se projetado como um polo importante no Rio Grande do Norte, embora com presen\u00e7a menor na imprensa. J\u00e1 estava na hora de ter um portal pr\u00f3prio para analisar o que acontece no estado a partir da perspectiva dessa regi\u00e3o estrat\u00e9gica&#8221;, disse.<\/p>\n\n\n\n<p>O Potengi j\u00e1 est\u00e1 dispon\u00edvel em opotengi.com.br. Conhe\u00e7a, conecte-se e esteja por dentro das \u00faltimas not\u00edcias do Potengi!<\/p>\n\n\n\n<figure class=\"wp-block-image size-large\"><img data-recalc-dims=\"1\" fetchpriority=\"high\" decoding=\"async\" width=\"800\" height=\"430\" src=\"https:\/\/i0.wp.com\/blogdobispo.com.br\/wp-content\/uploads\/2023\/11\/f31d1f8e-1214-4eeb-8f0e-cd5f1079f4b6-1-1024x551.jpg?resize=800%2C430&#038;ssl=1\" class=\"wp-image-2141\" srcset=\"https:\/\/i0.wp.com\/blogdobispo.com.br\/wp-content\/uploads\/2023\/11\/f31d1f8e-1214-4eeb-8f0e-cd5f1079f4b6-1.jpg?resize=1024%2C551&amp;ssl=1 1024w, https:\/\/i0.wp.com\/blogdobispo.com.br\/wp-content\/uploads\/2023\/11\/f31d1f8e-1214-4eeb-8f0e-cd5f1079f4b6-1.jpg?resize=300%2C161&amp;ssl=1 300w, https:\/\/i0.wp.com\/blogdobispo.com.br\/wp-content\/uploads\/2023\/11\/f31d1f8e-1214-4eeb-8f0e-cd5f1079f4b6-1.jpg?resize=768%2C413&amp;ssl=1 768w, https:\/\/i0.wp.com\/blogdobispo.com.br\/wp-content\/uploads\/2023\/11\/f31d1f8e-1214-4eeb-8f0e-cd5f1079f4b6-1.jpg?resize=1536%2C827&amp;ssl=1 1536w, https:\/\/i0.wp.com\/blogdobispo.com.br\/wp-content\/uploads\/2023\/11\/f31d1f8e-1214-4eeb-8f0e-cd5f1079f4b6-1.jpg?w=1600&amp;ssl=1 1600w\" sizes=\"(max-width: 800px) 100vw, 800px\" \/><\/figure>\n","protected":false},"excerpt":{"rendered":"<p>O portal de not\u00edcias O Potengi foi lan\u00e7ado hoje, 16, e se prop\u00f5e a ser um marco na comunica\u00e7\u00e3o da regi\u00e3o, trazendo informa\u00e7\u00f5es relevantes, atualizadas em tempo real, e realizando uma acurada an\u00e1lise da vida social, pol\u00edtica e cultural da regi\u00e3o Potengi no Rio Grande do Norte. Produzido pela experiente equipe da Ag\u00eancia Candeeiro, em [&hellip;]<\/p>\n","protected":false},"author":1,"featured_media":0,"comment_status":"open","ping_status":"open","sticky":false,"template":"","format":"standard","meta":{"cybocfi_hide_featured_image":"","_jetpack_memberships_contains_paid_content":false,"footnotes":""},"categories":[1],"tags":[],"class_list":["post-2142","post","type-post","status-publish","format-standard","hentry","category-diversos"],"yoast_head":"<!-- This site is optimized with the Yoast SEO plugin v25.6 - https:\/\/yoast.com\/wordpress\/plugins\/seo\/ -->\n<title>Novo portal de not\u00edcias O Potengi: conectando a regi\u00e3o Potengi ao mundo - Blog do Bispo<\/title>\n<meta name=\"robots\" content=\"index, follow, max-snippet:-1, max-image-preview:large, max-video-preview:-1\" \/>\n<link rel=\"canonical\" href=\"https:\/\/blogdobispo.com.br\/?p=2142\" \/>\n<meta property=\"og:locale\" content=\"pt_BR\" \/>\n<meta property=\"og:type\" content=\"article\" \/>\n<meta property=\"og:title\" content=\"Novo portal de not\u00edcias O Potengi: conectando a regi\u00e3o Potengi ao mundo - Blog do Bispo\" \/>\n<meta property=\"og:description\" content=\"O portal de not\u00edcias O Potengi foi lan\u00e7ado hoje, 16, e se prop\u00f5e a ser um marco na comunica\u00e7\u00e3o da regi\u00e3o, trazendo informa\u00e7\u00f5es relevantes, atualizadas em tempo real, e realizando uma acurada an\u00e1lise da vida social, pol\u00edtica e cultural da regi\u00e3o Potengi no Rio Grande do Norte. Produzido pela experiente equipe da Ag\u00eancia Candeeiro, em [&hellip;]\" \/>\n<meta property=\"og:url\" content=\"https:\/\/blogdobispo.com.br\/?p=2142\" \/>\n<meta property=\"og:site_name\" content=\"Blog do Bispo\" \/>\n<meta property=\"article:published_time\" content=\"2023-11-16T16:18:00+00:00\" \/>\n<meta property=\"og:image\" content=\"https:\/\/blogdobispo.com.br\/wp-content\/uploads\/2023\/11\/f31d1f8e-1214-4eeb-8f0e-cd5f1079f4b6-1-1024x551.jpg\" \/>\n<meta name=\"author\" content=\"Jefferson Sterfeno\" \/>\n<meta name=\"twitter:card\" content=\"summary_large_image\" \/>\n<meta name=\"twitter:label1\" content=\"Escrito por\" \/>\n\t<meta name=\"twitter:data1\" content=\"Jefferson Sterfeno\" \/>\n\t<meta name=\"twitter:label2\" content=\"Est. tempo de leitura\" \/>\n\t<meta name=\"twitter:data2\" content=\"2 minutos\" \/>\n<script type=\"application\/ld+json\" class=\"yoast-schema-graph\">{\"@context\":\"https:\/\/schema.org\",\"@graph\":[{\"@type\":\"Article\",\"@id\":\"https:\/\/blogdobispo.com.br\/?p=2142#article\",\"isPartOf\":{\"@id\":\"https:\/\/blogdobispo.com.br\/?p=2142\"},\"author\":{\"name\":\"Jefferson Sterfeno\",\"@id\":\"https:\/\/blogdobispo.com.br\/#\/schema\/person\/e2209cc0e6cea5c5233d033e997b373f\"},\"headline\":\"Novo portal de not\u00edcias O Potengi: conectando a regi\u00e3o Potengi ao mundo\",\"datePublished\":\"2023-11-16T16:18:00+00:00\",\"mainEntityOfPage\":{\"@id\":\"https:\/\/blogdobispo.com.br\/?p=2142\"},\"wordCount\":370,\"commentCount\":0,\"publisher\":{\"@id\":\"https:\/\/blogdobispo.com.br\/#organization\"},\"image\":{\"@id\":\"https:\/\/blogdobispo.com.br\/?p=2142#primaryimage\"},\"thumbnailUrl\":\"https:\/\/blogdobispo.com.br\/wp-content\/uploads\/2023\/11\/f31d1f8e-1214-4eeb-8f0e-cd5f1079f4b6-1-1024x551.jpg\",\"articleSection\":[\"diversos\"],\"inLanguage\":\"pt-BR\",\"potentialAction\":[{\"@type\":\"CommentAction\",\"name\":\"Comment\",\"target\":[\"https:\/\/blogdobispo.com.br\/?p=2142#respond\"]}]},{\"@type\":\"WebPage\",\"@id\":\"https:\/\/blogdobispo.com.br\/?p=2142\",\"url\":\"https:\/\/blogdobispo.com.br\/?p=2142\",\"name\":\"Novo portal de not\u00edcias O Potengi: conectando a regi\u00e3o Potengi ao mundo - Blog do Bispo\",\"isPartOf\":{\"@id\":\"https:\/\/blogdobispo.com.br\/#website\"},\"primaryImageOfPage\":{\"@id\":\"https:\/\/blogdobispo.com.br\/?p=2142#primaryimage\"},\"image\":{\"@id\":\"https:\/\/blogdobispo.com.br\/?p=2142#primaryimage\"},\"thumbnailUrl\":\"https:\/\/blogdobispo.com.br\/wp-content\/uploads\/2023\/11\/f31d1f8e-1214-4eeb-8f0e-cd5f1079f4b6-1-1024x551.jpg\",\"datePublished\":\"2023-11-16T16:18:00+00:00\",\"breadcrumb\":{\"@id\":\"https:\/\/blogdobispo.com.br\/?p=2142#breadcrumb\"},\"inLanguage\":\"pt-BR\",\"potentialAction\":[{\"@type\":\"ReadAction\",\"target\":[\"https:\/\/blogdobispo.com.br\/?p=2142\"]}]},{\"@type\":\"ImageObject\",\"inLanguage\":\"pt-BR\",\"@id\":\"https:\/\/blogdobispo.com.br\/?p=2142#primaryimage\",\"url\":\"https:\/\/blogdobispo.com.br\/wp-content\/uploads\/2023\/11\/f31d1f8e-1214-4eeb-8f0e-cd5f1079f4b6-1-1024x551.jpg\",\"contentUrl\":\"https:\/\/blogdobispo.com.br\/wp-content\/uploads\/2023\/11\/f31d1f8e-1214-4eeb-8f0e-cd5f1079f4b6-1-1024x551.jpg\"},{\"@type\":\"BreadcrumbList\",\"@id\":\"https:\/\/blogdobispo.com.br\/?p=2142#breadcrumb\",\"itemListElement\":[{\"@type\":\"ListItem\",\"position\":1,\"name\":\"In\u00edcio\",\"item\":\"https:\/\/blogdobispo.com.br\/\"},{\"@type\":\"ListItem\",\"position\":2,\"name\":\"Novo portal de not\u00edcias O Potengi: conectando a regi\u00e3o Potengi ao mundo\"}]},{\"@type\":\"WebSite\",\"@id\":\"https:\/\/blogdobispo.com.br\/#website\",\"url\":\"https:\/\/blogdobispo.com.br\/\",\"name\":\"Blog do Bispo\",\"description\":\"Comprometido apenas com o leitor\",\"publisher\":{\"@id\":\"https:\/\/blogdobispo.com.br\/#organization\"},\"potentialAction\":[{\"@type\":\"SearchAction\",\"target\":{\"@type\":\"EntryPoint\",\"urlTemplate\":\"https:\/\/blogdobispo.com.br\/?s={search_term_string}\"},\"query-input\":{\"@type\":\"PropertyValueSpecification\",\"valueRequired\":true,\"valueName\":\"search_term_string\"}}],\"inLanguage\":\"pt-BR\"},{\"@type\":\"Organization\",\"@id\":\"https:\/\/blogdobispo.com.br\/#organization\",\"name\":\"Blog do Bispo\",\"url\":\"https:\/\/blogdobispo.com.br\/\",\"logo\":{\"@type\":\"ImageObject\",\"inLanguage\":\"pt-BR\",\"@id\":\"https:\/\/blogdobispo.com.br\/#\/schema\/logo\/image\/\",\"url\":\"http:\/\/blogdobispo.com.br\/wp-content\/uploads\/2023\/05\/cropped-headear.png\",\"contentUrl\":\"http:\/\/blogdobispo.com.br\/wp-content\/uploads\/2023\/05\/cropped-headear.png\",\"width\":1500,\"height\":399,\"caption\":\"Blog do Bispo\"},\"image\":{\"@id\":\"https:\/\/blogdobispo.com.br\/#\/schema\/logo\/image\/\"}},{\"@type\":\"Person\",\"@id\":\"https:\/\/blogdobispo.com.br\/#\/schema\/person\/e2209cc0e6cea5c5233d033e997b373f\",\"name\":\"Jefferson Sterfeno\",\"image\":{\"@type\":\"ImageObject\",\"inLanguage\":\"pt-BR\",\"@id\":\"https:\/\/blogdobispo.com.br\/#\/schema\/person\/image\/\",\"url\":\"https:\/\/secure.gravatar.com\/avatar\/0534e84764641168a677026b6d57a3f51dc7ac4db0b4f6186d9cb330d4ee1160?s=96&d=mm&r=g\",\"contentUrl\":\"https:\/\/secure.gravatar.com\/avatar\/0534e84764641168a677026b6d57a3f51dc7ac4db0b4f6186d9cb330d4ee1160?s=96&d=mm&r=g\",\"caption\":\"Jefferson Sterfeno\"},\"sameAs\":[\"http:\/\/blogdobispo.com.br\"],\"url\":\"https:\/\/blogdobispo.com.br\/?author=1\"}]}<\/script>\n<!-- \/ Yoast SEO plugin. -->","yoast_head_json":{"title":"Novo portal de not\u00edcias O Potengi: conectando a regi\u00e3o Potengi ao mundo - Blog do Bispo","robots":{"index":"index","follow":"follow","max-snippet":"max-snippet:-1","max-image-preview":"max-image-preview:large","max-video-preview":"max-video-preview:-1"},"canonical":"https:\/\/blogdobispo.com.br\/?p=2142","og_locale":"pt_BR","og_type":"article","og_title":"Novo portal de not\u00edcias O Potengi: conectando a regi\u00e3o Potengi ao mundo - Blog do Bispo","og_description":"O portal de not\u00edcias O Potengi foi lan\u00e7ado hoje, 16, e se prop\u00f5e a ser um marco na comunica\u00e7\u00e3o da regi\u00e3o, trazendo informa\u00e7\u00f5es relevantes, atualizadas em tempo real, e realizando uma acurada an\u00e1lise da vida social, pol\u00edtica e cultural da regi\u00e3o Potengi no Rio Grande do Norte. Produzido pela experiente equipe da Ag\u00eancia Candeeiro, em [&hellip;]","og_url":"https:\/\/blogdobispo.com.br\/?p=2142","og_site_name":"Blog do Bispo","article_published_time":"2023-11-16T16:18:00+00:00","og_image":[{"url":"https:\/\/blogdobispo.com.br\/wp-content\/uploads\/2023\/11\/f31d1f8e-1214-4eeb-8f0e-cd5f1079f4b6-1-1024x551.jpg","type":"","width":"","height":""}],"author":"Jefferson Sterfeno","twitter_card":"summary_large_image","twitter_misc":{"Escrito por":"Jefferson Sterfeno","Est. tempo de leitura":"2 minutos"},"schema":{"@context":"https:\/\/schema.org","@graph":[{"@type":"Article","@id":"https:\/\/blogdobispo.com.br\/?p=2142#article","isPartOf":{"@id":"https:\/\/blogdobispo.com.br\/?p=2142"},"author":{"name":"Jefferson Sterfeno","@id":"https:\/\/blogdobispo.com.br\/#\/schema\/person\/e2209cc0e6cea5c5233d033e997b373f"},"headline":"Novo portal de not\u00edcias O Potengi: conectando a regi\u00e3o Potengi ao mundo","datePublished":"2023-11-16T16:18:00+00:00","mainEntityOfPage":{"@id":"https:\/\/blogdobispo.com.br\/?p=2142"},"wordCount":370,"commentCount":0,"publisher":{"@id":"https:\/\/blogdobispo.com.br\/#organization"},"image":{"@id":"https:\/\/blogdobispo.com.br\/?p=2142#primaryimage"},"thumbnailUrl":"https:\/\/blogdobispo.com.br\/wp-content\/uploads\/2023\/11\/f31d1f8e-1214-4eeb-8f0e-cd5f1079f4b6-1-1024x551.jpg","articleSection":["diversos"],"inLanguage":"pt-BR","potentialAction":[{"@type":"CommentAction","name":"Comment","target":["https:\/\/blogdobispo.com.br\/?p=2142#respond"]}]},{"@type":"WebPage","@id":"https:\/\/blogdobispo.com.br\/?p=2142","url":"https:\/\/blogdobispo.com.br\/?p=2142","name":"Novo portal de not\u00edcias O Potengi: conectando a regi\u00e3o Potengi ao mundo - Blog do Bispo","isPartOf":{"@id":"https:\/\/blogdobispo.com.br\/#website"},"primaryImageOfPage":{"@id":"https:\/\/blogdobispo.com.br\/?p=2142#primaryimage"},"image":{"@id":"https:\/\/blogdobispo.com.br\/?p=2142#primaryimage"},"thumbnailUrl":"https:\/\/blogdobispo.com.br\/wp-content\/uploads\/2023\/11\/f31d1f8e-1214-4eeb-8f0e-cd5f1079f4b6-1-1024x551.jpg","datePublished":"2023-11-16T16:18:00+00:00","breadcrumb":{"@id":"https:\/\/blogdobispo.com.br\/?p=2142#breadcrumb"},"inLanguage":"pt-BR","potentialAction":[{"@type":"ReadAction","target":["https:\/\/blogdobispo.com.br\/?p=2142"]}]},{"@type":"ImageObject","inLanguage":"pt-BR","@id":"https:\/\/blogdobispo.com.br\/?p=2142#primaryimage","url":"https:\/\/blogdobispo.com.br\/wp-content\/uploads\/2023\/11\/f31d1f8e-1214-4eeb-8f0e-cd5f1079f4b6-1-1024x551.jpg","contentUrl":"https:\/\/blogdobispo.com.br\/wp-content\/uploads\/2023\/11\/f31d1f8e-1214-4eeb-8f0e-cd5f1079f4b6-1-1024x551.jpg"},{"@type":"BreadcrumbList","@id":"https:\/\/blogdobispo.com.br\/?p=2142#breadcrumb","itemListElement":[{"@type":"ListItem","position":1,"name":"In\u00edcio","item":"https:\/\/blogdobispo.com.br\/"},{"@type":"ListItem","position":2,"name":"Novo portal de not\u00edcias O Potengi: conectando a regi\u00e3o Potengi ao mundo"}]},{"@type":"WebSite","@id":"https:\/\/blogdobispo.com.br\/#website","url":"https:\/\/blogdobispo.com.br\/","name":"Blog do Bispo","description":"Comprometido apenas com o leitor","publisher":{"@id":"https:\/\/blogdobispo.com.br\/#organization"},"potentialAction":[{"@type":"SearchAction","target":{"@type":"EntryPoint","urlTemplate":"https:\/\/blogdobispo.com.br\/?s={search_term_string}"},"query-input":{"@type":"PropertyValueSpecification","valueRequired":true,"valueName":"search_term_string"}}],"inLanguage":"pt-BR"},{"@type":"Organization","@id":"https:\/\/blogdobispo.com.br\/#organization","name":"Blog do Bispo","url":"https:\/\/blogdobispo.com.br\/","logo":{"@type":"ImageObject","inLanguage":"pt-BR","@id":"https:\/\/blogdobispo.com.br\/#\/schema\/logo\/image\/","url":"http:\/\/blogdobispo.com.br\/wp-content\/uploads\/2023\/05\/cropped-headear.png","contentUrl":"http:\/\/blogdobispo.com.br\/wp-content\/uploads\/2023\/05\/cropped-headear.png","width":1500,"height":399,"caption":"Blog do Bispo"},"image":{"@id":"https:\/\/blogdobispo.com.br\/#\/schema\/logo\/image\/"}},{"@type":"Person","@id":"https:\/\/blogdobispo.com.br\/#\/schema\/person\/e2209cc0e6cea5c5233d033e997b373f","name":"Jefferson Sterfeno","image":{"@type":"ImageObject","inLanguage":"pt-BR","@id":"https:\/\/blogdobispo.com.br\/#\/schema\/person\/image\/","url":"https:\/\/secure.gravatar.com\/avatar\/0534e84764641168a677026b6d57a3f51dc7ac4db0b4f6186d9cb330d4ee1160?s=96&d=mm&r=g","contentUrl":"https:\/\/secure.gravatar.com\/avatar\/0534e84764641168a677026b6d57a3f51dc7ac4db0b4f6186d9cb330d4ee1160?s=96&d=mm&r=g","caption":"Jefferson Sterfeno"},"sameAs":["http:\/\/blogdobispo.com.br"],"url":"https:\/\/blogdobispo.com.br\/?author=1"}]}},"featured_image_urls":{"full":"","thumbnail":"","medium":"","medium_large":"","large":"","1536x1536":"","2048x2048":""},"author_info":{"display_name":"Jefferson Sterfeno","author_link":"https:\/\/blogdobispo.com.br\/?author=1"},"category_info":"<a href=\"https:\/\/blogdobispo.com.br\/?cat=1\" rel=\"category\">diversos<\/a>","tag_info":"diversos","comment_count":"0","jetpack_featured_media_url":"","jetpack_sharing_enabled":true,"_links":{"self":[{"href":"https:\/\/blogdobispo.com.br\/index.php?rest_route=\/wp\/v2\/posts\/2142","targetHints":{"allow":["GET"]}}],"collection":[{"href":"https:\/\/blogdobispo.com.br\/index.php?rest_route=\/wp\/v2\/posts"}],"about":[{"href":"https:\/\/blogdobispo.com.br\/index.php?rest_route=\/wp\/v2\/types\/post"}],"author":[{"embeddable":true,"href":"https:\/\/blogdobispo.com.br\/index.php?rest_route=\/wp\/v2\/users\/1"}],"replies":[{"embeddable":true,"href":"https:\/\/blogdobispo.com.br\/index.php?rest_route=%2Fwp%2Fv2%2Fcomments&post=2142"}],"version-history":[{"count":0,"href":"https:\/\/blogdobispo.com.br\/index.php?rest_route=\/wp\/v2\/posts\/2142\/revisions"}],"wp:attachment":[{"href":"https:\/\/blogdobispo.com.br\/index.php?rest_route=%2Fwp%2Fv2%2Fmedia&parent=2142"}],"wp:term":[{"taxonomy":"category","embeddable":true,"href":"https:\/\/blogdobispo.com.br\/index.php?rest_route=%2Fwp%2Fv2%2Fcategories&post=2142"},{"taxonomy":"post_tag","embeddable":true,"href":"https:\/\/blogdobispo.com.br\/index.php?rest_route=%2Fwp%2Fv2%2Ftags&post=2142"}],"curies":[{"name":"wp","href":"https:\/\/api.w.org\/{rel}","templated":true}]}}