{"id":2138,"date":"2023-11-15T16:26:01","date_gmt":"2023-11-15T16:26:01","guid":{"rendered":"https:\/\/blogdobispo.com.br\/?p=2138"},"modified":"2023-11-15T16:26:01","modified_gmt":"2023-11-15T16:26:01","slug":"deputados-voltam-a-falar-sobre-destinacao-de-emendas-e-comentam-projetos-de-lei","status":"publish","type":"post","link":"https:\/\/blogdobispo.com.br\/?p=2138","title":{"rendered":"Deputados voltam a falar sobre destina\u00e7\u00e3o de emendas e comentam projetos de lei"},"content":{"rendered":"\n<p>O deputado estadual Tomba Farias (PSDB) cobrou do Governo do Estado, ao se pronunciar no hor\u00e1rio dos deputados, o pagamento das emendas parlamentares. Segundo o deputado, o Governo havia se comprometido a fazer o repasse ainda em outubro. \u201cAs emendas n\u00e3o s\u00e3o dos deputados, s\u00e3o dos munic\u00edpios\u201d, refor\u00e7ou Tomba, afirmando que tem recebido com frequ\u00eancia, liga\u00e7\u00e3o de prefeitos cobrando as emendas \u00e0s quais os munic\u00edpios receberam a garantia. \u201cFica aqui a esperan\u00e7a de que o Governo retome o pagamento ainda esta semana\u201d, disse Tomba Farias, adiantando que se o repasse n\u00e3o for feito at\u00e9 esta sexta-feira (17), o caso ser\u00e1 judicializado.<\/p>\n\n\n\n<p>O deputado Ubaldo Fernandes relatou em seu discurso a import\u00e2ncia dos debates que acompanhou na semana passada durante a Confer\u00eancia da Unale (Uni\u00e3o Nacional das Assembleias Legislativas), ocorrida em Fortaleza. Ubaldo ressaltou o pr\u00eamio recebido pela Assembleia potiguar, somando assim o quarto consecutivo conquistado pela Casa nas Confer\u00eancias anuais da Unale. O deputado enalteceu a gest\u00e3o do presidente da Assembleia, Ezequiel Ferreira (PSDB). \u201cUm l\u00edder que valoriza muito esta Casa\u201d, ressaltou o deputado, referindo-se ao est\u00edmulo a todos os setores da Assembleia, e tendo as premia\u00e7\u00f5es como resultado.<\/p>\n\n\n\n<p>A deputada Terezinha Maia (PL) relatou o Projeto de Lei apresentado pelo seu mandato, que disp\u00f5e sobre a prote\u00e7\u00e3o financeira da pessoa idosa residente no Rio Grande do Norte, visando prevenir abusos, fraudes e explora\u00e7\u00e3o financeira. A lei estabelece parcerias com institui\u00e7\u00f5es financeiras para o desenvolvimento de programas de capacita\u00e7\u00e3o dos funcion\u00e1rios, visando identificar e denunciar casos suspeitos de fraude ou abuso financeiro contra idosos. \u201cNosso mandato tem tido um olha especial voltado \u00e0 seguran\u00e7a e bem-estar da pessoa idosa. J\u00e1 aprovamos aqui a lei que obriga ao Estado realizar a\u00e7\u00f5es socioeducativas de combate \u00e0 viol\u00eancia contra os idosos nas escolas estaduais\u201d. Lembrou Terezinha, pedindo o apoio do plen\u00e1rio.<\/p>\n\n\n\n<p>O deputado Coronel Azevedo (PL) comentou a cria\u00e7\u00e3o da Frente Parlamentar do Conservadorismo, composta inicialmente por ele e pelos deputados Tomba Farias (PSDB), Adjuto Dias (MDB) e Taveira J\u00fanior (Uni\u00e3o). Tamb\u00e9m discutiu o Projeto de Lei discutido na Comiss\u00e3o de Constitui\u00e7\u00e3o e Justi\u00e7a que prev\u00ea a quebra da Cl\u00e1usula de Barreira, permitindo que o Governo convoque, dentro da ordem classificat\u00f3ria, aprovados em concursos, para evitar gastos com outros concursos.<strong class=\"title-new\"><\/strong><\/p>\n\n\n\n<figure class=\"wp-block-image size-large\"><img data-recalc-dims=\"1\" fetchpriority=\"high\" decoding=\"async\" width=\"800\" height=\"532\" src=\"https:\/\/i0.wp.com\/blogdobispo.com.br\/wp-content\/uploads\/2023\/11\/img_3820-1-1024x681.jpg?resize=800%2C532&#038;ssl=1\" class=\"wp-image-2137\" srcset=\"https:\/\/i0.wp.com\/blogdobispo.com.br\/wp-content\/uploads\/2023\/11\/img_3820-1-scaled.jpg?resize=1024%2C681&amp;ssl=1 1024w, https:\/\/i0.wp.com\/blogdobispo.com.br\/wp-content\/uploads\/2023\/11\/img_3820-1-scaled.jpg?resize=300%2C200&amp;ssl=1 300w, https:\/\/i0.wp.com\/blogdobispo.com.br\/wp-content\/uploads\/2023\/11\/img_3820-1-scaled.jpg?resize=768%2C511&amp;ssl=1 768w, https:\/\/i0.wp.com\/blogdobispo.com.br\/wp-content\/uploads\/2023\/11\/img_3820-1-scaled.jpg?resize=1536%2C1022&amp;ssl=1 1536w, https:\/\/i0.wp.com\/blogdobispo.com.br\/wp-content\/uploads\/2023\/11\/img_3820-1-scaled.jpg?resize=2048%2C1363&amp;ssl=1 2048w, https:\/\/i0.wp.com\/blogdobispo.com.br\/wp-content\/uploads\/2023\/11\/img_3820-1-scaled.jpg?w=1600 1600w, https:\/\/i0.wp.com\/blogdobispo.com.br\/wp-content\/uploads\/2023\/11\/img_3820-1-scaled.jpg?w=2400 2400w\" sizes=\"(max-width: 800px) 100vw, 800px\" \/><\/figure>\n","protected":false},"excerpt":{"rendered":"<p>O deputado estadual Tomba Farias (PSDB) cobrou do Governo do Estado, ao se pronunciar no hor\u00e1rio dos deputados, o pagamento das emendas parlamentares. Segundo o deputado, o Governo havia se comprometido a fazer o repasse ainda em outubro. \u201cAs emendas n\u00e3o s\u00e3o dos deputados, s\u00e3o dos munic\u00edpios\u201d, refor\u00e7ou Tomba, afirmando que tem recebido com frequ\u00eancia, [&hellip;]<\/p>\n","protected":false},"author":1,"featured_media":0,"comment_status":"open","ping_status":"open","sticky":false,"template":"","format":"standard","meta":{"cybocfi_hide_featured_image":"","_jetpack_memberships_contains_paid_content":false,"footnotes":""},"categories":[1],"tags":[],"class_list":["post-2138","post","type-post","status-publish","format-standard","hentry","category-diversos"],"yoast_head":"<!-- This site is optimized with the Yoast SEO plugin v25.6 - https:\/\/yoast.com\/wordpress\/plugins\/seo\/ -->\n<title>Deputados voltam a falar sobre destina\u00e7\u00e3o de emendas e comentam projetos de lei - Blog do Bispo<\/title>\n<meta name=\"robots\" content=\"index, follow, max-snippet:-1, max-image-preview:large, max-video-preview:-1\" \/>\n<link rel=\"canonical\" href=\"https:\/\/blogdobispo.com.br\/?p=2138\" \/>\n<meta property=\"og:locale\" content=\"pt_BR\" \/>\n<meta property=\"og:type\" content=\"article\" \/>\n<meta property=\"og:title\" content=\"Deputados voltam a falar sobre destina\u00e7\u00e3o de emendas e comentam projetos de lei - Blog do Bispo\" \/>\n<meta property=\"og:description\" content=\"O deputado estadual Tomba Farias (PSDB) cobrou do Governo do Estado, ao se pronunciar no hor\u00e1rio dos deputados, o pagamento das emendas parlamentares. Segundo o deputado, o Governo havia se comprometido a fazer o repasse ainda em outubro. \u201cAs emendas n\u00e3o s\u00e3o dos deputados, s\u00e3o dos munic\u00edpios\u201d, refor\u00e7ou Tomba, afirmando que tem recebido com frequ\u00eancia, [&hellip;]\" \/>\n<meta property=\"og:url\" content=\"https:\/\/blogdobispo.com.br\/?p=2138\" \/>\n<meta property=\"og:site_name\" content=\"Blog do Bispo\" \/>\n<meta property=\"article:published_time\" content=\"2023-11-15T16:26:01+00:00\" \/>\n<meta property=\"og:image\" content=\"https:\/\/blogdobispo.com.br\/wp-content\/uploads\/2023\/11\/img_3820-1-1024x681.jpg\" \/>\n<meta name=\"author\" content=\"Jefferson Sterfeno\" \/>\n<meta name=\"twitter:card\" content=\"summary_large_image\" \/>\n<meta name=\"twitter:label1\" content=\"Escrito por\" \/>\n\t<meta name=\"twitter:data1\" content=\"Jefferson Sterfeno\" \/>\n\t<meta name=\"twitter:label2\" content=\"Est. tempo de leitura\" \/>\n\t<meta name=\"twitter:data2\" content=\"2 minutos\" \/>\n<script type=\"application\/ld+json\" class=\"yoast-schema-graph\">{\"@context\":\"https:\/\/schema.org\",\"@graph\":[{\"@type\":\"Article\",\"@id\":\"https:\/\/blogdobispo.com.br\/?p=2138#article\",\"isPartOf\":{\"@id\":\"https:\/\/blogdobispo.com.br\/?p=2138\"},\"author\":{\"name\":\"Jefferson Sterfeno\",\"@id\":\"https:\/\/blogdobispo.com.br\/#\/schema\/person\/e2209cc0e6cea5c5233d033e997b373f\"},\"headline\":\"Deputados voltam a falar sobre destina\u00e7\u00e3o de emendas e comentam projetos de lei\",\"datePublished\":\"2023-11-15T16:26:01+00:00\",\"mainEntityOfPage\":{\"@id\":\"https:\/\/blogdobispo.com.br\/?p=2138\"},\"wordCount\":417,\"commentCount\":0,\"publisher\":{\"@id\":\"https:\/\/blogdobispo.com.br\/#organization\"},\"image\":{\"@id\":\"https:\/\/blogdobispo.com.br\/?p=2138#primaryimage\"},\"thumbnailUrl\":\"https:\/\/blogdobispo.com.br\/wp-content\/uploads\/2023\/11\/img_3820-1-1024x681.jpg\",\"articleSection\":[\"diversos\"],\"inLanguage\":\"pt-BR\",\"potentialAction\":[{\"@type\":\"CommentAction\",\"name\":\"Comment\",\"target\":[\"https:\/\/blogdobispo.com.br\/?p=2138#respond\"]}]},{\"@type\":\"WebPage\",\"@id\":\"https:\/\/blogdobispo.com.br\/?p=2138\",\"url\":\"https:\/\/blogdobispo.com.br\/?p=2138\",\"name\":\"Deputados voltam a falar sobre destina\u00e7\u00e3o de emendas e comentam projetos de lei - Blog do Bispo\",\"isPartOf\":{\"@id\":\"https:\/\/blogdobispo.com.br\/#website\"},\"primaryImageOfPage\":{\"@id\":\"https:\/\/blogdobispo.com.br\/?p=2138#primaryimage\"},\"image\":{\"@id\":\"https:\/\/blogdobispo.com.br\/?p=2138#primaryimage\"},\"thumbnailUrl\":\"https:\/\/blogdobispo.com.br\/wp-content\/uploads\/2023\/11\/img_3820-1-1024x681.jpg\",\"datePublished\":\"2023-11-15T16:26:01+00:00\",\"breadcrumb\":{\"@id\":\"https:\/\/blogdobispo.com.br\/?p=2138#breadcrumb\"},\"inLanguage\":\"pt-BR\",\"potentialAction\":[{\"@type\":\"ReadAction\",\"target\":[\"https:\/\/blogdobispo.com.br\/?p=2138\"]}]},{\"@type\":\"ImageObject\",\"inLanguage\":\"pt-BR\",\"@id\":\"https:\/\/blogdobispo.com.br\/?p=2138#primaryimage\",\"url\":\"https:\/\/blogdobispo.com.br\/wp-content\/uploads\/2023\/11\/img_3820-1-1024x681.jpg\",\"contentUrl\":\"https:\/\/blogdobispo.com.br\/wp-content\/uploads\/2023\/11\/img_3820-1-1024x681.jpg\"},{\"@type\":\"BreadcrumbList\",\"@id\":\"https:\/\/blogdobispo.com.br\/?p=2138#breadcrumb\",\"itemListElement\":[{\"@type\":\"ListItem\",\"position\":1,\"name\":\"In\u00edcio\",\"item\":\"https:\/\/blogdobispo.com.br\/\"},{\"@type\":\"ListItem\",\"position\":2,\"name\":\"Deputados voltam a falar sobre destina\u00e7\u00e3o de emendas e comentam projetos de lei\"}]},{\"@type\":\"WebSite\",\"@id\":\"https:\/\/blogdobispo.com.br\/#website\",\"url\":\"https:\/\/blogdobispo.com.br\/\",\"name\":\"Blog do Bispo\",\"description\":\"Comprometido apenas com o leitor\",\"publisher\":{\"@id\":\"https:\/\/blogdobispo.com.br\/#organization\"},\"potentialAction\":[{\"@type\":\"SearchAction\",\"target\":{\"@type\":\"EntryPoint\",\"urlTemplate\":\"https:\/\/blogdobispo.com.br\/?s={search_term_string}\"},\"query-input\":{\"@type\":\"PropertyValueSpecification\",\"valueRequired\":true,\"valueName\":\"search_term_string\"}}],\"inLanguage\":\"pt-BR\"},{\"@type\":\"Organization\",\"@id\":\"https:\/\/blogdobispo.com.br\/#organization\",\"name\":\"Blog do Bispo\",\"url\":\"https:\/\/blogdobispo.com.br\/\",\"logo\":{\"@type\":\"ImageObject\",\"inLanguage\":\"pt-BR\",\"@id\":\"https:\/\/blogdobispo.com.br\/#\/schema\/logo\/image\/\",\"url\":\"http:\/\/blogdobispo.com.br\/wp-content\/uploads\/2023\/05\/cropped-headear.png\",\"contentUrl\":\"http:\/\/blogdobispo.com.br\/wp-content\/uploads\/2023\/05\/cropped-headear.png\",\"width\":1500,\"height\":399,\"caption\":\"Blog do Bispo\"},\"image\":{\"@id\":\"https:\/\/blogdobispo.com.br\/#\/schema\/logo\/image\/\"}},{\"@type\":\"Person\",\"@id\":\"https:\/\/blogdobispo.com.br\/#\/schema\/person\/e2209cc0e6cea5c5233d033e997b373f\",\"name\":\"Jefferson Sterfeno\",\"image\":{\"@type\":\"ImageObject\",\"inLanguage\":\"pt-BR\",\"@id\":\"https:\/\/blogdobispo.com.br\/#\/schema\/person\/image\/\",\"url\":\"https:\/\/secure.gravatar.com\/avatar\/0534e84764641168a677026b6d57a3f51dc7ac4db0b4f6186d9cb330d4ee1160?s=96&d=mm&r=g\",\"contentUrl\":\"https:\/\/secure.gravatar.com\/avatar\/0534e84764641168a677026b6d57a3f51dc7ac4db0b4f6186d9cb330d4ee1160?s=96&d=mm&r=g\",\"caption\":\"Jefferson Sterfeno\"},\"sameAs\":[\"http:\/\/blogdobispo.com.br\"],\"url\":\"https:\/\/blogdobispo.com.br\/?author=1\"}]}<\/script>\n<!-- \/ Yoast SEO plugin. -->","yoast_head_json":{"title":"Deputados voltam a falar sobre destina\u00e7\u00e3o de emendas e comentam projetos de lei - Blog do Bispo","robots":{"index":"index","follow":"follow","max-snippet":"max-snippet:-1","max-image-preview":"max-image-preview:large","max-video-preview":"max-video-preview:-1"},"canonical":"https:\/\/blogdobispo.com.br\/?p=2138","og_locale":"pt_BR","og_type":"article","og_title":"Deputados voltam a falar sobre destina\u00e7\u00e3o de emendas e comentam projetos de lei - Blog do Bispo","og_description":"O deputado estadual Tomba Farias (PSDB) cobrou do Governo do Estado, ao se pronunciar no hor\u00e1rio dos deputados, o pagamento das emendas parlamentares. Segundo o deputado, o Governo havia se comprometido a fazer o repasse ainda em outubro. \u201cAs emendas n\u00e3o s\u00e3o dos deputados, s\u00e3o dos munic\u00edpios\u201d, refor\u00e7ou Tomba, afirmando que tem recebido com frequ\u00eancia, [&hellip;]","og_url":"https:\/\/blogdobispo.com.br\/?p=2138","og_site_name":"Blog do Bispo","article_published_time":"2023-11-15T16:26:01+00:00","og_image":[{"url":"https:\/\/blogdobispo.com.br\/wp-content\/uploads\/2023\/11\/img_3820-1-1024x681.jpg","type":"","width":"","height":""}],"author":"Jefferson Sterfeno","twitter_card":"summary_large_image","twitter_misc":{"Escrito por":"Jefferson Sterfeno","Est. tempo de leitura":"2 minutos"},"schema":{"@context":"https:\/\/schema.org","@graph":[{"@type":"Article","@id":"https:\/\/blogdobispo.com.br\/?p=2138#article","isPartOf":{"@id":"https:\/\/blogdobispo.com.br\/?p=2138"},"author":{"name":"Jefferson Sterfeno","@id":"https:\/\/blogdobispo.com.br\/#\/schema\/person\/e2209cc0e6cea5c5233d033e997b373f"},"headline":"Deputados voltam a falar sobre destina\u00e7\u00e3o de emendas e comentam projetos de lei","datePublished":"2023-11-15T16:26:01+00:00","mainEntityOfPage":{"@id":"https:\/\/blogdobispo.com.br\/?p=2138"},"wordCount":417,"commentCount":0,"publisher":{"@id":"https:\/\/blogdobispo.com.br\/#organization"},"image":{"@id":"https:\/\/blogdobispo.com.br\/?p=2138#primaryimage"},"thumbnailUrl":"https:\/\/blogdobispo.com.br\/wp-content\/uploads\/2023\/11\/img_3820-1-1024x681.jpg","articleSection":["diversos"],"inLanguage":"pt-BR","potentialAction":[{"@type":"CommentAction","name":"Comment","target":["https:\/\/blogdobispo.com.br\/?p=2138#respond"]}]},{"@type":"WebPage","@id":"https:\/\/blogdobispo.com.br\/?p=2138","url":"https:\/\/blogdobispo.com.br\/?p=2138","name":"Deputados voltam a falar sobre destina\u00e7\u00e3o de emendas e comentam projetos de lei - Blog do Bispo","isPartOf":{"@id":"https:\/\/blogdobispo.com.br\/#website"},"primaryImageOfPage":{"@id":"https:\/\/blogdobispo.com.br\/?p=2138#primaryimage"},"image":{"@id":"https:\/\/blogdobispo.com.br\/?p=2138#primaryimage"},"thumbnailUrl":"https:\/\/blogdobispo.com.br\/wp-content\/uploads\/2023\/11\/img_3820-1-1024x681.jpg","datePublished":"2023-11-15T16:26:01+00:00","breadcrumb":{"@id":"https:\/\/blogdobispo.com.br\/?p=2138#breadcrumb"},"inLanguage":"pt-BR","potentialAction":[{"@type":"ReadAction","target":["https:\/\/blogdobispo.com.br\/?p=2138"]}]},{"@type":"ImageObject","inLanguage":"pt-BR","@id":"https:\/\/blogdobispo.com.br\/?p=2138#primaryimage","url":"https:\/\/blogdobispo.com.br\/wp-content\/uploads\/2023\/11\/img_3820-1-1024x681.jpg","contentUrl":"https:\/\/blogdobispo.com.br\/wp-content\/uploads\/2023\/11\/img_3820-1-1024x681.jpg"},{"@type":"BreadcrumbList","@id":"https:\/\/blogdobispo.com.br\/?p=2138#breadcrumb","itemListElement":[{"@type":"ListItem","position":1,"name":"In\u00edcio","item":"https:\/\/blogdobispo.com.br\/"},{"@type":"ListItem","position":2,"name":"Deputados voltam a falar sobre destina\u00e7\u00e3o de emendas e comentam projetos de lei"}]},{"@type":"WebSite","@id":"https:\/\/blogdobispo.com.br\/#website","url":"https:\/\/blogdobispo.com.br\/","name":"Blog do Bispo","description":"Comprometido apenas com o leitor","publisher":{"@id":"https:\/\/blogdobispo.com.br\/#organization"},"potentialAction":[{"@type":"SearchAction","target":{"@type":"EntryPoint","urlTemplate":"https:\/\/blogdobispo.com.br\/?s={search_term_string}"},"query-input":{"@type":"PropertyValueSpecification","valueRequired":true,"valueName":"search_term_string"}}],"inLanguage":"pt-BR"},{"@type":"Organization","@id":"https:\/\/blogdobispo.com.br\/#organization","name":"Blog do Bispo","url":"https:\/\/blogdobispo.com.br\/","logo":{"@type":"ImageObject","inLanguage":"pt-BR","@id":"https:\/\/blogdobispo.com.br\/#\/schema\/logo\/image\/","url":"http:\/\/blogdobispo.com.br\/wp-content\/uploads\/2023\/05\/cropped-headear.png","contentUrl":"http:\/\/blogdobispo.com.br\/wp-content\/uploads\/2023\/05\/cropped-headear.png","width":1500,"height":399,"caption":"Blog do Bispo"},"image":{"@id":"https:\/\/blogdobispo.com.br\/#\/schema\/logo\/image\/"}},{"@type":"Person","@id":"https:\/\/blogdobispo.com.br\/#\/schema\/person\/e2209cc0e6cea5c5233d033e997b373f","name":"Jefferson Sterfeno","image":{"@type":"ImageObject","inLanguage":"pt-BR","@id":"https:\/\/blogdobispo.com.br\/#\/schema\/person\/image\/","url":"https:\/\/secure.gravatar.com\/avatar\/0534e84764641168a677026b6d57a3f51dc7ac4db0b4f6186d9cb330d4ee1160?s=96&d=mm&r=g","contentUrl":"https:\/\/secure.gravatar.com\/avatar\/0534e84764641168a677026b6d57a3f51dc7ac4db0b4f6186d9cb330d4ee1160?s=96&d=mm&r=g","caption":"Jefferson Sterfeno"},"sameAs":["http:\/\/blogdobispo.com.br"],"url":"https:\/\/blogdobispo.com.br\/?author=1"}]}},"featured_image_urls":{"full":"","thumbnail":"","medium":"","medium_large":"","large":"","1536x1536":"","2048x2048":""},"author_info":{"display_name":"Jefferson Sterfeno","author_link":"https:\/\/blogdobispo.com.br\/?author=1"},"category_info":"<a href=\"https:\/\/blogdobispo.com.br\/?cat=1\" rel=\"category\">diversos<\/a>","tag_info":"diversos","comment_count":"0","jetpack_featured_media_url":"","jetpack_sharing_enabled":true,"_links":{"self":[{"href":"https:\/\/blogdobispo.com.br\/index.php?rest_route=\/wp\/v2\/posts\/2138","targetHints":{"allow":["GET"]}}],"collection":[{"href":"https:\/\/blogdobispo.com.br\/index.php?rest_route=\/wp\/v2\/posts"}],"about":[{"href":"https:\/\/blogdobispo.com.br\/index.php?rest_route=\/wp\/v2\/types\/post"}],"author":[{"embeddable":true,"href":"https:\/\/blogdobispo.com.br\/index.php?rest_route=\/wp\/v2\/users\/1"}],"replies":[{"embeddable":true,"href":"https:\/\/blogdobispo.com.br\/index.php?rest_route=%2Fwp%2Fv2%2Fcomments&post=2138"}],"version-history":[{"count":0,"href":"https:\/\/blogdobispo.com.br\/index.php?rest_route=\/wp\/v2\/posts\/2138\/revisions"}],"wp:attachment":[{"href":"https:\/\/blogdobispo.com.br\/index.php?rest_route=%2Fwp%2Fv2%2Fmedia&parent=2138"}],"wp:term":[{"taxonomy":"category","embeddable":true,"href":"https:\/\/blogdobispo.com.br\/index.php?rest_route=%2Fwp%2Fv2%2Fcategories&post=2138"},{"taxonomy":"post_tag","embeddable":true,"href":"https:\/\/blogdobispo.com.br\/index.php?rest_route=%2Fwp%2Fv2%2Ftags&post=2138"}],"curies":[{"name":"wp","href":"https:\/\/api.w.org\/{rel}","templated":true}]}}