{"id":2126,"date":"2023-11-13T14:41:56","date_gmt":"2023-11-13T14:41:56","guid":{"rendered":"https:\/\/blogdobispo.com.br\/?p=2126"},"modified":"2023-11-13T14:41:56","modified_gmt":"2023-11-13T14:41:56","slug":"23-linhas-de-onibus-terao-aumento-de-viagens-a-partir-desta-segunda-feira-13","status":"publish","type":"post","link":"https:\/\/blogdobispo.com.br\/?p=2126","title":{"rendered":"23 linhas de \u00f4nibus ter\u00e3o aumento de viagens a partir desta segunda-feira (13)"},"content":{"rendered":"\n<figure class=\"wp-block-image size-large\"><img data-recalc-dims=\"1\" fetchpriority=\"high\" decoding=\"async\" width=\"671\" height=\"457\" src=\"https:\/\/i0.wp.com\/blogdobispo.com.br\/wp-content\/uploads\/2023\/11\/28754623-85f2-4a57-bd38-74b5bca58363-1.jpg?resize=671%2C457&#038;ssl=1\" class=\"wp-image-2125\" srcset=\"https:\/\/i0.wp.com\/blogdobispo.com.br\/wp-content\/uploads\/2023\/11\/28754623-85f2-4a57-bd38-74b5bca58363-1.jpg?w=671&amp;ssl=1 671w, https:\/\/i0.wp.com\/blogdobispo.com.br\/wp-content\/uploads\/2023\/11\/28754623-85f2-4a57-bd38-74b5bca58363-1.jpg?resize=300%2C204&amp;ssl=1 300w\" sizes=\"(max-width: 671px) 100vw, 671px\" \/><\/figure>\n\n\n\n<p><br> <br>A partir desta segunda-feira (13), mais 23 linhas do sistema de transporte p\u00fablico coletivo v\u00e3o ser contempladas com aumento no n\u00famero de viagens. \u00c9 o que informa a Prefeitura do Natal, por meio da Secretaria Municipal de Mobilidade Urbana (STTU).<br> <br>Segundo o \u00f3rg\u00e3o, ser\u00e3o 87,3 viagens a mais, um acr\u00e9scimo de 12% nessas linhas, em rela\u00e7\u00e3o a julho deste ano, quando foi assinado o acordo judicial entre as empresas de \u00f4nibus, o Munic\u00edpio e Defensoria P\u00fablica. Os novos hor\u00e1rios podem ser obtidos pelo Al\u00f4 STTU, no telefone 156.<br> <br>Com mais esse aumento, s\u00e3o 203,3 viagens a mais no sistema de transporte p\u00fablico desde agosto deste ano, 15% a mais do que em julho de 2023. Nesta fase, est\u00e3o sendo contempladas linhas que atendem todas as zonas da capital, sendo elas:<br> <\/p>\n\n\n\n<ul class=\"wp-block-list\">\n<li>N-07 \u2013 Alvorada IV\/Mirassol, via Av. Nevaldo Rocha | aumento de 6%, chegando a 48 viagens;<br \/>&nbsp;<\/li>\n\n\n\n<li>O-21 \u2013 Felipe Camar\u00e3o\/Areia Preta, via Alecrim | aumento de 5%, chegando a 41 viagens<br \/>&nbsp;<\/li>\n\n\n\n<li>O-22 \u2013 Felipe Camar\u00e3o\/Ribeira, via Bom Pastor | aumento de 8%, chegando a 37 viagens;<br \/>&nbsp;<\/li>\n\n\n\n<li>O-24 \u2013 Planalto\/Ribeira, via Av. Prudente de Morais | aumento de 22%, chegando a 37 viagens;<br \/>&nbsp;<\/li>\n\n\n\n<li>N-27 \u2013 Alvorada IV\/Ribeira, via Av. Deodoro da Fonseca | aumento de 22%, chegando a 27 viagens;<br \/>&nbsp;<\/li>\n\n\n\n<li>N-29 \u2013 Nova Natal\/Nova Descoberta, via Mirassol | aumento de 18%, chegando a 44 viagens;<br \/>&nbsp;<\/li>\n\n\n\n<li>O-30 \u2013 Felipe Camar\u00e3o\/Mirassol, via Candel\u00e1ria | aumento de 9%, chegando a 34 viagens;<br \/>&nbsp;<\/li>\n\n\n\n<li>N-35 \u2013 Soledade\/Candel\u00e1ria, via Av. Prudente de Morais | aumento de 8%, chegando a 49 viagens;<br \/>&nbsp;<\/li>\n\n\n\n<li>L-37 \u2013 Rocas\/Cidade Sat\u00e9lite, via Pra\u00e7a | aumento de 7%, chegando a 27 viagens;<br \/>&nbsp;<\/li>\n\n\n\n<li>O-38 \u2013 Planalto\/Praia do Meio, via Av. 06 | aumento de 8%, chegando a 70,3 viagens;<br \/>&nbsp;<\/li>\n\n\n\n<li>O-39 \u2013 Cidade Nova\/Ribeira, via Av. Hermes da Fonseca | aumento de 8%, chegando a 49 viagens;<br \/>&nbsp;<\/li>\n\n\n\n<li>O-40 \u2013 Planalto\/M\u00e3e Lu\u00edza, via Rua dos Potiguares | aumento de 2%, chegando a 41 viagens;<br \/>&nbsp;<\/li>\n\n\n\n<li>N-43 \u2013 Nova Natal\/Morro Branco, via Midway Mall | aumento de 3%, chegando a 40 viagens;<br \/>&nbsp;<\/li>\n\n\n\n<li>L-46 \u2013 Rocas\/Ponta Negra, via Pra\u00e7a | aumento de 1%, chegando a 55,5 viagens;<br \/>&nbsp;<\/li>\n\n\n\n<li>S-50 \u2013 Serrambi\/Santa Catarina, via Av. Nevaldo Rocha | aumento de 7%, chegando a 60,5 viagens;<br \/>&nbsp;<\/li>\n\n\n\n<li>L-51 \u2013 Rocas\/Pirangi, via Pra\u00e7a | aumento de 13%, chegando a 31 viagens;<br \/>&nbsp;<\/li>\n\n\n\n<li>L-52 \u2013 Rocas\/Pirangi, via Alecrim | aumento de 7%, chegando a 29 viagens;<br \/>&nbsp;<\/li>\n\n\n\n<li>L-54 \u2013 Rocas\/Ponta Negra, via Alecrim | aumento de 15%, chegando a 23,5 viagens;<br \/>&nbsp;<\/li>\n\n\n\n<li>L-56 \u2013 Rocas\/Ponta Negra, via Via Costeira | aumento de 49%, chegando a 17,5 viagens;<br \/>&nbsp;<\/li>\n\n\n\n<li>O-59 \u2013 Guarapes\/Praia do Meio, via Bom Pastor | aumento de 17%, chegando a 30 viagens;<br \/>&nbsp;<\/li>\n\n\n\n<li>O-63 \u2013 Felipe Camar\u00e3o\/Mirassol, via Av. Nevado Rocha | aumento de 7%, chegando a 58 viagens;<br \/>&nbsp;<\/li>\n\n\n\n<li>N-78 \u2013 Santar\u00e9m\/Nova Descoberta, via Av. Hermes da Fonseca | aumento de 32%, chegando a 19 viagens;<br \/>&nbsp;<\/li>\n\n\n\n<li>O-83 \u2013 Felipe Camar\u00e3o\/Ponta Negra, via Cidade Sat\u00e9lite | aumento de 9%, chegando a 33 viagens.<br \/>&nbsp;<br \/>LINHAS QUE J\u00c1 TIVERAM ACR\u00c9SCIMO DE VIAGENS<br \/>&nbsp;<br \/>Entre os meses de agosto e outubro, sete linhas passaram por aumento de viagens, sendo elas:<br \/>&nbsp;<\/li>\n\n\n\n<li>N-02 \u2013 Gramor\u00e9\/CRI, via Midway Mall | in\u00edcio em 02 de outubro de 2023 | aumento de 27% em rela\u00e7\u00e3o a julho de 2023, chegando a 28 viagens;<br \/>&nbsp;<\/li>\n\n\n\n<li>N-04 \u2013 Amarante\/Mirassol, via Av. Nevaldo Rocha | in\u00edcio em 02 de outubro de 2023 | aumento de 13% em rela\u00e7\u00e3o a julho de 2023, chegando a 27 viagens;<\/li>\n\n\n\n<li>N-05 \u2013 Vale Dourado\/Ribeira, via Petr\u00f3polis | in\u00edcio em 02 de outubro de 2023 | aumento de 15% em rela\u00e7\u00e3o a julho de 2023, chegando a 30 viagens;<br \/>&nbsp;<\/li>\n\n\n\n<li>N-08 \u2013 Redinha\/Mirassol, via Rodovi\u00e1ria | in\u00edcio em 02 de outubro de 2023 | aumento de 17% em rela\u00e7\u00e3o a julho de 2023, chegando a 54 viagens;<br \/>&nbsp;<\/li>\n\n\n\n<li>O-33 \u2013 Planalto\/Praia do Meio, via Av. BR-101 | in\u00edcio em 14 de agosto de 2023 | aumento de 5% em rela\u00e7\u00e3o a julho de 2023, chegando a 58 viagens;<br \/>&nbsp;<\/li>\n\n\n\n<li>N-64 \u2013 Nova Natal\/Ribeira, via Petr\u00f3polis | in\u00edcio em aumento de 07 de agosto de 2023 | aumento de 13% em rela\u00e7\u00e3o a julho de 2023, chegando a 36 viagens;<br \/>&nbsp;<\/li>\n\n\n\n<li>N-73 \u2013 Santar\u00e9m\/Ponta Negra, via Av. Nevaldo Rocha | in\u00edcio em 14 de agosto de 2023 | aumento de 17% em rela\u00e7\u00e3o a julho de 2023, chegando a 111 viagens.<br \/>&nbsp;<br \/>J\u00e1 no \u00faltimo dia 1\u00ba de novembro, mais nove linhas tiveram aumento de viagens, sendo elas:<br \/>&nbsp;<\/li>\n\n\n\n<li>N-15 \u2013 Paju\u00e7ara\/Ribeira, via Petr\u00f3polis | in\u00edcio em 1\u00ba de novembro de 2023 | aumento de 22% em rela\u00e7\u00e3o a julho de 2023, chegando a 39 viagens;<br \/>&nbsp;<\/li>\n\n\n\n<li>N-25 \u2013 Redinha\/Bairro Nordeste, via Alecrim | in\u00edcio em 1\u00ba de novembro de 2023 | aumento de 25% em rela\u00e7\u00e3o a julho de 2023, chegando a 20 viagens;<br \/>&nbsp;<\/li>\n\n\n\n<li>N-60 \u2013 Paju\u00e7ara\/Mirassol, via Av. Nevaldo Rocha | in\u00edcio em 1\u00ba de novembro de 2023 | aumento de 24% em rela\u00e7\u00e3o a julho de 2023, chegando a 42 viagens;<br \/>&nbsp;<\/li>\n\n\n\n<li>N-70 \u2013 Parque dos Coqueiros\/Ribeira, via Petr\u00f3polis | in\u00edcio em 1\u00ba de novembro de 2023 | aumento de 12% em rela\u00e7\u00e3o a julho de 2023, chegando a 28 viagens;<br \/>&nbsp;<\/li>\n\n\n\n<li>N-72 \u2013 Vale Dourado\/Mirassol, via Av. Nevaldo Rocha | in\u00edcio em 1\u00ba de novembro de 2023 | aumento de 27% em rela\u00e7\u00e3o a julho de 2023, chegando a viagens;<br \/>&nbsp;<\/li>\n\n\n\n<li>N-75 \u2013 Parque das Dunas\/Alecrim, via Petr\u00f3polis | in\u00edcio em 1\u00ba de novembro de 2023 | aumento de 16% em rela\u00e7\u00e3o a julho de 2023, chegando a 37 viagens;<br \/>&nbsp;<\/li>\n\n\n\n<li>N-77 \u2013 Parque dos Coqueiros\/Mirassol, via Av. Nevaldo Rocha | in\u00edcio em 1\u00ba de novembro de 2023 | aumento de 16% em rela\u00e7\u00e3o a julho de 2023, chegando a 58 viagens;<br \/>&nbsp;<\/li>\n\n\n\n<li>N-79 \u2013 Parque das Dunas\/Mirassol, via Av. Nevaldo Rocha | in\u00edcio em 1\u00ba de novembro de 2023 | aumento de 27% em rela\u00e7\u00e3o a julho de 2023, chegando a 47 viagens;<br \/>&nbsp;<\/li>\n\n\n\n<li>N-84 \u2013 Soledade\/Petr\u00f3polis, via Av. Moema Tinoco da Cunha Lima | in\u00edcio em 1\u00ba de novembro de 2023 | aumento de 26% em rela\u00e7\u00e3o a julho de 2023, chegando a 54 viagens.<\/li>\n<\/ul>\n","protected":false},"excerpt":{"rendered":"<p>A partir desta segunda-feira (13), mais 23 linhas do sistema de transporte p\u00fablico coletivo v\u00e3o ser contempladas com aumento no n\u00famero de viagens. \u00c9 o que informa a Prefeitura do Natal, por meio da Secretaria Municipal de Mobilidade Urbana (STTU). Segundo o \u00f3rg\u00e3o, ser\u00e3o 87,3 viagens a mais, um acr\u00e9scimo de 12% nessas linhas, em [&hellip;]<\/p>\n","protected":false},"author":1,"featured_media":0,"comment_status":"open","ping_status":"open","sticky":false,"template":"","format":"standard","meta":{"cybocfi_hide_featured_image":"","_jetpack_memberships_contains_paid_content":false,"footnotes":""},"categories":[1],"tags":[],"class_list":["post-2126","post","type-post","status-publish","format-standard","hentry","category-diversos"],"yoast_head":"<!-- This site is optimized with the Yoast SEO plugin v25.6 - https:\/\/yoast.com\/wordpress\/plugins\/seo\/ -->\n<title>23 linhas de \u00f4nibus ter\u00e3o aumento de viagens a partir desta segunda-feira (13) - Blog do Bispo<\/title>\n<meta name=\"robots\" content=\"index, follow, max-snippet:-1, max-image-preview:large, max-video-preview:-1\" \/>\n<link rel=\"canonical\" href=\"https:\/\/blogdobispo.com.br\/?p=2126\" \/>\n<meta property=\"og:locale\" content=\"pt_BR\" \/>\n<meta property=\"og:type\" content=\"article\" \/>\n<meta property=\"og:title\" content=\"23 linhas de \u00f4nibus ter\u00e3o aumento de viagens a partir desta segunda-feira (13) - Blog do Bispo\" \/>\n<meta property=\"og:description\" content=\"A partir desta segunda-feira (13), mais 23 linhas do sistema de transporte p\u00fablico coletivo v\u00e3o ser contempladas com aumento no n\u00famero de viagens. \u00c9 o que informa a Prefeitura do Natal, por meio da Secretaria Municipal de Mobilidade Urbana (STTU). Segundo o \u00f3rg\u00e3o, ser\u00e3o 87,3 viagens a mais, um acr\u00e9scimo de 12% nessas linhas, em [&hellip;]\" \/>\n<meta property=\"og:url\" content=\"https:\/\/blogdobispo.com.br\/?p=2126\" \/>\n<meta property=\"og:site_name\" content=\"Blog do Bispo\" \/>\n<meta property=\"article:published_time\" content=\"2023-11-13T14:41:56+00:00\" \/>\n<meta property=\"og:image\" content=\"https:\/\/blogdobispo.com.br\/wp-content\/uploads\/2023\/11\/28754623-85f2-4a57-bd38-74b5bca58363-1.jpg\" \/>\n<meta name=\"author\" content=\"Jefferson Sterfeno\" \/>\n<meta name=\"twitter:card\" content=\"summary_large_image\" \/>\n<meta name=\"twitter:label1\" content=\"Escrito por\" \/>\n\t<meta name=\"twitter:data1\" content=\"Jefferson Sterfeno\" \/>\n\t<meta name=\"twitter:label2\" content=\"Est. tempo de leitura\" \/>\n\t<meta name=\"twitter:data2\" content=\"5 minutos\" \/>\n<script type=\"application\/ld+json\" class=\"yoast-schema-graph\">{\"@context\":\"https:\/\/schema.org\",\"@graph\":[{\"@type\":\"Article\",\"@id\":\"https:\/\/blogdobispo.com.br\/?p=2126#article\",\"isPartOf\":{\"@id\":\"https:\/\/blogdobispo.com.br\/?p=2126\"},\"author\":{\"name\":\"Jefferson Sterfeno\",\"@id\":\"https:\/\/blogdobispo.com.br\/#\/schema\/person\/e2209cc0e6cea5c5233d033e997b373f\"},\"headline\":\"23 linhas de \u00f4nibus ter\u00e3o aumento de viagens a partir desta segunda-feira (13)\",\"datePublished\":\"2023-11-13T14:41:56+00:00\",\"mainEntityOfPage\":{\"@id\":\"https:\/\/blogdobispo.com.br\/?p=2126\"},\"wordCount\":921,\"commentCount\":0,\"publisher\":{\"@id\":\"https:\/\/blogdobispo.com.br\/#organization\"},\"image\":{\"@id\":\"https:\/\/blogdobispo.com.br\/?p=2126#primaryimage\"},\"thumbnailUrl\":\"https:\/\/blogdobispo.com.br\/wp-content\/uploads\/2023\/11\/28754623-85f2-4a57-bd38-74b5bca58363-1.jpg\",\"articleSection\":[\"diversos\"],\"inLanguage\":\"pt-BR\",\"potentialAction\":[{\"@type\":\"CommentAction\",\"name\":\"Comment\",\"target\":[\"https:\/\/blogdobispo.com.br\/?p=2126#respond\"]}]},{\"@type\":\"WebPage\",\"@id\":\"https:\/\/blogdobispo.com.br\/?p=2126\",\"url\":\"https:\/\/blogdobispo.com.br\/?p=2126\",\"name\":\"23 linhas de \u00f4nibus ter\u00e3o aumento de viagens a partir desta segunda-feira (13) - Blog do Bispo\",\"isPartOf\":{\"@id\":\"https:\/\/blogdobispo.com.br\/#website\"},\"primaryImageOfPage\":{\"@id\":\"https:\/\/blogdobispo.com.br\/?p=2126#primaryimage\"},\"image\":{\"@id\":\"https:\/\/blogdobispo.com.br\/?p=2126#primaryimage\"},\"thumbnailUrl\":\"https:\/\/blogdobispo.com.br\/wp-content\/uploads\/2023\/11\/28754623-85f2-4a57-bd38-74b5bca58363-1.jpg\",\"datePublished\":\"2023-11-13T14:41:56+00:00\",\"breadcrumb\":{\"@id\":\"https:\/\/blogdobispo.com.br\/?p=2126#breadcrumb\"},\"inLanguage\":\"pt-BR\",\"potentialAction\":[{\"@type\":\"ReadAction\",\"target\":[\"https:\/\/blogdobispo.com.br\/?p=2126\"]}]},{\"@type\":\"ImageObject\",\"inLanguage\":\"pt-BR\",\"@id\":\"https:\/\/blogdobispo.com.br\/?p=2126#primaryimage\",\"url\":\"https:\/\/blogdobispo.com.br\/wp-content\/uploads\/2023\/11\/28754623-85f2-4a57-bd38-74b5bca58363-1.jpg\",\"contentUrl\":\"https:\/\/blogdobispo.com.br\/wp-content\/uploads\/2023\/11\/28754623-85f2-4a57-bd38-74b5bca58363-1.jpg\"},{\"@type\":\"BreadcrumbList\",\"@id\":\"https:\/\/blogdobispo.com.br\/?p=2126#breadcrumb\",\"itemListElement\":[{\"@type\":\"ListItem\",\"position\":1,\"name\":\"In\u00edcio\",\"item\":\"https:\/\/blogdobispo.com.br\/\"},{\"@type\":\"ListItem\",\"position\":2,\"name\":\"23 linhas de \u00f4nibus ter\u00e3o aumento de viagens a partir desta segunda-feira (13)\"}]},{\"@type\":\"WebSite\",\"@id\":\"https:\/\/blogdobispo.com.br\/#website\",\"url\":\"https:\/\/blogdobispo.com.br\/\",\"name\":\"Blog do Bispo\",\"description\":\"Comprometido apenas com o leitor\",\"publisher\":{\"@id\":\"https:\/\/blogdobispo.com.br\/#organization\"},\"potentialAction\":[{\"@type\":\"SearchAction\",\"target\":{\"@type\":\"EntryPoint\",\"urlTemplate\":\"https:\/\/blogdobispo.com.br\/?s={search_term_string}\"},\"query-input\":{\"@type\":\"PropertyValueSpecification\",\"valueRequired\":true,\"valueName\":\"search_term_string\"}}],\"inLanguage\":\"pt-BR\"},{\"@type\":\"Organization\",\"@id\":\"https:\/\/blogdobispo.com.br\/#organization\",\"name\":\"Blog do Bispo\",\"url\":\"https:\/\/blogdobispo.com.br\/\",\"logo\":{\"@type\":\"ImageObject\",\"inLanguage\":\"pt-BR\",\"@id\":\"https:\/\/blogdobispo.com.br\/#\/schema\/logo\/image\/\",\"url\":\"http:\/\/blogdobispo.com.br\/wp-content\/uploads\/2023\/05\/cropped-headear.png\",\"contentUrl\":\"http:\/\/blogdobispo.com.br\/wp-content\/uploads\/2023\/05\/cropped-headear.png\",\"width\":1500,\"height\":399,\"caption\":\"Blog do Bispo\"},\"image\":{\"@id\":\"https:\/\/blogdobispo.com.br\/#\/schema\/logo\/image\/\"}},{\"@type\":\"Person\",\"@id\":\"https:\/\/blogdobispo.com.br\/#\/schema\/person\/e2209cc0e6cea5c5233d033e997b373f\",\"name\":\"Jefferson Sterfeno\",\"image\":{\"@type\":\"ImageObject\",\"inLanguage\":\"pt-BR\",\"@id\":\"https:\/\/blogdobispo.com.br\/#\/schema\/person\/image\/\",\"url\":\"https:\/\/secure.gravatar.com\/avatar\/0534e84764641168a677026b6d57a3f51dc7ac4db0b4f6186d9cb330d4ee1160?s=96&d=mm&r=g\",\"contentUrl\":\"https:\/\/secure.gravatar.com\/avatar\/0534e84764641168a677026b6d57a3f51dc7ac4db0b4f6186d9cb330d4ee1160?s=96&d=mm&r=g\",\"caption\":\"Jefferson Sterfeno\"},\"sameAs\":[\"http:\/\/blogdobispo.com.br\"],\"url\":\"https:\/\/blogdobispo.com.br\/?author=1\"}]}<\/script>\n<!-- \/ Yoast SEO plugin. -->","yoast_head_json":{"title":"23 linhas de \u00f4nibus ter\u00e3o aumento de viagens a partir desta segunda-feira (13) - Blog do Bispo","robots":{"index":"index","follow":"follow","max-snippet":"max-snippet:-1","max-image-preview":"max-image-preview:large","max-video-preview":"max-video-preview:-1"},"canonical":"https:\/\/blogdobispo.com.br\/?p=2126","og_locale":"pt_BR","og_type":"article","og_title":"23 linhas de \u00f4nibus ter\u00e3o aumento de viagens a partir desta segunda-feira (13) - Blog do Bispo","og_description":"A partir desta segunda-feira (13), mais 23 linhas do sistema de transporte p\u00fablico coletivo v\u00e3o ser contempladas com aumento no n\u00famero de viagens. \u00c9 o que informa a Prefeitura do Natal, por meio da Secretaria Municipal de Mobilidade Urbana (STTU). Segundo o \u00f3rg\u00e3o, ser\u00e3o 87,3 viagens a mais, um acr\u00e9scimo de 12% nessas linhas, em [&hellip;]","og_url":"https:\/\/blogdobispo.com.br\/?p=2126","og_site_name":"Blog do Bispo","article_published_time":"2023-11-13T14:41:56+00:00","og_image":[{"url":"https:\/\/blogdobispo.com.br\/wp-content\/uploads\/2023\/11\/28754623-85f2-4a57-bd38-74b5bca58363-1.jpg","type":"","width":"","height":""}],"author":"Jefferson Sterfeno","twitter_card":"summary_large_image","twitter_misc":{"Escrito por":"Jefferson Sterfeno","Est. tempo de leitura":"5 minutos"},"schema":{"@context":"https:\/\/schema.org","@graph":[{"@type":"Article","@id":"https:\/\/blogdobispo.com.br\/?p=2126#article","isPartOf":{"@id":"https:\/\/blogdobispo.com.br\/?p=2126"},"author":{"name":"Jefferson Sterfeno","@id":"https:\/\/blogdobispo.com.br\/#\/schema\/person\/e2209cc0e6cea5c5233d033e997b373f"},"headline":"23 linhas de \u00f4nibus ter\u00e3o aumento de viagens a partir desta segunda-feira (13)","datePublished":"2023-11-13T14:41:56+00:00","mainEntityOfPage":{"@id":"https:\/\/blogdobispo.com.br\/?p=2126"},"wordCount":921,"commentCount":0,"publisher":{"@id":"https:\/\/blogdobispo.com.br\/#organization"},"image":{"@id":"https:\/\/blogdobispo.com.br\/?p=2126#primaryimage"},"thumbnailUrl":"https:\/\/blogdobispo.com.br\/wp-content\/uploads\/2023\/11\/28754623-85f2-4a57-bd38-74b5bca58363-1.jpg","articleSection":["diversos"],"inLanguage":"pt-BR","potentialAction":[{"@type":"CommentAction","name":"Comment","target":["https:\/\/blogdobispo.com.br\/?p=2126#respond"]}]},{"@type":"WebPage","@id":"https:\/\/blogdobispo.com.br\/?p=2126","url":"https:\/\/blogdobispo.com.br\/?p=2126","name":"23 linhas de \u00f4nibus ter\u00e3o aumento de viagens a partir desta segunda-feira (13) - Blog do Bispo","isPartOf":{"@id":"https:\/\/blogdobispo.com.br\/#website"},"primaryImageOfPage":{"@id":"https:\/\/blogdobispo.com.br\/?p=2126#primaryimage"},"image":{"@id":"https:\/\/blogdobispo.com.br\/?p=2126#primaryimage"},"thumbnailUrl":"https:\/\/blogdobispo.com.br\/wp-content\/uploads\/2023\/11\/28754623-85f2-4a57-bd38-74b5bca58363-1.jpg","datePublished":"2023-11-13T14:41:56+00:00","breadcrumb":{"@id":"https:\/\/blogdobispo.com.br\/?p=2126#breadcrumb"},"inLanguage":"pt-BR","potentialAction":[{"@type":"ReadAction","target":["https:\/\/blogdobispo.com.br\/?p=2126"]}]},{"@type":"ImageObject","inLanguage":"pt-BR","@id":"https:\/\/blogdobispo.com.br\/?p=2126#primaryimage","url":"https:\/\/blogdobispo.com.br\/wp-content\/uploads\/2023\/11\/28754623-85f2-4a57-bd38-74b5bca58363-1.jpg","contentUrl":"https:\/\/blogdobispo.com.br\/wp-content\/uploads\/2023\/11\/28754623-85f2-4a57-bd38-74b5bca58363-1.jpg"},{"@type":"BreadcrumbList","@id":"https:\/\/blogdobispo.com.br\/?p=2126#breadcrumb","itemListElement":[{"@type":"ListItem","position":1,"name":"In\u00edcio","item":"https:\/\/blogdobispo.com.br\/"},{"@type":"ListItem","position":2,"name":"23 linhas de \u00f4nibus ter\u00e3o aumento de viagens a partir desta segunda-feira (13)"}]},{"@type":"WebSite","@id":"https:\/\/blogdobispo.com.br\/#website","url":"https:\/\/blogdobispo.com.br\/","name":"Blog do Bispo","description":"Comprometido apenas com o leitor","publisher":{"@id":"https:\/\/blogdobispo.com.br\/#organization"},"potentialAction":[{"@type":"SearchAction","target":{"@type":"EntryPoint","urlTemplate":"https:\/\/blogdobispo.com.br\/?s={search_term_string}"},"query-input":{"@type":"PropertyValueSpecification","valueRequired":true,"valueName":"search_term_string"}}],"inLanguage":"pt-BR"},{"@type":"Organization","@id":"https:\/\/blogdobispo.com.br\/#organization","name":"Blog do Bispo","url":"https:\/\/blogdobispo.com.br\/","logo":{"@type":"ImageObject","inLanguage":"pt-BR","@id":"https:\/\/blogdobispo.com.br\/#\/schema\/logo\/image\/","url":"http:\/\/blogdobispo.com.br\/wp-content\/uploads\/2023\/05\/cropped-headear.png","contentUrl":"http:\/\/blogdobispo.com.br\/wp-content\/uploads\/2023\/05\/cropped-headear.png","width":1500,"height":399,"caption":"Blog do Bispo"},"image":{"@id":"https:\/\/blogdobispo.com.br\/#\/schema\/logo\/image\/"}},{"@type":"Person","@id":"https:\/\/blogdobispo.com.br\/#\/schema\/person\/e2209cc0e6cea5c5233d033e997b373f","name":"Jefferson Sterfeno","image":{"@type":"ImageObject","inLanguage":"pt-BR","@id":"https:\/\/blogdobispo.com.br\/#\/schema\/person\/image\/","url":"https:\/\/secure.gravatar.com\/avatar\/0534e84764641168a677026b6d57a3f51dc7ac4db0b4f6186d9cb330d4ee1160?s=96&d=mm&r=g","contentUrl":"https:\/\/secure.gravatar.com\/avatar\/0534e84764641168a677026b6d57a3f51dc7ac4db0b4f6186d9cb330d4ee1160?s=96&d=mm&r=g","caption":"Jefferson Sterfeno"},"sameAs":["http:\/\/blogdobispo.com.br"],"url":"https:\/\/blogdobispo.com.br\/?author=1"}]}},"featured_image_urls":{"full":"","thumbnail":"","medium":"","medium_large":"","large":"","1536x1536":"","2048x2048":""},"author_info":{"display_name":"Jefferson Sterfeno","author_link":"https:\/\/blogdobispo.com.br\/?author=1"},"category_info":"<a href=\"https:\/\/blogdobispo.com.br\/?cat=1\" rel=\"category\">diversos<\/a>","tag_info":"diversos","comment_count":"0","jetpack_featured_media_url":"","jetpack_sharing_enabled":true,"_links":{"self":[{"href":"https:\/\/blogdobispo.com.br\/index.php?rest_route=\/wp\/v2\/posts\/2126","targetHints":{"allow":["GET"]}}],"collection":[{"href":"https:\/\/blogdobispo.com.br\/index.php?rest_route=\/wp\/v2\/posts"}],"about":[{"href":"https:\/\/blogdobispo.com.br\/index.php?rest_route=\/wp\/v2\/types\/post"}],"author":[{"embeddable":true,"href":"https:\/\/blogdobispo.com.br\/index.php?rest_route=\/wp\/v2\/users\/1"}],"replies":[{"embeddable":true,"href":"https:\/\/blogdobispo.com.br\/index.php?rest_route=%2Fwp%2Fv2%2Fcomments&post=2126"}],"version-history":[{"count":0,"href":"https:\/\/blogdobispo.com.br\/index.php?rest_route=\/wp\/v2\/posts\/2126\/revisions"}],"wp:attachment":[{"href":"https:\/\/blogdobispo.com.br\/index.php?rest_route=%2Fwp%2Fv2%2Fmedia&parent=2126"}],"wp:term":[{"taxonomy":"category","embeddable":true,"href":"https:\/\/blogdobispo.com.br\/index.php?rest_route=%2Fwp%2Fv2%2Fcategories&post=2126"},{"taxonomy":"post_tag","embeddable":true,"href":"https:\/\/blogdobispo.com.br\/index.php?rest_route=%2Fwp%2Fv2%2Ftags&post=2126"}],"curies":[{"name":"wp","href":"https:\/\/api.w.org\/{rel}","templated":true}]}}