{"id":2124,"date":"2023-11-13T04:17:54","date_gmt":"2023-11-13T04:17:54","guid":{"rendered":"https:\/\/blogdobispo.com.br\/?p=2124"},"modified":"2023-11-13T04:17:54","modified_gmt":"2023-11-13T04:17:54","slug":"apos-dizer-que-ter-filho-com-deficiencia-e-castigo-de-deus-vereadora-de-arcoverde-renuncia-ao-mandato","status":"publish","type":"post","link":"https:\/\/blogdobispo.com.br\/?p=2124","title":{"rendered":"Ap\u00f3s dizer que ter filho com defici\u00eancia \u00e9 \u201ccastigo de Deus\u201d, vereadora de Arcoverde renuncia ao mandato"},"content":{"rendered":"\n<p>A vereadora de Arcoverde Zirleide Monteiro, que ficou conhecida no Brasil todo por afirmar que m\u00e3e que tem filho com defici\u00eancia \u00e9 \u201ccastigo de Deus\u201d, n\u00e3o resistiu \u00e0 press\u00e3o e anunciou a ren\u00fancia do cargo, no mesmo dia em que o processo de cassa\u00e7\u00e3o come\u00e7ou a ganhar celeridade na C\u00e2mara Municipal. Filiada ao PTB, a vereadora de <a href=\"https:\/\/www.arcoverde.pe.gov.br\/\" target=\"_blank\" rel=\"noreferrer noopener\">Arcoverde<\/a> publicou um v\u00eddeo nas redes sociais afirmando que estava deixando o cargo.<\/p>\n\n\n\n<p>A decis\u00e3o foi divulgada no mesmo dia em que uma comiss\u00e3o da <a href=\"https:\/\/www.arcoverde.pe.leg.br\/\" target=\"_blank\" rel=\"noreferrer noopener\">Casa<\/a> deu parecer favor\u00e1vel a den\u00fancias que pediam a cassa\u00e7\u00e3o da parlamentar.<\/p>\n\n\n\n<p>\u201cMeus amigos e amigas, nesses \u00faltimos dias, refletimos por cada momento vivido em face aos acontecimentos, pelos quais j\u00e1 nos retratamos publicamente [\u2026]. Nos \u00faltimos sete anos, utilizamos nosso mandato sempre a favor da popula\u00e7\u00e3o, dos mais necessitados, com dezenas de projetos de lei voltados a deficientes, mulheres, LGBTQIAP+ e mais minorias, com a consci\u00eancia tranquila de que cumprimos nosso papel em favor do povo. Quero comunicar a cada um de voc\u00eas meu afastamento: estou encaminhando \u00e0 C\u00e2mara de Vereadores of\u00edcio com a ren\u00fancia ao meu mandato. Agrade\u00e7o desde j\u00e1 a todos os eleitores, amigos e familiares, que nos confiaram  duas vezes essas oportunidade. Vamos seguir em frente, sempre com Arcoverde no cora\u00e7\u00e3o. Obrigada\u201d, afirmou a vereadora de Arcoverde Zirleide em v\u00eddeo que est\u00e1 circulando nas redes sociais.<\/p>\n\n\n\n<p>\u201cN\u00e3o preciso citar o nome da cidad\u00e3, que o castigo de Deus ele d\u00e1 aqui em vida. Quando ela veio com um filho deficiente, \u00e9 porque ela tinha alguma conta a pagar com aquele l\u00e1 de cima. Ela j\u00e1 veio para sofrer\u201d, disse a vereadora na ocasi\u00e3o, referindo-se a uma assistente social com quem tem desaven\u00e7a pol\u00edtica.<\/p>\n\n\n\n<p>Agora RN <\/p>\n\n\n\n<figure class=\"wp-block-image size-large\"><img data-recalc-dims=\"1\" fetchpriority=\"high\" decoding=\"async\" width=\"414\" height=\"233\" src=\"https:\/\/i0.wp.com\/blogdobispo.com.br\/wp-content\/uploads\/2023\/11\/img_3761-1.jpg?resize=414%2C233&#038;ssl=1\" class=\"wp-image-2123\" srcset=\"https:\/\/i0.wp.com\/blogdobispo.com.br\/wp-content\/uploads\/2023\/11\/img_3761-1.jpg?w=414&amp;ssl=1 414w, https:\/\/i0.wp.com\/blogdobispo.com.br\/wp-content\/uploads\/2023\/11\/img_3761-1.jpg?resize=300%2C169&amp;ssl=1 300w\" sizes=\"(max-width: 414px) 100vw, 414px\" \/><\/figure>\n","protected":false},"excerpt":{"rendered":"<p>A vereadora de Arcoverde Zirleide Monteiro, que ficou conhecida no Brasil todo por afirmar que m\u00e3e que tem filho com defici\u00eancia \u00e9 \u201ccastigo de Deus\u201d, n\u00e3o resistiu \u00e0 press\u00e3o e anunciou a ren\u00fancia do cargo, no mesmo dia em que o processo de cassa\u00e7\u00e3o come\u00e7ou a ganhar celeridade na C\u00e2mara Municipal. Filiada ao PTB, a [&hellip;]<\/p>\n","protected":false},"author":1,"featured_media":0,"comment_status":"open","ping_status":"open","sticky":false,"template":"","format":"standard","meta":{"cybocfi_hide_featured_image":"","_jetpack_memberships_contains_paid_content":false,"footnotes":""},"categories":[1],"tags":[],"class_list":["post-2124","post","type-post","status-publish","format-standard","hentry","category-diversos"],"yoast_head":"<!-- This site is optimized with the Yoast SEO plugin v25.6 - https:\/\/yoast.com\/wordpress\/plugins\/seo\/ -->\n<title>Ap\u00f3s dizer que ter filho com defici\u00eancia \u00e9 \u201ccastigo de Deus\u201d, vereadora de Arcoverde renuncia ao mandato - Blog do Bispo<\/title>\n<meta name=\"robots\" content=\"index, follow, max-snippet:-1, max-image-preview:large, max-video-preview:-1\" \/>\n<link rel=\"canonical\" href=\"https:\/\/blogdobispo.com.br\/?p=2124\" \/>\n<meta property=\"og:locale\" content=\"pt_BR\" \/>\n<meta property=\"og:type\" content=\"article\" \/>\n<meta property=\"og:title\" content=\"Ap\u00f3s dizer que ter filho com defici\u00eancia \u00e9 \u201ccastigo de Deus\u201d, vereadora de Arcoverde renuncia ao mandato - Blog do Bispo\" \/>\n<meta property=\"og:description\" content=\"A vereadora de Arcoverde Zirleide Monteiro, que ficou conhecida no Brasil todo por afirmar que m\u00e3e que tem filho com defici\u00eancia \u00e9 \u201ccastigo de Deus\u201d, n\u00e3o resistiu \u00e0 press\u00e3o e anunciou a ren\u00fancia do cargo, no mesmo dia em que o processo de cassa\u00e7\u00e3o come\u00e7ou a ganhar celeridade na C\u00e2mara Municipal. Filiada ao PTB, a [&hellip;]\" \/>\n<meta property=\"og:url\" content=\"https:\/\/blogdobispo.com.br\/?p=2124\" \/>\n<meta property=\"og:site_name\" content=\"Blog do Bispo\" \/>\n<meta property=\"article:published_time\" content=\"2023-11-13T04:17:54+00:00\" \/>\n<meta property=\"og:image\" content=\"https:\/\/blogdobispo.com.br\/wp-content\/uploads\/2023\/11\/img_3761-1.jpg\" \/>\n<meta name=\"author\" content=\"Jefferson Sterfeno\" \/>\n<meta name=\"twitter:card\" content=\"summary_large_image\" \/>\n<meta name=\"twitter:label1\" content=\"Escrito por\" \/>\n\t<meta name=\"twitter:data1\" content=\"Jefferson Sterfeno\" \/>\n\t<meta name=\"twitter:label2\" content=\"Est. tempo de leitura\" \/>\n\t<meta name=\"twitter:data2\" content=\"2 minutos\" \/>\n<script type=\"application\/ld+json\" class=\"yoast-schema-graph\">{\"@context\":\"https:\/\/schema.org\",\"@graph\":[{\"@type\":\"Article\",\"@id\":\"https:\/\/blogdobispo.com.br\/?p=2124#article\",\"isPartOf\":{\"@id\":\"https:\/\/blogdobispo.com.br\/?p=2124\"},\"author\":{\"name\":\"Jefferson Sterfeno\",\"@id\":\"https:\/\/blogdobispo.com.br\/#\/schema\/person\/e2209cc0e6cea5c5233d033e997b373f\"},\"headline\":\"Ap\u00f3s dizer que ter filho com defici\u00eancia \u00e9 \u201ccastigo de Deus\u201d, vereadora de Arcoverde renuncia ao mandato\",\"datePublished\":\"2023-11-13T04:17:54+00:00\",\"mainEntityOfPage\":{\"@id\":\"https:\/\/blogdobispo.com.br\/?p=2124\"},\"wordCount\":321,\"commentCount\":0,\"publisher\":{\"@id\":\"https:\/\/blogdobispo.com.br\/#organization\"},\"image\":{\"@id\":\"https:\/\/blogdobispo.com.br\/?p=2124#primaryimage\"},\"thumbnailUrl\":\"https:\/\/blogdobispo.com.br\/wp-content\/uploads\/2023\/11\/img_3761-1.jpg\",\"articleSection\":[\"diversos\"],\"inLanguage\":\"pt-BR\",\"potentialAction\":[{\"@type\":\"CommentAction\",\"name\":\"Comment\",\"target\":[\"https:\/\/blogdobispo.com.br\/?p=2124#respond\"]}]},{\"@type\":\"WebPage\",\"@id\":\"https:\/\/blogdobispo.com.br\/?p=2124\",\"url\":\"https:\/\/blogdobispo.com.br\/?p=2124\",\"name\":\"Ap\u00f3s dizer que ter filho com defici\u00eancia \u00e9 \u201ccastigo de Deus\u201d, vereadora de Arcoverde renuncia ao mandato - Blog do Bispo\",\"isPartOf\":{\"@id\":\"https:\/\/blogdobispo.com.br\/#website\"},\"primaryImageOfPage\":{\"@id\":\"https:\/\/blogdobispo.com.br\/?p=2124#primaryimage\"},\"image\":{\"@id\":\"https:\/\/blogdobispo.com.br\/?p=2124#primaryimage\"},\"thumbnailUrl\":\"https:\/\/blogdobispo.com.br\/wp-content\/uploads\/2023\/11\/img_3761-1.jpg\",\"datePublished\":\"2023-11-13T04:17:54+00:00\",\"breadcrumb\":{\"@id\":\"https:\/\/blogdobispo.com.br\/?p=2124#breadcrumb\"},\"inLanguage\":\"pt-BR\",\"potentialAction\":[{\"@type\":\"ReadAction\",\"target\":[\"https:\/\/blogdobispo.com.br\/?p=2124\"]}]},{\"@type\":\"ImageObject\",\"inLanguage\":\"pt-BR\",\"@id\":\"https:\/\/blogdobispo.com.br\/?p=2124#primaryimage\",\"url\":\"https:\/\/blogdobispo.com.br\/wp-content\/uploads\/2023\/11\/img_3761-1.jpg\",\"contentUrl\":\"https:\/\/blogdobispo.com.br\/wp-content\/uploads\/2023\/11\/img_3761-1.jpg\"},{\"@type\":\"BreadcrumbList\",\"@id\":\"https:\/\/blogdobispo.com.br\/?p=2124#breadcrumb\",\"itemListElement\":[{\"@type\":\"ListItem\",\"position\":1,\"name\":\"In\u00edcio\",\"item\":\"https:\/\/blogdobispo.com.br\/\"},{\"@type\":\"ListItem\",\"position\":2,\"name\":\"Ap\u00f3s dizer que ter filho com defici\u00eancia \u00e9 \u201ccastigo de Deus\u201d, vereadora de Arcoverde renuncia ao mandato\"}]},{\"@type\":\"WebSite\",\"@id\":\"https:\/\/blogdobispo.com.br\/#website\",\"url\":\"https:\/\/blogdobispo.com.br\/\",\"name\":\"Blog do Bispo\",\"description\":\"Comprometido apenas com o leitor\",\"publisher\":{\"@id\":\"https:\/\/blogdobispo.com.br\/#organization\"},\"potentialAction\":[{\"@type\":\"SearchAction\",\"target\":{\"@type\":\"EntryPoint\",\"urlTemplate\":\"https:\/\/blogdobispo.com.br\/?s={search_term_string}\"},\"query-input\":{\"@type\":\"PropertyValueSpecification\",\"valueRequired\":true,\"valueName\":\"search_term_string\"}}],\"inLanguage\":\"pt-BR\"},{\"@type\":\"Organization\",\"@id\":\"https:\/\/blogdobispo.com.br\/#organization\",\"name\":\"Blog do Bispo\",\"url\":\"https:\/\/blogdobispo.com.br\/\",\"logo\":{\"@type\":\"ImageObject\",\"inLanguage\":\"pt-BR\",\"@id\":\"https:\/\/blogdobispo.com.br\/#\/schema\/logo\/image\/\",\"url\":\"http:\/\/blogdobispo.com.br\/wp-content\/uploads\/2023\/05\/cropped-headear.png\",\"contentUrl\":\"http:\/\/blogdobispo.com.br\/wp-content\/uploads\/2023\/05\/cropped-headear.png\",\"width\":1500,\"height\":399,\"caption\":\"Blog do Bispo\"},\"image\":{\"@id\":\"https:\/\/blogdobispo.com.br\/#\/schema\/logo\/image\/\"}},{\"@type\":\"Person\",\"@id\":\"https:\/\/blogdobispo.com.br\/#\/schema\/person\/e2209cc0e6cea5c5233d033e997b373f\",\"name\":\"Jefferson Sterfeno\",\"image\":{\"@type\":\"ImageObject\",\"inLanguage\":\"pt-BR\",\"@id\":\"https:\/\/blogdobispo.com.br\/#\/schema\/person\/image\/\",\"url\":\"https:\/\/secure.gravatar.com\/avatar\/0534e84764641168a677026b6d57a3f51dc7ac4db0b4f6186d9cb330d4ee1160?s=96&d=mm&r=g\",\"contentUrl\":\"https:\/\/secure.gravatar.com\/avatar\/0534e84764641168a677026b6d57a3f51dc7ac4db0b4f6186d9cb330d4ee1160?s=96&d=mm&r=g\",\"caption\":\"Jefferson Sterfeno\"},\"sameAs\":[\"http:\/\/blogdobispo.com.br\"],\"url\":\"https:\/\/blogdobispo.com.br\/?author=1\"}]}<\/script>\n<!-- \/ Yoast SEO plugin. -->","yoast_head_json":{"title":"Ap\u00f3s dizer que ter filho com defici\u00eancia \u00e9 \u201ccastigo de Deus\u201d, vereadora de Arcoverde renuncia ao mandato - Blog do Bispo","robots":{"index":"index","follow":"follow","max-snippet":"max-snippet:-1","max-image-preview":"max-image-preview:large","max-video-preview":"max-video-preview:-1"},"canonical":"https:\/\/blogdobispo.com.br\/?p=2124","og_locale":"pt_BR","og_type":"article","og_title":"Ap\u00f3s dizer que ter filho com defici\u00eancia \u00e9 \u201ccastigo de Deus\u201d, vereadora de Arcoverde renuncia ao mandato - Blog do Bispo","og_description":"A vereadora de Arcoverde Zirleide Monteiro, que ficou conhecida no Brasil todo por afirmar que m\u00e3e que tem filho com defici\u00eancia \u00e9 \u201ccastigo de Deus\u201d, n\u00e3o resistiu \u00e0 press\u00e3o e anunciou a ren\u00fancia do cargo, no mesmo dia em que o processo de cassa\u00e7\u00e3o come\u00e7ou a ganhar celeridade na C\u00e2mara Municipal. Filiada ao PTB, a [&hellip;]","og_url":"https:\/\/blogdobispo.com.br\/?p=2124","og_site_name":"Blog do Bispo","article_published_time":"2023-11-13T04:17:54+00:00","og_image":[{"url":"https:\/\/blogdobispo.com.br\/wp-content\/uploads\/2023\/11\/img_3761-1.jpg","type":"","width":"","height":""}],"author":"Jefferson Sterfeno","twitter_card":"summary_large_image","twitter_misc":{"Escrito por":"Jefferson Sterfeno","Est. tempo de leitura":"2 minutos"},"schema":{"@context":"https:\/\/schema.org","@graph":[{"@type":"Article","@id":"https:\/\/blogdobispo.com.br\/?p=2124#article","isPartOf":{"@id":"https:\/\/blogdobispo.com.br\/?p=2124"},"author":{"name":"Jefferson Sterfeno","@id":"https:\/\/blogdobispo.com.br\/#\/schema\/person\/e2209cc0e6cea5c5233d033e997b373f"},"headline":"Ap\u00f3s dizer que ter filho com defici\u00eancia \u00e9 \u201ccastigo de Deus\u201d, vereadora de Arcoverde renuncia ao mandato","datePublished":"2023-11-13T04:17:54+00:00","mainEntityOfPage":{"@id":"https:\/\/blogdobispo.com.br\/?p=2124"},"wordCount":321,"commentCount":0,"publisher":{"@id":"https:\/\/blogdobispo.com.br\/#organization"},"image":{"@id":"https:\/\/blogdobispo.com.br\/?p=2124#primaryimage"},"thumbnailUrl":"https:\/\/blogdobispo.com.br\/wp-content\/uploads\/2023\/11\/img_3761-1.jpg","articleSection":["diversos"],"inLanguage":"pt-BR","potentialAction":[{"@type":"CommentAction","name":"Comment","target":["https:\/\/blogdobispo.com.br\/?p=2124#respond"]}]},{"@type":"WebPage","@id":"https:\/\/blogdobispo.com.br\/?p=2124","url":"https:\/\/blogdobispo.com.br\/?p=2124","name":"Ap\u00f3s dizer que ter filho com defici\u00eancia \u00e9 \u201ccastigo de Deus\u201d, vereadora de Arcoverde renuncia ao mandato - Blog do Bispo","isPartOf":{"@id":"https:\/\/blogdobispo.com.br\/#website"},"primaryImageOfPage":{"@id":"https:\/\/blogdobispo.com.br\/?p=2124#primaryimage"},"image":{"@id":"https:\/\/blogdobispo.com.br\/?p=2124#primaryimage"},"thumbnailUrl":"https:\/\/blogdobispo.com.br\/wp-content\/uploads\/2023\/11\/img_3761-1.jpg","datePublished":"2023-11-13T04:17:54+00:00","breadcrumb":{"@id":"https:\/\/blogdobispo.com.br\/?p=2124#breadcrumb"},"inLanguage":"pt-BR","potentialAction":[{"@type":"ReadAction","target":["https:\/\/blogdobispo.com.br\/?p=2124"]}]},{"@type":"ImageObject","inLanguage":"pt-BR","@id":"https:\/\/blogdobispo.com.br\/?p=2124#primaryimage","url":"https:\/\/blogdobispo.com.br\/wp-content\/uploads\/2023\/11\/img_3761-1.jpg","contentUrl":"https:\/\/blogdobispo.com.br\/wp-content\/uploads\/2023\/11\/img_3761-1.jpg"},{"@type":"BreadcrumbList","@id":"https:\/\/blogdobispo.com.br\/?p=2124#breadcrumb","itemListElement":[{"@type":"ListItem","position":1,"name":"In\u00edcio","item":"https:\/\/blogdobispo.com.br\/"},{"@type":"ListItem","position":2,"name":"Ap\u00f3s dizer que ter filho com defici\u00eancia \u00e9 \u201ccastigo de Deus\u201d, vereadora de Arcoverde renuncia ao mandato"}]},{"@type":"WebSite","@id":"https:\/\/blogdobispo.com.br\/#website","url":"https:\/\/blogdobispo.com.br\/","name":"Blog do Bispo","description":"Comprometido apenas com o leitor","publisher":{"@id":"https:\/\/blogdobispo.com.br\/#organization"},"potentialAction":[{"@type":"SearchAction","target":{"@type":"EntryPoint","urlTemplate":"https:\/\/blogdobispo.com.br\/?s={search_term_string}"},"query-input":{"@type":"PropertyValueSpecification","valueRequired":true,"valueName":"search_term_string"}}],"inLanguage":"pt-BR"},{"@type":"Organization","@id":"https:\/\/blogdobispo.com.br\/#organization","name":"Blog do Bispo","url":"https:\/\/blogdobispo.com.br\/","logo":{"@type":"ImageObject","inLanguage":"pt-BR","@id":"https:\/\/blogdobispo.com.br\/#\/schema\/logo\/image\/","url":"http:\/\/blogdobispo.com.br\/wp-content\/uploads\/2023\/05\/cropped-headear.png","contentUrl":"http:\/\/blogdobispo.com.br\/wp-content\/uploads\/2023\/05\/cropped-headear.png","width":1500,"height":399,"caption":"Blog do Bispo"},"image":{"@id":"https:\/\/blogdobispo.com.br\/#\/schema\/logo\/image\/"}},{"@type":"Person","@id":"https:\/\/blogdobispo.com.br\/#\/schema\/person\/e2209cc0e6cea5c5233d033e997b373f","name":"Jefferson Sterfeno","image":{"@type":"ImageObject","inLanguage":"pt-BR","@id":"https:\/\/blogdobispo.com.br\/#\/schema\/person\/image\/","url":"https:\/\/secure.gravatar.com\/avatar\/0534e84764641168a677026b6d57a3f51dc7ac4db0b4f6186d9cb330d4ee1160?s=96&d=mm&r=g","contentUrl":"https:\/\/secure.gravatar.com\/avatar\/0534e84764641168a677026b6d57a3f51dc7ac4db0b4f6186d9cb330d4ee1160?s=96&d=mm&r=g","caption":"Jefferson Sterfeno"},"sameAs":["http:\/\/blogdobispo.com.br"],"url":"https:\/\/blogdobispo.com.br\/?author=1"}]}},"featured_image_urls":{"full":"","thumbnail":"","medium":"","medium_large":"","large":"","1536x1536":"","2048x2048":""},"author_info":{"display_name":"Jefferson Sterfeno","author_link":"https:\/\/blogdobispo.com.br\/?author=1"},"category_info":"<a href=\"https:\/\/blogdobispo.com.br\/?cat=1\" rel=\"category\">diversos<\/a>","tag_info":"diversos","comment_count":"0","jetpack_featured_media_url":"","jetpack_sharing_enabled":true,"_links":{"self":[{"href":"https:\/\/blogdobispo.com.br\/index.php?rest_route=\/wp\/v2\/posts\/2124","targetHints":{"allow":["GET"]}}],"collection":[{"href":"https:\/\/blogdobispo.com.br\/index.php?rest_route=\/wp\/v2\/posts"}],"about":[{"href":"https:\/\/blogdobispo.com.br\/index.php?rest_route=\/wp\/v2\/types\/post"}],"author":[{"embeddable":true,"href":"https:\/\/blogdobispo.com.br\/index.php?rest_route=\/wp\/v2\/users\/1"}],"replies":[{"embeddable":true,"href":"https:\/\/blogdobispo.com.br\/index.php?rest_route=%2Fwp%2Fv2%2Fcomments&post=2124"}],"version-history":[{"count":0,"href":"https:\/\/blogdobispo.com.br\/index.php?rest_route=\/wp\/v2\/posts\/2124\/revisions"}],"wp:attachment":[{"href":"https:\/\/blogdobispo.com.br\/index.php?rest_route=%2Fwp%2Fv2%2Fmedia&parent=2124"}],"wp:term":[{"taxonomy":"category","embeddable":true,"href":"https:\/\/blogdobispo.com.br\/index.php?rest_route=%2Fwp%2Fv2%2Fcategories&post=2124"},{"taxonomy":"post_tag","embeddable":true,"href":"https:\/\/blogdobispo.com.br\/index.php?rest_route=%2Fwp%2Fv2%2Ftags&post=2124"}],"curies":[{"name":"wp","href":"https:\/\/api.w.org\/{rel}","templated":true}]}}