{"id":2116,"date":"2023-11-11T10:52:25","date_gmt":"2023-11-11T10:52:25","guid":{"rendered":"https:\/\/blogdobispo.com.br\/?p=2116"},"modified":"2023-12-01T18:11:47","modified_gmt":"2023-12-01T18:11:47","slug":"camara-de-parnamirim-aprova-projeto-que-cria-refis-com-ate-100-de-desconto-sobre-juros-e-multas","status":"publish","type":"post","link":"https:\/\/blogdobispo.com.br\/?p=2116","title":{"rendered":"CMN realiza solene em alus\u00e3o ao Dia do Fisioterapeuta e do Terapeuta Ocupacional"},"content":{"rendered":"\n<p><\/p>\n\n\n\n<p><\/p>\n\n\n\n<figure class=\"wp-block-image size-large\"><img data-recalc-dims=\"1\" fetchpriority=\"high\" decoding=\"async\" width=\"800\" height=\"503\" src=\"https:\/\/i0.wp.com\/blogdobispo.com.br\/wp-content\/uploads\/2023\/12\/img_4138-1-1024x644.png?resize=800%2C503&#038;ssl=1\" alt=\"\" class=\"wp-image-2305\" srcset=\"https:\/\/i0.wp.com\/blogdobispo.com.br\/wp-content\/uploads\/2023\/12\/img_4138-1.png?resize=1024%2C644&amp;ssl=1 1024w, https:\/\/i0.wp.com\/blogdobispo.com.br\/wp-content\/uploads\/2023\/12\/img_4138-1.png?resize=300%2C189&amp;ssl=1 300w, https:\/\/i0.wp.com\/blogdobispo.com.br\/wp-content\/uploads\/2023\/12\/img_4138-1.png?resize=768%2C483&amp;ssl=1 768w, https:\/\/i0.wp.com\/blogdobispo.com.br\/wp-content\/uploads\/2023\/12\/img_4138-1.png?resize=1536%2C967&amp;ssl=1 1536w, https:\/\/i0.wp.com\/blogdobispo.com.br\/wp-content\/uploads\/2023\/12\/img_4138-1.png?w=1600&amp;ssl=1 1600w\" sizes=\"(max-width: 800px) 100vw, 800px\" \/><\/figure>\n\n\n\n<figure class=\"wp-block-image\"><img data-recalc-dims=\"1\" decoding=\"async\" src=\"https:\/\/i0.wp.com\/www.cmnat.rn.gov.br\/_ups\/noticias\/2023\/10\/20\/36885bbdb459ef9a587b249d9cf36039.jpg?w=800&#038;ssl=1\" alt=\"\"\/><\/figure>\n\n\n\n<p>Em sess\u00e3o solene, nesta quinta-feira (19), a C\u00e2mara Municipal de Natal homenageou 17 profissionais em alus\u00e3o ao Dia do Fisioterapeuta e do Terapeuta Ocupacional, comemorado anualmente em 13 de outubro, para lembrar a data da oficializa\u00e7\u00e3o dessas profiss\u00f5es no Brasil. A proposi\u00e7\u00e3o foi da vereadora Ana Paula, que afirmou que \u201ca solenidade \u00e9 justa para celebrar e destacar a import\u00e2ncia dos fisioterapeutas e terapeutas ocupacionais para a sa\u00fade, para a qualidade de vida, e para o bem-estar f\u00edsico e emocional dos pacientes\u201d.<\/p>\n\n\n\n<p>Enquanto a fisioterapia usa o movimento para a recupera\u00e7\u00e3o, a terapia ocupacional se utiliza de atividades di\u00e1rias para a reabilita\u00e7\u00e3o, por isso se complementam. Enquanto a fisioterapia trabalha com foco na reabilita\u00e7\u00e3o f\u00edsica e motora, a terapia ocupacional promove reabilita\u00e7\u00f5es psicomotoras por meio de ocupa\u00e7\u00f5es cotidianas. Hist\u00f3rica e paralelamente, fisioterapeutas e terapeutas ocupacionais lutam pelo crescimento e o reconhecimento das profiss\u00f5es perante a sociedade, e se unem em conselhos, sindicatos e associa\u00e7\u00f5es para conquista de visibilidade e garantia de direitos, bem como para a fiscaliza\u00e7\u00e3o do exerc\u00edcio legal das profiss\u00f5es.<\/p>\n\n\n\n<p>Para o presidente do Sindicato dos Fisioterapeutas e Terapeutas Ocupacionais do RN, receber o reconhecimento da C\u00e2mara Municipal \u00e9 bastante significativo. Ele lembrou que durante a pandemia da Covid-19, esses profissionais foram essenciais. \u201cEmbora a fisioterapia e a terapia ocupacional j\u00e1 sejam reconhecidas h\u00e1 muitos anos, a import\u00e2ncia social delas durante a pandemia destacou-se como crucial, pelo n\u00famero de vidas que foram salvas e a quantidade de pessoas que n\u00e3o ficaram como sequelas em fun\u00e7\u00e3o da abordagem dos fisioterapeutas e terapeutas ocupacionais, especialmente dentro das unidades de terapia intensiva naquele momento cr\u00edtico\u201d, destacou.<\/p>\n\n\n\n<p>Jonilson J\u00fanior ressaltou tamb\u00e9m que a maioria dos homenageados e homenageadas, durante a sess\u00e3o solene desta quinta-feira, exercem doc\u00eancia, contribuindo para a forma\u00e7\u00e3o de novos profissionais ou desempenham  importantes papeis dentro de entidades representativas da categoria, raz\u00e3o pela qual considerou justa a homenagem prestada pela C\u00e2mara Municipal<\/p>\n","protected":false},"excerpt":{"rendered":"<p>Em sess\u00e3o solene, nesta quinta-feira (19), a C\u00e2mara Municipal de Natal homenageou 17 profissionais em alus\u00e3o ao Dia do Fisioterapeuta e do Terapeuta Ocupacional, comemorado anualmente em 13 de outubro, para lembrar a data da oficializa\u00e7\u00e3o dessas profiss\u00f5es no Brasil. A proposi\u00e7\u00e3o foi da vereadora Ana Paula, que afirmou que \u201ca solenidade \u00e9 justa para [&hellip;]<\/p>\n","protected":false},"author":1,"featured_media":0,"comment_status":"open","ping_status":"open","sticky":false,"template":"","format":"standard","meta":{"cybocfi_hide_featured_image":"","_jetpack_memberships_contains_paid_content":false,"footnotes":""},"categories":[1],"tags":[],"class_list":["post-2116","post","type-post","status-publish","format-standard","hentry","category-diversos"],"yoast_head":"<!-- This site is optimized with the Yoast SEO plugin v25.6 - https:\/\/yoast.com\/wordpress\/plugins\/seo\/ -->\n<title>CMN realiza solene em alus\u00e3o ao Dia do Fisioterapeuta e do Terapeuta Ocupacional - Blog do Bispo<\/title>\n<meta name=\"robots\" content=\"index, follow, max-snippet:-1, max-image-preview:large, max-video-preview:-1\" \/>\n<link rel=\"canonical\" href=\"https:\/\/blogdobispo.com.br\/?p=2116\" \/>\n<meta property=\"og:locale\" content=\"pt_BR\" \/>\n<meta property=\"og:type\" content=\"article\" \/>\n<meta property=\"og:title\" content=\"CMN realiza solene em alus\u00e3o ao Dia do Fisioterapeuta e do Terapeuta Ocupacional - Blog do Bispo\" \/>\n<meta property=\"og:description\" content=\"Em sess\u00e3o solene, nesta quinta-feira (19), a C\u00e2mara Municipal de Natal homenageou 17 profissionais em alus\u00e3o ao Dia do Fisioterapeuta e do Terapeuta Ocupacional, comemorado anualmente em 13 de outubro, para lembrar a data da oficializa\u00e7\u00e3o dessas profiss\u00f5es no Brasil. A proposi\u00e7\u00e3o foi da vereadora Ana Paula, que afirmou que \u201ca solenidade \u00e9 justa para [&hellip;]\" \/>\n<meta property=\"og:url\" content=\"https:\/\/blogdobispo.com.br\/?p=2116\" \/>\n<meta property=\"og:site_name\" content=\"Blog do Bispo\" \/>\n<meta property=\"article:published_time\" content=\"2023-11-11T10:52:25+00:00\" \/>\n<meta property=\"article:modified_time\" content=\"2023-12-01T18:11:47+00:00\" \/>\n<meta property=\"og:image\" content=\"https:\/\/blogdobispo.com.br\/wp-content\/uploads\/2023\/12\/img_4138-1-1024x644.png\" \/>\n<meta name=\"author\" content=\"Jefferson Sterfeno\" \/>\n<meta name=\"twitter:card\" content=\"summary_large_image\" \/>\n<meta name=\"twitter:label1\" content=\"Escrito por\" \/>\n\t<meta name=\"twitter:data1\" content=\"Jefferson Sterfeno\" \/>\n\t<meta name=\"twitter:label2\" content=\"Est. tempo de leitura\" \/>\n\t<meta name=\"twitter:data2\" content=\"2 minutos\" \/>\n<script type=\"application\/ld+json\" class=\"yoast-schema-graph\">{\"@context\":\"https:\/\/schema.org\",\"@graph\":[{\"@type\":\"Article\",\"@id\":\"https:\/\/blogdobispo.com.br\/?p=2116#article\",\"isPartOf\":{\"@id\":\"https:\/\/blogdobispo.com.br\/?p=2116\"},\"author\":{\"name\":\"Jefferson Sterfeno\",\"@id\":\"https:\/\/blogdobispo.com.br\/#\/schema\/person\/e2209cc0e6cea5c5233d033e997b373f\"},\"headline\":\"CMN realiza solene em alus\u00e3o ao Dia do Fisioterapeuta e do Terapeuta Ocupacional\",\"datePublished\":\"2023-11-11T10:52:25+00:00\",\"dateModified\":\"2023-12-01T18:11:47+00:00\",\"mainEntityOfPage\":{\"@id\":\"https:\/\/blogdobispo.com.br\/?p=2116\"},\"wordCount\":356,\"commentCount\":0,\"publisher\":{\"@id\":\"https:\/\/blogdobispo.com.br\/#organization\"},\"image\":{\"@id\":\"https:\/\/blogdobispo.com.br\/?p=2116#primaryimage\"},\"thumbnailUrl\":\"https:\/\/blogdobispo.com.br\/wp-content\/uploads\/2023\/12\/img_4138-1-1024x644.png\",\"articleSection\":[\"diversos\"],\"inLanguage\":\"pt-BR\",\"potentialAction\":[{\"@type\":\"CommentAction\",\"name\":\"Comment\",\"target\":[\"https:\/\/blogdobispo.com.br\/?p=2116#respond\"]}]},{\"@type\":\"WebPage\",\"@id\":\"https:\/\/blogdobispo.com.br\/?p=2116\",\"url\":\"https:\/\/blogdobispo.com.br\/?p=2116\",\"name\":\"CMN realiza solene em alus\u00e3o ao Dia do Fisioterapeuta e do Terapeuta Ocupacional - Blog do Bispo\",\"isPartOf\":{\"@id\":\"https:\/\/blogdobispo.com.br\/#website\"},\"primaryImageOfPage\":{\"@id\":\"https:\/\/blogdobispo.com.br\/?p=2116#primaryimage\"},\"image\":{\"@id\":\"https:\/\/blogdobispo.com.br\/?p=2116#primaryimage\"},\"thumbnailUrl\":\"https:\/\/blogdobispo.com.br\/wp-content\/uploads\/2023\/12\/img_4138-1-1024x644.png\",\"datePublished\":\"2023-11-11T10:52:25+00:00\",\"dateModified\":\"2023-12-01T18:11:47+00:00\",\"breadcrumb\":{\"@id\":\"https:\/\/blogdobispo.com.br\/?p=2116#breadcrumb\"},\"inLanguage\":\"pt-BR\",\"potentialAction\":[{\"@type\":\"ReadAction\",\"target\":[\"https:\/\/blogdobispo.com.br\/?p=2116\"]}]},{\"@type\":\"ImageObject\",\"inLanguage\":\"pt-BR\",\"@id\":\"https:\/\/blogdobispo.com.br\/?p=2116#primaryimage\",\"url\":\"https:\/\/blogdobispo.com.br\/wp-content\/uploads\/2023\/12\/img_4138-1-1024x644.png\",\"contentUrl\":\"https:\/\/blogdobispo.com.br\/wp-content\/uploads\/2023\/12\/img_4138-1-1024x644.png\"},{\"@type\":\"BreadcrumbList\",\"@id\":\"https:\/\/blogdobispo.com.br\/?p=2116#breadcrumb\",\"itemListElement\":[{\"@type\":\"ListItem\",\"position\":1,\"name\":\"In\u00edcio\",\"item\":\"https:\/\/blogdobispo.com.br\/\"},{\"@type\":\"ListItem\",\"position\":2,\"name\":\"CMN realiza solene em alus\u00e3o ao Dia do Fisioterapeuta e do Terapeuta Ocupacional\"}]},{\"@type\":\"WebSite\",\"@id\":\"https:\/\/blogdobispo.com.br\/#website\",\"url\":\"https:\/\/blogdobispo.com.br\/\",\"name\":\"Blog do Bispo\",\"description\":\"Comprometido apenas com o leitor\",\"publisher\":{\"@id\":\"https:\/\/blogdobispo.com.br\/#organization\"},\"potentialAction\":[{\"@type\":\"SearchAction\",\"target\":{\"@type\":\"EntryPoint\",\"urlTemplate\":\"https:\/\/blogdobispo.com.br\/?s={search_term_string}\"},\"query-input\":{\"@type\":\"PropertyValueSpecification\",\"valueRequired\":true,\"valueName\":\"search_term_string\"}}],\"inLanguage\":\"pt-BR\"},{\"@type\":\"Organization\",\"@id\":\"https:\/\/blogdobispo.com.br\/#organization\",\"name\":\"Blog do Bispo\",\"url\":\"https:\/\/blogdobispo.com.br\/\",\"logo\":{\"@type\":\"ImageObject\",\"inLanguage\":\"pt-BR\",\"@id\":\"https:\/\/blogdobispo.com.br\/#\/schema\/logo\/image\/\",\"url\":\"http:\/\/blogdobispo.com.br\/wp-content\/uploads\/2023\/05\/cropped-headear.png\",\"contentUrl\":\"http:\/\/blogdobispo.com.br\/wp-content\/uploads\/2023\/05\/cropped-headear.png\",\"width\":1500,\"height\":399,\"caption\":\"Blog do Bispo\"},\"image\":{\"@id\":\"https:\/\/blogdobispo.com.br\/#\/schema\/logo\/image\/\"}},{\"@type\":\"Person\",\"@id\":\"https:\/\/blogdobispo.com.br\/#\/schema\/person\/e2209cc0e6cea5c5233d033e997b373f\",\"name\":\"Jefferson Sterfeno\",\"image\":{\"@type\":\"ImageObject\",\"inLanguage\":\"pt-BR\",\"@id\":\"https:\/\/blogdobispo.com.br\/#\/schema\/person\/image\/\",\"url\":\"https:\/\/secure.gravatar.com\/avatar\/0534e84764641168a677026b6d57a3f51dc7ac4db0b4f6186d9cb330d4ee1160?s=96&d=mm&r=g\",\"contentUrl\":\"https:\/\/secure.gravatar.com\/avatar\/0534e84764641168a677026b6d57a3f51dc7ac4db0b4f6186d9cb330d4ee1160?s=96&d=mm&r=g\",\"caption\":\"Jefferson Sterfeno\"},\"sameAs\":[\"http:\/\/blogdobispo.com.br\"],\"url\":\"https:\/\/blogdobispo.com.br\/?author=1\"}]}<\/script>\n<!-- \/ Yoast SEO plugin. -->","yoast_head_json":{"title":"CMN realiza solene em alus\u00e3o ao Dia do Fisioterapeuta e do Terapeuta Ocupacional - Blog do Bispo","robots":{"index":"index","follow":"follow","max-snippet":"max-snippet:-1","max-image-preview":"max-image-preview:large","max-video-preview":"max-video-preview:-1"},"canonical":"https:\/\/blogdobispo.com.br\/?p=2116","og_locale":"pt_BR","og_type":"article","og_title":"CMN realiza solene em alus\u00e3o ao Dia do Fisioterapeuta e do Terapeuta Ocupacional - Blog do Bispo","og_description":"Em sess\u00e3o solene, nesta quinta-feira (19), a C\u00e2mara Municipal de Natal homenageou 17 profissionais em alus\u00e3o ao Dia do Fisioterapeuta e do Terapeuta Ocupacional, comemorado anualmente em 13 de outubro, para lembrar a data da oficializa\u00e7\u00e3o dessas profiss\u00f5es no Brasil. A proposi\u00e7\u00e3o foi da vereadora Ana Paula, que afirmou que \u201ca solenidade \u00e9 justa para [&hellip;]","og_url":"https:\/\/blogdobispo.com.br\/?p=2116","og_site_name":"Blog do Bispo","article_published_time":"2023-11-11T10:52:25+00:00","article_modified_time":"2023-12-01T18:11:47+00:00","og_image":[{"url":"https:\/\/blogdobispo.com.br\/wp-content\/uploads\/2023\/12\/img_4138-1-1024x644.png","type":"","width":"","height":""}],"author":"Jefferson Sterfeno","twitter_card":"summary_large_image","twitter_misc":{"Escrito por":"Jefferson Sterfeno","Est. tempo de leitura":"2 minutos"},"schema":{"@context":"https:\/\/schema.org","@graph":[{"@type":"Article","@id":"https:\/\/blogdobispo.com.br\/?p=2116#article","isPartOf":{"@id":"https:\/\/blogdobispo.com.br\/?p=2116"},"author":{"name":"Jefferson Sterfeno","@id":"https:\/\/blogdobispo.com.br\/#\/schema\/person\/e2209cc0e6cea5c5233d033e997b373f"},"headline":"CMN realiza solene em alus\u00e3o ao Dia do Fisioterapeuta e do Terapeuta Ocupacional","datePublished":"2023-11-11T10:52:25+00:00","dateModified":"2023-12-01T18:11:47+00:00","mainEntityOfPage":{"@id":"https:\/\/blogdobispo.com.br\/?p=2116"},"wordCount":356,"commentCount":0,"publisher":{"@id":"https:\/\/blogdobispo.com.br\/#organization"},"image":{"@id":"https:\/\/blogdobispo.com.br\/?p=2116#primaryimage"},"thumbnailUrl":"https:\/\/blogdobispo.com.br\/wp-content\/uploads\/2023\/12\/img_4138-1-1024x644.png","articleSection":["diversos"],"inLanguage":"pt-BR","potentialAction":[{"@type":"CommentAction","name":"Comment","target":["https:\/\/blogdobispo.com.br\/?p=2116#respond"]}]},{"@type":"WebPage","@id":"https:\/\/blogdobispo.com.br\/?p=2116","url":"https:\/\/blogdobispo.com.br\/?p=2116","name":"CMN realiza solene em alus\u00e3o ao Dia do Fisioterapeuta e do Terapeuta Ocupacional - Blog do Bispo","isPartOf":{"@id":"https:\/\/blogdobispo.com.br\/#website"},"primaryImageOfPage":{"@id":"https:\/\/blogdobispo.com.br\/?p=2116#primaryimage"},"image":{"@id":"https:\/\/blogdobispo.com.br\/?p=2116#primaryimage"},"thumbnailUrl":"https:\/\/blogdobispo.com.br\/wp-content\/uploads\/2023\/12\/img_4138-1-1024x644.png","datePublished":"2023-11-11T10:52:25+00:00","dateModified":"2023-12-01T18:11:47+00:00","breadcrumb":{"@id":"https:\/\/blogdobispo.com.br\/?p=2116#breadcrumb"},"inLanguage":"pt-BR","potentialAction":[{"@type":"ReadAction","target":["https:\/\/blogdobispo.com.br\/?p=2116"]}]},{"@type":"ImageObject","inLanguage":"pt-BR","@id":"https:\/\/blogdobispo.com.br\/?p=2116#primaryimage","url":"https:\/\/blogdobispo.com.br\/wp-content\/uploads\/2023\/12\/img_4138-1-1024x644.png","contentUrl":"https:\/\/blogdobispo.com.br\/wp-content\/uploads\/2023\/12\/img_4138-1-1024x644.png"},{"@type":"BreadcrumbList","@id":"https:\/\/blogdobispo.com.br\/?p=2116#breadcrumb","itemListElement":[{"@type":"ListItem","position":1,"name":"In\u00edcio","item":"https:\/\/blogdobispo.com.br\/"},{"@type":"ListItem","position":2,"name":"CMN realiza solene em alus\u00e3o ao Dia do Fisioterapeuta e do Terapeuta Ocupacional"}]},{"@type":"WebSite","@id":"https:\/\/blogdobispo.com.br\/#website","url":"https:\/\/blogdobispo.com.br\/","name":"Blog do Bispo","description":"Comprometido apenas com o leitor","publisher":{"@id":"https:\/\/blogdobispo.com.br\/#organization"},"potentialAction":[{"@type":"SearchAction","target":{"@type":"EntryPoint","urlTemplate":"https:\/\/blogdobispo.com.br\/?s={search_term_string}"},"query-input":{"@type":"PropertyValueSpecification","valueRequired":true,"valueName":"search_term_string"}}],"inLanguage":"pt-BR"},{"@type":"Organization","@id":"https:\/\/blogdobispo.com.br\/#organization","name":"Blog do Bispo","url":"https:\/\/blogdobispo.com.br\/","logo":{"@type":"ImageObject","inLanguage":"pt-BR","@id":"https:\/\/blogdobispo.com.br\/#\/schema\/logo\/image\/","url":"http:\/\/blogdobispo.com.br\/wp-content\/uploads\/2023\/05\/cropped-headear.png","contentUrl":"http:\/\/blogdobispo.com.br\/wp-content\/uploads\/2023\/05\/cropped-headear.png","width":1500,"height":399,"caption":"Blog do Bispo"},"image":{"@id":"https:\/\/blogdobispo.com.br\/#\/schema\/logo\/image\/"}},{"@type":"Person","@id":"https:\/\/blogdobispo.com.br\/#\/schema\/person\/e2209cc0e6cea5c5233d033e997b373f","name":"Jefferson Sterfeno","image":{"@type":"ImageObject","inLanguage":"pt-BR","@id":"https:\/\/blogdobispo.com.br\/#\/schema\/person\/image\/","url":"https:\/\/secure.gravatar.com\/avatar\/0534e84764641168a677026b6d57a3f51dc7ac4db0b4f6186d9cb330d4ee1160?s=96&d=mm&r=g","contentUrl":"https:\/\/secure.gravatar.com\/avatar\/0534e84764641168a677026b6d57a3f51dc7ac4db0b4f6186d9cb330d4ee1160?s=96&d=mm&r=g","caption":"Jefferson Sterfeno"},"sameAs":["http:\/\/blogdobispo.com.br"],"url":"https:\/\/blogdobispo.com.br\/?author=1"}]}},"featured_image_urls":{"full":"","thumbnail":"","medium":"","medium_large":"","large":"","1536x1536":"","2048x2048":""},"author_info":{"display_name":"Jefferson Sterfeno","author_link":"https:\/\/blogdobispo.com.br\/?author=1"},"category_info":"<a href=\"https:\/\/blogdobispo.com.br\/?cat=1\" rel=\"category\">diversos<\/a>","tag_info":"diversos","comment_count":"0","jetpack_featured_media_url":"","jetpack_sharing_enabled":true,"_links":{"self":[{"href":"https:\/\/blogdobispo.com.br\/index.php?rest_route=\/wp\/v2\/posts\/2116","targetHints":{"allow":["GET"]}}],"collection":[{"href":"https:\/\/blogdobispo.com.br\/index.php?rest_route=\/wp\/v2\/posts"}],"about":[{"href":"https:\/\/blogdobispo.com.br\/index.php?rest_route=\/wp\/v2\/types\/post"}],"author":[{"embeddable":true,"href":"https:\/\/blogdobispo.com.br\/index.php?rest_route=\/wp\/v2\/users\/1"}],"replies":[{"embeddable":true,"href":"https:\/\/blogdobispo.com.br\/index.php?rest_route=%2Fwp%2Fv2%2Fcomments&post=2116"}],"version-history":[{"count":4,"href":"https:\/\/blogdobispo.com.br\/index.php?rest_route=\/wp\/v2\/posts\/2116\/revisions"}],"predecessor-version":[{"id":2307,"href":"https:\/\/blogdobispo.com.br\/index.php?rest_route=\/wp\/v2\/posts\/2116\/revisions\/2307"}],"wp:attachment":[{"href":"https:\/\/blogdobispo.com.br\/index.php?rest_route=%2Fwp%2Fv2%2Fmedia&parent=2116"}],"wp:term":[{"taxonomy":"category","embeddable":true,"href":"https:\/\/blogdobispo.com.br\/index.php?rest_route=%2Fwp%2Fv2%2Fcategories&post=2116"},{"taxonomy":"post_tag","embeddable":true,"href":"https:\/\/blogdobispo.com.br\/index.php?rest_route=%2Fwp%2Fv2%2Ftags&post=2116"}],"curies":[{"name":"wp","href":"https:\/\/api.w.org\/{rel}","templated":true}]}}