{"id":2097,"date":"2023-11-07T23:12:19","date_gmt":"2023-11-07T23:12:19","guid":{"rendered":"https:\/\/blogdobispo.com.br\/?p=2097"},"modified":"2023-11-07T23:12:19","modified_gmt":"2023-11-07T23:12:19","slug":"prefeitura-de-natal-assume-extra-teto-e-cirurgias-cardiacas-serao-retomadas","status":"publish","type":"post","link":"https:\/\/blogdobispo.com.br\/?p=2097","title":{"rendered":"Prefeitura de Natal assume \u201cextra-teto\u201d e cirurgias card\u00edacas ser\u00e3o retomadas"},"content":{"rendered":"\n<figure class=\"wp-block-image size-large\"><img data-recalc-dims=\"1\" fetchpriority=\"high\" decoding=\"async\" width=\"800\" height=\"533\" src=\"https:\/\/i0.wp.com\/blogdobispo.com.br\/wp-content\/uploads\/2023\/11\/61c95d71-0a99-457a-891b-b12d53d8a7be-1-1024x682.jpg?resize=800%2C533&#038;ssl=1\" class=\"wp-image-2096\" srcset=\"https:\/\/i0.wp.com\/blogdobispo.com.br\/wp-content\/uploads\/2023\/11\/61c95d71-0a99-457a-891b-b12d53d8a7be-1.jpg?resize=1024%2C682&amp;ssl=1 1024w, https:\/\/i0.wp.com\/blogdobispo.com.br\/wp-content\/uploads\/2023\/11\/61c95d71-0a99-457a-891b-b12d53d8a7be-1.jpg?resize=300%2C200&amp;ssl=1 300w, https:\/\/i0.wp.com\/blogdobispo.com.br\/wp-content\/uploads\/2023\/11\/61c95d71-0a99-457a-891b-b12d53d8a7be-1.jpg?resize=768%2C512&amp;ssl=1 768w, https:\/\/i0.wp.com\/blogdobispo.com.br\/wp-content\/uploads\/2023\/11\/61c95d71-0a99-457a-891b-b12d53d8a7be-1.jpg?w=1280&amp;ssl=1 1280w\" sizes=\"(max-width: 800px) 100vw, 800px\" \/><\/figure>\n\n\n\n<p><\/p>\n\n\n\n<p>O Prefeito \u00c1lvaro Dias determinou que a Prefeitura de Natal ir\u00e1 assumir, de forma provis\u00f3ria, o pagamento do \u201cextra-teto\u201d de hospitais privados que suspenderam o atendimento em cardiologia, no Munic\u00edpio. A decis\u00e3o foi comunicada, nesta ter\u00e7a-feira (7), no Pal\u00e1cio Felipe Camar\u00e3o, pelo secret\u00e1rio de sa\u00fade municipal, George Antunes e as cirurgias j\u00e1 devem retornar ao agendamento nesta quarta-feira (8).<\/p>\n\n\n\n<p>\u201cA Prefeitura est\u00e1 assumindo uma responsabilidade que n\u00e3o \u00e9 nossa. At\u00e9 quando Natal vai ficar pagando essa conta sozinho \u00e9 uma pergunta que eu fa\u00e7o\u201d, questionou o secret\u00e1rio da SMS. Sem contar com os repasses do Governo do Estado do RN, que j\u00e1 possui uma d\u00edvida com o Munic\u00edpio de R$ 70 milh\u00f5es e com a aus\u00eancia dos repasses mensais que superam R$ 1,1 milh\u00e3o, a capital potiguar tem assumido toda a conta.<\/p>\n\n\n\n<p>\u201cSe n\u00e3o bastassem os repasses em atraso n\u00f3s temos outros dois problemas graves. Desde o ano passado temos direito ao aumento do teto financeiro para R$ 43 milh\u00f5es. Tecnicamente isso j\u00e1 foi aprovado pelo Minist\u00e9rio da Sa\u00fade, no entanto falta a libera\u00e7\u00e3o do valor\u201d, revela George Antunes. \u201cA nossa execu\u00e7\u00e3o financeira \u00e9 maior do que as receitas que chegam do Minist\u00e9rio\u201d, complementa.<\/p>\n\n\n\n<p>Um terceiro problema enfrentado pelo sistema de sa\u00fade em Natal tem origem no sistema de pactua\u00e7\u00e3o entre os munic\u00edpios. \u201cEsse \u00e9 cr\u00f4nico. O Estado, que deveria reunir todos para uma revis\u00e3o, n\u00e3o o faz. Temos um preju\u00edzo anual de R$ 68 milh\u00f5es. Natal vai pagar essa conta para o Estado inteiro at\u00e9 quando? Temos que colocar todos em volta de uma mesa para encontrarmos uma solu\u00e7\u00e3o e n\u00e3o colocar coisas na m\u00eddia como vem sendo feito\u201d, explica o titular da SMS.<\/p>\n\n\n\n<p>Segundo George Antunes, ap\u00f3s a autoriza\u00e7\u00e3o do prefeito \u00c1lvaro Dias, hoje ainda ele ter\u00e1 reuni\u00e3o com os hospitais INCOR e Hospital do Cora\u00e7\u00e3o para que a situa\u00e7\u00e3o das cirurgias card\u00edacas seja normalizada de imediato. \u201cVamos garantir o aporte em torno de R$ 1,3 milh\u00e3o, sacrificando outras \u00e1reas sociais e tamb\u00e9m de nossa pr\u00f3pria secretaria e queremos que as cirurgias vasculares e cateterismos sejam feitas normalmente, come\u00e7ando primeiramente com os pacientes que est\u00e3o nas UPAS ou em outras interna\u00e7\u00f5es e depois passando para os que est\u00e3o em casa\u201d, antecipou.<\/p>\n\n\n\n<p>Sobre as cirurgias ortop\u00e9dicas, George Antunes garantiu que os procedimentos est\u00e3o normalizados. \u201cEsse caso que j\u00e1 foi judicializado est\u00e1 resolvido e n\u00f3s tamb\u00e9m j\u00e1 estamos pagando essa conta de extra-teto. \u00c9 algo que, somado com a \u00e1rea cardiol\u00f3gica, chega pr\u00f3ximo de R$ 2 milh\u00f5es ou at\u00e9 mais. Precisamos que algo seja feito para que isso n\u00e3o fique apenas com Natal\u201d, finalizou.<\/p>\n","protected":false},"excerpt":{"rendered":"<p>O Prefeito \u00c1lvaro Dias determinou que a Prefeitura de Natal ir\u00e1 assumir, de forma provis\u00f3ria, o pagamento do \u201cextra-teto\u201d de hospitais privados que suspenderam o atendimento em cardiologia, no Munic\u00edpio. A decis\u00e3o foi comunicada, nesta ter\u00e7a-feira (7), no Pal\u00e1cio Felipe Camar\u00e3o, pelo secret\u00e1rio de sa\u00fade municipal, George Antunes e as cirurgias j\u00e1 devem retornar ao [&hellip;]<\/p>\n","protected":false},"author":1,"featured_media":0,"comment_status":"open","ping_status":"open","sticky":false,"template":"","format":"standard","meta":{"cybocfi_hide_featured_image":"","_jetpack_memberships_contains_paid_content":false,"footnotes":""},"categories":[1],"tags":[],"class_list":["post-2097","post","type-post","status-publish","format-standard","hentry","category-diversos"],"yoast_head":"<!-- This site is optimized with the Yoast SEO plugin v25.6 - https:\/\/yoast.com\/wordpress\/plugins\/seo\/ -->\n<title>Prefeitura de Natal assume \u201cextra-teto\u201d e cirurgias card\u00edacas ser\u00e3o retomadas - Blog do Bispo<\/title>\n<meta name=\"robots\" content=\"index, follow, max-snippet:-1, max-image-preview:large, max-video-preview:-1\" \/>\n<link rel=\"canonical\" href=\"https:\/\/blogdobispo.com.br\/?p=2097\" \/>\n<meta property=\"og:locale\" content=\"pt_BR\" \/>\n<meta property=\"og:type\" content=\"article\" \/>\n<meta property=\"og:title\" content=\"Prefeitura de Natal assume \u201cextra-teto\u201d e cirurgias card\u00edacas ser\u00e3o retomadas - Blog do Bispo\" \/>\n<meta property=\"og:description\" content=\"O Prefeito \u00c1lvaro Dias determinou que a Prefeitura de Natal ir\u00e1 assumir, de forma provis\u00f3ria, o pagamento do \u201cextra-teto\u201d de hospitais privados que suspenderam o atendimento em cardiologia, no Munic\u00edpio. A decis\u00e3o foi comunicada, nesta ter\u00e7a-feira (7), no Pal\u00e1cio Felipe Camar\u00e3o, pelo secret\u00e1rio de sa\u00fade municipal, George Antunes e as cirurgias j\u00e1 devem retornar ao [&hellip;]\" \/>\n<meta property=\"og:url\" content=\"https:\/\/blogdobispo.com.br\/?p=2097\" \/>\n<meta property=\"og:site_name\" content=\"Blog do Bispo\" \/>\n<meta property=\"article:published_time\" content=\"2023-11-07T23:12:19+00:00\" \/>\n<meta property=\"og:image\" content=\"https:\/\/blogdobispo.com.br\/wp-content\/uploads\/2023\/11\/61c95d71-0a99-457a-891b-b12d53d8a7be-1-1024x682.jpg\" \/>\n<meta name=\"author\" content=\"Jefferson Sterfeno\" \/>\n<meta name=\"twitter:card\" content=\"summary_large_image\" \/>\n<meta name=\"twitter:label1\" content=\"Escrito por\" \/>\n\t<meta name=\"twitter:data1\" content=\"Jefferson Sterfeno\" \/>\n\t<meta name=\"twitter:label2\" content=\"Est. tempo de leitura\" \/>\n\t<meta name=\"twitter:data2\" content=\"2 minutos\" \/>\n<script type=\"application\/ld+json\" class=\"yoast-schema-graph\">{\"@context\":\"https:\/\/schema.org\",\"@graph\":[{\"@type\":\"Article\",\"@id\":\"https:\/\/blogdobispo.com.br\/?p=2097#article\",\"isPartOf\":{\"@id\":\"https:\/\/blogdobispo.com.br\/?p=2097\"},\"author\":{\"name\":\"Jefferson Sterfeno\",\"@id\":\"https:\/\/blogdobispo.com.br\/#\/schema\/person\/e2209cc0e6cea5c5233d033e997b373f\"},\"headline\":\"Prefeitura de Natal assume \u201cextra-teto\u201d e cirurgias card\u00edacas ser\u00e3o retomadas\",\"datePublished\":\"2023-11-07T23:12:19+00:00\",\"mainEntityOfPage\":{\"@id\":\"https:\/\/blogdobispo.com.br\/?p=2097\"},\"wordCount\":479,\"commentCount\":0,\"publisher\":{\"@id\":\"https:\/\/blogdobispo.com.br\/#organization\"},\"image\":{\"@id\":\"https:\/\/blogdobispo.com.br\/?p=2097#primaryimage\"},\"thumbnailUrl\":\"https:\/\/blogdobispo.com.br\/wp-content\/uploads\/2023\/11\/61c95d71-0a99-457a-891b-b12d53d8a7be-1-1024x682.jpg\",\"articleSection\":[\"diversos\"],\"inLanguage\":\"pt-BR\",\"potentialAction\":[{\"@type\":\"CommentAction\",\"name\":\"Comment\",\"target\":[\"https:\/\/blogdobispo.com.br\/?p=2097#respond\"]}]},{\"@type\":\"WebPage\",\"@id\":\"https:\/\/blogdobispo.com.br\/?p=2097\",\"url\":\"https:\/\/blogdobispo.com.br\/?p=2097\",\"name\":\"Prefeitura de Natal assume \u201cextra-teto\u201d e cirurgias card\u00edacas ser\u00e3o retomadas - Blog do Bispo\",\"isPartOf\":{\"@id\":\"https:\/\/blogdobispo.com.br\/#website\"},\"primaryImageOfPage\":{\"@id\":\"https:\/\/blogdobispo.com.br\/?p=2097#primaryimage\"},\"image\":{\"@id\":\"https:\/\/blogdobispo.com.br\/?p=2097#primaryimage\"},\"thumbnailUrl\":\"https:\/\/blogdobispo.com.br\/wp-content\/uploads\/2023\/11\/61c95d71-0a99-457a-891b-b12d53d8a7be-1-1024x682.jpg\",\"datePublished\":\"2023-11-07T23:12:19+00:00\",\"breadcrumb\":{\"@id\":\"https:\/\/blogdobispo.com.br\/?p=2097#breadcrumb\"},\"inLanguage\":\"pt-BR\",\"potentialAction\":[{\"@type\":\"ReadAction\",\"target\":[\"https:\/\/blogdobispo.com.br\/?p=2097\"]}]},{\"@type\":\"ImageObject\",\"inLanguage\":\"pt-BR\",\"@id\":\"https:\/\/blogdobispo.com.br\/?p=2097#primaryimage\",\"url\":\"https:\/\/blogdobispo.com.br\/wp-content\/uploads\/2023\/11\/61c95d71-0a99-457a-891b-b12d53d8a7be-1-1024x682.jpg\",\"contentUrl\":\"https:\/\/blogdobispo.com.br\/wp-content\/uploads\/2023\/11\/61c95d71-0a99-457a-891b-b12d53d8a7be-1-1024x682.jpg\"},{\"@type\":\"BreadcrumbList\",\"@id\":\"https:\/\/blogdobispo.com.br\/?p=2097#breadcrumb\",\"itemListElement\":[{\"@type\":\"ListItem\",\"position\":1,\"name\":\"In\u00edcio\",\"item\":\"https:\/\/blogdobispo.com.br\/\"},{\"@type\":\"ListItem\",\"position\":2,\"name\":\"Prefeitura de Natal assume \u201cextra-teto\u201d e cirurgias card\u00edacas ser\u00e3o retomadas\"}]},{\"@type\":\"WebSite\",\"@id\":\"https:\/\/blogdobispo.com.br\/#website\",\"url\":\"https:\/\/blogdobispo.com.br\/\",\"name\":\"Blog do Bispo\",\"description\":\"Comprometido apenas com o leitor\",\"publisher\":{\"@id\":\"https:\/\/blogdobispo.com.br\/#organization\"},\"potentialAction\":[{\"@type\":\"SearchAction\",\"target\":{\"@type\":\"EntryPoint\",\"urlTemplate\":\"https:\/\/blogdobispo.com.br\/?s={search_term_string}\"},\"query-input\":{\"@type\":\"PropertyValueSpecification\",\"valueRequired\":true,\"valueName\":\"search_term_string\"}}],\"inLanguage\":\"pt-BR\"},{\"@type\":\"Organization\",\"@id\":\"https:\/\/blogdobispo.com.br\/#organization\",\"name\":\"Blog do Bispo\",\"url\":\"https:\/\/blogdobispo.com.br\/\",\"logo\":{\"@type\":\"ImageObject\",\"inLanguage\":\"pt-BR\",\"@id\":\"https:\/\/blogdobispo.com.br\/#\/schema\/logo\/image\/\",\"url\":\"http:\/\/blogdobispo.com.br\/wp-content\/uploads\/2023\/05\/cropped-headear.png\",\"contentUrl\":\"http:\/\/blogdobispo.com.br\/wp-content\/uploads\/2023\/05\/cropped-headear.png\",\"width\":1500,\"height\":399,\"caption\":\"Blog do Bispo\"},\"image\":{\"@id\":\"https:\/\/blogdobispo.com.br\/#\/schema\/logo\/image\/\"}},{\"@type\":\"Person\",\"@id\":\"https:\/\/blogdobispo.com.br\/#\/schema\/person\/e2209cc0e6cea5c5233d033e997b373f\",\"name\":\"Jefferson Sterfeno\",\"image\":{\"@type\":\"ImageObject\",\"inLanguage\":\"pt-BR\",\"@id\":\"https:\/\/blogdobispo.com.br\/#\/schema\/person\/image\/\",\"url\":\"https:\/\/secure.gravatar.com\/avatar\/0534e84764641168a677026b6d57a3f51dc7ac4db0b4f6186d9cb330d4ee1160?s=96&d=mm&r=g\",\"contentUrl\":\"https:\/\/secure.gravatar.com\/avatar\/0534e84764641168a677026b6d57a3f51dc7ac4db0b4f6186d9cb330d4ee1160?s=96&d=mm&r=g\",\"caption\":\"Jefferson Sterfeno\"},\"sameAs\":[\"http:\/\/blogdobispo.com.br\"],\"url\":\"https:\/\/blogdobispo.com.br\/?author=1\"}]}<\/script>\n<!-- \/ Yoast SEO plugin. -->","yoast_head_json":{"title":"Prefeitura de Natal assume \u201cextra-teto\u201d e cirurgias card\u00edacas ser\u00e3o retomadas - Blog do Bispo","robots":{"index":"index","follow":"follow","max-snippet":"max-snippet:-1","max-image-preview":"max-image-preview:large","max-video-preview":"max-video-preview:-1"},"canonical":"https:\/\/blogdobispo.com.br\/?p=2097","og_locale":"pt_BR","og_type":"article","og_title":"Prefeitura de Natal assume \u201cextra-teto\u201d e cirurgias card\u00edacas ser\u00e3o retomadas - Blog do Bispo","og_description":"O Prefeito \u00c1lvaro Dias determinou que a Prefeitura de Natal ir\u00e1 assumir, de forma provis\u00f3ria, o pagamento do \u201cextra-teto\u201d de hospitais privados que suspenderam o atendimento em cardiologia, no Munic\u00edpio. A decis\u00e3o foi comunicada, nesta ter\u00e7a-feira (7), no Pal\u00e1cio Felipe Camar\u00e3o, pelo secret\u00e1rio de sa\u00fade municipal, George Antunes e as cirurgias j\u00e1 devem retornar ao [&hellip;]","og_url":"https:\/\/blogdobispo.com.br\/?p=2097","og_site_name":"Blog do Bispo","article_published_time":"2023-11-07T23:12:19+00:00","og_image":[{"url":"https:\/\/blogdobispo.com.br\/wp-content\/uploads\/2023\/11\/61c95d71-0a99-457a-891b-b12d53d8a7be-1-1024x682.jpg","type":"","width":"","height":""}],"author":"Jefferson Sterfeno","twitter_card":"summary_large_image","twitter_misc":{"Escrito por":"Jefferson Sterfeno","Est. tempo de leitura":"2 minutos"},"schema":{"@context":"https:\/\/schema.org","@graph":[{"@type":"Article","@id":"https:\/\/blogdobispo.com.br\/?p=2097#article","isPartOf":{"@id":"https:\/\/blogdobispo.com.br\/?p=2097"},"author":{"name":"Jefferson Sterfeno","@id":"https:\/\/blogdobispo.com.br\/#\/schema\/person\/e2209cc0e6cea5c5233d033e997b373f"},"headline":"Prefeitura de Natal assume \u201cextra-teto\u201d e cirurgias card\u00edacas ser\u00e3o retomadas","datePublished":"2023-11-07T23:12:19+00:00","mainEntityOfPage":{"@id":"https:\/\/blogdobispo.com.br\/?p=2097"},"wordCount":479,"commentCount":0,"publisher":{"@id":"https:\/\/blogdobispo.com.br\/#organization"},"image":{"@id":"https:\/\/blogdobispo.com.br\/?p=2097#primaryimage"},"thumbnailUrl":"https:\/\/blogdobispo.com.br\/wp-content\/uploads\/2023\/11\/61c95d71-0a99-457a-891b-b12d53d8a7be-1-1024x682.jpg","articleSection":["diversos"],"inLanguage":"pt-BR","potentialAction":[{"@type":"CommentAction","name":"Comment","target":["https:\/\/blogdobispo.com.br\/?p=2097#respond"]}]},{"@type":"WebPage","@id":"https:\/\/blogdobispo.com.br\/?p=2097","url":"https:\/\/blogdobispo.com.br\/?p=2097","name":"Prefeitura de Natal assume \u201cextra-teto\u201d e cirurgias card\u00edacas ser\u00e3o retomadas - Blog do Bispo","isPartOf":{"@id":"https:\/\/blogdobispo.com.br\/#website"},"primaryImageOfPage":{"@id":"https:\/\/blogdobispo.com.br\/?p=2097#primaryimage"},"image":{"@id":"https:\/\/blogdobispo.com.br\/?p=2097#primaryimage"},"thumbnailUrl":"https:\/\/blogdobispo.com.br\/wp-content\/uploads\/2023\/11\/61c95d71-0a99-457a-891b-b12d53d8a7be-1-1024x682.jpg","datePublished":"2023-11-07T23:12:19+00:00","breadcrumb":{"@id":"https:\/\/blogdobispo.com.br\/?p=2097#breadcrumb"},"inLanguage":"pt-BR","potentialAction":[{"@type":"ReadAction","target":["https:\/\/blogdobispo.com.br\/?p=2097"]}]},{"@type":"ImageObject","inLanguage":"pt-BR","@id":"https:\/\/blogdobispo.com.br\/?p=2097#primaryimage","url":"https:\/\/blogdobispo.com.br\/wp-content\/uploads\/2023\/11\/61c95d71-0a99-457a-891b-b12d53d8a7be-1-1024x682.jpg","contentUrl":"https:\/\/blogdobispo.com.br\/wp-content\/uploads\/2023\/11\/61c95d71-0a99-457a-891b-b12d53d8a7be-1-1024x682.jpg"},{"@type":"BreadcrumbList","@id":"https:\/\/blogdobispo.com.br\/?p=2097#breadcrumb","itemListElement":[{"@type":"ListItem","position":1,"name":"In\u00edcio","item":"https:\/\/blogdobispo.com.br\/"},{"@type":"ListItem","position":2,"name":"Prefeitura de Natal assume \u201cextra-teto\u201d e cirurgias card\u00edacas ser\u00e3o retomadas"}]},{"@type":"WebSite","@id":"https:\/\/blogdobispo.com.br\/#website","url":"https:\/\/blogdobispo.com.br\/","name":"Blog do Bispo","description":"Comprometido apenas com o leitor","publisher":{"@id":"https:\/\/blogdobispo.com.br\/#organization"},"potentialAction":[{"@type":"SearchAction","target":{"@type":"EntryPoint","urlTemplate":"https:\/\/blogdobispo.com.br\/?s={search_term_string}"},"query-input":{"@type":"PropertyValueSpecification","valueRequired":true,"valueName":"search_term_string"}}],"inLanguage":"pt-BR"},{"@type":"Organization","@id":"https:\/\/blogdobispo.com.br\/#organization","name":"Blog do Bispo","url":"https:\/\/blogdobispo.com.br\/","logo":{"@type":"ImageObject","inLanguage":"pt-BR","@id":"https:\/\/blogdobispo.com.br\/#\/schema\/logo\/image\/","url":"http:\/\/blogdobispo.com.br\/wp-content\/uploads\/2023\/05\/cropped-headear.png","contentUrl":"http:\/\/blogdobispo.com.br\/wp-content\/uploads\/2023\/05\/cropped-headear.png","width":1500,"height":399,"caption":"Blog do Bispo"},"image":{"@id":"https:\/\/blogdobispo.com.br\/#\/schema\/logo\/image\/"}},{"@type":"Person","@id":"https:\/\/blogdobispo.com.br\/#\/schema\/person\/e2209cc0e6cea5c5233d033e997b373f","name":"Jefferson Sterfeno","image":{"@type":"ImageObject","inLanguage":"pt-BR","@id":"https:\/\/blogdobispo.com.br\/#\/schema\/person\/image\/","url":"https:\/\/secure.gravatar.com\/avatar\/0534e84764641168a677026b6d57a3f51dc7ac4db0b4f6186d9cb330d4ee1160?s=96&d=mm&r=g","contentUrl":"https:\/\/secure.gravatar.com\/avatar\/0534e84764641168a677026b6d57a3f51dc7ac4db0b4f6186d9cb330d4ee1160?s=96&d=mm&r=g","caption":"Jefferson Sterfeno"},"sameAs":["http:\/\/blogdobispo.com.br"],"url":"https:\/\/blogdobispo.com.br\/?author=1"}]}},"featured_image_urls":{"full":"","thumbnail":"","medium":"","medium_large":"","large":"","1536x1536":"","2048x2048":""},"author_info":{"display_name":"Jefferson Sterfeno","author_link":"https:\/\/blogdobispo.com.br\/?author=1"},"category_info":"<a href=\"https:\/\/blogdobispo.com.br\/?cat=1\" rel=\"category\">diversos<\/a>","tag_info":"diversos","comment_count":"0","jetpack_featured_media_url":"","jetpack_sharing_enabled":true,"_links":{"self":[{"href":"https:\/\/blogdobispo.com.br\/index.php?rest_route=\/wp\/v2\/posts\/2097","targetHints":{"allow":["GET"]}}],"collection":[{"href":"https:\/\/blogdobispo.com.br\/index.php?rest_route=\/wp\/v2\/posts"}],"about":[{"href":"https:\/\/blogdobispo.com.br\/index.php?rest_route=\/wp\/v2\/types\/post"}],"author":[{"embeddable":true,"href":"https:\/\/blogdobispo.com.br\/index.php?rest_route=\/wp\/v2\/users\/1"}],"replies":[{"embeddable":true,"href":"https:\/\/blogdobispo.com.br\/index.php?rest_route=%2Fwp%2Fv2%2Fcomments&post=2097"}],"version-history":[{"count":0,"href":"https:\/\/blogdobispo.com.br\/index.php?rest_route=\/wp\/v2\/posts\/2097\/revisions"}],"wp:attachment":[{"href":"https:\/\/blogdobispo.com.br\/index.php?rest_route=%2Fwp%2Fv2%2Fmedia&parent=2097"}],"wp:term":[{"taxonomy":"category","embeddable":true,"href":"https:\/\/blogdobispo.com.br\/index.php?rest_route=%2Fwp%2Fv2%2Fcategories&post=2097"},{"taxonomy":"post_tag","embeddable":true,"href":"https:\/\/blogdobispo.com.br\/index.php?rest_route=%2Fwp%2Fv2%2Ftags&post=2097"}],"curies":[{"name":"wp","href":"https:\/\/api.w.org\/{rel}","templated":true}]}}