{"id":2093,"date":"2023-11-06T20:32:56","date_gmt":"2023-11-06T20:32:56","guid":{"rendered":"https:\/\/blogdobispo.com.br\/?p=2093"},"modified":"2023-11-06T20:32:56","modified_gmt":"2023-11-06T20:32:56","slug":"casa-durval-paiva-inicia-a-campanha-dia-de-doar-que-acontecera-no-dia-28-de-novembro","status":"publish","type":"post","link":"https:\/\/blogdobispo.com.br\/?p=2093","title":{"rendered":"<em>Casa Durval Paiva inicia a campanha \u201cDia de Doar\u201d, que acontecer\u00e1 no dia 28 de novembro<\/em>"},"content":{"rendered":"\n<figure class=\"wp-block-image size-large\"><img data-recalc-dims=\"1\" fetchpriority=\"high\" decoding=\"async\" width=\"300\" height=\"233\" src=\"https:\/\/i0.wp.com\/blogdobispo.com.br\/wp-content\/uploads\/2023\/11\/65edc805-b951-426d-bca3-1852eebe1a43-1-300x233.jpg?resize=300%2C233&#038;ssl=1\" class=\"wp-image-2092\" srcset=\"https:\/\/i0.wp.com\/blogdobispo.com.br\/wp-content\/uploads\/2023\/11\/65edc805-b951-426d-bca3-1852eebe1a43-1.jpg?resize=300%2C233&amp;ssl=1 300w, https:\/\/i0.wp.com\/blogdobispo.com.br\/wp-content\/uploads\/2023\/11\/65edc805-b951-426d-bca3-1852eebe1a43-1.jpg?w=450&amp;ssl=1 450w\" sizes=\"(max-width: 300px) 100vw, 300px\" \/><\/figure>\n\n\n\n<p><\/p>\n\n\n\n<p><\/p>\n\n\n\n<p>Gerar uma grande corrente de generosidade, fortalecendo o h\u00e1bito de doar como parte do cotidiano das pessoas \u00e9 o que promove o #DiadeDoar, que acontece, na \u00faltima ter\u00e7a-feira de novembro, dia 28. A Casa Durval Paiva lan\u00e7a a campanha, que ser\u00e1 trabalhada durante todo o m\u00eas, nas redes sociais e a\u00e7\u00f5es da institui\u00e7\u00e3o.<\/p>\n\n\n\n<p>O Dia de Doar existe gra\u00e7as \u00e0 uni\u00e3o de cada pessoa que faz sua a\u00e7\u00e3o, seja doando ou estimulando a doa\u00e7\u00e3o de indiv\u00edduos, empresas ou organiza\u00e7\u00f5es. Este movimento global de generosidade teve in\u00edcio nos EUA, em 2012, e, hoje, alcan\u00e7a 85 pa\u00edses ao redor do mundo.<\/p>\n\n\n\n<p>Mas, afinal, o que \u00e9 o &#8220;Dia de Doar&#8221;? Resumidamente, \u00e9 um dia especial em que pessoas de todo o mundo se unem para espalhar generosidade e solidariedade. N\u00e3o se trata apenas de doar dinheiro, mas de compartilhar o que pudermos, seja nosso tempo, recursos ou bondade.<\/p>\n\n\n\n<p>Rilder Campos, presidente da Casa Durval Paiva, ressalta a import\u00e2ncia da iniciativa. \u201cTodo dia \u00e9 dia de doar e, uma vez por ano, acontece uma grande celebra\u00e7\u00e3o da doa\u00e7\u00e3o. Doar, literalmente, nos faz sentir bem. O ato de doar contribui efetivamente com a transforma\u00e7\u00e3o para o melhor da sociedade, das institui\u00e7\u00f5es e, principalmente, das pessoas. A doa\u00e7\u00e3o pode ser com dinheiro, tempo, talento, roupa, brinquedo, comida ou o que voc\u00ea quiser. \u00c9 um ato de desprendimento, ren\u00fancia, entrega e amor ao pr\u00f3ximo\u201d, comenta.<\/p>\n\n\n\n<p>Compartilhe essa ideia, ajude o pr\u00f3ximo e contribua com um mundo melhor.<\/p>\n\n\n\n<p><\/p>\n","protected":false},"excerpt":{"rendered":"<p>Gerar uma grande corrente de generosidade, fortalecendo o h\u00e1bito de doar como parte do cotidiano das pessoas \u00e9 o que promove o #DiadeDoar, que acontece, na \u00faltima ter\u00e7a-feira de novembro, dia 28. A Casa Durval Paiva lan\u00e7a a campanha, que ser\u00e1 trabalhada durante todo o m\u00eas, nas redes sociais e a\u00e7\u00f5es da institui\u00e7\u00e3o. O Dia [&hellip;]<\/p>\n","protected":false},"author":1,"featured_media":0,"comment_status":"open","ping_status":"open","sticky":false,"template":"","format":"standard","meta":{"cybocfi_hide_featured_image":"","_jetpack_memberships_contains_paid_content":false,"footnotes":""},"categories":[1],"tags":[],"class_list":["post-2093","post","type-post","status-publish","format-standard","hentry","category-diversos"],"yoast_head":"<!-- This site is optimized with the Yoast SEO plugin v25.6 - https:\/\/yoast.com\/wordpress\/plugins\/seo\/ -->\n<title>Casa Durval Paiva inicia a campanha \u201cDia de Doar\u201d, que acontecer\u00e1 no dia 28 de novembro - Blog do Bispo<\/title>\n<meta name=\"robots\" content=\"index, follow, max-snippet:-1, max-image-preview:large, max-video-preview:-1\" \/>\n<link rel=\"canonical\" href=\"https:\/\/blogdobispo.com.br\/?p=2093\" \/>\n<meta property=\"og:locale\" content=\"pt_BR\" \/>\n<meta property=\"og:type\" content=\"article\" \/>\n<meta property=\"og:title\" content=\"Casa Durval Paiva inicia a campanha \u201cDia de Doar\u201d, que acontecer\u00e1 no dia 28 de novembro - Blog do Bispo\" \/>\n<meta property=\"og:description\" content=\"Gerar uma grande corrente de generosidade, fortalecendo o h\u00e1bito de doar como parte do cotidiano das pessoas \u00e9 o que promove o #DiadeDoar, que acontece, na \u00faltima ter\u00e7a-feira de novembro, dia 28. A Casa Durval Paiva lan\u00e7a a campanha, que ser\u00e1 trabalhada durante todo o m\u00eas, nas redes sociais e a\u00e7\u00f5es da institui\u00e7\u00e3o. O Dia [&hellip;]\" \/>\n<meta property=\"og:url\" content=\"https:\/\/blogdobispo.com.br\/?p=2093\" \/>\n<meta property=\"og:site_name\" content=\"Blog do Bispo\" \/>\n<meta property=\"article:published_time\" content=\"2023-11-06T20:32:56+00:00\" \/>\n<meta property=\"og:image\" content=\"https:\/\/blogdobispo.com.br\/wp-content\/uploads\/2023\/11\/65edc805-b951-426d-bca3-1852eebe1a43-1-300x233.jpg\" \/>\n<meta name=\"author\" content=\"Jefferson Sterfeno\" \/>\n<meta name=\"twitter:card\" content=\"summary_large_image\" \/>\n<meta name=\"twitter:label1\" content=\"Escrito por\" \/>\n\t<meta name=\"twitter:data1\" content=\"Jefferson Sterfeno\" \/>\n\t<meta name=\"twitter:label2\" content=\"Est. tempo de leitura\" \/>\n\t<meta name=\"twitter:data2\" content=\"1 minuto\" \/>\n<script type=\"application\/ld+json\" class=\"yoast-schema-graph\">{\"@context\":\"https:\/\/schema.org\",\"@graph\":[{\"@type\":\"Article\",\"@id\":\"https:\/\/blogdobispo.com.br\/?p=2093#article\",\"isPartOf\":{\"@id\":\"https:\/\/blogdobispo.com.br\/?p=2093\"},\"author\":{\"name\":\"Jefferson Sterfeno\",\"@id\":\"https:\/\/blogdobispo.com.br\/#\/schema\/person\/e2209cc0e6cea5c5233d033e997b373f\"},\"headline\":\"Casa Durval Paiva inicia a campanha \u201cDia de Doar\u201d, que acontecer\u00e1 no dia 28 de novembro\",\"datePublished\":\"2023-11-06T20:32:56+00:00\",\"mainEntityOfPage\":{\"@id\":\"https:\/\/blogdobispo.com.br\/?p=2093\"},\"wordCount\":272,\"commentCount\":0,\"publisher\":{\"@id\":\"https:\/\/blogdobispo.com.br\/#organization\"},\"image\":{\"@id\":\"https:\/\/blogdobispo.com.br\/?p=2093#primaryimage\"},\"thumbnailUrl\":\"https:\/\/blogdobispo.com.br\/wp-content\/uploads\/2023\/11\/65edc805-b951-426d-bca3-1852eebe1a43-1-300x233.jpg\",\"articleSection\":[\"diversos\"],\"inLanguage\":\"pt-BR\",\"potentialAction\":[{\"@type\":\"CommentAction\",\"name\":\"Comment\",\"target\":[\"https:\/\/blogdobispo.com.br\/?p=2093#respond\"]}]},{\"@type\":\"WebPage\",\"@id\":\"https:\/\/blogdobispo.com.br\/?p=2093\",\"url\":\"https:\/\/blogdobispo.com.br\/?p=2093\",\"name\":\"Casa Durval Paiva inicia a campanha \u201cDia de Doar\u201d, que acontecer\u00e1 no dia 28 de novembro - Blog do Bispo\",\"isPartOf\":{\"@id\":\"https:\/\/blogdobispo.com.br\/#website\"},\"primaryImageOfPage\":{\"@id\":\"https:\/\/blogdobispo.com.br\/?p=2093#primaryimage\"},\"image\":{\"@id\":\"https:\/\/blogdobispo.com.br\/?p=2093#primaryimage\"},\"thumbnailUrl\":\"https:\/\/blogdobispo.com.br\/wp-content\/uploads\/2023\/11\/65edc805-b951-426d-bca3-1852eebe1a43-1-300x233.jpg\",\"datePublished\":\"2023-11-06T20:32:56+00:00\",\"breadcrumb\":{\"@id\":\"https:\/\/blogdobispo.com.br\/?p=2093#breadcrumb\"},\"inLanguage\":\"pt-BR\",\"potentialAction\":[{\"@type\":\"ReadAction\",\"target\":[\"https:\/\/blogdobispo.com.br\/?p=2093\"]}]},{\"@type\":\"ImageObject\",\"inLanguage\":\"pt-BR\",\"@id\":\"https:\/\/blogdobispo.com.br\/?p=2093#primaryimage\",\"url\":\"https:\/\/blogdobispo.com.br\/wp-content\/uploads\/2023\/11\/65edc805-b951-426d-bca3-1852eebe1a43-1-300x233.jpg\",\"contentUrl\":\"https:\/\/blogdobispo.com.br\/wp-content\/uploads\/2023\/11\/65edc805-b951-426d-bca3-1852eebe1a43-1-300x233.jpg\"},{\"@type\":\"BreadcrumbList\",\"@id\":\"https:\/\/blogdobispo.com.br\/?p=2093#breadcrumb\",\"itemListElement\":[{\"@type\":\"ListItem\",\"position\":1,\"name\":\"In\u00edcio\",\"item\":\"https:\/\/blogdobispo.com.br\/\"},{\"@type\":\"ListItem\",\"position\":2,\"name\":\"Casa Durval Paiva inicia a campanha \u201cDia de Doar\u201d, que acontecer\u00e1 no dia 28 de novembro\"}]},{\"@type\":\"WebSite\",\"@id\":\"https:\/\/blogdobispo.com.br\/#website\",\"url\":\"https:\/\/blogdobispo.com.br\/\",\"name\":\"Blog do Bispo\",\"description\":\"Comprometido apenas com o leitor\",\"publisher\":{\"@id\":\"https:\/\/blogdobispo.com.br\/#organization\"},\"potentialAction\":[{\"@type\":\"SearchAction\",\"target\":{\"@type\":\"EntryPoint\",\"urlTemplate\":\"https:\/\/blogdobispo.com.br\/?s={search_term_string}\"},\"query-input\":{\"@type\":\"PropertyValueSpecification\",\"valueRequired\":true,\"valueName\":\"search_term_string\"}}],\"inLanguage\":\"pt-BR\"},{\"@type\":\"Organization\",\"@id\":\"https:\/\/blogdobispo.com.br\/#organization\",\"name\":\"Blog do Bispo\",\"url\":\"https:\/\/blogdobispo.com.br\/\",\"logo\":{\"@type\":\"ImageObject\",\"inLanguage\":\"pt-BR\",\"@id\":\"https:\/\/blogdobispo.com.br\/#\/schema\/logo\/image\/\",\"url\":\"http:\/\/blogdobispo.com.br\/wp-content\/uploads\/2023\/05\/cropped-headear.png\",\"contentUrl\":\"http:\/\/blogdobispo.com.br\/wp-content\/uploads\/2023\/05\/cropped-headear.png\",\"width\":1500,\"height\":399,\"caption\":\"Blog do Bispo\"},\"image\":{\"@id\":\"https:\/\/blogdobispo.com.br\/#\/schema\/logo\/image\/\"}},{\"@type\":\"Person\",\"@id\":\"https:\/\/blogdobispo.com.br\/#\/schema\/person\/e2209cc0e6cea5c5233d033e997b373f\",\"name\":\"Jefferson Sterfeno\",\"image\":{\"@type\":\"ImageObject\",\"inLanguage\":\"pt-BR\",\"@id\":\"https:\/\/blogdobispo.com.br\/#\/schema\/person\/image\/\",\"url\":\"https:\/\/secure.gravatar.com\/avatar\/0534e84764641168a677026b6d57a3f51dc7ac4db0b4f6186d9cb330d4ee1160?s=96&d=mm&r=g\",\"contentUrl\":\"https:\/\/secure.gravatar.com\/avatar\/0534e84764641168a677026b6d57a3f51dc7ac4db0b4f6186d9cb330d4ee1160?s=96&d=mm&r=g\",\"caption\":\"Jefferson Sterfeno\"},\"sameAs\":[\"http:\/\/blogdobispo.com.br\"],\"url\":\"https:\/\/blogdobispo.com.br\/?author=1\"}]}<\/script>\n<!-- \/ Yoast SEO plugin. -->","yoast_head_json":{"title":"Casa Durval Paiva inicia a campanha \u201cDia de Doar\u201d, que acontecer\u00e1 no dia 28 de novembro - Blog do Bispo","robots":{"index":"index","follow":"follow","max-snippet":"max-snippet:-1","max-image-preview":"max-image-preview:large","max-video-preview":"max-video-preview:-1"},"canonical":"https:\/\/blogdobispo.com.br\/?p=2093","og_locale":"pt_BR","og_type":"article","og_title":"Casa Durval Paiva inicia a campanha \u201cDia de Doar\u201d, que acontecer\u00e1 no dia 28 de novembro - Blog do Bispo","og_description":"Gerar uma grande corrente de generosidade, fortalecendo o h\u00e1bito de doar como parte do cotidiano das pessoas \u00e9 o que promove o #DiadeDoar, que acontece, na \u00faltima ter\u00e7a-feira de novembro, dia 28. A Casa Durval Paiva lan\u00e7a a campanha, que ser\u00e1 trabalhada durante todo o m\u00eas, nas redes sociais e a\u00e7\u00f5es da institui\u00e7\u00e3o. O Dia [&hellip;]","og_url":"https:\/\/blogdobispo.com.br\/?p=2093","og_site_name":"Blog do Bispo","article_published_time":"2023-11-06T20:32:56+00:00","og_image":[{"url":"https:\/\/blogdobispo.com.br\/wp-content\/uploads\/2023\/11\/65edc805-b951-426d-bca3-1852eebe1a43-1-300x233.jpg","type":"","width":"","height":""}],"author":"Jefferson Sterfeno","twitter_card":"summary_large_image","twitter_misc":{"Escrito por":"Jefferson Sterfeno","Est. tempo de leitura":"1 minuto"},"schema":{"@context":"https:\/\/schema.org","@graph":[{"@type":"Article","@id":"https:\/\/blogdobispo.com.br\/?p=2093#article","isPartOf":{"@id":"https:\/\/blogdobispo.com.br\/?p=2093"},"author":{"name":"Jefferson Sterfeno","@id":"https:\/\/blogdobispo.com.br\/#\/schema\/person\/e2209cc0e6cea5c5233d033e997b373f"},"headline":"Casa Durval Paiva inicia a campanha \u201cDia de Doar\u201d, que acontecer\u00e1 no dia 28 de novembro","datePublished":"2023-11-06T20:32:56+00:00","mainEntityOfPage":{"@id":"https:\/\/blogdobispo.com.br\/?p=2093"},"wordCount":272,"commentCount":0,"publisher":{"@id":"https:\/\/blogdobispo.com.br\/#organization"},"image":{"@id":"https:\/\/blogdobispo.com.br\/?p=2093#primaryimage"},"thumbnailUrl":"https:\/\/blogdobispo.com.br\/wp-content\/uploads\/2023\/11\/65edc805-b951-426d-bca3-1852eebe1a43-1-300x233.jpg","articleSection":["diversos"],"inLanguage":"pt-BR","potentialAction":[{"@type":"CommentAction","name":"Comment","target":["https:\/\/blogdobispo.com.br\/?p=2093#respond"]}]},{"@type":"WebPage","@id":"https:\/\/blogdobispo.com.br\/?p=2093","url":"https:\/\/blogdobispo.com.br\/?p=2093","name":"Casa Durval Paiva inicia a campanha \u201cDia de Doar\u201d, que acontecer\u00e1 no dia 28 de novembro - Blog do Bispo","isPartOf":{"@id":"https:\/\/blogdobispo.com.br\/#website"},"primaryImageOfPage":{"@id":"https:\/\/blogdobispo.com.br\/?p=2093#primaryimage"},"image":{"@id":"https:\/\/blogdobispo.com.br\/?p=2093#primaryimage"},"thumbnailUrl":"https:\/\/blogdobispo.com.br\/wp-content\/uploads\/2023\/11\/65edc805-b951-426d-bca3-1852eebe1a43-1-300x233.jpg","datePublished":"2023-11-06T20:32:56+00:00","breadcrumb":{"@id":"https:\/\/blogdobispo.com.br\/?p=2093#breadcrumb"},"inLanguage":"pt-BR","potentialAction":[{"@type":"ReadAction","target":["https:\/\/blogdobispo.com.br\/?p=2093"]}]},{"@type":"ImageObject","inLanguage":"pt-BR","@id":"https:\/\/blogdobispo.com.br\/?p=2093#primaryimage","url":"https:\/\/blogdobispo.com.br\/wp-content\/uploads\/2023\/11\/65edc805-b951-426d-bca3-1852eebe1a43-1-300x233.jpg","contentUrl":"https:\/\/blogdobispo.com.br\/wp-content\/uploads\/2023\/11\/65edc805-b951-426d-bca3-1852eebe1a43-1-300x233.jpg"},{"@type":"BreadcrumbList","@id":"https:\/\/blogdobispo.com.br\/?p=2093#breadcrumb","itemListElement":[{"@type":"ListItem","position":1,"name":"In\u00edcio","item":"https:\/\/blogdobispo.com.br\/"},{"@type":"ListItem","position":2,"name":"Casa Durval Paiva inicia a campanha \u201cDia de Doar\u201d, que acontecer\u00e1 no dia 28 de novembro"}]},{"@type":"WebSite","@id":"https:\/\/blogdobispo.com.br\/#website","url":"https:\/\/blogdobispo.com.br\/","name":"Blog do Bispo","description":"Comprometido apenas com o leitor","publisher":{"@id":"https:\/\/blogdobispo.com.br\/#organization"},"potentialAction":[{"@type":"SearchAction","target":{"@type":"EntryPoint","urlTemplate":"https:\/\/blogdobispo.com.br\/?s={search_term_string}"},"query-input":{"@type":"PropertyValueSpecification","valueRequired":true,"valueName":"search_term_string"}}],"inLanguage":"pt-BR"},{"@type":"Organization","@id":"https:\/\/blogdobispo.com.br\/#organization","name":"Blog do Bispo","url":"https:\/\/blogdobispo.com.br\/","logo":{"@type":"ImageObject","inLanguage":"pt-BR","@id":"https:\/\/blogdobispo.com.br\/#\/schema\/logo\/image\/","url":"http:\/\/blogdobispo.com.br\/wp-content\/uploads\/2023\/05\/cropped-headear.png","contentUrl":"http:\/\/blogdobispo.com.br\/wp-content\/uploads\/2023\/05\/cropped-headear.png","width":1500,"height":399,"caption":"Blog do Bispo"},"image":{"@id":"https:\/\/blogdobispo.com.br\/#\/schema\/logo\/image\/"}},{"@type":"Person","@id":"https:\/\/blogdobispo.com.br\/#\/schema\/person\/e2209cc0e6cea5c5233d033e997b373f","name":"Jefferson Sterfeno","image":{"@type":"ImageObject","inLanguage":"pt-BR","@id":"https:\/\/blogdobispo.com.br\/#\/schema\/person\/image\/","url":"https:\/\/secure.gravatar.com\/avatar\/0534e84764641168a677026b6d57a3f51dc7ac4db0b4f6186d9cb330d4ee1160?s=96&d=mm&r=g","contentUrl":"https:\/\/secure.gravatar.com\/avatar\/0534e84764641168a677026b6d57a3f51dc7ac4db0b4f6186d9cb330d4ee1160?s=96&d=mm&r=g","caption":"Jefferson Sterfeno"},"sameAs":["http:\/\/blogdobispo.com.br"],"url":"https:\/\/blogdobispo.com.br\/?author=1"}]}},"featured_image_urls":{"full":"","thumbnail":"","medium":"","medium_large":"","large":"","1536x1536":"","2048x2048":""},"author_info":{"display_name":"Jefferson Sterfeno","author_link":"https:\/\/blogdobispo.com.br\/?author=1"},"category_info":"<a href=\"https:\/\/blogdobispo.com.br\/?cat=1\" rel=\"category\">diversos<\/a>","tag_info":"diversos","comment_count":"0","jetpack_featured_media_url":"","jetpack_sharing_enabled":true,"_links":{"self":[{"href":"https:\/\/blogdobispo.com.br\/index.php?rest_route=\/wp\/v2\/posts\/2093","targetHints":{"allow":["GET"]}}],"collection":[{"href":"https:\/\/blogdobispo.com.br\/index.php?rest_route=\/wp\/v2\/posts"}],"about":[{"href":"https:\/\/blogdobispo.com.br\/index.php?rest_route=\/wp\/v2\/types\/post"}],"author":[{"embeddable":true,"href":"https:\/\/blogdobispo.com.br\/index.php?rest_route=\/wp\/v2\/users\/1"}],"replies":[{"embeddable":true,"href":"https:\/\/blogdobispo.com.br\/index.php?rest_route=%2Fwp%2Fv2%2Fcomments&post=2093"}],"version-history":[{"count":0,"href":"https:\/\/blogdobispo.com.br\/index.php?rest_route=\/wp\/v2\/posts\/2093\/revisions"}],"wp:attachment":[{"href":"https:\/\/blogdobispo.com.br\/index.php?rest_route=%2Fwp%2Fv2%2Fmedia&parent=2093"}],"wp:term":[{"taxonomy":"category","embeddable":true,"href":"https:\/\/blogdobispo.com.br\/index.php?rest_route=%2Fwp%2Fv2%2Fcategories&post=2093"},{"taxonomy":"post_tag","embeddable":true,"href":"https:\/\/blogdobispo.com.br\/index.php?rest_route=%2Fwp%2Fv2%2Ftags&post=2093"}],"curies":[{"name":"wp","href":"https:\/\/api.w.org\/{rel}","templated":true}]}}