{"id":2090,"date":"2023-11-06T15:54:34","date_gmt":"2023-11-06T15:54:34","guid":{"rendered":"https:\/\/blogdobispo.com.br\/?p=2090"},"modified":"2023-11-06T15:54:34","modified_gmt":"2023-11-06T15:54:34","slug":"alrn-assina-convenio-e-disponibiliza-sistema-legis-videos-para-a-camara-de-natal","status":"publish","type":"post","link":"https:\/\/blogdobispo.com.br\/?p=2090","title":{"rendered":"ALRN assina conv\u00eanio e disponibiliza sistema Legis V\u00eddeos para a C\u00e2mara de Natal"},"content":{"rendered":"\n<figure class=\"wp-block-image size-large\"><img data-recalc-dims=\"1\" fetchpriority=\"high\" decoding=\"async\" width=\"800\" height=\"533\" src=\"https:\/\/i0.wp.com\/blogdobispo.com.br\/wp-content\/uploads\/2023\/11\/img_3672-1-1024x682.jpg?resize=800%2C533&#038;ssl=1\" class=\"wp-image-2089\" srcset=\"https:\/\/i0.wp.com\/blogdobispo.com.br\/wp-content\/uploads\/2023\/11\/img_3672-1.jpg?resize=1024%2C682&amp;ssl=1 1024w, https:\/\/i0.wp.com\/blogdobispo.com.br\/wp-content\/uploads\/2023\/11\/img_3672-1.jpg?resize=300%2C200&amp;ssl=1 300w, https:\/\/i0.wp.com\/blogdobispo.com.br\/wp-content\/uploads\/2023\/11\/img_3672-1.jpg?resize=768%2C512&amp;ssl=1 768w, https:\/\/i0.wp.com\/blogdobispo.com.br\/wp-content\/uploads\/2023\/11\/img_3672-1.jpg?resize=1536%2C1023&amp;ssl=1 1536w, https:\/\/i0.wp.com\/blogdobispo.com.br\/wp-content\/uploads\/2023\/11\/img_3672-1.jpg?resize=2048%2C1364&amp;ssl=1 2048w, https:\/\/i0.wp.com\/blogdobispo.com.br\/wp-content\/uploads\/2023\/11\/img_3672-1.jpg?w=1600 1600w, https:\/\/i0.wp.com\/blogdobispo.com.br\/wp-content\/uploads\/2023\/11\/img_3672-1.jpg?w=2400 2400w\" sizes=\"(max-width: 800px) 100vw, 800px\" \/><\/figure>\n\n\n\n<p>A Assembleia Legislativa do Rio Grande do Norte (ALRN) celebrou um termo de coopera\u00e7\u00e3o t\u00e9cnica com a C\u00e2mara Municipal de Natal (CMN) com o objetivo de disponibilizar \u00e0 Casa Legislativa da capital potiguar o Legis V\u00eddeos, um sistema desenvolvido pela ALRN que disp\u00f5e, de forma simples e intuitiva, o acesso a toda a atividade legislativa gravada.<\/p>\n\n\n\n<p>Em reuni\u00e3o realizada nesta quarta-feira (1\u00ba) na ALRN, o presidente da Casa, deputado Ezequiel Ferreira (PSDB), falou sobre a satisfa\u00e7\u00e3o em compartilhar a ferramenta desenvolvida pela Casa, de modo a contribuir para fortalecer e otimizar as atividades do parlamento municipal.<\/p>\n\n\n\n<p>\u201cA Assembleia tem dado passos largos no sentido de aprimorar em v\u00e1rios setores o trabalho legislativo. J\u00e1 firmamos acordos e disponibilizamos essa ferramenta para a Assembleia de Santa Catarina, al\u00e9m de v\u00e1rias outras casas legislativas municipais. \u00c9 uma ferramenta que agiliza o trabalho legislativo, al\u00e9m de dar transpar\u00eancia \u00e0s atividades da Casa. Fica aqui o meu registro e satisfa\u00e7\u00e3o em poder celebrar esse conv\u00eanio com a C\u00e2mara Municipal de Natal\u201d, disse o deputado Ezequiel.<\/p>\n\n\n\n<p>O presidente da C\u00e2mara Municipal de Natal, vereador Eriko J\u00e1come (MDB), agradeceu ao deputado Ezequiel e se mostrou \u00e0 disposi\u00e7\u00e3o para contribuir com a ALRN no que for necess\u00e1rio \u00e0 melhoria dos trabalhos da Casa.<\/p>\n\n\n\n<p>\u201cQuero agradecer ao presidente Ezequiel Ferreira por sempre receber a C\u00e2mara de Natal de portas abertas. Que esse conv\u00eanio seja mais um dessa parceria entre as casas legislativas. Sei que posso contar com o deputado Ezequiel sempre que precisar e tamb\u00e9m me coloco \u00e0 disposi\u00e7\u00e3o do Poder Legislativo estadual. Que venham novos conv\u00eanios para fortalecer as duas casas\u201d, declarou Eriko J\u00e1come.<\/p>\n\n\n\n<p>Objeto do conv\u00eanio assinado nesta quarta-feira, o software desenvolvido pela AL disponibiliza ao p\u00fablico os v\u00eddeos das sess\u00f5es e reuni\u00f5es parlamentares transmitidas pela TV Assembleia, com campos de busca e filtros, permitindo, inclusive, edi\u00e7\u00e3o e o recorte. A ferramenta facilita e dinamiza o trabalho dos deputados e de suas assessorias, dando ainda mais amplitude \u00e0s a\u00e7\u00f5es dos deputados e da Assembleia como um todo.<\/p>\n\n\n\n<p>A reuni\u00e3o que firmou a assinatura do conv\u00eanio tamb\u00e9m contou com as presen\u00e7as do diretor de gest\u00e3o de tecnologia ALRN, M\u00e1rio S\u00e9rgio; do chefe da Procuradoria Legislativa em substitui\u00e7\u00e3o, Renato Guerra; do diretor administrativo e financeiro da AL, Pedro Barbosa; do diretor-geral da Presid\u00eancia, Fernando Rezende; do coordenador de desenvolvimento de sistemas, Stefano Rosemberg, al\u00e9m da diretora de Comunica\u00e7\u00e3o da Assembleia, Mar\u00edlia Rocha e do diretor da TV Assembleia, Bruno Giovanni.<\/p>\n\n\n\n<p>Da C\u00e2mara de Natal tamb\u00e9m participaram o diretor de Comunica\u00e7\u00e3o, Marcelo Dieb; a coordenadora de comunica\u00e7\u00e3o, Nath\u00e1lia Zulmira; o diretor-gerel, Emerson Evano; o chefe de gabinete da Presid\u00eancia, Vin\u00edcius Carvalho e o assessor parlamentar, Giovani Carvalho.<\/p>\n\n\n\n<p><\/p>\n","protected":false},"excerpt":{"rendered":"<p>A Assembleia Legislativa do Rio Grande do Norte (ALRN) celebrou um termo de coopera\u00e7\u00e3o t\u00e9cnica com a C\u00e2mara Municipal de Natal (CMN) com o objetivo de disponibilizar \u00e0 Casa Legislativa da capital potiguar o Legis V\u00eddeos, um sistema desenvolvido pela ALRN que disp\u00f5e, de forma simples e intuitiva, o acesso a toda a atividade legislativa [&hellip;]<\/p>\n","protected":false},"author":1,"featured_media":0,"comment_status":"open","ping_status":"open","sticky":false,"template":"","format":"standard","meta":{"cybocfi_hide_featured_image":"","_jetpack_memberships_contains_paid_content":false,"footnotes":""},"categories":[1],"tags":[],"class_list":["post-2090","post","type-post","status-publish","format-standard","hentry","category-diversos"],"yoast_head":"<!-- This site is optimized with the Yoast SEO plugin v25.6 - https:\/\/yoast.com\/wordpress\/plugins\/seo\/ -->\n<title>ALRN assina conv\u00eanio e disponibiliza sistema Legis V\u00eddeos para a C\u00e2mara de Natal - Blog do Bispo<\/title>\n<meta name=\"robots\" content=\"index, follow, max-snippet:-1, max-image-preview:large, max-video-preview:-1\" \/>\n<link rel=\"canonical\" href=\"https:\/\/blogdobispo.com.br\/?p=2090\" \/>\n<meta property=\"og:locale\" content=\"pt_BR\" \/>\n<meta property=\"og:type\" content=\"article\" \/>\n<meta property=\"og:title\" content=\"ALRN assina conv\u00eanio e disponibiliza sistema Legis V\u00eddeos para a C\u00e2mara de Natal - Blog do Bispo\" \/>\n<meta property=\"og:description\" content=\"A Assembleia Legislativa do Rio Grande do Norte (ALRN) celebrou um termo de coopera\u00e7\u00e3o t\u00e9cnica com a C\u00e2mara Municipal de Natal (CMN) com o objetivo de disponibilizar \u00e0 Casa Legislativa da capital potiguar o Legis V\u00eddeos, um sistema desenvolvido pela ALRN que disp\u00f5e, de forma simples e intuitiva, o acesso a toda a atividade legislativa [&hellip;]\" \/>\n<meta property=\"og:url\" content=\"https:\/\/blogdobispo.com.br\/?p=2090\" \/>\n<meta property=\"og:site_name\" content=\"Blog do Bispo\" \/>\n<meta property=\"article:published_time\" content=\"2023-11-06T15:54:34+00:00\" \/>\n<meta property=\"og:image\" content=\"https:\/\/blogdobispo.com.br\/wp-content\/uploads\/2023\/11\/img_3672-1-1024x682.jpg\" \/>\n<meta name=\"author\" content=\"Jefferson Sterfeno\" \/>\n<meta name=\"twitter:card\" content=\"summary_large_image\" \/>\n<meta name=\"twitter:label1\" content=\"Escrito por\" \/>\n\t<meta name=\"twitter:data1\" content=\"Jefferson Sterfeno\" \/>\n\t<meta name=\"twitter:label2\" content=\"Est. tempo de leitura\" \/>\n\t<meta name=\"twitter:data2\" content=\"2 minutos\" \/>\n<script type=\"application\/ld+json\" class=\"yoast-schema-graph\">{\"@context\":\"https:\/\/schema.org\",\"@graph\":[{\"@type\":\"Article\",\"@id\":\"https:\/\/blogdobispo.com.br\/?p=2090#article\",\"isPartOf\":{\"@id\":\"https:\/\/blogdobispo.com.br\/?p=2090\"},\"author\":{\"name\":\"Jefferson Sterfeno\",\"@id\":\"https:\/\/blogdobispo.com.br\/#\/schema\/person\/e2209cc0e6cea5c5233d033e997b373f\"},\"headline\":\"ALRN assina conv\u00eanio e disponibiliza sistema Legis V\u00eddeos para a C\u00e2mara de Natal\",\"datePublished\":\"2023-11-06T15:54:34+00:00\",\"mainEntityOfPage\":{\"@id\":\"https:\/\/blogdobispo.com.br\/?p=2090\"},\"wordCount\":498,\"commentCount\":0,\"publisher\":{\"@id\":\"https:\/\/blogdobispo.com.br\/#organization\"},\"image\":{\"@id\":\"https:\/\/blogdobispo.com.br\/?p=2090#primaryimage\"},\"thumbnailUrl\":\"https:\/\/blogdobispo.com.br\/wp-content\/uploads\/2023\/11\/img_3672-1-1024x682.jpg\",\"articleSection\":[\"diversos\"],\"inLanguage\":\"pt-BR\",\"potentialAction\":[{\"@type\":\"CommentAction\",\"name\":\"Comment\",\"target\":[\"https:\/\/blogdobispo.com.br\/?p=2090#respond\"]}]},{\"@type\":\"WebPage\",\"@id\":\"https:\/\/blogdobispo.com.br\/?p=2090\",\"url\":\"https:\/\/blogdobispo.com.br\/?p=2090\",\"name\":\"ALRN assina conv\u00eanio e disponibiliza sistema Legis V\u00eddeos para a C\u00e2mara de Natal - Blog do Bispo\",\"isPartOf\":{\"@id\":\"https:\/\/blogdobispo.com.br\/#website\"},\"primaryImageOfPage\":{\"@id\":\"https:\/\/blogdobispo.com.br\/?p=2090#primaryimage\"},\"image\":{\"@id\":\"https:\/\/blogdobispo.com.br\/?p=2090#primaryimage\"},\"thumbnailUrl\":\"https:\/\/blogdobispo.com.br\/wp-content\/uploads\/2023\/11\/img_3672-1-1024x682.jpg\",\"datePublished\":\"2023-11-06T15:54:34+00:00\",\"breadcrumb\":{\"@id\":\"https:\/\/blogdobispo.com.br\/?p=2090#breadcrumb\"},\"inLanguage\":\"pt-BR\",\"potentialAction\":[{\"@type\":\"ReadAction\",\"target\":[\"https:\/\/blogdobispo.com.br\/?p=2090\"]}]},{\"@type\":\"ImageObject\",\"inLanguage\":\"pt-BR\",\"@id\":\"https:\/\/blogdobispo.com.br\/?p=2090#primaryimage\",\"url\":\"https:\/\/blogdobispo.com.br\/wp-content\/uploads\/2023\/11\/img_3672-1-1024x682.jpg\",\"contentUrl\":\"https:\/\/blogdobispo.com.br\/wp-content\/uploads\/2023\/11\/img_3672-1-1024x682.jpg\"},{\"@type\":\"BreadcrumbList\",\"@id\":\"https:\/\/blogdobispo.com.br\/?p=2090#breadcrumb\",\"itemListElement\":[{\"@type\":\"ListItem\",\"position\":1,\"name\":\"In\u00edcio\",\"item\":\"https:\/\/blogdobispo.com.br\/\"},{\"@type\":\"ListItem\",\"position\":2,\"name\":\"ALRN assina conv\u00eanio e disponibiliza sistema Legis V\u00eddeos para a C\u00e2mara de Natal\"}]},{\"@type\":\"WebSite\",\"@id\":\"https:\/\/blogdobispo.com.br\/#website\",\"url\":\"https:\/\/blogdobispo.com.br\/\",\"name\":\"Blog do Bispo\",\"description\":\"Comprometido apenas com o leitor\",\"publisher\":{\"@id\":\"https:\/\/blogdobispo.com.br\/#organization\"},\"potentialAction\":[{\"@type\":\"SearchAction\",\"target\":{\"@type\":\"EntryPoint\",\"urlTemplate\":\"https:\/\/blogdobispo.com.br\/?s={search_term_string}\"},\"query-input\":{\"@type\":\"PropertyValueSpecification\",\"valueRequired\":true,\"valueName\":\"search_term_string\"}}],\"inLanguage\":\"pt-BR\"},{\"@type\":\"Organization\",\"@id\":\"https:\/\/blogdobispo.com.br\/#organization\",\"name\":\"Blog do Bispo\",\"url\":\"https:\/\/blogdobispo.com.br\/\",\"logo\":{\"@type\":\"ImageObject\",\"inLanguage\":\"pt-BR\",\"@id\":\"https:\/\/blogdobispo.com.br\/#\/schema\/logo\/image\/\",\"url\":\"http:\/\/blogdobispo.com.br\/wp-content\/uploads\/2023\/05\/cropped-headear.png\",\"contentUrl\":\"http:\/\/blogdobispo.com.br\/wp-content\/uploads\/2023\/05\/cropped-headear.png\",\"width\":1500,\"height\":399,\"caption\":\"Blog do Bispo\"},\"image\":{\"@id\":\"https:\/\/blogdobispo.com.br\/#\/schema\/logo\/image\/\"}},{\"@type\":\"Person\",\"@id\":\"https:\/\/blogdobispo.com.br\/#\/schema\/person\/e2209cc0e6cea5c5233d033e997b373f\",\"name\":\"Jefferson Sterfeno\",\"image\":{\"@type\":\"ImageObject\",\"inLanguage\":\"pt-BR\",\"@id\":\"https:\/\/blogdobispo.com.br\/#\/schema\/person\/image\/\",\"url\":\"https:\/\/secure.gravatar.com\/avatar\/0534e84764641168a677026b6d57a3f51dc7ac4db0b4f6186d9cb330d4ee1160?s=96&d=mm&r=g\",\"contentUrl\":\"https:\/\/secure.gravatar.com\/avatar\/0534e84764641168a677026b6d57a3f51dc7ac4db0b4f6186d9cb330d4ee1160?s=96&d=mm&r=g\",\"caption\":\"Jefferson Sterfeno\"},\"sameAs\":[\"http:\/\/blogdobispo.com.br\"],\"url\":\"https:\/\/blogdobispo.com.br\/?author=1\"}]}<\/script>\n<!-- \/ Yoast SEO plugin. -->","yoast_head_json":{"title":"ALRN assina conv\u00eanio e disponibiliza sistema Legis V\u00eddeos para a C\u00e2mara de Natal - Blog do Bispo","robots":{"index":"index","follow":"follow","max-snippet":"max-snippet:-1","max-image-preview":"max-image-preview:large","max-video-preview":"max-video-preview:-1"},"canonical":"https:\/\/blogdobispo.com.br\/?p=2090","og_locale":"pt_BR","og_type":"article","og_title":"ALRN assina conv\u00eanio e disponibiliza sistema Legis V\u00eddeos para a C\u00e2mara de Natal - Blog do Bispo","og_description":"A Assembleia Legislativa do Rio Grande do Norte (ALRN) celebrou um termo de coopera\u00e7\u00e3o t\u00e9cnica com a C\u00e2mara Municipal de Natal (CMN) com o objetivo de disponibilizar \u00e0 Casa Legislativa da capital potiguar o Legis V\u00eddeos, um sistema desenvolvido pela ALRN que disp\u00f5e, de forma simples e intuitiva, o acesso a toda a atividade legislativa [&hellip;]","og_url":"https:\/\/blogdobispo.com.br\/?p=2090","og_site_name":"Blog do Bispo","article_published_time":"2023-11-06T15:54:34+00:00","og_image":[{"url":"https:\/\/blogdobispo.com.br\/wp-content\/uploads\/2023\/11\/img_3672-1-1024x682.jpg","type":"","width":"","height":""}],"author":"Jefferson Sterfeno","twitter_card":"summary_large_image","twitter_misc":{"Escrito por":"Jefferson Sterfeno","Est. tempo de leitura":"2 minutos"},"schema":{"@context":"https:\/\/schema.org","@graph":[{"@type":"Article","@id":"https:\/\/blogdobispo.com.br\/?p=2090#article","isPartOf":{"@id":"https:\/\/blogdobispo.com.br\/?p=2090"},"author":{"name":"Jefferson Sterfeno","@id":"https:\/\/blogdobispo.com.br\/#\/schema\/person\/e2209cc0e6cea5c5233d033e997b373f"},"headline":"ALRN assina conv\u00eanio e disponibiliza sistema Legis V\u00eddeos para a C\u00e2mara de Natal","datePublished":"2023-11-06T15:54:34+00:00","mainEntityOfPage":{"@id":"https:\/\/blogdobispo.com.br\/?p=2090"},"wordCount":498,"commentCount":0,"publisher":{"@id":"https:\/\/blogdobispo.com.br\/#organization"},"image":{"@id":"https:\/\/blogdobispo.com.br\/?p=2090#primaryimage"},"thumbnailUrl":"https:\/\/blogdobispo.com.br\/wp-content\/uploads\/2023\/11\/img_3672-1-1024x682.jpg","articleSection":["diversos"],"inLanguage":"pt-BR","potentialAction":[{"@type":"CommentAction","name":"Comment","target":["https:\/\/blogdobispo.com.br\/?p=2090#respond"]}]},{"@type":"WebPage","@id":"https:\/\/blogdobispo.com.br\/?p=2090","url":"https:\/\/blogdobispo.com.br\/?p=2090","name":"ALRN assina conv\u00eanio e disponibiliza sistema Legis V\u00eddeos para a C\u00e2mara de Natal - Blog do Bispo","isPartOf":{"@id":"https:\/\/blogdobispo.com.br\/#website"},"primaryImageOfPage":{"@id":"https:\/\/blogdobispo.com.br\/?p=2090#primaryimage"},"image":{"@id":"https:\/\/blogdobispo.com.br\/?p=2090#primaryimage"},"thumbnailUrl":"https:\/\/blogdobispo.com.br\/wp-content\/uploads\/2023\/11\/img_3672-1-1024x682.jpg","datePublished":"2023-11-06T15:54:34+00:00","breadcrumb":{"@id":"https:\/\/blogdobispo.com.br\/?p=2090#breadcrumb"},"inLanguage":"pt-BR","potentialAction":[{"@type":"ReadAction","target":["https:\/\/blogdobispo.com.br\/?p=2090"]}]},{"@type":"ImageObject","inLanguage":"pt-BR","@id":"https:\/\/blogdobispo.com.br\/?p=2090#primaryimage","url":"https:\/\/blogdobispo.com.br\/wp-content\/uploads\/2023\/11\/img_3672-1-1024x682.jpg","contentUrl":"https:\/\/blogdobispo.com.br\/wp-content\/uploads\/2023\/11\/img_3672-1-1024x682.jpg"},{"@type":"BreadcrumbList","@id":"https:\/\/blogdobispo.com.br\/?p=2090#breadcrumb","itemListElement":[{"@type":"ListItem","position":1,"name":"In\u00edcio","item":"https:\/\/blogdobispo.com.br\/"},{"@type":"ListItem","position":2,"name":"ALRN assina conv\u00eanio e disponibiliza sistema Legis V\u00eddeos para a C\u00e2mara de Natal"}]},{"@type":"WebSite","@id":"https:\/\/blogdobispo.com.br\/#website","url":"https:\/\/blogdobispo.com.br\/","name":"Blog do Bispo","description":"Comprometido apenas com o leitor","publisher":{"@id":"https:\/\/blogdobispo.com.br\/#organization"},"potentialAction":[{"@type":"SearchAction","target":{"@type":"EntryPoint","urlTemplate":"https:\/\/blogdobispo.com.br\/?s={search_term_string}"},"query-input":{"@type":"PropertyValueSpecification","valueRequired":true,"valueName":"search_term_string"}}],"inLanguage":"pt-BR"},{"@type":"Organization","@id":"https:\/\/blogdobispo.com.br\/#organization","name":"Blog do Bispo","url":"https:\/\/blogdobispo.com.br\/","logo":{"@type":"ImageObject","inLanguage":"pt-BR","@id":"https:\/\/blogdobispo.com.br\/#\/schema\/logo\/image\/","url":"http:\/\/blogdobispo.com.br\/wp-content\/uploads\/2023\/05\/cropped-headear.png","contentUrl":"http:\/\/blogdobispo.com.br\/wp-content\/uploads\/2023\/05\/cropped-headear.png","width":1500,"height":399,"caption":"Blog do Bispo"},"image":{"@id":"https:\/\/blogdobispo.com.br\/#\/schema\/logo\/image\/"}},{"@type":"Person","@id":"https:\/\/blogdobispo.com.br\/#\/schema\/person\/e2209cc0e6cea5c5233d033e997b373f","name":"Jefferson Sterfeno","image":{"@type":"ImageObject","inLanguage":"pt-BR","@id":"https:\/\/blogdobispo.com.br\/#\/schema\/person\/image\/","url":"https:\/\/secure.gravatar.com\/avatar\/0534e84764641168a677026b6d57a3f51dc7ac4db0b4f6186d9cb330d4ee1160?s=96&d=mm&r=g","contentUrl":"https:\/\/secure.gravatar.com\/avatar\/0534e84764641168a677026b6d57a3f51dc7ac4db0b4f6186d9cb330d4ee1160?s=96&d=mm&r=g","caption":"Jefferson Sterfeno"},"sameAs":["http:\/\/blogdobispo.com.br"],"url":"https:\/\/blogdobispo.com.br\/?author=1"}]}},"featured_image_urls":{"full":"","thumbnail":"","medium":"","medium_large":"","large":"","1536x1536":"","2048x2048":""},"author_info":{"display_name":"Jefferson Sterfeno","author_link":"https:\/\/blogdobispo.com.br\/?author=1"},"category_info":"<a href=\"https:\/\/blogdobispo.com.br\/?cat=1\" rel=\"category\">diversos<\/a>","tag_info":"diversos","comment_count":"0","jetpack_featured_media_url":"","jetpack_sharing_enabled":true,"_links":{"self":[{"href":"https:\/\/blogdobispo.com.br\/index.php?rest_route=\/wp\/v2\/posts\/2090","targetHints":{"allow":["GET"]}}],"collection":[{"href":"https:\/\/blogdobispo.com.br\/index.php?rest_route=\/wp\/v2\/posts"}],"about":[{"href":"https:\/\/blogdobispo.com.br\/index.php?rest_route=\/wp\/v2\/types\/post"}],"author":[{"embeddable":true,"href":"https:\/\/blogdobispo.com.br\/index.php?rest_route=\/wp\/v2\/users\/1"}],"replies":[{"embeddable":true,"href":"https:\/\/blogdobispo.com.br\/index.php?rest_route=%2Fwp%2Fv2%2Fcomments&post=2090"}],"version-history":[{"count":0,"href":"https:\/\/blogdobispo.com.br\/index.php?rest_route=\/wp\/v2\/posts\/2090\/revisions"}],"wp:attachment":[{"href":"https:\/\/blogdobispo.com.br\/index.php?rest_route=%2Fwp%2Fv2%2Fmedia&parent=2090"}],"wp:term":[{"taxonomy":"category","embeddable":true,"href":"https:\/\/blogdobispo.com.br\/index.php?rest_route=%2Fwp%2Fv2%2Fcategories&post=2090"},{"taxonomy":"post_tag","embeddable":true,"href":"https:\/\/blogdobispo.com.br\/index.php?rest_route=%2Fwp%2Fv2%2Ftags&post=2090"}],"curies":[{"name":"wp","href":"https:\/\/api.w.org\/{rel}","templated":true}]}}