{"id":20893,"date":"2026-09-03T15:25:32","date_gmt":"2026-09-03T15:25:32","guid":{"rendered":"https:\/\/blogdobispo.com.br\/?p=20893"},"modified":"2026-09-03T15:25:32","modified_gmt":"2026-09-03T15:25:32","slug":"forca-no-serido-dra-julia-retira-candidatura-e-declara-apoio-a-kaline","status":"publish","type":"post","link":"https:\/\/blogdobispo.com.br\/?p=20893","title":{"rendered":"FOR\u00c7A NO SERID\u00d3: DRA. J\u00daLIA RETIRA CANDIDATURA E DECLARA APOIO A KALINE"},"content":{"rendered":"\n<figure class=\"wp-block-image size-large\"><img data-recalc-dims=\"1\" fetchpriority=\"high\" decoding=\"async\" width=\"576\" height=\"1024\" src=\"https:\/\/i0.wp.com\/blogdobispo.com.br\/wp-content\/uploads\/2026\/09\/2b4ac819-70ab-428d-b4d5-d3f9f65de737-576x1024.jpg?resize=576%2C1024&#038;ssl=1\" class=\"wp-image-20891\" srcset=\"https:\/\/i0.wp.com\/blogdobispo.com.br\/wp-content\/uploads\/2026\/09\/2b4ac819-70ab-428d-b4d5-d3f9f65de737.jpg?resize=576%2C1024&amp;ssl=1 576w, https:\/\/i0.wp.com\/blogdobispo.com.br\/wp-content\/uploads\/2026\/09\/2b4ac819-70ab-428d-b4d5-d3f9f65de737.jpg?resize=169%2C300&amp;ssl=1 169w, https:\/\/i0.wp.com\/blogdobispo.com.br\/wp-content\/uploads\/2026\/09\/2b4ac819-70ab-428d-b4d5-d3f9f65de737.jpg?w=720&amp;ssl=1 720w\" sizes=\"(max-width: 576px) 100vw, 576px\" \/><\/figure>\n\n\n\n<p><\/p>\n\n\n\n<p>A exatamente um m\u00eas das elei\u00e7\u00f5es, a disputa pela Assembleia Legislativa do Rio Grande do Norte ganha um fato novo de grande impacto no Serid\u00f3. Em um gesto de maturidade e desprendimento p\u00fablico, a m\u00e9dica Dra. J\u00falia Almeida anunciou a retirada de sua candidatura a deputada estadual e declarou apoio oficial a Kaline de Dr. Bernardo (43000).<br>Ao lado do marido, o prefeito de Parelhas, Dr. Tiago, Dra. J\u00falia une sua expressiva lideran\u00e7a ao projeto de Kaline, selando uma das alian\u00e7as mais fortes do interior potiguar. Reconhecida em Parelhas e cidades vizinhas pela dedica\u00e7\u00e3o \u00e0 sa\u00fade e cuidado com as fam\u00edlias, a m\u00e9dica justificou a decis\u00e3o com foco na representatividade regional:<br>&#8220;Minha miss\u00e3o sempre foi cuidar das pessoas e zelar pela nossa terra. Entendi que o momento pedia uni\u00e3o para garantir que o Serid\u00f3 tenha voz firme na Assembleia. Kaline tem a sensibilidade, o preparo e a coragem necess\u00e1rios para levar as nossas bandeiras adiante. Parelhas agora tem uma parceira de verdade&#8221;, destacou Dra. J\u00falia.<br>Recebendo o apoio com entusiasmo, Kaline ressaltou a responsabilidade de honrar a confian\u00e7a do grupo parelhense:<br>&#8220;Recebo esse abra\u00e7o de Dra. J\u00falia, de Dr. Tiago e de Parelhas com profunda humildade e gratid\u00e3o. Dra. J\u00falia deu uma demonstra\u00e7\u00e3o gigante de grandeza p\u00fablica. Fortalecer o nosso trabalho no Serid\u00f3 com um apoio dessa grandeza me enche de responsabilidade. Chego a Parelhas para somar, destinar recursos, cuidar da sa\u00fade e ser a voz firme da regi\u00e3o na ALRN\u201d.<br>A ades\u00e3o consolida a presen\u00e7a de Kaline no polo seridoense e injeta musculatura de palanque \u00e0 campanha do 43000 no m\u00eas decisivo rumo ao legislativo estadual.<\/p>\n","protected":false},"excerpt":{"rendered":"<p>A exatamente um m\u00eas das elei\u00e7\u00f5es, a disputa pela Assembleia Legislativa do Rio Grande do Norte ganha um fato novo de grande impacto no Serid\u00f3. Em um gesto de maturidade e desprendimento p\u00fablico, a m\u00e9dica Dra. J\u00falia Almeida anunciou a retirada de sua candidatura a deputada estadual e declarou apoio oficial a Kaline de Dr. [&hellip;]<\/p>\n","protected":false},"author":1,"featured_media":20892,"comment_status":"open","ping_status":"open","sticky":false,"template":"","format":"standard","meta":{"cybocfi_hide_featured_image":"","_jetpack_memberships_contains_paid_content":false,"footnotes":""},"categories":[1],"tags":[],"class_list":["post-20893","post","type-post","status-publish","format-standard","has-post-thumbnail","hentry","category-diversos"],"yoast_head":"<!-- This site is optimized with the Yoast SEO plugin v25.6 - https:\/\/yoast.com\/wordpress\/plugins\/seo\/ -->\n<title>FOR\u00c7A NO SERID\u00d3: DRA. J\u00daLIA RETIRA CANDIDATURA E DECLARA APOIO A KALINE - Blog do Bispo<\/title>\n<meta name=\"robots\" content=\"index, follow, max-snippet:-1, max-image-preview:large, max-video-preview:-1\" \/>\n<link rel=\"canonical\" href=\"https:\/\/blogdobispo.com.br\/?p=20893\" \/>\n<meta property=\"og:locale\" content=\"pt_BR\" \/>\n<meta property=\"og:type\" content=\"article\" \/>\n<meta property=\"og:title\" content=\"FOR\u00c7A NO SERID\u00d3: DRA. J\u00daLIA RETIRA CANDIDATURA E DECLARA APOIO A KALINE - Blog do Bispo\" \/>\n<meta property=\"og:description\" content=\"A exatamente um m\u00eas das elei\u00e7\u00f5es, a disputa pela Assembleia Legislativa do Rio Grande do Norte ganha um fato novo de grande impacto no Serid\u00f3. Em um gesto de maturidade e desprendimento p\u00fablico, a m\u00e9dica Dra. J\u00falia Almeida anunciou a retirada de sua candidatura a deputada estadual e declarou apoio oficial a Kaline de Dr. [&hellip;]\" \/>\n<meta property=\"og:url\" content=\"https:\/\/blogdobispo.com.br\/?p=20893\" \/>\n<meta property=\"og:site_name\" content=\"Blog do Bispo\" \/>\n<meta property=\"article:published_time\" content=\"2026-09-03T15:25:32+00:00\" \/>\n<meta property=\"og:image\" content=\"https:\/\/blogdobispo.com.br\/wp-content\/uploads\/2026\/09\/2b4ac819-70ab-428d-b4d5-d3f9f65de737-576x1024.jpg\" \/>\n<meta name=\"author\" content=\"Jefferson Sterfeno\" \/>\n<meta name=\"twitter:card\" content=\"summary_large_image\" \/>\n<meta name=\"twitter:label1\" content=\"Escrito por\" \/>\n\t<meta name=\"twitter:data1\" content=\"Jefferson Sterfeno\" \/>\n\t<meta name=\"twitter:label2\" content=\"Est. tempo de leitura\" \/>\n\t<meta name=\"twitter:data2\" content=\"1 minuto\" \/>\n<script type=\"application\/ld+json\" class=\"yoast-schema-graph\">{\"@context\":\"https:\/\/schema.org\",\"@graph\":[{\"@type\":\"Article\",\"@id\":\"https:\/\/blogdobispo.com.br\/?p=20893#article\",\"isPartOf\":{\"@id\":\"https:\/\/blogdobispo.com.br\/?p=20893\"},\"author\":{\"name\":\"Jefferson Sterfeno\",\"@id\":\"https:\/\/blogdobispo.com.br\/#\/schema\/person\/e2209cc0e6cea5c5233d033e997b373f\"},\"headline\":\"FOR\u00c7A NO SERID\u00d3: DRA. J\u00daLIA RETIRA CANDIDATURA E DECLARA APOIO A KALINE\",\"datePublished\":\"2026-09-03T15:25:32+00:00\",\"mainEntityOfPage\":{\"@id\":\"https:\/\/blogdobispo.com.br\/?p=20893\"},\"wordCount\":306,\"commentCount\":0,\"publisher\":{\"@id\":\"https:\/\/blogdobispo.com.br\/#organization\"},\"image\":{\"@id\":\"https:\/\/blogdobispo.com.br\/?p=20893#primaryimage\"},\"thumbnailUrl\":\"https:\/\/i0.wp.com\/blogdobispo.com.br\/wp-content\/uploads\/2026\/09\/2b4ac819-70ab-428d-b4d5-d3f9f65de737-1.jpg?fit=720%2C1280&ssl=1\",\"articleSection\":[\"diversos\"],\"inLanguage\":\"pt-BR\",\"potentialAction\":[{\"@type\":\"CommentAction\",\"name\":\"Comment\",\"target\":[\"https:\/\/blogdobispo.com.br\/?p=20893#respond\"]}]},{\"@type\":\"WebPage\",\"@id\":\"https:\/\/blogdobispo.com.br\/?p=20893\",\"url\":\"https:\/\/blogdobispo.com.br\/?p=20893\",\"name\":\"FOR\u00c7A NO SERID\u00d3: DRA. J\u00daLIA RETIRA CANDIDATURA E DECLARA APOIO A KALINE - Blog do Bispo\",\"isPartOf\":{\"@id\":\"https:\/\/blogdobispo.com.br\/#website\"},\"primaryImageOfPage\":{\"@id\":\"https:\/\/blogdobispo.com.br\/?p=20893#primaryimage\"},\"image\":{\"@id\":\"https:\/\/blogdobispo.com.br\/?p=20893#primaryimage\"},\"thumbnailUrl\":\"https:\/\/i0.wp.com\/blogdobispo.com.br\/wp-content\/uploads\/2026\/09\/2b4ac819-70ab-428d-b4d5-d3f9f65de737-1.jpg?fit=720%2C1280&ssl=1\",\"datePublished\":\"2026-09-03T15:25:32+00:00\",\"breadcrumb\":{\"@id\":\"https:\/\/blogdobispo.com.br\/?p=20893#breadcrumb\"},\"inLanguage\":\"pt-BR\",\"potentialAction\":[{\"@type\":\"ReadAction\",\"target\":[\"https:\/\/blogdobispo.com.br\/?p=20893\"]}]},{\"@type\":\"ImageObject\",\"inLanguage\":\"pt-BR\",\"@id\":\"https:\/\/blogdobispo.com.br\/?p=20893#primaryimage\",\"url\":\"https:\/\/i0.wp.com\/blogdobispo.com.br\/wp-content\/uploads\/2026\/09\/2b4ac819-70ab-428d-b4d5-d3f9f65de737-1.jpg?fit=720%2C1280&ssl=1\",\"contentUrl\":\"https:\/\/i0.wp.com\/blogdobispo.com.br\/wp-content\/uploads\/2026\/09\/2b4ac819-70ab-428d-b4d5-d3f9f65de737-1.jpg?fit=720%2C1280&ssl=1\",\"width\":720,\"height\":1280},{\"@type\":\"BreadcrumbList\",\"@id\":\"https:\/\/blogdobispo.com.br\/?p=20893#breadcrumb\",\"itemListElement\":[{\"@type\":\"ListItem\",\"position\":1,\"name\":\"In\u00edcio\",\"item\":\"https:\/\/blogdobispo.com.br\/\"},{\"@type\":\"ListItem\",\"position\":2,\"name\":\"FOR\u00c7A NO SERID\u00d3: DRA. J\u00daLIA RETIRA CANDIDATURA E DECLARA APOIO A KALINE\"}]},{\"@type\":\"WebSite\",\"@id\":\"https:\/\/blogdobispo.com.br\/#website\",\"url\":\"https:\/\/blogdobispo.com.br\/\",\"name\":\"Blog do Bispo\",\"description\":\"Comprometido apenas com o leitor\",\"publisher\":{\"@id\":\"https:\/\/blogdobispo.com.br\/#organization\"},\"potentialAction\":[{\"@type\":\"SearchAction\",\"target\":{\"@type\":\"EntryPoint\",\"urlTemplate\":\"https:\/\/blogdobispo.com.br\/?s={search_term_string}\"},\"query-input\":{\"@type\":\"PropertyValueSpecification\",\"valueRequired\":true,\"valueName\":\"search_term_string\"}}],\"inLanguage\":\"pt-BR\"},{\"@type\":\"Organization\",\"@id\":\"https:\/\/blogdobispo.com.br\/#organization\",\"name\":\"Blog do Bispo\",\"url\":\"https:\/\/blogdobispo.com.br\/\",\"logo\":{\"@type\":\"ImageObject\",\"inLanguage\":\"pt-BR\",\"@id\":\"https:\/\/blogdobispo.com.br\/#\/schema\/logo\/image\/\",\"url\":\"http:\/\/blogdobispo.com.br\/wp-content\/uploads\/2023\/05\/cropped-headear.png\",\"contentUrl\":\"http:\/\/blogdobispo.com.br\/wp-content\/uploads\/2023\/05\/cropped-headear.png\",\"width\":1500,\"height\":399,\"caption\":\"Blog do Bispo\"},\"image\":{\"@id\":\"https:\/\/blogdobispo.com.br\/#\/schema\/logo\/image\/\"}},{\"@type\":\"Person\",\"@id\":\"https:\/\/blogdobispo.com.br\/#\/schema\/person\/e2209cc0e6cea5c5233d033e997b373f\",\"name\":\"Jefferson Sterfeno\",\"image\":{\"@type\":\"ImageObject\",\"inLanguage\":\"pt-BR\",\"@id\":\"https:\/\/blogdobispo.com.br\/#\/schema\/person\/image\/\",\"url\":\"https:\/\/secure.gravatar.com\/avatar\/0534e84764641168a677026b6d57a3f51dc7ac4db0b4f6186d9cb330d4ee1160?s=96&d=mm&r=g\",\"contentUrl\":\"https:\/\/secure.gravatar.com\/avatar\/0534e84764641168a677026b6d57a3f51dc7ac4db0b4f6186d9cb330d4ee1160?s=96&d=mm&r=g\",\"caption\":\"Jefferson Sterfeno\"},\"sameAs\":[\"http:\/\/blogdobispo.com.br\"],\"url\":\"https:\/\/blogdobispo.com.br\/?author=1\"}]}<\/script>\n<!-- \/ Yoast SEO plugin. -->","yoast_head_json":{"title":"FOR\u00c7A NO SERID\u00d3: DRA. J\u00daLIA RETIRA CANDIDATURA E DECLARA APOIO A KALINE - Blog do Bispo","robots":{"index":"index","follow":"follow","max-snippet":"max-snippet:-1","max-image-preview":"max-image-preview:large","max-video-preview":"max-video-preview:-1"},"canonical":"https:\/\/blogdobispo.com.br\/?p=20893","og_locale":"pt_BR","og_type":"article","og_title":"FOR\u00c7A NO SERID\u00d3: DRA. J\u00daLIA RETIRA CANDIDATURA E DECLARA APOIO A KALINE - Blog do Bispo","og_description":"A exatamente um m\u00eas das elei\u00e7\u00f5es, a disputa pela Assembleia Legislativa do Rio Grande do Norte ganha um fato novo de grande impacto no Serid\u00f3. Em um gesto de maturidade e desprendimento p\u00fablico, a m\u00e9dica Dra. J\u00falia Almeida anunciou a retirada de sua candidatura a deputada estadual e declarou apoio oficial a Kaline de Dr. [&hellip;]","og_url":"https:\/\/blogdobispo.com.br\/?p=20893","og_site_name":"Blog do Bispo","article_published_time":"2026-09-03T15:25:32+00:00","og_image":[{"url":"https:\/\/blogdobispo.com.br\/wp-content\/uploads\/2026\/09\/2b4ac819-70ab-428d-b4d5-d3f9f65de737-576x1024.jpg","type":"","width":"","height":""}],"author":"Jefferson Sterfeno","twitter_card":"summary_large_image","twitter_misc":{"Escrito por":"Jefferson Sterfeno","Est. tempo de leitura":"1 minuto"},"schema":{"@context":"https:\/\/schema.org","@graph":[{"@type":"Article","@id":"https:\/\/blogdobispo.com.br\/?p=20893#article","isPartOf":{"@id":"https:\/\/blogdobispo.com.br\/?p=20893"},"author":{"name":"Jefferson Sterfeno","@id":"https:\/\/blogdobispo.com.br\/#\/schema\/person\/e2209cc0e6cea5c5233d033e997b373f"},"headline":"FOR\u00c7A NO SERID\u00d3: DRA. J\u00daLIA RETIRA CANDIDATURA E DECLARA APOIO A KALINE","datePublished":"2026-09-03T15:25:32+00:00","mainEntityOfPage":{"@id":"https:\/\/blogdobispo.com.br\/?p=20893"},"wordCount":306,"commentCount":0,"publisher":{"@id":"https:\/\/blogdobispo.com.br\/#organization"},"image":{"@id":"https:\/\/blogdobispo.com.br\/?p=20893#primaryimage"},"thumbnailUrl":"https:\/\/i0.wp.com\/blogdobispo.com.br\/wp-content\/uploads\/2026\/09\/2b4ac819-70ab-428d-b4d5-d3f9f65de737-1.jpg?fit=720%2C1280&ssl=1","articleSection":["diversos"],"inLanguage":"pt-BR","potentialAction":[{"@type":"CommentAction","name":"Comment","target":["https:\/\/blogdobispo.com.br\/?p=20893#respond"]}]},{"@type":"WebPage","@id":"https:\/\/blogdobispo.com.br\/?p=20893","url":"https:\/\/blogdobispo.com.br\/?p=20893","name":"FOR\u00c7A NO SERID\u00d3: DRA. J\u00daLIA RETIRA CANDIDATURA E DECLARA APOIO A KALINE - Blog do Bispo","isPartOf":{"@id":"https:\/\/blogdobispo.com.br\/#website"},"primaryImageOfPage":{"@id":"https:\/\/blogdobispo.com.br\/?p=20893#primaryimage"},"image":{"@id":"https:\/\/blogdobispo.com.br\/?p=20893#primaryimage"},"thumbnailUrl":"https:\/\/i0.wp.com\/blogdobispo.com.br\/wp-content\/uploads\/2026\/09\/2b4ac819-70ab-428d-b4d5-d3f9f65de737-1.jpg?fit=720%2C1280&ssl=1","datePublished":"2026-09-03T15:25:32+00:00","breadcrumb":{"@id":"https:\/\/blogdobispo.com.br\/?p=20893#breadcrumb"},"inLanguage":"pt-BR","potentialAction":[{"@type":"ReadAction","target":["https:\/\/blogdobispo.com.br\/?p=20893"]}]},{"@type":"ImageObject","inLanguage":"pt-BR","@id":"https:\/\/blogdobispo.com.br\/?p=20893#primaryimage","url":"https:\/\/i0.wp.com\/blogdobispo.com.br\/wp-content\/uploads\/2026\/09\/2b4ac819-70ab-428d-b4d5-d3f9f65de737-1.jpg?fit=720%2C1280&ssl=1","contentUrl":"https:\/\/i0.wp.com\/blogdobispo.com.br\/wp-content\/uploads\/2026\/09\/2b4ac819-70ab-428d-b4d5-d3f9f65de737-1.jpg?fit=720%2C1280&ssl=1","width":720,"height":1280},{"@type":"BreadcrumbList","@id":"https:\/\/blogdobispo.com.br\/?p=20893#breadcrumb","itemListElement":[{"@type":"ListItem","position":1,"name":"In\u00edcio","item":"https:\/\/blogdobispo.com.br\/"},{"@type":"ListItem","position":2,"name":"FOR\u00c7A NO SERID\u00d3: DRA. J\u00daLIA RETIRA CANDIDATURA E DECLARA APOIO A KALINE"}]},{"@type":"WebSite","@id":"https:\/\/blogdobispo.com.br\/#website","url":"https:\/\/blogdobispo.com.br\/","name":"Blog do Bispo","description":"Comprometido apenas com o leitor","publisher":{"@id":"https:\/\/blogdobispo.com.br\/#organization"},"potentialAction":[{"@type":"SearchAction","target":{"@type":"EntryPoint","urlTemplate":"https:\/\/blogdobispo.com.br\/?s={search_term_string}"},"query-input":{"@type":"PropertyValueSpecification","valueRequired":true,"valueName":"search_term_string"}}],"inLanguage":"pt-BR"},{"@type":"Organization","@id":"https:\/\/blogdobispo.com.br\/#organization","name":"Blog do Bispo","url":"https:\/\/blogdobispo.com.br\/","logo":{"@type":"ImageObject","inLanguage":"pt-BR","@id":"https:\/\/blogdobispo.com.br\/#\/schema\/logo\/image\/","url":"http:\/\/blogdobispo.com.br\/wp-content\/uploads\/2023\/05\/cropped-headear.png","contentUrl":"http:\/\/blogdobispo.com.br\/wp-content\/uploads\/2023\/05\/cropped-headear.png","width":1500,"height":399,"caption":"Blog do Bispo"},"image":{"@id":"https:\/\/blogdobispo.com.br\/#\/schema\/logo\/image\/"}},{"@type":"Person","@id":"https:\/\/blogdobispo.com.br\/#\/schema\/person\/e2209cc0e6cea5c5233d033e997b373f","name":"Jefferson Sterfeno","image":{"@type":"ImageObject","inLanguage":"pt-BR","@id":"https:\/\/blogdobispo.com.br\/#\/schema\/person\/image\/","url":"https:\/\/secure.gravatar.com\/avatar\/0534e84764641168a677026b6d57a3f51dc7ac4db0b4f6186d9cb330d4ee1160?s=96&d=mm&r=g","contentUrl":"https:\/\/secure.gravatar.com\/avatar\/0534e84764641168a677026b6d57a3f51dc7ac4db0b4f6186d9cb330d4ee1160?s=96&d=mm&r=g","caption":"Jefferson Sterfeno"},"sameAs":["http:\/\/blogdobispo.com.br"],"url":"https:\/\/blogdobispo.com.br\/?author=1"}]}},"featured_image_urls":{"full":["https:\/\/i0.wp.com\/blogdobispo.com.br\/wp-content\/uploads\/2026\/09\/2b4ac819-70ab-428d-b4d5-d3f9f65de737-1.jpg?fit=720%2C1280&ssl=1",720,1280,false],"thumbnail":["https:\/\/i0.wp.com\/blogdobispo.com.br\/wp-content\/uploads\/2026\/09\/2b4ac819-70ab-428d-b4d5-d3f9f65de737-1.jpg?resize=150%2C150&ssl=1",150,150,true],"medium":["https:\/\/i0.wp.com\/blogdobispo.com.br\/wp-content\/uploads\/2026\/09\/2b4ac819-70ab-428d-b4d5-d3f9f65de737-1.jpg?fit=169%2C300&ssl=1",169,300,true],"medium_large":["https:\/\/i0.wp.com\/blogdobispo.com.br\/wp-content\/uploads\/2026\/09\/2b4ac819-70ab-428d-b4d5-d3f9f65de737-1.jpg?fit=720%2C1280&ssl=1",720,1280,true],"large":["https:\/\/i0.wp.com\/blogdobispo.com.br\/wp-content\/uploads\/2026\/09\/2b4ac819-70ab-428d-b4d5-d3f9f65de737-1.jpg?fit=576%2C1024&ssl=1",576,1024,true],"1536x1536":["https:\/\/i0.wp.com\/blogdobispo.com.br\/wp-content\/uploads\/2026\/09\/2b4ac819-70ab-428d-b4d5-d3f9f65de737-1.jpg?fit=720%2C1280&ssl=1",720,1280,true],"2048x2048":["https:\/\/i0.wp.com\/blogdobispo.com.br\/wp-content\/uploads\/2026\/09\/2b4ac819-70ab-428d-b4d5-d3f9f65de737-1.jpg?fit=720%2C1280&ssl=1",720,1280,true]},"author_info":{"display_name":"Jefferson Sterfeno","author_link":"https:\/\/blogdobispo.com.br\/?author=1"},"category_info":"<a href=\"https:\/\/blogdobispo.com.br\/?cat=1\" rel=\"category\">diversos<\/a>","tag_info":"diversos","comment_count":"0","jetpack_featured_media_url":"https:\/\/i0.wp.com\/blogdobispo.com.br\/wp-content\/uploads\/2026\/09\/2b4ac819-70ab-428d-b4d5-d3f9f65de737-1.jpg?fit=720%2C1280&ssl=1","jetpack_sharing_enabled":true,"_links":{"self":[{"href":"https:\/\/blogdobispo.com.br\/index.php?rest_route=\/wp\/v2\/posts\/20893","targetHints":{"allow":["GET"]}}],"collection":[{"href":"https:\/\/blogdobispo.com.br\/index.php?rest_route=\/wp\/v2\/posts"}],"about":[{"href":"https:\/\/blogdobispo.com.br\/index.php?rest_route=\/wp\/v2\/types\/post"}],"author":[{"embeddable":true,"href":"https:\/\/blogdobispo.com.br\/index.php?rest_route=\/wp\/v2\/users\/1"}],"replies":[{"embeddable":true,"href":"https:\/\/blogdobispo.com.br\/index.php?rest_route=%2Fwp%2Fv2%2Fcomments&post=20893"}],"version-history":[{"count":0,"href":"https:\/\/blogdobispo.com.br\/index.php?rest_route=\/wp\/v2\/posts\/20893\/revisions"}],"wp:featuredmedia":[{"embeddable":true,"href":"https:\/\/blogdobispo.com.br\/index.php?rest_route=\/wp\/v2\/media\/20892"}],"wp:attachment":[{"href":"https:\/\/blogdobispo.com.br\/index.php?rest_route=%2Fwp%2Fv2%2Fmedia&parent=20893"}],"wp:term":[{"taxonomy":"category","embeddable":true,"href":"https:\/\/blogdobispo.com.br\/index.php?rest_route=%2Fwp%2Fv2%2Fcategories&post=20893"},{"taxonomy":"post_tag","embeddable":true,"href":"https:\/\/blogdobispo.com.br\/index.php?rest_route=%2Fwp%2Fv2%2Ftags&post=20893"}],"curies":[{"name":"wp","href":"https:\/\/api.w.org\/{rel}","templated":true}]}}