{"id":20890,"date":"2026-09-03T15:24:16","date_gmt":"2026-09-03T15:24:16","guid":{"rendered":"https:\/\/blogdobispo.com.br\/?p=20890"},"modified":"2026-09-03T15:24:16","modified_gmt":"2026-09-03T15:24:16","slug":"eriko-jacome-aparece-entre-os-12-deputados-estaduais-mais-citados-em-nova-pesquisa-no-rn","status":"publish","type":"post","link":"https:\/\/blogdobispo.com.br\/?p=20890","title":{"rendered":"Eriko J\u00e1come aparece entre os 12 deputados estaduais mais citados em nova pesquisa no RN"},"content":{"rendered":"\n<figure class=\"wp-block-image size-large\"><img data-recalc-dims=\"1\" fetchpriority=\"high\" decoding=\"async\" width=\"800\" height=\"714\" src=\"https:\/\/i0.wp.com\/blogdobispo.com.br\/wp-content\/uploads\/2026\/09\/932ce6b5-bb03-4f98-8476-8dd7c0f32262.jpg?resize=800%2C714&#038;ssl=1\" class=\"wp-image-20888\" srcset=\"https:\/\/i0.wp.com\/blogdobispo.com.br\/wp-content\/uploads\/2026\/09\/932ce6b5-bb03-4f98-8476-8dd7c0f32262.jpg?w=853&amp;ssl=1 853w, https:\/\/i0.wp.com\/blogdobispo.com.br\/wp-content\/uploads\/2026\/09\/932ce6b5-bb03-4f98-8476-8dd7c0f32262.jpg?resize=300%2C268&amp;ssl=1 300w, https:\/\/i0.wp.com\/blogdobispo.com.br\/wp-content\/uploads\/2026\/09\/932ce6b5-bb03-4f98-8476-8dd7c0f32262.jpg?resize=768%2C685&amp;ssl=1 768w\" sizes=\"(max-width: 800px) 100vw, 800px\" \/><\/figure>\n\n\n\n<p><\/p>\n\n\n\n<p>A for\u00e7a de Eriko J\u00e1come em Natal ganha proje\u00e7\u00e3o e se espalha por todo o Rio Grande do Norte. Em nova pesquisa do Instituto Media, o candidato aparece entre os 12 nomes mais citados pelos eleitores do estado, mostrando o crescimento de sua candidatura e o reconhecimento do trabalho desenvolvido na capital, especialmente nas \u00e1reas de sa\u00fade, educa\u00e7\u00e3o e a\u00e7\u00f5es sociais. Com presen\u00e7a nos munic\u00edpios, di\u00e1logo com lideran\u00e7as e contato direto com a popula\u00e7\u00e3o, Eriko amplia suas bases e fortalece seu projeto para a Assembleia Legislativa.<\/p>\n\n\n\n<p>O levantamento foi realizado entre os dias 25 e 30 de agosto, com 2 mil eleitores ouvidos presencialmente em todo o RN. A pesquisa tem margem de erro de 2,2 pontos percentuais, n\u00edvel de confian\u00e7a de 95% e foi registrada no TSE sob o n\u00famero RN-02043\/2026.<\/p>\n","protected":false},"excerpt":{"rendered":"<p>A for\u00e7a de Eriko J\u00e1come em Natal ganha proje\u00e7\u00e3o e se espalha por todo o Rio Grande do Norte. Em nova pesquisa do Instituto Media, o candidato aparece entre os 12 nomes mais citados pelos eleitores do estado, mostrando o crescimento de sua candidatura e o reconhecimento do trabalho desenvolvido na capital, especialmente nas \u00e1reas [&hellip;]<\/p>\n","protected":false},"author":1,"featured_media":20889,"comment_status":"open","ping_status":"open","sticky":false,"template":"","format":"standard","meta":{"cybocfi_hide_featured_image":"","_jetpack_memberships_contains_paid_content":false,"footnotes":""},"categories":[1],"tags":[],"class_list":["post-20890","post","type-post","status-publish","format-standard","has-post-thumbnail","hentry","category-diversos"],"yoast_head":"<!-- This site is optimized with the Yoast SEO plugin v25.6 - https:\/\/yoast.com\/wordpress\/plugins\/seo\/ -->\n<title>Eriko J\u00e1come aparece entre os 12 deputados estaduais mais citados em nova pesquisa no RN - Blog do Bispo<\/title>\n<meta name=\"robots\" content=\"index, follow, max-snippet:-1, max-image-preview:large, max-video-preview:-1\" \/>\n<link rel=\"canonical\" href=\"https:\/\/blogdobispo.com.br\/?p=20890\" \/>\n<meta property=\"og:locale\" content=\"pt_BR\" \/>\n<meta property=\"og:type\" content=\"article\" \/>\n<meta property=\"og:title\" content=\"Eriko J\u00e1come aparece entre os 12 deputados estaduais mais citados em nova pesquisa no RN - Blog do Bispo\" \/>\n<meta property=\"og:description\" content=\"A for\u00e7a de Eriko J\u00e1come em Natal ganha proje\u00e7\u00e3o e se espalha por todo o Rio Grande do Norte. Em nova pesquisa do Instituto Media, o candidato aparece entre os 12 nomes mais citados pelos eleitores do estado, mostrando o crescimento de sua candidatura e o reconhecimento do trabalho desenvolvido na capital, especialmente nas \u00e1reas [&hellip;]\" \/>\n<meta property=\"og:url\" content=\"https:\/\/blogdobispo.com.br\/?p=20890\" \/>\n<meta property=\"og:site_name\" content=\"Blog do Bispo\" \/>\n<meta property=\"article:published_time\" content=\"2026-09-03T15:24:16+00:00\" \/>\n<meta property=\"og:image\" content=\"https:\/\/blogdobispo.com.br\/wp-content\/uploads\/2026\/09\/932ce6b5-bb03-4f98-8476-8dd7c0f32262.jpg\" \/>\n<meta name=\"author\" content=\"Jefferson Sterfeno\" \/>\n<meta name=\"twitter:card\" content=\"summary_large_image\" \/>\n<meta name=\"twitter:label1\" content=\"Escrito por\" \/>\n\t<meta name=\"twitter:data1\" content=\"Jefferson Sterfeno\" \/>\n\t<meta name=\"twitter:label2\" content=\"Est. tempo de leitura\" \/>\n\t<meta name=\"twitter:data2\" content=\"1 minuto\" \/>\n<script type=\"application\/ld+json\" class=\"yoast-schema-graph\">{\"@context\":\"https:\/\/schema.org\",\"@graph\":[{\"@type\":\"Article\",\"@id\":\"https:\/\/blogdobispo.com.br\/?p=20890#article\",\"isPartOf\":{\"@id\":\"https:\/\/blogdobispo.com.br\/?p=20890\"},\"author\":{\"name\":\"Jefferson Sterfeno\",\"@id\":\"https:\/\/blogdobispo.com.br\/#\/schema\/person\/e2209cc0e6cea5c5233d033e997b373f\"},\"headline\":\"Eriko J\u00e1come aparece entre os 12 deputados estaduais mais citados em nova pesquisa no RN\",\"datePublished\":\"2026-09-03T15:24:16+00:00\",\"mainEntityOfPage\":{\"@id\":\"https:\/\/blogdobispo.com.br\/?p=20890\"},\"wordCount\":155,\"commentCount\":0,\"publisher\":{\"@id\":\"https:\/\/blogdobispo.com.br\/#organization\"},\"image\":{\"@id\":\"https:\/\/blogdobispo.com.br\/?p=20890#primaryimage\"},\"thumbnailUrl\":\"https:\/\/i0.wp.com\/blogdobispo.com.br\/wp-content\/uploads\/2026\/09\/932ce6b5-bb03-4f98-8476-8dd7c0f32262-1.jpg?fit=853%2C761&ssl=1\",\"articleSection\":[\"diversos\"],\"inLanguage\":\"pt-BR\",\"potentialAction\":[{\"@type\":\"CommentAction\",\"name\":\"Comment\",\"target\":[\"https:\/\/blogdobispo.com.br\/?p=20890#respond\"]}]},{\"@type\":\"WebPage\",\"@id\":\"https:\/\/blogdobispo.com.br\/?p=20890\",\"url\":\"https:\/\/blogdobispo.com.br\/?p=20890\",\"name\":\"Eriko J\u00e1come aparece entre os 12 deputados estaduais mais citados em nova pesquisa no RN - Blog do Bispo\",\"isPartOf\":{\"@id\":\"https:\/\/blogdobispo.com.br\/#website\"},\"primaryImageOfPage\":{\"@id\":\"https:\/\/blogdobispo.com.br\/?p=20890#primaryimage\"},\"image\":{\"@id\":\"https:\/\/blogdobispo.com.br\/?p=20890#primaryimage\"},\"thumbnailUrl\":\"https:\/\/i0.wp.com\/blogdobispo.com.br\/wp-content\/uploads\/2026\/09\/932ce6b5-bb03-4f98-8476-8dd7c0f32262-1.jpg?fit=853%2C761&ssl=1\",\"datePublished\":\"2026-09-03T15:24:16+00:00\",\"breadcrumb\":{\"@id\":\"https:\/\/blogdobispo.com.br\/?p=20890#breadcrumb\"},\"inLanguage\":\"pt-BR\",\"potentialAction\":[{\"@type\":\"ReadAction\",\"target\":[\"https:\/\/blogdobispo.com.br\/?p=20890\"]}]},{\"@type\":\"ImageObject\",\"inLanguage\":\"pt-BR\",\"@id\":\"https:\/\/blogdobispo.com.br\/?p=20890#primaryimage\",\"url\":\"https:\/\/i0.wp.com\/blogdobispo.com.br\/wp-content\/uploads\/2026\/09\/932ce6b5-bb03-4f98-8476-8dd7c0f32262-1.jpg?fit=853%2C761&ssl=1\",\"contentUrl\":\"https:\/\/i0.wp.com\/blogdobispo.com.br\/wp-content\/uploads\/2026\/09\/932ce6b5-bb03-4f98-8476-8dd7c0f32262-1.jpg?fit=853%2C761&ssl=1\",\"width\":853,\"height\":761},{\"@type\":\"BreadcrumbList\",\"@id\":\"https:\/\/blogdobispo.com.br\/?p=20890#breadcrumb\",\"itemListElement\":[{\"@type\":\"ListItem\",\"position\":1,\"name\":\"In\u00edcio\",\"item\":\"https:\/\/blogdobispo.com.br\/\"},{\"@type\":\"ListItem\",\"position\":2,\"name\":\"Eriko J\u00e1come aparece entre os 12 deputados estaduais mais citados em nova pesquisa no RN\"}]},{\"@type\":\"WebSite\",\"@id\":\"https:\/\/blogdobispo.com.br\/#website\",\"url\":\"https:\/\/blogdobispo.com.br\/\",\"name\":\"Blog do Bispo\",\"description\":\"Comprometido apenas com o leitor\",\"publisher\":{\"@id\":\"https:\/\/blogdobispo.com.br\/#organization\"},\"potentialAction\":[{\"@type\":\"SearchAction\",\"target\":{\"@type\":\"EntryPoint\",\"urlTemplate\":\"https:\/\/blogdobispo.com.br\/?s={search_term_string}\"},\"query-input\":{\"@type\":\"PropertyValueSpecification\",\"valueRequired\":true,\"valueName\":\"search_term_string\"}}],\"inLanguage\":\"pt-BR\"},{\"@type\":\"Organization\",\"@id\":\"https:\/\/blogdobispo.com.br\/#organization\",\"name\":\"Blog do Bispo\",\"url\":\"https:\/\/blogdobispo.com.br\/\",\"logo\":{\"@type\":\"ImageObject\",\"inLanguage\":\"pt-BR\",\"@id\":\"https:\/\/blogdobispo.com.br\/#\/schema\/logo\/image\/\",\"url\":\"http:\/\/blogdobispo.com.br\/wp-content\/uploads\/2023\/05\/cropped-headear.png\",\"contentUrl\":\"http:\/\/blogdobispo.com.br\/wp-content\/uploads\/2023\/05\/cropped-headear.png\",\"width\":1500,\"height\":399,\"caption\":\"Blog do Bispo\"},\"image\":{\"@id\":\"https:\/\/blogdobispo.com.br\/#\/schema\/logo\/image\/\"}},{\"@type\":\"Person\",\"@id\":\"https:\/\/blogdobispo.com.br\/#\/schema\/person\/e2209cc0e6cea5c5233d033e997b373f\",\"name\":\"Jefferson Sterfeno\",\"image\":{\"@type\":\"ImageObject\",\"inLanguage\":\"pt-BR\",\"@id\":\"https:\/\/blogdobispo.com.br\/#\/schema\/person\/image\/\",\"url\":\"https:\/\/secure.gravatar.com\/avatar\/0534e84764641168a677026b6d57a3f51dc7ac4db0b4f6186d9cb330d4ee1160?s=96&d=mm&r=g\",\"contentUrl\":\"https:\/\/secure.gravatar.com\/avatar\/0534e84764641168a677026b6d57a3f51dc7ac4db0b4f6186d9cb330d4ee1160?s=96&d=mm&r=g\",\"caption\":\"Jefferson Sterfeno\"},\"sameAs\":[\"http:\/\/blogdobispo.com.br\"],\"url\":\"https:\/\/blogdobispo.com.br\/?author=1\"}]}<\/script>\n<!-- \/ Yoast SEO plugin. -->","yoast_head_json":{"title":"Eriko J\u00e1come aparece entre os 12 deputados estaduais mais citados em nova pesquisa no RN - Blog do Bispo","robots":{"index":"index","follow":"follow","max-snippet":"max-snippet:-1","max-image-preview":"max-image-preview:large","max-video-preview":"max-video-preview:-1"},"canonical":"https:\/\/blogdobispo.com.br\/?p=20890","og_locale":"pt_BR","og_type":"article","og_title":"Eriko J\u00e1come aparece entre os 12 deputados estaduais mais citados em nova pesquisa no RN - Blog do Bispo","og_description":"A for\u00e7a de Eriko J\u00e1come em Natal ganha proje\u00e7\u00e3o e se espalha por todo o Rio Grande do Norte. Em nova pesquisa do Instituto Media, o candidato aparece entre os 12 nomes mais citados pelos eleitores do estado, mostrando o crescimento de sua candidatura e o reconhecimento do trabalho desenvolvido na capital, especialmente nas \u00e1reas [&hellip;]","og_url":"https:\/\/blogdobispo.com.br\/?p=20890","og_site_name":"Blog do Bispo","article_published_time":"2026-09-03T15:24:16+00:00","og_image":[{"url":"https:\/\/blogdobispo.com.br\/wp-content\/uploads\/2026\/09\/932ce6b5-bb03-4f98-8476-8dd7c0f32262.jpg","type":"","width":"","height":""}],"author":"Jefferson Sterfeno","twitter_card":"summary_large_image","twitter_misc":{"Escrito por":"Jefferson Sterfeno","Est. tempo de leitura":"1 minuto"},"schema":{"@context":"https:\/\/schema.org","@graph":[{"@type":"Article","@id":"https:\/\/blogdobispo.com.br\/?p=20890#article","isPartOf":{"@id":"https:\/\/blogdobispo.com.br\/?p=20890"},"author":{"name":"Jefferson Sterfeno","@id":"https:\/\/blogdobispo.com.br\/#\/schema\/person\/e2209cc0e6cea5c5233d033e997b373f"},"headline":"Eriko J\u00e1come aparece entre os 12 deputados estaduais mais citados em nova pesquisa no RN","datePublished":"2026-09-03T15:24:16+00:00","mainEntityOfPage":{"@id":"https:\/\/blogdobispo.com.br\/?p=20890"},"wordCount":155,"commentCount":0,"publisher":{"@id":"https:\/\/blogdobispo.com.br\/#organization"},"image":{"@id":"https:\/\/blogdobispo.com.br\/?p=20890#primaryimage"},"thumbnailUrl":"https:\/\/i0.wp.com\/blogdobispo.com.br\/wp-content\/uploads\/2026\/09\/932ce6b5-bb03-4f98-8476-8dd7c0f32262-1.jpg?fit=853%2C761&ssl=1","articleSection":["diversos"],"inLanguage":"pt-BR","potentialAction":[{"@type":"CommentAction","name":"Comment","target":["https:\/\/blogdobispo.com.br\/?p=20890#respond"]}]},{"@type":"WebPage","@id":"https:\/\/blogdobispo.com.br\/?p=20890","url":"https:\/\/blogdobispo.com.br\/?p=20890","name":"Eriko J\u00e1come aparece entre os 12 deputados estaduais mais citados em nova pesquisa no RN - Blog do Bispo","isPartOf":{"@id":"https:\/\/blogdobispo.com.br\/#website"},"primaryImageOfPage":{"@id":"https:\/\/blogdobispo.com.br\/?p=20890#primaryimage"},"image":{"@id":"https:\/\/blogdobispo.com.br\/?p=20890#primaryimage"},"thumbnailUrl":"https:\/\/i0.wp.com\/blogdobispo.com.br\/wp-content\/uploads\/2026\/09\/932ce6b5-bb03-4f98-8476-8dd7c0f32262-1.jpg?fit=853%2C761&ssl=1","datePublished":"2026-09-03T15:24:16+00:00","breadcrumb":{"@id":"https:\/\/blogdobispo.com.br\/?p=20890#breadcrumb"},"inLanguage":"pt-BR","potentialAction":[{"@type":"ReadAction","target":["https:\/\/blogdobispo.com.br\/?p=20890"]}]},{"@type":"ImageObject","inLanguage":"pt-BR","@id":"https:\/\/blogdobispo.com.br\/?p=20890#primaryimage","url":"https:\/\/i0.wp.com\/blogdobispo.com.br\/wp-content\/uploads\/2026\/09\/932ce6b5-bb03-4f98-8476-8dd7c0f32262-1.jpg?fit=853%2C761&ssl=1","contentUrl":"https:\/\/i0.wp.com\/blogdobispo.com.br\/wp-content\/uploads\/2026\/09\/932ce6b5-bb03-4f98-8476-8dd7c0f32262-1.jpg?fit=853%2C761&ssl=1","width":853,"height":761},{"@type":"BreadcrumbList","@id":"https:\/\/blogdobispo.com.br\/?p=20890#breadcrumb","itemListElement":[{"@type":"ListItem","position":1,"name":"In\u00edcio","item":"https:\/\/blogdobispo.com.br\/"},{"@type":"ListItem","position":2,"name":"Eriko J\u00e1come aparece entre os 12 deputados estaduais mais citados em nova pesquisa no RN"}]},{"@type":"WebSite","@id":"https:\/\/blogdobispo.com.br\/#website","url":"https:\/\/blogdobispo.com.br\/","name":"Blog do Bispo","description":"Comprometido apenas com o leitor","publisher":{"@id":"https:\/\/blogdobispo.com.br\/#organization"},"potentialAction":[{"@type":"SearchAction","target":{"@type":"EntryPoint","urlTemplate":"https:\/\/blogdobispo.com.br\/?s={search_term_string}"},"query-input":{"@type":"PropertyValueSpecification","valueRequired":true,"valueName":"search_term_string"}}],"inLanguage":"pt-BR"},{"@type":"Organization","@id":"https:\/\/blogdobispo.com.br\/#organization","name":"Blog do Bispo","url":"https:\/\/blogdobispo.com.br\/","logo":{"@type":"ImageObject","inLanguage":"pt-BR","@id":"https:\/\/blogdobispo.com.br\/#\/schema\/logo\/image\/","url":"http:\/\/blogdobispo.com.br\/wp-content\/uploads\/2023\/05\/cropped-headear.png","contentUrl":"http:\/\/blogdobispo.com.br\/wp-content\/uploads\/2023\/05\/cropped-headear.png","width":1500,"height":399,"caption":"Blog do Bispo"},"image":{"@id":"https:\/\/blogdobispo.com.br\/#\/schema\/logo\/image\/"}},{"@type":"Person","@id":"https:\/\/blogdobispo.com.br\/#\/schema\/person\/e2209cc0e6cea5c5233d033e997b373f","name":"Jefferson Sterfeno","image":{"@type":"ImageObject","inLanguage":"pt-BR","@id":"https:\/\/blogdobispo.com.br\/#\/schema\/person\/image\/","url":"https:\/\/secure.gravatar.com\/avatar\/0534e84764641168a677026b6d57a3f51dc7ac4db0b4f6186d9cb330d4ee1160?s=96&d=mm&r=g","contentUrl":"https:\/\/secure.gravatar.com\/avatar\/0534e84764641168a677026b6d57a3f51dc7ac4db0b4f6186d9cb330d4ee1160?s=96&d=mm&r=g","caption":"Jefferson Sterfeno"},"sameAs":["http:\/\/blogdobispo.com.br"],"url":"https:\/\/blogdobispo.com.br\/?author=1"}]}},"featured_image_urls":{"full":["https:\/\/i0.wp.com\/blogdobispo.com.br\/wp-content\/uploads\/2026\/09\/932ce6b5-bb03-4f98-8476-8dd7c0f32262-1.jpg?fit=853%2C761&ssl=1",853,761,false],"thumbnail":["https:\/\/i0.wp.com\/blogdobispo.com.br\/wp-content\/uploads\/2026\/09\/932ce6b5-bb03-4f98-8476-8dd7c0f32262-1.jpg?resize=150%2C150&ssl=1",150,150,true],"medium":["https:\/\/i0.wp.com\/blogdobispo.com.br\/wp-content\/uploads\/2026\/09\/932ce6b5-bb03-4f98-8476-8dd7c0f32262-1.jpg?fit=300%2C268&ssl=1",300,268,true],"medium_large":["https:\/\/i0.wp.com\/blogdobispo.com.br\/wp-content\/uploads\/2026\/09\/932ce6b5-bb03-4f98-8476-8dd7c0f32262-1.jpg?fit=768%2C685&ssl=1",768,685,true],"large":["https:\/\/i0.wp.com\/blogdobispo.com.br\/wp-content\/uploads\/2026\/09\/932ce6b5-bb03-4f98-8476-8dd7c0f32262-1.jpg?fit=800%2C714&ssl=1",800,714,true],"1536x1536":["https:\/\/i0.wp.com\/blogdobispo.com.br\/wp-content\/uploads\/2026\/09\/932ce6b5-bb03-4f98-8476-8dd7c0f32262-1.jpg?fit=853%2C761&ssl=1",853,761,true],"2048x2048":["https:\/\/i0.wp.com\/blogdobispo.com.br\/wp-content\/uploads\/2026\/09\/932ce6b5-bb03-4f98-8476-8dd7c0f32262-1.jpg?fit=853%2C761&ssl=1",853,761,true]},"author_info":{"display_name":"Jefferson Sterfeno","author_link":"https:\/\/blogdobispo.com.br\/?author=1"},"category_info":"<a href=\"https:\/\/blogdobispo.com.br\/?cat=1\" rel=\"category\">diversos<\/a>","tag_info":"diversos","comment_count":"0","jetpack_featured_media_url":"https:\/\/i0.wp.com\/blogdobispo.com.br\/wp-content\/uploads\/2026\/09\/932ce6b5-bb03-4f98-8476-8dd7c0f32262-1.jpg?fit=853%2C761&ssl=1","jetpack_sharing_enabled":true,"_links":{"self":[{"href":"https:\/\/blogdobispo.com.br\/index.php?rest_route=\/wp\/v2\/posts\/20890","targetHints":{"allow":["GET"]}}],"collection":[{"href":"https:\/\/blogdobispo.com.br\/index.php?rest_route=\/wp\/v2\/posts"}],"about":[{"href":"https:\/\/blogdobispo.com.br\/index.php?rest_route=\/wp\/v2\/types\/post"}],"author":[{"embeddable":true,"href":"https:\/\/blogdobispo.com.br\/index.php?rest_route=\/wp\/v2\/users\/1"}],"replies":[{"embeddable":true,"href":"https:\/\/blogdobispo.com.br\/index.php?rest_route=%2Fwp%2Fv2%2Fcomments&post=20890"}],"version-history":[{"count":0,"href":"https:\/\/blogdobispo.com.br\/index.php?rest_route=\/wp\/v2\/posts\/20890\/revisions"}],"wp:featuredmedia":[{"embeddable":true,"href":"https:\/\/blogdobispo.com.br\/index.php?rest_route=\/wp\/v2\/media\/20889"}],"wp:attachment":[{"href":"https:\/\/blogdobispo.com.br\/index.php?rest_route=%2Fwp%2Fv2%2Fmedia&parent=20890"}],"wp:term":[{"taxonomy":"category","embeddable":true,"href":"https:\/\/blogdobispo.com.br\/index.php?rest_route=%2Fwp%2Fv2%2Fcategories&post=20890"},{"taxonomy":"post_tag","embeddable":true,"href":"https:\/\/blogdobispo.com.br\/index.php?rest_route=%2Fwp%2Fv2%2Ftags&post=20890"}],"curies":[{"name":"wp","href":"https:\/\/api.w.org\/{rel}","templated":true}]}}