{"id":20885,"date":"2026-09-02T01:36:37","date_gmt":"2026-09-02T01:36:37","guid":{"rendered":"https:\/\/blogdobispo.com.br\/?p=20885"},"modified":"2026-09-02T01:36:37","modified_gmt":"2026-09-02T01:36:37","slug":"projecao-com-base-nas-ultimas-pesquisas-aponta-ubaldo-entre-os-eleitos-da-federacao-brasil-da-esperanca","status":"publish","type":"post","link":"https:\/\/blogdobispo.com.br\/?p=20885","title":{"rendered":"Proje\u00e7\u00e3o com base nas \u00faltimas pesquisas aponta Ubaldo entre os eleitos da Federa\u00e7\u00e3o Brasil da Esperan\u00e7a"},"content":{"rendered":"\n\n\n\n\n<p><\/p>\n\n\n\n<p>Uma proje\u00e7\u00e3o elaborada a partir das \u00faltimas pesquisas eleitorais divulgadas no Rio Grande do Norte aponta o deputado estadual Ubaldo Fernandes entre os eleitos da Federa\u00e7\u00e3o Brasil da Esperan\u00e7a (PT\/PV\/PCdoB) para a Assembleia Legislativa.<\/p>\n\n\n\n<p>O estudo, publicado nesta ter\u00e7a-feira (1\u00ba) no Blog do Barreto, foi constru\u00eddo a partir do agregado de sete pesquisas realizadas durante o m\u00eas de agosto pelos institutos Metadata, Seta, Consult, DataVero, ITEM, Perfil e Mensury.<\/p>\n\n\n\n<p>Na proje\u00e7\u00e3o, Ubaldo aparece com 2,2% dos votos v\u00e1lidos estimados, o equivalente a aproximadamente 41,8 mil votos, ficando entre os nomes mais votados da Federa\u00e7\u00e3o Brasil e na 11\u00aa coloca\u00e7\u00e3o no ranking geral projetado. O agregado aponta ainda que a Federa\u00e7\u00e3o Brasil da Esperan\u00e7a poder\u00e1 conquistar cinco das 24 cadeiras em disputa na Assembleia Legislativa.<\/p>\n\n\n\n<p>VOTOS V\u00c1LIDOS<br \/>A proje\u00e7\u00e3o n\u00e3o foi feita a partir de uma simples m\u00e9dia dos resultados das pesquisas. Os dados dos sete levantamentos foram submetidos a um processo de normaliza\u00e7\u00e3o, utilizado para reduzir as distor\u00e7\u00f5es provocadas pelos diferentes n\u00edveis de indecis\u00e3o registrados em cada pesquisa.<\/p>\n\n\n\n<p>Em cada levantamento, foram retirados os percentuais de eleitores que n\u00e3o souberam ou n\u00e3o responderam, al\u00e9m de brancos, nulos e cita\u00e7\u00f5es incompat\u00edveis com as candidaturas consideradas. Os percentuais restantes foram ent\u00e3o convertidos proporcionalmente para uma base comum.<\/p>\n\n\n\n<p>Dessa forma, o estudo buscou aproximar os resultados obtidos nas pesquisas do universo de votos v\u00e1lidos, que \u00e9 utilizado para a distribui\u00e7\u00e3o proporcional das cadeiras da Assembleia Legislativa. Ao todo, os sete levantamentos analisados entrevistaram 10.586 eleitores no Rio Grande do Norte.<\/p>\n\n\n\n<p>COMPETITIVIDADE DE UBALDO<br \/>Com 2,2% dos votos v\u00e1lidos estimados, Ubaldo Fernandes aparece em posi\u00e7\u00e3o competitiva no cen\u00e1rio projetado para a elei\u00e7\u00e3o proporcional. O resultado se soma a uma sequ\u00eancia de levantamentos divulgados ao longo das \u00faltimas semanas que v\u00eam mostrando a presen\u00e7a do deputado na disputa e refor\u00e7a a competitividade do seu nome dentro da Federa\u00e7\u00e3o Brasil da Esperan\u00e7a.<\/p>\n\n\n\n<p>Apesar do cen\u00e1rio favor\u00e1vel, o pr\u00f3prio estudo ressalta que o agregado deve ser compreendido como uma fotografia do momento, baseada nas pesquisas realizadas em agosto, e n\u00e3o como uma antecipa\u00e7\u00e3o definitiva do resultado das urnas.<\/p>\n\n\n\n<p>A elei\u00e7\u00e3o proporcional depende da vota\u00e7\u00e3o total das federa\u00e7\u00f5es, do desempenho individual dos candidatos e da distribui\u00e7\u00e3o das cadeiras conforme as regras eleitorais. Para Ubaldo, a proje\u00e7\u00e3o representa mais um indicativo positivo na caminhada pela renova\u00e7\u00e3o do mandato e do reconhecimento ao trabalho desenvolvido na Assembleia Legislativa do Rio Grande do Norte.<\/p>\n","protected":false},"excerpt":{"rendered":"<p>Uma proje\u00e7\u00e3o elaborada a partir das \u00faltimas pesquisas eleitorais divulgadas no Rio Grande do Norte aponta o deputado estadual Ubaldo Fernandes entre os eleitos da Federa\u00e7\u00e3o Brasil da Esperan\u00e7a (PT\/PV\/PCdoB) para a Assembleia Legislativa. O estudo, publicado nesta ter\u00e7a-feira (1\u00ba) no Blog do Barreto, foi constru\u00eddo a partir do agregado de sete pesquisas realizadas durante [&hellip;]<\/p>\n","protected":false},"author":1,"featured_media":0,"comment_status":"open","ping_status":"open","sticky":false,"template":"","format":"standard","meta":{"cybocfi_hide_featured_image":"","_jetpack_memberships_contains_paid_content":false,"footnotes":""},"categories":[1],"tags":[],"class_list":["post-20885","post","type-post","status-publish","format-standard","hentry","category-diversos"],"yoast_head":"<!-- This site is optimized with the Yoast SEO plugin v25.6 - https:\/\/yoast.com\/wordpress\/plugins\/seo\/ -->\n<title>Proje\u00e7\u00e3o com base nas \u00faltimas pesquisas aponta Ubaldo entre os eleitos da Federa\u00e7\u00e3o Brasil da Esperan\u00e7a - Blog do Bispo<\/title>\n<meta name=\"robots\" content=\"index, follow, max-snippet:-1, max-image-preview:large, max-video-preview:-1\" \/>\n<link rel=\"canonical\" href=\"https:\/\/blogdobispo.com.br\/?p=20885\" \/>\n<meta property=\"og:locale\" content=\"pt_BR\" \/>\n<meta property=\"og:type\" content=\"article\" \/>\n<meta property=\"og:title\" content=\"Proje\u00e7\u00e3o com base nas \u00faltimas pesquisas aponta Ubaldo entre os eleitos da Federa\u00e7\u00e3o Brasil da Esperan\u00e7a - Blog do Bispo\" \/>\n<meta property=\"og:description\" content=\"Uma proje\u00e7\u00e3o elaborada a partir das \u00faltimas pesquisas eleitorais divulgadas no Rio Grande do Norte aponta o deputado estadual Ubaldo Fernandes entre os eleitos da Federa\u00e7\u00e3o Brasil da Esperan\u00e7a (PT\/PV\/PCdoB) para a Assembleia Legislativa. O estudo, publicado nesta ter\u00e7a-feira (1\u00ba) no Blog do Barreto, foi constru\u00eddo a partir do agregado de sete pesquisas realizadas durante [&hellip;]\" \/>\n<meta property=\"og:url\" content=\"https:\/\/blogdobispo.com.br\/?p=20885\" \/>\n<meta property=\"og:site_name\" content=\"Blog do Bispo\" \/>\n<meta property=\"article:published_time\" content=\"2026-09-02T01:36:37+00:00\" \/>\n<meta name=\"author\" content=\"Jefferson Sterfeno\" \/>\n<meta name=\"twitter:card\" content=\"summary_large_image\" \/>\n<meta name=\"twitter:label1\" content=\"Escrito por\" \/>\n\t<meta name=\"twitter:data1\" content=\"Jefferson Sterfeno\" \/>\n\t<meta name=\"twitter:label2\" content=\"Est. tempo de leitura\" \/>\n\t<meta name=\"twitter:data2\" content=\"2 minutos\" \/>\n<script type=\"application\/ld+json\" class=\"yoast-schema-graph\">{\"@context\":\"https:\/\/schema.org\",\"@graph\":[{\"@type\":\"Article\",\"@id\":\"https:\/\/blogdobispo.com.br\/?p=20885#article\",\"isPartOf\":{\"@id\":\"https:\/\/blogdobispo.com.br\/?p=20885\"},\"author\":{\"name\":\"Jefferson Sterfeno\",\"@id\":\"https:\/\/blogdobispo.com.br\/#\/schema\/person\/e2209cc0e6cea5c5233d033e997b373f\"},\"headline\":\"Proje\u00e7\u00e3o com base nas \u00faltimas pesquisas aponta Ubaldo entre os eleitos da Federa\u00e7\u00e3o Brasil da Esperan\u00e7a\",\"datePublished\":\"2026-09-02T01:36:37+00:00\",\"mainEntityOfPage\":{\"@id\":\"https:\/\/blogdobispo.com.br\/?p=20885\"},\"wordCount\":453,\"commentCount\":0,\"publisher\":{\"@id\":\"https:\/\/blogdobispo.com.br\/#organization\"},\"articleSection\":[\"diversos\"],\"inLanguage\":\"pt-BR\",\"potentialAction\":[{\"@type\":\"CommentAction\",\"name\":\"Comment\",\"target\":[\"https:\/\/blogdobispo.com.br\/?p=20885#respond\"]}]},{\"@type\":\"WebPage\",\"@id\":\"https:\/\/blogdobispo.com.br\/?p=20885\",\"url\":\"https:\/\/blogdobispo.com.br\/?p=20885\",\"name\":\"Proje\u00e7\u00e3o com base nas \u00faltimas pesquisas aponta Ubaldo entre os eleitos da Federa\u00e7\u00e3o Brasil da Esperan\u00e7a - Blog do Bispo\",\"isPartOf\":{\"@id\":\"https:\/\/blogdobispo.com.br\/#website\"},\"datePublished\":\"2026-09-02T01:36:37+00:00\",\"breadcrumb\":{\"@id\":\"https:\/\/blogdobispo.com.br\/?p=20885#breadcrumb\"},\"inLanguage\":\"pt-BR\",\"potentialAction\":[{\"@type\":\"ReadAction\",\"target\":[\"https:\/\/blogdobispo.com.br\/?p=20885\"]}]},{\"@type\":\"BreadcrumbList\",\"@id\":\"https:\/\/blogdobispo.com.br\/?p=20885#breadcrumb\",\"itemListElement\":[{\"@type\":\"ListItem\",\"position\":1,\"name\":\"In\u00edcio\",\"item\":\"https:\/\/blogdobispo.com.br\/\"},{\"@type\":\"ListItem\",\"position\":2,\"name\":\"Proje\u00e7\u00e3o com base nas \u00faltimas pesquisas aponta Ubaldo entre os eleitos da Federa\u00e7\u00e3o Brasil da Esperan\u00e7a\"}]},{\"@type\":\"WebSite\",\"@id\":\"https:\/\/blogdobispo.com.br\/#website\",\"url\":\"https:\/\/blogdobispo.com.br\/\",\"name\":\"Blog do Bispo\",\"description\":\"Comprometido apenas com o leitor\",\"publisher\":{\"@id\":\"https:\/\/blogdobispo.com.br\/#organization\"},\"potentialAction\":[{\"@type\":\"SearchAction\",\"target\":{\"@type\":\"EntryPoint\",\"urlTemplate\":\"https:\/\/blogdobispo.com.br\/?s={search_term_string}\"},\"query-input\":{\"@type\":\"PropertyValueSpecification\",\"valueRequired\":true,\"valueName\":\"search_term_string\"}}],\"inLanguage\":\"pt-BR\"},{\"@type\":\"Organization\",\"@id\":\"https:\/\/blogdobispo.com.br\/#organization\",\"name\":\"Blog do Bispo\",\"url\":\"https:\/\/blogdobispo.com.br\/\",\"logo\":{\"@type\":\"ImageObject\",\"inLanguage\":\"pt-BR\",\"@id\":\"https:\/\/blogdobispo.com.br\/#\/schema\/logo\/image\/\",\"url\":\"http:\/\/blogdobispo.com.br\/wp-content\/uploads\/2023\/05\/cropped-headear.png\",\"contentUrl\":\"http:\/\/blogdobispo.com.br\/wp-content\/uploads\/2023\/05\/cropped-headear.png\",\"width\":1500,\"height\":399,\"caption\":\"Blog do Bispo\"},\"image\":{\"@id\":\"https:\/\/blogdobispo.com.br\/#\/schema\/logo\/image\/\"}},{\"@type\":\"Person\",\"@id\":\"https:\/\/blogdobispo.com.br\/#\/schema\/person\/e2209cc0e6cea5c5233d033e997b373f\",\"name\":\"Jefferson Sterfeno\",\"image\":{\"@type\":\"ImageObject\",\"inLanguage\":\"pt-BR\",\"@id\":\"https:\/\/blogdobispo.com.br\/#\/schema\/person\/image\/\",\"url\":\"https:\/\/secure.gravatar.com\/avatar\/0534e84764641168a677026b6d57a3f51dc7ac4db0b4f6186d9cb330d4ee1160?s=96&d=mm&r=g\",\"contentUrl\":\"https:\/\/secure.gravatar.com\/avatar\/0534e84764641168a677026b6d57a3f51dc7ac4db0b4f6186d9cb330d4ee1160?s=96&d=mm&r=g\",\"caption\":\"Jefferson Sterfeno\"},\"sameAs\":[\"http:\/\/blogdobispo.com.br\"],\"url\":\"https:\/\/blogdobispo.com.br\/?author=1\"}]}<\/script>\n<!-- \/ Yoast SEO plugin. -->","yoast_head_json":{"title":"Proje\u00e7\u00e3o com base nas \u00faltimas pesquisas aponta Ubaldo entre os eleitos da Federa\u00e7\u00e3o Brasil da Esperan\u00e7a - Blog do Bispo","robots":{"index":"index","follow":"follow","max-snippet":"max-snippet:-1","max-image-preview":"max-image-preview:large","max-video-preview":"max-video-preview:-1"},"canonical":"https:\/\/blogdobispo.com.br\/?p=20885","og_locale":"pt_BR","og_type":"article","og_title":"Proje\u00e7\u00e3o com base nas \u00faltimas pesquisas aponta Ubaldo entre os eleitos da Federa\u00e7\u00e3o Brasil da Esperan\u00e7a - Blog do Bispo","og_description":"Uma proje\u00e7\u00e3o elaborada a partir das \u00faltimas pesquisas eleitorais divulgadas no Rio Grande do Norte aponta o deputado estadual Ubaldo Fernandes entre os eleitos da Federa\u00e7\u00e3o Brasil da Esperan\u00e7a (PT\/PV\/PCdoB) para a Assembleia Legislativa. O estudo, publicado nesta ter\u00e7a-feira (1\u00ba) no Blog do Barreto, foi constru\u00eddo a partir do agregado de sete pesquisas realizadas durante [&hellip;]","og_url":"https:\/\/blogdobispo.com.br\/?p=20885","og_site_name":"Blog do Bispo","article_published_time":"2026-09-02T01:36:37+00:00","author":"Jefferson Sterfeno","twitter_card":"summary_large_image","twitter_misc":{"Escrito por":"Jefferson Sterfeno","Est. tempo de leitura":"2 minutos"},"schema":{"@context":"https:\/\/schema.org","@graph":[{"@type":"Article","@id":"https:\/\/blogdobispo.com.br\/?p=20885#article","isPartOf":{"@id":"https:\/\/blogdobispo.com.br\/?p=20885"},"author":{"name":"Jefferson Sterfeno","@id":"https:\/\/blogdobispo.com.br\/#\/schema\/person\/e2209cc0e6cea5c5233d033e997b373f"},"headline":"Proje\u00e7\u00e3o com base nas \u00faltimas pesquisas aponta Ubaldo entre os eleitos da Federa\u00e7\u00e3o Brasil da Esperan\u00e7a","datePublished":"2026-09-02T01:36:37+00:00","mainEntityOfPage":{"@id":"https:\/\/blogdobispo.com.br\/?p=20885"},"wordCount":453,"commentCount":0,"publisher":{"@id":"https:\/\/blogdobispo.com.br\/#organization"},"articleSection":["diversos"],"inLanguage":"pt-BR","potentialAction":[{"@type":"CommentAction","name":"Comment","target":["https:\/\/blogdobispo.com.br\/?p=20885#respond"]}]},{"@type":"WebPage","@id":"https:\/\/blogdobispo.com.br\/?p=20885","url":"https:\/\/blogdobispo.com.br\/?p=20885","name":"Proje\u00e7\u00e3o com base nas \u00faltimas pesquisas aponta Ubaldo entre os eleitos da Federa\u00e7\u00e3o Brasil da Esperan\u00e7a - Blog do Bispo","isPartOf":{"@id":"https:\/\/blogdobispo.com.br\/#website"},"datePublished":"2026-09-02T01:36:37+00:00","breadcrumb":{"@id":"https:\/\/blogdobispo.com.br\/?p=20885#breadcrumb"},"inLanguage":"pt-BR","potentialAction":[{"@type":"ReadAction","target":["https:\/\/blogdobispo.com.br\/?p=20885"]}]},{"@type":"BreadcrumbList","@id":"https:\/\/blogdobispo.com.br\/?p=20885#breadcrumb","itemListElement":[{"@type":"ListItem","position":1,"name":"In\u00edcio","item":"https:\/\/blogdobispo.com.br\/"},{"@type":"ListItem","position":2,"name":"Proje\u00e7\u00e3o com base nas \u00faltimas pesquisas aponta Ubaldo entre os eleitos da Federa\u00e7\u00e3o Brasil da Esperan\u00e7a"}]},{"@type":"WebSite","@id":"https:\/\/blogdobispo.com.br\/#website","url":"https:\/\/blogdobispo.com.br\/","name":"Blog do Bispo","description":"Comprometido apenas com o leitor","publisher":{"@id":"https:\/\/blogdobispo.com.br\/#organization"},"potentialAction":[{"@type":"SearchAction","target":{"@type":"EntryPoint","urlTemplate":"https:\/\/blogdobispo.com.br\/?s={search_term_string}"},"query-input":{"@type":"PropertyValueSpecification","valueRequired":true,"valueName":"search_term_string"}}],"inLanguage":"pt-BR"},{"@type":"Organization","@id":"https:\/\/blogdobispo.com.br\/#organization","name":"Blog do Bispo","url":"https:\/\/blogdobispo.com.br\/","logo":{"@type":"ImageObject","inLanguage":"pt-BR","@id":"https:\/\/blogdobispo.com.br\/#\/schema\/logo\/image\/","url":"http:\/\/blogdobispo.com.br\/wp-content\/uploads\/2023\/05\/cropped-headear.png","contentUrl":"http:\/\/blogdobispo.com.br\/wp-content\/uploads\/2023\/05\/cropped-headear.png","width":1500,"height":399,"caption":"Blog do Bispo"},"image":{"@id":"https:\/\/blogdobispo.com.br\/#\/schema\/logo\/image\/"}},{"@type":"Person","@id":"https:\/\/blogdobispo.com.br\/#\/schema\/person\/e2209cc0e6cea5c5233d033e997b373f","name":"Jefferson Sterfeno","image":{"@type":"ImageObject","inLanguage":"pt-BR","@id":"https:\/\/blogdobispo.com.br\/#\/schema\/person\/image\/","url":"https:\/\/secure.gravatar.com\/avatar\/0534e84764641168a677026b6d57a3f51dc7ac4db0b4f6186d9cb330d4ee1160?s=96&d=mm&r=g","contentUrl":"https:\/\/secure.gravatar.com\/avatar\/0534e84764641168a677026b6d57a3f51dc7ac4db0b4f6186d9cb330d4ee1160?s=96&d=mm&r=g","caption":"Jefferson Sterfeno"},"sameAs":["http:\/\/blogdobispo.com.br"],"url":"https:\/\/blogdobispo.com.br\/?author=1"}]}},"featured_image_urls":{"full":"","thumbnail":"","medium":"","medium_large":"","large":"","1536x1536":"","2048x2048":""},"author_info":{"display_name":"Jefferson Sterfeno","author_link":"https:\/\/blogdobispo.com.br\/?author=1"},"category_info":"<a href=\"https:\/\/blogdobispo.com.br\/?cat=1\" rel=\"category\">diversos<\/a>","tag_info":"diversos","comment_count":"0","jetpack_featured_media_url":"","jetpack_sharing_enabled":true,"_links":{"self":[{"href":"https:\/\/blogdobispo.com.br\/index.php?rest_route=\/wp\/v2\/posts\/20885","targetHints":{"allow":["GET"]}}],"collection":[{"href":"https:\/\/blogdobispo.com.br\/index.php?rest_route=\/wp\/v2\/posts"}],"about":[{"href":"https:\/\/blogdobispo.com.br\/index.php?rest_route=\/wp\/v2\/types\/post"}],"author":[{"embeddable":true,"href":"https:\/\/blogdobispo.com.br\/index.php?rest_route=\/wp\/v2\/users\/1"}],"replies":[{"embeddable":true,"href":"https:\/\/blogdobispo.com.br\/index.php?rest_route=%2Fwp%2Fv2%2Fcomments&post=20885"}],"version-history":[{"count":0,"href":"https:\/\/blogdobispo.com.br\/index.php?rest_route=\/wp\/v2\/posts\/20885\/revisions"}],"wp:attachment":[{"href":"https:\/\/blogdobispo.com.br\/index.php?rest_route=%2Fwp%2Fv2%2Fmedia&parent=20885"}],"wp:term":[{"taxonomy":"category","embeddable":true,"href":"https:\/\/blogdobispo.com.br\/index.php?rest_route=%2Fwp%2Fv2%2Fcategories&post=20885"},{"taxonomy":"post_tag","embeddable":true,"href":"https:\/\/blogdobispo.com.br\/index.php?rest_route=%2Fwp%2Fv2%2Ftags&post=20885"}],"curies":[{"name":"wp","href":"https:\/\/api.w.org\/{rel}","templated":true}]}}