{"id":20884,"date":"2026-08-30T18:28:51","date_gmt":"2026-08-30T18:28:51","guid":{"rendered":"https:\/\/blogdobispo.com.br\/?p=20884"},"modified":"2026-08-30T18:28:51","modified_gmt":"2026-08-30T18:28:51","slug":"com-prefeitos-de-patu-e-riacho-de-santana-kaline-consolida-forca-no-interior","status":"publish","type":"post","link":"https:\/\/blogdobispo.com.br\/?p=20884","title":{"rendered":"Com prefeitos de Patu e Riacho de Santana, Kaline consolida for\u00e7a no interior"},"content":{"rendered":"\n<figure class=\"wp-block-image size-large\"><img data-recalc-dims=\"1\" fetchpriority=\"high\" decoding=\"async\" width=\"800\" height=\"534\" src=\"https:\/\/i0.wp.com\/blogdobispo.com.br\/wp-content\/uploads\/2026\/08\/4b847454-fb0e-4ca1-8fb1-6dc4d033f525.jpg?resize=800%2C534&#038;ssl=1\" class=\"wp-image-20882\" srcset=\"https:\/\/i0.wp.com\/blogdobispo.com.br\/wp-content\/uploads\/2026\/08\/4b847454-fb0e-4ca1-8fb1-6dc4d033f525.jpg?w=1024&amp;ssl=1 1024w, https:\/\/i0.wp.com\/blogdobispo.com.br\/wp-content\/uploads\/2026\/08\/4b847454-fb0e-4ca1-8fb1-6dc4d033f525.jpg?resize=300%2C200&amp;ssl=1 300w, https:\/\/i0.wp.com\/blogdobispo.com.br\/wp-content\/uploads\/2026\/08\/4b847454-fb0e-4ca1-8fb1-6dc4d033f525.jpg?resize=768%2C512&amp;ssl=1 768w\" sizes=\"(max-width: 800px) 100vw, 800px\" \/><\/figure>\n\n\n\n<p><\/p>\n\n\n\n<p>O final de semana de campanha confirmou o ritmo acelerado e a solidez pol\u00edtica da caminhada de Kaline de Dr. Bernardo rumo \u00e0 Assembleia Legislativa do Rio Grande do Norte. Alternando entre a emo\u00e7\u00e3o do reencontro com suas origens e a articula\u00e7\u00e3o institucional de base, Kaline cumpriu agendas concorridas em Patu, sua terra natal, e em Riacho de Santana, reunindo grande engajamento popular e expressivo apoio de gestores municipais e lideran\u00e7as de peso do cen\u00e1rio estadual.<\/p>\n\n\n\n<p>Na noite da \u00faltima sexta-feira, o ponto de encontro foi em solo patuense. Participando do tradicional &#8220;Piseiro&#8221;, Kaline esteve cercada por amigos de inf\u00e2ncia, conterr\u00e2neos e por um forte grupo pol\u00edtico liderado pelo prefeito Dr. Ednardo, al\u00e9m de vereadores e lideran\u00e7as comunit\u00e1rias. O evento reuniu tamb\u00e9m a chapa majorit\u00e1ria e importantes nomes do cen\u00e1rio potiguar: estiveram presentes a governadora F\u00e1tima Bezerra, o candidato a governador Cadu Xavier, a candidata a vice-governadora e ex-deputada estadual Larissa Rosado, al\u00e9m dos candidatos ao Senado Federal, o ex-deputado federal Rafael Motta e a vereadora de Natal Samanda Alves. Em casa, o clima foi de celebra\u00e7\u00e3o, uni\u00e3o pol\u00edtica e reconhecimento \u00e0 trajet\u00f3ria de uma filha da terra que carrega a viv\u00eancia do semi\u00e1rido e agora se prepara para represent\u00e1-la no parlamento estadual.<\/p>\n\n\n\n<p>Neste domingo, a mobiliza\u00e7\u00e3o seguiu para Riacho de Santana. Ao lado do prefeito Dr. C\u00e1ssio, Kaline participou de uma intensa agenda de visitas a fam\u00edlias, di\u00e1logo com moradores e um expressivo ato de adesiva\u00e7\u00e3o. O gestor municipal fez quest\u00e3o de apresentar pessoalmente sua candidata a deputada estadual, destacando para a popula\u00e7\u00e3o a import\u00e2ncia de eleger quem compreende de perto as car\u00eancias e o dia a dia dos pequenos munic\u00edpios.<\/p>\n\n\n\n<p>Tanto para Dr. Ednardo quanto para Dr. C\u00e1ssio, a presen\u00e7a de Kaline na ALRN representar\u00e1 um canal direto, acess\u00edvel e resolutivo para defender o fortalecimento dos servi\u00e7os p\u00fablicos essenciais, a destina\u00e7\u00e3o de emendas e o apoio t\u00e9cnico e financeiro \u00e0s cidades interioranas.<\/p>\n\n\n\n<p>A receptividade nas duas cidades evidencia uma marca central da candidatura: a combina\u00e7\u00e3o entre heran\u00e7a pol\u00edtica e evolu\u00e7\u00e3o pr\u00f3pria. Se por um lado Kaline traz na bagagem a escola de trabalho, dedica\u00e7\u00e3o e sensibilidade social cultivada ao lado de Dr. Bernardo, por outro imprime sua identidade aut\u00f4noma de servidora p\u00fablica, m\u00e3e e lideran\u00e7a feminina pronta para inovar e cuidar do povo potiguar com firmeza e presen\u00e7a constante.<\/p>\n","protected":false},"excerpt":{"rendered":"<p>O final de semana de campanha confirmou o ritmo acelerado e a solidez pol\u00edtica da caminhada de Kaline de Dr. Bernardo rumo \u00e0 Assembleia Legislativa do Rio Grande do Norte. Alternando entre a emo\u00e7\u00e3o do reencontro com suas origens e a articula\u00e7\u00e3o institucional de base, Kaline cumpriu agendas concorridas em Patu, sua terra natal, e [&hellip;]<\/p>\n","protected":false},"author":1,"featured_media":20883,"comment_status":"open","ping_status":"open","sticky":false,"template":"","format":"standard","meta":{"cybocfi_hide_featured_image":"","_jetpack_memberships_contains_paid_content":false,"footnotes":""},"categories":[1],"tags":[],"class_list":["post-20884","post","type-post","status-publish","format-standard","has-post-thumbnail","hentry","category-diversos"],"yoast_head":"<!-- This site is optimized with the Yoast SEO plugin v25.6 - https:\/\/yoast.com\/wordpress\/plugins\/seo\/ -->\n<title>Com prefeitos de Patu e Riacho de Santana, Kaline consolida for\u00e7a no interior - Blog do Bispo<\/title>\n<meta name=\"robots\" content=\"index, follow, max-snippet:-1, max-image-preview:large, max-video-preview:-1\" \/>\n<link rel=\"canonical\" href=\"https:\/\/blogdobispo.com.br\/?p=20884\" \/>\n<meta property=\"og:locale\" content=\"pt_BR\" \/>\n<meta property=\"og:type\" content=\"article\" \/>\n<meta property=\"og:title\" content=\"Com prefeitos de Patu e Riacho de Santana, Kaline consolida for\u00e7a no interior - Blog do Bispo\" \/>\n<meta property=\"og:description\" content=\"O final de semana de campanha confirmou o ritmo acelerado e a solidez pol\u00edtica da caminhada de Kaline de Dr. Bernardo rumo \u00e0 Assembleia Legislativa do Rio Grande do Norte. Alternando entre a emo\u00e7\u00e3o do reencontro com suas origens e a articula\u00e7\u00e3o institucional de base, Kaline cumpriu agendas concorridas em Patu, sua terra natal, e [&hellip;]\" \/>\n<meta property=\"og:url\" content=\"https:\/\/blogdobispo.com.br\/?p=20884\" \/>\n<meta property=\"og:site_name\" content=\"Blog do Bispo\" \/>\n<meta property=\"article:published_time\" content=\"2026-08-30T18:28:51+00:00\" \/>\n<meta property=\"og:image\" content=\"https:\/\/blogdobispo.com.br\/wp-content\/uploads\/2026\/08\/4b847454-fb0e-4ca1-8fb1-6dc4d033f525.jpg\" \/>\n<meta name=\"author\" content=\"Jefferson Sterfeno\" \/>\n<meta name=\"twitter:card\" content=\"summary_large_image\" \/>\n<meta name=\"twitter:label1\" content=\"Escrito por\" \/>\n\t<meta name=\"twitter:data1\" content=\"Jefferson Sterfeno\" \/>\n\t<meta name=\"twitter:label2\" content=\"Est. tempo de leitura\" \/>\n\t<meta name=\"twitter:data2\" content=\"2 minutos\" \/>\n<script type=\"application\/ld+json\" class=\"yoast-schema-graph\">{\"@context\":\"https:\/\/schema.org\",\"@graph\":[{\"@type\":\"Article\",\"@id\":\"https:\/\/blogdobispo.com.br\/?p=20884#article\",\"isPartOf\":{\"@id\":\"https:\/\/blogdobispo.com.br\/?p=20884\"},\"author\":{\"name\":\"Jefferson Sterfeno\",\"@id\":\"https:\/\/blogdobispo.com.br\/#\/schema\/person\/e2209cc0e6cea5c5233d033e997b373f\"},\"headline\":\"Com prefeitos de Patu e Riacho de Santana, Kaline consolida for\u00e7a no interior\",\"datePublished\":\"2026-08-30T18:28:51+00:00\",\"mainEntityOfPage\":{\"@id\":\"https:\/\/blogdobispo.com.br\/?p=20884\"},\"wordCount\":444,\"commentCount\":0,\"publisher\":{\"@id\":\"https:\/\/blogdobispo.com.br\/#organization\"},\"image\":{\"@id\":\"https:\/\/blogdobispo.com.br\/?p=20884#primaryimage\"},\"thumbnailUrl\":\"https:\/\/i0.wp.com\/blogdobispo.com.br\/wp-content\/uploads\/2026\/08\/4b847454-fb0e-4ca1-8fb1-6dc4d033f525-1.jpg?fit=1024%2C683&ssl=1\",\"articleSection\":[\"diversos\"],\"inLanguage\":\"pt-BR\",\"potentialAction\":[{\"@type\":\"CommentAction\",\"name\":\"Comment\",\"target\":[\"https:\/\/blogdobispo.com.br\/?p=20884#respond\"]}]},{\"@type\":\"WebPage\",\"@id\":\"https:\/\/blogdobispo.com.br\/?p=20884\",\"url\":\"https:\/\/blogdobispo.com.br\/?p=20884\",\"name\":\"Com prefeitos de Patu e Riacho de Santana, Kaline consolida for\u00e7a no interior - Blog do Bispo\",\"isPartOf\":{\"@id\":\"https:\/\/blogdobispo.com.br\/#website\"},\"primaryImageOfPage\":{\"@id\":\"https:\/\/blogdobispo.com.br\/?p=20884#primaryimage\"},\"image\":{\"@id\":\"https:\/\/blogdobispo.com.br\/?p=20884#primaryimage\"},\"thumbnailUrl\":\"https:\/\/i0.wp.com\/blogdobispo.com.br\/wp-content\/uploads\/2026\/08\/4b847454-fb0e-4ca1-8fb1-6dc4d033f525-1.jpg?fit=1024%2C683&ssl=1\",\"datePublished\":\"2026-08-30T18:28:51+00:00\",\"breadcrumb\":{\"@id\":\"https:\/\/blogdobispo.com.br\/?p=20884#breadcrumb\"},\"inLanguage\":\"pt-BR\",\"potentialAction\":[{\"@type\":\"ReadAction\",\"target\":[\"https:\/\/blogdobispo.com.br\/?p=20884\"]}]},{\"@type\":\"ImageObject\",\"inLanguage\":\"pt-BR\",\"@id\":\"https:\/\/blogdobispo.com.br\/?p=20884#primaryimage\",\"url\":\"https:\/\/i0.wp.com\/blogdobispo.com.br\/wp-content\/uploads\/2026\/08\/4b847454-fb0e-4ca1-8fb1-6dc4d033f525-1.jpg?fit=1024%2C683&ssl=1\",\"contentUrl\":\"https:\/\/i0.wp.com\/blogdobispo.com.br\/wp-content\/uploads\/2026\/08\/4b847454-fb0e-4ca1-8fb1-6dc4d033f525-1.jpg?fit=1024%2C683&ssl=1\",\"width\":1024,\"height\":683},{\"@type\":\"BreadcrumbList\",\"@id\":\"https:\/\/blogdobispo.com.br\/?p=20884#breadcrumb\",\"itemListElement\":[{\"@type\":\"ListItem\",\"position\":1,\"name\":\"In\u00edcio\",\"item\":\"https:\/\/blogdobispo.com.br\/\"},{\"@type\":\"ListItem\",\"position\":2,\"name\":\"Com prefeitos de Patu e Riacho de Santana, Kaline consolida for\u00e7a no interior\"}]},{\"@type\":\"WebSite\",\"@id\":\"https:\/\/blogdobispo.com.br\/#website\",\"url\":\"https:\/\/blogdobispo.com.br\/\",\"name\":\"Blog do Bispo\",\"description\":\"Comprometido apenas com o leitor\",\"publisher\":{\"@id\":\"https:\/\/blogdobispo.com.br\/#organization\"},\"potentialAction\":[{\"@type\":\"SearchAction\",\"target\":{\"@type\":\"EntryPoint\",\"urlTemplate\":\"https:\/\/blogdobispo.com.br\/?s={search_term_string}\"},\"query-input\":{\"@type\":\"PropertyValueSpecification\",\"valueRequired\":true,\"valueName\":\"search_term_string\"}}],\"inLanguage\":\"pt-BR\"},{\"@type\":\"Organization\",\"@id\":\"https:\/\/blogdobispo.com.br\/#organization\",\"name\":\"Blog do Bispo\",\"url\":\"https:\/\/blogdobispo.com.br\/\",\"logo\":{\"@type\":\"ImageObject\",\"inLanguage\":\"pt-BR\",\"@id\":\"https:\/\/blogdobispo.com.br\/#\/schema\/logo\/image\/\",\"url\":\"http:\/\/blogdobispo.com.br\/wp-content\/uploads\/2023\/05\/cropped-headear.png\",\"contentUrl\":\"http:\/\/blogdobispo.com.br\/wp-content\/uploads\/2023\/05\/cropped-headear.png\",\"width\":1500,\"height\":399,\"caption\":\"Blog do Bispo\"},\"image\":{\"@id\":\"https:\/\/blogdobispo.com.br\/#\/schema\/logo\/image\/\"}},{\"@type\":\"Person\",\"@id\":\"https:\/\/blogdobispo.com.br\/#\/schema\/person\/e2209cc0e6cea5c5233d033e997b373f\",\"name\":\"Jefferson Sterfeno\",\"image\":{\"@type\":\"ImageObject\",\"inLanguage\":\"pt-BR\",\"@id\":\"https:\/\/blogdobispo.com.br\/#\/schema\/person\/image\/\",\"url\":\"https:\/\/secure.gravatar.com\/avatar\/0534e84764641168a677026b6d57a3f51dc7ac4db0b4f6186d9cb330d4ee1160?s=96&d=mm&r=g\",\"contentUrl\":\"https:\/\/secure.gravatar.com\/avatar\/0534e84764641168a677026b6d57a3f51dc7ac4db0b4f6186d9cb330d4ee1160?s=96&d=mm&r=g\",\"caption\":\"Jefferson Sterfeno\"},\"sameAs\":[\"http:\/\/blogdobispo.com.br\"],\"url\":\"https:\/\/blogdobispo.com.br\/?author=1\"}]}<\/script>\n<!-- \/ Yoast SEO plugin. -->","yoast_head_json":{"title":"Com prefeitos de Patu e Riacho de Santana, Kaline consolida for\u00e7a no interior - Blog do Bispo","robots":{"index":"index","follow":"follow","max-snippet":"max-snippet:-1","max-image-preview":"max-image-preview:large","max-video-preview":"max-video-preview:-1"},"canonical":"https:\/\/blogdobispo.com.br\/?p=20884","og_locale":"pt_BR","og_type":"article","og_title":"Com prefeitos de Patu e Riacho de Santana, Kaline consolida for\u00e7a no interior - Blog do Bispo","og_description":"O final de semana de campanha confirmou o ritmo acelerado e a solidez pol\u00edtica da caminhada de Kaline de Dr. Bernardo rumo \u00e0 Assembleia Legislativa do Rio Grande do Norte. Alternando entre a emo\u00e7\u00e3o do reencontro com suas origens e a articula\u00e7\u00e3o institucional de base, Kaline cumpriu agendas concorridas em Patu, sua terra natal, e [&hellip;]","og_url":"https:\/\/blogdobispo.com.br\/?p=20884","og_site_name":"Blog do Bispo","article_published_time":"2026-08-30T18:28:51+00:00","og_image":[{"url":"https:\/\/blogdobispo.com.br\/wp-content\/uploads\/2026\/08\/4b847454-fb0e-4ca1-8fb1-6dc4d033f525.jpg","type":"","width":"","height":""}],"author":"Jefferson Sterfeno","twitter_card":"summary_large_image","twitter_misc":{"Escrito por":"Jefferson Sterfeno","Est. tempo de leitura":"2 minutos"},"schema":{"@context":"https:\/\/schema.org","@graph":[{"@type":"Article","@id":"https:\/\/blogdobispo.com.br\/?p=20884#article","isPartOf":{"@id":"https:\/\/blogdobispo.com.br\/?p=20884"},"author":{"name":"Jefferson Sterfeno","@id":"https:\/\/blogdobispo.com.br\/#\/schema\/person\/e2209cc0e6cea5c5233d033e997b373f"},"headline":"Com prefeitos de Patu e Riacho de Santana, Kaline consolida for\u00e7a no interior","datePublished":"2026-08-30T18:28:51+00:00","mainEntityOfPage":{"@id":"https:\/\/blogdobispo.com.br\/?p=20884"},"wordCount":444,"commentCount":0,"publisher":{"@id":"https:\/\/blogdobispo.com.br\/#organization"},"image":{"@id":"https:\/\/blogdobispo.com.br\/?p=20884#primaryimage"},"thumbnailUrl":"https:\/\/i0.wp.com\/blogdobispo.com.br\/wp-content\/uploads\/2026\/08\/4b847454-fb0e-4ca1-8fb1-6dc4d033f525-1.jpg?fit=1024%2C683&ssl=1","articleSection":["diversos"],"inLanguage":"pt-BR","potentialAction":[{"@type":"CommentAction","name":"Comment","target":["https:\/\/blogdobispo.com.br\/?p=20884#respond"]}]},{"@type":"WebPage","@id":"https:\/\/blogdobispo.com.br\/?p=20884","url":"https:\/\/blogdobispo.com.br\/?p=20884","name":"Com prefeitos de Patu e Riacho de Santana, Kaline consolida for\u00e7a no interior - Blog do Bispo","isPartOf":{"@id":"https:\/\/blogdobispo.com.br\/#website"},"primaryImageOfPage":{"@id":"https:\/\/blogdobispo.com.br\/?p=20884#primaryimage"},"image":{"@id":"https:\/\/blogdobispo.com.br\/?p=20884#primaryimage"},"thumbnailUrl":"https:\/\/i0.wp.com\/blogdobispo.com.br\/wp-content\/uploads\/2026\/08\/4b847454-fb0e-4ca1-8fb1-6dc4d033f525-1.jpg?fit=1024%2C683&ssl=1","datePublished":"2026-08-30T18:28:51+00:00","breadcrumb":{"@id":"https:\/\/blogdobispo.com.br\/?p=20884#breadcrumb"},"inLanguage":"pt-BR","potentialAction":[{"@type":"ReadAction","target":["https:\/\/blogdobispo.com.br\/?p=20884"]}]},{"@type":"ImageObject","inLanguage":"pt-BR","@id":"https:\/\/blogdobispo.com.br\/?p=20884#primaryimage","url":"https:\/\/i0.wp.com\/blogdobispo.com.br\/wp-content\/uploads\/2026\/08\/4b847454-fb0e-4ca1-8fb1-6dc4d033f525-1.jpg?fit=1024%2C683&ssl=1","contentUrl":"https:\/\/i0.wp.com\/blogdobispo.com.br\/wp-content\/uploads\/2026\/08\/4b847454-fb0e-4ca1-8fb1-6dc4d033f525-1.jpg?fit=1024%2C683&ssl=1","width":1024,"height":683},{"@type":"BreadcrumbList","@id":"https:\/\/blogdobispo.com.br\/?p=20884#breadcrumb","itemListElement":[{"@type":"ListItem","position":1,"name":"In\u00edcio","item":"https:\/\/blogdobispo.com.br\/"},{"@type":"ListItem","position":2,"name":"Com prefeitos de Patu e Riacho de Santana, Kaline consolida for\u00e7a no interior"}]},{"@type":"WebSite","@id":"https:\/\/blogdobispo.com.br\/#website","url":"https:\/\/blogdobispo.com.br\/","name":"Blog do Bispo","description":"Comprometido apenas com o leitor","publisher":{"@id":"https:\/\/blogdobispo.com.br\/#organization"},"potentialAction":[{"@type":"SearchAction","target":{"@type":"EntryPoint","urlTemplate":"https:\/\/blogdobispo.com.br\/?s={search_term_string}"},"query-input":{"@type":"PropertyValueSpecification","valueRequired":true,"valueName":"search_term_string"}}],"inLanguage":"pt-BR"},{"@type":"Organization","@id":"https:\/\/blogdobispo.com.br\/#organization","name":"Blog do Bispo","url":"https:\/\/blogdobispo.com.br\/","logo":{"@type":"ImageObject","inLanguage":"pt-BR","@id":"https:\/\/blogdobispo.com.br\/#\/schema\/logo\/image\/","url":"http:\/\/blogdobispo.com.br\/wp-content\/uploads\/2023\/05\/cropped-headear.png","contentUrl":"http:\/\/blogdobispo.com.br\/wp-content\/uploads\/2023\/05\/cropped-headear.png","width":1500,"height":399,"caption":"Blog do Bispo"},"image":{"@id":"https:\/\/blogdobispo.com.br\/#\/schema\/logo\/image\/"}},{"@type":"Person","@id":"https:\/\/blogdobispo.com.br\/#\/schema\/person\/e2209cc0e6cea5c5233d033e997b373f","name":"Jefferson Sterfeno","image":{"@type":"ImageObject","inLanguage":"pt-BR","@id":"https:\/\/blogdobispo.com.br\/#\/schema\/person\/image\/","url":"https:\/\/secure.gravatar.com\/avatar\/0534e84764641168a677026b6d57a3f51dc7ac4db0b4f6186d9cb330d4ee1160?s=96&d=mm&r=g","contentUrl":"https:\/\/secure.gravatar.com\/avatar\/0534e84764641168a677026b6d57a3f51dc7ac4db0b4f6186d9cb330d4ee1160?s=96&d=mm&r=g","caption":"Jefferson Sterfeno"},"sameAs":["http:\/\/blogdobispo.com.br"],"url":"https:\/\/blogdobispo.com.br\/?author=1"}]}},"featured_image_urls":{"full":["https:\/\/i0.wp.com\/blogdobispo.com.br\/wp-content\/uploads\/2026\/08\/4b847454-fb0e-4ca1-8fb1-6dc4d033f525-1.jpg?fit=1024%2C683&ssl=1",1024,683,false],"thumbnail":["https:\/\/i0.wp.com\/blogdobispo.com.br\/wp-content\/uploads\/2026\/08\/4b847454-fb0e-4ca1-8fb1-6dc4d033f525-1.jpg?resize=150%2C150&ssl=1",150,150,true],"medium":["https:\/\/i0.wp.com\/blogdobispo.com.br\/wp-content\/uploads\/2026\/08\/4b847454-fb0e-4ca1-8fb1-6dc4d033f525-1.jpg?fit=300%2C200&ssl=1",300,200,true],"medium_large":["https:\/\/i0.wp.com\/blogdobispo.com.br\/wp-content\/uploads\/2026\/08\/4b847454-fb0e-4ca1-8fb1-6dc4d033f525-1.jpg?fit=768%2C512&ssl=1",768,512,true],"large":["https:\/\/i0.wp.com\/blogdobispo.com.br\/wp-content\/uploads\/2026\/08\/4b847454-fb0e-4ca1-8fb1-6dc4d033f525-1.jpg?fit=800%2C534&ssl=1",800,534,true],"1536x1536":["https:\/\/i0.wp.com\/blogdobispo.com.br\/wp-content\/uploads\/2026\/08\/4b847454-fb0e-4ca1-8fb1-6dc4d033f525-1.jpg?fit=1024%2C683&ssl=1",1024,683,true],"2048x2048":["https:\/\/i0.wp.com\/blogdobispo.com.br\/wp-content\/uploads\/2026\/08\/4b847454-fb0e-4ca1-8fb1-6dc4d033f525-1.jpg?fit=1024%2C683&ssl=1",1024,683,true]},"author_info":{"display_name":"Jefferson Sterfeno","author_link":"https:\/\/blogdobispo.com.br\/?author=1"},"category_info":"<a href=\"https:\/\/blogdobispo.com.br\/?cat=1\" rel=\"category\">diversos<\/a>","tag_info":"diversos","comment_count":"0","jetpack_featured_media_url":"https:\/\/i0.wp.com\/blogdobispo.com.br\/wp-content\/uploads\/2026\/08\/4b847454-fb0e-4ca1-8fb1-6dc4d033f525-1.jpg?fit=1024%2C683&ssl=1","jetpack_sharing_enabled":true,"_links":{"self":[{"href":"https:\/\/blogdobispo.com.br\/index.php?rest_route=\/wp\/v2\/posts\/20884","targetHints":{"allow":["GET"]}}],"collection":[{"href":"https:\/\/blogdobispo.com.br\/index.php?rest_route=\/wp\/v2\/posts"}],"about":[{"href":"https:\/\/blogdobispo.com.br\/index.php?rest_route=\/wp\/v2\/types\/post"}],"author":[{"embeddable":true,"href":"https:\/\/blogdobispo.com.br\/index.php?rest_route=\/wp\/v2\/users\/1"}],"replies":[{"embeddable":true,"href":"https:\/\/blogdobispo.com.br\/index.php?rest_route=%2Fwp%2Fv2%2Fcomments&post=20884"}],"version-history":[{"count":0,"href":"https:\/\/blogdobispo.com.br\/index.php?rest_route=\/wp\/v2\/posts\/20884\/revisions"}],"wp:featuredmedia":[{"embeddable":true,"href":"https:\/\/blogdobispo.com.br\/index.php?rest_route=\/wp\/v2\/media\/20883"}],"wp:attachment":[{"href":"https:\/\/blogdobispo.com.br\/index.php?rest_route=%2Fwp%2Fv2%2Fmedia&parent=20884"}],"wp:term":[{"taxonomy":"category","embeddable":true,"href":"https:\/\/blogdobispo.com.br\/index.php?rest_route=%2Fwp%2Fv2%2Fcategories&post=20884"},{"taxonomy":"post_tag","embeddable":true,"href":"https:\/\/blogdobispo.com.br\/index.php?rest_route=%2Fwp%2Fv2%2Ftags&post=20884"}],"curies":[{"name":"wp","href":"https:\/\/api.w.org\/{rel}","templated":true}]}}