{"id":2088,"date":"2023-11-06T15:50:26","date_gmt":"2023-11-06T15:50:26","guid":{"rendered":"https:\/\/blogdobispo.com.br\/?p=2088"},"modified":"2023-11-06T16:52:20","modified_gmt":"2023-11-06T16:52:20","slug":"comerciantes-e-personalidades-do-alecrim-recebem-homenagem-pelos-112-anos-do-bairro","status":"publish","type":"post","link":"https:\/\/blogdobispo.com.br\/?p=2088","title":{"rendered":"Comerciantes e personalidades do Alecrim recebem homenagem pelos 112 anos do bairro"},"content":{"rendered":"\n<figure class=\"wp-block-image size-large\"><img data-recalc-dims=\"1\" fetchpriority=\"high\" decoding=\"async\" width=\"800\" height=\"532\" src=\"https:\/\/i0.wp.com\/blogdobispo.com.br\/wp-content\/uploads\/2023\/11\/img_3671-1-1024x681.jpg?resize=800%2C532&#038;ssl=1\" alt=\"\" class=\"wp-image-2087\" srcset=\"https:\/\/i0.wp.com\/blogdobispo.com.br\/wp-content\/uploads\/2023\/11\/img_3671-1-scaled.jpg?resize=1024%2C681&amp;ssl=1 1024w, https:\/\/i0.wp.com\/blogdobispo.com.br\/wp-content\/uploads\/2023\/11\/img_3671-1-scaled.jpg?resize=300%2C200&amp;ssl=1 300w, https:\/\/i0.wp.com\/blogdobispo.com.br\/wp-content\/uploads\/2023\/11\/img_3671-1-scaled.jpg?resize=768%2C511&amp;ssl=1 768w, https:\/\/i0.wp.com\/blogdobispo.com.br\/wp-content\/uploads\/2023\/11\/img_3671-1-scaled.jpg?resize=1536%2C1022&amp;ssl=1 1536w, https:\/\/i0.wp.com\/blogdobispo.com.br\/wp-content\/uploads\/2023\/11\/img_3671-1-scaled.jpg?resize=2048%2C1363&amp;ssl=1 2048w, https:\/\/i0.wp.com\/blogdobispo.com.br\/wp-content\/uploads\/2023\/11\/img_3671-1-scaled.jpg?w=1600 1600w, https:\/\/i0.wp.com\/blogdobispo.com.br\/wp-content\/uploads\/2023\/11\/img_3671-1-scaled.jpg?w=2400 2400w\" sizes=\"(max-width: 800px) 100vw, 800px\" \/><\/figure>\n\n\n\n<p>Dando continuidade \u00e0s comemora\u00e7\u00f5es pelos 112 anos do Alecrim, celebrado no dia 23 de outubro, a Assembleia Legislativa do RN prestou homenagem a um grupo de comerciantes, moradores ilustres e realizadores de trabalhos sociais no tradicional bairro da capital potiguar. Classificado como um \u201cdos maiores patrim\u00f4nios do nosso estado\u201d pelo deputado e propositor da homenagem, Adjuto Dias (MDB), o bairro do Alecrim concentra, hoje, o principal centro de com\u00e9rcio popular de Natal.<\/p>\n\n\n\n<p>\u201cNo Alecrim compra-se e vende-se de tudo, mas n\u00e3o somente isso. No Alecrim presta-se muitos servi\u00e7os, \u00e9 poss\u00edvel estudar, rezar, defender a p\u00e1tria e dizer adeus. O bairro deve sua hist\u00f3ria e relev\u00e2ncia a muitos comerciantes que j\u00e1 n\u00e3o est\u00e3o mais entre n\u00f3s e por isso vamos homenagear dois que temos uma d\u00edvida substancial. Mas tamb\u00e9m aqueles que contribuem hoje merecem aplausos. O Alecrim \u00e9 m\u00faltiplo plural, feito por muitas m\u00e3os, pensamentos e muita gente\u201d, destacou Adjuto Dias.<\/p>\n\n\n\n<p>As demandas do bairro foram destacadas por Ailson Carvalho Feitosa, fundador da Associa\u00e7\u00e3o dos Empres\u00e1rios do Bairro do Alecrim (AEBA). Ele discursou em nome de todos os homenageados na sess\u00e3o solene desta segunda-feira (6). \u201cCheguei no Alecrim com 7 anos de idade, junto com meu pai e continuo l\u00e1. Por isso, pe\u00e7o aten\u00e7\u00e3o a todos que possam ajudar o Alecrim para que n\u00e3o choremos depois, como foi com a Ribeira ou como est\u00e1 sendo com o Centro da Cidade. Vamos fazer alguma coisa enquanto estivermos em condi\u00e7\u00f5es\u201d, frisou.<\/p>\n\n\n\n<p>Presente na solediade, o prefeito de Natal, \u00c1lvaro Dias (MDB), parabenizou a iniciativa da homenagem e lembrou das obras que est\u00e3o sendo executadas na gest\u00e3o. \u201cNenhuma homenagem \u00e9 t\u00e3o justa e merecida como essa, que parabeniza o bairro atrav\u00e9s dos seus comerciantes e pessoas que d\u00e3o vida a ele\u201d, disse e citou algumas obras no bairro, dentre elas a reforma da Pra\u00e7a Gentil Ferreira e a obra do Teatro Sandoval Wanderley\u201d, comemorou.<\/p>\n\n\n\n<p>Al\u00e9m das homenagens j\u00e1 programadas pela Casa, o prefeito \u00c1lvaro Dias, foi agraciado com uma placa entregue pela Associa\u00e7\u00e3o dos Empres\u00e1rios do Bairro do Alecrim. A homenagem foi entregue pelo presidente da entidade, Mateus Felipe Martins Feitosa, que tamb\u00e9m homenageou o vereador Kleber Fernandes  (PSDB), o presidente da Fecom\u00e9rcio, Marcelo Queiroz, e a governadora do estado do RN, F\u00e1tima Bezerra. \u201cVamos continuar de m\u00e3os dadas e formar novas gera\u00e7\u00f5es que possam dar continuidade ao nosso trabalho\u201d, disse. <\/p>\n\n\n\n<p><strong>Homenagens<\/strong><br \/>Foram homenageados Ailson Carvalho Feitosa, fundador da Associa\u00e7\u00e3o dos Empres\u00e1rios do Bairro do Alecrim (AEBA); os comerciantes Francisco Dervenal de S\u00e1 e Celso Dutra de Almeida, ambos in memoriam; Josias Alc\u00e2ntara Sim\u00f5es, morador tradicional e realizador de trabalho social; Jos\u00e9 Anchieta Alves da Costa, camel\u00f4 ic\u00f4nico; Jos\u00e9 Willime de Moura, presidente do Centro Comunit\u00e1rio S\u00e3o Jos\u00e9; Nazilda Maria Dutra, da Associa\u00e7\u00e3o Rio-Grandense Pr\u00f3-Idosos (ARPI); e o Padre Jos\u00e9 Freitas Campos. &nbsp;<\/p>\n\n\n\n<p>Tamb\u00e9m integram a lista de homenageados o Alecrim Futebol Clube e o blog Natal das Antigas.<\/p>\n\n\n\n<p><strong>Hist\u00f3ria<\/strong><br \/>O Alecrim em sua origem caracterizava-se, por ser uma regi\u00e3o de pouca habita\u00e7\u00e3o, com granjas e casebres de taipas, constituindo ao passar do tempo, num n\u00facleo habitacional formado por fam\u00edlias humildes, em sua maioria imigrantes, em busca da sobreviv\u00eancia. O nome, relata Cascudo (1999) tem sua origem no Alecrim, cultivado por uma bondosa senhora que ofertava um ramo desta planta a todos os cortejos f\u00fanebres que passavam por sua porta. O bairro Alecrim, criado em 1911, teve seus limites oficializados em 1947.<\/p>\n","protected":false},"excerpt":{"rendered":"<p>Dando continuidade \u00e0s comemora\u00e7\u00f5es pelos 112 anos do Alecrim, celebrado no dia 23 de outubro, a Assembleia Legislativa do RN prestou homenagem a um grupo de comerciantes, moradores ilustres e realizadores de trabalhos sociais no tradicional bairro da capital potiguar. Classificado como um \u201cdos maiores patrim\u00f4nios do nosso estado\u201d pelo deputado e propositor da homenagem, [&hellip;]<\/p>\n","protected":false},"author":1,"featured_media":0,"comment_status":"open","ping_status":"open","sticky":false,"template":"","format":"standard","meta":{"cybocfi_hide_featured_image":"","_jetpack_memberships_contains_paid_content":false,"footnotes":""},"categories":[1],"tags":[],"class_list":["post-2088","post","type-post","status-publish","format-standard","hentry","category-diversos"],"yoast_head":"<!-- This site is optimized with the Yoast SEO plugin v25.6 - https:\/\/yoast.com\/wordpress\/plugins\/seo\/ -->\n<title>Comerciantes e personalidades do Alecrim recebem homenagem pelos 112 anos do bairro - Blog do Bispo<\/title>\n<meta name=\"robots\" content=\"index, follow, max-snippet:-1, max-image-preview:large, max-video-preview:-1\" \/>\n<link rel=\"canonical\" href=\"https:\/\/blogdobispo.com.br\/?p=2088\" \/>\n<meta property=\"og:locale\" content=\"pt_BR\" \/>\n<meta property=\"og:type\" content=\"article\" \/>\n<meta property=\"og:title\" content=\"Comerciantes e personalidades do Alecrim recebem homenagem pelos 112 anos do bairro - Blog do Bispo\" \/>\n<meta property=\"og:description\" content=\"Dando continuidade \u00e0s comemora\u00e7\u00f5es pelos 112 anos do Alecrim, celebrado no dia 23 de outubro, a Assembleia Legislativa do RN prestou homenagem a um grupo de comerciantes, moradores ilustres e realizadores de trabalhos sociais no tradicional bairro da capital potiguar. Classificado como um \u201cdos maiores patrim\u00f4nios do nosso estado\u201d pelo deputado e propositor da homenagem, [&hellip;]\" \/>\n<meta property=\"og:url\" content=\"https:\/\/blogdobispo.com.br\/?p=2088\" \/>\n<meta property=\"og:site_name\" content=\"Blog do Bispo\" \/>\n<meta property=\"article:published_time\" content=\"2023-11-06T15:50:26+00:00\" \/>\n<meta property=\"article:modified_time\" content=\"2023-11-06T16:52:20+00:00\" \/>\n<meta property=\"og:image\" content=\"https:\/\/blogdobispo.com.br\/wp-content\/uploads\/2023\/11\/img_3671-1-1024x681.jpg\" \/>\n<meta name=\"author\" content=\"Jefferson Sterfeno\" \/>\n<meta name=\"twitter:card\" content=\"summary_large_image\" \/>\n<meta name=\"twitter:label1\" content=\"Escrito por\" \/>\n\t<meta name=\"twitter:data1\" content=\"Jefferson Sterfeno\" \/>\n\t<meta name=\"twitter:label2\" content=\"Est. tempo de leitura\" \/>\n\t<meta name=\"twitter:data2\" content=\"3 minutos\" \/>\n<script type=\"application\/ld+json\" class=\"yoast-schema-graph\">{\"@context\":\"https:\/\/schema.org\",\"@graph\":[{\"@type\":\"Article\",\"@id\":\"https:\/\/blogdobispo.com.br\/?p=2088#article\",\"isPartOf\":{\"@id\":\"https:\/\/blogdobispo.com.br\/?p=2088\"},\"author\":{\"name\":\"Jefferson Sterfeno\",\"@id\":\"https:\/\/blogdobispo.com.br\/#\/schema\/person\/e2209cc0e6cea5c5233d033e997b373f\"},\"headline\":\"Comerciantes e personalidades do Alecrim recebem homenagem pelos 112 anos do bairro\",\"datePublished\":\"2023-11-06T15:50:26+00:00\",\"dateModified\":\"2023-11-06T16:52:20+00:00\",\"mainEntityOfPage\":{\"@id\":\"https:\/\/blogdobispo.com.br\/?p=2088\"},\"wordCount\":613,\"commentCount\":0,\"publisher\":{\"@id\":\"https:\/\/blogdobispo.com.br\/#organization\"},\"image\":{\"@id\":\"https:\/\/blogdobispo.com.br\/?p=2088#primaryimage\"},\"thumbnailUrl\":\"https:\/\/blogdobispo.com.br\/wp-content\/uploads\/2023\/11\/img_3671-1-1024x681.jpg\",\"articleSection\":[\"diversos\"],\"inLanguage\":\"pt-BR\",\"potentialAction\":[{\"@type\":\"CommentAction\",\"name\":\"Comment\",\"target\":[\"https:\/\/blogdobispo.com.br\/?p=2088#respond\"]}]},{\"@type\":\"WebPage\",\"@id\":\"https:\/\/blogdobispo.com.br\/?p=2088\",\"url\":\"https:\/\/blogdobispo.com.br\/?p=2088\",\"name\":\"Comerciantes e personalidades do Alecrim recebem homenagem pelos 112 anos do bairro - Blog do Bispo\",\"isPartOf\":{\"@id\":\"https:\/\/blogdobispo.com.br\/#website\"},\"primaryImageOfPage\":{\"@id\":\"https:\/\/blogdobispo.com.br\/?p=2088#primaryimage\"},\"image\":{\"@id\":\"https:\/\/blogdobispo.com.br\/?p=2088#primaryimage\"},\"thumbnailUrl\":\"https:\/\/blogdobispo.com.br\/wp-content\/uploads\/2023\/11\/img_3671-1-1024x681.jpg\",\"datePublished\":\"2023-11-06T15:50:26+00:00\",\"dateModified\":\"2023-11-06T16:52:20+00:00\",\"breadcrumb\":{\"@id\":\"https:\/\/blogdobispo.com.br\/?p=2088#breadcrumb\"},\"inLanguage\":\"pt-BR\",\"potentialAction\":[{\"@type\":\"ReadAction\",\"target\":[\"https:\/\/blogdobispo.com.br\/?p=2088\"]}]},{\"@type\":\"ImageObject\",\"inLanguage\":\"pt-BR\",\"@id\":\"https:\/\/blogdobispo.com.br\/?p=2088#primaryimage\",\"url\":\"https:\/\/blogdobispo.com.br\/wp-content\/uploads\/2023\/11\/img_3671-1-1024x681.jpg\",\"contentUrl\":\"https:\/\/blogdobispo.com.br\/wp-content\/uploads\/2023\/11\/img_3671-1-1024x681.jpg\"},{\"@type\":\"BreadcrumbList\",\"@id\":\"https:\/\/blogdobispo.com.br\/?p=2088#breadcrumb\",\"itemListElement\":[{\"@type\":\"ListItem\",\"position\":1,\"name\":\"In\u00edcio\",\"item\":\"https:\/\/blogdobispo.com.br\/\"},{\"@type\":\"ListItem\",\"position\":2,\"name\":\"Comerciantes e personalidades do Alecrim recebem homenagem pelos 112 anos do bairro\"}]},{\"@type\":\"WebSite\",\"@id\":\"https:\/\/blogdobispo.com.br\/#website\",\"url\":\"https:\/\/blogdobispo.com.br\/\",\"name\":\"Blog do Bispo\",\"description\":\"Comprometido apenas com o leitor\",\"publisher\":{\"@id\":\"https:\/\/blogdobispo.com.br\/#organization\"},\"potentialAction\":[{\"@type\":\"SearchAction\",\"target\":{\"@type\":\"EntryPoint\",\"urlTemplate\":\"https:\/\/blogdobispo.com.br\/?s={search_term_string}\"},\"query-input\":{\"@type\":\"PropertyValueSpecification\",\"valueRequired\":true,\"valueName\":\"search_term_string\"}}],\"inLanguage\":\"pt-BR\"},{\"@type\":\"Organization\",\"@id\":\"https:\/\/blogdobispo.com.br\/#organization\",\"name\":\"Blog do Bispo\",\"url\":\"https:\/\/blogdobispo.com.br\/\",\"logo\":{\"@type\":\"ImageObject\",\"inLanguage\":\"pt-BR\",\"@id\":\"https:\/\/blogdobispo.com.br\/#\/schema\/logo\/image\/\",\"url\":\"http:\/\/blogdobispo.com.br\/wp-content\/uploads\/2023\/05\/cropped-headear.png\",\"contentUrl\":\"http:\/\/blogdobispo.com.br\/wp-content\/uploads\/2023\/05\/cropped-headear.png\",\"width\":1500,\"height\":399,\"caption\":\"Blog do Bispo\"},\"image\":{\"@id\":\"https:\/\/blogdobispo.com.br\/#\/schema\/logo\/image\/\"}},{\"@type\":\"Person\",\"@id\":\"https:\/\/blogdobispo.com.br\/#\/schema\/person\/e2209cc0e6cea5c5233d033e997b373f\",\"name\":\"Jefferson Sterfeno\",\"image\":{\"@type\":\"ImageObject\",\"inLanguage\":\"pt-BR\",\"@id\":\"https:\/\/blogdobispo.com.br\/#\/schema\/person\/image\/\",\"url\":\"https:\/\/secure.gravatar.com\/avatar\/0534e84764641168a677026b6d57a3f51dc7ac4db0b4f6186d9cb330d4ee1160?s=96&d=mm&r=g\",\"contentUrl\":\"https:\/\/secure.gravatar.com\/avatar\/0534e84764641168a677026b6d57a3f51dc7ac4db0b4f6186d9cb330d4ee1160?s=96&d=mm&r=g\",\"caption\":\"Jefferson Sterfeno\"},\"sameAs\":[\"http:\/\/blogdobispo.com.br\"],\"url\":\"https:\/\/blogdobispo.com.br\/?author=1\"}]}<\/script>\n<!-- \/ Yoast SEO plugin. -->","yoast_head_json":{"title":"Comerciantes e personalidades do Alecrim recebem homenagem pelos 112 anos do bairro - Blog do Bispo","robots":{"index":"index","follow":"follow","max-snippet":"max-snippet:-1","max-image-preview":"max-image-preview:large","max-video-preview":"max-video-preview:-1"},"canonical":"https:\/\/blogdobispo.com.br\/?p=2088","og_locale":"pt_BR","og_type":"article","og_title":"Comerciantes e personalidades do Alecrim recebem homenagem pelos 112 anos do bairro - Blog do Bispo","og_description":"Dando continuidade \u00e0s comemora\u00e7\u00f5es pelos 112 anos do Alecrim, celebrado no dia 23 de outubro, a Assembleia Legislativa do RN prestou homenagem a um grupo de comerciantes, moradores ilustres e realizadores de trabalhos sociais no tradicional bairro da capital potiguar. Classificado como um \u201cdos maiores patrim\u00f4nios do nosso estado\u201d pelo deputado e propositor da homenagem, [&hellip;]","og_url":"https:\/\/blogdobispo.com.br\/?p=2088","og_site_name":"Blog do Bispo","article_published_time":"2023-11-06T15:50:26+00:00","article_modified_time":"2023-11-06T16:52:20+00:00","og_image":[{"url":"https:\/\/blogdobispo.com.br\/wp-content\/uploads\/2023\/11\/img_3671-1-1024x681.jpg","type":"","width":"","height":""}],"author":"Jefferson Sterfeno","twitter_card":"summary_large_image","twitter_misc":{"Escrito por":"Jefferson Sterfeno","Est. tempo de leitura":"3 minutos"},"schema":{"@context":"https:\/\/schema.org","@graph":[{"@type":"Article","@id":"https:\/\/blogdobispo.com.br\/?p=2088#article","isPartOf":{"@id":"https:\/\/blogdobispo.com.br\/?p=2088"},"author":{"name":"Jefferson Sterfeno","@id":"https:\/\/blogdobispo.com.br\/#\/schema\/person\/e2209cc0e6cea5c5233d033e997b373f"},"headline":"Comerciantes e personalidades do Alecrim recebem homenagem pelos 112 anos do bairro","datePublished":"2023-11-06T15:50:26+00:00","dateModified":"2023-11-06T16:52:20+00:00","mainEntityOfPage":{"@id":"https:\/\/blogdobispo.com.br\/?p=2088"},"wordCount":613,"commentCount":0,"publisher":{"@id":"https:\/\/blogdobispo.com.br\/#organization"},"image":{"@id":"https:\/\/blogdobispo.com.br\/?p=2088#primaryimage"},"thumbnailUrl":"https:\/\/blogdobispo.com.br\/wp-content\/uploads\/2023\/11\/img_3671-1-1024x681.jpg","articleSection":["diversos"],"inLanguage":"pt-BR","potentialAction":[{"@type":"CommentAction","name":"Comment","target":["https:\/\/blogdobispo.com.br\/?p=2088#respond"]}]},{"@type":"WebPage","@id":"https:\/\/blogdobispo.com.br\/?p=2088","url":"https:\/\/blogdobispo.com.br\/?p=2088","name":"Comerciantes e personalidades do Alecrim recebem homenagem pelos 112 anos do bairro - Blog do Bispo","isPartOf":{"@id":"https:\/\/blogdobispo.com.br\/#website"},"primaryImageOfPage":{"@id":"https:\/\/blogdobispo.com.br\/?p=2088#primaryimage"},"image":{"@id":"https:\/\/blogdobispo.com.br\/?p=2088#primaryimage"},"thumbnailUrl":"https:\/\/blogdobispo.com.br\/wp-content\/uploads\/2023\/11\/img_3671-1-1024x681.jpg","datePublished":"2023-11-06T15:50:26+00:00","dateModified":"2023-11-06T16:52:20+00:00","breadcrumb":{"@id":"https:\/\/blogdobispo.com.br\/?p=2088#breadcrumb"},"inLanguage":"pt-BR","potentialAction":[{"@type":"ReadAction","target":["https:\/\/blogdobispo.com.br\/?p=2088"]}]},{"@type":"ImageObject","inLanguage":"pt-BR","@id":"https:\/\/blogdobispo.com.br\/?p=2088#primaryimage","url":"https:\/\/blogdobispo.com.br\/wp-content\/uploads\/2023\/11\/img_3671-1-1024x681.jpg","contentUrl":"https:\/\/blogdobispo.com.br\/wp-content\/uploads\/2023\/11\/img_3671-1-1024x681.jpg"},{"@type":"BreadcrumbList","@id":"https:\/\/blogdobispo.com.br\/?p=2088#breadcrumb","itemListElement":[{"@type":"ListItem","position":1,"name":"In\u00edcio","item":"https:\/\/blogdobispo.com.br\/"},{"@type":"ListItem","position":2,"name":"Comerciantes e personalidades do Alecrim recebem homenagem pelos 112 anos do bairro"}]},{"@type":"WebSite","@id":"https:\/\/blogdobispo.com.br\/#website","url":"https:\/\/blogdobispo.com.br\/","name":"Blog do Bispo","description":"Comprometido apenas com o leitor","publisher":{"@id":"https:\/\/blogdobispo.com.br\/#organization"},"potentialAction":[{"@type":"SearchAction","target":{"@type":"EntryPoint","urlTemplate":"https:\/\/blogdobispo.com.br\/?s={search_term_string}"},"query-input":{"@type":"PropertyValueSpecification","valueRequired":true,"valueName":"search_term_string"}}],"inLanguage":"pt-BR"},{"@type":"Organization","@id":"https:\/\/blogdobispo.com.br\/#organization","name":"Blog do Bispo","url":"https:\/\/blogdobispo.com.br\/","logo":{"@type":"ImageObject","inLanguage":"pt-BR","@id":"https:\/\/blogdobispo.com.br\/#\/schema\/logo\/image\/","url":"http:\/\/blogdobispo.com.br\/wp-content\/uploads\/2023\/05\/cropped-headear.png","contentUrl":"http:\/\/blogdobispo.com.br\/wp-content\/uploads\/2023\/05\/cropped-headear.png","width":1500,"height":399,"caption":"Blog do Bispo"},"image":{"@id":"https:\/\/blogdobispo.com.br\/#\/schema\/logo\/image\/"}},{"@type":"Person","@id":"https:\/\/blogdobispo.com.br\/#\/schema\/person\/e2209cc0e6cea5c5233d033e997b373f","name":"Jefferson Sterfeno","image":{"@type":"ImageObject","inLanguage":"pt-BR","@id":"https:\/\/blogdobispo.com.br\/#\/schema\/person\/image\/","url":"https:\/\/secure.gravatar.com\/avatar\/0534e84764641168a677026b6d57a3f51dc7ac4db0b4f6186d9cb330d4ee1160?s=96&d=mm&r=g","contentUrl":"https:\/\/secure.gravatar.com\/avatar\/0534e84764641168a677026b6d57a3f51dc7ac4db0b4f6186d9cb330d4ee1160?s=96&d=mm&r=g","caption":"Jefferson Sterfeno"},"sameAs":["http:\/\/blogdobispo.com.br"],"url":"https:\/\/blogdobispo.com.br\/?author=1"}]}},"featured_image_urls":{"full":"","thumbnail":"","medium":"","medium_large":"","large":"","1536x1536":"","2048x2048":""},"author_info":{"display_name":"Jefferson Sterfeno","author_link":"https:\/\/blogdobispo.com.br\/?author=1"},"category_info":"<a href=\"https:\/\/blogdobispo.com.br\/?cat=1\" rel=\"category\">diversos<\/a>","tag_info":"diversos","comment_count":"0","jetpack_featured_media_url":"","jetpack_sharing_enabled":true,"_links":{"self":[{"href":"https:\/\/blogdobispo.com.br\/index.php?rest_route=\/wp\/v2\/posts\/2088","targetHints":{"allow":["GET"]}}],"collection":[{"href":"https:\/\/blogdobispo.com.br\/index.php?rest_route=\/wp\/v2\/posts"}],"about":[{"href":"https:\/\/blogdobispo.com.br\/index.php?rest_route=\/wp\/v2\/types\/post"}],"author":[{"embeddable":true,"href":"https:\/\/blogdobispo.com.br\/index.php?rest_route=\/wp\/v2\/users\/1"}],"replies":[{"embeddable":true,"href":"https:\/\/blogdobispo.com.br\/index.php?rest_route=%2Fwp%2Fv2%2Fcomments&post=2088"}],"version-history":[{"count":1,"href":"https:\/\/blogdobispo.com.br\/index.php?rest_route=\/wp\/v2\/posts\/2088\/revisions"}],"predecessor-version":[{"id":2091,"href":"https:\/\/blogdobispo.com.br\/index.php?rest_route=\/wp\/v2\/posts\/2088\/revisions\/2091"}],"wp:attachment":[{"href":"https:\/\/blogdobispo.com.br\/index.php?rest_route=%2Fwp%2Fv2%2Fmedia&parent=2088"}],"wp:term":[{"taxonomy":"category","embeddable":true,"href":"https:\/\/blogdobispo.com.br\/index.php?rest_route=%2Fwp%2Fv2%2Fcategories&post=2088"},{"taxonomy":"post_tag","embeddable":true,"href":"https:\/\/blogdobispo.com.br\/index.php?rest_route=%2Fwp%2Fv2%2Ftags&post=2088"}],"curies":[{"name":"wp","href":"https:\/\/api.w.org\/{rel}","templated":true}]}}