{"id":2086,"date":"2023-11-05T19:00:50","date_gmt":"2023-11-05T19:00:50","guid":{"rendered":"https:\/\/blogdobispo.com.br\/?p=2086"},"modified":"2023-12-01T18:06:42","modified_gmt":"2023-12-01T18:06:42","slug":"sem-atrair-apoio-de-grandes-partidos-carlos-eduardo-mira-nos-pequenos","status":"publish","type":"post","link":"https:\/\/blogdobispo.com.br\/?p=2086","title":{"rendered":"C\u00e2mara realiza audi\u00eancia para conscientizar sobre perda gestacional e neonatal"},"content":{"rendered":"\n<p>A Semana de Sensibiliza\u00e7\u00e3o \u00e0 perda Gestacional, Neonatal e Infantil foi tema de audi\u00eancia p\u00fablica na C\u00e2mara Municipal de Natal na manh\u00e3 desta quinta-feira (05). O debate foi proposto pelo vereador Anderson Lopes (PSDB) que \u00e9 autor de projeto de lei que institui e inclui no Calend\u00e1rio Oficial de Eventos de Natal.&nbsp;<\/p>\n\n\n\n<p>Os objetivos da semana s\u00e3o: dar visibilidade a problem\u00e1tica; lutar pelo respeito ao luto da m\u00e3e e do pai que passaram por essa experi\u00eancia; contribuir com a sensibiliza\u00e7\u00e3o do tema, disseminar informa\u00e7\u00f5es para familiares e profissionais da \u00e1rea de sa\u00fade e sociedade em geral, a fim de evitar estas fatalidades, al\u00e9m de promover a humaniza\u00e7\u00e3o do atendimento nos servi\u00e7os de sa\u00fade aos casos de perda gestacional, neonatal e infantil, e orientar as fam\u00edlias enlutadas sobre seus direitos previstos em leis e outras normativas.<\/p>\n\n\n\n<p>Conforme o texto do projeto, a escolha da data tem por base o &#8220;Pregnancy and Infant Loss Remambrance Day&#8221;, traduzido como &#8220;Dia da Mem\u00f3ria da perda Gestacional e Infantil\u201d, tamb\u00e9m chamado de &#8220;Dia da Conscientiza\u00e7\u00e3o sobre a Perda Gestacional e Infantil&#8221;, observado no dia 15 de outubro de cada ano em diversos pa\u00edses e conta com gestos de sensibiliza\u00e7\u00e3o, quando os pais enlutados acendem uma vela no in\u00edcio da noite e a deixam queimar por, no m\u00ednimo, uma hora em homenagem ao seu \u201canjo\u201d, formando o que se chama de \u201cOnda de Luz\u201d.<\/p>\n\n\n\n<p>\u201cA morte de um beb\u00ea, de uma crian\u00e7a \u00e9 algo que n\u00e3o \u00e9 natural. O natural no ciclo de vida familiar \u00e9 nascer, crescer, desenvolver e morrer. Ent\u00e3o, quando a crian\u00e7a parte antes dos pais \u00e9 uma invers\u00e3o. O processo da viv\u00eancia desse luto e o fato da sociedade n\u00e3o ver essa barriga crescer quando essa morte acontece, bem no in\u00edcio da gesta\u00e7\u00e3o, invisibiliza a presen\u00e7a dessa crian\u00e7a e termina que esses pais vivenciam de maneira muito solit\u00e1ria essa dor.<\/p>\n\n\n\n<p><\/p>\n\n\n\n<p><\/p>\n\n\n\n<p><\/p>\n\n\n\n<p><\/p>\n\n\n\n<figure class=\"wp-block-image size-large\"><img data-recalc-dims=\"1\" fetchpriority=\"high\" decoding=\"async\" width=\"800\" height=\"502\" src=\"https:\/\/i0.wp.com\/blogdobispo.com.br\/wp-content\/uploads\/2023\/12\/img_4137-1-1024x643.jpg?resize=800%2C502&#038;ssl=1\" alt=\"\" class=\"wp-image-2302\" srcset=\"https:\/\/i0.wp.com\/blogdobispo.com.br\/wp-content\/uploads\/2023\/12\/img_4137-1.jpg?resize=1024%2C643&amp;ssl=1 1024w, https:\/\/i0.wp.com\/blogdobispo.com.br\/wp-content\/uploads\/2023\/12\/img_4137-1.jpg?resize=300%2C188&amp;ssl=1 300w, https:\/\/i0.wp.com\/blogdobispo.com.br\/wp-content\/uploads\/2023\/12\/img_4137-1.jpg?resize=768%2C482&amp;ssl=1 768w, https:\/\/i0.wp.com\/blogdobispo.com.br\/wp-content\/uploads\/2023\/12\/img_4137-1.jpg?w=1506&amp;ssl=1 1506w\" sizes=\"(max-width: 800px) 100vw, 800px\" \/><\/figure>\n","protected":false},"excerpt":{"rendered":"<p>A Semana de Sensibiliza\u00e7\u00e3o \u00e0 perda Gestacional, Neonatal e Infantil foi tema de audi\u00eancia p\u00fablica na C\u00e2mara Municipal de Natal na manh\u00e3 desta quinta-feira (05). O debate foi proposto pelo vereador Anderson Lopes (PSDB) que \u00e9 autor de projeto de lei que institui e inclui no Calend\u00e1rio Oficial de Eventos de Natal.&nbsp; Os objetivos da [&hellip;]<\/p>\n","protected":false},"author":1,"featured_media":0,"comment_status":"open","ping_status":"open","sticky":false,"template":"","format":"standard","meta":{"cybocfi_hide_featured_image":"","_jetpack_memberships_contains_paid_content":false,"footnotes":""},"categories":[1],"tags":[],"class_list":["post-2086","post","type-post","status-publish","format-standard","hentry","category-diversos"],"yoast_head":"<!-- This site is optimized with the Yoast SEO plugin v25.6 - https:\/\/yoast.com\/wordpress\/plugins\/seo\/ -->\n<title>C\u00e2mara realiza audi\u00eancia para conscientizar sobre perda gestacional e neonatal - Blog do Bispo<\/title>\n<meta name=\"robots\" content=\"index, follow, max-snippet:-1, max-image-preview:large, max-video-preview:-1\" \/>\n<link rel=\"canonical\" href=\"https:\/\/blogdobispo.com.br\/?p=2086\" \/>\n<meta property=\"og:locale\" content=\"pt_BR\" \/>\n<meta property=\"og:type\" content=\"article\" \/>\n<meta property=\"og:title\" content=\"C\u00e2mara realiza audi\u00eancia para conscientizar sobre perda gestacional e neonatal - Blog do Bispo\" \/>\n<meta property=\"og:description\" content=\"A Semana de Sensibiliza\u00e7\u00e3o \u00e0 perda Gestacional, Neonatal e Infantil foi tema de audi\u00eancia p\u00fablica na C\u00e2mara Municipal de Natal na manh\u00e3 desta quinta-feira (05). O debate foi proposto pelo vereador Anderson Lopes (PSDB) que \u00e9 autor de projeto de lei que institui e inclui no Calend\u00e1rio Oficial de Eventos de Natal.&nbsp; Os objetivos da [&hellip;]\" \/>\n<meta property=\"og:url\" content=\"https:\/\/blogdobispo.com.br\/?p=2086\" \/>\n<meta property=\"og:site_name\" content=\"Blog do Bispo\" \/>\n<meta property=\"article:published_time\" content=\"2023-11-05T19:00:50+00:00\" \/>\n<meta property=\"article:modified_time\" content=\"2023-12-01T18:06:42+00:00\" \/>\n<meta property=\"og:image\" content=\"https:\/\/blogdobispo.com.br\/wp-content\/uploads\/2023\/12\/img_4137-1-1024x643.jpg\" \/>\n<meta name=\"author\" content=\"Jefferson Sterfeno\" \/>\n<meta name=\"twitter:card\" content=\"summary_large_image\" \/>\n<meta name=\"twitter:label1\" content=\"Escrito por\" \/>\n\t<meta name=\"twitter:data1\" content=\"Jefferson Sterfeno\" \/>\n\t<meta name=\"twitter:label2\" content=\"Est. tempo de leitura\" \/>\n\t<meta name=\"twitter:data2\" content=\"2 minutos\" \/>\n<script type=\"application\/ld+json\" class=\"yoast-schema-graph\">{\"@context\":\"https:\/\/schema.org\",\"@graph\":[{\"@type\":\"Article\",\"@id\":\"https:\/\/blogdobispo.com.br\/?p=2086#article\",\"isPartOf\":{\"@id\":\"https:\/\/blogdobispo.com.br\/?p=2086\"},\"author\":{\"name\":\"Jefferson Sterfeno\",\"@id\":\"https:\/\/blogdobispo.com.br\/#\/schema\/person\/e2209cc0e6cea5c5233d033e997b373f\"},\"headline\":\"C\u00e2mara realiza audi\u00eancia para conscientizar sobre perda gestacional e neonatal\",\"datePublished\":\"2023-11-05T19:00:50+00:00\",\"dateModified\":\"2023-12-01T18:06:42+00:00\",\"mainEntityOfPage\":{\"@id\":\"https:\/\/blogdobispo.com.br\/?p=2086\"},\"wordCount\":349,\"commentCount\":0,\"publisher\":{\"@id\":\"https:\/\/blogdobispo.com.br\/#organization\"},\"image\":{\"@id\":\"https:\/\/blogdobispo.com.br\/?p=2086#primaryimage\"},\"thumbnailUrl\":\"https:\/\/blogdobispo.com.br\/wp-content\/uploads\/2023\/12\/img_4137-1-1024x643.jpg\",\"articleSection\":[\"diversos\"],\"inLanguage\":\"pt-BR\",\"potentialAction\":[{\"@type\":\"CommentAction\",\"name\":\"Comment\",\"target\":[\"https:\/\/blogdobispo.com.br\/?p=2086#respond\"]}]},{\"@type\":\"WebPage\",\"@id\":\"https:\/\/blogdobispo.com.br\/?p=2086\",\"url\":\"https:\/\/blogdobispo.com.br\/?p=2086\",\"name\":\"C\u00e2mara realiza audi\u00eancia para conscientizar sobre perda gestacional e neonatal - Blog do Bispo\",\"isPartOf\":{\"@id\":\"https:\/\/blogdobispo.com.br\/#website\"},\"primaryImageOfPage\":{\"@id\":\"https:\/\/blogdobispo.com.br\/?p=2086#primaryimage\"},\"image\":{\"@id\":\"https:\/\/blogdobispo.com.br\/?p=2086#primaryimage\"},\"thumbnailUrl\":\"https:\/\/blogdobispo.com.br\/wp-content\/uploads\/2023\/12\/img_4137-1-1024x643.jpg\",\"datePublished\":\"2023-11-05T19:00:50+00:00\",\"dateModified\":\"2023-12-01T18:06:42+00:00\",\"breadcrumb\":{\"@id\":\"https:\/\/blogdobispo.com.br\/?p=2086#breadcrumb\"},\"inLanguage\":\"pt-BR\",\"potentialAction\":[{\"@type\":\"ReadAction\",\"target\":[\"https:\/\/blogdobispo.com.br\/?p=2086\"]}]},{\"@type\":\"ImageObject\",\"inLanguage\":\"pt-BR\",\"@id\":\"https:\/\/blogdobispo.com.br\/?p=2086#primaryimage\",\"url\":\"https:\/\/blogdobispo.com.br\/wp-content\/uploads\/2023\/12\/img_4137-1-1024x643.jpg\",\"contentUrl\":\"https:\/\/blogdobispo.com.br\/wp-content\/uploads\/2023\/12\/img_4137-1-1024x643.jpg\"},{\"@type\":\"BreadcrumbList\",\"@id\":\"https:\/\/blogdobispo.com.br\/?p=2086#breadcrumb\",\"itemListElement\":[{\"@type\":\"ListItem\",\"position\":1,\"name\":\"In\u00edcio\",\"item\":\"https:\/\/blogdobispo.com.br\/\"},{\"@type\":\"ListItem\",\"position\":2,\"name\":\"C\u00e2mara realiza audi\u00eancia para conscientizar sobre perda gestacional e neonatal\"}]},{\"@type\":\"WebSite\",\"@id\":\"https:\/\/blogdobispo.com.br\/#website\",\"url\":\"https:\/\/blogdobispo.com.br\/\",\"name\":\"Blog do Bispo\",\"description\":\"Comprometido apenas com o leitor\",\"publisher\":{\"@id\":\"https:\/\/blogdobispo.com.br\/#organization\"},\"potentialAction\":[{\"@type\":\"SearchAction\",\"target\":{\"@type\":\"EntryPoint\",\"urlTemplate\":\"https:\/\/blogdobispo.com.br\/?s={search_term_string}\"},\"query-input\":{\"@type\":\"PropertyValueSpecification\",\"valueRequired\":true,\"valueName\":\"search_term_string\"}}],\"inLanguage\":\"pt-BR\"},{\"@type\":\"Organization\",\"@id\":\"https:\/\/blogdobispo.com.br\/#organization\",\"name\":\"Blog do Bispo\",\"url\":\"https:\/\/blogdobispo.com.br\/\",\"logo\":{\"@type\":\"ImageObject\",\"inLanguage\":\"pt-BR\",\"@id\":\"https:\/\/blogdobispo.com.br\/#\/schema\/logo\/image\/\",\"url\":\"http:\/\/blogdobispo.com.br\/wp-content\/uploads\/2023\/05\/cropped-headear.png\",\"contentUrl\":\"http:\/\/blogdobispo.com.br\/wp-content\/uploads\/2023\/05\/cropped-headear.png\",\"width\":1500,\"height\":399,\"caption\":\"Blog do Bispo\"},\"image\":{\"@id\":\"https:\/\/blogdobispo.com.br\/#\/schema\/logo\/image\/\"}},{\"@type\":\"Person\",\"@id\":\"https:\/\/blogdobispo.com.br\/#\/schema\/person\/e2209cc0e6cea5c5233d033e997b373f\",\"name\":\"Jefferson Sterfeno\",\"image\":{\"@type\":\"ImageObject\",\"inLanguage\":\"pt-BR\",\"@id\":\"https:\/\/blogdobispo.com.br\/#\/schema\/person\/image\/\",\"url\":\"https:\/\/secure.gravatar.com\/avatar\/0534e84764641168a677026b6d57a3f51dc7ac4db0b4f6186d9cb330d4ee1160?s=96&d=mm&r=g\",\"contentUrl\":\"https:\/\/secure.gravatar.com\/avatar\/0534e84764641168a677026b6d57a3f51dc7ac4db0b4f6186d9cb330d4ee1160?s=96&d=mm&r=g\",\"caption\":\"Jefferson Sterfeno\"},\"sameAs\":[\"http:\/\/blogdobispo.com.br\"],\"url\":\"https:\/\/blogdobispo.com.br\/?author=1\"}]}<\/script>\n<!-- \/ Yoast SEO plugin. -->","yoast_head_json":{"title":"C\u00e2mara realiza audi\u00eancia para conscientizar sobre perda gestacional e neonatal - Blog do Bispo","robots":{"index":"index","follow":"follow","max-snippet":"max-snippet:-1","max-image-preview":"max-image-preview:large","max-video-preview":"max-video-preview:-1"},"canonical":"https:\/\/blogdobispo.com.br\/?p=2086","og_locale":"pt_BR","og_type":"article","og_title":"C\u00e2mara realiza audi\u00eancia para conscientizar sobre perda gestacional e neonatal - Blog do Bispo","og_description":"A Semana de Sensibiliza\u00e7\u00e3o \u00e0 perda Gestacional, Neonatal e Infantil foi tema de audi\u00eancia p\u00fablica na C\u00e2mara Municipal de Natal na manh\u00e3 desta quinta-feira (05). O debate foi proposto pelo vereador Anderson Lopes (PSDB) que \u00e9 autor de projeto de lei que institui e inclui no Calend\u00e1rio Oficial de Eventos de Natal.&nbsp; Os objetivos da [&hellip;]","og_url":"https:\/\/blogdobispo.com.br\/?p=2086","og_site_name":"Blog do Bispo","article_published_time":"2023-11-05T19:00:50+00:00","article_modified_time":"2023-12-01T18:06:42+00:00","og_image":[{"url":"https:\/\/blogdobispo.com.br\/wp-content\/uploads\/2023\/12\/img_4137-1-1024x643.jpg","type":"","width":"","height":""}],"author":"Jefferson Sterfeno","twitter_card":"summary_large_image","twitter_misc":{"Escrito por":"Jefferson Sterfeno","Est. tempo de leitura":"2 minutos"},"schema":{"@context":"https:\/\/schema.org","@graph":[{"@type":"Article","@id":"https:\/\/blogdobispo.com.br\/?p=2086#article","isPartOf":{"@id":"https:\/\/blogdobispo.com.br\/?p=2086"},"author":{"name":"Jefferson Sterfeno","@id":"https:\/\/blogdobispo.com.br\/#\/schema\/person\/e2209cc0e6cea5c5233d033e997b373f"},"headline":"C\u00e2mara realiza audi\u00eancia para conscientizar sobre perda gestacional e neonatal","datePublished":"2023-11-05T19:00:50+00:00","dateModified":"2023-12-01T18:06:42+00:00","mainEntityOfPage":{"@id":"https:\/\/blogdobispo.com.br\/?p=2086"},"wordCount":349,"commentCount":0,"publisher":{"@id":"https:\/\/blogdobispo.com.br\/#organization"},"image":{"@id":"https:\/\/blogdobispo.com.br\/?p=2086#primaryimage"},"thumbnailUrl":"https:\/\/blogdobispo.com.br\/wp-content\/uploads\/2023\/12\/img_4137-1-1024x643.jpg","articleSection":["diversos"],"inLanguage":"pt-BR","potentialAction":[{"@type":"CommentAction","name":"Comment","target":["https:\/\/blogdobispo.com.br\/?p=2086#respond"]}]},{"@type":"WebPage","@id":"https:\/\/blogdobispo.com.br\/?p=2086","url":"https:\/\/blogdobispo.com.br\/?p=2086","name":"C\u00e2mara realiza audi\u00eancia para conscientizar sobre perda gestacional e neonatal - Blog do Bispo","isPartOf":{"@id":"https:\/\/blogdobispo.com.br\/#website"},"primaryImageOfPage":{"@id":"https:\/\/blogdobispo.com.br\/?p=2086#primaryimage"},"image":{"@id":"https:\/\/blogdobispo.com.br\/?p=2086#primaryimage"},"thumbnailUrl":"https:\/\/blogdobispo.com.br\/wp-content\/uploads\/2023\/12\/img_4137-1-1024x643.jpg","datePublished":"2023-11-05T19:00:50+00:00","dateModified":"2023-12-01T18:06:42+00:00","breadcrumb":{"@id":"https:\/\/blogdobispo.com.br\/?p=2086#breadcrumb"},"inLanguage":"pt-BR","potentialAction":[{"@type":"ReadAction","target":["https:\/\/blogdobispo.com.br\/?p=2086"]}]},{"@type":"ImageObject","inLanguage":"pt-BR","@id":"https:\/\/blogdobispo.com.br\/?p=2086#primaryimage","url":"https:\/\/blogdobispo.com.br\/wp-content\/uploads\/2023\/12\/img_4137-1-1024x643.jpg","contentUrl":"https:\/\/blogdobispo.com.br\/wp-content\/uploads\/2023\/12\/img_4137-1-1024x643.jpg"},{"@type":"BreadcrumbList","@id":"https:\/\/blogdobispo.com.br\/?p=2086#breadcrumb","itemListElement":[{"@type":"ListItem","position":1,"name":"In\u00edcio","item":"https:\/\/blogdobispo.com.br\/"},{"@type":"ListItem","position":2,"name":"C\u00e2mara realiza audi\u00eancia para conscientizar sobre perda gestacional e neonatal"}]},{"@type":"WebSite","@id":"https:\/\/blogdobispo.com.br\/#website","url":"https:\/\/blogdobispo.com.br\/","name":"Blog do Bispo","description":"Comprometido apenas com o leitor","publisher":{"@id":"https:\/\/blogdobispo.com.br\/#organization"},"potentialAction":[{"@type":"SearchAction","target":{"@type":"EntryPoint","urlTemplate":"https:\/\/blogdobispo.com.br\/?s={search_term_string}"},"query-input":{"@type":"PropertyValueSpecification","valueRequired":true,"valueName":"search_term_string"}}],"inLanguage":"pt-BR"},{"@type":"Organization","@id":"https:\/\/blogdobispo.com.br\/#organization","name":"Blog do Bispo","url":"https:\/\/blogdobispo.com.br\/","logo":{"@type":"ImageObject","inLanguage":"pt-BR","@id":"https:\/\/blogdobispo.com.br\/#\/schema\/logo\/image\/","url":"http:\/\/blogdobispo.com.br\/wp-content\/uploads\/2023\/05\/cropped-headear.png","contentUrl":"http:\/\/blogdobispo.com.br\/wp-content\/uploads\/2023\/05\/cropped-headear.png","width":1500,"height":399,"caption":"Blog do Bispo"},"image":{"@id":"https:\/\/blogdobispo.com.br\/#\/schema\/logo\/image\/"}},{"@type":"Person","@id":"https:\/\/blogdobispo.com.br\/#\/schema\/person\/e2209cc0e6cea5c5233d033e997b373f","name":"Jefferson Sterfeno","image":{"@type":"ImageObject","inLanguage":"pt-BR","@id":"https:\/\/blogdobispo.com.br\/#\/schema\/person\/image\/","url":"https:\/\/secure.gravatar.com\/avatar\/0534e84764641168a677026b6d57a3f51dc7ac4db0b4f6186d9cb330d4ee1160?s=96&d=mm&r=g","contentUrl":"https:\/\/secure.gravatar.com\/avatar\/0534e84764641168a677026b6d57a3f51dc7ac4db0b4f6186d9cb330d4ee1160?s=96&d=mm&r=g","caption":"Jefferson Sterfeno"},"sameAs":["http:\/\/blogdobispo.com.br"],"url":"https:\/\/blogdobispo.com.br\/?author=1"}]}},"featured_image_urls":{"full":"","thumbnail":"","medium":"","medium_large":"","large":"","1536x1536":"","2048x2048":""},"author_info":{"display_name":"Jefferson Sterfeno","author_link":"https:\/\/blogdobispo.com.br\/?author=1"},"category_info":"<a href=\"https:\/\/blogdobispo.com.br\/?cat=1\" rel=\"category\">diversos<\/a>","tag_info":"diversos","comment_count":"0","jetpack_featured_media_url":"","jetpack_sharing_enabled":true,"_links":{"self":[{"href":"https:\/\/blogdobispo.com.br\/index.php?rest_route=\/wp\/v2\/posts\/2086","targetHints":{"allow":["GET"]}}],"collection":[{"href":"https:\/\/blogdobispo.com.br\/index.php?rest_route=\/wp\/v2\/posts"}],"about":[{"href":"https:\/\/blogdobispo.com.br\/index.php?rest_route=\/wp\/v2\/types\/post"}],"author":[{"embeddable":true,"href":"https:\/\/blogdobispo.com.br\/index.php?rest_route=\/wp\/v2\/users\/1"}],"replies":[{"embeddable":true,"href":"https:\/\/blogdobispo.com.br\/index.php?rest_route=%2Fwp%2Fv2%2Fcomments&post=2086"}],"version-history":[{"count":3,"href":"https:\/\/blogdobispo.com.br\/index.php?rest_route=\/wp\/v2\/posts\/2086\/revisions"}],"predecessor-version":[{"id":2304,"href":"https:\/\/blogdobispo.com.br\/index.php?rest_route=\/wp\/v2\/posts\/2086\/revisions\/2304"}],"wp:attachment":[{"href":"https:\/\/blogdobispo.com.br\/index.php?rest_route=%2Fwp%2Fv2%2Fmedia&parent=2086"}],"wp:term":[{"taxonomy":"category","embeddable":true,"href":"https:\/\/blogdobispo.com.br\/index.php?rest_route=%2Fwp%2Fv2%2Fcategories&post=2086"},{"taxonomy":"post_tag","embeddable":true,"href":"https:\/\/blogdobispo.com.br\/index.php?rest_route=%2Fwp%2Fv2%2Ftags&post=2086"}],"curies":[{"name":"wp","href":"https:\/\/api.w.org\/{rel}","templated":true}]}}