{"id":2038,"date":"2023-10-31T02:01:26","date_gmt":"2023-10-31T02:01:26","guid":{"rendered":"https:\/\/blogdobispo.com.br\/?p=2038"},"modified":"2023-10-31T02:01:26","modified_gmt":"2023-10-31T02:01:26","slug":"escola-da-assembleia-oferece-curso-sobre-a-nova-previdencia-estadual","status":"publish","type":"post","link":"https:\/\/blogdobispo.com.br\/?p=2038","title":{"rendered":"Escola da Assembleia oferece curso sobre a nova Previd\u00eancia Estadual"},"content":{"rendered":"\n<p>A previd\u00eancia estadual est\u00e1 passando por mudan\u00e7as significativas e, para manter os servidores e a comunidade atualizada, a Escola da Assembleia Legislativa do RN (EALRN) est\u00e1 oferecendo um curso gratuito nos dias 27 e 29 de novembro, das 14h \u00e0s 18h, na sede da Institui\u00e7\u00e3o, das 14h \u00e0s 18h, com o presidente do Conselho de Acompanhamento e Fiscaliza\u00e7\u00e3o de Previd\u00eancia Complementar, Carneiro J\u00fanior.<\/p>\n\n\n\n<p>A Nova Previd\u00eancia Estadual traz altera\u00e7\u00f5es importantes no sistema de aposentadoria e pens\u00e3o dos servidores p\u00fablicos do estado. Essas mudan\u00e7as visam tornar o sistema mais sustent\u00e1vel a longo prazo, garantindo que os benef\u00edcios previdenci\u00e1rios continuem dispon\u00edveis para as gera\u00e7\u00f5es futuras.<\/p>\n\n\n\n<p>Com o ajuste na contribui\u00e7\u00e3o, a nova Previd\u00eancia introduz adapta\u00e7\u00f5es nas al\u00edquotas de contribui\u00e7\u00e3o, tornando-as mais justas e progressivas, o que pode reduzir a carga financeira para servidores com tens\u00f5es mais baixas. Servidores que j\u00e1 foram atualizados para o sistema ter\u00e3o regras de transi\u00e7\u00e3o para se adaptarem \u00e0s mudan\u00e7as, garantindo que seus direitos sejam respeitados.<\/p>\n\n\n\n<p>A reforma visa a manuten\u00e7\u00e3o da previd\u00eancia estadual a longo prazo, garantindo que os servidores possam contar com aposentadorias e pens\u00f5es dignas no futuro.<\/p>\n\n\n\n<p>Sustentabilidade Fiscal: Com um sistema previdenci\u00e1rio mais equilibrado, o estado poder\u00e1 direcionar recursos para outras \u00e1reas, como sa\u00fade, educa\u00e7\u00e3o e seguran\u00e7a, beneficiando toda a popula\u00e7\u00e3o.<\/p>\n\n\n\n<p>Estar por dentro das mudan\u00e7as na previd\u00eancia estadual \u00e9 fundamental para os servidores, que podem planejar seu futuro com mais seguran\u00e7a, e para a comunidade, que ter\u00e1 um estado mais eficiente e sustent\u00e1vel. A participa\u00e7\u00e3o ativa nesse processo ajuda a moldar pol\u00edticas que atendam \u00e0s necessidades de todos.<\/p>\n\n\n\n<p>O curso \u00e9 gratuito e aberto a todos, servidores e comunidade. Essa \u00e9 uma oportunidade \u00fanica de entender as mudan\u00e7as na previd\u00eancia estadual e como elas impactam a sua vida e a vida de toda a comunidade.<\/p>\n\n\n\n<p>Portanto, n\u00e3o perca a chance de se informar e participar ativamente das discuss\u00f5es sobre a Nova Previd\u00eancia Estadual. Marque em seu calend\u00e1rio: 27 e 29 de novembro, das 14h \u00e0s 18h, na sede da EALRN. Sua participa\u00e7\u00e3o \u00e9 essencial para o futuro do nosso estado!<\/p>\n\n\n\n<p>Objetivos Gerais:<\/p>\n\n\n\n<p>Capacitar e atualizar os agentes p\u00fablicos quanto a procedimentos e normas referentes ao novo Regime Previdenci\u00e1rio dos Servidores P\u00fablicos do Estado do Rio Grande do Norte.<\/p>\n\n\n\n<p>Objetivos Espec\u00edficos:<\/p>\n\n\n\n<p>\u2022&nbsp;&nbsp;&nbsp;&nbsp;&nbsp;&nbsp;&nbsp;&nbsp;&nbsp;&nbsp;Apresentar \u00e0s discentes no\u00e7\u00f5es b\u00e1sicas da Previd\u00eancia Social brasileira.<\/p>\n\n\n\n<p>\u2022&nbsp;&nbsp;&nbsp;&nbsp;&nbsp;&nbsp;&nbsp;&nbsp;&nbsp;&nbsp;Apresentar o Regime Geral de Previd\u00eancia Social (RGPS), o Regime Pr\u00f3prio de Previd\u00eancia Social (RPPS) e o Regime de Previd\u00eancia Complementar (RPC).<\/p>\n\n\n\n<p>\u2022&nbsp;&nbsp;&nbsp;&nbsp;&nbsp;&nbsp;&nbsp;&nbsp;&nbsp;&nbsp;Demonstrar a classifica\u00e7\u00e3o dos benef\u00edcios previdenci\u00e1rios e princ\u00edpios do Regime Pr\u00f3prio de Previd\u00eancia Social &#8211; RPPS.<\/p>\n\n\n\n<p>\u2022&nbsp;&nbsp;&nbsp;&nbsp;&nbsp;&nbsp;&nbsp;&nbsp;&nbsp;&nbsp;Avaliar as altera\u00e7\u00f5es da Emenda Constitucional Estadual n\u00ba 20, de 29 de setembro de 2020, levando-se em considera\u00e7\u00e3o as regras permanentes, transit\u00f3rias, de transi\u00e7\u00e3o, c\u00e1lculo e reajuste de proventos de aposentadorias e pens\u00f5es.<\/p>\n\n\n\n<p>Cronograma (calend\u00e1rio de conte\u00fados):<\/p>\n\n\n\n<p>&nbsp;* 27\/11\/2023: No\u00e7\u00f5es b\u00e1sicas de RGPS, RPPS e RPC; a Constitui\u00e7\u00e3o Estadual do RN e as novas regras da Emenda Constitucional Estadual n\u00ba 20, de 29 de setembro de 2020; esp\u00e9cies de benef\u00edcios previdenci\u00e1rios.<\/p>\n\n\n\n<p>* 29\/11\/2023: Regras permanentes e de transi\u00e7\u00e3o; regras diferenciadas de abono de perman\u00eancia; c\u00e1lculo e reajuste de proventos de aposentadoria; pens\u00e3o por morte; custeio; breve introdu\u00e7\u00e3o ao Regime de Previd\u00eancia Complementar &#8211; RPC.<\/p>\n\n\n\n<p>SERVI\u00c7O:<\/p>\n\n\n\n<p>CURSO: a Nova Previd\u00eancia Estadual<\/p>\n\n\n\n<p>DATA: 27 e 29 de novembro<\/p>\n\n\n\n<p>DIAS: Segunda e Quarta-feira<\/p>\n\n\n\n<p>HORA: 14h \u00e0s 18h<\/p>\n\n\n\n<p>MINISTRANTE: Carneiro J\u00fanior<\/p>\n\n\n\n<p>LOCAL: Escola da Assembleia do RN \u2013 Rua: A\u00e7u, 426, Tirol.<\/p>\n\n\n\n<p>INSCRI\u00c7\u00c3O: Aplicativo da Escola ou pelo link: https:\/\/escola.al.rn.dti.systems\/<\/p>\n\n\n\n<p>MAIS INFORMA\u00c7\u00d5ES: 3232-8957<\/p>\n\n\n\n<figure class=\"wp-block-image size-large\"><img data-recalc-dims=\"1\" fetchpriority=\"high\" decoding=\"async\" width=\"800\" height=\"504\" src=\"https:\/\/i0.wp.com\/blogdobispo.com.br\/wp-content\/uploads\/2023\/10\/img_3541-1.png?resize=800%2C504&#038;ssl=1\" class=\"wp-image-2037\" srcset=\"https:\/\/i0.wp.com\/blogdobispo.com.br\/wp-content\/uploads\/2023\/10\/img_3541-1.png?w=818&amp;ssl=1 818w, https:\/\/i0.wp.com\/blogdobispo.com.br\/wp-content\/uploads\/2023\/10\/img_3541-1.png?resize=300%2C189&amp;ssl=1 300w, https:\/\/i0.wp.com\/blogdobispo.com.br\/wp-content\/uploads\/2023\/10\/img_3541-1.png?resize=768%2C484&amp;ssl=1 768w\" sizes=\"(max-width: 800px) 100vw, 800px\" \/><\/figure>\n","protected":false},"excerpt":{"rendered":"<p>A previd\u00eancia estadual est\u00e1 passando por mudan\u00e7as significativas e, para manter os servidores e a comunidade atualizada, a Escola da Assembleia Legislativa do RN (EALRN) est\u00e1 oferecendo um curso gratuito nos dias 27 e 29 de novembro, das 14h \u00e0s 18h, na sede da Institui\u00e7\u00e3o, das 14h \u00e0s 18h, com o presidente do Conselho de [&hellip;]<\/p>\n","protected":false},"author":1,"featured_media":0,"comment_status":"open","ping_status":"open","sticky":false,"template":"","format":"standard","meta":{"cybocfi_hide_featured_image":"","_jetpack_memberships_contains_paid_content":false,"footnotes":""},"categories":[1],"tags":[],"class_list":["post-2038","post","type-post","status-publish","format-standard","hentry","category-diversos"],"yoast_head":"<!-- This site is optimized with the Yoast SEO plugin v25.6 - https:\/\/yoast.com\/wordpress\/plugins\/seo\/ -->\n<title>Escola da Assembleia oferece curso sobre a nova Previd\u00eancia Estadual - Blog do Bispo<\/title>\n<meta name=\"robots\" content=\"index, follow, max-snippet:-1, max-image-preview:large, max-video-preview:-1\" \/>\n<link rel=\"canonical\" href=\"https:\/\/blogdobispo.com.br\/?p=2038\" \/>\n<meta property=\"og:locale\" content=\"pt_BR\" \/>\n<meta property=\"og:type\" content=\"article\" \/>\n<meta property=\"og:title\" content=\"Escola da Assembleia oferece curso sobre a nova Previd\u00eancia Estadual - Blog do Bispo\" \/>\n<meta property=\"og:description\" content=\"A previd\u00eancia estadual est\u00e1 passando por mudan\u00e7as significativas e, para manter os servidores e a comunidade atualizada, a Escola da Assembleia Legislativa do RN (EALRN) est\u00e1 oferecendo um curso gratuito nos dias 27 e 29 de novembro, das 14h \u00e0s 18h, na sede da Institui\u00e7\u00e3o, das 14h \u00e0s 18h, com o presidente do Conselho de [&hellip;]\" \/>\n<meta property=\"og:url\" content=\"https:\/\/blogdobispo.com.br\/?p=2038\" \/>\n<meta property=\"og:site_name\" content=\"Blog do Bispo\" \/>\n<meta property=\"article:published_time\" content=\"2023-10-31T02:01:26+00:00\" \/>\n<meta property=\"og:image\" content=\"https:\/\/blogdobispo.com.br\/wp-content\/uploads\/2023\/10\/img_3541-1.png\" \/>\n<meta name=\"author\" content=\"Jefferson Sterfeno\" \/>\n<meta name=\"twitter:card\" content=\"summary_large_image\" \/>\n<meta name=\"twitter:label1\" content=\"Escrito por\" \/>\n\t<meta name=\"twitter:data1\" content=\"Jefferson Sterfeno\" \/>\n\t<meta name=\"twitter:label2\" content=\"Est. tempo de leitura\" \/>\n\t<meta name=\"twitter:data2\" content=\"3 minutos\" \/>\n<script type=\"application\/ld+json\" class=\"yoast-schema-graph\">{\"@context\":\"https:\/\/schema.org\",\"@graph\":[{\"@type\":\"Article\",\"@id\":\"https:\/\/blogdobispo.com.br\/?p=2038#article\",\"isPartOf\":{\"@id\":\"https:\/\/blogdobispo.com.br\/?p=2038\"},\"author\":{\"name\":\"Jefferson Sterfeno\",\"@id\":\"https:\/\/blogdobispo.com.br\/#\/schema\/person\/e2209cc0e6cea5c5233d033e997b373f\"},\"headline\":\"Escola da Assembleia oferece curso sobre a nova Previd\u00eancia Estadual\",\"datePublished\":\"2023-10-31T02:01:26+00:00\",\"mainEntityOfPage\":{\"@id\":\"https:\/\/blogdobispo.com.br\/?p=2038\"},\"wordCount\":687,\"commentCount\":0,\"publisher\":{\"@id\":\"https:\/\/blogdobispo.com.br\/#organization\"},\"image\":{\"@id\":\"https:\/\/blogdobispo.com.br\/?p=2038#primaryimage\"},\"thumbnailUrl\":\"https:\/\/blogdobispo.com.br\/wp-content\/uploads\/2023\/10\/img_3541-1.png\",\"articleSection\":[\"diversos\"],\"inLanguage\":\"pt-BR\",\"potentialAction\":[{\"@type\":\"CommentAction\",\"name\":\"Comment\",\"target\":[\"https:\/\/blogdobispo.com.br\/?p=2038#respond\"]}]},{\"@type\":\"WebPage\",\"@id\":\"https:\/\/blogdobispo.com.br\/?p=2038\",\"url\":\"https:\/\/blogdobispo.com.br\/?p=2038\",\"name\":\"Escola da Assembleia oferece curso sobre a nova Previd\u00eancia Estadual - Blog do Bispo\",\"isPartOf\":{\"@id\":\"https:\/\/blogdobispo.com.br\/#website\"},\"primaryImageOfPage\":{\"@id\":\"https:\/\/blogdobispo.com.br\/?p=2038#primaryimage\"},\"image\":{\"@id\":\"https:\/\/blogdobispo.com.br\/?p=2038#primaryimage\"},\"thumbnailUrl\":\"https:\/\/blogdobispo.com.br\/wp-content\/uploads\/2023\/10\/img_3541-1.png\",\"datePublished\":\"2023-10-31T02:01:26+00:00\",\"breadcrumb\":{\"@id\":\"https:\/\/blogdobispo.com.br\/?p=2038#breadcrumb\"},\"inLanguage\":\"pt-BR\",\"potentialAction\":[{\"@type\":\"ReadAction\",\"target\":[\"https:\/\/blogdobispo.com.br\/?p=2038\"]}]},{\"@type\":\"ImageObject\",\"inLanguage\":\"pt-BR\",\"@id\":\"https:\/\/blogdobispo.com.br\/?p=2038#primaryimage\",\"url\":\"https:\/\/blogdobispo.com.br\/wp-content\/uploads\/2023\/10\/img_3541-1.png\",\"contentUrl\":\"https:\/\/blogdobispo.com.br\/wp-content\/uploads\/2023\/10\/img_3541-1.png\"},{\"@type\":\"BreadcrumbList\",\"@id\":\"https:\/\/blogdobispo.com.br\/?p=2038#breadcrumb\",\"itemListElement\":[{\"@type\":\"ListItem\",\"position\":1,\"name\":\"In\u00edcio\",\"item\":\"https:\/\/blogdobispo.com.br\/\"},{\"@type\":\"ListItem\",\"position\":2,\"name\":\"Escola da Assembleia oferece curso sobre a nova Previd\u00eancia Estadual\"}]},{\"@type\":\"WebSite\",\"@id\":\"https:\/\/blogdobispo.com.br\/#website\",\"url\":\"https:\/\/blogdobispo.com.br\/\",\"name\":\"Blog do Bispo\",\"description\":\"Comprometido apenas com o leitor\",\"publisher\":{\"@id\":\"https:\/\/blogdobispo.com.br\/#organization\"},\"potentialAction\":[{\"@type\":\"SearchAction\",\"target\":{\"@type\":\"EntryPoint\",\"urlTemplate\":\"https:\/\/blogdobispo.com.br\/?s={search_term_string}\"},\"query-input\":{\"@type\":\"PropertyValueSpecification\",\"valueRequired\":true,\"valueName\":\"search_term_string\"}}],\"inLanguage\":\"pt-BR\"},{\"@type\":\"Organization\",\"@id\":\"https:\/\/blogdobispo.com.br\/#organization\",\"name\":\"Blog do Bispo\",\"url\":\"https:\/\/blogdobispo.com.br\/\",\"logo\":{\"@type\":\"ImageObject\",\"inLanguage\":\"pt-BR\",\"@id\":\"https:\/\/blogdobispo.com.br\/#\/schema\/logo\/image\/\",\"url\":\"http:\/\/blogdobispo.com.br\/wp-content\/uploads\/2023\/05\/cropped-headear.png\",\"contentUrl\":\"http:\/\/blogdobispo.com.br\/wp-content\/uploads\/2023\/05\/cropped-headear.png\",\"width\":1500,\"height\":399,\"caption\":\"Blog do Bispo\"},\"image\":{\"@id\":\"https:\/\/blogdobispo.com.br\/#\/schema\/logo\/image\/\"}},{\"@type\":\"Person\",\"@id\":\"https:\/\/blogdobispo.com.br\/#\/schema\/person\/e2209cc0e6cea5c5233d033e997b373f\",\"name\":\"Jefferson Sterfeno\",\"image\":{\"@type\":\"ImageObject\",\"inLanguage\":\"pt-BR\",\"@id\":\"https:\/\/blogdobispo.com.br\/#\/schema\/person\/image\/\",\"url\":\"https:\/\/secure.gravatar.com\/avatar\/0534e84764641168a677026b6d57a3f51dc7ac4db0b4f6186d9cb330d4ee1160?s=96&d=mm&r=g\",\"contentUrl\":\"https:\/\/secure.gravatar.com\/avatar\/0534e84764641168a677026b6d57a3f51dc7ac4db0b4f6186d9cb330d4ee1160?s=96&d=mm&r=g\",\"caption\":\"Jefferson Sterfeno\"},\"sameAs\":[\"http:\/\/blogdobispo.com.br\"],\"url\":\"https:\/\/blogdobispo.com.br\/?author=1\"}]}<\/script>\n<!-- \/ Yoast SEO plugin. -->","yoast_head_json":{"title":"Escola da Assembleia oferece curso sobre a nova Previd\u00eancia Estadual - Blog do Bispo","robots":{"index":"index","follow":"follow","max-snippet":"max-snippet:-1","max-image-preview":"max-image-preview:large","max-video-preview":"max-video-preview:-1"},"canonical":"https:\/\/blogdobispo.com.br\/?p=2038","og_locale":"pt_BR","og_type":"article","og_title":"Escola da Assembleia oferece curso sobre a nova Previd\u00eancia Estadual - Blog do Bispo","og_description":"A previd\u00eancia estadual est\u00e1 passando por mudan\u00e7as significativas e, para manter os servidores e a comunidade atualizada, a Escola da Assembleia Legislativa do RN (EALRN) est\u00e1 oferecendo um curso gratuito nos dias 27 e 29 de novembro, das 14h \u00e0s 18h, na sede da Institui\u00e7\u00e3o, das 14h \u00e0s 18h, com o presidente do Conselho de [&hellip;]","og_url":"https:\/\/blogdobispo.com.br\/?p=2038","og_site_name":"Blog do Bispo","article_published_time":"2023-10-31T02:01:26+00:00","og_image":[{"url":"https:\/\/blogdobispo.com.br\/wp-content\/uploads\/2023\/10\/img_3541-1.png","type":"","width":"","height":""}],"author":"Jefferson Sterfeno","twitter_card":"summary_large_image","twitter_misc":{"Escrito por":"Jefferson Sterfeno","Est. tempo de leitura":"3 minutos"},"schema":{"@context":"https:\/\/schema.org","@graph":[{"@type":"Article","@id":"https:\/\/blogdobispo.com.br\/?p=2038#article","isPartOf":{"@id":"https:\/\/blogdobispo.com.br\/?p=2038"},"author":{"name":"Jefferson Sterfeno","@id":"https:\/\/blogdobispo.com.br\/#\/schema\/person\/e2209cc0e6cea5c5233d033e997b373f"},"headline":"Escola da Assembleia oferece curso sobre a nova Previd\u00eancia Estadual","datePublished":"2023-10-31T02:01:26+00:00","mainEntityOfPage":{"@id":"https:\/\/blogdobispo.com.br\/?p=2038"},"wordCount":687,"commentCount":0,"publisher":{"@id":"https:\/\/blogdobispo.com.br\/#organization"},"image":{"@id":"https:\/\/blogdobispo.com.br\/?p=2038#primaryimage"},"thumbnailUrl":"https:\/\/blogdobispo.com.br\/wp-content\/uploads\/2023\/10\/img_3541-1.png","articleSection":["diversos"],"inLanguage":"pt-BR","potentialAction":[{"@type":"CommentAction","name":"Comment","target":["https:\/\/blogdobispo.com.br\/?p=2038#respond"]}]},{"@type":"WebPage","@id":"https:\/\/blogdobispo.com.br\/?p=2038","url":"https:\/\/blogdobispo.com.br\/?p=2038","name":"Escola da Assembleia oferece curso sobre a nova Previd\u00eancia Estadual - Blog do Bispo","isPartOf":{"@id":"https:\/\/blogdobispo.com.br\/#website"},"primaryImageOfPage":{"@id":"https:\/\/blogdobispo.com.br\/?p=2038#primaryimage"},"image":{"@id":"https:\/\/blogdobispo.com.br\/?p=2038#primaryimage"},"thumbnailUrl":"https:\/\/blogdobispo.com.br\/wp-content\/uploads\/2023\/10\/img_3541-1.png","datePublished":"2023-10-31T02:01:26+00:00","breadcrumb":{"@id":"https:\/\/blogdobispo.com.br\/?p=2038#breadcrumb"},"inLanguage":"pt-BR","potentialAction":[{"@type":"ReadAction","target":["https:\/\/blogdobispo.com.br\/?p=2038"]}]},{"@type":"ImageObject","inLanguage":"pt-BR","@id":"https:\/\/blogdobispo.com.br\/?p=2038#primaryimage","url":"https:\/\/blogdobispo.com.br\/wp-content\/uploads\/2023\/10\/img_3541-1.png","contentUrl":"https:\/\/blogdobispo.com.br\/wp-content\/uploads\/2023\/10\/img_3541-1.png"},{"@type":"BreadcrumbList","@id":"https:\/\/blogdobispo.com.br\/?p=2038#breadcrumb","itemListElement":[{"@type":"ListItem","position":1,"name":"In\u00edcio","item":"https:\/\/blogdobispo.com.br\/"},{"@type":"ListItem","position":2,"name":"Escola da Assembleia oferece curso sobre a nova Previd\u00eancia Estadual"}]},{"@type":"WebSite","@id":"https:\/\/blogdobispo.com.br\/#website","url":"https:\/\/blogdobispo.com.br\/","name":"Blog do Bispo","description":"Comprometido apenas com o leitor","publisher":{"@id":"https:\/\/blogdobispo.com.br\/#organization"},"potentialAction":[{"@type":"SearchAction","target":{"@type":"EntryPoint","urlTemplate":"https:\/\/blogdobispo.com.br\/?s={search_term_string}"},"query-input":{"@type":"PropertyValueSpecification","valueRequired":true,"valueName":"search_term_string"}}],"inLanguage":"pt-BR"},{"@type":"Organization","@id":"https:\/\/blogdobispo.com.br\/#organization","name":"Blog do Bispo","url":"https:\/\/blogdobispo.com.br\/","logo":{"@type":"ImageObject","inLanguage":"pt-BR","@id":"https:\/\/blogdobispo.com.br\/#\/schema\/logo\/image\/","url":"http:\/\/blogdobispo.com.br\/wp-content\/uploads\/2023\/05\/cropped-headear.png","contentUrl":"http:\/\/blogdobispo.com.br\/wp-content\/uploads\/2023\/05\/cropped-headear.png","width":1500,"height":399,"caption":"Blog do Bispo"},"image":{"@id":"https:\/\/blogdobispo.com.br\/#\/schema\/logo\/image\/"}},{"@type":"Person","@id":"https:\/\/blogdobispo.com.br\/#\/schema\/person\/e2209cc0e6cea5c5233d033e997b373f","name":"Jefferson Sterfeno","image":{"@type":"ImageObject","inLanguage":"pt-BR","@id":"https:\/\/blogdobispo.com.br\/#\/schema\/person\/image\/","url":"https:\/\/secure.gravatar.com\/avatar\/0534e84764641168a677026b6d57a3f51dc7ac4db0b4f6186d9cb330d4ee1160?s=96&d=mm&r=g","contentUrl":"https:\/\/secure.gravatar.com\/avatar\/0534e84764641168a677026b6d57a3f51dc7ac4db0b4f6186d9cb330d4ee1160?s=96&d=mm&r=g","caption":"Jefferson Sterfeno"},"sameAs":["http:\/\/blogdobispo.com.br"],"url":"https:\/\/blogdobispo.com.br\/?author=1"}]}},"featured_image_urls":{"full":"","thumbnail":"","medium":"","medium_large":"","large":"","1536x1536":"","2048x2048":""},"author_info":{"display_name":"Jefferson Sterfeno","author_link":"https:\/\/blogdobispo.com.br\/?author=1"},"category_info":"<a href=\"https:\/\/blogdobispo.com.br\/?cat=1\" rel=\"category\">diversos<\/a>","tag_info":"diversos","comment_count":"0","jetpack_featured_media_url":"","jetpack_sharing_enabled":true,"_links":{"self":[{"href":"https:\/\/blogdobispo.com.br\/index.php?rest_route=\/wp\/v2\/posts\/2038","targetHints":{"allow":["GET"]}}],"collection":[{"href":"https:\/\/blogdobispo.com.br\/index.php?rest_route=\/wp\/v2\/posts"}],"about":[{"href":"https:\/\/blogdobispo.com.br\/index.php?rest_route=\/wp\/v2\/types\/post"}],"author":[{"embeddable":true,"href":"https:\/\/blogdobispo.com.br\/index.php?rest_route=\/wp\/v2\/users\/1"}],"replies":[{"embeddable":true,"href":"https:\/\/blogdobispo.com.br\/index.php?rest_route=%2Fwp%2Fv2%2Fcomments&post=2038"}],"version-history":[{"count":0,"href":"https:\/\/blogdobispo.com.br\/index.php?rest_route=\/wp\/v2\/posts\/2038\/revisions"}],"wp:attachment":[{"href":"https:\/\/blogdobispo.com.br\/index.php?rest_route=%2Fwp%2Fv2%2Fmedia&parent=2038"}],"wp:term":[{"taxonomy":"category","embeddable":true,"href":"https:\/\/blogdobispo.com.br\/index.php?rest_route=%2Fwp%2Fv2%2Fcategories&post=2038"},{"taxonomy":"post_tag","embeddable":true,"href":"https:\/\/blogdobispo.com.br\/index.php?rest_route=%2Fwp%2Fv2%2Ftags&post=2038"}],"curies":[{"name":"wp","href":"https:\/\/api.w.org\/{rel}","templated":true}]}}