{"id":2036,"date":"2023-10-31T01:59:44","date_gmt":"2023-10-31T01:59:44","guid":{"rendered":"https:\/\/blogdobispo.com.br\/?p=2036"},"modified":"2023-10-31T01:59:44","modified_gmt":"2023-10-31T01:59:44","slug":"lei-orcamentaria-loa-para-2024-comeca-a-tramitar-a-comissao-de-justica","status":"publish","type":"post","link":"https:\/\/blogdobispo.com.br\/?p=2036","title":{"rendered":"Lei Or\u00e7ament\u00e1ria (LOA) para 2024 come\u00e7a a tramitar a Comiss\u00e3o de Justi\u00e7a"},"content":{"rendered":"\n<p>A tramita\u00e7\u00e3o do Projeto de Lei n\u00b0 638\/2023, de autoria do Executivo Municipal, come\u00e7ou a tramitar nesta segunda-feira (30) na Comiss\u00e3o de Legisla\u00e7\u00e3o, Justi\u00e7a e Reda\u00e7\u00e3o Final da C\u00e2mara Municipal de Natal. A mat\u00e9ria estima a receita e fixa a despesa do munic\u00edpio para o exerc\u00edcio financeiro de 2024 e est\u00e1 sob a relatoria da vereadora Nina Souza (PDT), presidente da comiss\u00e3o.<\/p>\n\n\n\n<p>&#8220;Como sempre, tivemos uma reuni\u00e3o proativa com diversas mat\u00e9rias para designar e apreciar. Recebemos a Lei Or\u00e7ament\u00e1ria, uma vez que estamos terminando o ano de 2023 e a mat\u00e9ria \u00e9 instrumento onde alocamos recursos para obras e a\u00e7\u00f5es da gest\u00e3o municipal&#8221;, disse a parlamentar.<\/p>\n\n\n\n<p>A expectativa \u00e9 de que em duas semanas o projeto que prev\u00ea um or\u00e7amento de R$ 4,8 bilh\u00f5es, retorne com parecer para ser votado.<\/p>\n\n\n\n<p>J\u00e1 entre os projetos, cujos pareceres foram apreciados na reuni\u00e3o desta segunda-feira, destacam-se o PL n\u00b0 504\/2023, do vereador Kleber Fernandes (PSDB), que veda a reprodu\u00e7\u00e3o de m\u00fasicas e v\u00eddeos que contenham palavras, termos ou express\u00f5es de natureza pornogr\u00e1fica ou sexual, ou que descrevam, induzam ou instiguem a pr\u00e1tica de atos libidinosos ou sexuais nas escolas de ensino infantil; e o PL n\u00b0 455\/2023, da vereadora J\u00falia Arruda (PC do B), que institui as diretrizes para a Pol\u00edtica Municipal de Preven\u00e7\u00e3o e Erradica\u00e7\u00e3o do Trabalho Infantil.<\/p>\n\n\n\n<p>Tamb\u00e9m recebeu parecer favor\u00e1vel o PL n\u00b0 540\/2023, da vereadora Margareth R\u00e9gia (PROS), que cria um Banco de Leite municipal. &#8220;Em Natal temos apenas a Maternidade Janu\u00e1rio Cicco que disp\u00f5e de um banco de leite e esse projeto facilita para que as maternidades municipais possam ter tamb\u00e9m e facilitar o acesso \u00e0s crian\u00e7as que precisam&#8221;, destacou a vereadora Camila Ara\u00fajo (Uni\u00e3o Brasil), relatora do projeto.<\/p>\n\n\n\n<p>Na reuni\u00e3o, da qual partiparam ainda o vereador Raniere Barbosa (Avante) e a vereadora Brisa Bracchi (PT), foi aprovada ainda a concess\u00e3o de quatro t\u00edtulos de cidadania natalense, entre esses, um a ser entregue ao cantor Raimundo Fagner.<\/p>\n\n\n\n<p>Texto: Cl\u00e1udio Oliveira<\/p>\n\n\n\n<p>Fotos: Francisco de Assis<\/p>\n\n\n\n<figure class=\"wp-block-image size-large\"><img data-recalc-dims=\"1\" fetchpriority=\"high\" decoding=\"async\" width=\"800\" height=\"558\" src=\"https:\/\/i0.wp.com\/blogdobispo.com.br\/wp-content\/uploads\/2023\/10\/img_3540-1.png?resize=800%2C558&#038;ssl=1\" class=\"wp-image-2035\" srcset=\"https:\/\/i0.wp.com\/blogdobispo.com.br\/wp-content\/uploads\/2023\/10\/img_3540-1.png?w=960&amp;ssl=1 960w, https:\/\/i0.wp.com\/blogdobispo.com.br\/wp-content\/uploads\/2023\/10\/img_3540-1.png?resize=300%2C209&amp;ssl=1 300w, https:\/\/i0.wp.com\/blogdobispo.com.br\/wp-content\/uploads\/2023\/10\/img_3540-1.png?resize=768%2C535&amp;ssl=1 768w, https:\/\/i0.wp.com\/blogdobispo.com.br\/wp-content\/uploads\/2023\/10\/img_3540-1.png?resize=825%2C575&amp;ssl=1 825w, https:\/\/i0.wp.com\/blogdobispo.com.br\/wp-content\/uploads\/2023\/10\/img_3540-1.png?resize=590%2C410&amp;ssl=1 590w\" sizes=\"(max-width: 800px) 100vw, 800px\" \/><\/figure>\n","protected":false},"excerpt":{"rendered":"<p>A tramita\u00e7\u00e3o do Projeto de Lei n\u00b0 638\/2023, de autoria do Executivo Municipal, come\u00e7ou a tramitar nesta segunda-feira (30) na Comiss\u00e3o de Legisla\u00e7\u00e3o, Justi\u00e7a e Reda\u00e7\u00e3o Final da C\u00e2mara Municipal de Natal. A mat\u00e9ria estima a receita e fixa a despesa do munic\u00edpio para o exerc\u00edcio financeiro de 2024 e est\u00e1 sob a relatoria da [&hellip;]<\/p>\n","protected":false},"author":1,"featured_media":0,"comment_status":"open","ping_status":"open","sticky":false,"template":"","format":"standard","meta":{"cybocfi_hide_featured_image":"","_jetpack_memberships_contains_paid_content":false,"footnotes":""},"categories":[1],"tags":[],"class_list":["post-2036","post","type-post","status-publish","format-standard","hentry","category-diversos"],"yoast_head":"<!-- This site is optimized with the Yoast SEO plugin v25.6 - https:\/\/yoast.com\/wordpress\/plugins\/seo\/ -->\n<title>Lei Or\u00e7ament\u00e1ria (LOA) para 2024 come\u00e7a a tramitar a Comiss\u00e3o de Justi\u00e7a - Blog do Bispo<\/title>\n<meta name=\"robots\" content=\"index, follow, max-snippet:-1, max-image-preview:large, max-video-preview:-1\" \/>\n<link rel=\"canonical\" href=\"https:\/\/blogdobispo.com.br\/?p=2036\" \/>\n<meta property=\"og:locale\" content=\"pt_BR\" \/>\n<meta property=\"og:type\" content=\"article\" \/>\n<meta property=\"og:title\" content=\"Lei Or\u00e7ament\u00e1ria (LOA) para 2024 come\u00e7a a tramitar a Comiss\u00e3o de Justi\u00e7a - Blog do Bispo\" \/>\n<meta property=\"og:description\" content=\"A tramita\u00e7\u00e3o do Projeto de Lei n\u00b0 638\/2023, de autoria do Executivo Municipal, come\u00e7ou a tramitar nesta segunda-feira (30) na Comiss\u00e3o de Legisla\u00e7\u00e3o, Justi\u00e7a e Reda\u00e7\u00e3o Final da C\u00e2mara Municipal de Natal. A mat\u00e9ria estima a receita e fixa a despesa do munic\u00edpio para o exerc\u00edcio financeiro de 2024 e est\u00e1 sob a relatoria da [&hellip;]\" \/>\n<meta property=\"og:url\" content=\"https:\/\/blogdobispo.com.br\/?p=2036\" \/>\n<meta property=\"og:site_name\" content=\"Blog do Bispo\" \/>\n<meta property=\"article:published_time\" content=\"2023-10-31T01:59:44+00:00\" \/>\n<meta property=\"og:image\" content=\"https:\/\/blogdobispo.com.br\/wp-content\/uploads\/2023\/10\/img_3540-1.png\" \/>\n<meta name=\"author\" content=\"Jefferson Sterfeno\" \/>\n<meta name=\"twitter:card\" content=\"summary_large_image\" \/>\n<meta name=\"twitter:label1\" content=\"Escrito por\" \/>\n\t<meta name=\"twitter:data1\" content=\"Jefferson Sterfeno\" \/>\n\t<meta name=\"twitter:label2\" content=\"Est. tempo de leitura\" \/>\n\t<meta name=\"twitter:data2\" content=\"2 minutos\" \/>\n<script type=\"application\/ld+json\" class=\"yoast-schema-graph\">{\"@context\":\"https:\/\/schema.org\",\"@graph\":[{\"@type\":\"Article\",\"@id\":\"https:\/\/blogdobispo.com.br\/?p=2036#article\",\"isPartOf\":{\"@id\":\"https:\/\/blogdobispo.com.br\/?p=2036\"},\"author\":{\"name\":\"Jefferson Sterfeno\",\"@id\":\"https:\/\/blogdobispo.com.br\/#\/schema\/person\/e2209cc0e6cea5c5233d033e997b373f\"},\"headline\":\"Lei Or\u00e7ament\u00e1ria (LOA) para 2024 come\u00e7a a tramitar a Comiss\u00e3o de Justi\u00e7a\",\"datePublished\":\"2023-10-31T01:59:44+00:00\",\"mainEntityOfPage\":{\"@id\":\"https:\/\/blogdobispo.com.br\/?p=2036\"},\"wordCount\":376,\"commentCount\":0,\"publisher\":{\"@id\":\"https:\/\/blogdobispo.com.br\/#organization\"},\"image\":{\"@id\":\"https:\/\/blogdobispo.com.br\/?p=2036#primaryimage\"},\"thumbnailUrl\":\"https:\/\/blogdobispo.com.br\/wp-content\/uploads\/2023\/10\/img_3540-1.png\",\"articleSection\":[\"diversos\"],\"inLanguage\":\"pt-BR\",\"potentialAction\":[{\"@type\":\"CommentAction\",\"name\":\"Comment\",\"target\":[\"https:\/\/blogdobispo.com.br\/?p=2036#respond\"]}]},{\"@type\":\"WebPage\",\"@id\":\"https:\/\/blogdobispo.com.br\/?p=2036\",\"url\":\"https:\/\/blogdobispo.com.br\/?p=2036\",\"name\":\"Lei Or\u00e7ament\u00e1ria (LOA) para 2024 come\u00e7a a tramitar a Comiss\u00e3o de Justi\u00e7a - Blog do Bispo\",\"isPartOf\":{\"@id\":\"https:\/\/blogdobispo.com.br\/#website\"},\"primaryImageOfPage\":{\"@id\":\"https:\/\/blogdobispo.com.br\/?p=2036#primaryimage\"},\"image\":{\"@id\":\"https:\/\/blogdobispo.com.br\/?p=2036#primaryimage\"},\"thumbnailUrl\":\"https:\/\/blogdobispo.com.br\/wp-content\/uploads\/2023\/10\/img_3540-1.png\",\"datePublished\":\"2023-10-31T01:59:44+00:00\",\"breadcrumb\":{\"@id\":\"https:\/\/blogdobispo.com.br\/?p=2036#breadcrumb\"},\"inLanguage\":\"pt-BR\",\"potentialAction\":[{\"@type\":\"ReadAction\",\"target\":[\"https:\/\/blogdobispo.com.br\/?p=2036\"]}]},{\"@type\":\"ImageObject\",\"inLanguage\":\"pt-BR\",\"@id\":\"https:\/\/blogdobispo.com.br\/?p=2036#primaryimage\",\"url\":\"https:\/\/blogdobispo.com.br\/wp-content\/uploads\/2023\/10\/img_3540-1.png\",\"contentUrl\":\"https:\/\/blogdobispo.com.br\/wp-content\/uploads\/2023\/10\/img_3540-1.png\"},{\"@type\":\"BreadcrumbList\",\"@id\":\"https:\/\/blogdobispo.com.br\/?p=2036#breadcrumb\",\"itemListElement\":[{\"@type\":\"ListItem\",\"position\":1,\"name\":\"In\u00edcio\",\"item\":\"https:\/\/blogdobispo.com.br\/\"},{\"@type\":\"ListItem\",\"position\":2,\"name\":\"Lei Or\u00e7ament\u00e1ria (LOA) para 2024 come\u00e7a a tramitar a Comiss\u00e3o de Justi\u00e7a\"}]},{\"@type\":\"WebSite\",\"@id\":\"https:\/\/blogdobispo.com.br\/#website\",\"url\":\"https:\/\/blogdobispo.com.br\/\",\"name\":\"Blog do Bispo\",\"description\":\"Comprometido apenas com o leitor\",\"publisher\":{\"@id\":\"https:\/\/blogdobispo.com.br\/#organization\"},\"potentialAction\":[{\"@type\":\"SearchAction\",\"target\":{\"@type\":\"EntryPoint\",\"urlTemplate\":\"https:\/\/blogdobispo.com.br\/?s={search_term_string}\"},\"query-input\":{\"@type\":\"PropertyValueSpecification\",\"valueRequired\":true,\"valueName\":\"search_term_string\"}}],\"inLanguage\":\"pt-BR\"},{\"@type\":\"Organization\",\"@id\":\"https:\/\/blogdobispo.com.br\/#organization\",\"name\":\"Blog do Bispo\",\"url\":\"https:\/\/blogdobispo.com.br\/\",\"logo\":{\"@type\":\"ImageObject\",\"inLanguage\":\"pt-BR\",\"@id\":\"https:\/\/blogdobispo.com.br\/#\/schema\/logo\/image\/\",\"url\":\"http:\/\/blogdobispo.com.br\/wp-content\/uploads\/2023\/05\/cropped-headear.png\",\"contentUrl\":\"http:\/\/blogdobispo.com.br\/wp-content\/uploads\/2023\/05\/cropped-headear.png\",\"width\":1500,\"height\":399,\"caption\":\"Blog do Bispo\"},\"image\":{\"@id\":\"https:\/\/blogdobispo.com.br\/#\/schema\/logo\/image\/\"}},{\"@type\":\"Person\",\"@id\":\"https:\/\/blogdobispo.com.br\/#\/schema\/person\/e2209cc0e6cea5c5233d033e997b373f\",\"name\":\"Jefferson Sterfeno\",\"image\":{\"@type\":\"ImageObject\",\"inLanguage\":\"pt-BR\",\"@id\":\"https:\/\/blogdobispo.com.br\/#\/schema\/person\/image\/\",\"url\":\"https:\/\/secure.gravatar.com\/avatar\/0534e84764641168a677026b6d57a3f51dc7ac4db0b4f6186d9cb330d4ee1160?s=96&d=mm&r=g\",\"contentUrl\":\"https:\/\/secure.gravatar.com\/avatar\/0534e84764641168a677026b6d57a3f51dc7ac4db0b4f6186d9cb330d4ee1160?s=96&d=mm&r=g\",\"caption\":\"Jefferson Sterfeno\"},\"sameAs\":[\"http:\/\/blogdobispo.com.br\"],\"url\":\"https:\/\/blogdobispo.com.br\/?author=1\"}]}<\/script>\n<!-- \/ Yoast SEO plugin. -->","yoast_head_json":{"title":"Lei Or\u00e7ament\u00e1ria (LOA) para 2024 come\u00e7a a tramitar a Comiss\u00e3o de Justi\u00e7a - Blog do Bispo","robots":{"index":"index","follow":"follow","max-snippet":"max-snippet:-1","max-image-preview":"max-image-preview:large","max-video-preview":"max-video-preview:-1"},"canonical":"https:\/\/blogdobispo.com.br\/?p=2036","og_locale":"pt_BR","og_type":"article","og_title":"Lei Or\u00e7ament\u00e1ria (LOA) para 2024 come\u00e7a a tramitar a Comiss\u00e3o de Justi\u00e7a - Blog do Bispo","og_description":"A tramita\u00e7\u00e3o do Projeto de Lei n\u00b0 638\/2023, de autoria do Executivo Municipal, come\u00e7ou a tramitar nesta segunda-feira (30) na Comiss\u00e3o de Legisla\u00e7\u00e3o, Justi\u00e7a e Reda\u00e7\u00e3o Final da C\u00e2mara Municipal de Natal. A mat\u00e9ria estima a receita e fixa a despesa do munic\u00edpio para o exerc\u00edcio financeiro de 2024 e est\u00e1 sob a relatoria da [&hellip;]","og_url":"https:\/\/blogdobispo.com.br\/?p=2036","og_site_name":"Blog do Bispo","article_published_time":"2023-10-31T01:59:44+00:00","og_image":[{"url":"https:\/\/blogdobispo.com.br\/wp-content\/uploads\/2023\/10\/img_3540-1.png","type":"","width":"","height":""}],"author":"Jefferson Sterfeno","twitter_card":"summary_large_image","twitter_misc":{"Escrito por":"Jefferson Sterfeno","Est. tempo de leitura":"2 minutos"},"schema":{"@context":"https:\/\/schema.org","@graph":[{"@type":"Article","@id":"https:\/\/blogdobispo.com.br\/?p=2036#article","isPartOf":{"@id":"https:\/\/blogdobispo.com.br\/?p=2036"},"author":{"name":"Jefferson Sterfeno","@id":"https:\/\/blogdobispo.com.br\/#\/schema\/person\/e2209cc0e6cea5c5233d033e997b373f"},"headline":"Lei Or\u00e7ament\u00e1ria (LOA) para 2024 come\u00e7a a tramitar a Comiss\u00e3o de Justi\u00e7a","datePublished":"2023-10-31T01:59:44+00:00","mainEntityOfPage":{"@id":"https:\/\/blogdobispo.com.br\/?p=2036"},"wordCount":376,"commentCount":0,"publisher":{"@id":"https:\/\/blogdobispo.com.br\/#organization"},"image":{"@id":"https:\/\/blogdobispo.com.br\/?p=2036#primaryimage"},"thumbnailUrl":"https:\/\/blogdobispo.com.br\/wp-content\/uploads\/2023\/10\/img_3540-1.png","articleSection":["diversos"],"inLanguage":"pt-BR","potentialAction":[{"@type":"CommentAction","name":"Comment","target":["https:\/\/blogdobispo.com.br\/?p=2036#respond"]}]},{"@type":"WebPage","@id":"https:\/\/blogdobispo.com.br\/?p=2036","url":"https:\/\/blogdobispo.com.br\/?p=2036","name":"Lei Or\u00e7ament\u00e1ria (LOA) para 2024 come\u00e7a a tramitar a Comiss\u00e3o de Justi\u00e7a - Blog do Bispo","isPartOf":{"@id":"https:\/\/blogdobispo.com.br\/#website"},"primaryImageOfPage":{"@id":"https:\/\/blogdobispo.com.br\/?p=2036#primaryimage"},"image":{"@id":"https:\/\/blogdobispo.com.br\/?p=2036#primaryimage"},"thumbnailUrl":"https:\/\/blogdobispo.com.br\/wp-content\/uploads\/2023\/10\/img_3540-1.png","datePublished":"2023-10-31T01:59:44+00:00","breadcrumb":{"@id":"https:\/\/blogdobispo.com.br\/?p=2036#breadcrumb"},"inLanguage":"pt-BR","potentialAction":[{"@type":"ReadAction","target":["https:\/\/blogdobispo.com.br\/?p=2036"]}]},{"@type":"ImageObject","inLanguage":"pt-BR","@id":"https:\/\/blogdobispo.com.br\/?p=2036#primaryimage","url":"https:\/\/blogdobispo.com.br\/wp-content\/uploads\/2023\/10\/img_3540-1.png","contentUrl":"https:\/\/blogdobispo.com.br\/wp-content\/uploads\/2023\/10\/img_3540-1.png"},{"@type":"BreadcrumbList","@id":"https:\/\/blogdobispo.com.br\/?p=2036#breadcrumb","itemListElement":[{"@type":"ListItem","position":1,"name":"In\u00edcio","item":"https:\/\/blogdobispo.com.br\/"},{"@type":"ListItem","position":2,"name":"Lei Or\u00e7ament\u00e1ria (LOA) para 2024 come\u00e7a a tramitar a Comiss\u00e3o de Justi\u00e7a"}]},{"@type":"WebSite","@id":"https:\/\/blogdobispo.com.br\/#website","url":"https:\/\/blogdobispo.com.br\/","name":"Blog do Bispo","description":"Comprometido apenas com o leitor","publisher":{"@id":"https:\/\/blogdobispo.com.br\/#organization"},"potentialAction":[{"@type":"SearchAction","target":{"@type":"EntryPoint","urlTemplate":"https:\/\/blogdobispo.com.br\/?s={search_term_string}"},"query-input":{"@type":"PropertyValueSpecification","valueRequired":true,"valueName":"search_term_string"}}],"inLanguage":"pt-BR"},{"@type":"Organization","@id":"https:\/\/blogdobispo.com.br\/#organization","name":"Blog do Bispo","url":"https:\/\/blogdobispo.com.br\/","logo":{"@type":"ImageObject","inLanguage":"pt-BR","@id":"https:\/\/blogdobispo.com.br\/#\/schema\/logo\/image\/","url":"http:\/\/blogdobispo.com.br\/wp-content\/uploads\/2023\/05\/cropped-headear.png","contentUrl":"http:\/\/blogdobispo.com.br\/wp-content\/uploads\/2023\/05\/cropped-headear.png","width":1500,"height":399,"caption":"Blog do Bispo"},"image":{"@id":"https:\/\/blogdobispo.com.br\/#\/schema\/logo\/image\/"}},{"@type":"Person","@id":"https:\/\/blogdobispo.com.br\/#\/schema\/person\/e2209cc0e6cea5c5233d033e997b373f","name":"Jefferson Sterfeno","image":{"@type":"ImageObject","inLanguage":"pt-BR","@id":"https:\/\/blogdobispo.com.br\/#\/schema\/person\/image\/","url":"https:\/\/secure.gravatar.com\/avatar\/0534e84764641168a677026b6d57a3f51dc7ac4db0b4f6186d9cb330d4ee1160?s=96&d=mm&r=g","contentUrl":"https:\/\/secure.gravatar.com\/avatar\/0534e84764641168a677026b6d57a3f51dc7ac4db0b4f6186d9cb330d4ee1160?s=96&d=mm&r=g","caption":"Jefferson Sterfeno"},"sameAs":["http:\/\/blogdobispo.com.br"],"url":"https:\/\/blogdobispo.com.br\/?author=1"}]}},"featured_image_urls":{"full":"","thumbnail":"","medium":"","medium_large":"","large":"","1536x1536":"","2048x2048":""},"author_info":{"display_name":"Jefferson Sterfeno","author_link":"https:\/\/blogdobispo.com.br\/?author=1"},"category_info":"<a href=\"https:\/\/blogdobispo.com.br\/?cat=1\" rel=\"category\">diversos<\/a>","tag_info":"diversos","comment_count":"0","jetpack_featured_media_url":"","jetpack_sharing_enabled":true,"_links":{"self":[{"href":"https:\/\/blogdobispo.com.br\/index.php?rest_route=\/wp\/v2\/posts\/2036","targetHints":{"allow":["GET"]}}],"collection":[{"href":"https:\/\/blogdobispo.com.br\/index.php?rest_route=\/wp\/v2\/posts"}],"about":[{"href":"https:\/\/blogdobispo.com.br\/index.php?rest_route=\/wp\/v2\/types\/post"}],"author":[{"embeddable":true,"href":"https:\/\/blogdobispo.com.br\/index.php?rest_route=\/wp\/v2\/users\/1"}],"replies":[{"embeddable":true,"href":"https:\/\/blogdobispo.com.br\/index.php?rest_route=%2Fwp%2Fv2%2Fcomments&post=2036"}],"version-history":[{"count":0,"href":"https:\/\/blogdobispo.com.br\/index.php?rest_route=\/wp\/v2\/posts\/2036\/revisions"}],"wp:attachment":[{"href":"https:\/\/blogdobispo.com.br\/index.php?rest_route=%2Fwp%2Fv2%2Fmedia&parent=2036"}],"wp:term":[{"taxonomy":"category","embeddable":true,"href":"https:\/\/blogdobispo.com.br\/index.php?rest_route=%2Fwp%2Fv2%2Fcategories&post=2036"},{"taxonomy":"post_tag","embeddable":true,"href":"https:\/\/blogdobispo.com.br\/index.php?rest_route=%2Fwp%2Fv2%2Ftags&post=2036"}],"curies":[{"name":"wp","href":"https:\/\/api.w.org\/{rel}","templated":true}]}}