{"id":2034,"date":"2023-10-30T23:06:21","date_gmt":"2023-10-30T23:06:21","guid":{"rendered":"https:\/\/blogdobispo.com.br\/?p=2034"},"modified":"2023-10-30T23:06:21","modified_gmt":"2023-10-30T23:06:21","slug":"cindy-amplia-desempenho-e-e-reeleita-conselheira-tutelar-da-zona-sul-com-uma-das-maiores-votacoes-de-natal","status":"publish","type":"post","link":"https:\/\/blogdobispo.com.br\/?p=2034","title":{"rendered":"<em>Cindy amplia desempenho e \u00e9 reeleita conselheira tutelar da zona Sul com uma das maiores vota\u00e7\u00f5es de Natal<\/em>"},"content":{"rendered":"\n<figure class=\"wp-block-image size-large\"><img data-recalc-dims=\"1\" fetchpriority=\"high\" decoding=\"async\" width=\"800\" height=\"660\" src=\"https:\/\/i0.wp.com\/blogdobispo.com.br\/wp-content\/uploads\/2023\/10\/8dd427d0-edd2-4094-b436-1b0647da83ea-1-1024x845.jpg?resize=800%2C660&#038;ssl=1\" class=\"wp-image-2033\" srcset=\"https:\/\/i0.wp.com\/blogdobispo.com.br\/wp-content\/uploads\/2023\/10\/8dd427d0-edd2-4094-b436-1b0647da83ea-1.jpg?resize=1024%2C845&amp;ssl=1 1024w, https:\/\/i0.wp.com\/blogdobispo.com.br\/wp-content\/uploads\/2023\/10\/8dd427d0-edd2-4094-b436-1b0647da83ea-1.jpg?resize=300%2C248&amp;ssl=1 300w, https:\/\/i0.wp.com\/blogdobispo.com.br\/wp-content\/uploads\/2023\/10\/8dd427d0-edd2-4094-b436-1b0647da83ea-1.jpg?resize=768%2C634&amp;ssl=1 768w, https:\/\/i0.wp.com\/blogdobispo.com.br\/wp-content\/uploads\/2023\/10\/8dd427d0-edd2-4094-b436-1b0647da83ea-1.jpg?w=1080&amp;ssl=1 1080w\" sizes=\"(max-width: 800px) 100vw, 800px\" \/><\/figure>\n\n\n\n<p><\/p>\n\n\n\n<p>A conselheira Tutelar Cindy Stefanie foi reeleita nesse domingo (29) para mais um mandato no Conselho Tutelar da Zona Sul de Natal, desempenho esse que ficou entre os melhores do processo de Natal.<\/p>\n\n\n\n<p>A assistente social Cindy, que nasceu e foi criada no bairro de Ne\u00f3polis, obteve 1.097 votos, quando no pleito passado tinha obtido 940 sufr\u00e1gios, ou seja, um aumento no seu desempenho de mais de 15%, sendo quase 800 votos apenas nas \u00e1reas de Ne\u00f3polis, Pirangi e Jiqui, um percentual concentrado de quase 73% nesses tr\u00eas bairros.<\/p>\n\n\n\n<p>Cindy \u00e9 esposa do pr\u00e9-candidato a vereador nas elei\u00e7\u00f5es de 2024, o presidente PP\/Natal, Daniel Santiago.<br>&#8220;Agrade\u00e7o o reconhecimento do meu trabalho e continuarei dedicada \u00e0 minha miss\u00e3o de zelar pelos direitos das crian\u00e7as e adolescentes da zona Sul de Natal&#8221;, afirma Cindy. Daniel, por sua vez, complementa: &#8220;Mais uma vez confirmamos que o trabalho s\u00e9rio \u00e9 aprovado e contar com amigos \u00e9 fundamental pra seguir a luta. Obrigado a todos que contribu\u00edram pra essa linda vit\u00f3ria&#8221;.<\/p>\n\n\n\n<p><\/p>\n","protected":false},"excerpt":{"rendered":"<p>A conselheira Tutelar Cindy Stefanie foi reeleita nesse domingo (29) para mais um mandato no Conselho Tutelar da Zona Sul de Natal, desempenho esse que ficou entre os melhores do processo de Natal. A assistente social Cindy, que nasceu e foi criada no bairro de Ne\u00f3polis, obteve 1.097 votos, quando no pleito passado tinha obtido [&hellip;]<\/p>\n","protected":false},"author":1,"featured_media":0,"comment_status":"open","ping_status":"open","sticky":false,"template":"","format":"standard","meta":{"cybocfi_hide_featured_image":"","_jetpack_memberships_contains_paid_content":false,"footnotes":""},"categories":[1],"tags":[],"class_list":["post-2034","post","type-post","status-publish","format-standard","hentry","category-diversos"],"yoast_head":"<!-- This site is optimized with the Yoast SEO plugin v25.6 - https:\/\/yoast.com\/wordpress\/plugins\/seo\/ -->\n<title>Cindy amplia desempenho e \u00e9 reeleita conselheira tutelar da zona Sul com uma das maiores vota\u00e7\u00f5es de Natal - Blog do Bispo<\/title>\n<meta name=\"robots\" content=\"index, follow, max-snippet:-1, max-image-preview:large, max-video-preview:-1\" \/>\n<link rel=\"canonical\" href=\"https:\/\/blogdobispo.com.br\/?p=2034\" \/>\n<meta property=\"og:locale\" content=\"pt_BR\" \/>\n<meta property=\"og:type\" content=\"article\" \/>\n<meta property=\"og:title\" content=\"Cindy amplia desempenho e \u00e9 reeleita conselheira tutelar da zona Sul com uma das maiores vota\u00e7\u00f5es de Natal - Blog do Bispo\" \/>\n<meta property=\"og:description\" content=\"A conselheira Tutelar Cindy Stefanie foi reeleita nesse domingo (29) para mais um mandato no Conselho Tutelar da Zona Sul de Natal, desempenho esse que ficou entre os melhores do processo de Natal. A assistente social Cindy, que nasceu e foi criada no bairro de Ne\u00f3polis, obteve 1.097 votos, quando no pleito passado tinha obtido [&hellip;]\" \/>\n<meta property=\"og:url\" content=\"https:\/\/blogdobispo.com.br\/?p=2034\" \/>\n<meta property=\"og:site_name\" content=\"Blog do Bispo\" \/>\n<meta property=\"article:published_time\" content=\"2023-10-30T23:06:21+00:00\" \/>\n<meta property=\"og:image\" content=\"https:\/\/blogdobispo.com.br\/wp-content\/uploads\/2023\/10\/8dd427d0-edd2-4094-b436-1b0647da83ea-1-1024x845.jpg\" \/>\n<meta name=\"author\" content=\"Jefferson Sterfeno\" \/>\n<meta name=\"twitter:card\" content=\"summary_large_image\" \/>\n<meta name=\"twitter:label1\" content=\"Escrito por\" \/>\n\t<meta name=\"twitter:data1\" content=\"Jefferson Sterfeno\" \/>\n\t<meta name=\"twitter:label2\" content=\"Est. tempo de leitura\" \/>\n\t<meta name=\"twitter:data2\" content=\"1 minuto\" \/>\n<script type=\"application\/ld+json\" class=\"yoast-schema-graph\">{\"@context\":\"https:\/\/schema.org\",\"@graph\":[{\"@type\":\"Article\",\"@id\":\"https:\/\/blogdobispo.com.br\/?p=2034#article\",\"isPartOf\":{\"@id\":\"https:\/\/blogdobispo.com.br\/?p=2034\"},\"author\":{\"name\":\"Jefferson Sterfeno\",\"@id\":\"https:\/\/blogdobispo.com.br\/#\/schema\/person\/e2209cc0e6cea5c5233d033e997b373f\"},\"headline\":\"Cindy amplia desempenho e \u00e9 reeleita conselheira tutelar da zona Sul com uma das maiores vota\u00e7\u00f5es de Natal\",\"datePublished\":\"2023-10-30T23:06:21+00:00\",\"mainEntityOfPage\":{\"@id\":\"https:\/\/blogdobispo.com.br\/?p=2034\"},\"wordCount\":186,\"commentCount\":0,\"publisher\":{\"@id\":\"https:\/\/blogdobispo.com.br\/#organization\"},\"image\":{\"@id\":\"https:\/\/blogdobispo.com.br\/?p=2034#primaryimage\"},\"thumbnailUrl\":\"https:\/\/blogdobispo.com.br\/wp-content\/uploads\/2023\/10\/8dd427d0-edd2-4094-b436-1b0647da83ea-1-1024x845.jpg\",\"articleSection\":[\"diversos\"],\"inLanguage\":\"pt-BR\",\"potentialAction\":[{\"@type\":\"CommentAction\",\"name\":\"Comment\",\"target\":[\"https:\/\/blogdobispo.com.br\/?p=2034#respond\"]}]},{\"@type\":\"WebPage\",\"@id\":\"https:\/\/blogdobispo.com.br\/?p=2034\",\"url\":\"https:\/\/blogdobispo.com.br\/?p=2034\",\"name\":\"Cindy amplia desempenho e \u00e9 reeleita conselheira tutelar da zona Sul com uma das maiores vota\u00e7\u00f5es de Natal - Blog do Bispo\",\"isPartOf\":{\"@id\":\"https:\/\/blogdobispo.com.br\/#website\"},\"primaryImageOfPage\":{\"@id\":\"https:\/\/blogdobispo.com.br\/?p=2034#primaryimage\"},\"image\":{\"@id\":\"https:\/\/blogdobispo.com.br\/?p=2034#primaryimage\"},\"thumbnailUrl\":\"https:\/\/blogdobispo.com.br\/wp-content\/uploads\/2023\/10\/8dd427d0-edd2-4094-b436-1b0647da83ea-1-1024x845.jpg\",\"datePublished\":\"2023-10-30T23:06:21+00:00\",\"breadcrumb\":{\"@id\":\"https:\/\/blogdobispo.com.br\/?p=2034#breadcrumb\"},\"inLanguage\":\"pt-BR\",\"potentialAction\":[{\"@type\":\"ReadAction\",\"target\":[\"https:\/\/blogdobispo.com.br\/?p=2034\"]}]},{\"@type\":\"ImageObject\",\"inLanguage\":\"pt-BR\",\"@id\":\"https:\/\/blogdobispo.com.br\/?p=2034#primaryimage\",\"url\":\"https:\/\/blogdobispo.com.br\/wp-content\/uploads\/2023\/10\/8dd427d0-edd2-4094-b436-1b0647da83ea-1-1024x845.jpg\",\"contentUrl\":\"https:\/\/blogdobispo.com.br\/wp-content\/uploads\/2023\/10\/8dd427d0-edd2-4094-b436-1b0647da83ea-1-1024x845.jpg\"},{\"@type\":\"BreadcrumbList\",\"@id\":\"https:\/\/blogdobispo.com.br\/?p=2034#breadcrumb\",\"itemListElement\":[{\"@type\":\"ListItem\",\"position\":1,\"name\":\"In\u00edcio\",\"item\":\"https:\/\/blogdobispo.com.br\/\"},{\"@type\":\"ListItem\",\"position\":2,\"name\":\"Cindy amplia desempenho e \u00e9 reeleita conselheira tutelar da zona Sul com uma das maiores vota\u00e7\u00f5es de Natal\"}]},{\"@type\":\"WebSite\",\"@id\":\"https:\/\/blogdobispo.com.br\/#website\",\"url\":\"https:\/\/blogdobispo.com.br\/\",\"name\":\"Blog do Bispo\",\"description\":\"Comprometido apenas com o leitor\",\"publisher\":{\"@id\":\"https:\/\/blogdobispo.com.br\/#organization\"},\"potentialAction\":[{\"@type\":\"SearchAction\",\"target\":{\"@type\":\"EntryPoint\",\"urlTemplate\":\"https:\/\/blogdobispo.com.br\/?s={search_term_string}\"},\"query-input\":{\"@type\":\"PropertyValueSpecification\",\"valueRequired\":true,\"valueName\":\"search_term_string\"}}],\"inLanguage\":\"pt-BR\"},{\"@type\":\"Organization\",\"@id\":\"https:\/\/blogdobispo.com.br\/#organization\",\"name\":\"Blog do Bispo\",\"url\":\"https:\/\/blogdobispo.com.br\/\",\"logo\":{\"@type\":\"ImageObject\",\"inLanguage\":\"pt-BR\",\"@id\":\"https:\/\/blogdobispo.com.br\/#\/schema\/logo\/image\/\",\"url\":\"http:\/\/blogdobispo.com.br\/wp-content\/uploads\/2023\/05\/cropped-headear.png\",\"contentUrl\":\"http:\/\/blogdobispo.com.br\/wp-content\/uploads\/2023\/05\/cropped-headear.png\",\"width\":1500,\"height\":399,\"caption\":\"Blog do Bispo\"},\"image\":{\"@id\":\"https:\/\/blogdobispo.com.br\/#\/schema\/logo\/image\/\"}},{\"@type\":\"Person\",\"@id\":\"https:\/\/blogdobispo.com.br\/#\/schema\/person\/e2209cc0e6cea5c5233d033e997b373f\",\"name\":\"Jefferson Sterfeno\",\"image\":{\"@type\":\"ImageObject\",\"inLanguage\":\"pt-BR\",\"@id\":\"https:\/\/blogdobispo.com.br\/#\/schema\/person\/image\/\",\"url\":\"https:\/\/secure.gravatar.com\/avatar\/0534e84764641168a677026b6d57a3f51dc7ac4db0b4f6186d9cb330d4ee1160?s=96&d=mm&r=g\",\"contentUrl\":\"https:\/\/secure.gravatar.com\/avatar\/0534e84764641168a677026b6d57a3f51dc7ac4db0b4f6186d9cb330d4ee1160?s=96&d=mm&r=g\",\"caption\":\"Jefferson Sterfeno\"},\"sameAs\":[\"http:\/\/blogdobispo.com.br\"],\"url\":\"https:\/\/blogdobispo.com.br\/?author=1\"}]}<\/script>\n<!-- \/ Yoast SEO plugin. -->","yoast_head_json":{"title":"Cindy amplia desempenho e \u00e9 reeleita conselheira tutelar da zona Sul com uma das maiores vota\u00e7\u00f5es de Natal - Blog do Bispo","robots":{"index":"index","follow":"follow","max-snippet":"max-snippet:-1","max-image-preview":"max-image-preview:large","max-video-preview":"max-video-preview:-1"},"canonical":"https:\/\/blogdobispo.com.br\/?p=2034","og_locale":"pt_BR","og_type":"article","og_title":"Cindy amplia desempenho e \u00e9 reeleita conselheira tutelar da zona Sul com uma das maiores vota\u00e7\u00f5es de Natal - Blog do Bispo","og_description":"A conselheira Tutelar Cindy Stefanie foi reeleita nesse domingo (29) para mais um mandato no Conselho Tutelar da Zona Sul de Natal, desempenho esse que ficou entre os melhores do processo de Natal. A assistente social Cindy, que nasceu e foi criada no bairro de Ne\u00f3polis, obteve 1.097 votos, quando no pleito passado tinha obtido [&hellip;]","og_url":"https:\/\/blogdobispo.com.br\/?p=2034","og_site_name":"Blog do Bispo","article_published_time":"2023-10-30T23:06:21+00:00","og_image":[{"url":"https:\/\/blogdobispo.com.br\/wp-content\/uploads\/2023\/10\/8dd427d0-edd2-4094-b436-1b0647da83ea-1-1024x845.jpg","type":"","width":"","height":""}],"author":"Jefferson Sterfeno","twitter_card":"summary_large_image","twitter_misc":{"Escrito por":"Jefferson Sterfeno","Est. tempo de leitura":"1 minuto"},"schema":{"@context":"https:\/\/schema.org","@graph":[{"@type":"Article","@id":"https:\/\/blogdobispo.com.br\/?p=2034#article","isPartOf":{"@id":"https:\/\/blogdobispo.com.br\/?p=2034"},"author":{"name":"Jefferson Sterfeno","@id":"https:\/\/blogdobispo.com.br\/#\/schema\/person\/e2209cc0e6cea5c5233d033e997b373f"},"headline":"Cindy amplia desempenho e \u00e9 reeleita conselheira tutelar da zona Sul com uma das maiores vota\u00e7\u00f5es de Natal","datePublished":"2023-10-30T23:06:21+00:00","mainEntityOfPage":{"@id":"https:\/\/blogdobispo.com.br\/?p=2034"},"wordCount":186,"commentCount":0,"publisher":{"@id":"https:\/\/blogdobispo.com.br\/#organization"},"image":{"@id":"https:\/\/blogdobispo.com.br\/?p=2034#primaryimage"},"thumbnailUrl":"https:\/\/blogdobispo.com.br\/wp-content\/uploads\/2023\/10\/8dd427d0-edd2-4094-b436-1b0647da83ea-1-1024x845.jpg","articleSection":["diversos"],"inLanguage":"pt-BR","potentialAction":[{"@type":"CommentAction","name":"Comment","target":["https:\/\/blogdobispo.com.br\/?p=2034#respond"]}]},{"@type":"WebPage","@id":"https:\/\/blogdobispo.com.br\/?p=2034","url":"https:\/\/blogdobispo.com.br\/?p=2034","name":"Cindy amplia desempenho e \u00e9 reeleita conselheira tutelar da zona Sul com uma das maiores vota\u00e7\u00f5es de Natal - Blog do Bispo","isPartOf":{"@id":"https:\/\/blogdobispo.com.br\/#website"},"primaryImageOfPage":{"@id":"https:\/\/blogdobispo.com.br\/?p=2034#primaryimage"},"image":{"@id":"https:\/\/blogdobispo.com.br\/?p=2034#primaryimage"},"thumbnailUrl":"https:\/\/blogdobispo.com.br\/wp-content\/uploads\/2023\/10\/8dd427d0-edd2-4094-b436-1b0647da83ea-1-1024x845.jpg","datePublished":"2023-10-30T23:06:21+00:00","breadcrumb":{"@id":"https:\/\/blogdobispo.com.br\/?p=2034#breadcrumb"},"inLanguage":"pt-BR","potentialAction":[{"@type":"ReadAction","target":["https:\/\/blogdobispo.com.br\/?p=2034"]}]},{"@type":"ImageObject","inLanguage":"pt-BR","@id":"https:\/\/blogdobispo.com.br\/?p=2034#primaryimage","url":"https:\/\/blogdobispo.com.br\/wp-content\/uploads\/2023\/10\/8dd427d0-edd2-4094-b436-1b0647da83ea-1-1024x845.jpg","contentUrl":"https:\/\/blogdobispo.com.br\/wp-content\/uploads\/2023\/10\/8dd427d0-edd2-4094-b436-1b0647da83ea-1-1024x845.jpg"},{"@type":"BreadcrumbList","@id":"https:\/\/blogdobispo.com.br\/?p=2034#breadcrumb","itemListElement":[{"@type":"ListItem","position":1,"name":"In\u00edcio","item":"https:\/\/blogdobispo.com.br\/"},{"@type":"ListItem","position":2,"name":"Cindy amplia desempenho e \u00e9 reeleita conselheira tutelar da zona Sul com uma das maiores vota\u00e7\u00f5es de Natal"}]},{"@type":"WebSite","@id":"https:\/\/blogdobispo.com.br\/#website","url":"https:\/\/blogdobispo.com.br\/","name":"Blog do Bispo","description":"Comprometido apenas com o leitor","publisher":{"@id":"https:\/\/blogdobispo.com.br\/#organization"},"potentialAction":[{"@type":"SearchAction","target":{"@type":"EntryPoint","urlTemplate":"https:\/\/blogdobispo.com.br\/?s={search_term_string}"},"query-input":{"@type":"PropertyValueSpecification","valueRequired":true,"valueName":"search_term_string"}}],"inLanguage":"pt-BR"},{"@type":"Organization","@id":"https:\/\/blogdobispo.com.br\/#organization","name":"Blog do Bispo","url":"https:\/\/blogdobispo.com.br\/","logo":{"@type":"ImageObject","inLanguage":"pt-BR","@id":"https:\/\/blogdobispo.com.br\/#\/schema\/logo\/image\/","url":"http:\/\/blogdobispo.com.br\/wp-content\/uploads\/2023\/05\/cropped-headear.png","contentUrl":"http:\/\/blogdobispo.com.br\/wp-content\/uploads\/2023\/05\/cropped-headear.png","width":1500,"height":399,"caption":"Blog do Bispo"},"image":{"@id":"https:\/\/blogdobispo.com.br\/#\/schema\/logo\/image\/"}},{"@type":"Person","@id":"https:\/\/blogdobispo.com.br\/#\/schema\/person\/e2209cc0e6cea5c5233d033e997b373f","name":"Jefferson Sterfeno","image":{"@type":"ImageObject","inLanguage":"pt-BR","@id":"https:\/\/blogdobispo.com.br\/#\/schema\/person\/image\/","url":"https:\/\/secure.gravatar.com\/avatar\/0534e84764641168a677026b6d57a3f51dc7ac4db0b4f6186d9cb330d4ee1160?s=96&d=mm&r=g","contentUrl":"https:\/\/secure.gravatar.com\/avatar\/0534e84764641168a677026b6d57a3f51dc7ac4db0b4f6186d9cb330d4ee1160?s=96&d=mm&r=g","caption":"Jefferson Sterfeno"},"sameAs":["http:\/\/blogdobispo.com.br"],"url":"https:\/\/blogdobispo.com.br\/?author=1"}]}},"featured_image_urls":{"full":"","thumbnail":"","medium":"","medium_large":"","large":"","1536x1536":"","2048x2048":""},"author_info":{"display_name":"Jefferson Sterfeno","author_link":"https:\/\/blogdobispo.com.br\/?author=1"},"category_info":"<a href=\"https:\/\/blogdobispo.com.br\/?cat=1\" rel=\"category\">diversos<\/a>","tag_info":"diversos","comment_count":"0","jetpack_featured_media_url":"","jetpack_sharing_enabled":true,"_links":{"self":[{"href":"https:\/\/blogdobispo.com.br\/index.php?rest_route=\/wp\/v2\/posts\/2034","targetHints":{"allow":["GET"]}}],"collection":[{"href":"https:\/\/blogdobispo.com.br\/index.php?rest_route=\/wp\/v2\/posts"}],"about":[{"href":"https:\/\/blogdobispo.com.br\/index.php?rest_route=\/wp\/v2\/types\/post"}],"author":[{"embeddable":true,"href":"https:\/\/blogdobispo.com.br\/index.php?rest_route=\/wp\/v2\/users\/1"}],"replies":[{"embeddable":true,"href":"https:\/\/blogdobispo.com.br\/index.php?rest_route=%2Fwp%2Fv2%2Fcomments&post=2034"}],"version-history":[{"count":0,"href":"https:\/\/blogdobispo.com.br\/index.php?rest_route=\/wp\/v2\/posts\/2034\/revisions"}],"wp:attachment":[{"href":"https:\/\/blogdobispo.com.br\/index.php?rest_route=%2Fwp%2Fv2%2Fmedia&parent=2034"}],"wp:term":[{"taxonomy":"category","embeddable":true,"href":"https:\/\/blogdobispo.com.br\/index.php?rest_route=%2Fwp%2Fv2%2Fcategories&post=2034"},{"taxonomy":"post_tag","embeddable":true,"href":"https:\/\/blogdobispo.com.br\/index.php?rest_route=%2Fwp%2Fv2%2Ftags&post=2034"}],"curies":[{"name":"wp","href":"https:\/\/api.w.org\/{rel}","templated":true}]}}