{"id":2001,"date":"2023-10-26T16:06:47","date_gmt":"2023-10-26T16:06:47","guid":{"rendered":"https:\/\/blogdobispo.com.br\/?p=2001"},"modified":"2023-10-26T16:07:03","modified_gmt":"2023-10-26T16:07:03","slug":"forro-bodo-une-alegria-e-solidariedade-neste-sabado-28","status":"publish","type":"post","link":"https:\/\/blogdobispo.com.br\/?p=2001","title":{"rendered":"Forr\u00f3 Bod\u00f3 une anima\u00e7\u00e3o e solidariedade neste s\u00e1bado (28)"},"content":{"rendered":"\n<p>A Festa da Caravana chega a mais uma edi\u00e7\u00e3o. No dia 28 de outubro, a partir das 19 horas, o Olimpo vai receber mais uma edi\u00e7\u00e3o da melhor festada do ano, evento que j\u00e1 entrou pro calend\u00e1rio da nossa cidade.<br \/>A anima\u00e7\u00e3o ser\u00e1 por conta das bandas Fabinho Miranda, Cavalo de Pau e Jos\u00e9 Orlando. Uma estrutura confort\u00e1vel , seguran\u00e7a, bar exclusivo e uma mais uma gama de servi\u00e7os estar\u00e3o \u00e0 disposi\u00e7\u00e3o de todos que l\u00e1 estiverem presentes! Os \u00faltimos ingressos podem ser adquiridos com os caravaneiros ou atrav\u00e9s dos perfis @caravananatal e @afestadacaravana no instagram.<br \/>A Festa da Caravana al\u00e9m de ser uma grande celebra\u00e7\u00e3o, \u00e9 uma a\u00e7\u00e3o de amor e solidariedade. Todo o lucro do evento \u00e9 100% revertido para compra de mantimentos que ser\u00e3o doados nesta aventura de muito amor e f\u00e9 para diversas comunidades necessitadas no interior do nosso estado.<br \/>A Caravana Natal Feliz faz parte da Par\u00f3quia de Nossa Senhora das Gra\u00e7as e Santa Teresinha e esse ano comemora 26 anos de exist\u00eancia, nos quais j\u00e1 ajudou milhares de fam\u00edlias carentes do nosso estado e adjac\u00eancias. Uma a\u00e7\u00e3o que \u00e9 na verdade uma grande aventura de amor. Os mais de duzentos caravaneiros levam al\u00e9m de mantimentos, uma palavra de f\u00e9, amor e esperan\u00e7a para essas fam\u00edlias no per\u00edodo mais sublime do ano que \u00e9 o Natal.<\/p>\n\n\n\n<h1 class=\"wp-block-heading\">AFestaDaCaravana @AFestaDaCaravana<\/h1>\n\n\n\n<figure class=\"wp-block-image size-large\"><img data-recalc-dims=\"1\" fetchpriority=\"high\" decoding=\"async\" width=\"800\" height=\"1000\" src=\"https:\/\/i0.wp.com\/blogdobispo.com.br\/wp-content\/uploads\/2023\/10\/923b4126-9656-4bb0-b477-f990900f236a-1-819x1024.jpg?resize=800%2C1000&#038;ssl=1\" alt=\"\" class=\"wp-image-2000\" srcset=\"https:\/\/i0.wp.com\/blogdobispo.com.br\/wp-content\/uploads\/2023\/10\/923b4126-9656-4bb0-b477-f990900f236a-1.jpg?resize=819%2C1024&amp;ssl=1 819w, https:\/\/i0.wp.com\/blogdobispo.com.br\/wp-content\/uploads\/2023\/10\/923b4126-9656-4bb0-b477-f990900f236a-1.jpg?resize=240%2C300&amp;ssl=1 240w, https:\/\/i0.wp.com\/blogdobispo.com.br\/wp-content\/uploads\/2023\/10\/923b4126-9656-4bb0-b477-f990900f236a-1.jpg?resize=768%2C960&amp;ssl=1 768w, https:\/\/i0.wp.com\/blogdobispo.com.br\/wp-content\/uploads\/2023\/10\/923b4126-9656-4bb0-b477-f990900f236a-1.jpg?resize=1024%2C1280&amp;ssl=1 1024w, https:\/\/i0.wp.com\/blogdobispo.com.br\/wp-content\/uploads\/2023\/10\/923b4126-9656-4bb0-b477-f990900f236a-1.jpg?w=1080&amp;ssl=1 1080w\" sizes=\"(max-width: 800px) 100vw, 800px\" \/><\/figure>\n","protected":false},"excerpt":{"rendered":"<p>A Festa da Caravana chega a mais uma edi\u00e7\u00e3o. No dia 28 de outubro, a partir das 19 horas, o Olimpo vai receber mais uma edi\u00e7\u00e3o da melhor festada do ano, evento que j\u00e1 entrou pro calend\u00e1rio da nossa cidade.A anima\u00e7\u00e3o ser\u00e1 por conta das bandas Fabinho Miranda, Cavalo de Pau e Jos\u00e9 Orlando. Uma [&hellip;]<\/p>\n","protected":false},"author":1,"featured_media":0,"comment_status":"open","ping_status":"open","sticky":false,"template":"","format":"standard","meta":{"cybocfi_hide_featured_image":"","_jetpack_memberships_contains_paid_content":false,"footnotes":""},"categories":[1],"tags":[],"class_list":["post-2001","post","type-post","status-publish","format-standard","hentry","category-diversos"],"yoast_head":"<!-- This site is optimized with the Yoast SEO plugin v25.6 - https:\/\/yoast.com\/wordpress\/plugins\/seo\/ -->\n<title>Forr\u00f3 Bod\u00f3 une anima\u00e7\u00e3o e solidariedade neste s\u00e1bado (28) - Blog do Bispo<\/title>\n<meta name=\"robots\" content=\"index, follow, max-snippet:-1, max-image-preview:large, max-video-preview:-1\" \/>\n<link rel=\"canonical\" href=\"https:\/\/blogdobispo.com.br\/?p=2001\" \/>\n<meta property=\"og:locale\" content=\"pt_BR\" \/>\n<meta property=\"og:type\" content=\"article\" \/>\n<meta property=\"og:title\" content=\"Forr\u00f3 Bod\u00f3 une anima\u00e7\u00e3o e solidariedade neste s\u00e1bado (28) - Blog do Bispo\" \/>\n<meta property=\"og:description\" content=\"A Festa da Caravana chega a mais uma edi\u00e7\u00e3o. No dia 28 de outubro, a partir das 19 horas, o Olimpo vai receber mais uma edi\u00e7\u00e3o da melhor festada do ano, evento que j\u00e1 entrou pro calend\u00e1rio da nossa cidade.A anima\u00e7\u00e3o ser\u00e1 por conta das bandas Fabinho Miranda, Cavalo de Pau e Jos\u00e9 Orlando. Uma [&hellip;]\" \/>\n<meta property=\"og:url\" content=\"https:\/\/blogdobispo.com.br\/?p=2001\" \/>\n<meta property=\"og:site_name\" content=\"Blog do Bispo\" \/>\n<meta property=\"article:published_time\" content=\"2023-10-26T16:06:47+00:00\" \/>\n<meta property=\"article:modified_time\" content=\"2023-10-26T16:07:03+00:00\" \/>\n<meta property=\"og:image\" content=\"https:\/\/blogdobispo.com.br\/wp-content\/uploads\/2023\/10\/923b4126-9656-4bb0-b477-f990900f236a-1-819x1024.jpg\" \/>\n<meta name=\"author\" content=\"Jefferson Sterfeno\" \/>\n<meta name=\"twitter:card\" content=\"summary_large_image\" \/>\n<meta name=\"twitter:label1\" content=\"Escrito por\" \/>\n\t<meta name=\"twitter:data1\" content=\"Jefferson Sterfeno\" \/>\n\t<meta name=\"twitter:label2\" content=\"Est. tempo de leitura\" \/>\n\t<meta name=\"twitter:data2\" content=\"1 minuto\" \/>\n<script type=\"application\/ld+json\" class=\"yoast-schema-graph\">{\"@context\":\"https:\/\/schema.org\",\"@graph\":[{\"@type\":\"Article\",\"@id\":\"https:\/\/blogdobispo.com.br\/?p=2001#article\",\"isPartOf\":{\"@id\":\"https:\/\/blogdobispo.com.br\/?p=2001\"},\"author\":{\"name\":\"Jefferson Sterfeno\",\"@id\":\"https:\/\/blogdobispo.com.br\/#\/schema\/person\/e2209cc0e6cea5c5233d033e997b373f\"},\"headline\":\"Forr\u00f3 Bod\u00f3 une anima\u00e7\u00e3o e solidariedade neste s\u00e1bado (28)\",\"datePublished\":\"2023-10-26T16:06:47+00:00\",\"dateModified\":\"2023-10-26T16:07:03+00:00\",\"mainEntityOfPage\":{\"@id\":\"https:\/\/blogdobispo.com.br\/?p=2001\"},\"wordCount\":247,\"commentCount\":0,\"publisher\":{\"@id\":\"https:\/\/blogdobispo.com.br\/#organization\"},\"image\":{\"@id\":\"https:\/\/blogdobispo.com.br\/?p=2001#primaryimage\"},\"thumbnailUrl\":\"https:\/\/blogdobispo.com.br\/wp-content\/uploads\/2023\/10\/923b4126-9656-4bb0-b477-f990900f236a-1-819x1024.jpg\",\"articleSection\":[\"diversos\"],\"inLanguage\":\"pt-BR\",\"potentialAction\":[{\"@type\":\"CommentAction\",\"name\":\"Comment\",\"target\":[\"https:\/\/blogdobispo.com.br\/?p=2001#respond\"]}]},{\"@type\":\"WebPage\",\"@id\":\"https:\/\/blogdobispo.com.br\/?p=2001\",\"url\":\"https:\/\/blogdobispo.com.br\/?p=2001\",\"name\":\"Forr\u00f3 Bod\u00f3 une anima\u00e7\u00e3o e solidariedade neste s\u00e1bado (28) - Blog do Bispo\",\"isPartOf\":{\"@id\":\"https:\/\/blogdobispo.com.br\/#website\"},\"primaryImageOfPage\":{\"@id\":\"https:\/\/blogdobispo.com.br\/?p=2001#primaryimage\"},\"image\":{\"@id\":\"https:\/\/blogdobispo.com.br\/?p=2001#primaryimage\"},\"thumbnailUrl\":\"https:\/\/blogdobispo.com.br\/wp-content\/uploads\/2023\/10\/923b4126-9656-4bb0-b477-f990900f236a-1-819x1024.jpg\",\"datePublished\":\"2023-10-26T16:06:47+00:00\",\"dateModified\":\"2023-10-26T16:07:03+00:00\",\"breadcrumb\":{\"@id\":\"https:\/\/blogdobispo.com.br\/?p=2001#breadcrumb\"},\"inLanguage\":\"pt-BR\",\"potentialAction\":[{\"@type\":\"ReadAction\",\"target\":[\"https:\/\/blogdobispo.com.br\/?p=2001\"]}]},{\"@type\":\"ImageObject\",\"inLanguage\":\"pt-BR\",\"@id\":\"https:\/\/blogdobispo.com.br\/?p=2001#primaryimage\",\"url\":\"https:\/\/blogdobispo.com.br\/wp-content\/uploads\/2023\/10\/923b4126-9656-4bb0-b477-f990900f236a-1-819x1024.jpg\",\"contentUrl\":\"https:\/\/blogdobispo.com.br\/wp-content\/uploads\/2023\/10\/923b4126-9656-4bb0-b477-f990900f236a-1-819x1024.jpg\"},{\"@type\":\"BreadcrumbList\",\"@id\":\"https:\/\/blogdobispo.com.br\/?p=2001#breadcrumb\",\"itemListElement\":[{\"@type\":\"ListItem\",\"position\":1,\"name\":\"In\u00edcio\",\"item\":\"https:\/\/blogdobispo.com.br\/\"},{\"@type\":\"ListItem\",\"position\":2,\"name\":\"Forr\u00f3 Bod\u00f3 une anima\u00e7\u00e3o e solidariedade neste s\u00e1bado (28)\"}]},{\"@type\":\"WebSite\",\"@id\":\"https:\/\/blogdobispo.com.br\/#website\",\"url\":\"https:\/\/blogdobispo.com.br\/\",\"name\":\"Blog do Bispo\",\"description\":\"Comprometido apenas com o leitor\",\"publisher\":{\"@id\":\"https:\/\/blogdobispo.com.br\/#organization\"},\"potentialAction\":[{\"@type\":\"SearchAction\",\"target\":{\"@type\":\"EntryPoint\",\"urlTemplate\":\"https:\/\/blogdobispo.com.br\/?s={search_term_string}\"},\"query-input\":{\"@type\":\"PropertyValueSpecification\",\"valueRequired\":true,\"valueName\":\"search_term_string\"}}],\"inLanguage\":\"pt-BR\"},{\"@type\":\"Organization\",\"@id\":\"https:\/\/blogdobispo.com.br\/#organization\",\"name\":\"Blog do Bispo\",\"url\":\"https:\/\/blogdobispo.com.br\/\",\"logo\":{\"@type\":\"ImageObject\",\"inLanguage\":\"pt-BR\",\"@id\":\"https:\/\/blogdobispo.com.br\/#\/schema\/logo\/image\/\",\"url\":\"http:\/\/blogdobispo.com.br\/wp-content\/uploads\/2023\/05\/cropped-headear.png\",\"contentUrl\":\"http:\/\/blogdobispo.com.br\/wp-content\/uploads\/2023\/05\/cropped-headear.png\",\"width\":1500,\"height\":399,\"caption\":\"Blog do Bispo\"},\"image\":{\"@id\":\"https:\/\/blogdobispo.com.br\/#\/schema\/logo\/image\/\"}},{\"@type\":\"Person\",\"@id\":\"https:\/\/blogdobispo.com.br\/#\/schema\/person\/e2209cc0e6cea5c5233d033e997b373f\",\"name\":\"Jefferson Sterfeno\",\"image\":{\"@type\":\"ImageObject\",\"inLanguage\":\"pt-BR\",\"@id\":\"https:\/\/blogdobispo.com.br\/#\/schema\/person\/image\/\",\"url\":\"https:\/\/secure.gravatar.com\/avatar\/0534e84764641168a677026b6d57a3f51dc7ac4db0b4f6186d9cb330d4ee1160?s=96&d=mm&r=g\",\"contentUrl\":\"https:\/\/secure.gravatar.com\/avatar\/0534e84764641168a677026b6d57a3f51dc7ac4db0b4f6186d9cb330d4ee1160?s=96&d=mm&r=g\",\"caption\":\"Jefferson Sterfeno\"},\"sameAs\":[\"http:\/\/blogdobispo.com.br\"],\"url\":\"https:\/\/blogdobispo.com.br\/?author=1\"}]}<\/script>\n<!-- \/ Yoast SEO plugin. -->","yoast_head_json":{"title":"Forr\u00f3 Bod\u00f3 une anima\u00e7\u00e3o e solidariedade neste s\u00e1bado (28) - Blog do Bispo","robots":{"index":"index","follow":"follow","max-snippet":"max-snippet:-1","max-image-preview":"max-image-preview:large","max-video-preview":"max-video-preview:-1"},"canonical":"https:\/\/blogdobispo.com.br\/?p=2001","og_locale":"pt_BR","og_type":"article","og_title":"Forr\u00f3 Bod\u00f3 une anima\u00e7\u00e3o e solidariedade neste s\u00e1bado (28) - Blog do Bispo","og_description":"A Festa da Caravana chega a mais uma edi\u00e7\u00e3o. No dia 28 de outubro, a partir das 19 horas, o Olimpo vai receber mais uma edi\u00e7\u00e3o da melhor festada do ano, evento que j\u00e1 entrou pro calend\u00e1rio da nossa cidade.A anima\u00e7\u00e3o ser\u00e1 por conta das bandas Fabinho Miranda, Cavalo de Pau e Jos\u00e9 Orlando. Uma [&hellip;]","og_url":"https:\/\/blogdobispo.com.br\/?p=2001","og_site_name":"Blog do Bispo","article_published_time":"2023-10-26T16:06:47+00:00","article_modified_time":"2023-10-26T16:07:03+00:00","og_image":[{"url":"https:\/\/blogdobispo.com.br\/wp-content\/uploads\/2023\/10\/923b4126-9656-4bb0-b477-f990900f236a-1-819x1024.jpg","type":"","width":"","height":""}],"author":"Jefferson Sterfeno","twitter_card":"summary_large_image","twitter_misc":{"Escrito por":"Jefferson Sterfeno","Est. tempo de leitura":"1 minuto"},"schema":{"@context":"https:\/\/schema.org","@graph":[{"@type":"Article","@id":"https:\/\/blogdobispo.com.br\/?p=2001#article","isPartOf":{"@id":"https:\/\/blogdobispo.com.br\/?p=2001"},"author":{"name":"Jefferson Sterfeno","@id":"https:\/\/blogdobispo.com.br\/#\/schema\/person\/e2209cc0e6cea5c5233d033e997b373f"},"headline":"Forr\u00f3 Bod\u00f3 une anima\u00e7\u00e3o e solidariedade neste s\u00e1bado (28)","datePublished":"2023-10-26T16:06:47+00:00","dateModified":"2023-10-26T16:07:03+00:00","mainEntityOfPage":{"@id":"https:\/\/blogdobispo.com.br\/?p=2001"},"wordCount":247,"commentCount":0,"publisher":{"@id":"https:\/\/blogdobispo.com.br\/#organization"},"image":{"@id":"https:\/\/blogdobispo.com.br\/?p=2001#primaryimage"},"thumbnailUrl":"https:\/\/blogdobispo.com.br\/wp-content\/uploads\/2023\/10\/923b4126-9656-4bb0-b477-f990900f236a-1-819x1024.jpg","articleSection":["diversos"],"inLanguage":"pt-BR","potentialAction":[{"@type":"CommentAction","name":"Comment","target":["https:\/\/blogdobispo.com.br\/?p=2001#respond"]}]},{"@type":"WebPage","@id":"https:\/\/blogdobispo.com.br\/?p=2001","url":"https:\/\/blogdobispo.com.br\/?p=2001","name":"Forr\u00f3 Bod\u00f3 une anima\u00e7\u00e3o e solidariedade neste s\u00e1bado (28) - Blog do Bispo","isPartOf":{"@id":"https:\/\/blogdobispo.com.br\/#website"},"primaryImageOfPage":{"@id":"https:\/\/blogdobispo.com.br\/?p=2001#primaryimage"},"image":{"@id":"https:\/\/blogdobispo.com.br\/?p=2001#primaryimage"},"thumbnailUrl":"https:\/\/blogdobispo.com.br\/wp-content\/uploads\/2023\/10\/923b4126-9656-4bb0-b477-f990900f236a-1-819x1024.jpg","datePublished":"2023-10-26T16:06:47+00:00","dateModified":"2023-10-26T16:07:03+00:00","breadcrumb":{"@id":"https:\/\/blogdobispo.com.br\/?p=2001#breadcrumb"},"inLanguage":"pt-BR","potentialAction":[{"@type":"ReadAction","target":["https:\/\/blogdobispo.com.br\/?p=2001"]}]},{"@type":"ImageObject","inLanguage":"pt-BR","@id":"https:\/\/blogdobispo.com.br\/?p=2001#primaryimage","url":"https:\/\/blogdobispo.com.br\/wp-content\/uploads\/2023\/10\/923b4126-9656-4bb0-b477-f990900f236a-1-819x1024.jpg","contentUrl":"https:\/\/blogdobispo.com.br\/wp-content\/uploads\/2023\/10\/923b4126-9656-4bb0-b477-f990900f236a-1-819x1024.jpg"},{"@type":"BreadcrumbList","@id":"https:\/\/blogdobispo.com.br\/?p=2001#breadcrumb","itemListElement":[{"@type":"ListItem","position":1,"name":"In\u00edcio","item":"https:\/\/blogdobispo.com.br\/"},{"@type":"ListItem","position":2,"name":"Forr\u00f3 Bod\u00f3 une anima\u00e7\u00e3o e solidariedade neste s\u00e1bado (28)"}]},{"@type":"WebSite","@id":"https:\/\/blogdobispo.com.br\/#website","url":"https:\/\/blogdobispo.com.br\/","name":"Blog do Bispo","description":"Comprometido apenas com o leitor","publisher":{"@id":"https:\/\/blogdobispo.com.br\/#organization"},"potentialAction":[{"@type":"SearchAction","target":{"@type":"EntryPoint","urlTemplate":"https:\/\/blogdobispo.com.br\/?s={search_term_string}"},"query-input":{"@type":"PropertyValueSpecification","valueRequired":true,"valueName":"search_term_string"}}],"inLanguage":"pt-BR"},{"@type":"Organization","@id":"https:\/\/blogdobispo.com.br\/#organization","name":"Blog do Bispo","url":"https:\/\/blogdobispo.com.br\/","logo":{"@type":"ImageObject","inLanguage":"pt-BR","@id":"https:\/\/blogdobispo.com.br\/#\/schema\/logo\/image\/","url":"http:\/\/blogdobispo.com.br\/wp-content\/uploads\/2023\/05\/cropped-headear.png","contentUrl":"http:\/\/blogdobispo.com.br\/wp-content\/uploads\/2023\/05\/cropped-headear.png","width":1500,"height":399,"caption":"Blog do Bispo"},"image":{"@id":"https:\/\/blogdobispo.com.br\/#\/schema\/logo\/image\/"}},{"@type":"Person","@id":"https:\/\/blogdobispo.com.br\/#\/schema\/person\/e2209cc0e6cea5c5233d033e997b373f","name":"Jefferson Sterfeno","image":{"@type":"ImageObject","inLanguage":"pt-BR","@id":"https:\/\/blogdobispo.com.br\/#\/schema\/person\/image\/","url":"https:\/\/secure.gravatar.com\/avatar\/0534e84764641168a677026b6d57a3f51dc7ac4db0b4f6186d9cb330d4ee1160?s=96&d=mm&r=g","contentUrl":"https:\/\/secure.gravatar.com\/avatar\/0534e84764641168a677026b6d57a3f51dc7ac4db0b4f6186d9cb330d4ee1160?s=96&d=mm&r=g","caption":"Jefferson Sterfeno"},"sameAs":["http:\/\/blogdobispo.com.br"],"url":"https:\/\/blogdobispo.com.br\/?author=1"}]}},"featured_image_urls":{"full":"","thumbnail":"","medium":"","medium_large":"","large":"","1536x1536":"","2048x2048":""},"author_info":{"display_name":"Jefferson Sterfeno","author_link":"https:\/\/blogdobispo.com.br\/?author=1"},"category_info":"<a href=\"https:\/\/blogdobispo.com.br\/?cat=1\" rel=\"category\">diversos<\/a>","tag_info":"diversos","comment_count":"0","jetpack_featured_media_url":"","jetpack_sharing_enabled":true,"_links":{"self":[{"href":"https:\/\/blogdobispo.com.br\/index.php?rest_route=\/wp\/v2\/posts\/2001","targetHints":{"allow":["GET"]}}],"collection":[{"href":"https:\/\/blogdobispo.com.br\/index.php?rest_route=\/wp\/v2\/posts"}],"about":[{"href":"https:\/\/blogdobispo.com.br\/index.php?rest_route=\/wp\/v2\/types\/post"}],"author":[{"embeddable":true,"href":"https:\/\/blogdobispo.com.br\/index.php?rest_route=\/wp\/v2\/users\/1"}],"replies":[{"embeddable":true,"href":"https:\/\/blogdobispo.com.br\/index.php?rest_route=%2Fwp%2Fv2%2Fcomments&post=2001"}],"version-history":[{"count":1,"href":"https:\/\/blogdobispo.com.br\/index.php?rest_route=\/wp\/v2\/posts\/2001\/revisions"}],"predecessor-version":[{"id":2002,"href":"https:\/\/blogdobispo.com.br\/index.php?rest_route=\/wp\/v2\/posts\/2001\/revisions\/2002"}],"wp:attachment":[{"href":"https:\/\/blogdobispo.com.br\/index.php?rest_route=%2Fwp%2Fv2%2Fmedia&parent=2001"}],"wp:term":[{"taxonomy":"category","embeddable":true,"href":"https:\/\/blogdobispo.com.br\/index.php?rest_route=%2Fwp%2Fv2%2Fcategories&post=2001"},{"taxonomy":"post_tag","embeddable":true,"href":"https:\/\/blogdobispo.com.br\/index.php?rest_route=%2Fwp%2Fv2%2Ftags&post=2001"}],"curies":[{"name":"wp","href":"https:\/\/api.w.org\/{rel}","templated":true}]}}