{"id":1987,"date":"2023-10-24T14:43:16","date_gmt":"2023-10-24T14:43:16","guid":{"rendered":"https:\/\/blogdobispo.com.br\/?p=1987"},"modified":"2023-10-24T14:43:16","modified_gmt":"2023-10-24T14:43:16","slug":"doadores-de-sangue-do-rn-sao-homenageados-na-assembleia-legislativa","status":"publish","type":"post","link":"https:\/\/blogdobispo.com.br\/?p=1987","title":{"rendered":"Doadores de sangue do RN s\u00e3o homenageados na Assembleia Legislativa"},"content":{"rendered":"\n<figure class=\"wp-block-image size-large\"><img data-recalc-dims=\"1\" fetchpriority=\"high\" decoding=\"async\" width=\"800\" height=\"532\" src=\"https:\/\/i0.wp.com\/blogdobispo.com.br\/wp-content\/uploads\/2023\/10\/img_3456-1-1024x681.jpg?resize=800%2C532&#038;ssl=1\" class=\"wp-image-1986\" srcset=\"https:\/\/i0.wp.com\/blogdobispo.com.br\/wp-content\/uploads\/2023\/10\/img_3456-1-scaled.jpg?resize=1024%2C681&amp;ssl=1 1024w, https:\/\/i0.wp.com\/blogdobispo.com.br\/wp-content\/uploads\/2023\/10\/img_3456-1-scaled.jpg?resize=300%2C200&amp;ssl=1 300w, https:\/\/i0.wp.com\/blogdobispo.com.br\/wp-content\/uploads\/2023\/10\/img_3456-1-scaled.jpg?resize=768%2C511&amp;ssl=1 768w, https:\/\/i0.wp.com\/blogdobispo.com.br\/wp-content\/uploads\/2023\/10\/img_3456-1-scaled.jpg?resize=1536%2C1022&amp;ssl=1 1536w, https:\/\/i0.wp.com\/blogdobispo.com.br\/wp-content\/uploads\/2023\/10\/img_3456-1-scaled.jpg?resize=2048%2C1363&amp;ssl=1 2048w, https:\/\/i0.wp.com\/blogdobispo.com.br\/wp-content\/uploads\/2023\/10\/img_3456-1-scaled.jpg?w=1600 1600w, https:\/\/i0.wp.com\/blogdobispo.com.br\/wp-content\/uploads\/2023\/10\/img_3456-1-scaled.jpg?w=2400 2400w\" sizes=\"(max-width: 800px) 100vw, 800px\" \/><\/figure>\n\n\n\n<p>A Assembleia Legislativa do Rio Grande do Norte realizou nesta sexta-feira (20) uma Sess\u00e3o Solene em homenagem aos doadores de sangue, marcando a passagem do Dia Mundial do Doador de Sangue. A iniciativa partiu do deputado estadual George Soares (PV), propositor da solenidade, e teve como objetivo reconhecer a import\u00e2ncia da pr\u00e1tica para contribuir com o tratamento dos pacientes nos hospitais pelo Estado.&nbsp;<\/p>\n\n\n\n<p>&#8220;Estamos aqui para reconhecer import\u00e2ncia dos doadores de sangue. Cada um de voc\u00eas \u00e9 um her\u00f3i an\u00f4nimo, que ajuda os hospitais a cuidarem dos que enfrentam dificuldades. Voc\u00eas d\u00e3o oportunidade nova a pacientes que nunca lhes conheceram&#8221;, disse George Soares.<\/p>\n\n\n\n<p>O parlamentar tamb\u00e9m elogiou o trabalho realizado pela Associa\u00e7\u00e3o dos Doadores de Sangue (Adosan). &#8220;Um exemplo de for\u00e7a e solidariedade, com mais de 32 mil associados, e que demonstra como um grupo de pessoas comprometidas pode causar impacto profundo na sociedade&#8221;, relatou. &#8220;Cada doador de sangue contribui para a rede de solidariedade que toca in\u00fameras vidas, a Adosan tem tido papel fundamental com sua constante prontid\u00e3o para mobilizar doadores quando h\u00e1 necessidade. \u00c9 admir\u00e1vel esse trabalho para todo o estado&#8221;, completou o deputado.&nbsp;<\/p>\n\n\n\n<p>Entre os homenageados esteve Paulo Neres, presidente da Adosan, que \u00e9 considerado o maior doador de sangue do mundo. At\u00e9 hoje, j\u00e1 foram 371 doa\u00e7\u00f5es realizadas por ele. &#8220;Seu comprometimento \u00e9 inspirador e sua dedica\u00e7\u00e3o \u00e9 not\u00e1vel&#8221;, disse George Sorares. &#8220;Juntos, todos voc\u00eas s\u00e3o a esperan\u00e7a para os que enfrentam momentos dif\u00edceis. Suas doa\u00e7\u00f5es s\u00e3o generosidade simples, mas extremamente importante para quem est\u00e1 no leito de um hospital&#8221;, finalizou em seguida.&nbsp;<\/p>\n\n\n\n<p>Paulo Neres relatou que a Adosan possui mais de 36 mil doadores cadastrados ativos, al\u00e9m de 5 mil inativos. Al\u00e9m disso, relatou que diariamente em m\u00e9dia 200 pessoas entram em contato com a entidade solicitando doa\u00e7\u00e3o de sangue. \u201cN\u00f3s precisamos de um estoque de sangue sempre pronto. N\u00e3o existe \u00e9poca, data em que se est\u00e1 precisando. N\u00e3o se prev\u00ea acidente. E na hora em que n\u00e3o estamos doando sangue, temos que estar falando sobre isso\u201d, disse.&nbsp;<\/p>\n\n\n\n<p>A Adosan \u00e9 uma institui\u00e7\u00e3o sem fins lucrativos, que tem desempenhado um papel fundamental na sensibiliza\u00e7\u00e3o da popula\u00e7\u00e3o sobre a import\u00e2ncia da doa\u00e7\u00e3o de sangue, bem como na mobiliza\u00e7\u00e3o de campanhas para ampliar a rede de doadores e suprir a demanda dos hospitais, salvando vidas.<\/p>\n\n\n\n<p>Representante dos homenageados, Nilo Henrique Caldas destacou em discurso que a doa\u00e7\u00e3o de sangue, &#8220;\u00e9 doar vida&#8221;. &#8220;Enxergo hoje como a comemora\u00e7\u00e3o mais importante de todas, que \u00e9 pelo dom da vida, pelo compartilhar da vida, pelo sentimento que ainda existe em muitos de solidariedade, de uni\u00e3o, de fraternidade&#8221;, disse.&nbsp;<\/p>\n\n\n\n<p>A solenidade contou tamb\u00e9m com a presen\u00e7a de Miriam Marfra, diretora do Hemonorte, representando a governadora F\u00e1tima Bezerra (PT).<\/p>\n\n\n\n<p><\/p>\n","protected":false},"excerpt":{"rendered":"<p>A Assembleia Legislativa do Rio Grande do Norte realizou nesta sexta-feira (20) uma Sess\u00e3o Solene em homenagem aos doadores de sangue, marcando a passagem do Dia Mundial do Doador de Sangue. A iniciativa partiu do deputado estadual George Soares (PV), propositor da solenidade, e teve como objetivo reconhecer a import\u00e2ncia da pr\u00e1tica para contribuir com [&hellip;]<\/p>\n","protected":false},"author":1,"featured_media":0,"comment_status":"open","ping_status":"open","sticky":false,"template":"","format":"standard","meta":{"cybocfi_hide_featured_image":"","_jetpack_memberships_contains_paid_content":false,"footnotes":""},"categories":[1],"tags":[],"class_list":["post-1987","post","type-post","status-publish","format-standard","hentry","category-diversos"],"yoast_head":"<!-- This site is optimized with the Yoast SEO plugin v25.6 - https:\/\/yoast.com\/wordpress\/plugins\/seo\/ -->\n<title>Doadores de sangue do RN s\u00e3o homenageados na Assembleia Legislativa - Blog do Bispo<\/title>\n<meta name=\"robots\" content=\"index, follow, max-snippet:-1, max-image-preview:large, max-video-preview:-1\" \/>\n<link rel=\"canonical\" href=\"https:\/\/blogdobispo.com.br\/?p=1987\" \/>\n<meta property=\"og:locale\" content=\"pt_BR\" \/>\n<meta property=\"og:type\" content=\"article\" \/>\n<meta property=\"og:title\" content=\"Doadores de sangue do RN s\u00e3o homenageados na Assembleia Legislativa - Blog do Bispo\" \/>\n<meta property=\"og:description\" content=\"A Assembleia Legislativa do Rio Grande do Norte realizou nesta sexta-feira (20) uma Sess\u00e3o Solene em homenagem aos doadores de sangue, marcando a passagem do Dia Mundial do Doador de Sangue. A iniciativa partiu do deputado estadual George Soares (PV), propositor da solenidade, e teve como objetivo reconhecer a import\u00e2ncia da pr\u00e1tica para contribuir com [&hellip;]\" \/>\n<meta property=\"og:url\" content=\"https:\/\/blogdobispo.com.br\/?p=1987\" \/>\n<meta property=\"og:site_name\" content=\"Blog do Bispo\" \/>\n<meta property=\"article:published_time\" content=\"2023-10-24T14:43:16+00:00\" \/>\n<meta property=\"og:image\" content=\"https:\/\/blogdobispo.com.br\/wp-content\/uploads\/2023\/10\/img_3456-1-1024x681.jpg\" \/>\n<meta name=\"author\" content=\"Jefferson Sterfeno\" \/>\n<meta name=\"twitter:card\" content=\"summary_large_image\" \/>\n<meta name=\"twitter:label1\" content=\"Escrito por\" \/>\n\t<meta name=\"twitter:data1\" content=\"Jefferson Sterfeno\" \/>\n\t<meta name=\"twitter:label2\" content=\"Est. tempo de leitura\" \/>\n\t<meta name=\"twitter:data2\" content=\"2 minutos\" \/>\n<script type=\"application\/ld+json\" class=\"yoast-schema-graph\">{\"@context\":\"https:\/\/schema.org\",\"@graph\":[{\"@type\":\"Article\",\"@id\":\"https:\/\/blogdobispo.com.br\/?p=1987#article\",\"isPartOf\":{\"@id\":\"https:\/\/blogdobispo.com.br\/?p=1987\"},\"author\":{\"name\":\"Jefferson Sterfeno\",\"@id\":\"https:\/\/blogdobispo.com.br\/#\/schema\/person\/e2209cc0e6cea5c5233d033e997b373f\"},\"headline\":\"Doadores de sangue do RN s\u00e3o homenageados na Assembleia Legislativa\",\"datePublished\":\"2023-10-24T14:43:16+00:00\",\"mainEntityOfPage\":{\"@id\":\"https:\/\/blogdobispo.com.br\/?p=1987\"},\"wordCount\":493,\"commentCount\":0,\"publisher\":{\"@id\":\"https:\/\/blogdobispo.com.br\/#organization\"},\"image\":{\"@id\":\"https:\/\/blogdobispo.com.br\/?p=1987#primaryimage\"},\"thumbnailUrl\":\"https:\/\/blogdobispo.com.br\/wp-content\/uploads\/2023\/10\/img_3456-1-1024x681.jpg\",\"articleSection\":[\"diversos\"],\"inLanguage\":\"pt-BR\",\"potentialAction\":[{\"@type\":\"CommentAction\",\"name\":\"Comment\",\"target\":[\"https:\/\/blogdobispo.com.br\/?p=1987#respond\"]}]},{\"@type\":\"WebPage\",\"@id\":\"https:\/\/blogdobispo.com.br\/?p=1987\",\"url\":\"https:\/\/blogdobispo.com.br\/?p=1987\",\"name\":\"Doadores de sangue do RN s\u00e3o homenageados na Assembleia Legislativa - Blog do Bispo\",\"isPartOf\":{\"@id\":\"https:\/\/blogdobispo.com.br\/#website\"},\"primaryImageOfPage\":{\"@id\":\"https:\/\/blogdobispo.com.br\/?p=1987#primaryimage\"},\"image\":{\"@id\":\"https:\/\/blogdobispo.com.br\/?p=1987#primaryimage\"},\"thumbnailUrl\":\"https:\/\/blogdobispo.com.br\/wp-content\/uploads\/2023\/10\/img_3456-1-1024x681.jpg\",\"datePublished\":\"2023-10-24T14:43:16+00:00\",\"breadcrumb\":{\"@id\":\"https:\/\/blogdobispo.com.br\/?p=1987#breadcrumb\"},\"inLanguage\":\"pt-BR\",\"potentialAction\":[{\"@type\":\"ReadAction\",\"target\":[\"https:\/\/blogdobispo.com.br\/?p=1987\"]}]},{\"@type\":\"ImageObject\",\"inLanguage\":\"pt-BR\",\"@id\":\"https:\/\/blogdobispo.com.br\/?p=1987#primaryimage\",\"url\":\"https:\/\/blogdobispo.com.br\/wp-content\/uploads\/2023\/10\/img_3456-1-1024x681.jpg\",\"contentUrl\":\"https:\/\/blogdobispo.com.br\/wp-content\/uploads\/2023\/10\/img_3456-1-1024x681.jpg\"},{\"@type\":\"BreadcrumbList\",\"@id\":\"https:\/\/blogdobispo.com.br\/?p=1987#breadcrumb\",\"itemListElement\":[{\"@type\":\"ListItem\",\"position\":1,\"name\":\"In\u00edcio\",\"item\":\"https:\/\/blogdobispo.com.br\/\"},{\"@type\":\"ListItem\",\"position\":2,\"name\":\"Doadores de sangue do RN s\u00e3o homenageados na Assembleia Legislativa\"}]},{\"@type\":\"WebSite\",\"@id\":\"https:\/\/blogdobispo.com.br\/#website\",\"url\":\"https:\/\/blogdobispo.com.br\/\",\"name\":\"Blog do Bispo\",\"description\":\"Comprometido apenas com o leitor\",\"publisher\":{\"@id\":\"https:\/\/blogdobispo.com.br\/#organization\"},\"potentialAction\":[{\"@type\":\"SearchAction\",\"target\":{\"@type\":\"EntryPoint\",\"urlTemplate\":\"https:\/\/blogdobispo.com.br\/?s={search_term_string}\"},\"query-input\":{\"@type\":\"PropertyValueSpecification\",\"valueRequired\":true,\"valueName\":\"search_term_string\"}}],\"inLanguage\":\"pt-BR\"},{\"@type\":\"Organization\",\"@id\":\"https:\/\/blogdobispo.com.br\/#organization\",\"name\":\"Blog do Bispo\",\"url\":\"https:\/\/blogdobispo.com.br\/\",\"logo\":{\"@type\":\"ImageObject\",\"inLanguage\":\"pt-BR\",\"@id\":\"https:\/\/blogdobispo.com.br\/#\/schema\/logo\/image\/\",\"url\":\"http:\/\/blogdobispo.com.br\/wp-content\/uploads\/2023\/05\/cropped-headear.png\",\"contentUrl\":\"http:\/\/blogdobispo.com.br\/wp-content\/uploads\/2023\/05\/cropped-headear.png\",\"width\":1500,\"height\":399,\"caption\":\"Blog do Bispo\"},\"image\":{\"@id\":\"https:\/\/blogdobispo.com.br\/#\/schema\/logo\/image\/\"}},{\"@type\":\"Person\",\"@id\":\"https:\/\/blogdobispo.com.br\/#\/schema\/person\/e2209cc0e6cea5c5233d033e997b373f\",\"name\":\"Jefferson Sterfeno\",\"image\":{\"@type\":\"ImageObject\",\"inLanguage\":\"pt-BR\",\"@id\":\"https:\/\/blogdobispo.com.br\/#\/schema\/person\/image\/\",\"url\":\"https:\/\/secure.gravatar.com\/avatar\/0534e84764641168a677026b6d57a3f51dc7ac4db0b4f6186d9cb330d4ee1160?s=96&d=mm&r=g\",\"contentUrl\":\"https:\/\/secure.gravatar.com\/avatar\/0534e84764641168a677026b6d57a3f51dc7ac4db0b4f6186d9cb330d4ee1160?s=96&d=mm&r=g\",\"caption\":\"Jefferson Sterfeno\"},\"sameAs\":[\"http:\/\/blogdobispo.com.br\"],\"url\":\"https:\/\/blogdobispo.com.br\/?author=1\"}]}<\/script>\n<!-- \/ Yoast SEO plugin. -->","yoast_head_json":{"title":"Doadores de sangue do RN s\u00e3o homenageados na Assembleia Legislativa - Blog do Bispo","robots":{"index":"index","follow":"follow","max-snippet":"max-snippet:-1","max-image-preview":"max-image-preview:large","max-video-preview":"max-video-preview:-1"},"canonical":"https:\/\/blogdobispo.com.br\/?p=1987","og_locale":"pt_BR","og_type":"article","og_title":"Doadores de sangue do RN s\u00e3o homenageados na Assembleia Legislativa - Blog do Bispo","og_description":"A Assembleia Legislativa do Rio Grande do Norte realizou nesta sexta-feira (20) uma Sess\u00e3o Solene em homenagem aos doadores de sangue, marcando a passagem do Dia Mundial do Doador de Sangue. A iniciativa partiu do deputado estadual George Soares (PV), propositor da solenidade, e teve como objetivo reconhecer a import\u00e2ncia da pr\u00e1tica para contribuir com [&hellip;]","og_url":"https:\/\/blogdobispo.com.br\/?p=1987","og_site_name":"Blog do Bispo","article_published_time":"2023-10-24T14:43:16+00:00","og_image":[{"url":"https:\/\/blogdobispo.com.br\/wp-content\/uploads\/2023\/10\/img_3456-1-1024x681.jpg","type":"","width":"","height":""}],"author":"Jefferson Sterfeno","twitter_card":"summary_large_image","twitter_misc":{"Escrito por":"Jefferson Sterfeno","Est. tempo de leitura":"2 minutos"},"schema":{"@context":"https:\/\/schema.org","@graph":[{"@type":"Article","@id":"https:\/\/blogdobispo.com.br\/?p=1987#article","isPartOf":{"@id":"https:\/\/blogdobispo.com.br\/?p=1987"},"author":{"name":"Jefferson Sterfeno","@id":"https:\/\/blogdobispo.com.br\/#\/schema\/person\/e2209cc0e6cea5c5233d033e997b373f"},"headline":"Doadores de sangue do RN s\u00e3o homenageados na Assembleia Legislativa","datePublished":"2023-10-24T14:43:16+00:00","mainEntityOfPage":{"@id":"https:\/\/blogdobispo.com.br\/?p=1987"},"wordCount":493,"commentCount":0,"publisher":{"@id":"https:\/\/blogdobispo.com.br\/#organization"},"image":{"@id":"https:\/\/blogdobispo.com.br\/?p=1987#primaryimage"},"thumbnailUrl":"https:\/\/blogdobispo.com.br\/wp-content\/uploads\/2023\/10\/img_3456-1-1024x681.jpg","articleSection":["diversos"],"inLanguage":"pt-BR","potentialAction":[{"@type":"CommentAction","name":"Comment","target":["https:\/\/blogdobispo.com.br\/?p=1987#respond"]}]},{"@type":"WebPage","@id":"https:\/\/blogdobispo.com.br\/?p=1987","url":"https:\/\/blogdobispo.com.br\/?p=1987","name":"Doadores de sangue do RN s\u00e3o homenageados na Assembleia Legislativa - Blog do Bispo","isPartOf":{"@id":"https:\/\/blogdobispo.com.br\/#website"},"primaryImageOfPage":{"@id":"https:\/\/blogdobispo.com.br\/?p=1987#primaryimage"},"image":{"@id":"https:\/\/blogdobispo.com.br\/?p=1987#primaryimage"},"thumbnailUrl":"https:\/\/blogdobispo.com.br\/wp-content\/uploads\/2023\/10\/img_3456-1-1024x681.jpg","datePublished":"2023-10-24T14:43:16+00:00","breadcrumb":{"@id":"https:\/\/blogdobispo.com.br\/?p=1987#breadcrumb"},"inLanguage":"pt-BR","potentialAction":[{"@type":"ReadAction","target":["https:\/\/blogdobispo.com.br\/?p=1987"]}]},{"@type":"ImageObject","inLanguage":"pt-BR","@id":"https:\/\/blogdobispo.com.br\/?p=1987#primaryimage","url":"https:\/\/blogdobispo.com.br\/wp-content\/uploads\/2023\/10\/img_3456-1-1024x681.jpg","contentUrl":"https:\/\/blogdobispo.com.br\/wp-content\/uploads\/2023\/10\/img_3456-1-1024x681.jpg"},{"@type":"BreadcrumbList","@id":"https:\/\/blogdobispo.com.br\/?p=1987#breadcrumb","itemListElement":[{"@type":"ListItem","position":1,"name":"In\u00edcio","item":"https:\/\/blogdobispo.com.br\/"},{"@type":"ListItem","position":2,"name":"Doadores de sangue do RN s\u00e3o homenageados na Assembleia Legislativa"}]},{"@type":"WebSite","@id":"https:\/\/blogdobispo.com.br\/#website","url":"https:\/\/blogdobispo.com.br\/","name":"Blog do Bispo","description":"Comprometido apenas com o leitor","publisher":{"@id":"https:\/\/blogdobispo.com.br\/#organization"},"potentialAction":[{"@type":"SearchAction","target":{"@type":"EntryPoint","urlTemplate":"https:\/\/blogdobispo.com.br\/?s={search_term_string}"},"query-input":{"@type":"PropertyValueSpecification","valueRequired":true,"valueName":"search_term_string"}}],"inLanguage":"pt-BR"},{"@type":"Organization","@id":"https:\/\/blogdobispo.com.br\/#organization","name":"Blog do Bispo","url":"https:\/\/blogdobispo.com.br\/","logo":{"@type":"ImageObject","inLanguage":"pt-BR","@id":"https:\/\/blogdobispo.com.br\/#\/schema\/logo\/image\/","url":"http:\/\/blogdobispo.com.br\/wp-content\/uploads\/2023\/05\/cropped-headear.png","contentUrl":"http:\/\/blogdobispo.com.br\/wp-content\/uploads\/2023\/05\/cropped-headear.png","width":1500,"height":399,"caption":"Blog do Bispo"},"image":{"@id":"https:\/\/blogdobispo.com.br\/#\/schema\/logo\/image\/"}},{"@type":"Person","@id":"https:\/\/blogdobispo.com.br\/#\/schema\/person\/e2209cc0e6cea5c5233d033e997b373f","name":"Jefferson Sterfeno","image":{"@type":"ImageObject","inLanguage":"pt-BR","@id":"https:\/\/blogdobispo.com.br\/#\/schema\/person\/image\/","url":"https:\/\/secure.gravatar.com\/avatar\/0534e84764641168a677026b6d57a3f51dc7ac4db0b4f6186d9cb330d4ee1160?s=96&d=mm&r=g","contentUrl":"https:\/\/secure.gravatar.com\/avatar\/0534e84764641168a677026b6d57a3f51dc7ac4db0b4f6186d9cb330d4ee1160?s=96&d=mm&r=g","caption":"Jefferson Sterfeno"},"sameAs":["http:\/\/blogdobispo.com.br"],"url":"https:\/\/blogdobispo.com.br\/?author=1"}]}},"featured_image_urls":{"full":"","thumbnail":"","medium":"","medium_large":"","large":"","1536x1536":"","2048x2048":""},"author_info":{"display_name":"Jefferson Sterfeno","author_link":"https:\/\/blogdobispo.com.br\/?author=1"},"category_info":"<a href=\"https:\/\/blogdobispo.com.br\/?cat=1\" rel=\"category\">diversos<\/a>","tag_info":"diversos","comment_count":"0","jetpack_featured_media_url":"","jetpack_sharing_enabled":true,"_links":{"self":[{"href":"https:\/\/blogdobispo.com.br\/index.php?rest_route=\/wp\/v2\/posts\/1987","targetHints":{"allow":["GET"]}}],"collection":[{"href":"https:\/\/blogdobispo.com.br\/index.php?rest_route=\/wp\/v2\/posts"}],"about":[{"href":"https:\/\/blogdobispo.com.br\/index.php?rest_route=\/wp\/v2\/types\/post"}],"author":[{"embeddable":true,"href":"https:\/\/blogdobispo.com.br\/index.php?rest_route=\/wp\/v2\/users\/1"}],"replies":[{"embeddable":true,"href":"https:\/\/blogdobispo.com.br\/index.php?rest_route=%2Fwp%2Fv2%2Fcomments&post=1987"}],"version-history":[{"count":0,"href":"https:\/\/blogdobispo.com.br\/index.php?rest_route=\/wp\/v2\/posts\/1987\/revisions"}],"wp:attachment":[{"href":"https:\/\/blogdobispo.com.br\/index.php?rest_route=%2Fwp%2Fv2%2Fmedia&parent=1987"}],"wp:term":[{"taxonomy":"category","embeddable":true,"href":"https:\/\/blogdobispo.com.br\/index.php?rest_route=%2Fwp%2Fv2%2Fcategories&post=1987"},{"taxonomy":"post_tag","embeddable":true,"href":"https:\/\/blogdobispo.com.br\/index.php?rest_route=%2Fwp%2Fv2%2Ftags&post=1987"}],"curies":[{"name":"wp","href":"https:\/\/api.w.org\/{rel}","templated":true}]}}