{"id":19834,"date":"2026-05-01T12:52:20","date_gmt":"2026-05-01T12:52:20","guid":{"rendered":"https:\/\/blogdobispo.com.br\/?p=19834"},"modified":"2026-05-01T12:52:20","modified_gmt":"2026-05-01T12:52:20","slug":"prefeito-paulinho-freire-e-presidente-da-camara-eriko-jacome-se-reunem-com-o-novo-ministro-do-turismo-e-articulam-avancos-para-o-setor-em-natal","status":"publish","type":"post","link":"https:\/\/blogdobispo.com.br\/?p=19834","title":{"rendered":"Prefeito Paulinho Freire e presidente da C\u00e2mara Eriko J\u00e1come se re\u00fanem com o novo ministro do Turismo e articulam avan\u00e7os para o setor em Natal"},"content":{"rendered":"\n<figure class=\"wp-block-image size-large\"><img data-recalc-dims=\"1\" fetchpriority=\"high\" decoding=\"async\" width=\"800\" height=\"600\" src=\"https:\/\/i0.wp.com\/blogdobispo.com.br\/wp-content\/uploads\/2026\/05\/23014ad6-09bc-41fb-b72c-eb27c945295d-1024x768.jpg?resize=800%2C600&#038;ssl=1\" class=\"wp-image-19832\" srcset=\"https:\/\/i0.wp.com\/blogdobispo.com.br\/wp-content\/uploads\/2026\/05\/23014ad6-09bc-41fb-b72c-eb27c945295d.jpg?resize=1024%2C768&amp;ssl=1 1024w, https:\/\/i0.wp.com\/blogdobispo.com.br\/wp-content\/uploads\/2026\/05\/23014ad6-09bc-41fb-b72c-eb27c945295d.jpg?resize=300%2C225&amp;ssl=1 300w, https:\/\/i0.wp.com\/blogdobispo.com.br\/wp-content\/uploads\/2026\/05\/23014ad6-09bc-41fb-b72c-eb27c945295d.jpg?resize=768%2C576&amp;ssl=1 768w, https:\/\/i0.wp.com\/blogdobispo.com.br\/wp-content\/uploads\/2026\/05\/23014ad6-09bc-41fb-b72c-eb27c945295d.jpg?resize=1536%2C1152&amp;ssl=1 1536w, https:\/\/i0.wp.com\/blogdobispo.com.br\/wp-content\/uploads\/2026\/05\/23014ad6-09bc-41fb-b72c-eb27c945295d.jpg?w=1600&amp;ssl=1 1600w\" sizes=\"(max-width: 800px) 100vw, 800px\" \/><\/figure>\n\n\n\n<p><\/p>\n\n\n\n<p>O prefeito de Natal, Paulinho Freire, e o presidente da C\u00e2mara Municipal, Eriko J\u00e1come, cumpriram agenda institucional em Bras\u00edlia e se reuniram com o ministro do Turismo, Gustavo Costa Feliciano, para tratar de pautas estrat\u00e9gicas voltadas ao fortalecimento e \u00e0 expans\u00e3o do turismo na capital potiguar.<\/p>\n\n\n\n<p>O encontro, realizado no Minist\u00e9rio do Turismo, teve como foco a inclus\u00e3o de Natal em novos programas federais, al\u00e9m da articula\u00e7\u00e3o para a capta\u00e7\u00e3o de recursos por meio de emendas parlamentares e parcerias institucionais. A iniciativa busca impulsionar ainda mais um setor que j\u00e1 \u00e9 um dos principais motores econ\u00f4micos da cidade.<\/p>\n\n\n\n<p>Durante a reuni\u00e3o, foi destacado o potencial tur\u00edstico de Natal, reconhecida nacionalmente por suas belezas naturais, como dunas, praias e clima privilegiado, al\u00e9m de uma cultura rica e acolhedora. Os gestores refor\u00e7aram que, apesar do crescimento constante do setor, h\u00e1 espa\u00e7o para avan\u00e7ar ainda mais, com investimentos em infraestrutura, promo\u00e7\u00e3o tur\u00edstica e qualifica\u00e7\u00e3o de servi\u00e7os.<\/p>\n\n\n\n<p>O ministro Gustavo Costa Feliciano, que assumiu a pasta em dezembro de 2025, tem defendido a amplia\u00e7\u00e3o do acesso ao turismo em todo o pa\u00eds, com pol\u00edticas voltadas \u00e0 democratiza\u00e7\u00e3o do setor. Nesse contexto, Natal surge como um destino estrat\u00e9gico para receber novos incentivos e integrar projetos nacionais de desenvolvimento tur\u00edstico.<\/p>\n","protected":false},"excerpt":{"rendered":"<p>O prefeito de Natal, Paulinho Freire, e o presidente da C\u00e2mara Municipal, Eriko J\u00e1come, cumpriram agenda institucional em Bras\u00edlia e se reuniram com o ministro do Turismo, Gustavo Costa Feliciano, para tratar de pautas estrat\u00e9gicas voltadas ao fortalecimento e \u00e0 expans\u00e3o do turismo na capital potiguar. O encontro, realizado no Minist\u00e9rio do Turismo, teve como [&hellip;]<\/p>\n","protected":false},"author":1,"featured_media":19833,"comment_status":"open","ping_status":"open","sticky":false,"template":"","format":"standard","meta":{"cybocfi_hide_featured_image":"","_jetpack_memberships_contains_paid_content":false,"footnotes":""},"categories":[1],"tags":[],"class_list":["post-19834","post","type-post","status-publish","format-standard","has-post-thumbnail","hentry","category-diversos"],"yoast_head":"<!-- This site is optimized with the Yoast SEO plugin v25.6 - https:\/\/yoast.com\/wordpress\/plugins\/seo\/ -->\n<title>Prefeito Paulinho Freire e presidente da C\u00e2mara Eriko J\u00e1come se re\u00fanem com o novo ministro do Turismo e articulam avan\u00e7os para o setor em Natal - Blog do Bispo<\/title>\n<meta name=\"robots\" content=\"index, follow, max-snippet:-1, max-image-preview:large, max-video-preview:-1\" \/>\n<link rel=\"canonical\" href=\"https:\/\/blogdobispo.com.br\/?p=19834\" \/>\n<meta property=\"og:locale\" content=\"pt_BR\" \/>\n<meta property=\"og:type\" content=\"article\" \/>\n<meta property=\"og:title\" content=\"Prefeito Paulinho Freire e presidente da C\u00e2mara Eriko J\u00e1come se re\u00fanem com o novo ministro do Turismo e articulam avan\u00e7os para o setor em Natal - Blog do Bispo\" \/>\n<meta property=\"og:description\" content=\"O prefeito de Natal, Paulinho Freire, e o presidente da C\u00e2mara Municipal, Eriko J\u00e1come, cumpriram agenda institucional em Bras\u00edlia e se reuniram com o ministro do Turismo, Gustavo Costa Feliciano, para tratar de pautas estrat\u00e9gicas voltadas ao fortalecimento e \u00e0 expans\u00e3o do turismo na capital potiguar. O encontro, realizado no Minist\u00e9rio do Turismo, teve como [&hellip;]\" \/>\n<meta property=\"og:url\" content=\"https:\/\/blogdobispo.com.br\/?p=19834\" \/>\n<meta property=\"og:site_name\" content=\"Blog do Bispo\" \/>\n<meta property=\"article:published_time\" content=\"2026-05-01T12:52:20+00:00\" \/>\n<meta property=\"og:image\" content=\"https:\/\/blogdobispo.com.br\/wp-content\/uploads\/2026\/05\/23014ad6-09bc-41fb-b72c-eb27c945295d-1024x768.jpg\" \/>\n<meta name=\"author\" content=\"Jefferson Sterfeno\" \/>\n<meta name=\"twitter:card\" content=\"summary_large_image\" \/>\n<meta name=\"twitter:label1\" content=\"Escrito por\" \/>\n\t<meta name=\"twitter:data1\" content=\"Jefferson Sterfeno\" \/>\n\t<meta name=\"twitter:label2\" content=\"Est. tempo de leitura\" \/>\n\t<meta name=\"twitter:data2\" content=\"1 minuto\" \/>\n<script type=\"application\/ld+json\" class=\"yoast-schema-graph\">{\"@context\":\"https:\/\/schema.org\",\"@graph\":[{\"@type\":\"Article\",\"@id\":\"https:\/\/blogdobispo.com.br\/?p=19834#article\",\"isPartOf\":{\"@id\":\"https:\/\/blogdobispo.com.br\/?p=19834\"},\"author\":{\"name\":\"Jefferson Sterfeno\",\"@id\":\"https:\/\/blogdobispo.com.br\/#\/schema\/person\/e2209cc0e6cea5c5233d033e997b373f\"},\"headline\":\"Prefeito Paulinho Freire e presidente da C\u00e2mara Eriko J\u00e1come se re\u00fanem com o novo ministro do Turismo e articulam avan\u00e7os para o setor em Natal\",\"datePublished\":\"2026-05-01T12:52:20+00:00\",\"mainEntityOfPage\":{\"@id\":\"https:\/\/blogdobispo.com.br\/?p=19834\"},\"wordCount\":256,\"commentCount\":0,\"publisher\":{\"@id\":\"https:\/\/blogdobispo.com.br\/#organization\"},\"image\":{\"@id\":\"https:\/\/blogdobispo.com.br\/?p=19834#primaryimage\"},\"thumbnailUrl\":\"https:\/\/i0.wp.com\/blogdobispo.com.br\/wp-content\/uploads\/2026\/05\/23014ad6-09bc-41fb-b72c-eb27c945295d-1.jpg?fit=1600%2C1200&ssl=1\",\"articleSection\":[\"diversos\"],\"inLanguage\":\"pt-BR\",\"potentialAction\":[{\"@type\":\"CommentAction\",\"name\":\"Comment\",\"target\":[\"https:\/\/blogdobispo.com.br\/?p=19834#respond\"]}]},{\"@type\":\"WebPage\",\"@id\":\"https:\/\/blogdobispo.com.br\/?p=19834\",\"url\":\"https:\/\/blogdobispo.com.br\/?p=19834\",\"name\":\"Prefeito Paulinho Freire e presidente da C\u00e2mara Eriko J\u00e1come se re\u00fanem com o novo ministro do Turismo e articulam avan\u00e7os para o setor em Natal - Blog do Bispo\",\"isPartOf\":{\"@id\":\"https:\/\/blogdobispo.com.br\/#website\"},\"primaryImageOfPage\":{\"@id\":\"https:\/\/blogdobispo.com.br\/?p=19834#primaryimage\"},\"image\":{\"@id\":\"https:\/\/blogdobispo.com.br\/?p=19834#primaryimage\"},\"thumbnailUrl\":\"https:\/\/i0.wp.com\/blogdobispo.com.br\/wp-content\/uploads\/2026\/05\/23014ad6-09bc-41fb-b72c-eb27c945295d-1.jpg?fit=1600%2C1200&ssl=1\",\"datePublished\":\"2026-05-01T12:52:20+00:00\",\"breadcrumb\":{\"@id\":\"https:\/\/blogdobispo.com.br\/?p=19834#breadcrumb\"},\"inLanguage\":\"pt-BR\",\"potentialAction\":[{\"@type\":\"ReadAction\",\"target\":[\"https:\/\/blogdobispo.com.br\/?p=19834\"]}]},{\"@type\":\"ImageObject\",\"inLanguage\":\"pt-BR\",\"@id\":\"https:\/\/blogdobispo.com.br\/?p=19834#primaryimage\",\"url\":\"https:\/\/i0.wp.com\/blogdobispo.com.br\/wp-content\/uploads\/2026\/05\/23014ad6-09bc-41fb-b72c-eb27c945295d-1.jpg?fit=1600%2C1200&ssl=1\",\"contentUrl\":\"https:\/\/i0.wp.com\/blogdobispo.com.br\/wp-content\/uploads\/2026\/05\/23014ad6-09bc-41fb-b72c-eb27c945295d-1.jpg?fit=1600%2C1200&ssl=1\",\"width\":1600,\"height\":1200},{\"@type\":\"BreadcrumbList\",\"@id\":\"https:\/\/blogdobispo.com.br\/?p=19834#breadcrumb\",\"itemListElement\":[{\"@type\":\"ListItem\",\"position\":1,\"name\":\"In\u00edcio\",\"item\":\"https:\/\/blogdobispo.com.br\/\"},{\"@type\":\"ListItem\",\"position\":2,\"name\":\"Prefeito Paulinho Freire e presidente da C\u00e2mara Eriko J\u00e1come se re\u00fanem com o novo ministro do Turismo e articulam avan\u00e7os para o setor em Natal\"}]},{\"@type\":\"WebSite\",\"@id\":\"https:\/\/blogdobispo.com.br\/#website\",\"url\":\"https:\/\/blogdobispo.com.br\/\",\"name\":\"Blog do Bispo\",\"description\":\"Comprometido apenas com o leitor\",\"publisher\":{\"@id\":\"https:\/\/blogdobispo.com.br\/#organization\"},\"potentialAction\":[{\"@type\":\"SearchAction\",\"target\":{\"@type\":\"EntryPoint\",\"urlTemplate\":\"https:\/\/blogdobispo.com.br\/?s={search_term_string}\"},\"query-input\":{\"@type\":\"PropertyValueSpecification\",\"valueRequired\":true,\"valueName\":\"search_term_string\"}}],\"inLanguage\":\"pt-BR\"},{\"@type\":\"Organization\",\"@id\":\"https:\/\/blogdobispo.com.br\/#organization\",\"name\":\"Blog do Bispo\",\"url\":\"https:\/\/blogdobispo.com.br\/\",\"logo\":{\"@type\":\"ImageObject\",\"inLanguage\":\"pt-BR\",\"@id\":\"https:\/\/blogdobispo.com.br\/#\/schema\/logo\/image\/\",\"url\":\"http:\/\/blogdobispo.com.br\/wp-content\/uploads\/2023\/05\/cropped-headear.png\",\"contentUrl\":\"http:\/\/blogdobispo.com.br\/wp-content\/uploads\/2023\/05\/cropped-headear.png\",\"width\":1500,\"height\":399,\"caption\":\"Blog do Bispo\"},\"image\":{\"@id\":\"https:\/\/blogdobispo.com.br\/#\/schema\/logo\/image\/\"}},{\"@type\":\"Person\",\"@id\":\"https:\/\/blogdobispo.com.br\/#\/schema\/person\/e2209cc0e6cea5c5233d033e997b373f\",\"name\":\"Jefferson Sterfeno\",\"image\":{\"@type\":\"ImageObject\",\"inLanguage\":\"pt-BR\",\"@id\":\"https:\/\/blogdobispo.com.br\/#\/schema\/person\/image\/\",\"url\":\"https:\/\/secure.gravatar.com\/avatar\/0534e84764641168a677026b6d57a3f51dc7ac4db0b4f6186d9cb330d4ee1160?s=96&d=mm&r=g\",\"contentUrl\":\"https:\/\/secure.gravatar.com\/avatar\/0534e84764641168a677026b6d57a3f51dc7ac4db0b4f6186d9cb330d4ee1160?s=96&d=mm&r=g\",\"caption\":\"Jefferson Sterfeno\"},\"sameAs\":[\"http:\/\/blogdobispo.com.br\"],\"url\":\"https:\/\/blogdobispo.com.br\/?author=1\"}]}<\/script>\n<!-- \/ Yoast SEO plugin. -->","yoast_head_json":{"title":"Prefeito Paulinho Freire e presidente da C\u00e2mara Eriko J\u00e1come se re\u00fanem com o novo ministro do Turismo e articulam avan\u00e7os para o setor em Natal - Blog do Bispo","robots":{"index":"index","follow":"follow","max-snippet":"max-snippet:-1","max-image-preview":"max-image-preview:large","max-video-preview":"max-video-preview:-1"},"canonical":"https:\/\/blogdobispo.com.br\/?p=19834","og_locale":"pt_BR","og_type":"article","og_title":"Prefeito Paulinho Freire e presidente da C\u00e2mara Eriko J\u00e1come se re\u00fanem com o novo ministro do Turismo e articulam avan\u00e7os para o setor em Natal - Blog do Bispo","og_description":"O prefeito de Natal, Paulinho Freire, e o presidente da C\u00e2mara Municipal, Eriko J\u00e1come, cumpriram agenda institucional em Bras\u00edlia e se reuniram com o ministro do Turismo, Gustavo Costa Feliciano, para tratar de pautas estrat\u00e9gicas voltadas ao fortalecimento e \u00e0 expans\u00e3o do turismo na capital potiguar. O encontro, realizado no Minist\u00e9rio do Turismo, teve como [&hellip;]","og_url":"https:\/\/blogdobispo.com.br\/?p=19834","og_site_name":"Blog do Bispo","article_published_time":"2026-05-01T12:52:20+00:00","og_image":[{"url":"https:\/\/blogdobispo.com.br\/wp-content\/uploads\/2026\/05\/23014ad6-09bc-41fb-b72c-eb27c945295d-1024x768.jpg","type":"","width":"","height":""}],"author":"Jefferson Sterfeno","twitter_card":"summary_large_image","twitter_misc":{"Escrito por":"Jefferson Sterfeno","Est. tempo de leitura":"1 minuto"},"schema":{"@context":"https:\/\/schema.org","@graph":[{"@type":"Article","@id":"https:\/\/blogdobispo.com.br\/?p=19834#article","isPartOf":{"@id":"https:\/\/blogdobispo.com.br\/?p=19834"},"author":{"name":"Jefferson Sterfeno","@id":"https:\/\/blogdobispo.com.br\/#\/schema\/person\/e2209cc0e6cea5c5233d033e997b373f"},"headline":"Prefeito Paulinho Freire e presidente da C\u00e2mara Eriko J\u00e1come se re\u00fanem com o novo ministro do Turismo e articulam avan\u00e7os para o setor em Natal","datePublished":"2026-05-01T12:52:20+00:00","mainEntityOfPage":{"@id":"https:\/\/blogdobispo.com.br\/?p=19834"},"wordCount":256,"commentCount":0,"publisher":{"@id":"https:\/\/blogdobispo.com.br\/#organization"},"image":{"@id":"https:\/\/blogdobispo.com.br\/?p=19834#primaryimage"},"thumbnailUrl":"https:\/\/i0.wp.com\/blogdobispo.com.br\/wp-content\/uploads\/2026\/05\/23014ad6-09bc-41fb-b72c-eb27c945295d-1.jpg?fit=1600%2C1200&ssl=1","articleSection":["diversos"],"inLanguage":"pt-BR","potentialAction":[{"@type":"CommentAction","name":"Comment","target":["https:\/\/blogdobispo.com.br\/?p=19834#respond"]}]},{"@type":"WebPage","@id":"https:\/\/blogdobispo.com.br\/?p=19834","url":"https:\/\/blogdobispo.com.br\/?p=19834","name":"Prefeito Paulinho Freire e presidente da C\u00e2mara Eriko J\u00e1come se re\u00fanem com o novo ministro do Turismo e articulam avan\u00e7os para o setor em Natal - Blog do Bispo","isPartOf":{"@id":"https:\/\/blogdobispo.com.br\/#website"},"primaryImageOfPage":{"@id":"https:\/\/blogdobispo.com.br\/?p=19834#primaryimage"},"image":{"@id":"https:\/\/blogdobispo.com.br\/?p=19834#primaryimage"},"thumbnailUrl":"https:\/\/i0.wp.com\/blogdobispo.com.br\/wp-content\/uploads\/2026\/05\/23014ad6-09bc-41fb-b72c-eb27c945295d-1.jpg?fit=1600%2C1200&ssl=1","datePublished":"2026-05-01T12:52:20+00:00","breadcrumb":{"@id":"https:\/\/blogdobispo.com.br\/?p=19834#breadcrumb"},"inLanguage":"pt-BR","potentialAction":[{"@type":"ReadAction","target":["https:\/\/blogdobispo.com.br\/?p=19834"]}]},{"@type":"ImageObject","inLanguage":"pt-BR","@id":"https:\/\/blogdobispo.com.br\/?p=19834#primaryimage","url":"https:\/\/i0.wp.com\/blogdobispo.com.br\/wp-content\/uploads\/2026\/05\/23014ad6-09bc-41fb-b72c-eb27c945295d-1.jpg?fit=1600%2C1200&ssl=1","contentUrl":"https:\/\/i0.wp.com\/blogdobispo.com.br\/wp-content\/uploads\/2026\/05\/23014ad6-09bc-41fb-b72c-eb27c945295d-1.jpg?fit=1600%2C1200&ssl=1","width":1600,"height":1200},{"@type":"BreadcrumbList","@id":"https:\/\/blogdobispo.com.br\/?p=19834#breadcrumb","itemListElement":[{"@type":"ListItem","position":1,"name":"In\u00edcio","item":"https:\/\/blogdobispo.com.br\/"},{"@type":"ListItem","position":2,"name":"Prefeito Paulinho Freire e presidente da C\u00e2mara Eriko J\u00e1come se re\u00fanem com o novo ministro do Turismo e articulam avan\u00e7os para o setor em Natal"}]},{"@type":"WebSite","@id":"https:\/\/blogdobispo.com.br\/#website","url":"https:\/\/blogdobispo.com.br\/","name":"Blog do Bispo","description":"Comprometido apenas com o leitor","publisher":{"@id":"https:\/\/blogdobispo.com.br\/#organization"},"potentialAction":[{"@type":"SearchAction","target":{"@type":"EntryPoint","urlTemplate":"https:\/\/blogdobispo.com.br\/?s={search_term_string}"},"query-input":{"@type":"PropertyValueSpecification","valueRequired":true,"valueName":"search_term_string"}}],"inLanguage":"pt-BR"},{"@type":"Organization","@id":"https:\/\/blogdobispo.com.br\/#organization","name":"Blog do Bispo","url":"https:\/\/blogdobispo.com.br\/","logo":{"@type":"ImageObject","inLanguage":"pt-BR","@id":"https:\/\/blogdobispo.com.br\/#\/schema\/logo\/image\/","url":"http:\/\/blogdobispo.com.br\/wp-content\/uploads\/2023\/05\/cropped-headear.png","contentUrl":"http:\/\/blogdobispo.com.br\/wp-content\/uploads\/2023\/05\/cropped-headear.png","width":1500,"height":399,"caption":"Blog do Bispo"},"image":{"@id":"https:\/\/blogdobispo.com.br\/#\/schema\/logo\/image\/"}},{"@type":"Person","@id":"https:\/\/blogdobispo.com.br\/#\/schema\/person\/e2209cc0e6cea5c5233d033e997b373f","name":"Jefferson Sterfeno","image":{"@type":"ImageObject","inLanguage":"pt-BR","@id":"https:\/\/blogdobispo.com.br\/#\/schema\/person\/image\/","url":"https:\/\/secure.gravatar.com\/avatar\/0534e84764641168a677026b6d57a3f51dc7ac4db0b4f6186d9cb330d4ee1160?s=96&d=mm&r=g","contentUrl":"https:\/\/secure.gravatar.com\/avatar\/0534e84764641168a677026b6d57a3f51dc7ac4db0b4f6186d9cb330d4ee1160?s=96&d=mm&r=g","caption":"Jefferson Sterfeno"},"sameAs":["http:\/\/blogdobispo.com.br"],"url":"https:\/\/blogdobispo.com.br\/?author=1"}]}},"featured_image_urls":{"full":["https:\/\/i0.wp.com\/blogdobispo.com.br\/wp-content\/uploads\/2026\/05\/23014ad6-09bc-41fb-b72c-eb27c945295d-1.jpg?fit=1600%2C1200&ssl=1",1600,1200,false],"thumbnail":["https:\/\/i0.wp.com\/blogdobispo.com.br\/wp-content\/uploads\/2026\/05\/23014ad6-09bc-41fb-b72c-eb27c945295d-1.jpg?resize=150%2C150&ssl=1",150,150,true],"medium":["https:\/\/i0.wp.com\/blogdobispo.com.br\/wp-content\/uploads\/2026\/05\/23014ad6-09bc-41fb-b72c-eb27c945295d-1.jpg?fit=300%2C225&ssl=1",300,225,true],"medium_large":["https:\/\/i0.wp.com\/blogdobispo.com.br\/wp-content\/uploads\/2026\/05\/23014ad6-09bc-41fb-b72c-eb27c945295d-1.jpg?fit=768%2C576&ssl=1",768,576,true],"large":["https:\/\/i0.wp.com\/blogdobispo.com.br\/wp-content\/uploads\/2026\/05\/23014ad6-09bc-41fb-b72c-eb27c945295d-1.jpg?fit=800%2C600&ssl=1",800,600,true],"1536x1536":["https:\/\/i0.wp.com\/blogdobispo.com.br\/wp-content\/uploads\/2026\/05\/23014ad6-09bc-41fb-b72c-eb27c945295d-1.jpg?fit=1536%2C1152&ssl=1",1536,1152,true],"2048x2048":["https:\/\/i0.wp.com\/blogdobispo.com.br\/wp-content\/uploads\/2026\/05\/23014ad6-09bc-41fb-b72c-eb27c945295d-1.jpg?fit=1600%2C1200&ssl=1",1600,1200,true]},"author_info":{"display_name":"Jefferson Sterfeno","author_link":"https:\/\/blogdobispo.com.br\/?author=1"},"category_info":"<a href=\"https:\/\/blogdobispo.com.br\/?cat=1\" rel=\"category\">diversos<\/a>","tag_info":"diversos","comment_count":"0","jetpack_featured_media_url":"https:\/\/i0.wp.com\/blogdobispo.com.br\/wp-content\/uploads\/2026\/05\/23014ad6-09bc-41fb-b72c-eb27c945295d-1.jpg?fit=1600%2C1200&ssl=1","jetpack_sharing_enabled":true,"_links":{"self":[{"href":"https:\/\/blogdobispo.com.br\/index.php?rest_route=\/wp\/v2\/posts\/19834","targetHints":{"allow":["GET"]}}],"collection":[{"href":"https:\/\/blogdobispo.com.br\/index.php?rest_route=\/wp\/v2\/posts"}],"about":[{"href":"https:\/\/blogdobispo.com.br\/index.php?rest_route=\/wp\/v2\/types\/post"}],"author":[{"embeddable":true,"href":"https:\/\/blogdobispo.com.br\/index.php?rest_route=\/wp\/v2\/users\/1"}],"replies":[{"embeddable":true,"href":"https:\/\/blogdobispo.com.br\/index.php?rest_route=%2Fwp%2Fv2%2Fcomments&post=19834"}],"version-history":[{"count":0,"href":"https:\/\/blogdobispo.com.br\/index.php?rest_route=\/wp\/v2\/posts\/19834\/revisions"}],"wp:featuredmedia":[{"embeddable":true,"href":"https:\/\/blogdobispo.com.br\/index.php?rest_route=\/wp\/v2\/media\/19833"}],"wp:attachment":[{"href":"https:\/\/blogdobispo.com.br\/index.php?rest_route=%2Fwp%2Fv2%2Fmedia&parent=19834"}],"wp:term":[{"taxonomy":"category","embeddable":true,"href":"https:\/\/blogdobispo.com.br\/index.php?rest_route=%2Fwp%2Fv2%2Fcategories&post=19834"},{"taxonomy":"post_tag","embeddable":true,"href":"https:\/\/blogdobispo.com.br\/index.php?rest_route=%2Fwp%2Fv2%2Ftags&post=19834"}],"curies":[{"name":"wp","href":"https:\/\/api.w.org\/{rel}","templated":true}]}}