{"id":19819,"date":"2026-04-28T20:39:24","date_gmt":"2026-04-28T20:39:24","guid":{"rendered":"https:\/\/blogdobispo.com.br\/?p=19819"},"modified":"2026-04-28T20:39:24","modified_gmt":"2026-04-28T20:39:24","slug":"eriko-jacome-juntamente-com-a-fecam-rn-participa-da-25a-marcha-dos-vereadores-em-brasilia","status":"publish","type":"post","link":"https:\/\/blogdobispo.com.br\/?p=19819","title":{"rendered":"Eriko J\u00e1come juntamente com a FECAM\/RN participa da 25\u00aa Marcha dos Vereadores em Bras\u00edlia"},"content":{"rendered":"\n<figure class=\"wp-block-image size-large\"><img data-recalc-dims=\"1\" fetchpriority=\"high\" decoding=\"async\" width=\"800\" height=\"1020\" src=\"https:\/\/i0.wp.com\/blogdobispo.com.br\/wp-content\/uploads\/2026\/04\/3ecfe49b-2823-4b79-b741-958f2d20dcb5-803x1024.jpg?resize=800%2C1020&#038;ssl=1\" class=\"wp-image-19817\" srcset=\"https:\/\/i0.wp.com\/blogdobispo.com.br\/wp-content\/uploads\/2026\/04\/3ecfe49b-2823-4b79-b741-958f2d20dcb5.jpg?resize=803%2C1024&amp;ssl=1 803w, https:\/\/i0.wp.com\/blogdobispo.com.br\/wp-content\/uploads\/2026\/04\/3ecfe49b-2823-4b79-b741-958f2d20dcb5.jpg?resize=235%2C300&amp;ssl=1 235w, https:\/\/i0.wp.com\/blogdobispo.com.br\/wp-content\/uploads\/2026\/04\/3ecfe49b-2823-4b79-b741-958f2d20dcb5.jpg?resize=768%2C979&amp;ssl=1 768w, https:\/\/i0.wp.com\/blogdobispo.com.br\/wp-content\/uploads\/2026\/04\/3ecfe49b-2823-4b79-b741-958f2d20dcb5.jpg?w=1004&amp;ssl=1 1004w\" sizes=\"(max-width: 800px) 100vw, 800px\" \/><\/figure>\n\n\n\n<p><\/p>\n\n\n\n<p>O presidente da C\u00e2mara Municipal de Natal, Eriko J\u00e1come, participou nesta ter\u00e7a-feira (28), da 25\u00aa Marcha dos Vereadores, realizada em Bras\u00edlia. O evento re\u00fane parlamentares de todo o Brasil em uma mobiliza\u00e7\u00e3o nacional voltada ao fortalecimento do legislativo municipal e \u00e0 defesa das pautas municipalistas.<\/p>\n\n\n\n<p>Reconhecida como um dos principais encontros do parlamento municipal brasileiro, a Marcha promove debates, troca de experi\u00eancias e articula\u00e7\u00e3o institucional entre vereadores, lideran\u00e7as pol\u00edticas e representantes do Congresso Nacional.<\/p>\n\n\n\n<p>Durante a programa\u00e7\u00e3o, Eriko J\u00e1come acompanhou discuss\u00f5es importantes sobre o papel das c\u00e2maras municipais, al\u00e9m de pautas estrat\u00e9gicas que impactam diretamente os munic\u00edpios, como financiamento p\u00fablico, autonomia legislativa e pol\u00edticas voltadas ao desenvolvimento regional.<\/p>\n\n\n\n<p>Na oportunidade, o presidente tamb\u00e9m esteve com a presidente da Federa\u00e7\u00e3o das C\u00e2maras Municipais do Rio Grande do Norte (FECAM\/RN), Jakeline Roberta, e com a diretora executiva da entidade, Erineide S\u00e1, refor\u00e7ando o alinhamento institucional e a atua\u00e7\u00e3o conjunta em defesa dos interesses dos munic\u00edpios potiguares.<\/p>\n\n\n\n<p>Para Eriko J\u00e1come, a Marcha representa um momento estrat\u00e9gico de fortalecimento do municipalismo. \u201cEste \u00e9 um espa\u00e7o fundamental de di\u00e1logo e constru\u00e7\u00e3o coletiva. O Rio Grande do Norte mostrou sua for\u00e7a, sendo a segunda maior bancada presente no evento, com quase 400 vereadores, o que demonstra o compromisso dos nossos parlamentares com a busca por conhecimento e solu\u00e7\u00f5es para os seus munic\u00edpios\u201d, destacou.<\/p>\n\n\n\n<p>A participa\u00e7\u00e3o do presidente refor\u00e7a o compromisso com a qualifica\u00e7\u00e3o do mandato, o di\u00e1logo com outras esferas de poder e a busca por solu\u00e7\u00f5es que atendam \u00e0s demandas da popula\u00e7\u00e3o.<\/p>\n\n\n\n<p>A 25\u00aa Marcha dos Vereadores segue com uma programa\u00e7\u00e3o extensa ao longo da semana, consolidando-se como um espa\u00e7o essencial de fortalecimento da atua\u00e7\u00e3o parlamentar em todo o pa\u00eds.<\/p>\n","protected":false},"excerpt":{"rendered":"<p>O presidente da C\u00e2mara Municipal de Natal, Eriko J\u00e1come, participou nesta ter\u00e7a-feira (28), da 25\u00aa Marcha dos Vereadores, realizada em Bras\u00edlia. O evento re\u00fane parlamentares de todo o Brasil em uma mobiliza\u00e7\u00e3o nacional voltada ao fortalecimento do legislativo municipal e \u00e0 defesa das pautas municipalistas. Reconhecida como um dos principais encontros do parlamento municipal brasileiro, [&hellip;]<\/p>\n","protected":false},"author":1,"featured_media":19818,"comment_status":"open","ping_status":"open","sticky":false,"template":"","format":"standard","meta":{"cybocfi_hide_featured_image":"","_jetpack_memberships_contains_paid_content":false,"footnotes":""},"categories":[1],"tags":[],"class_list":["post-19819","post","type-post","status-publish","format-standard","has-post-thumbnail","hentry","category-diversos"],"yoast_head":"<!-- This site is optimized with the Yoast SEO plugin v25.6 - https:\/\/yoast.com\/wordpress\/plugins\/seo\/ -->\n<title>Eriko J\u00e1come juntamente com a FECAM\/RN participa da 25\u00aa Marcha dos Vereadores em Bras\u00edlia - Blog do Bispo<\/title>\n<meta name=\"robots\" content=\"index, follow, max-snippet:-1, max-image-preview:large, max-video-preview:-1\" \/>\n<link rel=\"canonical\" href=\"https:\/\/blogdobispo.com.br\/?p=19819\" \/>\n<meta property=\"og:locale\" content=\"pt_BR\" \/>\n<meta property=\"og:type\" content=\"article\" \/>\n<meta property=\"og:title\" content=\"Eriko J\u00e1come juntamente com a FECAM\/RN participa da 25\u00aa Marcha dos Vereadores em Bras\u00edlia - Blog do Bispo\" \/>\n<meta property=\"og:description\" content=\"O presidente da C\u00e2mara Municipal de Natal, Eriko J\u00e1come, participou nesta ter\u00e7a-feira (28), da 25\u00aa Marcha dos Vereadores, realizada em Bras\u00edlia. O evento re\u00fane parlamentares de todo o Brasil em uma mobiliza\u00e7\u00e3o nacional voltada ao fortalecimento do legislativo municipal e \u00e0 defesa das pautas municipalistas. Reconhecida como um dos principais encontros do parlamento municipal brasileiro, [&hellip;]\" \/>\n<meta property=\"og:url\" content=\"https:\/\/blogdobispo.com.br\/?p=19819\" \/>\n<meta property=\"og:site_name\" content=\"Blog do Bispo\" \/>\n<meta property=\"article:published_time\" content=\"2026-04-28T20:39:24+00:00\" \/>\n<meta property=\"og:image\" content=\"https:\/\/blogdobispo.com.br\/wp-content\/uploads\/2026\/04\/3ecfe49b-2823-4b79-b741-958f2d20dcb5-803x1024.jpg\" \/>\n<meta name=\"author\" content=\"Jefferson Sterfeno\" \/>\n<meta name=\"twitter:card\" content=\"summary_large_image\" \/>\n<meta name=\"twitter:label1\" content=\"Escrito por\" \/>\n\t<meta name=\"twitter:data1\" content=\"Jefferson Sterfeno\" \/>\n\t<meta name=\"twitter:label2\" content=\"Est. tempo de leitura\" \/>\n\t<meta name=\"twitter:data2\" content=\"2 minutos\" \/>\n<script type=\"application\/ld+json\" class=\"yoast-schema-graph\">{\"@context\":\"https:\/\/schema.org\",\"@graph\":[{\"@type\":\"Article\",\"@id\":\"https:\/\/blogdobispo.com.br\/?p=19819#article\",\"isPartOf\":{\"@id\":\"https:\/\/blogdobispo.com.br\/?p=19819\"},\"author\":{\"name\":\"Jefferson Sterfeno\",\"@id\":\"https:\/\/blogdobispo.com.br\/#\/schema\/person\/e2209cc0e6cea5c5233d033e997b373f\"},\"headline\":\"Eriko J\u00e1come juntamente com a FECAM\/RN participa da 25\u00aa Marcha dos Vereadores em Bras\u00edlia\",\"datePublished\":\"2026-04-28T20:39:24+00:00\",\"mainEntityOfPage\":{\"@id\":\"https:\/\/blogdobispo.com.br\/?p=19819\"},\"wordCount\":329,\"commentCount\":0,\"publisher\":{\"@id\":\"https:\/\/blogdobispo.com.br\/#organization\"},\"image\":{\"@id\":\"https:\/\/blogdobispo.com.br\/?p=19819#primaryimage\"},\"thumbnailUrl\":\"https:\/\/i0.wp.com\/blogdobispo.com.br\/wp-content\/uploads\/2026\/04\/3ecfe49b-2823-4b79-b741-958f2d20dcb5-1.jpg?fit=1004%2C1280&ssl=1\",\"articleSection\":[\"diversos\"],\"inLanguage\":\"pt-BR\",\"potentialAction\":[{\"@type\":\"CommentAction\",\"name\":\"Comment\",\"target\":[\"https:\/\/blogdobispo.com.br\/?p=19819#respond\"]}]},{\"@type\":\"WebPage\",\"@id\":\"https:\/\/blogdobispo.com.br\/?p=19819\",\"url\":\"https:\/\/blogdobispo.com.br\/?p=19819\",\"name\":\"Eriko J\u00e1come juntamente com a FECAM\/RN participa da 25\u00aa Marcha dos Vereadores em Bras\u00edlia - Blog do Bispo\",\"isPartOf\":{\"@id\":\"https:\/\/blogdobispo.com.br\/#website\"},\"primaryImageOfPage\":{\"@id\":\"https:\/\/blogdobispo.com.br\/?p=19819#primaryimage\"},\"image\":{\"@id\":\"https:\/\/blogdobispo.com.br\/?p=19819#primaryimage\"},\"thumbnailUrl\":\"https:\/\/i0.wp.com\/blogdobispo.com.br\/wp-content\/uploads\/2026\/04\/3ecfe49b-2823-4b79-b741-958f2d20dcb5-1.jpg?fit=1004%2C1280&ssl=1\",\"datePublished\":\"2026-04-28T20:39:24+00:00\",\"breadcrumb\":{\"@id\":\"https:\/\/blogdobispo.com.br\/?p=19819#breadcrumb\"},\"inLanguage\":\"pt-BR\",\"potentialAction\":[{\"@type\":\"ReadAction\",\"target\":[\"https:\/\/blogdobispo.com.br\/?p=19819\"]}]},{\"@type\":\"ImageObject\",\"inLanguage\":\"pt-BR\",\"@id\":\"https:\/\/blogdobispo.com.br\/?p=19819#primaryimage\",\"url\":\"https:\/\/i0.wp.com\/blogdobispo.com.br\/wp-content\/uploads\/2026\/04\/3ecfe49b-2823-4b79-b741-958f2d20dcb5-1.jpg?fit=1004%2C1280&ssl=1\",\"contentUrl\":\"https:\/\/i0.wp.com\/blogdobispo.com.br\/wp-content\/uploads\/2026\/04\/3ecfe49b-2823-4b79-b741-958f2d20dcb5-1.jpg?fit=1004%2C1280&ssl=1\",\"width\":1004,\"height\":1280},{\"@type\":\"BreadcrumbList\",\"@id\":\"https:\/\/blogdobispo.com.br\/?p=19819#breadcrumb\",\"itemListElement\":[{\"@type\":\"ListItem\",\"position\":1,\"name\":\"In\u00edcio\",\"item\":\"https:\/\/blogdobispo.com.br\/\"},{\"@type\":\"ListItem\",\"position\":2,\"name\":\"Eriko J\u00e1come juntamente com a FECAM\/RN participa da 25\u00aa Marcha dos Vereadores em Bras\u00edlia\"}]},{\"@type\":\"WebSite\",\"@id\":\"https:\/\/blogdobispo.com.br\/#website\",\"url\":\"https:\/\/blogdobispo.com.br\/\",\"name\":\"Blog do Bispo\",\"description\":\"Comprometido apenas com o leitor\",\"publisher\":{\"@id\":\"https:\/\/blogdobispo.com.br\/#organization\"},\"potentialAction\":[{\"@type\":\"SearchAction\",\"target\":{\"@type\":\"EntryPoint\",\"urlTemplate\":\"https:\/\/blogdobispo.com.br\/?s={search_term_string}\"},\"query-input\":{\"@type\":\"PropertyValueSpecification\",\"valueRequired\":true,\"valueName\":\"search_term_string\"}}],\"inLanguage\":\"pt-BR\"},{\"@type\":\"Organization\",\"@id\":\"https:\/\/blogdobispo.com.br\/#organization\",\"name\":\"Blog do Bispo\",\"url\":\"https:\/\/blogdobispo.com.br\/\",\"logo\":{\"@type\":\"ImageObject\",\"inLanguage\":\"pt-BR\",\"@id\":\"https:\/\/blogdobispo.com.br\/#\/schema\/logo\/image\/\",\"url\":\"http:\/\/blogdobispo.com.br\/wp-content\/uploads\/2023\/05\/cropped-headear.png\",\"contentUrl\":\"http:\/\/blogdobispo.com.br\/wp-content\/uploads\/2023\/05\/cropped-headear.png\",\"width\":1500,\"height\":399,\"caption\":\"Blog do Bispo\"},\"image\":{\"@id\":\"https:\/\/blogdobispo.com.br\/#\/schema\/logo\/image\/\"}},{\"@type\":\"Person\",\"@id\":\"https:\/\/blogdobispo.com.br\/#\/schema\/person\/e2209cc0e6cea5c5233d033e997b373f\",\"name\":\"Jefferson Sterfeno\",\"image\":{\"@type\":\"ImageObject\",\"inLanguage\":\"pt-BR\",\"@id\":\"https:\/\/blogdobispo.com.br\/#\/schema\/person\/image\/\",\"url\":\"https:\/\/secure.gravatar.com\/avatar\/0534e84764641168a677026b6d57a3f51dc7ac4db0b4f6186d9cb330d4ee1160?s=96&d=mm&r=g\",\"contentUrl\":\"https:\/\/secure.gravatar.com\/avatar\/0534e84764641168a677026b6d57a3f51dc7ac4db0b4f6186d9cb330d4ee1160?s=96&d=mm&r=g\",\"caption\":\"Jefferson Sterfeno\"},\"sameAs\":[\"http:\/\/blogdobispo.com.br\"],\"url\":\"https:\/\/blogdobispo.com.br\/?author=1\"}]}<\/script>\n<!-- \/ Yoast SEO plugin. -->","yoast_head_json":{"title":"Eriko J\u00e1come juntamente com a FECAM\/RN participa da 25\u00aa Marcha dos Vereadores em Bras\u00edlia - Blog do Bispo","robots":{"index":"index","follow":"follow","max-snippet":"max-snippet:-1","max-image-preview":"max-image-preview:large","max-video-preview":"max-video-preview:-1"},"canonical":"https:\/\/blogdobispo.com.br\/?p=19819","og_locale":"pt_BR","og_type":"article","og_title":"Eriko J\u00e1come juntamente com a FECAM\/RN participa da 25\u00aa Marcha dos Vereadores em Bras\u00edlia - Blog do Bispo","og_description":"O presidente da C\u00e2mara Municipal de Natal, Eriko J\u00e1come, participou nesta ter\u00e7a-feira (28), da 25\u00aa Marcha dos Vereadores, realizada em Bras\u00edlia. O evento re\u00fane parlamentares de todo o Brasil em uma mobiliza\u00e7\u00e3o nacional voltada ao fortalecimento do legislativo municipal e \u00e0 defesa das pautas municipalistas. Reconhecida como um dos principais encontros do parlamento municipal brasileiro, [&hellip;]","og_url":"https:\/\/blogdobispo.com.br\/?p=19819","og_site_name":"Blog do Bispo","article_published_time":"2026-04-28T20:39:24+00:00","og_image":[{"url":"https:\/\/blogdobispo.com.br\/wp-content\/uploads\/2026\/04\/3ecfe49b-2823-4b79-b741-958f2d20dcb5-803x1024.jpg","type":"","width":"","height":""}],"author":"Jefferson Sterfeno","twitter_card":"summary_large_image","twitter_misc":{"Escrito por":"Jefferson Sterfeno","Est. tempo de leitura":"2 minutos"},"schema":{"@context":"https:\/\/schema.org","@graph":[{"@type":"Article","@id":"https:\/\/blogdobispo.com.br\/?p=19819#article","isPartOf":{"@id":"https:\/\/blogdobispo.com.br\/?p=19819"},"author":{"name":"Jefferson Sterfeno","@id":"https:\/\/blogdobispo.com.br\/#\/schema\/person\/e2209cc0e6cea5c5233d033e997b373f"},"headline":"Eriko J\u00e1come juntamente com a FECAM\/RN participa da 25\u00aa Marcha dos Vereadores em Bras\u00edlia","datePublished":"2026-04-28T20:39:24+00:00","mainEntityOfPage":{"@id":"https:\/\/blogdobispo.com.br\/?p=19819"},"wordCount":329,"commentCount":0,"publisher":{"@id":"https:\/\/blogdobispo.com.br\/#organization"},"image":{"@id":"https:\/\/blogdobispo.com.br\/?p=19819#primaryimage"},"thumbnailUrl":"https:\/\/i0.wp.com\/blogdobispo.com.br\/wp-content\/uploads\/2026\/04\/3ecfe49b-2823-4b79-b741-958f2d20dcb5-1.jpg?fit=1004%2C1280&ssl=1","articleSection":["diversos"],"inLanguage":"pt-BR","potentialAction":[{"@type":"CommentAction","name":"Comment","target":["https:\/\/blogdobispo.com.br\/?p=19819#respond"]}]},{"@type":"WebPage","@id":"https:\/\/blogdobispo.com.br\/?p=19819","url":"https:\/\/blogdobispo.com.br\/?p=19819","name":"Eriko J\u00e1come juntamente com a FECAM\/RN participa da 25\u00aa Marcha dos Vereadores em Bras\u00edlia - Blog do Bispo","isPartOf":{"@id":"https:\/\/blogdobispo.com.br\/#website"},"primaryImageOfPage":{"@id":"https:\/\/blogdobispo.com.br\/?p=19819#primaryimage"},"image":{"@id":"https:\/\/blogdobispo.com.br\/?p=19819#primaryimage"},"thumbnailUrl":"https:\/\/i0.wp.com\/blogdobispo.com.br\/wp-content\/uploads\/2026\/04\/3ecfe49b-2823-4b79-b741-958f2d20dcb5-1.jpg?fit=1004%2C1280&ssl=1","datePublished":"2026-04-28T20:39:24+00:00","breadcrumb":{"@id":"https:\/\/blogdobispo.com.br\/?p=19819#breadcrumb"},"inLanguage":"pt-BR","potentialAction":[{"@type":"ReadAction","target":["https:\/\/blogdobispo.com.br\/?p=19819"]}]},{"@type":"ImageObject","inLanguage":"pt-BR","@id":"https:\/\/blogdobispo.com.br\/?p=19819#primaryimage","url":"https:\/\/i0.wp.com\/blogdobispo.com.br\/wp-content\/uploads\/2026\/04\/3ecfe49b-2823-4b79-b741-958f2d20dcb5-1.jpg?fit=1004%2C1280&ssl=1","contentUrl":"https:\/\/i0.wp.com\/blogdobispo.com.br\/wp-content\/uploads\/2026\/04\/3ecfe49b-2823-4b79-b741-958f2d20dcb5-1.jpg?fit=1004%2C1280&ssl=1","width":1004,"height":1280},{"@type":"BreadcrumbList","@id":"https:\/\/blogdobispo.com.br\/?p=19819#breadcrumb","itemListElement":[{"@type":"ListItem","position":1,"name":"In\u00edcio","item":"https:\/\/blogdobispo.com.br\/"},{"@type":"ListItem","position":2,"name":"Eriko J\u00e1come juntamente com a FECAM\/RN participa da 25\u00aa Marcha dos Vereadores em Bras\u00edlia"}]},{"@type":"WebSite","@id":"https:\/\/blogdobispo.com.br\/#website","url":"https:\/\/blogdobispo.com.br\/","name":"Blog do Bispo","description":"Comprometido apenas com o leitor","publisher":{"@id":"https:\/\/blogdobispo.com.br\/#organization"},"potentialAction":[{"@type":"SearchAction","target":{"@type":"EntryPoint","urlTemplate":"https:\/\/blogdobispo.com.br\/?s={search_term_string}"},"query-input":{"@type":"PropertyValueSpecification","valueRequired":true,"valueName":"search_term_string"}}],"inLanguage":"pt-BR"},{"@type":"Organization","@id":"https:\/\/blogdobispo.com.br\/#organization","name":"Blog do Bispo","url":"https:\/\/blogdobispo.com.br\/","logo":{"@type":"ImageObject","inLanguage":"pt-BR","@id":"https:\/\/blogdobispo.com.br\/#\/schema\/logo\/image\/","url":"http:\/\/blogdobispo.com.br\/wp-content\/uploads\/2023\/05\/cropped-headear.png","contentUrl":"http:\/\/blogdobispo.com.br\/wp-content\/uploads\/2023\/05\/cropped-headear.png","width":1500,"height":399,"caption":"Blog do Bispo"},"image":{"@id":"https:\/\/blogdobispo.com.br\/#\/schema\/logo\/image\/"}},{"@type":"Person","@id":"https:\/\/blogdobispo.com.br\/#\/schema\/person\/e2209cc0e6cea5c5233d033e997b373f","name":"Jefferson Sterfeno","image":{"@type":"ImageObject","inLanguage":"pt-BR","@id":"https:\/\/blogdobispo.com.br\/#\/schema\/person\/image\/","url":"https:\/\/secure.gravatar.com\/avatar\/0534e84764641168a677026b6d57a3f51dc7ac4db0b4f6186d9cb330d4ee1160?s=96&d=mm&r=g","contentUrl":"https:\/\/secure.gravatar.com\/avatar\/0534e84764641168a677026b6d57a3f51dc7ac4db0b4f6186d9cb330d4ee1160?s=96&d=mm&r=g","caption":"Jefferson Sterfeno"},"sameAs":["http:\/\/blogdobispo.com.br"],"url":"https:\/\/blogdobispo.com.br\/?author=1"}]}},"featured_image_urls":{"full":["https:\/\/i0.wp.com\/blogdobispo.com.br\/wp-content\/uploads\/2026\/04\/3ecfe49b-2823-4b79-b741-958f2d20dcb5-1.jpg?fit=1004%2C1280&ssl=1",1004,1280,false],"thumbnail":["https:\/\/i0.wp.com\/blogdobispo.com.br\/wp-content\/uploads\/2026\/04\/3ecfe49b-2823-4b79-b741-958f2d20dcb5-1.jpg?resize=150%2C150&ssl=1",150,150,true],"medium":["https:\/\/i0.wp.com\/blogdobispo.com.br\/wp-content\/uploads\/2026\/04\/3ecfe49b-2823-4b79-b741-958f2d20dcb5-1.jpg?fit=235%2C300&ssl=1",235,300,true],"medium_large":["https:\/\/i0.wp.com\/blogdobispo.com.br\/wp-content\/uploads\/2026\/04\/3ecfe49b-2823-4b79-b741-958f2d20dcb5-1.jpg?fit=768%2C979&ssl=1",768,979,true],"large":["https:\/\/i0.wp.com\/blogdobispo.com.br\/wp-content\/uploads\/2026\/04\/3ecfe49b-2823-4b79-b741-958f2d20dcb5-1.jpg?fit=800%2C1020&ssl=1",800,1020,true],"1536x1536":["https:\/\/i0.wp.com\/blogdobispo.com.br\/wp-content\/uploads\/2026\/04\/3ecfe49b-2823-4b79-b741-958f2d20dcb5-1.jpg?fit=1004%2C1280&ssl=1",1004,1280,true],"2048x2048":["https:\/\/i0.wp.com\/blogdobispo.com.br\/wp-content\/uploads\/2026\/04\/3ecfe49b-2823-4b79-b741-958f2d20dcb5-1.jpg?fit=1004%2C1280&ssl=1",1004,1280,true]},"author_info":{"display_name":"Jefferson Sterfeno","author_link":"https:\/\/blogdobispo.com.br\/?author=1"},"category_info":"<a href=\"https:\/\/blogdobispo.com.br\/?cat=1\" rel=\"category\">diversos<\/a>","tag_info":"diversos","comment_count":"0","jetpack_featured_media_url":"https:\/\/i0.wp.com\/blogdobispo.com.br\/wp-content\/uploads\/2026\/04\/3ecfe49b-2823-4b79-b741-958f2d20dcb5-1.jpg?fit=1004%2C1280&ssl=1","jetpack_sharing_enabled":true,"_links":{"self":[{"href":"https:\/\/blogdobispo.com.br\/index.php?rest_route=\/wp\/v2\/posts\/19819","targetHints":{"allow":["GET"]}}],"collection":[{"href":"https:\/\/blogdobispo.com.br\/index.php?rest_route=\/wp\/v2\/posts"}],"about":[{"href":"https:\/\/blogdobispo.com.br\/index.php?rest_route=\/wp\/v2\/types\/post"}],"author":[{"embeddable":true,"href":"https:\/\/blogdobispo.com.br\/index.php?rest_route=\/wp\/v2\/users\/1"}],"replies":[{"embeddable":true,"href":"https:\/\/blogdobispo.com.br\/index.php?rest_route=%2Fwp%2Fv2%2Fcomments&post=19819"}],"version-history":[{"count":0,"href":"https:\/\/blogdobispo.com.br\/index.php?rest_route=\/wp\/v2\/posts\/19819\/revisions"}],"wp:featuredmedia":[{"embeddable":true,"href":"https:\/\/blogdobispo.com.br\/index.php?rest_route=\/wp\/v2\/media\/19818"}],"wp:attachment":[{"href":"https:\/\/blogdobispo.com.br\/index.php?rest_route=%2Fwp%2Fv2%2Fmedia&parent=19819"}],"wp:term":[{"taxonomy":"category","embeddable":true,"href":"https:\/\/blogdobispo.com.br\/index.php?rest_route=%2Fwp%2Fv2%2Fcategories&post=19819"},{"taxonomy":"post_tag","embeddable":true,"href":"https:\/\/blogdobispo.com.br\/index.php?rest_route=%2Fwp%2Fv2%2Ftags&post=19819"}],"curies":[{"name":"wp","href":"https:\/\/api.w.org\/{rel}","templated":true}]}}