{"id":19816,"date":"2026-04-28T15:53:50","date_gmt":"2026-04-28T15:53:50","guid":{"rendered":"https:\/\/blogdobispo.com.br\/?p=19816"},"modified":"2026-04-28T15:53:50","modified_gmt":"2026-04-28T15:53:50","slug":"campanha-da-sttu-orienta-condutores-e-reforca-ordenamento-no-entorno-escolar","status":"publish","type":"post","link":"https:\/\/blogdobispo.com.br\/?p=19816","title":{"rendered":"Campanha da STTU orienta condutores e refor\u00e7a ordenamento no entorno escolar"},"content":{"rendered":"\n<figure class=\"wp-block-image size-large\"><img data-recalc-dims=\"1\" fetchpriority=\"high\" decoding=\"async\" width=\"800\" height=\"572\" src=\"https:\/\/i0.wp.com\/blogdobispo.com.br\/wp-content\/uploads\/2026\/04\/e99b9e77-755e-42e9-bb8b-dc34451146da.jpg?resize=800%2C572&#038;ssl=1\" class=\"wp-image-19814\" srcset=\"https:\/\/i0.wp.com\/blogdobispo.com.br\/wp-content\/uploads\/2026\/04\/e99b9e77-755e-42e9-bb8b-dc34451146da.jpg?w=999&amp;ssl=1 999w, https:\/\/i0.wp.com\/blogdobispo.com.br\/wp-content\/uploads\/2026\/04\/e99b9e77-755e-42e9-bb8b-dc34451146da.jpg?resize=300%2C214&amp;ssl=1 300w, https:\/\/i0.wp.com\/blogdobispo.com.br\/wp-content\/uploads\/2026\/04\/e99b9e77-755e-42e9-bb8b-dc34451146da.jpg?resize=768%2C549&amp;ssl=1 768w\" sizes=\"(max-width: 800px) 100vw, 800px\" \/><\/figure>\n\n\n\n<p><\/p>\n\n\n\n<p>A Secretaria de Mobilidade Urbana inicia nesta quarta-feira (29) a campanha \u201cVamos estacionar certo\u201d, com foco na organiza\u00e7\u00e3o das \u00e1reas de embarque e desembarque no entorno das unidades de ensino da capital.<\/p>\n\n\n\n<p>A iniciativa tem como objetivo promover maior seguran\u00e7a vi\u00e1ria e fluidez no tr\u00e2nsito, especialmente nos hor\u00e1rios de entrada e sa\u00edda de alunos, quando h\u00e1 aumento significativo no volume de ve\u00edculos nessas regi\u00f5es.<\/p>\n\n\n\n<p>Nesta primeira etapa, as a\u00e7\u00f5es ter\u00e3o car\u00e1ter educativo, com orienta\u00e7\u00e3o aos condutores sobre o uso adequado dos espa\u00e7os destinados \u00e0 parada r\u00e1pida. As atividades come\u00e7am nos col\u00e9gios Salesiano, na Ribeira; Marista, no Centro; al\u00e9m das unidades Sagrada Fam\u00edlia e Nossa Senhora das Neves, no Alecrim.<\/p>\n\n\n\n<p>De acordo com a STTU, a campanha ser\u00e1 realizada em duas fases. Ap\u00f3s o per\u00edodo inicial de conscientiza\u00e7\u00e3o, haver\u00e1 intensifica\u00e7\u00e3o da fiscaliza\u00e7\u00e3o, com o objetivo de assegurar o cumprimento das normas de tr\u00e2nsito e consolidar a organiza\u00e7\u00e3o dos pontos de embarque e desembarque.<\/p>\n\n\n\n<p>A expectativa do \u00f3rg\u00e3o \u00e9 contribuir para um ambiente mais seguro e ordenado no entorno escolar, beneficiando estudantes, respons\u00e1veis e toda a comunidade.<\/p>\n","protected":false},"excerpt":{"rendered":"<p>A Secretaria de Mobilidade Urbana inicia nesta quarta-feira (29) a campanha \u201cVamos estacionar certo\u201d, com foco na organiza\u00e7\u00e3o das \u00e1reas de embarque e desembarque no entorno das unidades de ensino da capital. A iniciativa tem como objetivo promover maior seguran\u00e7a vi\u00e1ria e fluidez no tr\u00e2nsito, especialmente nos hor\u00e1rios de entrada e sa\u00edda de alunos, quando [&hellip;]<\/p>\n","protected":false},"author":1,"featured_media":19815,"comment_status":"open","ping_status":"open","sticky":false,"template":"","format":"standard","meta":{"cybocfi_hide_featured_image":"","_jetpack_memberships_contains_paid_content":false,"footnotes":""},"categories":[1],"tags":[],"class_list":["post-19816","post","type-post","status-publish","format-standard","has-post-thumbnail","hentry","category-diversos"],"yoast_head":"<!-- This site is optimized with the Yoast SEO plugin v25.6 - https:\/\/yoast.com\/wordpress\/plugins\/seo\/ -->\n<title>Campanha da STTU orienta condutores e refor\u00e7a ordenamento no entorno escolar - Blog do Bispo<\/title>\n<meta name=\"robots\" content=\"index, follow, max-snippet:-1, max-image-preview:large, max-video-preview:-1\" \/>\n<link rel=\"canonical\" href=\"https:\/\/blogdobispo.com.br\/?p=19816\" \/>\n<meta property=\"og:locale\" content=\"pt_BR\" \/>\n<meta property=\"og:type\" content=\"article\" \/>\n<meta property=\"og:title\" content=\"Campanha da STTU orienta condutores e refor\u00e7a ordenamento no entorno escolar - Blog do Bispo\" \/>\n<meta property=\"og:description\" content=\"A Secretaria de Mobilidade Urbana inicia nesta quarta-feira (29) a campanha \u201cVamos estacionar certo\u201d, com foco na organiza\u00e7\u00e3o das \u00e1reas de embarque e desembarque no entorno das unidades de ensino da capital. A iniciativa tem como objetivo promover maior seguran\u00e7a vi\u00e1ria e fluidez no tr\u00e2nsito, especialmente nos hor\u00e1rios de entrada e sa\u00edda de alunos, quando [&hellip;]\" \/>\n<meta property=\"og:url\" content=\"https:\/\/blogdobispo.com.br\/?p=19816\" \/>\n<meta property=\"og:site_name\" content=\"Blog do Bispo\" \/>\n<meta property=\"article:published_time\" content=\"2026-04-28T15:53:50+00:00\" \/>\n<meta property=\"og:image\" content=\"https:\/\/blogdobispo.com.br\/wp-content\/uploads\/2026\/04\/e99b9e77-755e-42e9-bb8b-dc34451146da.jpg\" \/>\n<meta name=\"author\" content=\"Jefferson Sterfeno\" \/>\n<meta name=\"twitter:card\" content=\"summary_large_image\" \/>\n<meta name=\"twitter:label1\" content=\"Escrito por\" \/>\n\t<meta name=\"twitter:data1\" content=\"Jefferson Sterfeno\" \/>\n\t<meta name=\"twitter:label2\" content=\"Est. tempo de leitura\" \/>\n\t<meta name=\"twitter:data2\" content=\"1 minuto\" \/>\n<script type=\"application\/ld+json\" class=\"yoast-schema-graph\">{\"@context\":\"https:\/\/schema.org\",\"@graph\":[{\"@type\":\"Article\",\"@id\":\"https:\/\/blogdobispo.com.br\/?p=19816#article\",\"isPartOf\":{\"@id\":\"https:\/\/blogdobispo.com.br\/?p=19816\"},\"author\":{\"name\":\"Jefferson Sterfeno\",\"@id\":\"https:\/\/blogdobispo.com.br\/#\/schema\/person\/e2209cc0e6cea5c5233d033e997b373f\"},\"headline\":\"Campanha da STTU orienta condutores e refor\u00e7a ordenamento no entorno escolar\",\"datePublished\":\"2026-04-28T15:53:50+00:00\",\"mainEntityOfPage\":{\"@id\":\"https:\/\/blogdobispo.com.br\/?p=19816\"},\"wordCount\":211,\"commentCount\":0,\"publisher\":{\"@id\":\"https:\/\/blogdobispo.com.br\/#organization\"},\"image\":{\"@id\":\"https:\/\/blogdobispo.com.br\/?p=19816#primaryimage\"},\"thumbnailUrl\":\"https:\/\/i0.wp.com\/blogdobispo.com.br\/wp-content\/uploads\/2026\/04\/e99b9e77-755e-42e9-bb8b-dc34451146da-1.jpg?fit=999%2C714&ssl=1\",\"articleSection\":[\"diversos\"],\"inLanguage\":\"pt-BR\",\"potentialAction\":[{\"@type\":\"CommentAction\",\"name\":\"Comment\",\"target\":[\"https:\/\/blogdobispo.com.br\/?p=19816#respond\"]}]},{\"@type\":\"WebPage\",\"@id\":\"https:\/\/blogdobispo.com.br\/?p=19816\",\"url\":\"https:\/\/blogdobispo.com.br\/?p=19816\",\"name\":\"Campanha da STTU orienta condutores e refor\u00e7a ordenamento no entorno escolar - Blog do Bispo\",\"isPartOf\":{\"@id\":\"https:\/\/blogdobispo.com.br\/#website\"},\"primaryImageOfPage\":{\"@id\":\"https:\/\/blogdobispo.com.br\/?p=19816#primaryimage\"},\"image\":{\"@id\":\"https:\/\/blogdobispo.com.br\/?p=19816#primaryimage\"},\"thumbnailUrl\":\"https:\/\/i0.wp.com\/blogdobispo.com.br\/wp-content\/uploads\/2026\/04\/e99b9e77-755e-42e9-bb8b-dc34451146da-1.jpg?fit=999%2C714&ssl=1\",\"datePublished\":\"2026-04-28T15:53:50+00:00\",\"breadcrumb\":{\"@id\":\"https:\/\/blogdobispo.com.br\/?p=19816#breadcrumb\"},\"inLanguage\":\"pt-BR\",\"potentialAction\":[{\"@type\":\"ReadAction\",\"target\":[\"https:\/\/blogdobispo.com.br\/?p=19816\"]}]},{\"@type\":\"ImageObject\",\"inLanguage\":\"pt-BR\",\"@id\":\"https:\/\/blogdobispo.com.br\/?p=19816#primaryimage\",\"url\":\"https:\/\/i0.wp.com\/blogdobispo.com.br\/wp-content\/uploads\/2026\/04\/e99b9e77-755e-42e9-bb8b-dc34451146da-1.jpg?fit=999%2C714&ssl=1\",\"contentUrl\":\"https:\/\/i0.wp.com\/blogdobispo.com.br\/wp-content\/uploads\/2026\/04\/e99b9e77-755e-42e9-bb8b-dc34451146da-1.jpg?fit=999%2C714&ssl=1\",\"width\":999,\"height\":714},{\"@type\":\"BreadcrumbList\",\"@id\":\"https:\/\/blogdobispo.com.br\/?p=19816#breadcrumb\",\"itemListElement\":[{\"@type\":\"ListItem\",\"position\":1,\"name\":\"In\u00edcio\",\"item\":\"https:\/\/blogdobispo.com.br\/\"},{\"@type\":\"ListItem\",\"position\":2,\"name\":\"Campanha da STTU orienta condutores e refor\u00e7a ordenamento no entorno escolar\"}]},{\"@type\":\"WebSite\",\"@id\":\"https:\/\/blogdobispo.com.br\/#website\",\"url\":\"https:\/\/blogdobispo.com.br\/\",\"name\":\"Blog do Bispo\",\"description\":\"Comprometido apenas com o leitor\",\"publisher\":{\"@id\":\"https:\/\/blogdobispo.com.br\/#organization\"},\"potentialAction\":[{\"@type\":\"SearchAction\",\"target\":{\"@type\":\"EntryPoint\",\"urlTemplate\":\"https:\/\/blogdobispo.com.br\/?s={search_term_string}\"},\"query-input\":{\"@type\":\"PropertyValueSpecification\",\"valueRequired\":true,\"valueName\":\"search_term_string\"}}],\"inLanguage\":\"pt-BR\"},{\"@type\":\"Organization\",\"@id\":\"https:\/\/blogdobispo.com.br\/#organization\",\"name\":\"Blog do Bispo\",\"url\":\"https:\/\/blogdobispo.com.br\/\",\"logo\":{\"@type\":\"ImageObject\",\"inLanguage\":\"pt-BR\",\"@id\":\"https:\/\/blogdobispo.com.br\/#\/schema\/logo\/image\/\",\"url\":\"http:\/\/blogdobispo.com.br\/wp-content\/uploads\/2023\/05\/cropped-headear.png\",\"contentUrl\":\"http:\/\/blogdobispo.com.br\/wp-content\/uploads\/2023\/05\/cropped-headear.png\",\"width\":1500,\"height\":399,\"caption\":\"Blog do Bispo\"},\"image\":{\"@id\":\"https:\/\/blogdobispo.com.br\/#\/schema\/logo\/image\/\"}},{\"@type\":\"Person\",\"@id\":\"https:\/\/blogdobispo.com.br\/#\/schema\/person\/e2209cc0e6cea5c5233d033e997b373f\",\"name\":\"Jefferson Sterfeno\",\"image\":{\"@type\":\"ImageObject\",\"inLanguage\":\"pt-BR\",\"@id\":\"https:\/\/blogdobispo.com.br\/#\/schema\/person\/image\/\",\"url\":\"https:\/\/secure.gravatar.com\/avatar\/0534e84764641168a677026b6d57a3f51dc7ac4db0b4f6186d9cb330d4ee1160?s=96&d=mm&r=g\",\"contentUrl\":\"https:\/\/secure.gravatar.com\/avatar\/0534e84764641168a677026b6d57a3f51dc7ac4db0b4f6186d9cb330d4ee1160?s=96&d=mm&r=g\",\"caption\":\"Jefferson Sterfeno\"},\"sameAs\":[\"http:\/\/blogdobispo.com.br\"],\"url\":\"https:\/\/blogdobispo.com.br\/?author=1\"}]}<\/script>\n<!-- \/ Yoast SEO plugin. -->","yoast_head_json":{"title":"Campanha da STTU orienta condutores e refor\u00e7a ordenamento no entorno escolar - Blog do Bispo","robots":{"index":"index","follow":"follow","max-snippet":"max-snippet:-1","max-image-preview":"max-image-preview:large","max-video-preview":"max-video-preview:-1"},"canonical":"https:\/\/blogdobispo.com.br\/?p=19816","og_locale":"pt_BR","og_type":"article","og_title":"Campanha da STTU orienta condutores e refor\u00e7a ordenamento no entorno escolar - Blog do Bispo","og_description":"A Secretaria de Mobilidade Urbana inicia nesta quarta-feira (29) a campanha \u201cVamos estacionar certo\u201d, com foco na organiza\u00e7\u00e3o das \u00e1reas de embarque e desembarque no entorno das unidades de ensino da capital. A iniciativa tem como objetivo promover maior seguran\u00e7a vi\u00e1ria e fluidez no tr\u00e2nsito, especialmente nos hor\u00e1rios de entrada e sa\u00edda de alunos, quando [&hellip;]","og_url":"https:\/\/blogdobispo.com.br\/?p=19816","og_site_name":"Blog do Bispo","article_published_time":"2026-04-28T15:53:50+00:00","og_image":[{"url":"https:\/\/blogdobispo.com.br\/wp-content\/uploads\/2026\/04\/e99b9e77-755e-42e9-bb8b-dc34451146da.jpg","type":"","width":"","height":""}],"author":"Jefferson Sterfeno","twitter_card":"summary_large_image","twitter_misc":{"Escrito por":"Jefferson Sterfeno","Est. tempo de leitura":"1 minuto"},"schema":{"@context":"https:\/\/schema.org","@graph":[{"@type":"Article","@id":"https:\/\/blogdobispo.com.br\/?p=19816#article","isPartOf":{"@id":"https:\/\/blogdobispo.com.br\/?p=19816"},"author":{"name":"Jefferson Sterfeno","@id":"https:\/\/blogdobispo.com.br\/#\/schema\/person\/e2209cc0e6cea5c5233d033e997b373f"},"headline":"Campanha da STTU orienta condutores e refor\u00e7a ordenamento no entorno escolar","datePublished":"2026-04-28T15:53:50+00:00","mainEntityOfPage":{"@id":"https:\/\/blogdobispo.com.br\/?p=19816"},"wordCount":211,"commentCount":0,"publisher":{"@id":"https:\/\/blogdobispo.com.br\/#organization"},"image":{"@id":"https:\/\/blogdobispo.com.br\/?p=19816#primaryimage"},"thumbnailUrl":"https:\/\/i0.wp.com\/blogdobispo.com.br\/wp-content\/uploads\/2026\/04\/e99b9e77-755e-42e9-bb8b-dc34451146da-1.jpg?fit=999%2C714&ssl=1","articleSection":["diversos"],"inLanguage":"pt-BR","potentialAction":[{"@type":"CommentAction","name":"Comment","target":["https:\/\/blogdobispo.com.br\/?p=19816#respond"]}]},{"@type":"WebPage","@id":"https:\/\/blogdobispo.com.br\/?p=19816","url":"https:\/\/blogdobispo.com.br\/?p=19816","name":"Campanha da STTU orienta condutores e refor\u00e7a ordenamento no entorno escolar - Blog do Bispo","isPartOf":{"@id":"https:\/\/blogdobispo.com.br\/#website"},"primaryImageOfPage":{"@id":"https:\/\/blogdobispo.com.br\/?p=19816#primaryimage"},"image":{"@id":"https:\/\/blogdobispo.com.br\/?p=19816#primaryimage"},"thumbnailUrl":"https:\/\/i0.wp.com\/blogdobispo.com.br\/wp-content\/uploads\/2026\/04\/e99b9e77-755e-42e9-bb8b-dc34451146da-1.jpg?fit=999%2C714&ssl=1","datePublished":"2026-04-28T15:53:50+00:00","breadcrumb":{"@id":"https:\/\/blogdobispo.com.br\/?p=19816#breadcrumb"},"inLanguage":"pt-BR","potentialAction":[{"@type":"ReadAction","target":["https:\/\/blogdobispo.com.br\/?p=19816"]}]},{"@type":"ImageObject","inLanguage":"pt-BR","@id":"https:\/\/blogdobispo.com.br\/?p=19816#primaryimage","url":"https:\/\/i0.wp.com\/blogdobispo.com.br\/wp-content\/uploads\/2026\/04\/e99b9e77-755e-42e9-bb8b-dc34451146da-1.jpg?fit=999%2C714&ssl=1","contentUrl":"https:\/\/i0.wp.com\/blogdobispo.com.br\/wp-content\/uploads\/2026\/04\/e99b9e77-755e-42e9-bb8b-dc34451146da-1.jpg?fit=999%2C714&ssl=1","width":999,"height":714},{"@type":"BreadcrumbList","@id":"https:\/\/blogdobispo.com.br\/?p=19816#breadcrumb","itemListElement":[{"@type":"ListItem","position":1,"name":"In\u00edcio","item":"https:\/\/blogdobispo.com.br\/"},{"@type":"ListItem","position":2,"name":"Campanha da STTU orienta condutores e refor\u00e7a ordenamento no entorno escolar"}]},{"@type":"WebSite","@id":"https:\/\/blogdobispo.com.br\/#website","url":"https:\/\/blogdobispo.com.br\/","name":"Blog do Bispo","description":"Comprometido apenas com o leitor","publisher":{"@id":"https:\/\/blogdobispo.com.br\/#organization"},"potentialAction":[{"@type":"SearchAction","target":{"@type":"EntryPoint","urlTemplate":"https:\/\/blogdobispo.com.br\/?s={search_term_string}"},"query-input":{"@type":"PropertyValueSpecification","valueRequired":true,"valueName":"search_term_string"}}],"inLanguage":"pt-BR"},{"@type":"Organization","@id":"https:\/\/blogdobispo.com.br\/#organization","name":"Blog do Bispo","url":"https:\/\/blogdobispo.com.br\/","logo":{"@type":"ImageObject","inLanguage":"pt-BR","@id":"https:\/\/blogdobispo.com.br\/#\/schema\/logo\/image\/","url":"http:\/\/blogdobispo.com.br\/wp-content\/uploads\/2023\/05\/cropped-headear.png","contentUrl":"http:\/\/blogdobispo.com.br\/wp-content\/uploads\/2023\/05\/cropped-headear.png","width":1500,"height":399,"caption":"Blog do Bispo"},"image":{"@id":"https:\/\/blogdobispo.com.br\/#\/schema\/logo\/image\/"}},{"@type":"Person","@id":"https:\/\/blogdobispo.com.br\/#\/schema\/person\/e2209cc0e6cea5c5233d033e997b373f","name":"Jefferson Sterfeno","image":{"@type":"ImageObject","inLanguage":"pt-BR","@id":"https:\/\/blogdobispo.com.br\/#\/schema\/person\/image\/","url":"https:\/\/secure.gravatar.com\/avatar\/0534e84764641168a677026b6d57a3f51dc7ac4db0b4f6186d9cb330d4ee1160?s=96&d=mm&r=g","contentUrl":"https:\/\/secure.gravatar.com\/avatar\/0534e84764641168a677026b6d57a3f51dc7ac4db0b4f6186d9cb330d4ee1160?s=96&d=mm&r=g","caption":"Jefferson Sterfeno"},"sameAs":["http:\/\/blogdobispo.com.br"],"url":"https:\/\/blogdobispo.com.br\/?author=1"}]}},"featured_image_urls":{"full":["https:\/\/i0.wp.com\/blogdobispo.com.br\/wp-content\/uploads\/2026\/04\/e99b9e77-755e-42e9-bb8b-dc34451146da-1.jpg?fit=999%2C714&ssl=1",999,714,false],"thumbnail":["https:\/\/i0.wp.com\/blogdobispo.com.br\/wp-content\/uploads\/2026\/04\/e99b9e77-755e-42e9-bb8b-dc34451146da-1.jpg?resize=150%2C150&ssl=1",150,150,true],"medium":["https:\/\/i0.wp.com\/blogdobispo.com.br\/wp-content\/uploads\/2026\/04\/e99b9e77-755e-42e9-bb8b-dc34451146da-1.jpg?fit=300%2C214&ssl=1",300,214,true],"medium_large":["https:\/\/i0.wp.com\/blogdobispo.com.br\/wp-content\/uploads\/2026\/04\/e99b9e77-755e-42e9-bb8b-dc34451146da-1.jpg?fit=768%2C549&ssl=1",768,549,true],"large":["https:\/\/i0.wp.com\/blogdobispo.com.br\/wp-content\/uploads\/2026\/04\/e99b9e77-755e-42e9-bb8b-dc34451146da-1.jpg?fit=800%2C572&ssl=1",800,572,true],"1536x1536":["https:\/\/i0.wp.com\/blogdobispo.com.br\/wp-content\/uploads\/2026\/04\/e99b9e77-755e-42e9-bb8b-dc34451146da-1.jpg?fit=999%2C714&ssl=1",999,714,true],"2048x2048":["https:\/\/i0.wp.com\/blogdobispo.com.br\/wp-content\/uploads\/2026\/04\/e99b9e77-755e-42e9-bb8b-dc34451146da-1.jpg?fit=999%2C714&ssl=1",999,714,true]},"author_info":{"display_name":"Jefferson Sterfeno","author_link":"https:\/\/blogdobispo.com.br\/?author=1"},"category_info":"<a href=\"https:\/\/blogdobispo.com.br\/?cat=1\" rel=\"category\">diversos<\/a>","tag_info":"diversos","comment_count":"0","jetpack_featured_media_url":"https:\/\/i0.wp.com\/blogdobispo.com.br\/wp-content\/uploads\/2026\/04\/e99b9e77-755e-42e9-bb8b-dc34451146da-1.jpg?fit=999%2C714&ssl=1","jetpack_sharing_enabled":true,"_links":{"self":[{"href":"https:\/\/blogdobispo.com.br\/index.php?rest_route=\/wp\/v2\/posts\/19816","targetHints":{"allow":["GET"]}}],"collection":[{"href":"https:\/\/blogdobispo.com.br\/index.php?rest_route=\/wp\/v2\/posts"}],"about":[{"href":"https:\/\/blogdobispo.com.br\/index.php?rest_route=\/wp\/v2\/types\/post"}],"author":[{"embeddable":true,"href":"https:\/\/blogdobispo.com.br\/index.php?rest_route=\/wp\/v2\/users\/1"}],"replies":[{"embeddable":true,"href":"https:\/\/blogdobispo.com.br\/index.php?rest_route=%2Fwp%2Fv2%2Fcomments&post=19816"}],"version-history":[{"count":0,"href":"https:\/\/blogdobispo.com.br\/index.php?rest_route=\/wp\/v2\/posts\/19816\/revisions"}],"wp:featuredmedia":[{"embeddable":true,"href":"https:\/\/blogdobispo.com.br\/index.php?rest_route=\/wp\/v2\/media\/19815"}],"wp:attachment":[{"href":"https:\/\/blogdobispo.com.br\/index.php?rest_route=%2Fwp%2Fv2%2Fmedia&parent=19816"}],"wp:term":[{"taxonomy":"category","embeddable":true,"href":"https:\/\/blogdobispo.com.br\/index.php?rest_route=%2Fwp%2Fv2%2Fcategories&post=19816"},{"taxonomy":"post_tag","embeddable":true,"href":"https:\/\/blogdobispo.com.br\/index.php?rest_route=%2Fwp%2Fv2%2Ftags&post=19816"}],"curies":[{"name":"wp","href":"https:\/\/api.w.org\/{rel}","templated":true}]}}