{"id":1968,"date":"2023-10-20T21:15:24","date_gmt":"2023-10-20T21:15:24","guid":{"rendered":"https:\/\/blogdobispo.com.br\/?p=1968"},"modified":"2023-10-20T21:15:24","modified_gmt":"2023-10-20T21:15:24","slug":"prefeito-anuncia-obra-de-revitalizacao-da-area-de-lazer-do-panatis-na-zona-norte-de-natal","status":"publish","type":"post","link":"https:\/\/blogdobispo.com.br\/?p=1968","title":{"rendered":"<em>Prefeito anuncia obra de revitaliza\u00e7\u00e3o da \u00c1rea de Lazer do Panatis na Zona Norte de Natal<\/em>"},"content":{"rendered":"\n<figure class=\"wp-block-image size-large\"><img data-recalc-dims=\"1\" fetchpriority=\"high\" decoding=\"async\" width=\"800\" height=\"533\" src=\"https:\/\/i0.wp.com\/blogdobispo.com.br\/wp-content\/uploads\/2023\/10\/4ecf7898-6dc1-4c7f-a7d6-7bc6ffa1c92c-1.jpg?resize=800%2C533&#038;ssl=1\" class=\"wp-image-1967\" srcset=\"https:\/\/i0.wp.com\/blogdobispo.com.br\/wp-content\/uploads\/2023\/10\/4ecf7898-6dc1-4c7f-a7d6-7bc6ffa1c92c-1.jpg?w=1024&amp;ssl=1 1024w, https:\/\/i0.wp.com\/blogdobispo.com.br\/wp-content\/uploads\/2023\/10\/4ecf7898-6dc1-4c7f-a7d6-7bc6ffa1c92c-1.jpg?resize=300%2C200&amp;ssl=1 300w, https:\/\/i0.wp.com\/blogdobispo.com.br\/wp-content\/uploads\/2023\/10\/4ecf7898-6dc1-4c7f-a7d6-7bc6ffa1c92c-1.jpg?resize=768%2C512&amp;ssl=1 768w\" sizes=\"(max-width: 800px) 100vw, 800px\" \/><\/figure>\n\n\n\n<p><\/p>\n\n\n\n<p>Um dos maiores e mais tradicionais espa\u00e7os para pr\u00e1ticas esportivas, culturais e conviv\u00eancia da zona norte da cidade passar\u00e1 por uma ampla reforma. A \u00e1rea de Lazer do Conjunto Panatis, bairro Potengi, ser\u00e1 requalificada pela gest\u00e3o municipal. O prefeito de Natal, \u00c1lvaro Dias, esteve no local na manh\u00e3 desta sexta-feira (20) ao lado de diversos secret\u00e1rios para observar o ambiente e discutir a elabora\u00e7\u00e3o do projeto.<\/p>\n\n\n\n<p>\u201cVamos modernizar, reestruturar e oferecer a popula\u00e7\u00e3o da zona norte um equipamento \u00e0 altura da regi\u00e3o para que todos possam praticar suas atividades esportivas e de lazer, se encontrarem, contemplar a natureza, integrando-se ao local, seguindo a nossa filosofia da nossa gest\u00e3o que \u00e9 fazer uma cidade para as pessoas. A \u00c1rea de Lazer do Panatis oferece uma infinidade de op\u00e7\u00f5es e vamos mudar a realidade dessa \u00e1rea da mesma forma como fizemos em Capim Macio com o Parque Ecol\u00f3gico e em Lagoa Nova com o Bosque das Mangueiras\u201d, disse o prefeito.<\/p>\n\n\n\n<p>A ideia do projeto \u00e9 a de recuperar toda a \u00e1rea de passeio, construindo salas multiuso, reestrutura\u00e7\u00e3o do pr\u00e9dio administrativo, uma pista para corrida e caminhada, implementa\u00e7\u00e3o de ciclovia, cria\u00e7\u00e3o de espa\u00e7os para apresenta\u00e7\u00f5es culturais acessibilidade, instala\u00e7\u00e3o de parque infantil, espa\u00e7o PET, academia ao ar-livre, reforma do Campo de Futebol e da quadra poliesportiva, retirada do half pipe do skate, substituindo por um bowl, readequa\u00e7\u00e3o arquitet\u00f4nica e novos equipamentos. Os esportes de areia tamb\u00e9m ter\u00e3o uma \u00e1rea espec\u00edfica. Toda a parte de ilumina\u00e7\u00e3o e paisagismo tamb\u00e9m ser\u00e1 modernizada.<\/p>\n\n\n\n<p>A Prefeitura tamb\u00e9m projeta a instala\u00e7\u00e3o da Sala do Empreendedor no local. Uma equipe de t\u00e9cnicos da institui\u00e7\u00e3o tamb\u00e9m acompanhou a visita na manh\u00e3 desta sexta-feira para acompanhar as condi\u00e7\u00f5es da \u00e1rea de lazer do Panatis.<\/p>\n\n\n\n<p>\u201cA nossa administra\u00e7\u00e3o est\u00e1 investindo em obras e programas em toda cidade, mas a zona norte tem recebido uma aten\u00e7\u00e3o especial. Drenamos \u00e9 pavimentamos mais de 400 ruas, estamos construindo o Complexo Tur\u00edstico da Redinha, reformamos diversas pra\u00e7as, quadras e espa\u00e7os p\u00fablicos. Vamos seguir com esse trabalho com foco no desenvolvimento de Natal e na melhoria de vida do cidad\u00e3o\u201d, concluiu \u00c1lvaro Dias.<\/p>\n\n\n\n<p><\/p>\n","protected":false},"excerpt":{"rendered":"<p>Um dos maiores e mais tradicionais espa\u00e7os para pr\u00e1ticas esportivas, culturais e conviv\u00eancia da zona norte da cidade passar\u00e1 por uma ampla reforma. A \u00e1rea de Lazer do Conjunto Panatis, bairro Potengi, ser\u00e1 requalificada pela gest\u00e3o municipal. O prefeito de Natal, \u00c1lvaro Dias, esteve no local na manh\u00e3 desta sexta-feira (20) ao lado de diversos [&hellip;]<\/p>\n","protected":false},"author":1,"featured_media":0,"comment_status":"open","ping_status":"open","sticky":false,"template":"","format":"standard","meta":{"cybocfi_hide_featured_image":"","_jetpack_memberships_contains_paid_content":false,"footnotes":""},"categories":[1],"tags":[],"class_list":["post-1968","post","type-post","status-publish","format-standard","hentry","category-diversos"],"yoast_head":"<!-- This site is optimized with the Yoast SEO plugin v25.6 - https:\/\/yoast.com\/wordpress\/plugins\/seo\/ -->\n<title>Prefeito anuncia obra de revitaliza\u00e7\u00e3o da \u00c1rea de Lazer do Panatis na Zona Norte de Natal - Blog do Bispo<\/title>\n<meta name=\"robots\" content=\"index, follow, max-snippet:-1, max-image-preview:large, max-video-preview:-1\" \/>\n<link rel=\"canonical\" href=\"https:\/\/blogdobispo.com.br\/?p=1968\" \/>\n<meta property=\"og:locale\" content=\"pt_BR\" \/>\n<meta property=\"og:type\" content=\"article\" \/>\n<meta property=\"og:title\" content=\"Prefeito anuncia obra de revitaliza\u00e7\u00e3o da \u00c1rea de Lazer do Panatis na Zona Norte de Natal - Blog do Bispo\" \/>\n<meta property=\"og:description\" content=\"Um dos maiores e mais tradicionais espa\u00e7os para pr\u00e1ticas esportivas, culturais e conviv\u00eancia da zona norte da cidade passar\u00e1 por uma ampla reforma. A \u00e1rea de Lazer do Conjunto Panatis, bairro Potengi, ser\u00e1 requalificada pela gest\u00e3o municipal. O prefeito de Natal, \u00c1lvaro Dias, esteve no local na manh\u00e3 desta sexta-feira (20) ao lado de diversos [&hellip;]\" \/>\n<meta property=\"og:url\" content=\"https:\/\/blogdobispo.com.br\/?p=1968\" \/>\n<meta property=\"og:site_name\" content=\"Blog do Bispo\" \/>\n<meta property=\"article:published_time\" content=\"2023-10-20T21:15:24+00:00\" \/>\n<meta property=\"og:image\" content=\"https:\/\/blogdobispo.com.br\/wp-content\/uploads\/2023\/10\/4ecf7898-6dc1-4c7f-a7d6-7bc6ffa1c92c-1.jpg\" \/>\n<meta name=\"author\" content=\"Jefferson Sterfeno\" \/>\n<meta name=\"twitter:card\" content=\"summary_large_image\" \/>\n<meta name=\"twitter:label1\" content=\"Escrito por\" \/>\n\t<meta name=\"twitter:data1\" content=\"Jefferson Sterfeno\" \/>\n\t<meta name=\"twitter:label2\" content=\"Est. tempo de leitura\" \/>\n\t<meta name=\"twitter:data2\" content=\"2 minutos\" \/>\n<script type=\"application\/ld+json\" class=\"yoast-schema-graph\">{\"@context\":\"https:\/\/schema.org\",\"@graph\":[{\"@type\":\"Article\",\"@id\":\"https:\/\/blogdobispo.com.br\/?p=1968#article\",\"isPartOf\":{\"@id\":\"https:\/\/blogdobispo.com.br\/?p=1968\"},\"author\":{\"name\":\"Jefferson Sterfeno\",\"@id\":\"https:\/\/blogdobispo.com.br\/#\/schema\/person\/e2209cc0e6cea5c5233d033e997b373f\"},\"headline\":\"Prefeito anuncia obra de revitaliza\u00e7\u00e3o da \u00c1rea de Lazer do Panatis na Zona Norte de Natal\",\"datePublished\":\"2023-10-20T21:15:24+00:00\",\"mainEntityOfPage\":{\"@id\":\"https:\/\/blogdobispo.com.br\/?p=1968\"},\"wordCount\":395,\"commentCount\":0,\"publisher\":{\"@id\":\"https:\/\/blogdobispo.com.br\/#organization\"},\"image\":{\"@id\":\"https:\/\/blogdobispo.com.br\/?p=1968#primaryimage\"},\"thumbnailUrl\":\"https:\/\/blogdobispo.com.br\/wp-content\/uploads\/2023\/10\/4ecf7898-6dc1-4c7f-a7d6-7bc6ffa1c92c-1.jpg\",\"articleSection\":[\"diversos\"],\"inLanguage\":\"pt-BR\",\"potentialAction\":[{\"@type\":\"CommentAction\",\"name\":\"Comment\",\"target\":[\"https:\/\/blogdobispo.com.br\/?p=1968#respond\"]}]},{\"@type\":\"WebPage\",\"@id\":\"https:\/\/blogdobispo.com.br\/?p=1968\",\"url\":\"https:\/\/blogdobispo.com.br\/?p=1968\",\"name\":\"Prefeito anuncia obra de revitaliza\u00e7\u00e3o da \u00c1rea de Lazer do Panatis na Zona Norte de Natal - Blog do Bispo\",\"isPartOf\":{\"@id\":\"https:\/\/blogdobispo.com.br\/#website\"},\"primaryImageOfPage\":{\"@id\":\"https:\/\/blogdobispo.com.br\/?p=1968#primaryimage\"},\"image\":{\"@id\":\"https:\/\/blogdobispo.com.br\/?p=1968#primaryimage\"},\"thumbnailUrl\":\"https:\/\/blogdobispo.com.br\/wp-content\/uploads\/2023\/10\/4ecf7898-6dc1-4c7f-a7d6-7bc6ffa1c92c-1.jpg\",\"datePublished\":\"2023-10-20T21:15:24+00:00\",\"breadcrumb\":{\"@id\":\"https:\/\/blogdobispo.com.br\/?p=1968#breadcrumb\"},\"inLanguage\":\"pt-BR\",\"potentialAction\":[{\"@type\":\"ReadAction\",\"target\":[\"https:\/\/blogdobispo.com.br\/?p=1968\"]}]},{\"@type\":\"ImageObject\",\"inLanguage\":\"pt-BR\",\"@id\":\"https:\/\/blogdobispo.com.br\/?p=1968#primaryimage\",\"url\":\"https:\/\/blogdobispo.com.br\/wp-content\/uploads\/2023\/10\/4ecf7898-6dc1-4c7f-a7d6-7bc6ffa1c92c-1.jpg\",\"contentUrl\":\"https:\/\/blogdobispo.com.br\/wp-content\/uploads\/2023\/10\/4ecf7898-6dc1-4c7f-a7d6-7bc6ffa1c92c-1.jpg\"},{\"@type\":\"BreadcrumbList\",\"@id\":\"https:\/\/blogdobispo.com.br\/?p=1968#breadcrumb\",\"itemListElement\":[{\"@type\":\"ListItem\",\"position\":1,\"name\":\"In\u00edcio\",\"item\":\"https:\/\/blogdobispo.com.br\/\"},{\"@type\":\"ListItem\",\"position\":2,\"name\":\"Prefeito anuncia obra de revitaliza\u00e7\u00e3o da \u00c1rea de Lazer do Panatis na Zona Norte de Natal\"}]},{\"@type\":\"WebSite\",\"@id\":\"https:\/\/blogdobispo.com.br\/#website\",\"url\":\"https:\/\/blogdobispo.com.br\/\",\"name\":\"Blog do Bispo\",\"description\":\"Comprometido apenas com o leitor\",\"publisher\":{\"@id\":\"https:\/\/blogdobispo.com.br\/#organization\"},\"potentialAction\":[{\"@type\":\"SearchAction\",\"target\":{\"@type\":\"EntryPoint\",\"urlTemplate\":\"https:\/\/blogdobispo.com.br\/?s={search_term_string}\"},\"query-input\":{\"@type\":\"PropertyValueSpecification\",\"valueRequired\":true,\"valueName\":\"search_term_string\"}}],\"inLanguage\":\"pt-BR\"},{\"@type\":\"Organization\",\"@id\":\"https:\/\/blogdobispo.com.br\/#organization\",\"name\":\"Blog do Bispo\",\"url\":\"https:\/\/blogdobispo.com.br\/\",\"logo\":{\"@type\":\"ImageObject\",\"inLanguage\":\"pt-BR\",\"@id\":\"https:\/\/blogdobispo.com.br\/#\/schema\/logo\/image\/\",\"url\":\"http:\/\/blogdobispo.com.br\/wp-content\/uploads\/2023\/05\/cropped-headear.png\",\"contentUrl\":\"http:\/\/blogdobispo.com.br\/wp-content\/uploads\/2023\/05\/cropped-headear.png\",\"width\":1500,\"height\":399,\"caption\":\"Blog do Bispo\"},\"image\":{\"@id\":\"https:\/\/blogdobispo.com.br\/#\/schema\/logo\/image\/\"}},{\"@type\":\"Person\",\"@id\":\"https:\/\/blogdobispo.com.br\/#\/schema\/person\/e2209cc0e6cea5c5233d033e997b373f\",\"name\":\"Jefferson Sterfeno\",\"image\":{\"@type\":\"ImageObject\",\"inLanguage\":\"pt-BR\",\"@id\":\"https:\/\/blogdobispo.com.br\/#\/schema\/person\/image\/\",\"url\":\"https:\/\/secure.gravatar.com\/avatar\/0534e84764641168a677026b6d57a3f51dc7ac4db0b4f6186d9cb330d4ee1160?s=96&d=mm&r=g\",\"contentUrl\":\"https:\/\/secure.gravatar.com\/avatar\/0534e84764641168a677026b6d57a3f51dc7ac4db0b4f6186d9cb330d4ee1160?s=96&d=mm&r=g\",\"caption\":\"Jefferson Sterfeno\"},\"sameAs\":[\"http:\/\/blogdobispo.com.br\"],\"url\":\"https:\/\/blogdobispo.com.br\/?author=1\"}]}<\/script>\n<!-- \/ Yoast SEO plugin. -->","yoast_head_json":{"title":"Prefeito anuncia obra de revitaliza\u00e7\u00e3o da \u00c1rea de Lazer do Panatis na Zona Norte de Natal - Blog do Bispo","robots":{"index":"index","follow":"follow","max-snippet":"max-snippet:-1","max-image-preview":"max-image-preview:large","max-video-preview":"max-video-preview:-1"},"canonical":"https:\/\/blogdobispo.com.br\/?p=1968","og_locale":"pt_BR","og_type":"article","og_title":"Prefeito anuncia obra de revitaliza\u00e7\u00e3o da \u00c1rea de Lazer do Panatis na Zona Norte de Natal - Blog do Bispo","og_description":"Um dos maiores e mais tradicionais espa\u00e7os para pr\u00e1ticas esportivas, culturais e conviv\u00eancia da zona norte da cidade passar\u00e1 por uma ampla reforma. A \u00e1rea de Lazer do Conjunto Panatis, bairro Potengi, ser\u00e1 requalificada pela gest\u00e3o municipal. O prefeito de Natal, \u00c1lvaro Dias, esteve no local na manh\u00e3 desta sexta-feira (20) ao lado de diversos [&hellip;]","og_url":"https:\/\/blogdobispo.com.br\/?p=1968","og_site_name":"Blog do Bispo","article_published_time":"2023-10-20T21:15:24+00:00","og_image":[{"url":"https:\/\/blogdobispo.com.br\/wp-content\/uploads\/2023\/10\/4ecf7898-6dc1-4c7f-a7d6-7bc6ffa1c92c-1.jpg","type":"","width":"","height":""}],"author":"Jefferson Sterfeno","twitter_card":"summary_large_image","twitter_misc":{"Escrito por":"Jefferson Sterfeno","Est. tempo de leitura":"2 minutos"},"schema":{"@context":"https:\/\/schema.org","@graph":[{"@type":"Article","@id":"https:\/\/blogdobispo.com.br\/?p=1968#article","isPartOf":{"@id":"https:\/\/blogdobispo.com.br\/?p=1968"},"author":{"name":"Jefferson Sterfeno","@id":"https:\/\/blogdobispo.com.br\/#\/schema\/person\/e2209cc0e6cea5c5233d033e997b373f"},"headline":"Prefeito anuncia obra de revitaliza\u00e7\u00e3o da \u00c1rea de Lazer do Panatis na Zona Norte de Natal","datePublished":"2023-10-20T21:15:24+00:00","mainEntityOfPage":{"@id":"https:\/\/blogdobispo.com.br\/?p=1968"},"wordCount":395,"commentCount":0,"publisher":{"@id":"https:\/\/blogdobispo.com.br\/#organization"},"image":{"@id":"https:\/\/blogdobispo.com.br\/?p=1968#primaryimage"},"thumbnailUrl":"https:\/\/blogdobispo.com.br\/wp-content\/uploads\/2023\/10\/4ecf7898-6dc1-4c7f-a7d6-7bc6ffa1c92c-1.jpg","articleSection":["diversos"],"inLanguage":"pt-BR","potentialAction":[{"@type":"CommentAction","name":"Comment","target":["https:\/\/blogdobispo.com.br\/?p=1968#respond"]}]},{"@type":"WebPage","@id":"https:\/\/blogdobispo.com.br\/?p=1968","url":"https:\/\/blogdobispo.com.br\/?p=1968","name":"Prefeito anuncia obra de revitaliza\u00e7\u00e3o da \u00c1rea de Lazer do Panatis na Zona Norte de Natal - Blog do Bispo","isPartOf":{"@id":"https:\/\/blogdobispo.com.br\/#website"},"primaryImageOfPage":{"@id":"https:\/\/blogdobispo.com.br\/?p=1968#primaryimage"},"image":{"@id":"https:\/\/blogdobispo.com.br\/?p=1968#primaryimage"},"thumbnailUrl":"https:\/\/blogdobispo.com.br\/wp-content\/uploads\/2023\/10\/4ecf7898-6dc1-4c7f-a7d6-7bc6ffa1c92c-1.jpg","datePublished":"2023-10-20T21:15:24+00:00","breadcrumb":{"@id":"https:\/\/blogdobispo.com.br\/?p=1968#breadcrumb"},"inLanguage":"pt-BR","potentialAction":[{"@type":"ReadAction","target":["https:\/\/blogdobispo.com.br\/?p=1968"]}]},{"@type":"ImageObject","inLanguage":"pt-BR","@id":"https:\/\/blogdobispo.com.br\/?p=1968#primaryimage","url":"https:\/\/blogdobispo.com.br\/wp-content\/uploads\/2023\/10\/4ecf7898-6dc1-4c7f-a7d6-7bc6ffa1c92c-1.jpg","contentUrl":"https:\/\/blogdobispo.com.br\/wp-content\/uploads\/2023\/10\/4ecf7898-6dc1-4c7f-a7d6-7bc6ffa1c92c-1.jpg"},{"@type":"BreadcrumbList","@id":"https:\/\/blogdobispo.com.br\/?p=1968#breadcrumb","itemListElement":[{"@type":"ListItem","position":1,"name":"In\u00edcio","item":"https:\/\/blogdobispo.com.br\/"},{"@type":"ListItem","position":2,"name":"Prefeito anuncia obra de revitaliza\u00e7\u00e3o da \u00c1rea de Lazer do Panatis na Zona Norte de Natal"}]},{"@type":"WebSite","@id":"https:\/\/blogdobispo.com.br\/#website","url":"https:\/\/blogdobispo.com.br\/","name":"Blog do Bispo","description":"Comprometido apenas com o leitor","publisher":{"@id":"https:\/\/blogdobispo.com.br\/#organization"},"potentialAction":[{"@type":"SearchAction","target":{"@type":"EntryPoint","urlTemplate":"https:\/\/blogdobispo.com.br\/?s={search_term_string}"},"query-input":{"@type":"PropertyValueSpecification","valueRequired":true,"valueName":"search_term_string"}}],"inLanguage":"pt-BR"},{"@type":"Organization","@id":"https:\/\/blogdobispo.com.br\/#organization","name":"Blog do Bispo","url":"https:\/\/blogdobispo.com.br\/","logo":{"@type":"ImageObject","inLanguage":"pt-BR","@id":"https:\/\/blogdobispo.com.br\/#\/schema\/logo\/image\/","url":"http:\/\/blogdobispo.com.br\/wp-content\/uploads\/2023\/05\/cropped-headear.png","contentUrl":"http:\/\/blogdobispo.com.br\/wp-content\/uploads\/2023\/05\/cropped-headear.png","width":1500,"height":399,"caption":"Blog do Bispo"},"image":{"@id":"https:\/\/blogdobispo.com.br\/#\/schema\/logo\/image\/"}},{"@type":"Person","@id":"https:\/\/blogdobispo.com.br\/#\/schema\/person\/e2209cc0e6cea5c5233d033e997b373f","name":"Jefferson Sterfeno","image":{"@type":"ImageObject","inLanguage":"pt-BR","@id":"https:\/\/blogdobispo.com.br\/#\/schema\/person\/image\/","url":"https:\/\/secure.gravatar.com\/avatar\/0534e84764641168a677026b6d57a3f51dc7ac4db0b4f6186d9cb330d4ee1160?s=96&d=mm&r=g","contentUrl":"https:\/\/secure.gravatar.com\/avatar\/0534e84764641168a677026b6d57a3f51dc7ac4db0b4f6186d9cb330d4ee1160?s=96&d=mm&r=g","caption":"Jefferson Sterfeno"},"sameAs":["http:\/\/blogdobispo.com.br"],"url":"https:\/\/blogdobispo.com.br\/?author=1"}]}},"featured_image_urls":{"full":"","thumbnail":"","medium":"","medium_large":"","large":"","1536x1536":"","2048x2048":""},"author_info":{"display_name":"Jefferson Sterfeno","author_link":"https:\/\/blogdobispo.com.br\/?author=1"},"category_info":"<a href=\"https:\/\/blogdobispo.com.br\/?cat=1\" rel=\"category\">diversos<\/a>","tag_info":"diversos","comment_count":"0","jetpack_featured_media_url":"","jetpack_sharing_enabled":true,"_links":{"self":[{"href":"https:\/\/blogdobispo.com.br\/index.php?rest_route=\/wp\/v2\/posts\/1968","targetHints":{"allow":["GET"]}}],"collection":[{"href":"https:\/\/blogdobispo.com.br\/index.php?rest_route=\/wp\/v2\/posts"}],"about":[{"href":"https:\/\/blogdobispo.com.br\/index.php?rest_route=\/wp\/v2\/types\/post"}],"author":[{"embeddable":true,"href":"https:\/\/blogdobispo.com.br\/index.php?rest_route=\/wp\/v2\/users\/1"}],"replies":[{"embeddable":true,"href":"https:\/\/blogdobispo.com.br\/index.php?rest_route=%2Fwp%2Fv2%2Fcomments&post=1968"}],"version-history":[{"count":0,"href":"https:\/\/blogdobispo.com.br\/index.php?rest_route=\/wp\/v2\/posts\/1968\/revisions"}],"wp:attachment":[{"href":"https:\/\/blogdobispo.com.br\/index.php?rest_route=%2Fwp%2Fv2%2Fmedia&parent=1968"}],"wp:term":[{"taxonomy":"category","embeddable":true,"href":"https:\/\/blogdobispo.com.br\/index.php?rest_route=%2Fwp%2Fv2%2Fcategories&post=1968"},{"taxonomy":"post_tag","embeddable":true,"href":"https:\/\/blogdobispo.com.br\/index.php?rest_route=%2Fwp%2Fv2%2Ftags&post=1968"}],"curies":[{"name":"wp","href":"https:\/\/api.w.org\/{rel}","templated":true}]}}