{"id":1966,"date":"2023-10-20T21:05:26","date_gmt":"2023-10-20T21:05:26","guid":{"rendered":"https:\/\/blogdobispo.com.br\/?p=1966"},"modified":"2023-10-31T17:31:56","modified_gmt":"2023-10-31T17:31:56","slug":"bebe-de-28-dias-espera-pela-prefeitura-por-cirurgia-de-urgencia","status":"publish","type":"post","link":"https:\/\/blogdobispo.com.br\/?p=1966","title":{"rendered":"Vereador Eribaldo Medeiros abre caminho para regulamenta\u00e7\u00e3o de mototaxi"},"content":{"rendered":"\n<figure class=\"wp-block-image size-large\"><img data-recalc-dims=\"1\" fetchpriority=\"high\" decoding=\"async\" width=\"300\" height=\"257\" src=\"https:\/\/i0.wp.com\/blogdobispo.com.br\/wp-content\/uploads\/2023\/10\/img_3547-2-1-300x257.png?resize=300%2C257&#038;ssl=1\" alt=\"\" class=\"wp-image-2048\" srcset=\"https:\/\/i0.wp.com\/blogdobispo.com.br\/wp-content\/uploads\/2023\/10\/img_3547-2-1.png?resize=300%2C257&amp;ssl=1 300w, https:\/\/i0.wp.com\/blogdobispo.com.br\/wp-content\/uploads\/2023\/10\/img_3547-2-1.png?w=414&amp;ssl=1 414w\" sizes=\"(max-width: 300px) 100vw, 300px\" \/><\/figure>\n\n\n\n<p>Na reuni\u00e3o da Comiss\u00e3o de Transportes da C\u00e2mara Municipal, nesta segunda-feira (11), foi aprovado o PL 569\/2022, de proposi\u00e7\u00e3o do Milklei Leite (PV), que suprime o par\u00e1grafo \u00fanico do artigo terceiro da Lei Municipal 5.022 de 08 de julho de 1998, que pro\u00edbe o transporte de passageiros por motos.<\/p>\n\n\n\n<p>\u201c\u00c9 sabido que o transporte de passageiros por motocicletas nunca foi exercido de forma remunerada oficialmente em Natal, assim como ocorre em munic\u00edpios vizinhos como Parnamirim e S\u00e3o Gon\u00e7alo do Amarante. A Lei Federal no 12.009 de 20 de julho de 2009 regulamentou, em normas gerais, as profiss\u00f5es de \u201cMototaxista\u201d, \u201cMotofretista\u201d e \u201cMotoboy\u201d, as quais se aplica tamb\u00e9m aos transportes por aplicativos. Cabendo assim, a regulamenta\u00e7\u00e3o complementar pelos Munic\u00edpios. A inten\u00e7\u00e3o da presente proposi\u00e7\u00e3o legislativa \u00e9 propiciar a atualiza\u00e7\u00e3o das op\u00e7\u00f5es de transporte de passageiros \u00e0 popula\u00e7\u00e3o natalense, e destravar essa discuss\u00e3o uma vez que o par\u00e1grafo \u00fanico do Artigo 3\u00ba da Lei Municipal no 5.022, de 08\/07\/1998, que diz: \u00e9 vedada a opera\u00e7\u00e3o de servi\u00e7o de transporte remunerado das pessoas em ve\u00edculos tipo motocicleta, motoneta ou ciclomotor\u201d.<br \/><br \/>Ele ressaltou, na justificativa do PL, que \u00e9 ineg\u00e1vel a necessidade dos servi\u00e7os de transporte de passageiros por moto em Natal. Para o vereador, essa op\u00e7\u00e3o de transporte \u201cj\u00e1 est\u00e1 profundamente inserida na necessidade de uma significativa parcela da popula\u00e7\u00e3o\u201d. \u201cE diante das determina\u00e7\u00f5es da Lei Federal no 9.503\/1997, que institui o C\u00f3digo de Tr\u00e2nsito Brasileiro; Lei Federal no 12.009\/2009, que regulamenta o exerc\u00edcio das atividades dos profissionais em transporte de passageiros por moto, se faz necess\u00e1rio regulamentar essas atividades de transportes em nosso Munic\u00edpio\u201d, acrescentou.<br \/><br \/>\u201cS\u00f3 a regulamenta\u00e7\u00e3o estabelecer\u00e1 um modelo operacional padr\u00e3o, reduzindo assim a inseguran\u00e7a gerada ao usu\u00e1rio em fun\u00e7\u00e3o do desconhecimento da tarifa, da forma como atua esse modo de transporte, dos direitos e deveres dos operadores desse sistema e dos usu\u00e1rios.<\/p>\n\n\n\n<p>O vereador Eribaldo Medeiros destacou a import\u00e2ncia do projeto que visa trazer mais um meio de renda para mototaxistas de toda Natal<\/p>\n\n\n\n<figure class=\"wp-block-image size-large\"><img data-recalc-dims=\"1\" decoding=\"async\" width=\"414\" height=\"354\" src=\"https:\/\/i0.wp.com\/blogdobispo.com.br\/wp-content\/uploads\/2023\/10\/img_3547-1.png?resize=414%2C354&#038;ssl=1\" alt=\"\" class=\"wp-image-2047\" srcset=\"https:\/\/i0.wp.com\/blogdobispo.com.br\/wp-content\/uploads\/2023\/10\/img_3547-1.png?w=414&amp;ssl=1 414w, https:\/\/i0.wp.com\/blogdobispo.com.br\/wp-content\/uploads\/2023\/10\/img_3547-1.png?resize=300%2C257&amp;ssl=1 300w\" sizes=\"(max-width: 414px) 100vw, 414px\" \/><\/figure>\n\n\n\n<p><\/p>\n\n\n\n<p><\/p>\n","protected":false},"excerpt":{"rendered":"<p>Na reuni\u00e3o da Comiss\u00e3o de Transportes da C\u00e2mara Municipal, nesta segunda-feira (11), foi aprovado o PL 569\/2022, de proposi\u00e7\u00e3o do Milklei Leite (PV), que suprime o par\u00e1grafo \u00fanico do artigo terceiro da Lei Municipal 5.022 de 08 de julho de 1998, que pro\u00edbe o transporte de passageiros por motos. \u201c\u00c9 sabido que o transporte de [&hellip;]<\/p>\n","protected":false},"author":1,"featured_media":0,"comment_status":"open","ping_status":"open","sticky":false,"template":"","format":"standard","meta":{"cybocfi_hide_featured_image":"","_jetpack_memberships_contains_paid_content":false,"footnotes":""},"categories":[1],"tags":[],"class_list":["post-1966","post","type-post","status-publish","format-standard","hentry","category-diversos"],"yoast_head":"<!-- This site is optimized with the Yoast SEO plugin v25.6 - https:\/\/yoast.com\/wordpress\/plugins\/seo\/ -->\n<title>Vereador Eribaldo Medeiros abre caminho para regulamenta\u00e7\u00e3o de mototaxi - Blog do Bispo<\/title>\n<meta name=\"robots\" content=\"index, follow, max-snippet:-1, max-image-preview:large, max-video-preview:-1\" \/>\n<link rel=\"canonical\" href=\"https:\/\/blogdobispo.com.br\/?p=1966\" \/>\n<meta property=\"og:locale\" content=\"pt_BR\" \/>\n<meta property=\"og:type\" content=\"article\" \/>\n<meta property=\"og:title\" content=\"Vereador Eribaldo Medeiros abre caminho para regulamenta\u00e7\u00e3o de mototaxi - Blog do Bispo\" \/>\n<meta property=\"og:description\" content=\"Na reuni\u00e3o da Comiss\u00e3o de Transportes da C\u00e2mara Municipal, nesta segunda-feira (11), foi aprovado o PL 569\/2022, de proposi\u00e7\u00e3o do Milklei Leite (PV), que suprime o par\u00e1grafo \u00fanico do artigo terceiro da Lei Municipal 5.022 de 08 de julho de 1998, que pro\u00edbe o transporte de passageiros por motos. \u201c\u00c9 sabido que o transporte de [&hellip;]\" \/>\n<meta property=\"og:url\" content=\"https:\/\/blogdobispo.com.br\/?p=1966\" \/>\n<meta property=\"og:site_name\" content=\"Blog do Bispo\" \/>\n<meta property=\"article:published_time\" content=\"2023-10-20T21:05:26+00:00\" \/>\n<meta property=\"article:modified_time\" content=\"2023-10-31T17:31:56+00:00\" \/>\n<meta property=\"og:image\" content=\"https:\/\/blogdobispo.com.br\/wp-content\/uploads\/2023\/10\/img_3547-2-1-300x257.png\" \/>\n<meta name=\"author\" content=\"Jefferson Sterfeno\" \/>\n<meta name=\"twitter:card\" content=\"summary_large_image\" \/>\n<meta name=\"twitter:label1\" content=\"Escrito por\" \/>\n\t<meta name=\"twitter:data1\" content=\"Jefferson Sterfeno\" \/>\n\t<meta name=\"twitter:label2\" content=\"Est. tempo de leitura\" \/>\n\t<meta name=\"twitter:data2\" content=\"2 minutos\" \/>\n<script type=\"application\/ld+json\" class=\"yoast-schema-graph\">{\"@context\":\"https:\/\/schema.org\",\"@graph\":[{\"@type\":\"Article\",\"@id\":\"https:\/\/blogdobispo.com.br\/?p=1966#article\",\"isPartOf\":{\"@id\":\"https:\/\/blogdobispo.com.br\/?p=1966\"},\"author\":{\"name\":\"Jefferson Sterfeno\",\"@id\":\"https:\/\/blogdobispo.com.br\/#\/schema\/person\/e2209cc0e6cea5c5233d033e997b373f\"},\"headline\":\"Vereador Eribaldo Medeiros abre caminho para regulamenta\u00e7\u00e3o de mototaxi\",\"datePublished\":\"2023-10-20T21:05:26+00:00\",\"dateModified\":\"2023-10-31T17:31:56+00:00\",\"mainEntityOfPage\":{\"@id\":\"https:\/\/blogdobispo.com.br\/?p=1966\"},\"wordCount\":357,\"commentCount\":0,\"publisher\":{\"@id\":\"https:\/\/blogdobispo.com.br\/#organization\"},\"image\":{\"@id\":\"https:\/\/blogdobispo.com.br\/?p=1966#primaryimage\"},\"thumbnailUrl\":\"https:\/\/blogdobispo.com.br\/wp-content\/uploads\/2023\/10\/img_3547-2-1-300x257.png\",\"articleSection\":[\"diversos\"],\"inLanguage\":\"pt-BR\",\"potentialAction\":[{\"@type\":\"CommentAction\",\"name\":\"Comment\",\"target\":[\"https:\/\/blogdobispo.com.br\/?p=1966#respond\"]}]},{\"@type\":\"WebPage\",\"@id\":\"https:\/\/blogdobispo.com.br\/?p=1966\",\"url\":\"https:\/\/blogdobispo.com.br\/?p=1966\",\"name\":\"Vereador Eribaldo Medeiros abre caminho para regulamenta\u00e7\u00e3o de mototaxi - Blog do Bispo\",\"isPartOf\":{\"@id\":\"https:\/\/blogdobispo.com.br\/#website\"},\"primaryImageOfPage\":{\"@id\":\"https:\/\/blogdobispo.com.br\/?p=1966#primaryimage\"},\"image\":{\"@id\":\"https:\/\/blogdobispo.com.br\/?p=1966#primaryimage\"},\"thumbnailUrl\":\"https:\/\/blogdobispo.com.br\/wp-content\/uploads\/2023\/10\/img_3547-2-1-300x257.png\",\"datePublished\":\"2023-10-20T21:05:26+00:00\",\"dateModified\":\"2023-10-31T17:31:56+00:00\",\"breadcrumb\":{\"@id\":\"https:\/\/blogdobispo.com.br\/?p=1966#breadcrumb\"},\"inLanguage\":\"pt-BR\",\"potentialAction\":[{\"@type\":\"ReadAction\",\"target\":[\"https:\/\/blogdobispo.com.br\/?p=1966\"]}]},{\"@type\":\"ImageObject\",\"inLanguage\":\"pt-BR\",\"@id\":\"https:\/\/blogdobispo.com.br\/?p=1966#primaryimage\",\"url\":\"https:\/\/blogdobispo.com.br\/wp-content\/uploads\/2023\/10\/img_3547-2-1-300x257.png\",\"contentUrl\":\"https:\/\/blogdobispo.com.br\/wp-content\/uploads\/2023\/10\/img_3547-2-1-300x257.png\"},{\"@type\":\"BreadcrumbList\",\"@id\":\"https:\/\/blogdobispo.com.br\/?p=1966#breadcrumb\",\"itemListElement\":[{\"@type\":\"ListItem\",\"position\":1,\"name\":\"In\u00edcio\",\"item\":\"https:\/\/blogdobispo.com.br\/\"},{\"@type\":\"ListItem\",\"position\":2,\"name\":\"Vereador Eribaldo Medeiros abre caminho para regulamenta\u00e7\u00e3o de mototaxi\"}]},{\"@type\":\"WebSite\",\"@id\":\"https:\/\/blogdobispo.com.br\/#website\",\"url\":\"https:\/\/blogdobispo.com.br\/\",\"name\":\"Blog do Bispo\",\"description\":\"Comprometido apenas com o leitor\",\"publisher\":{\"@id\":\"https:\/\/blogdobispo.com.br\/#organization\"},\"potentialAction\":[{\"@type\":\"SearchAction\",\"target\":{\"@type\":\"EntryPoint\",\"urlTemplate\":\"https:\/\/blogdobispo.com.br\/?s={search_term_string}\"},\"query-input\":{\"@type\":\"PropertyValueSpecification\",\"valueRequired\":true,\"valueName\":\"search_term_string\"}}],\"inLanguage\":\"pt-BR\"},{\"@type\":\"Organization\",\"@id\":\"https:\/\/blogdobispo.com.br\/#organization\",\"name\":\"Blog do Bispo\",\"url\":\"https:\/\/blogdobispo.com.br\/\",\"logo\":{\"@type\":\"ImageObject\",\"inLanguage\":\"pt-BR\",\"@id\":\"https:\/\/blogdobispo.com.br\/#\/schema\/logo\/image\/\",\"url\":\"http:\/\/blogdobispo.com.br\/wp-content\/uploads\/2023\/05\/cropped-headear.png\",\"contentUrl\":\"http:\/\/blogdobispo.com.br\/wp-content\/uploads\/2023\/05\/cropped-headear.png\",\"width\":1500,\"height\":399,\"caption\":\"Blog do Bispo\"},\"image\":{\"@id\":\"https:\/\/blogdobispo.com.br\/#\/schema\/logo\/image\/\"}},{\"@type\":\"Person\",\"@id\":\"https:\/\/blogdobispo.com.br\/#\/schema\/person\/e2209cc0e6cea5c5233d033e997b373f\",\"name\":\"Jefferson Sterfeno\",\"image\":{\"@type\":\"ImageObject\",\"inLanguage\":\"pt-BR\",\"@id\":\"https:\/\/blogdobispo.com.br\/#\/schema\/person\/image\/\",\"url\":\"https:\/\/secure.gravatar.com\/avatar\/0534e84764641168a677026b6d57a3f51dc7ac4db0b4f6186d9cb330d4ee1160?s=96&d=mm&r=g\",\"contentUrl\":\"https:\/\/secure.gravatar.com\/avatar\/0534e84764641168a677026b6d57a3f51dc7ac4db0b4f6186d9cb330d4ee1160?s=96&d=mm&r=g\",\"caption\":\"Jefferson Sterfeno\"},\"sameAs\":[\"http:\/\/blogdobispo.com.br\"],\"url\":\"https:\/\/blogdobispo.com.br\/?author=1\"}]}<\/script>\n<!-- \/ Yoast SEO plugin. -->","yoast_head_json":{"title":"Vereador Eribaldo Medeiros abre caminho para regulamenta\u00e7\u00e3o de mototaxi - Blog do Bispo","robots":{"index":"index","follow":"follow","max-snippet":"max-snippet:-1","max-image-preview":"max-image-preview:large","max-video-preview":"max-video-preview:-1"},"canonical":"https:\/\/blogdobispo.com.br\/?p=1966","og_locale":"pt_BR","og_type":"article","og_title":"Vereador Eribaldo Medeiros abre caminho para regulamenta\u00e7\u00e3o de mototaxi - Blog do Bispo","og_description":"Na reuni\u00e3o da Comiss\u00e3o de Transportes da C\u00e2mara Municipal, nesta segunda-feira (11), foi aprovado o PL 569\/2022, de proposi\u00e7\u00e3o do Milklei Leite (PV), que suprime o par\u00e1grafo \u00fanico do artigo terceiro da Lei Municipal 5.022 de 08 de julho de 1998, que pro\u00edbe o transporte de passageiros por motos. \u201c\u00c9 sabido que o transporte de [&hellip;]","og_url":"https:\/\/blogdobispo.com.br\/?p=1966","og_site_name":"Blog do Bispo","article_published_time":"2023-10-20T21:05:26+00:00","article_modified_time":"2023-10-31T17:31:56+00:00","og_image":[{"url":"https:\/\/blogdobispo.com.br\/wp-content\/uploads\/2023\/10\/img_3547-2-1-300x257.png","type":"","width":"","height":""}],"author":"Jefferson Sterfeno","twitter_card":"summary_large_image","twitter_misc":{"Escrito por":"Jefferson Sterfeno","Est. tempo de leitura":"2 minutos"},"schema":{"@context":"https:\/\/schema.org","@graph":[{"@type":"Article","@id":"https:\/\/blogdobispo.com.br\/?p=1966#article","isPartOf":{"@id":"https:\/\/blogdobispo.com.br\/?p=1966"},"author":{"name":"Jefferson Sterfeno","@id":"https:\/\/blogdobispo.com.br\/#\/schema\/person\/e2209cc0e6cea5c5233d033e997b373f"},"headline":"Vereador Eribaldo Medeiros abre caminho para regulamenta\u00e7\u00e3o de mototaxi","datePublished":"2023-10-20T21:05:26+00:00","dateModified":"2023-10-31T17:31:56+00:00","mainEntityOfPage":{"@id":"https:\/\/blogdobispo.com.br\/?p=1966"},"wordCount":357,"commentCount":0,"publisher":{"@id":"https:\/\/blogdobispo.com.br\/#organization"},"image":{"@id":"https:\/\/blogdobispo.com.br\/?p=1966#primaryimage"},"thumbnailUrl":"https:\/\/blogdobispo.com.br\/wp-content\/uploads\/2023\/10\/img_3547-2-1-300x257.png","articleSection":["diversos"],"inLanguage":"pt-BR","potentialAction":[{"@type":"CommentAction","name":"Comment","target":["https:\/\/blogdobispo.com.br\/?p=1966#respond"]}]},{"@type":"WebPage","@id":"https:\/\/blogdobispo.com.br\/?p=1966","url":"https:\/\/blogdobispo.com.br\/?p=1966","name":"Vereador Eribaldo Medeiros abre caminho para regulamenta\u00e7\u00e3o de mototaxi - Blog do Bispo","isPartOf":{"@id":"https:\/\/blogdobispo.com.br\/#website"},"primaryImageOfPage":{"@id":"https:\/\/blogdobispo.com.br\/?p=1966#primaryimage"},"image":{"@id":"https:\/\/blogdobispo.com.br\/?p=1966#primaryimage"},"thumbnailUrl":"https:\/\/blogdobispo.com.br\/wp-content\/uploads\/2023\/10\/img_3547-2-1-300x257.png","datePublished":"2023-10-20T21:05:26+00:00","dateModified":"2023-10-31T17:31:56+00:00","breadcrumb":{"@id":"https:\/\/blogdobispo.com.br\/?p=1966#breadcrumb"},"inLanguage":"pt-BR","potentialAction":[{"@type":"ReadAction","target":["https:\/\/blogdobispo.com.br\/?p=1966"]}]},{"@type":"ImageObject","inLanguage":"pt-BR","@id":"https:\/\/blogdobispo.com.br\/?p=1966#primaryimage","url":"https:\/\/blogdobispo.com.br\/wp-content\/uploads\/2023\/10\/img_3547-2-1-300x257.png","contentUrl":"https:\/\/blogdobispo.com.br\/wp-content\/uploads\/2023\/10\/img_3547-2-1-300x257.png"},{"@type":"BreadcrumbList","@id":"https:\/\/blogdobispo.com.br\/?p=1966#breadcrumb","itemListElement":[{"@type":"ListItem","position":1,"name":"In\u00edcio","item":"https:\/\/blogdobispo.com.br\/"},{"@type":"ListItem","position":2,"name":"Vereador Eribaldo Medeiros abre caminho para regulamenta\u00e7\u00e3o de mototaxi"}]},{"@type":"WebSite","@id":"https:\/\/blogdobispo.com.br\/#website","url":"https:\/\/blogdobispo.com.br\/","name":"Blog do Bispo","description":"Comprometido apenas com o leitor","publisher":{"@id":"https:\/\/blogdobispo.com.br\/#organization"},"potentialAction":[{"@type":"SearchAction","target":{"@type":"EntryPoint","urlTemplate":"https:\/\/blogdobispo.com.br\/?s={search_term_string}"},"query-input":{"@type":"PropertyValueSpecification","valueRequired":true,"valueName":"search_term_string"}}],"inLanguage":"pt-BR"},{"@type":"Organization","@id":"https:\/\/blogdobispo.com.br\/#organization","name":"Blog do Bispo","url":"https:\/\/blogdobispo.com.br\/","logo":{"@type":"ImageObject","inLanguage":"pt-BR","@id":"https:\/\/blogdobispo.com.br\/#\/schema\/logo\/image\/","url":"http:\/\/blogdobispo.com.br\/wp-content\/uploads\/2023\/05\/cropped-headear.png","contentUrl":"http:\/\/blogdobispo.com.br\/wp-content\/uploads\/2023\/05\/cropped-headear.png","width":1500,"height":399,"caption":"Blog do Bispo"},"image":{"@id":"https:\/\/blogdobispo.com.br\/#\/schema\/logo\/image\/"}},{"@type":"Person","@id":"https:\/\/blogdobispo.com.br\/#\/schema\/person\/e2209cc0e6cea5c5233d033e997b373f","name":"Jefferson Sterfeno","image":{"@type":"ImageObject","inLanguage":"pt-BR","@id":"https:\/\/blogdobispo.com.br\/#\/schema\/person\/image\/","url":"https:\/\/secure.gravatar.com\/avatar\/0534e84764641168a677026b6d57a3f51dc7ac4db0b4f6186d9cb330d4ee1160?s=96&d=mm&r=g","contentUrl":"https:\/\/secure.gravatar.com\/avatar\/0534e84764641168a677026b6d57a3f51dc7ac4db0b4f6186d9cb330d4ee1160?s=96&d=mm&r=g","caption":"Jefferson Sterfeno"},"sameAs":["http:\/\/blogdobispo.com.br"],"url":"https:\/\/blogdobispo.com.br\/?author=1"}]}},"featured_image_urls":{"full":"","thumbnail":"","medium":"","medium_large":"","large":"","1536x1536":"","2048x2048":""},"author_info":{"display_name":"Jefferson Sterfeno","author_link":"https:\/\/blogdobispo.com.br\/?author=1"},"category_info":"<a href=\"https:\/\/blogdobispo.com.br\/?cat=1\" rel=\"category\">diversos<\/a>","tag_info":"diversos","comment_count":"0","jetpack_featured_media_url":"","jetpack_sharing_enabled":true,"_links":{"self":[{"href":"https:\/\/blogdobispo.com.br\/index.php?rest_route=\/wp\/v2\/posts\/1966","targetHints":{"allow":["GET"]}}],"collection":[{"href":"https:\/\/blogdobispo.com.br\/index.php?rest_route=\/wp\/v2\/posts"}],"about":[{"href":"https:\/\/blogdobispo.com.br\/index.php?rest_route=\/wp\/v2\/types\/post"}],"author":[{"embeddable":true,"href":"https:\/\/blogdobispo.com.br\/index.php?rest_route=\/wp\/v2\/users\/1"}],"replies":[{"embeddable":true,"href":"https:\/\/blogdobispo.com.br\/index.php?rest_route=%2Fwp%2Fv2%2Fcomments&post=1966"}],"version-history":[{"count":3,"href":"https:\/\/blogdobispo.com.br\/index.php?rest_route=\/wp\/v2\/posts\/1966\/revisions"}],"predecessor-version":[{"id":2050,"href":"https:\/\/blogdobispo.com.br\/index.php?rest_route=\/wp\/v2\/posts\/1966\/revisions\/2050"}],"wp:attachment":[{"href":"https:\/\/blogdobispo.com.br\/index.php?rest_route=%2Fwp%2Fv2%2Fmedia&parent=1966"}],"wp:term":[{"taxonomy":"category","embeddable":true,"href":"https:\/\/blogdobispo.com.br\/index.php?rest_route=%2Fwp%2Fv2%2Fcategories&post=1966"},{"taxonomy":"post_tag","embeddable":true,"href":"https:\/\/blogdobispo.com.br\/index.php?rest_route=%2Fwp%2Fv2%2Ftags&post=1966"}],"curies":[{"name":"wp","href":"https:\/\/api.w.org\/{rel}","templated":true}]}}