{"id":1961,"date":"2023-10-20T01:48:18","date_gmt":"2023-10-20T01:48:18","guid":{"rendered":"https:\/\/blogdobispo.com.br\/?p=1961"},"modified":"2023-10-20T01:48:18","modified_gmt":"2023-10-20T01:48:18","slug":"cmn-comemora-dia-do-medico-com-outorga-de-comenda-e-cidadania","status":"publish","type":"post","link":"https:\/\/blogdobispo.com.br\/?p=1961","title":{"rendered":"CMN comemora Dia do M\u00e9dico com outorga de comenda e cidadania"},"content":{"rendered":"\n<figure class=\"wp-block-image size-large\"><img data-recalc-dims=\"1\" fetchpriority=\"high\" decoding=\"async\" width=\"800\" height=\"510\" src=\"https:\/\/i0.wp.com\/blogdobispo.com.br\/wp-content\/uploads\/2023\/10\/img_3378-1-1024x653.png?resize=800%2C510&#038;ssl=1\" class=\"wp-image-1960\" srcset=\"https:\/\/i0.wp.com\/blogdobispo.com.br\/wp-content\/uploads\/2023\/10\/img_3378-1.png?resize=1024%2C653&amp;ssl=1 1024w, https:\/\/i0.wp.com\/blogdobispo.com.br\/wp-content\/uploads\/2023\/10\/img_3378-1.png?resize=300%2C191&amp;ssl=1 300w, https:\/\/i0.wp.com\/blogdobispo.com.br\/wp-content\/uploads\/2023\/10\/img_3378-1.png?resize=768%2C490&amp;ssl=1 768w, https:\/\/i0.wp.com\/blogdobispo.com.br\/wp-content\/uploads\/2023\/10\/img_3378-1.png?resize=1536%2C980&amp;ssl=1 1536w, https:\/\/i0.wp.com\/blogdobispo.com.br\/wp-content\/uploads\/2023\/10\/img_3378-1.png?w=1600&amp;ssl=1 1600w\" sizes=\"(max-width: 800px) 100vw, 800px\" \/><\/figure>\n\n\n\n<p>O Dia do M\u00e9dico foi comemorado na C\u00e2mara Municipal de Natal com a entrega da Comenda M\u00e9dico Sanitarista Ruy Pereira a 27 profissionais da sa\u00fade, entre os quais o prefeito \u00c1lvaro Dias e o ex-deputado estadual Get\u00falio R\u00eago, que na mesma sess\u00e3o solene tamb\u00e9m recebeu o T\u00edtulo de Cidad\u00e3o Natalense.<\/p>\n\n\n\n<p>Tanto a proposi\u00e7\u00e3o da solene de entrega da Comenda Ruy Pereira quanto o T\u00edtulo de Cidadania foram da vereadora Camila Ara\u00fajo. \u201cHomenagear esses homens e mulheres \u00e9 um ato de gratid\u00e3o e fico muito feliz por poder entregar tamb\u00e9m o T\u00edtulo de Cidad\u00e3o Natalense a Dr. Get\u00falio, que serviu \u00e0 popula\u00e7\u00e3o norte-riograndense na medicina a na vida p\u00fablica, e ficou conhecido por sempre prestar assist\u00eancia aos mais humildes. Estou certa que essa \u00e9 uma justa homenagem\u201d, afirmou a vereadora.<\/p>\n\n\n\n<p>O m\u00e9dico e ex-deputado estadual Get\u00falio Nunes do R\u00eago nasceu em Portalegre, Alto Oeste do RN, em 1944. Em 1983, depois de ser eleito para o primeiro dos dez mandatos consecutivos que exerceu na Assembleia Legislativa, fixou resid\u00eancia em Natal, onde \u00e0s v\u00e9speras de completar 80 anos, conta que viveu metade de sua vida at\u00e9 agora.&nbsp;<\/p>\n\n\n\n<p>\u201cSer m\u00e9dico \u00e9 cumprir o Juramento de Hip\u00f3crates e ter como meta servir a popula\u00e7\u00e3o, ser caridoso, honesto, absolutamente coerente com o sigilo exigido pela profiss\u00e3o e se dedicar \u00e0 sa\u00fade do povo como a um sacerd\u00f3cio. Ser natalense \u00e9 amar a natureza, inebriar-se com as paisagens bel\u00edssimas da nossa capital e de todo o Rio Grande do Norte, ficar feliz com a visita dos turistas brasileiros e estrangeiros, vibrar ao ver as imagens do Morro do Careca e da Arena das Dunas correrem o mundo e, principalmente, se orgulhar do carinho e da hospitalidade do povo de Natal\u201d, definiu Get\u00falio R\u00eago.&nbsp;<\/p>\n\n\n\n<p>Para o m\u00e9dico e prefeito de Natal, \u00c1lvaro Dias, que foi um dos agraciados com a Comenda Ruy Pereira, a homenagem reconhece a dedica\u00e7\u00e3o do profissional m\u00e9dico que muitas vezes se arrisca e perde o sono para salvar vidas. \u201cAprendi a abra\u00e7ar, desde cedo, minha profiss\u00e3o, e por causa da medicina, compartilhamos o sofrimento dos nossos irm\u00e3os\u201d, comentou.<\/p>\n\n\n\n<p>A Comenda M\u00e9dico Sanitarista Ruy Pereira foi criada em 2015, pelo ex-vereador, ex-presidente da CMN e m\u00e9dico psiquiatra Franklin Capistrano.<\/p>\n\n\n\n<p>A sess\u00e3o solene desta quarta-feira (18) foi prestigiada ainda pelo ex-governador e ex-senador Jos\u00e9 Agripino Maia; o presidente do TRE\/RN, desembargador Glauber R\u00eago, sobrinho do homenageado; os deputados-estaduais Gustavo Carvalho e Tomba Farias; e o ex-prefeito Leonardo R\u00eago, filho do homenageado. O Conselho Regional de Medicina foi representado pelo vice-presidente Dr. Elio Jos\u00e9 Silveira da Silva.<\/p>\n","protected":false},"excerpt":{"rendered":"<p>O Dia do M\u00e9dico foi comemorado na C\u00e2mara Municipal de Natal com a entrega da Comenda M\u00e9dico Sanitarista Ruy Pereira a 27 profissionais da sa\u00fade, entre os quais o prefeito \u00c1lvaro Dias e o ex-deputado estadual Get\u00falio R\u00eago, que na mesma sess\u00e3o solene tamb\u00e9m recebeu o T\u00edtulo de Cidad\u00e3o Natalense. Tanto a proposi\u00e7\u00e3o da solene [&hellip;]<\/p>\n","protected":false},"author":1,"featured_media":0,"comment_status":"open","ping_status":"open","sticky":false,"template":"","format":"standard","meta":{"cybocfi_hide_featured_image":"","_jetpack_memberships_contains_paid_content":false,"footnotes":""},"categories":[1],"tags":[],"class_list":["post-1961","post","type-post","status-publish","format-standard","hentry","category-diversos"],"yoast_head":"<!-- This site is optimized with the Yoast SEO plugin v25.6 - https:\/\/yoast.com\/wordpress\/plugins\/seo\/ -->\n<title>CMN comemora Dia do M\u00e9dico com outorga de comenda e cidadania - Blog do Bispo<\/title>\n<meta name=\"robots\" content=\"index, follow, max-snippet:-1, max-image-preview:large, max-video-preview:-1\" \/>\n<link rel=\"canonical\" href=\"https:\/\/blogdobispo.com.br\/?p=1961\" \/>\n<meta property=\"og:locale\" content=\"pt_BR\" \/>\n<meta property=\"og:type\" content=\"article\" \/>\n<meta property=\"og:title\" content=\"CMN comemora Dia do M\u00e9dico com outorga de comenda e cidadania - Blog do Bispo\" \/>\n<meta property=\"og:description\" content=\"O Dia do M\u00e9dico foi comemorado na C\u00e2mara Municipal de Natal com a entrega da Comenda M\u00e9dico Sanitarista Ruy Pereira a 27 profissionais da sa\u00fade, entre os quais o prefeito \u00c1lvaro Dias e o ex-deputado estadual Get\u00falio R\u00eago, que na mesma sess\u00e3o solene tamb\u00e9m recebeu o T\u00edtulo de Cidad\u00e3o Natalense. Tanto a proposi\u00e7\u00e3o da solene [&hellip;]\" \/>\n<meta property=\"og:url\" content=\"https:\/\/blogdobispo.com.br\/?p=1961\" \/>\n<meta property=\"og:site_name\" content=\"Blog do Bispo\" \/>\n<meta property=\"article:published_time\" content=\"2023-10-20T01:48:18+00:00\" \/>\n<meta property=\"og:image\" content=\"https:\/\/blogdobispo.com.br\/wp-content\/uploads\/2023\/10\/img_3378-1-1024x653.png\" \/>\n<meta name=\"author\" content=\"Jefferson Sterfeno\" \/>\n<meta name=\"twitter:card\" content=\"summary_large_image\" \/>\n<meta name=\"twitter:label1\" content=\"Escrito por\" \/>\n\t<meta name=\"twitter:data1\" content=\"Jefferson Sterfeno\" \/>\n\t<meta name=\"twitter:label2\" content=\"Est. tempo de leitura\" \/>\n\t<meta name=\"twitter:data2\" content=\"2 minutos\" \/>\n<script type=\"application\/ld+json\" class=\"yoast-schema-graph\">{\"@context\":\"https:\/\/schema.org\",\"@graph\":[{\"@type\":\"Article\",\"@id\":\"https:\/\/blogdobispo.com.br\/?p=1961#article\",\"isPartOf\":{\"@id\":\"https:\/\/blogdobispo.com.br\/?p=1961\"},\"author\":{\"name\":\"Jefferson Sterfeno\",\"@id\":\"https:\/\/blogdobispo.com.br\/#\/schema\/person\/e2209cc0e6cea5c5233d033e997b373f\"},\"headline\":\"CMN comemora Dia do M\u00e9dico com outorga de comenda e cidadania\",\"datePublished\":\"2023-10-20T01:48:18+00:00\",\"mainEntityOfPage\":{\"@id\":\"https:\/\/blogdobispo.com.br\/?p=1961\"},\"wordCount\":470,\"commentCount\":0,\"publisher\":{\"@id\":\"https:\/\/blogdobispo.com.br\/#organization\"},\"image\":{\"@id\":\"https:\/\/blogdobispo.com.br\/?p=1961#primaryimage\"},\"thumbnailUrl\":\"https:\/\/blogdobispo.com.br\/wp-content\/uploads\/2023\/10\/img_3378-1-1024x653.png\",\"articleSection\":[\"diversos\"],\"inLanguage\":\"pt-BR\",\"potentialAction\":[{\"@type\":\"CommentAction\",\"name\":\"Comment\",\"target\":[\"https:\/\/blogdobispo.com.br\/?p=1961#respond\"]}]},{\"@type\":\"WebPage\",\"@id\":\"https:\/\/blogdobispo.com.br\/?p=1961\",\"url\":\"https:\/\/blogdobispo.com.br\/?p=1961\",\"name\":\"CMN comemora Dia do M\u00e9dico com outorga de comenda e cidadania - Blog do Bispo\",\"isPartOf\":{\"@id\":\"https:\/\/blogdobispo.com.br\/#website\"},\"primaryImageOfPage\":{\"@id\":\"https:\/\/blogdobispo.com.br\/?p=1961#primaryimage\"},\"image\":{\"@id\":\"https:\/\/blogdobispo.com.br\/?p=1961#primaryimage\"},\"thumbnailUrl\":\"https:\/\/blogdobispo.com.br\/wp-content\/uploads\/2023\/10\/img_3378-1-1024x653.png\",\"datePublished\":\"2023-10-20T01:48:18+00:00\",\"breadcrumb\":{\"@id\":\"https:\/\/blogdobispo.com.br\/?p=1961#breadcrumb\"},\"inLanguage\":\"pt-BR\",\"potentialAction\":[{\"@type\":\"ReadAction\",\"target\":[\"https:\/\/blogdobispo.com.br\/?p=1961\"]}]},{\"@type\":\"ImageObject\",\"inLanguage\":\"pt-BR\",\"@id\":\"https:\/\/blogdobispo.com.br\/?p=1961#primaryimage\",\"url\":\"https:\/\/blogdobispo.com.br\/wp-content\/uploads\/2023\/10\/img_3378-1-1024x653.png\",\"contentUrl\":\"https:\/\/blogdobispo.com.br\/wp-content\/uploads\/2023\/10\/img_3378-1-1024x653.png\"},{\"@type\":\"BreadcrumbList\",\"@id\":\"https:\/\/blogdobispo.com.br\/?p=1961#breadcrumb\",\"itemListElement\":[{\"@type\":\"ListItem\",\"position\":1,\"name\":\"In\u00edcio\",\"item\":\"https:\/\/blogdobispo.com.br\/\"},{\"@type\":\"ListItem\",\"position\":2,\"name\":\"CMN comemora Dia do M\u00e9dico com outorga de comenda e cidadania\"}]},{\"@type\":\"WebSite\",\"@id\":\"https:\/\/blogdobispo.com.br\/#website\",\"url\":\"https:\/\/blogdobispo.com.br\/\",\"name\":\"Blog do Bispo\",\"description\":\"Comprometido apenas com o leitor\",\"publisher\":{\"@id\":\"https:\/\/blogdobispo.com.br\/#organization\"},\"potentialAction\":[{\"@type\":\"SearchAction\",\"target\":{\"@type\":\"EntryPoint\",\"urlTemplate\":\"https:\/\/blogdobispo.com.br\/?s={search_term_string}\"},\"query-input\":{\"@type\":\"PropertyValueSpecification\",\"valueRequired\":true,\"valueName\":\"search_term_string\"}}],\"inLanguage\":\"pt-BR\"},{\"@type\":\"Organization\",\"@id\":\"https:\/\/blogdobispo.com.br\/#organization\",\"name\":\"Blog do Bispo\",\"url\":\"https:\/\/blogdobispo.com.br\/\",\"logo\":{\"@type\":\"ImageObject\",\"inLanguage\":\"pt-BR\",\"@id\":\"https:\/\/blogdobispo.com.br\/#\/schema\/logo\/image\/\",\"url\":\"http:\/\/blogdobispo.com.br\/wp-content\/uploads\/2023\/05\/cropped-headear.png\",\"contentUrl\":\"http:\/\/blogdobispo.com.br\/wp-content\/uploads\/2023\/05\/cropped-headear.png\",\"width\":1500,\"height\":399,\"caption\":\"Blog do Bispo\"},\"image\":{\"@id\":\"https:\/\/blogdobispo.com.br\/#\/schema\/logo\/image\/\"}},{\"@type\":\"Person\",\"@id\":\"https:\/\/blogdobispo.com.br\/#\/schema\/person\/e2209cc0e6cea5c5233d033e997b373f\",\"name\":\"Jefferson Sterfeno\",\"image\":{\"@type\":\"ImageObject\",\"inLanguage\":\"pt-BR\",\"@id\":\"https:\/\/blogdobispo.com.br\/#\/schema\/person\/image\/\",\"url\":\"https:\/\/secure.gravatar.com\/avatar\/0534e84764641168a677026b6d57a3f51dc7ac4db0b4f6186d9cb330d4ee1160?s=96&d=mm&r=g\",\"contentUrl\":\"https:\/\/secure.gravatar.com\/avatar\/0534e84764641168a677026b6d57a3f51dc7ac4db0b4f6186d9cb330d4ee1160?s=96&d=mm&r=g\",\"caption\":\"Jefferson Sterfeno\"},\"sameAs\":[\"http:\/\/blogdobispo.com.br\"],\"url\":\"https:\/\/blogdobispo.com.br\/?author=1\"}]}<\/script>\n<!-- \/ Yoast SEO plugin. -->","yoast_head_json":{"title":"CMN comemora Dia do M\u00e9dico com outorga de comenda e cidadania - Blog do Bispo","robots":{"index":"index","follow":"follow","max-snippet":"max-snippet:-1","max-image-preview":"max-image-preview:large","max-video-preview":"max-video-preview:-1"},"canonical":"https:\/\/blogdobispo.com.br\/?p=1961","og_locale":"pt_BR","og_type":"article","og_title":"CMN comemora Dia do M\u00e9dico com outorga de comenda e cidadania - Blog do Bispo","og_description":"O Dia do M\u00e9dico foi comemorado na C\u00e2mara Municipal de Natal com a entrega da Comenda M\u00e9dico Sanitarista Ruy Pereira a 27 profissionais da sa\u00fade, entre os quais o prefeito \u00c1lvaro Dias e o ex-deputado estadual Get\u00falio R\u00eago, que na mesma sess\u00e3o solene tamb\u00e9m recebeu o T\u00edtulo de Cidad\u00e3o Natalense. Tanto a proposi\u00e7\u00e3o da solene [&hellip;]","og_url":"https:\/\/blogdobispo.com.br\/?p=1961","og_site_name":"Blog do Bispo","article_published_time":"2023-10-20T01:48:18+00:00","og_image":[{"url":"https:\/\/blogdobispo.com.br\/wp-content\/uploads\/2023\/10\/img_3378-1-1024x653.png","type":"","width":"","height":""}],"author":"Jefferson Sterfeno","twitter_card":"summary_large_image","twitter_misc":{"Escrito por":"Jefferson Sterfeno","Est. tempo de leitura":"2 minutos"},"schema":{"@context":"https:\/\/schema.org","@graph":[{"@type":"Article","@id":"https:\/\/blogdobispo.com.br\/?p=1961#article","isPartOf":{"@id":"https:\/\/blogdobispo.com.br\/?p=1961"},"author":{"name":"Jefferson Sterfeno","@id":"https:\/\/blogdobispo.com.br\/#\/schema\/person\/e2209cc0e6cea5c5233d033e997b373f"},"headline":"CMN comemora Dia do M\u00e9dico com outorga de comenda e cidadania","datePublished":"2023-10-20T01:48:18+00:00","mainEntityOfPage":{"@id":"https:\/\/blogdobispo.com.br\/?p=1961"},"wordCount":470,"commentCount":0,"publisher":{"@id":"https:\/\/blogdobispo.com.br\/#organization"},"image":{"@id":"https:\/\/blogdobispo.com.br\/?p=1961#primaryimage"},"thumbnailUrl":"https:\/\/blogdobispo.com.br\/wp-content\/uploads\/2023\/10\/img_3378-1-1024x653.png","articleSection":["diversos"],"inLanguage":"pt-BR","potentialAction":[{"@type":"CommentAction","name":"Comment","target":["https:\/\/blogdobispo.com.br\/?p=1961#respond"]}]},{"@type":"WebPage","@id":"https:\/\/blogdobispo.com.br\/?p=1961","url":"https:\/\/blogdobispo.com.br\/?p=1961","name":"CMN comemora Dia do M\u00e9dico com outorga de comenda e cidadania - Blog do Bispo","isPartOf":{"@id":"https:\/\/blogdobispo.com.br\/#website"},"primaryImageOfPage":{"@id":"https:\/\/blogdobispo.com.br\/?p=1961#primaryimage"},"image":{"@id":"https:\/\/blogdobispo.com.br\/?p=1961#primaryimage"},"thumbnailUrl":"https:\/\/blogdobispo.com.br\/wp-content\/uploads\/2023\/10\/img_3378-1-1024x653.png","datePublished":"2023-10-20T01:48:18+00:00","breadcrumb":{"@id":"https:\/\/blogdobispo.com.br\/?p=1961#breadcrumb"},"inLanguage":"pt-BR","potentialAction":[{"@type":"ReadAction","target":["https:\/\/blogdobispo.com.br\/?p=1961"]}]},{"@type":"ImageObject","inLanguage":"pt-BR","@id":"https:\/\/blogdobispo.com.br\/?p=1961#primaryimage","url":"https:\/\/blogdobispo.com.br\/wp-content\/uploads\/2023\/10\/img_3378-1-1024x653.png","contentUrl":"https:\/\/blogdobispo.com.br\/wp-content\/uploads\/2023\/10\/img_3378-1-1024x653.png"},{"@type":"BreadcrumbList","@id":"https:\/\/blogdobispo.com.br\/?p=1961#breadcrumb","itemListElement":[{"@type":"ListItem","position":1,"name":"In\u00edcio","item":"https:\/\/blogdobispo.com.br\/"},{"@type":"ListItem","position":2,"name":"CMN comemora Dia do M\u00e9dico com outorga de comenda e cidadania"}]},{"@type":"WebSite","@id":"https:\/\/blogdobispo.com.br\/#website","url":"https:\/\/blogdobispo.com.br\/","name":"Blog do Bispo","description":"Comprometido apenas com o leitor","publisher":{"@id":"https:\/\/blogdobispo.com.br\/#organization"},"potentialAction":[{"@type":"SearchAction","target":{"@type":"EntryPoint","urlTemplate":"https:\/\/blogdobispo.com.br\/?s={search_term_string}"},"query-input":{"@type":"PropertyValueSpecification","valueRequired":true,"valueName":"search_term_string"}}],"inLanguage":"pt-BR"},{"@type":"Organization","@id":"https:\/\/blogdobispo.com.br\/#organization","name":"Blog do Bispo","url":"https:\/\/blogdobispo.com.br\/","logo":{"@type":"ImageObject","inLanguage":"pt-BR","@id":"https:\/\/blogdobispo.com.br\/#\/schema\/logo\/image\/","url":"http:\/\/blogdobispo.com.br\/wp-content\/uploads\/2023\/05\/cropped-headear.png","contentUrl":"http:\/\/blogdobispo.com.br\/wp-content\/uploads\/2023\/05\/cropped-headear.png","width":1500,"height":399,"caption":"Blog do Bispo"},"image":{"@id":"https:\/\/blogdobispo.com.br\/#\/schema\/logo\/image\/"}},{"@type":"Person","@id":"https:\/\/blogdobispo.com.br\/#\/schema\/person\/e2209cc0e6cea5c5233d033e997b373f","name":"Jefferson Sterfeno","image":{"@type":"ImageObject","inLanguage":"pt-BR","@id":"https:\/\/blogdobispo.com.br\/#\/schema\/person\/image\/","url":"https:\/\/secure.gravatar.com\/avatar\/0534e84764641168a677026b6d57a3f51dc7ac4db0b4f6186d9cb330d4ee1160?s=96&d=mm&r=g","contentUrl":"https:\/\/secure.gravatar.com\/avatar\/0534e84764641168a677026b6d57a3f51dc7ac4db0b4f6186d9cb330d4ee1160?s=96&d=mm&r=g","caption":"Jefferson Sterfeno"},"sameAs":["http:\/\/blogdobispo.com.br"],"url":"https:\/\/blogdobispo.com.br\/?author=1"}]}},"featured_image_urls":{"full":"","thumbnail":"","medium":"","medium_large":"","large":"","1536x1536":"","2048x2048":""},"author_info":{"display_name":"Jefferson Sterfeno","author_link":"https:\/\/blogdobispo.com.br\/?author=1"},"category_info":"<a href=\"https:\/\/blogdobispo.com.br\/?cat=1\" rel=\"category\">diversos<\/a>","tag_info":"diversos","comment_count":"0","jetpack_featured_media_url":"","jetpack_sharing_enabled":true,"_links":{"self":[{"href":"https:\/\/blogdobispo.com.br\/index.php?rest_route=\/wp\/v2\/posts\/1961","targetHints":{"allow":["GET"]}}],"collection":[{"href":"https:\/\/blogdobispo.com.br\/index.php?rest_route=\/wp\/v2\/posts"}],"about":[{"href":"https:\/\/blogdobispo.com.br\/index.php?rest_route=\/wp\/v2\/types\/post"}],"author":[{"embeddable":true,"href":"https:\/\/blogdobispo.com.br\/index.php?rest_route=\/wp\/v2\/users\/1"}],"replies":[{"embeddable":true,"href":"https:\/\/blogdobispo.com.br\/index.php?rest_route=%2Fwp%2Fv2%2Fcomments&post=1961"}],"version-history":[{"count":0,"href":"https:\/\/blogdobispo.com.br\/index.php?rest_route=\/wp\/v2\/posts\/1961\/revisions"}],"wp:attachment":[{"href":"https:\/\/blogdobispo.com.br\/index.php?rest_route=%2Fwp%2Fv2%2Fmedia&parent=1961"}],"wp:term":[{"taxonomy":"category","embeddable":true,"href":"https:\/\/blogdobispo.com.br\/index.php?rest_route=%2Fwp%2Fv2%2Fcategories&post=1961"},{"taxonomy":"post_tag","embeddable":true,"href":"https:\/\/blogdobispo.com.br\/index.php?rest_route=%2Fwp%2Fv2%2Ftags&post=1961"}],"curies":[{"name":"wp","href":"https:\/\/api.w.org\/{rel}","templated":true}]}}